{"id":14743,"date":"2017-08-04T14:01:26","date_gmt":"2017-08-04T13:01:26","guid":{"rendered":"http:\/\/www.info-algerie.com\/actualites\/le-sma-prend-part-au-camp-international-des-scouts-pour-lamitie-en-turquie-et-au-forum-international-des-scouts-en-azerbaidjan\/"},"modified":"2017-08-04T14:01:26","modified_gmt":"2017-08-04T13:01:26","slug":"le-sma-prend-part-au-camp-international-des-scouts-pour-lamitie-en-turquie-et-au-forum-international-des-scouts-en-azerbaidjan","status":"publish","type":"post","link":"https:\/\/www.info-algerie.com\/actualites\/le-sma-prend-part-au-camp-international-des-scouts-pour-lamitie-en-turquie-et-au-forum-international-des-scouts-en-azerbaidjan\/","title":{"rendered":"Le SMA prend part au camp international des scouts pour l&#039;amiti\u00e9 en Turquie et au Forum international des scouts en Azerba\u00efdjan"},"content":{"rendered":"<div class=\"K2FeedIntroText\">\n<p>ALGER &#8211; Le mouvement des Scouts musulmans alg\u00e9riens (SMA) prendra part au camp international des scouts pour l&rsquo;amiti\u00e9 pr\u00e9vu du\u00a0 6 au 14 ao\u00fbt en Turquie et au 13\u00e8me Forum international des scouts pr\u00e9vu du 7 au 11 ao\u00fbt en Azerbaidjan, a indiqu\u00e9 jeudi un communiqu\u00e9 du SMA.<\/p>\n<p>&#013;\n<\/p><\/div>\n<div class=\"K2FeedFullText\">&#013;<\/p>\n<p>Selon la m\u00eame source, le camp international des scouts pour l&rsquo;amiti\u00e9 auquel participeront 38 scouts alg\u00e9riens pr\u00e9voit des jeux et des ateliers d&rsquo;entrainement, des rencontres outre une manifestation intitul\u00e9e \u00ab\u00a0la journ\u00e9e de mon pays\u00a0\u00bb o\u00f9 chaque \u00e9tat pr\u00e9sentera son patrimoine culturel (habits et cuisine traditionnels). Des expositions sont\u00a0 \u00e9galement pr\u00e9vues\u00a0 pour faire connaitre les mouvements scouts et leurs diff\u00e9rentes activit\u00e9s.<\/p>\n<p>&#013;<\/p>\n<p class=\"MsoNormal\">Le Forum international des scouts \u00ab\u00a0vise \u00e0 diffuser l&rsquo;esprit scout entre les jeunes scouts et \u00e0 connaitre leurs aspirations quant \u00e0 la vision triennale des scouts 2017-2020\u00a0\u00bb, a pr\u00e9cis\u00e9 la m\u00eame source.<\/p>\n<\/div>\n<p>&#013;<br \/>\nSource: <a href=\"http:\/\/www.aps.dz\/algerie\/61407-le-sma-prend-part-au-camp-international-des-scouts-pour-l-amitie-en-turquie-et-au-forum-international-des-scouts-en-azerbaidjan\" target=\"_blank\">Le SMA prend part au camp international des scouts pour l&rsquo;amiti\u00e9 en Turquie et au Forum international des scouts en Azerba\u00efdjan<\/a><\/p>\n<!--CusAds0-->\n<div style=\"font-size: 0px; height: 0px; line-height: 0px; margin: 0; padding: 0; clear: both;\"><\/div>","protected":false},"excerpt":{"rendered":"<p>ALGER &#8211; Le mouvement des Scouts musulmans alg\u00e9riens (SMA) prendra part au camp international des scouts pour l&rsquo;amiti\u00e9 pr\u00e9vu du\u00a0 6 au 14 ao\u00fbt en Turquie et au 13\u00e8me Forum international des scouts pr\u00e9vu du 7 au 11 ao\u00fbt en Azerbaidjan, a indiqu\u00e9 jeudi un communiqu\u00e9 du SMA. &#013; &#013; Selon la m\u00eame source, le<\/p>\n","protected":false},"author":6,"featured_media":0,"comment_status":"open","ping_status":"open","sticky":false,"template":"","format":"standard","meta":{"footnotes":""},"categories":[22],"tags":[93],"class_list":["post-14743","post","type-post","status-publish","format-standard","hentry","category-infos","tag-onu"],"yoast_head":"<!-- This site is optimized with the Yoast SEO plugin v27.5 - https:\/\/yoast.com\/product\/yoast-seo-wordpress\/ -->\n<title>Le SMA prend part au camp international des scouts pour l&#039;amiti\u00e9 en Turquie et au Forum international des scouts en Azerba\u00efdjan - info algerie<\/title>\n<meta name=\"robots\" content=\"index, follow, max-snippet:-1, max-image-preview:large, max-video-preview:-1\" \/>\n<link rel=\"canonical\" href=\"https:\/\/www.info-algerie.com\/actualites\/le-sma-prend-part-au-camp-international-des-scouts-pour-lamitie-en-turquie-et-au-forum-international-des-scouts-en-azerbaidjan\/\" \/>\n<meta property=\"og:locale\" content=\"fr_FR\" \/>\n<meta property=\"og:type\" content=\"article\" \/>\n<meta property=\"og:title\" content=\"Le SMA prend part au camp international des scouts pour l&#039;amiti\u00e9 en Turquie et au Forum international des scouts en Azerba\u00efdjan - info algerie\" \/>\n<meta property=\"og:description\" content=\"ALGER &#8211; Le mouvement des Scouts musulmans alg\u00e9riens (SMA) prendra part au camp international des scouts pour l&rsquo;amiti\u00e9 pr\u00e9vu du\u00a0 6 au 14 ao\u00fbt en Turquie et au 13\u00e8me Forum international des scouts pr\u00e9vu du 7 au 11 ao\u00fbt en Azerbaidjan, a indiqu\u00e9 jeudi un communiqu\u00e9 du SMA. &#013; &#013; Selon la m\u00eame source, le\" \/>\n<meta property=\"og:url\" content=\"https:\/\/www.info-algerie.com\/actualites\/le-sma-prend-part-au-camp-international-des-scouts-pour-lamitie-en-turquie-et-au-forum-international-des-scouts-en-azerbaidjan\/\" \/>\n<meta property=\"og:site_name\" content=\"info algerie\" \/>\n<meta property=\"article:publisher\" content=\"https:\/\/www.facebook.com\/infoalgerieactu\" \/>\n<meta property=\"article:published_time\" content=\"2017-08-04T13:01:26+00:00\" \/>\n<meta name=\"author\" content=\"La r\u00e9daction\" \/>\n<meta name=\"twitter:label1\" content=\"\u00c9crit par\" \/>\n\t<meta name=\"twitter:data1\" content=\"La r\u00e9daction\" \/>\n\t<meta name=\"twitter:label2\" content=\"Dur\u00e9e de lecture estim\u00e9e\" \/>\n\t<meta name=\"twitter:data2\" content=\"1 minute\" \/>\n<script type=\"application\/ld+json\" class=\"yoast-schema-graph\">{\"@context\":\"https:\\\/\\\/schema.org\",\"@graph\":[{\"@type\":\"Article\",\"@id\":\"https:\\\/\\\/www.info-algerie.com\\\/actualites\\\/le-sma-prend-part-au-camp-international-des-scouts-pour-lamitie-en-turquie-et-au-forum-international-des-scouts-en-azerbaidjan\\\/#article\",\"isPartOf\":{\"@id\":\"https:\\\/\\\/www.info-algerie.com\\\/actualites\\\/le-sma-prend-part-au-camp-international-des-scouts-pour-lamitie-en-turquie-et-au-forum-international-des-scouts-en-azerbaidjan\\\/\"},\"author\":{\"name\":\"La r\u00e9daction\",\"@id\":\"https:\\\/\\\/www.info-algerie.com\\\/actualites\\\/#\\\/schema\\\/person\\\/847aaec44920825b843a08f30ec6aa1e\"},\"headline\":\"Le SMA prend part au camp international des scouts pour l&#039;amiti\u00e9 en Turquie et au Forum international des scouts en Azerba\u00efdjan\",\"datePublished\":\"2017-08-04T13:01:26+00:00\",\"mainEntityOfPage\":{\"@id\":\"https:\\\/\\\/www.info-algerie.com\\\/actualites\\\/le-sma-prend-part-au-camp-international-des-scouts-pour-lamitie-en-turquie-et-au-forum-international-des-scouts-en-azerbaidjan\\\/\"},\"wordCount\":199,\"commentCount\":0,\"publisher\":{\"@id\":\"https:\\\/\\\/www.info-algerie.com\\\/actualites\\\/#organization\"},\"keywords\":[\"ONU\"],\"articleSection\":[\"infos\"],\"inLanguage\":\"fr-FR\",\"potentialAction\":[{\"@type\":\"CommentAction\",\"name\":\"Comment\",\"target\":[\"https:\\\/\\\/www.info-algerie.com\\\/actualites\\\/le-sma-prend-part-au-camp-international-des-scouts-pour-lamitie-en-turquie-et-au-forum-international-des-scouts-en-azerbaidjan\\\/#respond\"]}]},{\"@type\":\"WebPage\",\"@id\":\"https:\\\/\\\/www.info-algerie.com\\\/actualites\\\/le-sma-prend-part-au-camp-international-des-scouts-pour-lamitie-en-turquie-et-au-forum-international-des-scouts-en-azerbaidjan\\\/\",\"url\":\"https:\\\/\\\/www.info-algerie.com\\\/actualites\\\/le-sma-prend-part-au-camp-international-des-scouts-pour-lamitie-en-turquie-et-au-forum-international-des-scouts-en-azerbaidjan\\\/\",\"name\":\"Le SMA prend part au camp international des scouts pour l&#039;amiti\u00e9 en Turquie et au Forum international des scouts en Azerba\u00efdjan - info algerie\",\"isPartOf\":{\"@id\":\"https:\\\/\\\/www.info-algerie.com\\\/actualites\\\/#website\"},\"datePublished\":\"2017-08-04T13:01:26+00:00\",\"breadcrumb\":{\"@id\":\"https:\\\/\\\/www.info-algerie.com\\\/actualites\\\/le-sma-prend-part-au-camp-international-des-scouts-pour-lamitie-en-turquie-et-au-forum-international-des-scouts-en-azerbaidjan\\\/#breadcrumb\"},\"inLanguage\":\"fr-FR\",\"potentialAction\":[{\"@type\":\"ReadAction\",\"target\":[\"https:\\\/\\\/www.info-algerie.com\\\/actualites\\\/le-sma-prend-part-au-camp-international-des-scouts-pour-lamitie-en-turquie-et-au-forum-international-des-scouts-en-azerbaidjan\\\/\"]}]},{\"@type\":\"BreadcrumbList\",\"@id\":\"https:\\\/\\\/www.info-algerie.com\\\/actualites\\\/le-sma-prend-part-au-camp-international-des-scouts-pour-lamitie-en-turquie-et-au-forum-international-des-scouts-en-azerbaidjan\\\/#breadcrumb\",\"itemListElement\":[{\"@type\":\"ListItem\",\"position\":1,\"name\":\"Accueil\",\"item\":\"https:\\\/\\\/www.info-algerie.com\\\/actualites\\\/\"},{\"@type\":\"ListItem\",\"position\":2,\"name\":\"Le SMA prend part au camp international des scouts pour l&#039;amiti\u00e9 en Turquie et au Forum international des scouts en Azerba\u00efdjan\"}]},{\"@type\":\"WebSite\",\"@id\":\"https:\\\/\\\/www.info-algerie.com\\\/actualites\\\/#website\",\"url\":\"https:\\\/\\\/www.info-algerie.com\\\/actualites\\\/\",\"name\":\"info algerie\",\"description\":\"Toutes les actualit\u00e9s\",\"publisher\":{\"@id\":\"https:\\\/\\\/www.info-algerie.com\\\/actualites\\\/#organization\"},\"potentialAction\":[{\"@type\":\"SearchAction\",\"target\":{\"@type\":\"EntryPoint\",\"urlTemplate\":\"https:\\\/\\\/www.info-algerie.com\\\/actualites\\\/?s={search_term_string}\"},\"query-input\":{\"@type\":\"PropertyValueSpecification\",\"valueRequired\":true,\"valueName\":\"search_term_string\"}}],\"inLanguage\":\"fr-FR\"},{\"@type\":\"Organization\",\"@id\":\"https:\\\/\\\/www.info-algerie.com\\\/actualites\\\/#organization\",\"name\":\"info algerie\",\"url\":\"https:\\\/\\\/www.info-algerie.com\\\/actualites\\\/\",\"logo\":{\"@type\":\"ImageObject\",\"inLanguage\":\"fr-FR\",\"@id\":\"https:\\\/\\\/www.info-algerie.com\\\/actualites\\\/#\\\/schema\\\/logo\\\/image\\\/\",\"url\":\"https:\\\/\\\/www.info-algerie.com\\\/actualites\\\/wp-content\\\/uploads\\\/2022\\\/07\\\/logo-ia-120.png\",\"contentUrl\":\"https:\\\/\\\/www.info-algerie.com\\\/actualites\\\/wp-content\\\/uploads\\\/2022\\\/07\\\/logo-ia-120.png\",\"width\":120,\"height\":43,\"caption\":\"info algerie\"},\"image\":{\"@id\":\"https:\\\/\\\/www.info-algerie.com\\\/actualites\\\/#\\\/schema\\\/logo\\\/image\\\/\"},\"sameAs\":[\"https:\\\/\\\/www.facebook.com\\\/infoalgerieactu\",\"https:\\\/\\\/x.com\\\/infoalgerie1\"]},{\"@type\":\"Person\",\"@id\":\"https:\\\/\\\/www.info-algerie.com\\\/actualites\\\/#\\\/schema\\\/person\\\/847aaec44920825b843a08f30ec6aa1e\",\"name\":\"La r\u00e9daction\",\"image\":{\"@type\":\"ImageObject\",\"inLanguage\":\"fr-FR\",\"@id\":\"https:\\\/\\\/secure.gravatar.com\\\/avatar\\\/769db425c6f465158149f1ffd6cf61ce7a8a879d11dfbef8288af36dfddd418c?s=96&d=mm&r=g\",\"url\":\"https:\\\/\\\/secure.gravatar.com\\\/avatar\\\/769db425c6f465158149f1ffd6cf61ce7a8a879d11dfbef8288af36dfddd418c?s=96&d=mm&r=g\",\"contentUrl\":\"https:\\\/\\\/secure.gravatar.com\\\/avatar\\\/769db425c6f465158149f1ffd6cf61ce7a8a879d11dfbef8288af36dfddd418c?s=96&d=mm&r=g\",\"caption\":\"La r\u00e9daction\"},\"sameAs\":[\"http:\\\/\\\/www.lkeria.com\\\/\"],\"url\":\"https:\\\/\\\/www.info-algerie.com\\\/actualites\\\/author\\\/chakib32\\\/\"}]}<\/script>\n<!-- \/ Yoast SEO plugin. -->","yoast_head_json":{"title":"Le SMA prend part au camp international des scouts pour l&#039;amiti\u00e9 en Turquie et au Forum international des scouts en Azerba\u00efdjan - info algerie","robots":{"index":"index","follow":"follow","max-snippet":"max-snippet:-1","max-image-preview":"max-image-preview:large","max-video-preview":"max-video-preview:-1"},"canonical":"https:\/\/www.info-algerie.com\/actualites\/le-sma-prend-part-au-camp-international-des-scouts-pour-lamitie-en-turquie-et-au-forum-international-des-scouts-en-azerbaidjan\/","og_locale":"fr_FR","og_type":"article","og_title":"Le SMA prend part au camp international des scouts pour l&#039;amiti\u00e9 en Turquie et au Forum international des scouts en Azerba\u00efdjan - info algerie","og_description":"ALGER &#8211; Le mouvement des Scouts musulmans alg\u00e9riens (SMA) prendra part au camp international des scouts pour l&rsquo;amiti\u00e9 pr\u00e9vu du\u00a0 6 au 14 ao\u00fbt en Turquie et au 13\u00e8me Forum international des scouts pr\u00e9vu du 7 au 11 ao\u00fbt en Azerbaidjan, a indiqu\u00e9 jeudi un communiqu\u00e9 du SMA. &#013; &#013; Selon la m\u00eame source, le","og_url":"https:\/\/www.info-algerie.com\/actualites\/le-sma-prend-part-au-camp-international-des-scouts-pour-lamitie-en-turquie-et-au-forum-international-des-scouts-en-azerbaidjan\/","og_site_name":"info algerie","article_publisher":"https:\/\/www.facebook.com\/infoalgerieactu","article_published_time":"2017-08-04T13:01:26+00:00","author":"La r\u00e9daction","twitter_misc":{"\u00c9crit par":"La r\u00e9daction","Dur\u00e9e de lecture estim\u00e9e":"1 minute"},"schema":{"@context":"https:\/\/schema.org","@graph":[{"@type":"Article","@id":"https:\/\/www.info-algerie.com\/actualites\/le-sma-prend-part-au-camp-international-des-scouts-pour-lamitie-en-turquie-et-au-forum-international-des-scouts-en-azerbaidjan\/#article","isPartOf":{"@id":"https:\/\/www.info-algerie.com\/actualites\/le-sma-prend-part-au-camp-international-des-scouts-pour-lamitie-en-turquie-et-au-forum-international-des-scouts-en-azerbaidjan\/"},"author":{"name":"La r\u00e9daction","@id":"https:\/\/www.info-algerie.com\/actualites\/#\/schema\/person\/847aaec44920825b843a08f30ec6aa1e"},"headline":"Le SMA prend part au camp international des scouts pour l&#039;amiti\u00e9 en Turquie et au Forum international des scouts en Azerba\u00efdjan","datePublished":"2017-08-04T13:01:26+00:00","mainEntityOfPage":{"@id":"https:\/\/www.info-algerie.com\/actualites\/le-sma-prend-part-au-camp-international-des-scouts-pour-lamitie-en-turquie-et-au-forum-international-des-scouts-en-azerbaidjan\/"},"wordCount":199,"commentCount":0,"publisher":{"@id":"https:\/\/www.info-algerie.com\/actualites\/#organization"},"keywords":["ONU"],"articleSection":["infos"],"inLanguage":"fr-FR","potentialAction":[{"@type":"CommentAction","name":"Comment","target":["https:\/\/www.info-algerie.com\/actualites\/le-sma-prend-part-au-camp-international-des-scouts-pour-lamitie-en-turquie-et-au-forum-international-des-scouts-en-azerbaidjan\/#respond"]}]},{"@type":"WebPage","@id":"https:\/\/www.info-algerie.com\/actualites\/le-sma-prend-part-au-camp-international-des-scouts-pour-lamitie-en-turquie-et-au-forum-international-des-scouts-en-azerbaidjan\/","url":"https:\/\/www.info-algerie.com\/actualites\/le-sma-prend-part-au-camp-international-des-scouts-pour-lamitie-en-turquie-et-au-forum-international-des-scouts-en-azerbaidjan\/","name":"Le SMA prend part au camp international des scouts pour l&#039;amiti\u00e9 en Turquie et au Forum international des scouts en Azerba\u00efdjan - info algerie","isPartOf":{"@id":"https:\/\/www.info-algerie.com\/actualites\/#website"},"datePublished":"2017-08-04T13:01:26+00:00","breadcrumb":{"@id":"https:\/\/www.info-algerie.com\/actualites\/le-sma-prend-part-au-camp-international-des-scouts-pour-lamitie-en-turquie-et-au-forum-international-des-scouts-en-azerbaidjan\/#breadcrumb"},"inLanguage":"fr-FR","potentialAction":[{"@type":"ReadAction","target":["https:\/\/www.info-algerie.com\/actualites\/le-sma-prend-part-au-camp-international-des-scouts-pour-lamitie-en-turquie-et-au-forum-international-des-scouts-en-azerbaidjan\/"]}]},{"@type":"BreadcrumbList","@id":"https:\/\/www.info-algerie.com\/actualites\/le-sma-prend-part-au-camp-international-des-scouts-pour-lamitie-en-turquie-et-au-forum-international-des-scouts-en-azerbaidjan\/#breadcrumb","itemListElement":[{"@type":"ListItem","position":1,"name":"Accueil","item":"https:\/\/www.info-algerie.com\/actualites\/"},{"@type":"ListItem","position":2,"name":"Le SMA prend part au camp international des scouts pour l&#039;amiti\u00e9 en Turquie et au Forum international des scouts en Azerba\u00efdjan"}]},{"@type":"WebSite","@id":"https:\/\/www.info-algerie.com\/actualites\/#website","url":"https:\/\/www.info-algerie.com\/actualites\/","name":"info algerie","description":"Toutes les actualit\u00e9s","publisher":{"@id":"https:\/\/www.info-algerie.com\/actualites\/#organization"},"potentialAction":[{"@type":"SearchAction","target":{"@type":"EntryPoint","urlTemplate":"https:\/\/www.info-algerie.com\/actualites\/?s={search_term_string}"},"query-input":{"@type":"PropertyValueSpecification","valueRequired":true,"valueName":"search_term_string"}}],"inLanguage":"fr-FR"},{"@type":"Organization","@id":"https:\/\/www.info-algerie.com\/actualites\/#organization","name":"info algerie","url":"https:\/\/www.info-algerie.com\/actualites\/","logo":{"@type":"ImageObject","inLanguage":"fr-FR","@id":"https:\/\/www.info-algerie.com\/actualites\/#\/schema\/logo\/image\/","url":"https:\/\/www.info-algerie.com\/actualites\/wp-content\/uploads\/2022\/07\/logo-ia-120.png","contentUrl":"https:\/\/www.info-algerie.com\/actualites\/wp-content\/uploads\/2022\/07\/logo-ia-120.png","width":120,"height":43,"caption":"info algerie"},"image":{"@id":"https:\/\/www.info-algerie.com\/actualites\/#\/schema\/logo\/image\/"},"sameAs":["https:\/\/www.facebook.com\/infoalgerieactu","https:\/\/x.com\/infoalgerie1"]},{"@type":"Person","@id":"https:\/\/www.info-algerie.com\/actualites\/#\/schema\/person\/847aaec44920825b843a08f30ec6aa1e","name":"La r\u00e9daction","image":{"@type":"ImageObject","inLanguage":"fr-FR","@id":"https:\/\/secure.gravatar.com\/avatar\/769db425c6f465158149f1ffd6cf61ce7a8a879d11dfbef8288af36dfddd418c?s=96&d=mm&r=g","url":"https:\/\/secure.gravatar.com\/avatar\/769db425c6f465158149f1ffd6cf61ce7a8a879d11dfbef8288af36dfddd418c?s=96&d=mm&r=g","contentUrl":"https:\/\/secure.gravatar.com\/avatar\/769db425c6f465158149f1ffd6cf61ce7a8a879d11dfbef8288af36dfddd418c?s=96&d=mm&r=g","caption":"La r\u00e9daction"},"sameAs":["http:\/\/www.lkeria.com\/"],"url":"https:\/\/www.info-algerie.com\/actualites\/author\/chakib32\/"}]}},"_links":{"self":[{"href":"https:\/\/www.info-algerie.com\/actualites\/wp-json\/wp\/v2\/posts\/14743","targetHints":{"allow":["GET"]}}],"collection":[{"href":"https:\/\/www.info-algerie.com\/actualites\/wp-json\/wp\/v2\/posts"}],"about":[{"href":"https:\/\/www.info-algerie.com\/actualites\/wp-json\/wp\/v2\/types\/post"}],"author":[{"embeddable":true,"href":"https:\/\/www.info-algerie.com\/actualites\/wp-json\/wp\/v2\/users\/6"}],"replies":[{"embeddable":true,"href":"https:\/\/www.info-algerie.com\/actualites\/wp-json\/wp\/v2\/comments?post=14743"}],"version-history":[{"count":0,"href":"https:\/\/www.info-algerie.com\/actualites\/wp-json\/wp\/v2\/posts\/14743\/revisions"}],"wp:attachment":[{"href":"https:\/\/www.info-algerie.com\/actualites\/wp-json\/wp\/v2\/media?parent=14743"}],"wp:term":[{"taxonomy":"category","embeddable":true,"href":"https:\/\/www.info-algerie.com\/actualites\/wp-json\/wp\/v2\/categories?post=14743"},{"taxonomy":"post_tag","embeddable":true,"href":"https:\/\/www.info-algerie.com\/actualites\/wp-json\/wp\/v2\/tags?post=14743"}],"curies":[{"name":"wp","href":"https:\/\/api.w.org\/{rel}","templated":true}]}}