{"id":14745,"date":"2017-08-04T13:37:48","date_gmt":"2017-08-04T12:37:48","guid":{"rendered":"http:\/\/www.info-algerie.com\/actualites\/feux-de-foret-pas-dindemnisation-avant-de-proceder-a-des-investigations\/"},"modified":"2017-08-04T13:37:48","modified_gmt":"2017-08-04T12:37:48","slug":"feux-de-foret-pas-dindemnisation-avant-de-proceder-a-des-investigations","status":"publish","type":"post","link":"https:\/\/www.info-algerie.com\/actualites\/feux-de-foret-pas-dindemnisation-avant-de-proceder-a-des-investigations\/","title":{"rendered":"Feux de for\u00eat: &quot;pas d&#039;indemnisation avant de proc\u00e9der \u00e0 des investigations&quot;"},"content":{"rendered":"<div class=\"K2FeedImage\"><img decoding=\"async\" src=\"https:\/\/www.info-algerie.com\/actualites\/wp-content\/uploads\/2017\/08\/5f9f70f393495fe5dbe8f3d3c4a966e7_S.jpg\" \/><\/div>\n<div class=\"K2FeedIntroText\">\n<p>EL TARF &#8211; Le ministre de l&rsquo;int\u00e9rieur, des collectivit\u00e9s locales et de l&rsquo;am\u00e9nagement du territoire, Noureddine Bedoui a affirm\u00e9 jeudi \u00e0 El-Tarf qu&rsquo;il n&rsquo;y aura pas d&rsquo;indemnisation concernant les pertes occasionn\u00e9es par les r\u00e9cents feux de for\u00eat avant de proc\u00e9der \u00e0 des investigations, afin que \u00ab\u00a0les indemnit\u00e9s soient vers\u00e9es aux v\u00e9ritables victimes\u00a0\u00bb.<\/p>\n<p>&#013;\n<\/p><\/div>\n<div class=\"K2FeedFullText\">&#013;<\/p>\n<p>Lors d&rsquo;une s\u00e9ance de travail avec les cadres et les directeurs des diff\u00e9rents services, consacr\u00e9e au dossier relatif aux feux de for\u00eat, M. Bedoui a indiqu\u00e9 qu\u2019\u00a0\u00bbil n&rsquo;y aura pas d&rsquo;indemnisation avant de proc\u00e9der \u00e0 des investigations afin que les indemnit\u00e9s soient vers\u00e9es aux v\u00e9ritables victimes et ce conform\u00e9ment aux instructions du pr\u00e9sident de la\u00a0 R\u00e9publique\u00a0\u00bb.<\/p>\n<p>&#013;<\/p>\n<p>Le ministre a affirm\u00e9 \u00ab\u00a0que les responsables de ces incendies seront traduits en justice\u00a0\u00bb, pr\u00e9cisant que certains ont tent\u00e9 d&rsquo;endommager les ressources foresti\u00e8res \u00e0 des fins personnelles\u00a0\u00bb.<\/p>\n<p>&#013;<\/p>\n<p>Apr\u00e8s avoir rappel\u00e9 que la wilaya de Bejaia a \u00e9t\u00e9 \u00ab\u00a0la plus touch\u00e9e\u00a0\u00bb, M. Bedoui a soulign\u00e9 que l&rsquo;Etat, en application des instructions du pr\u00e9sident de la R\u00e9publique, a mis en place tous les moyens n\u00e9cessaires pour maitriser ces incendies.<\/p>\n<p>&#013;<\/p>\n<p>Le ministre a appel\u00e9 \u00e0 une meilleure coordination entre la Protection civile alg\u00e9rienne et son homologue tunisienne pour faire face aux incendies au niveau des r\u00e9gions frontali\u00e8res.<\/p>\n<p>&#013;<\/p>\n<p class=\"MsoNormal\">M. Bedoui qui inspectait une op\u00e9ration d&rsquo;extinction des incendies dans les communes de Souarekh, Oum Tboul et El Aioun, a rassur\u00e9 les citoyens du soutien de l&rsquo;Etat tout en les incitant \u00e0 pr\u00eater main forte aux \u00e9l\u00e9ments de l&rsquo;Arm\u00e9e nationale populaire (ANP), de la protection civile et de la Direction des for\u00eats avant de saluer les efforts d\u00e9ploy\u00e9s par ces derniers face \u00e0 cette situation.<\/p>\n<\/div>\n<p>&#013;<br \/>\nSource: <a href=\"http:\/\/www.aps.dz\/algerie\/61404-feux-de-foret-pas-d-indemnisation-avant-de-proceder-a-des-investigations\" target=\"_blank\">Feux de for\u00eat: \u00ab\u00a0pas d&rsquo;indemnisation avant de proc\u00e9der \u00e0 des investigations\u00a0\u00bb<\/a><\/p>\n<!--CusAds0-->\n<div style=\"font-size: 0px; height: 0px; line-height: 0px; margin: 0; padding: 0; clear: both;\"><\/div>","protected":false},"excerpt":{"rendered":"<p>EL TARF &#8211; Le ministre de l&rsquo;int\u00e9rieur, des collectivit\u00e9s locales et de l&rsquo;am\u00e9nagement du territoire, Noureddine Bedoui a affirm\u00e9 jeudi \u00e0 El-Tarf qu&rsquo;il n&rsquo;y aura pas d&rsquo;indemnisation concernant les pertes occasionn\u00e9es par les r\u00e9cents feux de for\u00eat avant de proc\u00e9der \u00e0 des investigations, afin que \u00ab\u00a0les indemnit\u00e9s soient vers\u00e9es aux v\u00e9ritables victimes\u00a0\u00bb. &#013; &#013; Lors<\/p>\n","protected":false},"author":6,"featured_media":14746,"comment_status":"open","ping_status":"open","sticky":false,"template":"","format":"standard","meta":{"footnotes":""},"categories":[22],"tags":[93],"class_list":["post-14745","post","type-post","status-publish","format-standard","has-post-thumbnail","hentry","category-infos","tag-onu"],"yoast_head":"<!-- This site is optimized with the Yoast SEO plugin v27.5 - https:\/\/yoast.com\/product\/yoast-seo-wordpress\/ -->\n<title>Feux de for\u00eat: &quot;pas d&#039;indemnisation avant de proc\u00e9der \u00e0 des investigations&quot; - info algerie<\/title>\n<meta name=\"robots\" content=\"index, follow, max-snippet:-1, max-image-preview:large, max-video-preview:-1\" \/>\n<link rel=\"canonical\" href=\"https:\/\/www.info-algerie.com\/actualites\/feux-de-foret-pas-dindemnisation-avant-de-proceder-a-des-investigations\/\" \/>\n<meta property=\"og:locale\" content=\"fr_FR\" \/>\n<meta property=\"og:type\" content=\"article\" \/>\n<meta property=\"og:title\" content=\"Feux de for\u00eat: &quot;pas d&#039;indemnisation avant de proc\u00e9der \u00e0 des investigations&quot; - info algerie\" \/>\n<meta property=\"og:description\" content=\"EL TARF &#8211; Le ministre de l&rsquo;int\u00e9rieur, des collectivit\u00e9s locales et de l&rsquo;am\u00e9nagement du territoire, Noureddine Bedoui a affirm\u00e9 jeudi \u00e0 El-Tarf qu&rsquo;il n&rsquo;y aura pas d&rsquo;indemnisation concernant les pertes occasionn\u00e9es par les r\u00e9cents feux de for\u00eat avant de proc\u00e9der \u00e0 des investigations, afin que \u00ab\u00a0les indemnit\u00e9s soient vers\u00e9es aux v\u00e9ritables victimes\u00a0\u00bb. &#013; &#013; Lors\" \/>\n<meta property=\"og:url\" content=\"https:\/\/www.info-algerie.com\/actualites\/feux-de-foret-pas-dindemnisation-avant-de-proceder-a-des-investigations\/\" \/>\n<meta property=\"og:site_name\" content=\"info algerie\" \/>\n<meta property=\"article:publisher\" content=\"https:\/\/www.facebook.com\/infoalgerieactu\" \/>\n<meta property=\"article:published_time\" content=\"2017-08-04T12:37:48+00:00\" \/>\n<meta property=\"og:image\" content=\"https:\/\/www.info-algerie.com\/actualites\/wp-content\/uploads\/2017\/08\/5f9f70f393495fe5dbe8f3d3c4a966e7_S-1.jpg\" \/>\n\t<meta property=\"og:image:width\" content=\"280\" \/>\n\t<meta property=\"og:image:height\" content=\"169\" \/>\n\t<meta property=\"og:image:type\" content=\"image\/jpeg\" \/>\n<meta name=\"author\" content=\"La r\u00e9daction\" \/>\n<meta name=\"twitter:label1\" content=\"\u00c9crit par\" \/>\n\t<meta name=\"twitter:data1\" content=\"La r\u00e9daction\" \/>\n\t<meta name=\"twitter:label2\" content=\"Dur\u00e9e de lecture estim\u00e9e\" \/>\n\t<meta name=\"twitter:data2\" content=\"2 minutes\" \/>\n<script type=\"application\/ld+json\" class=\"yoast-schema-graph\">{\"@context\":\"https:\\\/\\\/schema.org\",\"@graph\":[{\"@type\":\"Article\",\"@id\":\"https:\\\/\\\/www.info-algerie.com\\\/actualites\\\/feux-de-foret-pas-dindemnisation-avant-de-proceder-a-des-investigations\\\/#article\",\"isPartOf\":{\"@id\":\"https:\\\/\\\/www.info-algerie.com\\\/actualites\\\/feux-de-foret-pas-dindemnisation-avant-de-proceder-a-des-investigations\\\/\"},\"author\":{\"name\":\"La r\u00e9daction\",\"@id\":\"https:\\\/\\\/www.info-algerie.com\\\/actualites\\\/#\\\/schema\\\/person\\\/847aaec44920825b843a08f30ec6aa1e\"},\"headline\":\"Feux de for\u00eat: &quot;pas d&#039;indemnisation avant de proc\u00e9der \u00e0 des investigations&quot;\",\"datePublished\":\"2017-08-04T12:37:48+00:00\",\"mainEntityOfPage\":{\"@id\":\"https:\\\/\\\/www.info-algerie.com\\\/actualites\\\/feux-de-foret-pas-dindemnisation-avant-de-proceder-a-des-investigations\\\/\"},\"wordCount\":341,\"commentCount\":0,\"publisher\":{\"@id\":\"https:\\\/\\\/www.info-algerie.com\\\/actualites\\\/#organization\"},\"image\":{\"@id\":\"https:\\\/\\\/www.info-algerie.com\\\/actualites\\\/feux-de-foret-pas-dindemnisation-avant-de-proceder-a-des-investigations\\\/#primaryimage\"},\"thumbnailUrl\":\"https:\\\/\\\/www.info-algerie.com\\\/actualites\\\/wp-content\\\/uploads\\\/2017\\\/08\\\/5f9f70f393495fe5dbe8f3d3c4a966e7_S-1.jpg\",\"keywords\":[\"ONU\"],\"articleSection\":[\"infos\"],\"inLanguage\":\"fr-FR\",\"potentialAction\":[{\"@type\":\"CommentAction\",\"name\":\"Comment\",\"target\":[\"https:\\\/\\\/www.info-algerie.com\\\/actualites\\\/feux-de-foret-pas-dindemnisation-avant-de-proceder-a-des-investigations\\\/#respond\"]}]},{\"@type\":\"WebPage\",\"@id\":\"https:\\\/\\\/www.info-algerie.com\\\/actualites\\\/feux-de-foret-pas-dindemnisation-avant-de-proceder-a-des-investigations\\\/\",\"url\":\"https:\\\/\\\/www.info-algerie.com\\\/actualites\\\/feux-de-foret-pas-dindemnisation-avant-de-proceder-a-des-investigations\\\/\",\"name\":\"Feux de for\u00eat: &quot;pas d&#039;indemnisation avant de proc\u00e9der \u00e0 des investigations&quot; - info algerie\",\"isPartOf\":{\"@id\":\"https:\\\/\\\/www.info-algerie.com\\\/actualites\\\/#website\"},\"primaryImageOfPage\":{\"@id\":\"https:\\\/\\\/www.info-algerie.com\\\/actualites\\\/feux-de-foret-pas-dindemnisation-avant-de-proceder-a-des-investigations\\\/#primaryimage\"},\"image\":{\"@id\":\"https:\\\/\\\/www.info-algerie.com\\\/actualites\\\/feux-de-foret-pas-dindemnisation-avant-de-proceder-a-des-investigations\\\/#primaryimage\"},\"thumbnailUrl\":\"https:\\\/\\\/www.info-algerie.com\\\/actualites\\\/wp-content\\\/uploads\\\/2017\\\/08\\\/5f9f70f393495fe5dbe8f3d3c4a966e7_S-1.jpg\",\"datePublished\":\"2017-08-04T12:37:48+00:00\",\"breadcrumb\":{\"@id\":\"https:\\\/\\\/www.info-algerie.com\\\/actualites\\\/feux-de-foret-pas-dindemnisation-avant-de-proceder-a-des-investigations\\\/#breadcrumb\"},\"inLanguage\":\"fr-FR\",\"potentialAction\":[{\"@type\":\"ReadAction\",\"target\":[\"https:\\\/\\\/www.info-algerie.com\\\/actualites\\\/feux-de-foret-pas-dindemnisation-avant-de-proceder-a-des-investigations\\\/\"]}]},{\"@type\":\"ImageObject\",\"inLanguage\":\"fr-FR\",\"@id\":\"https:\\\/\\\/www.info-algerie.com\\\/actualites\\\/feux-de-foret-pas-dindemnisation-avant-de-proceder-a-des-investigations\\\/#primaryimage\",\"url\":\"https:\\\/\\\/www.info-algerie.com\\\/actualites\\\/wp-content\\\/uploads\\\/2017\\\/08\\\/5f9f70f393495fe5dbe8f3d3c4a966e7_S-1.jpg\",\"contentUrl\":\"https:\\\/\\\/www.info-algerie.com\\\/actualites\\\/wp-content\\\/uploads\\\/2017\\\/08\\\/5f9f70f393495fe5dbe8f3d3c4a966e7_S-1.jpg\",\"width\":280,\"height\":169},{\"@type\":\"BreadcrumbList\",\"@id\":\"https:\\\/\\\/www.info-algerie.com\\\/actualites\\\/feux-de-foret-pas-dindemnisation-avant-de-proceder-a-des-investigations\\\/#breadcrumb\",\"itemListElement\":[{\"@type\":\"ListItem\",\"position\":1,\"name\":\"Accueil\",\"item\":\"https:\\\/\\\/www.info-algerie.com\\\/actualites\\\/\"},{\"@type\":\"ListItem\",\"position\":2,\"name\":\"Feux de for\u00eat: &quot;pas d&#039;indemnisation avant de proc\u00e9der \u00e0 des investigations&quot;\"}]},{\"@type\":\"WebSite\",\"@id\":\"https:\\\/\\\/www.info-algerie.com\\\/actualites\\\/#website\",\"url\":\"https:\\\/\\\/www.info-algerie.com\\\/actualites\\\/\",\"name\":\"info algerie\",\"description\":\"Toutes les actualit\u00e9s\",\"publisher\":{\"@id\":\"https:\\\/\\\/www.info-algerie.com\\\/actualites\\\/#organization\"},\"potentialAction\":[{\"@type\":\"SearchAction\",\"target\":{\"@type\":\"EntryPoint\",\"urlTemplate\":\"https:\\\/\\\/www.info-algerie.com\\\/actualites\\\/?s={search_term_string}\"},\"query-input\":{\"@type\":\"PropertyValueSpecification\",\"valueRequired\":true,\"valueName\":\"search_term_string\"}}],\"inLanguage\":\"fr-FR\"},{\"@type\":\"Organization\",\"@id\":\"https:\\\/\\\/www.info-algerie.com\\\/actualites\\\/#organization\",\"name\":\"info algerie\",\"url\":\"https:\\\/\\\/www.info-algerie.com\\\/actualites\\\/\",\"logo\":{\"@type\":\"ImageObject\",\"inLanguage\":\"fr-FR\",\"@id\":\"https:\\\/\\\/www.info-algerie.com\\\/actualites\\\/#\\\/schema\\\/logo\\\/image\\\/\",\"url\":\"https:\\\/\\\/www.info-algerie.com\\\/actualites\\\/wp-content\\\/uploads\\\/2022\\\/07\\\/logo-ia-120.png\",\"contentUrl\":\"https:\\\/\\\/www.info-algerie.com\\\/actualites\\\/wp-content\\\/uploads\\\/2022\\\/07\\\/logo-ia-120.png\",\"width\":120,\"height\":43,\"caption\":\"info algerie\"},\"image\":{\"@id\":\"https:\\\/\\\/www.info-algerie.com\\\/actualites\\\/#\\\/schema\\\/logo\\\/image\\\/\"},\"sameAs\":[\"https:\\\/\\\/www.facebook.com\\\/infoalgerieactu\",\"https:\\\/\\\/x.com\\\/infoalgerie1\"]},{\"@type\":\"Person\",\"@id\":\"https:\\\/\\\/www.info-algerie.com\\\/actualites\\\/#\\\/schema\\\/person\\\/847aaec44920825b843a08f30ec6aa1e\",\"name\":\"La r\u00e9daction\",\"image\":{\"@type\":\"ImageObject\",\"inLanguage\":\"fr-FR\",\"@id\":\"https:\\\/\\\/secure.gravatar.com\\\/avatar\\\/769db425c6f465158149f1ffd6cf61ce7a8a879d11dfbef8288af36dfddd418c?s=96&d=mm&r=g\",\"url\":\"https:\\\/\\\/secure.gravatar.com\\\/avatar\\\/769db425c6f465158149f1ffd6cf61ce7a8a879d11dfbef8288af36dfddd418c?s=96&d=mm&r=g\",\"contentUrl\":\"https:\\\/\\\/secure.gravatar.com\\\/avatar\\\/769db425c6f465158149f1ffd6cf61ce7a8a879d11dfbef8288af36dfddd418c?s=96&d=mm&r=g\",\"caption\":\"La r\u00e9daction\"},\"sameAs\":[\"http:\\\/\\\/www.lkeria.com\\\/\"],\"url\":\"https:\\\/\\\/www.info-algerie.com\\\/actualites\\\/author\\\/chakib32\\\/\"}]}<\/script>\n<!-- \/ Yoast SEO plugin. -->","yoast_head_json":{"title":"Feux de for\u00eat: &quot;pas d&#039;indemnisation avant de proc\u00e9der \u00e0 des investigations&quot; - info algerie","robots":{"index":"index","follow":"follow","max-snippet":"max-snippet:-1","max-image-preview":"max-image-preview:large","max-video-preview":"max-video-preview:-1"},"canonical":"https:\/\/www.info-algerie.com\/actualites\/feux-de-foret-pas-dindemnisation-avant-de-proceder-a-des-investigations\/","og_locale":"fr_FR","og_type":"article","og_title":"Feux de for\u00eat: &quot;pas d&#039;indemnisation avant de proc\u00e9der \u00e0 des investigations&quot; - info algerie","og_description":"EL TARF &#8211; Le ministre de l&rsquo;int\u00e9rieur, des collectivit\u00e9s locales et de l&rsquo;am\u00e9nagement du territoire, Noureddine Bedoui a affirm\u00e9 jeudi \u00e0 El-Tarf qu&rsquo;il n&rsquo;y aura pas d&rsquo;indemnisation concernant les pertes occasionn\u00e9es par les r\u00e9cents feux de for\u00eat avant de proc\u00e9der \u00e0 des investigations, afin que \u00ab\u00a0les indemnit\u00e9s soient vers\u00e9es aux v\u00e9ritables victimes\u00a0\u00bb. &#013; &#013; Lors","og_url":"https:\/\/www.info-algerie.com\/actualites\/feux-de-foret-pas-dindemnisation-avant-de-proceder-a-des-investigations\/","og_site_name":"info algerie","article_publisher":"https:\/\/www.facebook.com\/infoalgerieactu","article_published_time":"2017-08-04T12:37:48+00:00","og_image":[{"width":280,"height":169,"url":"https:\/\/www.info-algerie.com\/actualites\/wp-content\/uploads\/2017\/08\/5f9f70f393495fe5dbe8f3d3c4a966e7_S-1.jpg","type":"image\/jpeg"}],"author":"La r\u00e9daction","twitter_misc":{"\u00c9crit par":"La r\u00e9daction","Dur\u00e9e de lecture estim\u00e9e":"2 minutes"},"schema":{"@context":"https:\/\/schema.org","@graph":[{"@type":"Article","@id":"https:\/\/www.info-algerie.com\/actualites\/feux-de-foret-pas-dindemnisation-avant-de-proceder-a-des-investigations\/#article","isPartOf":{"@id":"https:\/\/www.info-algerie.com\/actualites\/feux-de-foret-pas-dindemnisation-avant-de-proceder-a-des-investigations\/"},"author":{"name":"La r\u00e9daction","@id":"https:\/\/www.info-algerie.com\/actualites\/#\/schema\/person\/847aaec44920825b843a08f30ec6aa1e"},"headline":"Feux de for\u00eat: &quot;pas d&#039;indemnisation avant de proc\u00e9der \u00e0 des investigations&quot;","datePublished":"2017-08-04T12:37:48+00:00","mainEntityOfPage":{"@id":"https:\/\/www.info-algerie.com\/actualites\/feux-de-foret-pas-dindemnisation-avant-de-proceder-a-des-investigations\/"},"wordCount":341,"commentCount":0,"publisher":{"@id":"https:\/\/www.info-algerie.com\/actualites\/#organization"},"image":{"@id":"https:\/\/www.info-algerie.com\/actualites\/feux-de-foret-pas-dindemnisation-avant-de-proceder-a-des-investigations\/#primaryimage"},"thumbnailUrl":"https:\/\/www.info-algerie.com\/actualites\/wp-content\/uploads\/2017\/08\/5f9f70f393495fe5dbe8f3d3c4a966e7_S-1.jpg","keywords":["ONU"],"articleSection":["infos"],"inLanguage":"fr-FR","potentialAction":[{"@type":"CommentAction","name":"Comment","target":["https:\/\/www.info-algerie.com\/actualites\/feux-de-foret-pas-dindemnisation-avant-de-proceder-a-des-investigations\/#respond"]}]},{"@type":"WebPage","@id":"https:\/\/www.info-algerie.com\/actualites\/feux-de-foret-pas-dindemnisation-avant-de-proceder-a-des-investigations\/","url":"https:\/\/www.info-algerie.com\/actualites\/feux-de-foret-pas-dindemnisation-avant-de-proceder-a-des-investigations\/","name":"Feux de for\u00eat: &quot;pas d&#039;indemnisation avant de proc\u00e9der \u00e0 des investigations&quot; - info algerie","isPartOf":{"@id":"https:\/\/www.info-algerie.com\/actualites\/#website"},"primaryImageOfPage":{"@id":"https:\/\/www.info-algerie.com\/actualites\/feux-de-foret-pas-dindemnisation-avant-de-proceder-a-des-investigations\/#primaryimage"},"image":{"@id":"https:\/\/www.info-algerie.com\/actualites\/feux-de-foret-pas-dindemnisation-avant-de-proceder-a-des-investigations\/#primaryimage"},"thumbnailUrl":"https:\/\/www.info-algerie.com\/actualites\/wp-content\/uploads\/2017\/08\/5f9f70f393495fe5dbe8f3d3c4a966e7_S-1.jpg","datePublished":"2017-08-04T12:37:48+00:00","breadcrumb":{"@id":"https:\/\/www.info-algerie.com\/actualites\/feux-de-foret-pas-dindemnisation-avant-de-proceder-a-des-investigations\/#breadcrumb"},"inLanguage":"fr-FR","potentialAction":[{"@type":"ReadAction","target":["https:\/\/www.info-algerie.com\/actualites\/feux-de-foret-pas-dindemnisation-avant-de-proceder-a-des-investigations\/"]}]},{"@type":"ImageObject","inLanguage":"fr-FR","@id":"https:\/\/www.info-algerie.com\/actualites\/feux-de-foret-pas-dindemnisation-avant-de-proceder-a-des-investigations\/#primaryimage","url":"https:\/\/www.info-algerie.com\/actualites\/wp-content\/uploads\/2017\/08\/5f9f70f393495fe5dbe8f3d3c4a966e7_S-1.jpg","contentUrl":"https:\/\/www.info-algerie.com\/actualites\/wp-content\/uploads\/2017\/08\/5f9f70f393495fe5dbe8f3d3c4a966e7_S-1.jpg","width":280,"height":169},{"@type":"BreadcrumbList","@id":"https:\/\/www.info-algerie.com\/actualites\/feux-de-foret-pas-dindemnisation-avant-de-proceder-a-des-investigations\/#breadcrumb","itemListElement":[{"@type":"ListItem","position":1,"name":"Accueil","item":"https:\/\/www.info-algerie.com\/actualites\/"},{"@type":"ListItem","position":2,"name":"Feux de for\u00eat: &quot;pas d&#039;indemnisation avant de proc\u00e9der \u00e0 des investigations&quot;"}]},{"@type":"WebSite","@id":"https:\/\/www.info-algerie.com\/actualites\/#website","url":"https:\/\/www.info-algerie.com\/actualites\/","name":"info algerie","description":"Toutes les actualit\u00e9s","publisher":{"@id":"https:\/\/www.info-algerie.com\/actualites\/#organization"},"potentialAction":[{"@type":"SearchAction","target":{"@type":"EntryPoint","urlTemplate":"https:\/\/www.info-algerie.com\/actualites\/?s={search_term_string}"},"query-input":{"@type":"PropertyValueSpecification","valueRequired":true,"valueName":"search_term_string"}}],"inLanguage":"fr-FR"},{"@type":"Organization","@id":"https:\/\/www.info-algerie.com\/actualites\/#organization","name":"info algerie","url":"https:\/\/www.info-algerie.com\/actualites\/","logo":{"@type":"ImageObject","inLanguage":"fr-FR","@id":"https:\/\/www.info-algerie.com\/actualites\/#\/schema\/logo\/image\/","url":"https:\/\/www.info-algerie.com\/actualites\/wp-content\/uploads\/2022\/07\/logo-ia-120.png","contentUrl":"https:\/\/www.info-algerie.com\/actualites\/wp-content\/uploads\/2022\/07\/logo-ia-120.png","width":120,"height":43,"caption":"info algerie"},"image":{"@id":"https:\/\/www.info-algerie.com\/actualites\/#\/schema\/logo\/image\/"},"sameAs":["https:\/\/www.facebook.com\/infoalgerieactu","https:\/\/x.com\/infoalgerie1"]},{"@type":"Person","@id":"https:\/\/www.info-algerie.com\/actualites\/#\/schema\/person\/847aaec44920825b843a08f30ec6aa1e","name":"La r\u00e9daction","image":{"@type":"ImageObject","inLanguage":"fr-FR","@id":"https:\/\/secure.gravatar.com\/avatar\/769db425c6f465158149f1ffd6cf61ce7a8a879d11dfbef8288af36dfddd418c?s=96&d=mm&r=g","url":"https:\/\/secure.gravatar.com\/avatar\/769db425c6f465158149f1ffd6cf61ce7a8a879d11dfbef8288af36dfddd418c?s=96&d=mm&r=g","contentUrl":"https:\/\/secure.gravatar.com\/avatar\/769db425c6f465158149f1ffd6cf61ce7a8a879d11dfbef8288af36dfddd418c?s=96&d=mm&r=g","caption":"La r\u00e9daction"},"sameAs":["http:\/\/www.lkeria.com\/"],"url":"https:\/\/www.info-algerie.com\/actualites\/author\/chakib32\/"}]}},"_links":{"self":[{"href":"https:\/\/www.info-algerie.com\/actualites\/wp-json\/wp\/v2\/posts\/14745","targetHints":{"allow":["GET"]}}],"collection":[{"href":"https:\/\/www.info-algerie.com\/actualites\/wp-json\/wp\/v2\/posts"}],"about":[{"href":"https:\/\/www.info-algerie.com\/actualites\/wp-json\/wp\/v2\/types\/post"}],"author":[{"embeddable":true,"href":"https:\/\/www.info-algerie.com\/actualites\/wp-json\/wp\/v2\/users\/6"}],"replies":[{"embeddable":true,"href":"https:\/\/www.info-algerie.com\/actualites\/wp-json\/wp\/v2\/comments?post=14745"}],"version-history":[{"count":0,"href":"https:\/\/www.info-algerie.com\/actualites\/wp-json\/wp\/v2\/posts\/14745\/revisions"}],"wp:featuredmedia":[{"embeddable":true,"href":"https:\/\/www.info-algerie.com\/actualites\/wp-json\/wp\/v2\/media\/14746"}],"wp:attachment":[{"href":"https:\/\/www.info-algerie.com\/actualites\/wp-json\/wp\/v2\/media?parent=14745"}],"wp:term":[{"taxonomy":"category","embeddable":true,"href":"https:\/\/www.info-algerie.com\/actualites\/wp-json\/wp\/v2\/categories?post=14745"},{"taxonomy":"post_tag","embeddable":true,"href":"https:\/\/www.info-algerie.com\/actualites\/wp-json\/wp\/v2\/tags?post=14745"}],"curies":[{"name":"wp","href":"https:\/\/api.w.org\/{rel}","templated":true}]}}