{"id":14748,"date":"2017-08-04T13:33:16","date_gmt":"2017-08-04T12:33:16","guid":{"rendered":"http:\/\/www.info-algerie.com\/actualites\/arrestation-de-plusieurs-individus-impliques-dans-les-incendies-de-forets-dans-certaines-wilayas\/"},"modified":"2017-08-04T13:33:16","modified_gmt":"2017-08-04T12:33:16","slug":"arrestation-de-plusieurs-individus-impliques-dans-les-incendies-de-forets-dans-certaines-wilayas","status":"publish","type":"post","link":"https:\/\/www.info-algerie.com\/actualites\/arrestation-de-plusieurs-individus-impliques-dans-les-incendies-de-forets-dans-certaines-wilayas\/","title":{"rendered":"Arrestation de plusieurs individus impliqu\u00e9s dans les incendies de for\u00eats dans certaines wilayas"},"content":{"rendered":"<div class=\"K2FeedImage\"><img decoding=\"async\" src=\"https:\/\/www.info-algerie.com\/actualites\/wp-content\/uploads\/2017\/08\/11cda735f0612749f1996b6bec9d37bf_S.jpg\" alt=\"Arrestation de plusieurs individus impliqu&#xE9;s dans les incendies de for&#xEA;ts dans certaines wilayas\" \/><\/div>\n<div class=\"K2FeedIntroText\">\n<p>EL TARF &#8211; Plusieurs individus qui \u00a0\u00bb \u00e9taient \u00e0 l&rsquo;origine\u00a0\u00bb des feux de for\u00eats que connaissent certaines wilayas, ont \u00e9t\u00e9 arr\u00eat\u00e9s et pr\u00e9sent\u00e9s devant la justice, a annonc\u00e9 jeudi, \u00e0 Souarekh, commune frontali\u00e8re d&rsquo;El Tarf, le ministre de l&rsquo;Int\u00e9rieur et des collectivit\u00e9s locales, Nouredine Bedoui.<\/p>\n<p>&#013;\n<\/p><\/div>\n<div class=\"K2FeedFullText\">&#013;<\/p>\n<p>\u00ab\u00a0Ces incendies sont principalement dus \u00e0 la canicule mais il y a des criminels qui ont us\u00e9 de tous les moyens pour aggraver la situation.<\/p>\n<p>&#013;<\/p>\n<p>Certains ont \u00e9t\u00e9 arr\u00eat\u00e9s suite \u00e0 des enqu\u00eates men\u00e9es par les diff\u00e9rents services de s\u00e9curit\u00e9 (Police et Gendarmerie nationale)\u00a0\u00bb, a pr\u00e9cis\u00e9 le ministre lors de son inspection d&rsquo;une op\u00e9ration d&rsquo;extinction des feux de for\u00eats par les services de la Protection civile \u00e0 Souarekh.<\/p>\n<p>&#013;<\/p>\n<p>\u00ab\u00a0Les responsables de ces incendies seront traduits en justice\u00a0\u00bb, a soulign\u00e9 M. Bedoui\u00a0\u00bb. Il a indiqu\u00e9 \u00e0 ce propos que 4 personnes ont \u00e9t\u00e9 arr\u00eat\u00e9es dans la wilaya d&rsquo;Annaba et d&rsquo;autres dans la wilaya de Bouira.<\/p>\n<p>&#013;<\/p>\n<p>Le ministre a appel\u00e9 les cadres de la Protection civile et de la Direction des for\u00eats \u00e0 la protection du Parc national d&rsquo;El Kala et \u00e0 une meilleure coordination avec leurs homologues tunisiens.<\/p>\n<p>&#013;<\/p>\n<p>M. Bedoui a par ailleurs indiqu\u00e9 qu&rsquo;un d\u00e9c\u00e8s a \u00e9t\u00e9 enregistr\u00e9 dans la wilaya de Boumerd\u00e8s et a pr\u00e9sent\u00e9 les condol\u00e9ances du gouvernement \u00e0 la famille de la victime.<\/p>\n<p>&#013;<\/p>\n<p>Le ministre a incit\u00e9 les citoyens et les \u00e9lus locaux \u00e0 pr\u00eater main forte aux agents de la Protection civile et aux services de la Direction des for\u00eats sachant que cette r\u00e9gion est caract\u00e9ris\u00e9e par une couverture foresti\u00e8re dense.<\/p>\n<p>&#013;<\/p>\n<p>68 feux de for\u00eats ayant ravag\u00e9 734 hectares dans la wilaya d&rsquo;El Tarf ont \u00e9t\u00e9 enregistr\u00e9s du 29 juillet au 2 ao\u00fbt.<\/p>\n<\/div>\n<p>&#013;<br \/>\nSource: <a href=\"http:\/\/www.aps.dz\/algerie\/61403-arrestation-de-plusieurs-individus-impliques-dans-les-incendies-de-forets-dans-certaines-wilayas\" target=\"_blank\">Arrestation de plusieurs individus impliqu\u00e9s dans les incendies de for\u00eats dans certaines wilayas<\/a><\/p>\n<!--CusAds0-->\n<div style=\"font-size: 0px; height: 0px; line-height: 0px; margin: 0; padding: 0; clear: both;\"><\/div>","protected":false},"excerpt":{"rendered":"<p>EL TARF &#8211; Plusieurs individus qui \u00a0\u00bb \u00e9taient \u00e0 l&rsquo;origine\u00a0\u00bb des feux de for\u00eats que connaissent certaines wilayas, ont \u00e9t\u00e9 arr\u00eat\u00e9s et pr\u00e9sent\u00e9s devant la justice, a annonc\u00e9 jeudi, \u00e0 Souarekh, commune frontali\u00e8re d&rsquo;El Tarf, le ministre de l&rsquo;Int\u00e9rieur et des collectivit\u00e9s locales, Nouredine Bedoui. &#013; &#013; \u00ab\u00a0Ces incendies sont principalement dus \u00e0 la canicule<\/p>\n","protected":false},"author":6,"featured_media":14749,"comment_status":"open","ping_status":"open","sticky":false,"template":"","format":"standard","meta":{"footnotes":""},"categories":[22],"tags":[93],"class_list":["post-14748","post","type-post","status-publish","format-standard","has-post-thumbnail","hentry","category-infos","tag-onu"],"yoast_head":"<!-- This site is optimized with the Yoast SEO plugin v27.5 - https:\/\/yoast.com\/product\/yoast-seo-wordpress\/ -->\n<title>Arrestation de plusieurs individus impliqu\u00e9s dans les incendies de for\u00eats dans certaines wilayas - info algerie<\/title>\n<meta name=\"robots\" content=\"index, follow, max-snippet:-1, max-image-preview:large, max-video-preview:-1\" \/>\n<link rel=\"canonical\" href=\"https:\/\/www.info-algerie.com\/actualites\/arrestation-de-plusieurs-individus-impliques-dans-les-incendies-de-forets-dans-certaines-wilayas\/\" \/>\n<meta property=\"og:locale\" content=\"fr_FR\" \/>\n<meta property=\"og:type\" content=\"article\" \/>\n<meta property=\"og:title\" content=\"Arrestation de plusieurs individus impliqu\u00e9s dans les incendies de for\u00eats dans certaines wilayas - info algerie\" \/>\n<meta property=\"og:description\" content=\"EL TARF &#8211; Plusieurs individus qui \u00a0\u00bb \u00e9taient \u00e0 l&rsquo;origine\u00a0\u00bb des feux de for\u00eats que connaissent certaines wilayas, ont \u00e9t\u00e9 arr\u00eat\u00e9s et pr\u00e9sent\u00e9s devant la justice, a annonc\u00e9 jeudi, \u00e0 Souarekh, commune frontali\u00e8re d&rsquo;El Tarf, le ministre de l&rsquo;Int\u00e9rieur et des collectivit\u00e9s locales, Nouredine Bedoui. &#013; &#013; \u00ab\u00a0Ces incendies sont principalement dus \u00e0 la canicule\" \/>\n<meta property=\"og:url\" content=\"https:\/\/www.info-algerie.com\/actualites\/arrestation-de-plusieurs-individus-impliques-dans-les-incendies-de-forets-dans-certaines-wilayas\/\" \/>\n<meta property=\"og:site_name\" content=\"info algerie\" \/>\n<meta property=\"article:publisher\" content=\"https:\/\/www.facebook.com\/infoalgerieactu\" \/>\n<meta property=\"article:published_time\" content=\"2017-08-04T12:33:16+00:00\" \/>\n<meta property=\"og:image\" content=\"https:\/\/www.info-algerie.com\/actualites\/wp-content\/uploads\/2017\/08\/11cda735f0612749f1996b6bec9d37bf_S-1.jpg\" \/>\n\t<meta property=\"og:image:width\" content=\"280\" \/>\n\t<meta property=\"og:image:height\" content=\"169\" \/>\n\t<meta property=\"og:image:type\" content=\"image\/jpeg\" \/>\n<meta name=\"author\" content=\"La r\u00e9daction\" \/>\n<meta name=\"twitter:label1\" content=\"\u00c9crit par\" \/>\n\t<meta name=\"twitter:data1\" content=\"La r\u00e9daction\" \/>\n\t<meta name=\"twitter:label2\" content=\"Dur\u00e9e de lecture estim\u00e9e\" \/>\n\t<meta name=\"twitter:data2\" content=\"2 minutes\" \/>\n<script type=\"application\/ld+json\" class=\"yoast-schema-graph\">{\"@context\":\"https:\\\/\\\/schema.org\",\"@graph\":[{\"@type\":\"Article\",\"@id\":\"https:\\\/\\\/www.info-algerie.com\\\/actualites\\\/arrestation-de-plusieurs-individus-impliques-dans-les-incendies-de-forets-dans-certaines-wilayas\\\/#article\",\"isPartOf\":{\"@id\":\"https:\\\/\\\/www.info-algerie.com\\\/actualites\\\/arrestation-de-plusieurs-individus-impliques-dans-les-incendies-de-forets-dans-certaines-wilayas\\\/\"},\"author\":{\"name\":\"La r\u00e9daction\",\"@id\":\"https:\\\/\\\/www.info-algerie.com\\\/actualites\\\/#\\\/schema\\\/person\\\/847aaec44920825b843a08f30ec6aa1e\"},\"headline\":\"Arrestation de plusieurs individus impliqu\u00e9s dans les incendies de for\u00eats dans certaines wilayas\",\"datePublished\":\"2017-08-04T12:33:16+00:00\",\"mainEntityOfPage\":{\"@id\":\"https:\\\/\\\/www.info-algerie.com\\\/actualites\\\/arrestation-de-plusieurs-individus-impliques-dans-les-incendies-de-forets-dans-certaines-wilayas\\\/\"},\"wordCount\":331,\"commentCount\":0,\"publisher\":{\"@id\":\"https:\\\/\\\/www.info-algerie.com\\\/actualites\\\/#organization\"},\"image\":{\"@id\":\"https:\\\/\\\/www.info-algerie.com\\\/actualites\\\/arrestation-de-plusieurs-individus-impliques-dans-les-incendies-de-forets-dans-certaines-wilayas\\\/#primaryimage\"},\"thumbnailUrl\":\"https:\\\/\\\/www.info-algerie.com\\\/actualites\\\/wp-content\\\/uploads\\\/2017\\\/08\\\/11cda735f0612749f1996b6bec9d37bf_S-1.jpg\",\"keywords\":[\"ONU\"],\"articleSection\":[\"infos\"],\"inLanguage\":\"fr-FR\",\"potentialAction\":[{\"@type\":\"CommentAction\",\"name\":\"Comment\",\"target\":[\"https:\\\/\\\/www.info-algerie.com\\\/actualites\\\/arrestation-de-plusieurs-individus-impliques-dans-les-incendies-de-forets-dans-certaines-wilayas\\\/#respond\"]}]},{\"@type\":\"WebPage\",\"@id\":\"https:\\\/\\\/www.info-algerie.com\\\/actualites\\\/arrestation-de-plusieurs-individus-impliques-dans-les-incendies-de-forets-dans-certaines-wilayas\\\/\",\"url\":\"https:\\\/\\\/www.info-algerie.com\\\/actualites\\\/arrestation-de-plusieurs-individus-impliques-dans-les-incendies-de-forets-dans-certaines-wilayas\\\/\",\"name\":\"Arrestation de plusieurs individus impliqu\u00e9s dans les incendies de for\u00eats dans certaines wilayas - info algerie\",\"isPartOf\":{\"@id\":\"https:\\\/\\\/www.info-algerie.com\\\/actualites\\\/#website\"},\"primaryImageOfPage\":{\"@id\":\"https:\\\/\\\/www.info-algerie.com\\\/actualites\\\/arrestation-de-plusieurs-individus-impliques-dans-les-incendies-de-forets-dans-certaines-wilayas\\\/#primaryimage\"},\"image\":{\"@id\":\"https:\\\/\\\/www.info-algerie.com\\\/actualites\\\/arrestation-de-plusieurs-individus-impliques-dans-les-incendies-de-forets-dans-certaines-wilayas\\\/#primaryimage\"},\"thumbnailUrl\":\"https:\\\/\\\/www.info-algerie.com\\\/actualites\\\/wp-content\\\/uploads\\\/2017\\\/08\\\/11cda735f0612749f1996b6bec9d37bf_S-1.jpg\",\"datePublished\":\"2017-08-04T12:33:16+00:00\",\"breadcrumb\":{\"@id\":\"https:\\\/\\\/www.info-algerie.com\\\/actualites\\\/arrestation-de-plusieurs-individus-impliques-dans-les-incendies-de-forets-dans-certaines-wilayas\\\/#breadcrumb\"},\"inLanguage\":\"fr-FR\",\"potentialAction\":[{\"@type\":\"ReadAction\",\"target\":[\"https:\\\/\\\/www.info-algerie.com\\\/actualites\\\/arrestation-de-plusieurs-individus-impliques-dans-les-incendies-de-forets-dans-certaines-wilayas\\\/\"]}]},{\"@type\":\"ImageObject\",\"inLanguage\":\"fr-FR\",\"@id\":\"https:\\\/\\\/www.info-algerie.com\\\/actualites\\\/arrestation-de-plusieurs-individus-impliques-dans-les-incendies-de-forets-dans-certaines-wilayas\\\/#primaryimage\",\"url\":\"https:\\\/\\\/www.info-algerie.com\\\/actualites\\\/wp-content\\\/uploads\\\/2017\\\/08\\\/11cda735f0612749f1996b6bec9d37bf_S-1.jpg\",\"contentUrl\":\"https:\\\/\\\/www.info-algerie.com\\\/actualites\\\/wp-content\\\/uploads\\\/2017\\\/08\\\/11cda735f0612749f1996b6bec9d37bf_S-1.jpg\",\"width\":280,\"height\":169},{\"@type\":\"BreadcrumbList\",\"@id\":\"https:\\\/\\\/www.info-algerie.com\\\/actualites\\\/arrestation-de-plusieurs-individus-impliques-dans-les-incendies-de-forets-dans-certaines-wilayas\\\/#breadcrumb\",\"itemListElement\":[{\"@type\":\"ListItem\",\"position\":1,\"name\":\"Accueil\",\"item\":\"https:\\\/\\\/www.info-algerie.com\\\/actualites\\\/\"},{\"@type\":\"ListItem\",\"position\":2,\"name\":\"Arrestation de plusieurs individus impliqu\u00e9s dans les incendies de for\u00eats dans certaines wilayas\"}]},{\"@type\":\"WebSite\",\"@id\":\"https:\\\/\\\/www.info-algerie.com\\\/actualites\\\/#website\",\"url\":\"https:\\\/\\\/www.info-algerie.com\\\/actualites\\\/\",\"name\":\"info algerie\",\"description\":\"Toutes les actualit\u00e9s\",\"publisher\":{\"@id\":\"https:\\\/\\\/www.info-algerie.com\\\/actualites\\\/#organization\"},\"potentialAction\":[{\"@type\":\"SearchAction\",\"target\":{\"@type\":\"EntryPoint\",\"urlTemplate\":\"https:\\\/\\\/www.info-algerie.com\\\/actualites\\\/?s={search_term_string}\"},\"query-input\":{\"@type\":\"PropertyValueSpecification\",\"valueRequired\":true,\"valueName\":\"search_term_string\"}}],\"inLanguage\":\"fr-FR\"},{\"@type\":\"Organization\",\"@id\":\"https:\\\/\\\/www.info-algerie.com\\\/actualites\\\/#organization\",\"name\":\"info algerie\",\"url\":\"https:\\\/\\\/www.info-algerie.com\\\/actualites\\\/\",\"logo\":{\"@type\":\"ImageObject\",\"inLanguage\":\"fr-FR\",\"@id\":\"https:\\\/\\\/www.info-algerie.com\\\/actualites\\\/#\\\/schema\\\/logo\\\/image\\\/\",\"url\":\"https:\\\/\\\/www.info-algerie.com\\\/actualites\\\/wp-content\\\/uploads\\\/2022\\\/07\\\/logo-ia-120.png\",\"contentUrl\":\"https:\\\/\\\/www.info-algerie.com\\\/actualites\\\/wp-content\\\/uploads\\\/2022\\\/07\\\/logo-ia-120.png\",\"width\":120,\"height\":43,\"caption\":\"info algerie\"},\"image\":{\"@id\":\"https:\\\/\\\/www.info-algerie.com\\\/actualites\\\/#\\\/schema\\\/logo\\\/image\\\/\"},\"sameAs\":[\"https:\\\/\\\/www.facebook.com\\\/infoalgerieactu\",\"https:\\\/\\\/x.com\\\/infoalgerie1\"]},{\"@type\":\"Person\",\"@id\":\"https:\\\/\\\/www.info-algerie.com\\\/actualites\\\/#\\\/schema\\\/person\\\/847aaec44920825b843a08f30ec6aa1e\",\"name\":\"La r\u00e9daction\",\"image\":{\"@type\":\"ImageObject\",\"inLanguage\":\"fr-FR\",\"@id\":\"https:\\\/\\\/secure.gravatar.com\\\/avatar\\\/769db425c6f465158149f1ffd6cf61ce7a8a879d11dfbef8288af36dfddd418c?s=96&d=mm&r=g\",\"url\":\"https:\\\/\\\/secure.gravatar.com\\\/avatar\\\/769db425c6f465158149f1ffd6cf61ce7a8a879d11dfbef8288af36dfddd418c?s=96&d=mm&r=g\",\"contentUrl\":\"https:\\\/\\\/secure.gravatar.com\\\/avatar\\\/769db425c6f465158149f1ffd6cf61ce7a8a879d11dfbef8288af36dfddd418c?s=96&d=mm&r=g\",\"caption\":\"La r\u00e9daction\"},\"sameAs\":[\"http:\\\/\\\/www.lkeria.com\\\/\"],\"url\":\"https:\\\/\\\/www.info-algerie.com\\\/actualites\\\/author\\\/chakib32\\\/\"}]}<\/script>\n<!-- \/ Yoast SEO plugin. -->","yoast_head_json":{"title":"Arrestation de plusieurs individus impliqu\u00e9s dans les incendies de for\u00eats dans certaines wilayas - info algerie","robots":{"index":"index","follow":"follow","max-snippet":"max-snippet:-1","max-image-preview":"max-image-preview:large","max-video-preview":"max-video-preview:-1"},"canonical":"https:\/\/www.info-algerie.com\/actualites\/arrestation-de-plusieurs-individus-impliques-dans-les-incendies-de-forets-dans-certaines-wilayas\/","og_locale":"fr_FR","og_type":"article","og_title":"Arrestation de plusieurs individus impliqu\u00e9s dans les incendies de for\u00eats dans certaines wilayas - info algerie","og_description":"EL TARF &#8211; Plusieurs individus qui \u00a0\u00bb \u00e9taient \u00e0 l&rsquo;origine\u00a0\u00bb des feux de for\u00eats que connaissent certaines wilayas, ont \u00e9t\u00e9 arr\u00eat\u00e9s et pr\u00e9sent\u00e9s devant la justice, a annonc\u00e9 jeudi, \u00e0 Souarekh, commune frontali\u00e8re d&rsquo;El Tarf, le ministre de l&rsquo;Int\u00e9rieur et des collectivit\u00e9s locales, Nouredine Bedoui. &#013; &#013; \u00ab\u00a0Ces incendies sont principalement dus \u00e0 la canicule","og_url":"https:\/\/www.info-algerie.com\/actualites\/arrestation-de-plusieurs-individus-impliques-dans-les-incendies-de-forets-dans-certaines-wilayas\/","og_site_name":"info algerie","article_publisher":"https:\/\/www.facebook.com\/infoalgerieactu","article_published_time":"2017-08-04T12:33:16+00:00","og_image":[{"width":280,"height":169,"url":"https:\/\/www.info-algerie.com\/actualites\/wp-content\/uploads\/2017\/08\/11cda735f0612749f1996b6bec9d37bf_S-1.jpg","type":"image\/jpeg"}],"author":"La r\u00e9daction","twitter_misc":{"\u00c9crit par":"La r\u00e9daction","Dur\u00e9e de lecture estim\u00e9e":"2 minutes"},"schema":{"@context":"https:\/\/schema.org","@graph":[{"@type":"Article","@id":"https:\/\/www.info-algerie.com\/actualites\/arrestation-de-plusieurs-individus-impliques-dans-les-incendies-de-forets-dans-certaines-wilayas\/#article","isPartOf":{"@id":"https:\/\/www.info-algerie.com\/actualites\/arrestation-de-plusieurs-individus-impliques-dans-les-incendies-de-forets-dans-certaines-wilayas\/"},"author":{"name":"La r\u00e9daction","@id":"https:\/\/www.info-algerie.com\/actualites\/#\/schema\/person\/847aaec44920825b843a08f30ec6aa1e"},"headline":"Arrestation de plusieurs individus impliqu\u00e9s dans les incendies de for\u00eats dans certaines wilayas","datePublished":"2017-08-04T12:33:16+00:00","mainEntityOfPage":{"@id":"https:\/\/www.info-algerie.com\/actualites\/arrestation-de-plusieurs-individus-impliques-dans-les-incendies-de-forets-dans-certaines-wilayas\/"},"wordCount":331,"commentCount":0,"publisher":{"@id":"https:\/\/www.info-algerie.com\/actualites\/#organization"},"image":{"@id":"https:\/\/www.info-algerie.com\/actualites\/arrestation-de-plusieurs-individus-impliques-dans-les-incendies-de-forets-dans-certaines-wilayas\/#primaryimage"},"thumbnailUrl":"https:\/\/www.info-algerie.com\/actualites\/wp-content\/uploads\/2017\/08\/11cda735f0612749f1996b6bec9d37bf_S-1.jpg","keywords":["ONU"],"articleSection":["infos"],"inLanguage":"fr-FR","potentialAction":[{"@type":"CommentAction","name":"Comment","target":["https:\/\/www.info-algerie.com\/actualites\/arrestation-de-plusieurs-individus-impliques-dans-les-incendies-de-forets-dans-certaines-wilayas\/#respond"]}]},{"@type":"WebPage","@id":"https:\/\/www.info-algerie.com\/actualites\/arrestation-de-plusieurs-individus-impliques-dans-les-incendies-de-forets-dans-certaines-wilayas\/","url":"https:\/\/www.info-algerie.com\/actualites\/arrestation-de-plusieurs-individus-impliques-dans-les-incendies-de-forets-dans-certaines-wilayas\/","name":"Arrestation de plusieurs individus impliqu\u00e9s dans les incendies de for\u00eats dans certaines wilayas - info algerie","isPartOf":{"@id":"https:\/\/www.info-algerie.com\/actualites\/#website"},"primaryImageOfPage":{"@id":"https:\/\/www.info-algerie.com\/actualites\/arrestation-de-plusieurs-individus-impliques-dans-les-incendies-de-forets-dans-certaines-wilayas\/#primaryimage"},"image":{"@id":"https:\/\/www.info-algerie.com\/actualites\/arrestation-de-plusieurs-individus-impliques-dans-les-incendies-de-forets-dans-certaines-wilayas\/#primaryimage"},"thumbnailUrl":"https:\/\/www.info-algerie.com\/actualites\/wp-content\/uploads\/2017\/08\/11cda735f0612749f1996b6bec9d37bf_S-1.jpg","datePublished":"2017-08-04T12:33:16+00:00","breadcrumb":{"@id":"https:\/\/www.info-algerie.com\/actualites\/arrestation-de-plusieurs-individus-impliques-dans-les-incendies-de-forets-dans-certaines-wilayas\/#breadcrumb"},"inLanguage":"fr-FR","potentialAction":[{"@type":"ReadAction","target":["https:\/\/www.info-algerie.com\/actualites\/arrestation-de-plusieurs-individus-impliques-dans-les-incendies-de-forets-dans-certaines-wilayas\/"]}]},{"@type":"ImageObject","inLanguage":"fr-FR","@id":"https:\/\/www.info-algerie.com\/actualites\/arrestation-de-plusieurs-individus-impliques-dans-les-incendies-de-forets-dans-certaines-wilayas\/#primaryimage","url":"https:\/\/www.info-algerie.com\/actualites\/wp-content\/uploads\/2017\/08\/11cda735f0612749f1996b6bec9d37bf_S-1.jpg","contentUrl":"https:\/\/www.info-algerie.com\/actualites\/wp-content\/uploads\/2017\/08\/11cda735f0612749f1996b6bec9d37bf_S-1.jpg","width":280,"height":169},{"@type":"BreadcrumbList","@id":"https:\/\/www.info-algerie.com\/actualites\/arrestation-de-plusieurs-individus-impliques-dans-les-incendies-de-forets-dans-certaines-wilayas\/#breadcrumb","itemListElement":[{"@type":"ListItem","position":1,"name":"Accueil","item":"https:\/\/www.info-algerie.com\/actualites\/"},{"@type":"ListItem","position":2,"name":"Arrestation de plusieurs individus impliqu\u00e9s dans les incendies de for\u00eats dans certaines wilayas"}]},{"@type":"WebSite","@id":"https:\/\/www.info-algerie.com\/actualites\/#website","url":"https:\/\/www.info-algerie.com\/actualites\/","name":"info algerie","description":"Toutes les actualit\u00e9s","publisher":{"@id":"https:\/\/www.info-algerie.com\/actualites\/#organization"},"potentialAction":[{"@type":"SearchAction","target":{"@type":"EntryPoint","urlTemplate":"https:\/\/www.info-algerie.com\/actualites\/?s={search_term_string}"},"query-input":{"@type":"PropertyValueSpecification","valueRequired":true,"valueName":"search_term_string"}}],"inLanguage":"fr-FR"},{"@type":"Organization","@id":"https:\/\/www.info-algerie.com\/actualites\/#organization","name":"info algerie","url":"https:\/\/www.info-algerie.com\/actualites\/","logo":{"@type":"ImageObject","inLanguage":"fr-FR","@id":"https:\/\/www.info-algerie.com\/actualites\/#\/schema\/logo\/image\/","url":"https:\/\/www.info-algerie.com\/actualites\/wp-content\/uploads\/2022\/07\/logo-ia-120.png","contentUrl":"https:\/\/www.info-algerie.com\/actualites\/wp-content\/uploads\/2022\/07\/logo-ia-120.png","width":120,"height":43,"caption":"info algerie"},"image":{"@id":"https:\/\/www.info-algerie.com\/actualites\/#\/schema\/logo\/image\/"},"sameAs":["https:\/\/www.facebook.com\/infoalgerieactu","https:\/\/x.com\/infoalgerie1"]},{"@type":"Person","@id":"https:\/\/www.info-algerie.com\/actualites\/#\/schema\/person\/847aaec44920825b843a08f30ec6aa1e","name":"La r\u00e9daction","image":{"@type":"ImageObject","inLanguage":"fr-FR","@id":"https:\/\/secure.gravatar.com\/avatar\/769db425c6f465158149f1ffd6cf61ce7a8a879d11dfbef8288af36dfddd418c?s=96&d=mm&r=g","url":"https:\/\/secure.gravatar.com\/avatar\/769db425c6f465158149f1ffd6cf61ce7a8a879d11dfbef8288af36dfddd418c?s=96&d=mm&r=g","contentUrl":"https:\/\/secure.gravatar.com\/avatar\/769db425c6f465158149f1ffd6cf61ce7a8a879d11dfbef8288af36dfddd418c?s=96&d=mm&r=g","caption":"La r\u00e9daction"},"sameAs":["http:\/\/www.lkeria.com\/"],"url":"https:\/\/www.info-algerie.com\/actualites\/author\/chakib32\/"}]}},"_links":{"self":[{"href":"https:\/\/www.info-algerie.com\/actualites\/wp-json\/wp\/v2\/posts\/14748","targetHints":{"allow":["GET"]}}],"collection":[{"href":"https:\/\/www.info-algerie.com\/actualites\/wp-json\/wp\/v2\/posts"}],"about":[{"href":"https:\/\/www.info-algerie.com\/actualites\/wp-json\/wp\/v2\/types\/post"}],"author":[{"embeddable":true,"href":"https:\/\/www.info-algerie.com\/actualites\/wp-json\/wp\/v2\/users\/6"}],"replies":[{"embeddable":true,"href":"https:\/\/www.info-algerie.com\/actualites\/wp-json\/wp\/v2\/comments?post=14748"}],"version-history":[{"count":0,"href":"https:\/\/www.info-algerie.com\/actualites\/wp-json\/wp\/v2\/posts\/14748\/revisions"}],"wp:featuredmedia":[{"embeddable":true,"href":"https:\/\/www.info-algerie.com\/actualites\/wp-json\/wp\/v2\/media\/14749"}],"wp:attachment":[{"href":"https:\/\/www.info-algerie.com\/actualites\/wp-json\/wp\/v2\/media?parent=14748"}],"wp:term":[{"taxonomy":"category","embeddable":true,"href":"https:\/\/www.info-algerie.com\/actualites\/wp-json\/wp\/v2\/categories?post=14748"},{"taxonomy":"post_tag","embeddable":true,"href":"https:\/\/www.info-algerie.com\/actualites\/wp-json\/wp\/v2\/tags?post=14748"}],"curies":[{"name":"wp","href":"https:\/\/api.w.org\/{rel}","templated":true}]}}