{"id":14754,"date":"2017-08-04T15:54:03","date_gmt":"2017-08-04T14:54:03","guid":{"rendered":"http:\/\/www.info-algerie.com\/actualites\/le-senat-americain-confirme-la-nomination-de-john-desrocher-comme-ambassadeur-des-usa-en-algerie\/"},"modified":"2017-08-04T15:54:03","modified_gmt":"2017-08-04T14:54:03","slug":"le-senat-americain-confirme-la-nomination-de-john-desrocher-comme-ambassadeur-des-usa-en-algerie","status":"publish","type":"post","link":"https:\/\/www.info-algerie.com\/actualites\/le-senat-americain-confirme-la-nomination-de-john-desrocher-comme-ambassadeur-des-usa-en-algerie\/","title":{"rendered":"Le S\u00e9nat am\u00e9ricain confirme la nomination de John Desrocher comme ambassadeur des USA en Alg\u00e9rie"},"content":{"rendered":"<div class=\"K2FeedImage\"><img decoding=\"async\" src=\"https:\/\/www.info-algerie.com\/actualites\/wp-content\/uploads\/2017\/08\/a11692cfe892506a6b9e0c3768a047b5_S.jpg\" alt=\"Le S&#xE9;nat am&#xE9;ricain confirme la nomination de John Desrocher comme ambassadeur des USA en Alg&#xE9;rie\" \/><\/div>\n<div class=\"K2FeedIntroText\">\n<p>WASHINGTON &#8211; Le S\u00e9nat am\u00e9ricain a confirm\u00e9 jeudi la nomination de John Desrocher comme ambassadeur des Etats-Unis en Alg\u00e9rie en remplacement de Johan Polaschik Quelques 65 nominations ont \u00e9t\u00e9 approuv\u00e9es en bloc par le s\u00e9nat en m\u00eame temps que celle de M. Desrocher.<\/p>\n<p>&#013;\n<\/p><\/div>\n<div class=\"K2FeedFullText\">&#013;<\/p>\n<p>Devant la commission des affaires \u00e9trang\u00e8res de la chambre haute du parlement am\u00e9ricain, le nouvel ambassadeur, a soulign\u00e9 que les relations entre les deux pays se sont renforc\u00e9es ces derni\u00e8res ann\u00e9es et devenues \u00ab\u00a0plus \u00e9tendues et plus profondes\u00a0\u00bb.<\/p>\n<p>&#013;<\/p>\n<p>M. Desrocher a \u00e9num\u00e9r\u00e9 trois principaux axes de son programme pour l&rsquo;Alg\u00e9rie \u00e0 savoir renforcer la coop\u00e9ration s\u00e9curitaire, d\u00e9velopper le commerce et l\u2019investissement, et travailler avec les homologues alg\u00e9riens, alors qu\u2019ils\u00a0 poursuivent les r\u00e9formes \u00e9conomiques et politiques, a-t-il dit.<\/p>\n<p>&#013;<\/p>\n<p>Alger et Washington ont tenu ces derni\u00e8res ann\u00e9es des consultations \u00e0 haut niveau avec la participation des institutions des deux pays, a rappel\u00e9 le diplomate am\u00e9ricain, citant en cela les diff\u00e9rentes sessions de dialogue strat\u00e9gique et militaire organis\u00e9es jusqu\u2019ici.<\/p>\n<p>&#013;<\/p>\n<p>\u00ab\u00a0Cela illustre la valeur que les deux pays accordent \u00e0 leur partenariat croissant \u00a0\u00bb a d\u00e9clar\u00e9 l\u2019ancien sous-secr\u00e9taire d\u2019Etat adjoint pour l\u2019Egypte et le Maghreb.<\/p>\n<p>&#013;<\/p>\n<p>\u00a0\u00a0<\/p>\n<p>&#013;<\/p>\n<p style=\"text-align: center\">\u00a0\u00a0\u00a0\u00a0\u00a0\u00a0\u00a0\u00a0\u00a0\u00a0\u00a0\u00a0\u00a0\u00a0\u00a0\u00a0\u00a0\u00a0\u00a0\u00a0<strong>L\u2019Alg\u00e9rie exportatrice de stabilit\u00e9<\/strong><\/p>\n<p>&#013;<\/p>\n<p>\u00a0<\/p>\n<p>&#013;<\/p>\n<p>Au plan s\u00e9curitaire, M. Desrocher a relev\u00e9 que l\u2019Alg\u00e9rie avait r\u00e9ussi \u00e0 maintenir sa \u00ab\u00a0stabilit\u00e9 durement acquise \u00a0\u00bb durant les ann\u00e9es 1990 \u00ab\u00a0gr\u00e2ce aux efforts rigoureux de la lutte antiterroriste, \u00e0 la r\u00e9conciliation nationale et aux initiatives de d\u00e9radicalisation\u00a0\u00bb.<\/p>\n<p>&#013;<\/p>\n<p>\u00ab\u00a0L&rsquo;Alg\u00e9rie a \u00e9galement export\u00e9 ce dividende de paix \u00e0 ses voisins. Je suis constamment impressionn\u00e9 par les efforts d\u00e9ploy\u00e9s par l&rsquo;Alg\u00e9rie pour encourager la r\u00e9conciliation politique en Libye et engager les Etats voisins \u00e0 appuyer un accord politique pour le r\u00e8glement de la crise libyenne\u00a0\u00bb, a-t-il enchain\u00e9.<\/p>\n<p>&#013;<\/p>\n<p>Le nouvel ambassadeur a lou\u00e9 l\u2019Alg\u00e9rie pour son r\u00f4le de leader dans le maintien de la s\u00e9curit\u00e9 r\u00e9gionale. \u00ab\u00a0Elle a aussi fourni une assistance s\u00e9curitaire aux pays voisins \u00e0 l\u2019instar de la Tunisie et du Niger\u00a0\u00bb, a-t-il pr\u00e9cis\u00e9 aux membres de cette commission s\u00e9natoriale.<\/p>\n<p>&#013;<\/p>\n<p>M. Desrocher a expliqu\u00e9 que l\u2019Alg\u00e9rie \u00ab\u00a0en tant que plus grand pays d\u2019Afrique, situ\u00e9 dans une r\u00e9gion instable, reconna\u00eet la menace que posent les troubles r\u00e9gionaux \u00e0 sa s\u00e9curit\u00e9 int\u00e9rieure\u00a0\u00bb.<\/p>\n<p>&#013;<\/p>\n<p>Le retour des combattants terroristes \u00e9trangers de r\u00e9gions en conflit comme l\u2019Irak et la Syrie, la contrebande et les groupes de crime organis\u00e9 repr\u00e9sentent des \u00ab\u00a0menaces importantes\u00a0\u00bb que l\u2019ambassadeur dit vouloir \u00ab\u00a0contrer en renfor\u00e7ant la coop\u00e9ration s\u00e9curitaire avec l\u2019Alg\u00e9rie dans la r\u00e9gion\u00a0\u00bb.<\/p>\n<p>&#013;<\/p>\n<p>\u00a0\u00a0<\/p>\n<p>&#013;<\/p>\n<p style=\"text-align: center\">\u00a0\u00a0\u00a0\u00a0\u00a0\u00a0\u00a0\u00a0\u00a0\u00a0\u00a0\u00a0<strong>Renforcer l\u2019investissement et la coop\u00e9ration \u00e9nerg\u00e9tique<\/strong><\/p>\n<p>&#013;<\/p>\n<p>\u00a0<\/p>\n<p>&#013;<\/p>\n<p>Evoquant la coop\u00e9ration \u00e9conomique, l\u2019ambassadeur a constat\u00e9 qu\u2019elle avait continu\u00e9 de progresser ces derni\u00e8res ann\u00e9es, mais a reconnu que de nouveaux investissements am\u00e9ricains en Alg\u00e9rie sont \u00ab\u00a0indispensables\u00a0\u00bb.<\/p>\n<p>&#013;<\/p>\n<p>Il a indiqu\u00e9 que l\u2019Alg\u00e9rie restait un \u00ab\u00a0principal producteur\u00a0\u00bb r\u00e9gional d\u2019hydrocarbures et un \u00ab\u00a0important fournisseur\u00a0\u00bb de gaz pour l\u2019Europe, se positionnant au 10\u00e8me rang des pays qui d\u00e9tiennent les plus grandes r\u00e9serves de gaz naturel au monde.<\/p>\n<p>&#013;<\/p>\n<p>M. Desrocher a d\u00e9clar\u00e9 qu\u2019il allait aider les compagnies am\u00e9ricaines en qu\u00eate de partenariat avec les entreprises alg\u00e9riennes pour d\u00e9velopper le secteur de l\u2019\u00e9nergie en Alg\u00e9rie.<\/p>\n<p>&#013;<\/p>\n<p>La conjoncture pour l\u2019expansion du partenariat entre les deux pays s\u2019y pr\u00eate avec le lancement du nouveau mod\u00e8le de croissance \u00e9conomique pour d\u00e9velopper et diversifier les industries locales.<\/p>\n<p>&#013;<\/p>\n<p>Le nouvel ambassadeur a soulign\u00e9, lors de cette audition, que le d\u00e9fi de la baisse des cours de p\u00e9trole auquel fait face le gouvernement actuellement a donn\u00e9 au pays l\u2019opportunit\u00e9 de \u00ab\u00a0mener des changements \u00e9conomiques structurels et de promouvoir la croissance du secteur priv\u00e9, ainsi que l\u2019investissement \u00e9tranger, tout en r\u00e9\u00e9valuant son syst\u00e8me de\u00a0 subventions et en examinant de nouvelles formes de financement de l\u2019\u00e9conomie\u00a0\u00bb.<\/p>\n<p>&#013;<\/p>\n<p>Il a ajout\u00e9 que les gouvernements des deux pays ont tenu, en avril dernier, une session de discussions sur l\u2019accord sur le commerce et l\u2019investissement (Tifa) afin d\u2019identifier les moyens de renforcer les relations \u00e9conomiques bilat\u00e9rales.<\/p>\n<p>&#013;<\/p>\n<p>M. Desrocher a, par ailleurs, mis en exergue les r\u00e9formes constitutionnelles mises en place l\u2019ann\u00e9e derni\u00e8re pour renforcer l\u2019Etat de droit et les libert\u00e9s.<\/p>\n<p>&#013;<\/p>\n<p class=\"MsoNormal\">\u00ab\u00a0J\u2019attends avec int\u00e9r\u00eat l\u2019opportunit\u00e9 de mener une mission active \u00e0 l\u2019ambassade des Etats-Unis \u00e0 Alger tout en travaillant avec l\u2019Alg\u00e9rie pour faire avancer nos int\u00e9r\u00eats communs\u00a0\u00bb, a-t-il conclu.\u00a0<\/p>\n<\/div>\n<p>&#013;<br \/>\nSource: <a href=\"http:\/\/www.aps.dz\/algerie\/61421-le-senat-americain-confirme-la-nomination-de-john-desrocher-comme-ambassadeur-des-usa-en-algerie\" target=\"_blank\">Le S\u00e9nat am\u00e9ricain confirme la nomination de John Desrocher comme ambassadeur des USA en Alg\u00e9rie<\/a><\/p>\n<!--CusAds0-->\n<div style=\"font-size: 0px; height: 0px; line-height: 0px; margin: 0; padding: 0; clear: both;\"><\/div>","protected":false},"excerpt":{"rendered":"<p>WASHINGTON &#8211; Le S\u00e9nat am\u00e9ricain a confirm\u00e9 jeudi la nomination de John Desrocher comme ambassadeur des Etats-Unis en Alg\u00e9rie en remplacement de Johan Polaschik Quelques 65 nominations ont \u00e9t\u00e9 approuv\u00e9es en bloc par le s\u00e9nat en m\u00eame temps que celle de M. Desrocher. &#013; &#013; Devant la commission des affaires \u00e9trang\u00e8res de la chambre haute<\/p>\n","protected":false},"author":6,"featured_media":14755,"comment_status":"open","ping_status":"open","sticky":false,"template":"","format":"standard","meta":{"footnotes":""},"categories":[22],"tags":[93],"class_list":["post-14754","post","type-post","status-publish","format-standard","has-post-thumbnail","hentry","category-infos","tag-onu"],"yoast_head":"<!-- This site is optimized with the Yoast SEO plugin v27.5 - https:\/\/yoast.com\/product\/yoast-seo-wordpress\/ -->\n<title>Le S\u00e9nat am\u00e9ricain confirme la nomination de John Desrocher comme ambassadeur des USA en Alg\u00e9rie - info algerie<\/title>\n<meta name=\"robots\" content=\"index, follow, max-snippet:-1, max-image-preview:large, max-video-preview:-1\" \/>\n<link rel=\"canonical\" href=\"https:\/\/www.info-algerie.com\/actualites\/le-senat-americain-confirme-la-nomination-de-john-desrocher-comme-ambassadeur-des-usa-en-algerie\/\" \/>\n<meta property=\"og:locale\" content=\"fr_FR\" \/>\n<meta property=\"og:type\" content=\"article\" \/>\n<meta property=\"og:title\" content=\"Le S\u00e9nat am\u00e9ricain confirme la nomination de John Desrocher comme ambassadeur des USA en Alg\u00e9rie - info algerie\" \/>\n<meta property=\"og:description\" content=\"WASHINGTON &#8211; Le S\u00e9nat am\u00e9ricain a confirm\u00e9 jeudi la nomination de John Desrocher comme ambassadeur des Etats-Unis en Alg\u00e9rie en remplacement de Johan Polaschik Quelques 65 nominations ont \u00e9t\u00e9 approuv\u00e9es en bloc par le s\u00e9nat en m\u00eame temps que celle de M. Desrocher. &#013; &#013; Devant la commission des affaires \u00e9trang\u00e8res de la chambre haute\" \/>\n<meta property=\"og:url\" content=\"https:\/\/www.info-algerie.com\/actualites\/le-senat-americain-confirme-la-nomination-de-john-desrocher-comme-ambassadeur-des-usa-en-algerie\/\" \/>\n<meta property=\"og:site_name\" content=\"info algerie\" \/>\n<meta property=\"article:publisher\" content=\"https:\/\/www.facebook.com\/infoalgerieactu\" \/>\n<meta property=\"article:published_time\" content=\"2017-08-04T14:54:03+00:00\" \/>\n<meta property=\"og:image\" content=\"https:\/\/www.info-algerie.com\/actualites\/wp-content\/uploads\/2017\/08\/a11692cfe892506a6b9e0c3768a047b5_S-1.jpg\" \/>\n\t<meta property=\"og:image:width\" content=\"280\" \/>\n\t<meta property=\"og:image:height\" content=\"169\" \/>\n\t<meta property=\"og:image:type\" content=\"image\/jpeg\" \/>\n<meta name=\"author\" content=\"La r\u00e9daction\" \/>\n<meta name=\"twitter:label1\" content=\"\u00c9crit par\" \/>\n\t<meta name=\"twitter:data1\" content=\"La r\u00e9daction\" \/>\n\t<meta name=\"twitter:label2\" content=\"Dur\u00e9e de lecture estim\u00e9e\" \/>\n\t<meta name=\"twitter:data2\" content=\"4 minutes\" \/>\n<script type=\"application\/ld+json\" class=\"yoast-schema-graph\">{\"@context\":\"https:\\\/\\\/schema.org\",\"@graph\":[{\"@type\":\"Article\",\"@id\":\"https:\\\/\\\/www.info-algerie.com\\\/actualites\\\/le-senat-americain-confirme-la-nomination-de-john-desrocher-comme-ambassadeur-des-usa-en-algerie\\\/#article\",\"isPartOf\":{\"@id\":\"https:\\\/\\\/www.info-algerie.com\\\/actualites\\\/le-senat-americain-confirme-la-nomination-de-john-desrocher-comme-ambassadeur-des-usa-en-algerie\\\/\"},\"author\":{\"name\":\"La r\u00e9daction\",\"@id\":\"https:\\\/\\\/www.info-algerie.com\\\/actualites\\\/#\\\/schema\\\/person\\\/847aaec44920825b843a08f30ec6aa1e\"},\"headline\":\"Le S\u00e9nat am\u00e9ricain confirme la nomination de John Desrocher comme ambassadeur des USA en Alg\u00e9rie\",\"datePublished\":\"2017-08-04T14:54:03+00:00\",\"mainEntityOfPage\":{\"@id\":\"https:\\\/\\\/www.info-algerie.com\\\/actualites\\\/le-senat-americain-confirme-la-nomination-de-john-desrocher-comme-ambassadeur-des-usa-en-algerie\\\/\"},\"wordCount\":823,\"commentCount\":0,\"publisher\":{\"@id\":\"https:\\\/\\\/www.info-algerie.com\\\/actualites\\\/#organization\"},\"image\":{\"@id\":\"https:\\\/\\\/www.info-algerie.com\\\/actualites\\\/le-senat-americain-confirme-la-nomination-de-john-desrocher-comme-ambassadeur-des-usa-en-algerie\\\/#primaryimage\"},\"thumbnailUrl\":\"https:\\\/\\\/www.info-algerie.com\\\/actualites\\\/wp-content\\\/uploads\\\/2017\\\/08\\\/a11692cfe892506a6b9e0c3768a047b5_S-1.jpg\",\"keywords\":[\"ONU\"],\"articleSection\":[\"infos\"],\"inLanguage\":\"fr-FR\",\"potentialAction\":[{\"@type\":\"CommentAction\",\"name\":\"Comment\",\"target\":[\"https:\\\/\\\/www.info-algerie.com\\\/actualites\\\/le-senat-americain-confirme-la-nomination-de-john-desrocher-comme-ambassadeur-des-usa-en-algerie\\\/#respond\"]}]},{\"@type\":\"WebPage\",\"@id\":\"https:\\\/\\\/www.info-algerie.com\\\/actualites\\\/le-senat-americain-confirme-la-nomination-de-john-desrocher-comme-ambassadeur-des-usa-en-algerie\\\/\",\"url\":\"https:\\\/\\\/www.info-algerie.com\\\/actualites\\\/le-senat-americain-confirme-la-nomination-de-john-desrocher-comme-ambassadeur-des-usa-en-algerie\\\/\",\"name\":\"Le S\u00e9nat am\u00e9ricain confirme la nomination de John Desrocher comme ambassadeur des USA en Alg\u00e9rie - info algerie\",\"isPartOf\":{\"@id\":\"https:\\\/\\\/www.info-algerie.com\\\/actualites\\\/#website\"},\"primaryImageOfPage\":{\"@id\":\"https:\\\/\\\/www.info-algerie.com\\\/actualites\\\/le-senat-americain-confirme-la-nomination-de-john-desrocher-comme-ambassadeur-des-usa-en-algerie\\\/#primaryimage\"},\"image\":{\"@id\":\"https:\\\/\\\/www.info-algerie.com\\\/actualites\\\/le-senat-americain-confirme-la-nomination-de-john-desrocher-comme-ambassadeur-des-usa-en-algerie\\\/#primaryimage\"},\"thumbnailUrl\":\"https:\\\/\\\/www.info-algerie.com\\\/actualites\\\/wp-content\\\/uploads\\\/2017\\\/08\\\/a11692cfe892506a6b9e0c3768a047b5_S-1.jpg\",\"datePublished\":\"2017-08-04T14:54:03+00:00\",\"breadcrumb\":{\"@id\":\"https:\\\/\\\/www.info-algerie.com\\\/actualites\\\/le-senat-americain-confirme-la-nomination-de-john-desrocher-comme-ambassadeur-des-usa-en-algerie\\\/#breadcrumb\"},\"inLanguage\":\"fr-FR\",\"potentialAction\":[{\"@type\":\"ReadAction\",\"target\":[\"https:\\\/\\\/www.info-algerie.com\\\/actualites\\\/le-senat-americain-confirme-la-nomination-de-john-desrocher-comme-ambassadeur-des-usa-en-algerie\\\/\"]}]},{\"@type\":\"ImageObject\",\"inLanguage\":\"fr-FR\",\"@id\":\"https:\\\/\\\/www.info-algerie.com\\\/actualites\\\/le-senat-americain-confirme-la-nomination-de-john-desrocher-comme-ambassadeur-des-usa-en-algerie\\\/#primaryimage\",\"url\":\"https:\\\/\\\/www.info-algerie.com\\\/actualites\\\/wp-content\\\/uploads\\\/2017\\\/08\\\/a11692cfe892506a6b9e0c3768a047b5_S-1.jpg\",\"contentUrl\":\"https:\\\/\\\/www.info-algerie.com\\\/actualites\\\/wp-content\\\/uploads\\\/2017\\\/08\\\/a11692cfe892506a6b9e0c3768a047b5_S-1.jpg\",\"width\":280,\"height\":169},{\"@type\":\"BreadcrumbList\",\"@id\":\"https:\\\/\\\/www.info-algerie.com\\\/actualites\\\/le-senat-americain-confirme-la-nomination-de-john-desrocher-comme-ambassadeur-des-usa-en-algerie\\\/#breadcrumb\",\"itemListElement\":[{\"@type\":\"ListItem\",\"position\":1,\"name\":\"Accueil\",\"item\":\"https:\\\/\\\/www.info-algerie.com\\\/actualites\\\/\"},{\"@type\":\"ListItem\",\"position\":2,\"name\":\"Le S\u00e9nat am\u00e9ricain confirme la nomination de John Desrocher comme ambassadeur des USA en Alg\u00e9rie\"}]},{\"@type\":\"WebSite\",\"@id\":\"https:\\\/\\\/www.info-algerie.com\\\/actualites\\\/#website\",\"url\":\"https:\\\/\\\/www.info-algerie.com\\\/actualites\\\/\",\"name\":\"info algerie\",\"description\":\"Toutes les actualit\u00e9s\",\"publisher\":{\"@id\":\"https:\\\/\\\/www.info-algerie.com\\\/actualites\\\/#organization\"},\"potentialAction\":[{\"@type\":\"SearchAction\",\"target\":{\"@type\":\"EntryPoint\",\"urlTemplate\":\"https:\\\/\\\/www.info-algerie.com\\\/actualites\\\/?s={search_term_string}\"},\"query-input\":{\"@type\":\"PropertyValueSpecification\",\"valueRequired\":true,\"valueName\":\"search_term_string\"}}],\"inLanguage\":\"fr-FR\"},{\"@type\":\"Organization\",\"@id\":\"https:\\\/\\\/www.info-algerie.com\\\/actualites\\\/#organization\",\"name\":\"info algerie\",\"url\":\"https:\\\/\\\/www.info-algerie.com\\\/actualites\\\/\",\"logo\":{\"@type\":\"ImageObject\",\"inLanguage\":\"fr-FR\",\"@id\":\"https:\\\/\\\/www.info-algerie.com\\\/actualites\\\/#\\\/schema\\\/logo\\\/image\\\/\",\"url\":\"https:\\\/\\\/www.info-algerie.com\\\/actualites\\\/wp-content\\\/uploads\\\/2022\\\/07\\\/logo-ia-120.png\",\"contentUrl\":\"https:\\\/\\\/www.info-algerie.com\\\/actualites\\\/wp-content\\\/uploads\\\/2022\\\/07\\\/logo-ia-120.png\",\"width\":120,\"height\":43,\"caption\":\"info algerie\"},\"image\":{\"@id\":\"https:\\\/\\\/www.info-algerie.com\\\/actualites\\\/#\\\/schema\\\/logo\\\/image\\\/\"},\"sameAs\":[\"https:\\\/\\\/www.facebook.com\\\/infoalgerieactu\",\"https:\\\/\\\/x.com\\\/infoalgerie1\"]},{\"@type\":\"Person\",\"@id\":\"https:\\\/\\\/www.info-algerie.com\\\/actualites\\\/#\\\/schema\\\/person\\\/847aaec44920825b843a08f30ec6aa1e\",\"name\":\"La r\u00e9daction\",\"image\":{\"@type\":\"ImageObject\",\"inLanguage\":\"fr-FR\",\"@id\":\"https:\\\/\\\/secure.gravatar.com\\\/avatar\\\/769db425c6f465158149f1ffd6cf61ce7a8a879d11dfbef8288af36dfddd418c?s=96&d=mm&r=g\",\"url\":\"https:\\\/\\\/secure.gravatar.com\\\/avatar\\\/769db425c6f465158149f1ffd6cf61ce7a8a879d11dfbef8288af36dfddd418c?s=96&d=mm&r=g\",\"contentUrl\":\"https:\\\/\\\/secure.gravatar.com\\\/avatar\\\/769db425c6f465158149f1ffd6cf61ce7a8a879d11dfbef8288af36dfddd418c?s=96&d=mm&r=g\",\"caption\":\"La r\u00e9daction\"},\"sameAs\":[\"http:\\\/\\\/www.lkeria.com\\\/\"],\"url\":\"https:\\\/\\\/www.info-algerie.com\\\/actualites\\\/author\\\/chakib32\\\/\"}]}<\/script>\n<!-- \/ Yoast SEO plugin. -->","yoast_head_json":{"title":"Le S\u00e9nat am\u00e9ricain confirme la nomination de John Desrocher comme ambassadeur des USA en Alg\u00e9rie - info algerie","robots":{"index":"index","follow":"follow","max-snippet":"max-snippet:-1","max-image-preview":"max-image-preview:large","max-video-preview":"max-video-preview:-1"},"canonical":"https:\/\/www.info-algerie.com\/actualites\/le-senat-americain-confirme-la-nomination-de-john-desrocher-comme-ambassadeur-des-usa-en-algerie\/","og_locale":"fr_FR","og_type":"article","og_title":"Le S\u00e9nat am\u00e9ricain confirme la nomination de John Desrocher comme ambassadeur des USA en Alg\u00e9rie - info algerie","og_description":"WASHINGTON &#8211; Le S\u00e9nat am\u00e9ricain a confirm\u00e9 jeudi la nomination de John Desrocher comme ambassadeur des Etats-Unis en Alg\u00e9rie en remplacement de Johan Polaschik Quelques 65 nominations ont \u00e9t\u00e9 approuv\u00e9es en bloc par le s\u00e9nat en m\u00eame temps que celle de M. Desrocher. &#013; &#013; Devant la commission des affaires \u00e9trang\u00e8res de la chambre haute","og_url":"https:\/\/www.info-algerie.com\/actualites\/le-senat-americain-confirme-la-nomination-de-john-desrocher-comme-ambassadeur-des-usa-en-algerie\/","og_site_name":"info algerie","article_publisher":"https:\/\/www.facebook.com\/infoalgerieactu","article_published_time":"2017-08-04T14:54:03+00:00","og_image":[{"width":280,"height":169,"url":"https:\/\/www.info-algerie.com\/actualites\/wp-content\/uploads\/2017\/08\/a11692cfe892506a6b9e0c3768a047b5_S-1.jpg","type":"image\/jpeg"}],"author":"La r\u00e9daction","twitter_misc":{"\u00c9crit par":"La r\u00e9daction","Dur\u00e9e de lecture estim\u00e9e":"4 minutes"},"schema":{"@context":"https:\/\/schema.org","@graph":[{"@type":"Article","@id":"https:\/\/www.info-algerie.com\/actualites\/le-senat-americain-confirme-la-nomination-de-john-desrocher-comme-ambassadeur-des-usa-en-algerie\/#article","isPartOf":{"@id":"https:\/\/www.info-algerie.com\/actualites\/le-senat-americain-confirme-la-nomination-de-john-desrocher-comme-ambassadeur-des-usa-en-algerie\/"},"author":{"name":"La r\u00e9daction","@id":"https:\/\/www.info-algerie.com\/actualites\/#\/schema\/person\/847aaec44920825b843a08f30ec6aa1e"},"headline":"Le S\u00e9nat am\u00e9ricain confirme la nomination de John Desrocher comme ambassadeur des USA en Alg\u00e9rie","datePublished":"2017-08-04T14:54:03+00:00","mainEntityOfPage":{"@id":"https:\/\/www.info-algerie.com\/actualites\/le-senat-americain-confirme-la-nomination-de-john-desrocher-comme-ambassadeur-des-usa-en-algerie\/"},"wordCount":823,"commentCount":0,"publisher":{"@id":"https:\/\/www.info-algerie.com\/actualites\/#organization"},"image":{"@id":"https:\/\/www.info-algerie.com\/actualites\/le-senat-americain-confirme-la-nomination-de-john-desrocher-comme-ambassadeur-des-usa-en-algerie\/#primaryimage"},"thumbnailUrl":"https:\/\/www.info-algerie.com\/actualites\/wp-content\/uploads\/2017\/08\/a11692cfe892506a6b9e0c3768a047b5_S-1.jpg","keywords":["ONU"],"articleSection":["infos"],"inLanguage":"fr-FR","potentialAction":[{"@type":"CommentAction","name":"Comment","target":["https:\/\/www.info-algerie.com\/actualites\/le-senat-americain-confirme-la-nomination-de-john-desrocher-comme-ambassadeur-des-usa-en-algerie\/#respond"]}]},{"@type":"WebPage","@id":"https:\/\/www.info-algerie.com\/actualites\/le-senat-americain-confirme-la-nomination-de-john-desrocher-comme-ambassadeur-des-usa-en-algerie\/","url":"https:\/\/www.info-algerie.com\/actualites\/le-senat-americain-confirme-la-nomination-de-john-desrocher-comme-ambassadeur-des-usa-en-algerie\/","name":"Le S\u00e9nat am\u00e9ricain confirme la nomination de John Desrocher comme ambassadeur des USA en Alg\u00e9rie - info algerie","isPartOf":{"@id":"https:\/\/www.info-algerie.com\/actualites\/#website"},"primaryImageOfPage":{"@id":"https:\/\/www.info-algerie.com\/actualites\/le-senat-americain-confirme-la-nomination-de-john-desrocher-comme-ambassadeur-des-usa-en-algerie\/#primaryimage"},"image":{"@id":"https:\/\/www.info-algerie.com\/actualites\/le-senat-americain-confirme-la-nomination-de-john-desrocher-comme-ambassadeur-des-usa-en-algerie\/#primaryimage"},"thumbnailUrl":"https:\/\/www.info-algerie.com\/actualites\/wp-content\/uploads\/2017\/08\/a11692cfe892506a6b9e0c3768a047b5_S-1.jpg","datePublished":"2017-08-04T14:54:03+00:00","breadcrumb":{"@id":"https:\/\/www.info-algerie.com\/actualites\/le-senat-americain-confirme-la-nomination-de-john-desrocher-comme-ambassadeur-des-usa-en-algerie\/#breadcrumb"},"inLanguage":"fr-FR","potentialAction":[{"@type":"ReadAction","target":["https:\/\/www.info-algerie.com\/actualites\/le-senat-americain-confirme-la-nomination-de-john-desrocher-comme-ambassadeur-des-usa-en-algerie\/"]}]},{"@type":"ImageObject","inLanguage":"fr-FR","@id":"https:\/\/www.info-algerie.com\/actualites\/le-senat-americain-confirme-la-nomination-de-john-desrocher-comme-ambassadeur-des-usa-en-algerie\/#primaryimage","url":"https:\/\/www.info-algerie.com\/actualites\/wp-content\/uploads\/2017\/08\/a11692cfe892506a6b9e0c3768a047b5_S-1.jpg","contentUrl":"https:\/\/www.info-algerie.com\/actualites\/wp-content\/uploads\/2017\/08\/a11692cfe892506a6b9e0c3768a047b5_S-1.jpg","width":280,"height":169},{"@type":"BreadcrumbList","@id":"https:\/\/www.info-algerie.com\/actualites\/le-senat-americain-confirme-la-nomination-de-john-desrocher-comme-ambassadeur-des-usa-en-algerie\/#breadcrumb","itemListElement":[{"@type":"ListItem","position":1,"name":"Accueil","item":"https:\/\/www.info-algerie.com\/actualites\/"},{"@type":"ListItem","position":2,"name":"Le S\u00e9nat am\u00e9ricain confirme la nomination de John Desrocher comme ambassadeur des USA en Alg\u00e9rie"}]},{"@type":"WebSite","@id":"https:\/\/www.info-algerie.com\/actualites\/#website","url":"https:\/\/www.info-algerie.com\/actualites\/","name":"info algerie","description":"Toutes les actualit\u00e9s","publisher":{"@id":"https:\/\/www.info-algerie.com\/actualites\/#organization"},"potentialAction":[{"@type":"SearchAction","target":{"@type":"EntryPoint","urlTemplate":"https:\/\/www.info-algerie.com\/actualites\/?s={search_term_string}"},"query-input":{"@type":"PropertyValueSpecification","valueRequired":true,"valueName":"search_term_string"}}],"inLanguage":"fr-FR"},{"@type":"Organization","@id":"https:\/\/www.info-algerie.com\/actualites\/#organization","name":"info algerie","url":"https:\/\/www.info-algerie.com\/actualites\/","logo":{"@type":"ImageObject","inLanguage":"fr-FR","@id":"https:\/\/www.info-algerie.com\/actualites\/#\/schema\/logo\/image\/","url":"https:\/\/www.info-algerie.com\/actualites\/wp-content\/uploads\/2022\/07\/logo-ia-120.png","contentUrl":"https:\/\/www.info-algerie.com\/actualites\/wp-content\/uploads\/2022\/07\/logo-ia-120.png","width":120,"height":43,"caption":"info algerie"},"image":{"@id":"https:\/\/www.info-algerie.com\/actualites\/#\/schema\/logo\/image\/"},"sameAs":["https:\/\/www.facebook.com\/infoalgerieactu","https:\/\/x.com\/infoalgerie1"]},{"@type":"Person","@id":"https:\/\/www.info-algerie.com\/actualites\/#\/schema\/person\/847aaec44920825b843a08f30ec6aa1e","name":"La r\u00e9daction","image":{"@type":"ImageObject","inLanguage":"fr-FR","@id":"https:\/\/secure.gravatar.com\/avatar\/769db425c6f465158149f1ffd6cf61ce7a8a879d11dfbef8288af36dfddd418c?s=96&d=mm&r=g","url":"https:\/\/secure.gravatar.com\/avatar\/769db425c6f465158149f1ffd6cf61ce7a8a879d11dfbef8288af36dfddd418c?s=96&d=mm&r=g","contentUrl":"https:\/\/secure.gravatar.com\/avatar\/769db425c6f465158149f1ffd6cf61ce7a8a879d11dfbef8288af36dfddd418c?s=96&d=mm&r=g","caption":"La r\u00e9daction"},"sameAs":["http:\/\/www.lkeria.com\/"],"url":"https:\/\/www.info-algerie.com\/actualites\/author\/chakib32\/"}]}},"_links":{"self":[{"href":"https:\/\/www.info-algerie.com\/actualites\/wp-json\/wp\/v2\/posts\/14754","targetHints":{"allow":["GET"]}}],"collection":[{"href":"https:\/\/www.info-algerie.com\/actualites\/wp-json\/wp\/v2\/posts"}],"about":[{"href":"https:\/\/www.info-algerie.com\/actualites\/wp-json\/wp\/v2\/types\/post"}],"author":[{"embeddable":true,"href":"https:\/\/www.info-algerie.com\/actualites\/wp-json\/wp\/v2\/users\/6"}],"replies":[{"embeddable":true,"href":"https:\/\/www.info-algerie.com\/actualites\/wp-json\/wp\/v2\/comments?post=14754"}],"version-history":[{"count":0,"href":"https:\/\/www.info-algerie.com\/actualites\/wp-json\/wp\/v2\/posts\/14754\/revisions"}],"wp:featuredmedia":[{"embeddable":true,"href":"https:\/\/www.info-algerie.com\/actualites\/wp-json\/wp\/v2\/media\/14755"}],"wp:attachment":[{"href":"https:\/\/www.info-algerie.com\/actualites\/wp-json\/wp\/v2\/media?parent=14754"}],"wp:term":[{"taxonomy":"category","embeddable":true,"href":"https:\/\/www.info-algerie.com\/actualites\/wp-json\/wp\/v2\/categories?post=14754"},{"taxonomy":"post_tag","embeddable":true,"href":"https:\/\/www.info-algerie.com\/actualites\/wp-json\/wp\/v2\/tags?post=14754"}],"curies":[{"name":"wp","href":"https:\/\/api.w.org\/{rel}","templated":true}]}}