{"id":14757,"date":"2017-08-04T15:27:27","date_gmt":"2017-08-04T14:27:27","guid":{"rendered":"http:\/\/www.info-algerie.com\/actualites\/les-autorites-publiques-disposees-a-accompagner-les-particuliers-pour-la-protection-de-leur-richesse-forestiere\/"},"modified":"2017-08-04T15:27:27","modified_gmt":"2017-08-04T14:27:27","slug":"les-autorites-publiques-disposees-a-accompagner-les-particuliers-pour-la-protection-de-leur-richesse-forestiere","status":"publish","type":"post","link":"https:\/\/www.info-algerie.com\/actualites\/les-autorites-publiques-disposees-a-accompagner-les-particuliers-pour-la-protection-de-leur-richesse-forestiere\/","title":{"rendered":"Les autorit\u00e9s publiques dispos\u00e9es \u00e0 accompagner les particuliers pour la protection de leur richesse foresti\u00e8re"},"content":{"rendered":"<div class=\"K2FeedImage\"><img decoding=\"async\" src=\"https:\/\/www.info-algerie.com\/actualites\/wp-content\/uploads\/2017\/08\/8f78520e156cffe83f4f9427a2f7a7bf_S.jpg\" alt=\"Les autorit&#xE9;s publiques dispos&#xE9;es &#xE0; accompagner les particuliers pour la protection de leur richesse foresti&#xE8;re\" \/><\/div>\n<div class=\"K2FeedIntroText\">\n<p>BEJAIA &#8211; Le ministre de l&rsquo;Int\u00e9rieur, des Collectivit\u00e9s locales et de l&rsquo;Am\u00e9nagement du territoire, Noureddine Bedoui a affirm\u00e9, vendredi \u00e0 B\u00e9ja\u00efa, que les autorit\u00e9s publiques \u00e9taient dispos\u00e9es \u00e0 accompagner les particuliers pour la protection de leur richesse foresti\u00e8re, \u00e0 travers un programme similaire \u00e0 celui destin\u00e9 \u00e0 la protection des superficies foresti\u00e8res publiques.<\/p>\n<p>&#013;\n<\/p><\/div>\n<div class=\"K2FeedFullText\">&#013;<\/p>\n<p>Evaluant les d\u00e9g\u00e2ts caus\u00e9s par les feux de for\u00eats dans la commune de Toudja, M. Bedoui qui a \u00e9galement \u00e9cout\u00e9 les pr\u00e9occupations des citoyens de la commune, a indiqu\u00e9 que les autorit\u00e9s publiques \u00ab\u00a0sont d\u00e9pos\u00e9es \u00e0 accompagner les particuliers pour la protection de leur richesse foresti\u00e8re, \u00e0 travers un programme similaire \u00e0 celui destin\u00e9 aux\u00a0 superficies foresti\u00e8res publiques\u00a0\u00bb, d&rsquo;autant que \u00ab\u00a050% de la superficie foresti\u00e8re de la wilaya de B\u00e9ja\u00efa sont d\u00e9tenues par des particuliers\u00a0\u00bb.<\/p>\n<p>&#013;<\/p>\n<p>Ce programme pr\u00e9voit \u00ab\u00a0l&rsquo;ouverture et l&rsquo;am\u00e9nagement de sentiers, chemins et routes de for\u00eats et la mobilisation de tous les moyens pour la protection de la richesse foresti\u00e8re du pays\u00a0\u00bb, a-t-il pr\u00e9cis\u00e9.<\/p>\n<p>&#013;<\/p>\n<p>Le ministre a indiqu\u00e9 que plus de 1.200 feux de for\u00eats avaient \u00e9t\u00e9 recens\u00e9s dans 13 wilayas, \u00e9voquant des motifs criminels \u00e0 l&rsquo;origine du d\u00e9clenchement de ces feux.<\/p>\n<p>&#013;<\/p>\n<p>Les services de s\u00e9curit\u00e9 et de gendarmerie poursuivent leurs enqu\u00eates pour d\u00e9terminer les v\u00e9ritables causes de ces feux, soulignant que plusieurs suspects avaient \u00e9t\u00e9 arr\u00eat\u00e9s dans plusieurs wilayas sinistr\u00e9es et pr\u00e9sent\u00e9s \u00e0 la justice.<\/p>\n<p>&#013;<\/p>\n<p class=\"MsoNormal\">Dans la commune de Toudja, M. Bedoui a salu\u00e9 l&rsquo;\u00e9lan de solidarit\u00e9 des comit\u00e9s de village et leur contribution dans l&rsquo;extinction des feux, outre les efforts des forces de l&rsquo;Arm\u00e9e nationale populaire (ANP), des unit\u00e9s de la protection civile et des agents forestiers.\u00a0<\/p>\n<\/div>\n<p>&#013;<br \/>\nSource: <a href=\"http:\/\/www.aps.dz\/algerie\/61417-les-autorites-publiques-disposees-a-accompagner-les-particuliers-pour-la-protection-de-leur-richesse-forestiere\" target=\"_blank\">Les autorit\u00e9s publiques dispos\u00e9es \u00e0 accompagner les particuliers pour la protection de leur richesse foresti\u00e8re<\/a><\/p>\n<!--CusAds0-->\n<div style=\"font-size: 0px; height: 0px; line-height: 0px; margin: 0; padding: 0; clear: both;\"><\/div>","protected":false},"excerpt":{"rendered":"<p>BEJAIA &#8211; Le ministre de l&rsquo;Int\u00e9rieur, des Collectivit\u00e9s locales et de l&rsquo;Am\u00e9nagement du territoire, Noureddine Bedoui a affirm\u00e9, vendredi \u00e0 B\u00e9ja\u00efa, que les autorit\u00e9s publiques \u00e9taient dispos\u00e9es \u00e0 accompagner les particuliers pour la protection de leur richesse foresti\u00e8re, \u00e0 travers un programme similaire \u00e0 celui destin\u00e9 \u00e0 la protection des superficies foresti\u00e8res publiques. &#013; &#013;<\/p>\n","protected":false},"author":6,"featured_media":14758,"comment_status":"open","ping_status":"open","sticky":false,"template":"","format":"standard","meta":{"footnotes":""},"categories":[22],"tags":[93],"class_list":["post-14757","post","type-post","status-publish","format-standard","has-post-thumbnail","hentry","category-infos","tag-onu"],"yoast_head":"<!-- This site is optimized with the Yoast SEO plugin v27.5 - https:\/\/yoast.com\/product\/yoast-seo-wordpress\/ -->\n<title>Les autorit\u00e9s publiques dispos\u00e9es \u00e0 accompagner les particuliers pour la protection de leur richesse foresti\u00e8re - info algerie<\/title>\n<meta name=\"robots\" content=\"index, follow, max-snippet:-1, max-image-preview:large, max-video-preview:-1\" \/>\n<link rel=\"canonical\" href=\"https:\/\/www.info-algerie.com\/actualites\/les-autorites-publiques-disposees-a-accompagner-les-particuliers-pour-la-protection-de-leur-richesse-forestiere\/\" \/>\n<meta property=\"og:locale\" content=\"fr_FR\" \/>\n<meta property=\"og:type\" content=\"article\" \/>\n<meta property=\"og:title\" content=\"Les autorit\u00e9s publiques dispos\u00e9es \u00e0 accompagner les particuliers pour la protection de leur richesse foresti\u00e8re - info algerie\" \/>\n<meta property=\"og:description\" content=\"BEJAIA &#8211; Le ministre de l&rsquo;Int\u00e9rieur, des Collectivit\u00e9s locales et de l&rsquo;Am\u00e9nagement du territoire, Noureddine Bedoui a affirm\u00e9, vendredi \u00e0 B\u00e9ja\u00efa, que les autorit\u00e9s publiques \u00e9taient dispos\u00e9es \u00e0 accompagner les particuliers pour la protection de leur richesse foresti\u00e8re, \u00e0 travers un programme similaire \u00e0 celui destin\u00e9 \u00e0 la protection des superficies foresti\u00e8res publiques. &#013; &#013;\" \/>\n<meta property=\"og:url\" content=\"https:\/\/www.info-algerie.com\/actualites\/les-autorites-publiques-disposees-a-accompagner-les-particuliers-pour-la-protection-de-leur-richesse-forestiere\/\" \/>\n<meta property=\"og:site_name\" content=\"info algerie\" \/>\n<meta property=\"article:publisher\" content=\"https:\/\/www.facebook.com\/infoalgerieactu\" \/>\n<meta property=\"article:published_time\" content=\"2017-08-04T14:27:27+00:00\" \/>\n<meta property=\"og:image\" content=\"https:\/\/www.info-algerie.com\/actualites\/wp-content\/uploads\/2017\/08\/8f78520e156cffe83f4f9427a2f7a7bf_S-1.jpg\" \/>\n\t<meta property=\"og:image:width\" content=\"280\" \/>\n\t<meta property=\"og:image:height\" content=\"169\" \/>\n\t<meta property=\"og:image:type\" content=\"image\/jpeg\" \/>\n<meta name=\"author\" content=\"La r\u00e9daction\" \/>\n<meta name=\"twitter:label1\" content=\"\u00c9crit par\" \/>\n\t<meta name=\"twitter:data1\" content=\"La r\u00e9daction\" \/>\n\t<meta name=\"twitter:label2\" content=\"Dur\u00e9e de lecture estim\u00e9e\" \/>\n\t<meta name=\"twitter:data2\" content=\"2 minutes\" \/>\n<script type=\"application\/ld+json\" class=\"yoast-schema-graph\">{\"@context\":\"https:\\\/\\\/schema.org\",\"@graph\":[{\"@type\":\"Article\",\"@id\":\"https:\\\/\\\/www.info-algerie.com\\\/actualites\\\/les-autorites-publiques-disposees-a-accompagner-les-particuliers-pour-la-protection-de-leur-richesse-forestiere\\\/#article\",\"isPartOf\":{\"@id\":\"https:\\\/\\\/www.info-algerie.com\\\/actualites\\\/les-autorites-publiques-disposees-a-accompagner-les-particuliers-pour-la-protection-de-leur-richesse-forestiere\\\/\"},\"author\":{\"name\":\"La r\u00e9daction\",\"@id\":\"https:\\\/\\\/www.info-algerie.com\\\/actualites\\\/#\\\/schema\\\/person\\\/847aaec44920825b843a08f30ec6aa1e\"},\"headline\":\"Les autorit\u00e9s publiques dispos\u00e9es \u00e0 accompagner les particuliers pour la protection de leur richesse foresti\u00e8re\",\"datePublished\":\"2017-08-04T14:27:27+00:00\",\"mainEntityOfPage\":{\"@id\":\"https:\\\/\\\/www.info-algerie.com\\\/actualites\\\/les-autorites-publiques-disposees-a-accompagner-les-particuliers-pour-la-protection-de-leur-richesse-forestiere\\\/\"},\"wordCount\":338,\"commentCount\":0,\"publisher\":{\"@id\":\"https:\\\/\\\/www.info-algerie.com\\\/actualites\\\/#organization\"},\"image\":{\"@id\":\"https:\\\/\\\/www.info-algerie.com\\\/actualites\\\/les-autorites-publiques-disposees-a-accompagner-les-particuliers-pour-la-protection-de-leur-richesse-forestiere\\\/#primaryimage\"},\"thumbnailUrl\":\"https:\\\/\\\/www.info-algerie.com\\\/actualites\\\/wp-content\\\/uploads\\\/2017\\\/08\\\/8f78520e156cffe83f4f9427a2f7a7bf_S-1.jpg\",\"keywords\":[\"ONU\"],\"articleSection\":[\"infos\"],\"inLanguage\":\"fr-FR\",\"potentialAction\":[{\"@type\":\"CommentAction\",\"name\":\"Comment\",\"target\":[\"https:\\\/\\\/www.info-algerie.com\\\/actualites\\\/les-autorites-publiques-disposees-a-accompagner-les-particuliers-pour-la-protection-de-leur-richesse-forestiere\\\/#respond\"]}]},{\"@type\":\"WebPage\",\"@id\":\"https:\\\/\\\/www.info-algerie.com\\\/actualites\\\/les-autorites-publiques-disposees-a-accompagner-les-particuliers-pour-la-protection-de-leur-richesse-forestiere\\\/\",\"url\":\"https:\\\/\\\/www.info-algerie.com\\\/actualites\\\/les-autorites-publiques-disposees-a-accompagner-les-particuliers-pour-la-protection-de-leur-richesse-forestiere\\\/\",\"name\":\"Les autorit\u00e9s publiques dispos\u00e9es \u00e0 accompagner les particuliers pour la protection de leur richesse foresti\u00e8re - info algerie\",\"isPartOf\":{\"@id\":\"https:\\\/\\\/www.info-algerie.com\\\/actualites\\\/#website\"},\"primaryImageOfPage\":{\"@id\":\"https:\\\/\\\/www.info-algerie.com\\\/actualites\\\/les-autorites-publiques-disposees-a-accompagner-les-particuliers-pour-la-protection-de-leur-richesse-forestiere\\\/#primaryimage\"},\"image\":{\"@id\":\"https:\\\/\\\/www.info-algerie.com\\\/actualites\\\/les-autorites-publiques-disposees-a-accompagner-les-particuliers-pour-la-protection-de-leur-richesse-forestiere\\\/#primaryimage\"},\"thumbnailUrl\":\"https:\\\/\\\/www.info-algerie.com\\\/actualites\\\/wp-content\\\/uploads\\\/2017\\\/08\\\/8f78520e156cffe83f4f9427a2f7a7bf_S-1.jpg\",\"datePublished\":\"2017-08-04T14:27:27+00:00\",\"breadcrumb\":{\"@id\":\"https:\\\/\\\/www.info-algerie.com\\\/actualites\\\/les-autorites-publiques-disposees-a-accompagner-les-particuliers-pour-la-protection-de-leur-richesse-forestiere\\\/#breadcrumb\"},\"inLanguage\":\"fr-FR\",\"potentialAction\":[{\"@type\":\"ReadAction\",\"target\":[\"https:\\\/\\\/www.info-algerie.com\\\/actualites\\\/les-autorites-publiques-disposees-a-accompagner-les-particuliers-pour-la-protection-de-leur-richesse-forestiere\\\/\"]}]},{\"@type\":\"ImageObject\",\"inLanguage\":\"fr-FR\",\"@id\":\"https:\\\/\\\/www.info-algerie.com\\\/actualites\\\/les-autorites-publiques-disposees-a-accompagner-les-particuliers-pour-la-protection-de-leur-richesse-forestiere\\\/#primaryimage\",\"url\":\"https:\\\/\\\/www.info-algerie.com\\\/actualites\\\/wp-content\\\/uploads\\\/2017\\\/08\\\/8f78520e156cffe83f4f9427a2f7a7bf_S-1.jpg\",\"contentUrl\":\"https:\\\/\\\/www.info-algerie.com\\\/actualites\\\/wp-content\\\/uploads\\\/2017\\\/08\\\/8f78520e156cffe83f4f9427a2f7a7bf_S-1.jpg\",\"width\":280,\"height\":169},{\"@type\":\"BreadcrumbList\",\"@id\":\"https:\\\/\\\/www.info-algerie.com\\\/actualites\\\/les-autorites-publiques-disposees-a-accompagner-les-particuliers-pour-la-protection-de-leur-richesse-forestiere\\\/#breadcrumb\",\"itemListElement\":[{\"@type\":\"ListItem\",\"position\":1,\"name\":\"Accueil\",\"item\":\"https:\\\/\\\/www.info-algerie.com\\\/actualites\\\/\"},{\"@type\":\"ListItem\",\"position\":2,\"name\":\"Les autorit\u00e9s publiques dispos\u00e9es \u00e0 accompagner les particuliers pour la protection de leur richesse foresti\u00e8re\"}]},{\"@type\":\"WebSite\",\"@id\":\"https:\\\/\\\/www.info-algerie.com\\\/actualites\\\/#website\",\"url\":\"https:\\\/\\\/www.info-algerie.com\\\/actualites\\\/\",\"name\":\"info algerie\",\"description\":\"Toutes les actualit\u00e9s\",\"publisher\":{\"@id\":\"https:\\\/\\\/www.info-algerie.com\\\/actualites\\\/#organization\"},\"potentialAction\":[{\"@type\":\"SearchAction\",\"target\":{\"@type\":\"EntryPoint\",\"urlTemplate\":\"https:\\\/\\\/www.info-algerie.com\\\/actualites\\\/?s={search_term_string}\"},\"query-input\":{\"@type\":\"PropertyValueSpecification\",\"valueRequired\":true,\"valueName\":\"search_term_string\"}}],\"inLanguage\":\"fr-FR\"},{\"@type\":\"Organization\",\"@id\":\"https:\\\/\\\/www.info-algerie.com\\\/actualites\\\/#organization\",\"name\":\"info algerie\",\"url\":\"https:\\\/\\\/www.info-algerie.com\\\/actualites\\\/\",\"logo\":{\"@type\":\"ImageObject\",\"inLanguage\":\"fr-FR\",\"@id\":\"https:\\\/\\\/www.info-algerie.com\\\/actualites\\\/#\\\/schema\\\/logo\\\/image\\\/\",\"url\":\"https:\\\/\\\/www.info-algerie.com\\\/actualites\\\/wp-content\\\/uploads\\\/2022\\\/07\\\/logo-ia-120.png\",\"contentUrl\":\"https:\\\/\\\/www.info-algerie.com\\\/actualites\\\/wp-content\\\/uploads\\\/2022\\\/07\\\/logo-ia-120.png\",\"width\":120,\"height\":43,\"caption\":\"info algerie\"},\"image\":{\"@id\":\"https:\\\/\\\/www.info-algerie.com\\\/actualites\\\/#\\\/schema\\\/logo\\\/image\\\/\"},\"sameAs\":[\"https:\\\/\\\/www.facebook.com\\\/infoalgerieactu\",\"https:\\\/\\\/x.com\\\/infoalgerie1\"]},{\"@type\":\"Person\",\"@id\":\"https:\\\/\\\/www.info-algerie.com\\\/actualites\\\/#\\\/schema\\\/person\\\/847aaec44920825b843a08f30ec6aa1e\",\"name\":\"La r\u00e9daction\",\"image\":{\"@type\":\"ImageObject\",\"inLanguage\":\"fr-FR\",\"@id\":\"https:\\\/\\\/secure.gravatar.com\\\/avatar\\\/769db425c6f465158149f1ffd6cf61ce7a8a879d11dfbef8288af36dfddd418c?s=96&d=mm&r=g\",\"url\":\"https:\\\/\\\/secure.gravatar.com\\\/avatar\\\/769db425c6f465158149f1ffd6cf61ce7a8a879d11dfbef8288af36dfddd418c?s=96&d=mm&r=g\",\"contentUrl\":\"https:\\\/\\\/secure.gravatar.com\\\/avatar\\\/769db425c6f465158149f1ffd6cf61ce7a8a879d11dfbef8288af36dfddd418c?s=96&d=mm&r=g\",\"caption\":\"La r\u00e9daction\"},\"sameAs\":[\"http:\\\/\\\/www.lkeria.com\\\/\"],\"url\":\"https:\\\/\\\/www.info-algerie.com\\\/actualites\\\/author\\\/chakib32\\\/\"}]}<\/script>\n<!-- \/ Yoast SEO plugin. -->","yoast_head_json":{"title":"Les autorit\u00e9s publiques dispos\u00e9es \u00e0 accompagner les particuliers pour la protection de leur richesse foresti\u00e8re - info algerie","robots":{"index":"index","follow":"follow","max-snippet":"max-snippet:-1","max-image-preview":"max-image-preview:large","max-video-preview":"max-video-preview:-1"},"canonical":"https:\/\/www.info-algerie.com\/actualites\/les-autorites-publiques-disposees-a-accompagner-les-particuliers-pour-la-protection-de-leur-richesse-forestiere\/","og_locale":"fr_FR","og_type":"article","og_title":"Les autorit\u00e9s publiques dispos\u00e9es \u00e0 accompagner les particuliers pour la protection de leur richesse foresti\u00e8re - info algerie","og_description":"BEJAIA &#8211; Le ministre de l&rsquo;Int\u00e9rieur, des Collectivit\u00e9s locales et de l&rsquo;Am\u00e9nagement du territoire, Noureddine Bedoui a affirm\u00e9, vendredi \u00e0 B\u00e9ja\u00efa, que les autorit\u00e9s publiques \u00e9taient dispos\u00e9es \u00e0 accompagner les particuliers pour la protection de leur richesse foresti\u00e8re, \u00e0 travers un programme similaire \u00e0 celui destin\u00e9 \u00e0 la protection des superficies foresti\u00e8res publiques. &#013; &#013;","og_url":"https:\/\/www.info-algerie.com\/actualites\/les-autorites-publiques-disposees-a-accompagner-les-particuliers-pour-la-protection-de-leur-richesse-forestiere\/","og_site_name":"info algerie","article_publisher":"https:\/\/www.facebook.com\/infoalgerieactu","article_published_time":"2017-08-04T14:27:27+00:00","og_image":[{"width":280,"height":169,"url":"https:\/\/www.info-algerie.com\/actualites\/wp-content\/uploads\/2017\/08\/8f78520e156cffe83f4f9427a2f7a7bf_S-1.jpg","type":"image\/jpeg"}],"author":"La r\u00e9daction","twitter_misc":{"\u00c9crit par":"La r\u00e9daction","Dur\u00e9e de lecture estim\u00e9e":"2 minutes"},"schema":{"@context":"https:\/\/schema.org","@graph":[{"@type":"Article","@id":"https:\/\/www.info-algerie.com\/actualites\/les-autorites-publiques-disposees-a-accompagner-les-particuliers-pour-la-protection-de-leur-richesse-forestiere\/#article","isPartOf":{"@id":"https:\/\/www.info-algerie.com\/actualites\/les-autorites-publiques-disposees-a-accompagner-les-particuliers-pour-la-protection-de-leur-richesse-forestiere\/"},"author":{"name":"La r\u00e9daction","@id":"https:\/\/www.info-algerie.com\/actualites\/#\/schema\/person\/847aaec44920825b843a08f30ec6aa1e"},"headline":"Les autorit\u00e9s publiques dispos\u00e9es \u00e0 accompagner les particuliers pour la protection de leur richesse foresti\u00e8re","datePublished":"2017-08-04T14:27:27+00:00","mainEntityOfPage":{"@id":"https:\/\/www.info-algerie.com\/actualites\/les-autorites-publiques-disposees-a-accompagner-les-particuliers-pour-la-protection-de-leur-richesse-forestiere\/"},"wordCount":338,"commentCount":0,"publisher":{"@id":"https:\/\/www.info-algerie.com\/actualites\/#organization"},"image":{"@id":"https:\/\/www.info-algerie.com\/actualites\/les-autorites-publiques-disposees-a-accompagner-les-particuliers-pour-la-protection-de-leur-richesse-forestiere\/#primaryimage"},"thumbnailUrl":"https:\/\/www.info-algerie.com\/actualites\/wp-content\/uploads\/2017\/08\/8f78520e156cffe83f4f9427a2f7a7bf_S-1.jpg","keywords":["ONU"],"articleSection":["infos"],"inLanguage":"fr-FR","potentialAction":[{"@type":"CommentAction","name":"Comment","target":["https:\/\/www.info-algerie.com\/actualites\/les-autorites-publiques-disposees-a-accompagner-les-particuliers-pour-la-protection-de-leur-richesse-forestiere\/#respond"]}]},{"@type":"WebPage","@id":"https:\/\/www.info-algerie.com\/actualites\/les-autorites-publiques-disposees-a-accompagner-les-particuliers-pour-la-protection-de-leur-richesse-forestiere\/","url":"https:\/\/www.info-algerie.com\/actualites\/les-autorites-publiques-disposees-a-accompagner-les-particuliers-pour-la-protection-de-leur-richesse-forestiere\/","name":"Les autorit\u00e9s publiques dispos\u00e9es \u00e0 accompagner les particuliers pour la protection de leur richesse foresti\u00e8re - info algerie","isPartOf":{"@id":"https:\/\/www.info-algerie.com\/actualites\/#website"},"primaryImageOfPage":{"@id":"https:\/\/www.info-algerie.com\/actualites\/les-autorites-publiques-disposees-a-accompagner-les-particuliers-pour-la-protection-de-leur-richesse-forestiere\/#primaryimage"},"image":{"@id":"https:\/\/www.info-algerie.com\/actualites\/les-autorites-publiques-disposees-a-accompagner-les-particuliers-pour-la-protection-de-leur-richesse-forestiere\/#primaryimage"},"thumbnailUrl":"https:\/\/www.info-algerie.com\/actualites\/wp-content\/uploads\/2017\/08\/8f78520e156cffe83f4f9427a2f7a7bf_S-1.jpg","datePublished":"2017-08-04T14:27:27+00:00","breadcrumb":{"@id":"https:\/\/www.info-algerie.com\/actualites\/les-autorites-publiques-disposees-a-accompagner-les-particuliers-pour-la-protection-de-leur-richesse-forestiere\/#breadcrumb"},"inLanguage":"fr-FR","potentialAction":[{"@type":"ReadAction","target":["https:\/\/www.info-algerie.com\/actualites\/les-autorites-publiques-disposees-a-accompagner-les-particuliers-pour-la-protection-de-leur-richesse-forestiere\/"]}]},{"@type":"ImageObject","inLanguage":"fr-FR","@id":"https:\/\/www.info-algerie.com\/actualites\/les-autorites-publiques-disposees-a-accompagner-les-particuliers-pour-la-protection-de-leur-richesse-forestiere\/#primaryimage","url":"https:\/\/www.info-algerie.com\/actualites\/wp-content\/uploads\/2017\/08\/8f78520e156cffe83f4f9427a2f7a7bf_S-1.jpg","contentUrl":"https:\/\/www.info-algerie.com\/actualites\/wp-content\/uploads\/2017\/08\/8f78520e156cffe83f4f9427a2f7a7bf_S-1.jpg","width":280,"height":169},{"@type":"BreadcrumbList","@id":"https:\/\/www.info-algerie.com\/actualites\/les-autorites-publiques-disposees-a-accompagner-les-particuliers-pour-la-protection-de-leur-richesse-forestiere\/#breadcrumb","itemListElement":[{"@type":"ListItem","position":1,"name":"Accueil","item":"https:\/\/www.info-algerie.com\/actualites\/"},{"@type":"ListItem","position":2,"name":"Les autorit\u00e9s publiques dispos\u00e9es \u00e0 accompagner les particuliers pour la protection de leur richesse foresti\u00e8re"}]},{"@type":"WebSite","@id":"https:\/\/www.info-algerie.com\/actualites\/#website","url":"https:\/\/www.info-algerie.com\/actualites\/","name":"info algerie","description":"Toutes les actualit\u00e9s","publisher":{"@id":"https:\/\/www.info-algerie.com\/actualites\/#organization"},"potentialAction":[{"@type":"SearchAction","target":{"@type":"EntryPoint","urlTemplate":"https:\/\/www.info-algerie.com\/actualites\/?s={search_term_string}"},"query-input":{"@type":"PropertyValueSpecification","valueRequired":true,"valueName":"search_term_string"}}],"inLanguage":"fr-FR"},{"@type":"Organization","@id":"https:\/\/www.info-algerie.com\/actualites\/#organization","name":"info algerie","url":"https:\/\/www.info-algerie.com\/actualites\/","logo":{"@type":"ImageObject","inLanguage":"fr-FR","@id":"https:\/\/www.info-algerie.com\/actualites\/#\/schema\/logo\/image\/","url":"https:\/\/www.info-algerie.com\/actualites\/wp-content\/uploads\/2022\/07\/logo-ia-120.png","contentUrl":"https:\/\/www.info-algerie.com\/actualites\/wp-content\/uploads\/2022\/07\/logo-ia-120.png","width":120,"height":43,"caption":"info algerie"},"image":{"@id":"https:\/\/www.info-algerie.com\/actualites\/#\/schema\/logo\/image\/"},"sameAs":["https:\/\/www.facebook.com\/infoalgerieactu","https:\/\/x.com\/infoalgerie1"]},{"@type":"Person","@id":"https:\/\/www.info-algerie.com\/actualites\/#\/schema\/person\/847aaec44920825b843a08f30ec6aa1e","name":"La r\u00e9daction","image":{"@type":"ImageObject","inLanguage":"fr-FR","@id":"https:\/\/secure.gravatar.com\/avatar\/769db425c6f465158149f1ffd6cf61ce7a8a879d11dfbef8288af36dfddd418c?s=96&d=mm&r=g","url":"https:\/\/secure.gravatar.com\/avatar\/769db425c6f465158149f1ffd6cf61ce7a8a879d11dfbef8288af36dfddd418c?s=96&d=mm&r=g","contentUrl":"https:\/\/secure.gravatar.com\/avatar\/769db425c6f465158149f1ffd6cf61ce7a8a879d11dfbef8288af36dfddd418c?s=96&d=mm&r=g","caption":"La r\u00e9daction"},"sameAs":["http:\/\/www.lkeria.com\/"],"url":"https:\/\/www.info-algerie.com\/actualites\/author\/chakib32\/"}]}},"_links":{"self":[{"href":"https:\/\/www.info-algerie.com\/actualites\/wp-json\/wp\/v2\/posts\/14757","targetHints":{"allow":["GET"]}}],"collection":[{"href":"https:\/\/www.info-algerie.com\/actualites\/wp-json\/wp\/v2\/posts"}],"about":[{"href":"https:\/\/www.info-algerie.com\/actualites\/wp-json\/wp\/v2\/types\/post"}],"author":[{"embeddable":true,"href":"https:\/\/www.info-algerie.com\/actualites\/wp-json\/wp\/v2\/users\/6"}],"replies":[{"embeddable":true,"href":"https:\/\/www.info-algerie.com\/actualites\/wp-json\/wp\/v2\/comments?post=14757"}],"version-history":[{"count":0,"href":"https:\/\/www.info-algerie.com\/actualites\/wp-json\/wp\/v2\/posts\/14757\/revisions"}],"wp:featuredmedia":[{"embeddable":true,"href":"https:\/\/www.info-algerie.com\/actualites\/wp-json\/wp\/v2\/media\/14758"}],"wp:attachment":[{"href":"https:\/\/www.info-algerie.com\/actualites\/wp-json\/wp\/v2\/media?parent=14757"}],"wp:term":[{"taxonomy":"category","embeddable":true,"href":"https:\/\/www.info-algerie.com\/actualites\/wp-json\/wp\/v2\/categories?post=14757"},{"taxonomy":"post_tag","embeddable":true,"href":"https:\/\/www.info-algerie.com\/actualites\/wp-json\/wp\/v2\/tags?post=14757"}],"curies":[{"name":"wp","href":"https:\/\/api.w.org\/{rel}","templated":true}]}}