{"id":14764,"date":"2017-08-05T09:47:34","date_gmt":"2017-08-05T08:47:34","guid":{"rendered":"http:\/\/www.info-algerie.com\/actualites\/m-messahel-a-doha-pour-une-visite-de-travail\/"},"modified":"2017-08-05T09:47:34","modified_gmt":"2017-08-05T08:47:34","slug":"m-messahel-a-doha-pour-une-visite-de-travail","status":"publish","type":"post","link":"https:\/\/www.info-algerie.com\/actualites\/m-messahel-a-doha-pour-une-visite-de-travail\/","title":{"rendered":"M. Messahel \u00e0 Doha pour une visite de travail"},"content":{"rendered":"<div class=\"K2FeedImage\"><img decoding=\"async\" src=\"https:\/\/www.info-algerie.com\/actualites\/wp-content\/uploads\/2017\/08\/ffb5cd2ac45e015205ae35ed3f7b2b0d_S.jpg\" alt=\"M. Messahel &#xE0; Doha pour une visite de travail\" \/><\/div>\n<div class=\"K2FeedIntroText\">\n<p>ALGER \u00a0&#8211; Le ministre des Affaires \u00e9trang\u00e8res, Abdelkader\u00a0 Messahel, se rendra samedi \u00e0 Doha en provenance de Mascate (Sultanat\u00a0 d&rsquo;Oman) pour une visite de travail au Qatar, indique vendredi un communiqu\u00e9\u00a0 du minist\u00e8re.<\/p>\n<p>&#013;\n<\/p><\/div>\n<div class=\"K2FeedFullText\">&#013;<\/p>\n<p>Dans le cadre de la poursuite de sa tourn\u00e9e dans le monde arabe qu<span dir=\"RTL\" lang=\"AR-SA\">&lsquo;<\/span>il\u00a0 m\u00e8ne sur instruction de Monsieur le pr\u00e9sident de la R\u00e9publique, Abdelaziz\u00a0 Bouteflika, le ministre des Affaires \u00e9trang\u00e8res, Abdelkader Messahel, se\u00a0 rendra \u00e0 partir de demain (samedi)\u00e0 Doha pour une visite de travail, en\u00a0 provenance de Mascate\u00a0\u00bb, pr\u00e9cise la m\u00eame source.<\/p>\n<p>&#013;<\/p>\n<p class=\"MsoNormal\">Lors de cette visite, M Messahel aura des entretiens avec son homologue\u00a0 qatari Cheikh Mohamed bin Abderrahmane Al-Thani ainsi qu<span dir=\"RTL\" lang=\"AR-SA\">&lsquo;<\/span>avec d<span dir=\"RTL\" lang=\"AR-SA\">&lsquo;<\/span>autres\u00a0 hautes personnalit\u00e9s de ce pays, ajoute le communiqu\u00e9 du MAE.\u00a0<\/p>\n<\/div>\n<p>&#013;<br \/>\nSource: <a href=\"http:\/\/www.aps.dz\/algerie\/61429-m-messahel-a-doha-pour-une-visite-de-travail\" target=\"_blank\">M. Messahel \u00e0 Doha pour une visite de travail<\/a><\/p>\n<!--CusAds0-->\n<div style=\"font-size: 0px; height: 0px; line-height: 0px; margin: 0; padding: 0; clear: both;\"><\/div>","protected":false},"excerpt":{"rendered":"<p>ALGER \u00a0&#8211; Le ministre des Affaires \u00e9trang\u00e8res, Abdelkader\u00a0 Messahel, se rendra samedi \u00e0 Doha en provenance de Mascate (Sultanat\u00a0 d&rsquo;Oman) pour une visite de travail au Qatar, indique vendredi un communiqu\u00e9\u00a0 du minist\u00e8re. &#013; &#013; Dans le cadre de la poursuite de sa tourn\u00e9e dans le monde arabe qu&lsquo;il\u00a0 m\u00e8ne sur instruction de Monsieur le<\/p>\n","protected":false},"author":6,"featured_media":14765,"comment_status":"open","ping_status":"open","sticky":false,"template":"","format":"standard","meta":{"footnotes":""},"categories":[22],"tags":[93],"class_list":["post-14764","post","type-post","status-publish","format-standard","has-post-thumbnail","hentry","category-infos","tag-onu"],"yoast_head":"<!-- This site is optimized with the Yoast SEO plugin v27.5 - https:\/\/yoast.com\/product\/yoast-seo-wordpress\/ -->\n<title>M. Messahel \u00e0 Doha pour une visite de travail - info algerie<\/title>\n<meta name=\"robots\" content=\"index, follow, max-snippet:-1, max-image-preview:large, max-video-preview:-1\" \/>\n<link rel=\"canonical\" href=\"https:\/\/www.info-algerie.com\/actualites\/m-messahel-a-doha-pour-une-visite-de-travail\/\" \/>\n<meta property=\"og:locale\" content=\"fr_FR\" \/>\n<meta property=\"og:type\" content=\"article\" \/>\n<meta property=\"og:title\" content=\"M. Messahel \u00e0 Doha pour une visite de travail - info algerie\" \/>\n<meta property=\"og:description\" content=\"ALGER \u00a0&#8211; Le ministre des Affaires \u00e9trang\u00e8res, Abdelkader\u00a0 Messahel, se rendra samedi \u00e0 Doha en provenance de Mascate (Sultanat\u00a0 d&rsquo;Oman) pour une visite de travail au Qatar, indique vendredi un communiqu\u00e9\u00a0 du minist\u00e8re. &#013; &#013; Dans le cadre de la poursuite de sa tourn\u00e9e dans le monde arabe qu&lsquo;il\u00a0 m\u00e8ne sur instruction de Monsieur le\" \/>\n<meta property=\"og:url\" content=\"https:\/\/www.info-algerie.com\/actualites\/m-messahel-a-doha-pour-une-visite-de-travail\/\" \/>\n<meta property=\"og:site_name\" content=\"info algerie\" \/>\n<meta property=\"article:publisher\" content=\"https:\/\/www.facebook.com\/infoalgerieactu\" \/>\n<meta property=\"article:published_time\" content=\"2017-08-05T08:47:34+00:00\" \/>\n<meta property=\"og:image\" content=\"https:\/\/www.info-algerie.com\/actualites\/wp-content\/uploads\/2017\/08\/ffb5cd2ac45e015205ae35ed3f7b2b0d_S-1.jpg\" \/>\n\t<meta property=\"og:image:width\" content=\"280\" \/>\n\t<meta property=\"og:image:height\" content=\"169\" \/>\n\t<meta property=\"og:image:type\" content=\"image\/jpeg\" \/>\n<meta name=\"author\" content=\"La r\u00e9daction\" \/>\n<meta name=\"twitter:label1\" content=\"\u00c9crit par\" \/>\n\t<meta name=\"twitter:data1\" content=\"La r\u00e9daction\" \/>\n\t<meta name=\"twitter:label2\" content=\"Dur\u00e9e de lecture estim\u00e9e\" \/>\n\t<meta name=\"twitter:data2\" content=\"1 minute\" \/>\n<script type=\"application\/ld+json\" class=\"yoast-schema-graph\">{\"@context\":\"https:\\\/\\\/schema.org\",\"@graph\":[{\"@type\":\"Article\",\"@id\":\"https:\\\/\\\/www.info-algerie.com\\\/actualites\\\/m-messahel-a-doha-pour-une-visite-de-travail\\\/#article\",\"isPartOf\":{\"@id\":\"https:\\\/\\\/www.info-algerie.com\\\/actualites\\\/m-messahel-a-doha-pour-une-visite-de-travail\\\/\"},\"author\":{\"name\":\"La r\u00e9daction\",\"@id\":\"https:\\\/\\\/www.info-algerie.com\\\/actualites\\\/#\\\/schema\\\/person\\\/847aaec44920825b843a08f30ec6aa1e\"},\"headline\":\"M. Messahel \u00e0 Doha pour une visite de travail\",\"datePublished\":\"2017-08-05T08:47:34+00:00\",\"mainEntityOfPage\":{\"@id\":\"https:\\\/\\\/www.info-algerie.com\\\/actualites\\\/m-messahel-a-doha-pour-une-visite-de-travail\\\/\"},\"wordCount\":147,\"commentCount\":0,\"publisher\":{\"@id\":\"https:\\\/\\\/www.info-algerie.com\\\/actualites\\\/#organization\"},\"image\":{\"@id\":\"https:\\\/\\\/www.info-algerie.com\\\/actualites\\\/m-messahel-a-doha-pour-une-visite-de-travail\\\/#primaryimage\"},\"thumbnailUrl\":\"https:\\\/\\\/www.info-algerie.com\\\/actualites\\\/wp-content\\\/uploads\\\/2017\\\/08\\\/ffb5cd2ac45e015205ae35ed3f7b2b0d_S-1.jpg\",\"keywords\":[\"ONU\"],\"articleSection\":[\"infos\"],\"inLanguage\":\"fr-FR\",\"potentialAction\":[{\"@type\":\"CommentAction\",\"name\":\"Comment\",\"target\":[\"https:\\\/\\\/www.info-algerie.com\\\/actualites\\\/m-messahel-a-doha-pour-une-visite-de-travail\\\/#respond\"]}]},{\"@type\":\"WebPage\",\"@id\":\"https:\\\/\\\/www.info-algerie.com\\\/actualites\\\/m-messahel-a-doha-pour-une-visite-de-travail\\\/\",\"url\":\"https:\\\/\\\/www.info-algerie.com\\\/actualites\\\/m-messahel-a-doha-pour-une-visite-de-travail\\\/\",\"name\":\"M. Messahel \u00e0 Doha pour une visite de travail - info algerie\",\"isPartOf\":{\"@id\":\"https:\\\/\\\/www.info-algerie.com\\\/actualites\\\/#website\"},\"primaryImageOfPage\":{\"@id\":\"https:\\\/\\\/www.info-algerie.com\\\/actualites\\\/m-messahel-a-doha-pour-une-visite-de-travail\\\/#primaryimage\"},\"image\":{\"@id\":\"https:\\\/\\\/www.info-algerie.com\\\/actualites\\\/m-messahel-a-doha-pour-une-visite-de-travail\\\/#primaryimage\"},\"thumbnailUrl\":\"https:\\\/\\\/www.info-algerie.com\\\/actualites\\\/wp-content\\\/uploads\\\/2017\\\/08\\\/ffb5cd2ac45e015205ae35ed3f7b2b0d_S-1.jpg\",\"datePublished\":\"2017-08-05T08:47:34+00:00\",\"breadcrumb\":{\"@id\":\"https:\\\/\\\/www.info-algerie.com\\\/actualites\\\/m-messahel-a-doha-pour-une-visite-de-travail\\\/#breadcrumb\"},\"inLanguage\":\"fr-FR\",\"potentialAction\":[{\"@type\":\"ReadAction\",\"target\":[\"https:\\\/\\\/www.info-algerie.com\\\/actualites\\\/m-messahel-a-doha-pour-une-visite-de-travail\\\/\"]}]},{\"@type\":\"ImageObject\",\"inLanguage\":\"fr-FR\",\"@id\":\"https:\\\/\\\/www.info-algerie.com\\\/actualites\\\/m-messahel-a-doha-pour-une-visite-de-travail\\\/#primaryimage\",\"url\":\"https:\\\/\\\/www.info-algerie.com\\\/actualites\\\/wp-content\\\/uploads\\\/2017\\\/08\\\/ffb5cd2ac45e015205ae35ed3f7b2b0d_S-1.jpg\",\"contentUrl\":\"https:\\\/\\\/www.info-algerie.com\\\/actualites\\\/wp-content\\\/uploads\\\/2017\\\/08\\\/ffb5cd2ac45e015205ae35ed3f7b2b0d_S-1.jpg\",\"width\":280,\"height\":169},{\"@type\":\"BreadcrumbList\",\"@id\":\"https:\\\/\\\/www.info-algerie.com\\\/actualites\\\/m-messahel-a-doha-pour-une-visite-de-travail\\\/#breadcrumb\",\"itemListElement\":[{\"@type\":\"ListItem\",\"position\":1,\"name\":\"Accueil\",\"item\":\"https:\\\/\\\/www.info-algerie.com\\\/actualites\\\/\"},{\"@type\":\"ListItem\",\"position\":2,\"name\":\"M. Messahel \u00e0 Doha pour une visite de travail\"}]},{\"@type\":\"WebSite\",\"@id\":\"https:\\\/\\\/www.info-algerie.com\\\/actualites\\\/#website\",\"url\":\"https:\\\/\\\/www.info-algerie.com\\\/actualites\\\/\",\"name\":\"info algerie\",\"description\":\"Toutes les actualit\u00e9s\",\"publisher\":{\"@id\":\"https:\\\/\\\/www.info-algerie.com\\\/actualites\\\/#organization\"},\"potentialAction\":[{\"@type\":\"SearchAction\",\"target\":{\"@type\":\"EntryPoint\",\"urlTemplate\":\"https:\\\/\\\/www.info-algerie.com\\\/actualites\\\/?s={search_term_string}\"},\"query-input\":{\"@type\":\"PropertyValueSpecification\",\"valueRequired\":true,\"valueName\":\"search_term_string\"}}],\"inLanguage\":\"fr-FR\"},{\"@type\":\"Organization\",\"@id\":\"https:\\\/\\\/www.info-algerie.com\\\/actualites\\\/#organization\",\"name\":\"info algerie\",\"url\":\"https:\\\/\\\/www.info-algerie.com\\\/actualites\\\/\",\"logo\":{\"@type\":\"ImageObject\",\"inLanguage\":\"fr-FR\",\"@id\":\"https:\\\/\\\/www.info-algerie.com\\\/actualites\\\/#\\\/schema\\\/logo\\\/image\\\/\",\"url\":\"https:\\\/\\\/www.info-algerie.com\\\/actualites\\\/wp-content\\\/uploads\\\/2022\\\/07\\\/logo-ia-120.png\",\"contentUrl\":\"https:\\\/\\\/www.info-algerie.com\\\/actualites\\\/wp-content\\\/uploads\\\/2022\\\/07\\\/logo-ia-120.png\",\"width\":120,\"height\":43,\"caption\":\"info algerie\"},\"image\":{\"@id\":\"https:\\\/\\\/www.info-algerie.com\\\/actualites\\\/#\\\/schema\\\/logo\\\/image\\\/\"},\"sameAs\":[\"https:\\\/\\\/www.facebook.com\\\/infoalgerieactu\",\"https:\\\/\\\/x.com\\\/infoalgerie1\"]},{\"@type\":\"Person\",\"@id\":\"https:\\\/\\\/www.info-algerie.com\\\/actualites\\\/#\\\/schema\\\/person\\\/847aaec44920825b843a08f30ec6aa1e\",\"name\":\"La r\u00e9daction\",\"image\":{\"@type\":\"ImageObject\",\"inLanguage\":\"fr-FR\",\"@id\":\"https:\\\/\\\/secure.gravatar.com\\\/avatar\\\/769db425c6f465158149f1ffd6cf61ce7a8a879d11dfbef8288af36dfddd418c?s=96&d=mm&r=g\",\"url\":\"https:\\\/\\\/secure.gravatar.com\\\/avatar\\\/769db425c6f465158149f1ffd6cf61ce7a8a879d11dfbef8288af36dfddd418c?s=96&d=mm&r=g\",\"contentUrl\":\"https:\\\/\\\/secure.gravatar.com\\\/avatar\\\/769db425c6f465158149f1ffd6cf61ce7a8a879d11dfbef8288af36dfddd418c?s=96&d=mm&r=g\",\"caption\":\"La r\u00e9daction\"},\"sameAs\":[\"http:\\\/\\\/www.lkeria.com\\\/\"],\"url\":\"https:\\\/\\\/www.info-algerie.com\\\/actualites\\\/author\\\/chakib32\\\/\"}]}<\/script>\n<!-- \/ Yoast SEO plugin. -->","yoast_head_json":{"title":"M. Messahel \u00e0 Doha pour une visite de travail - info algerie","robots":{"index":"index","follow":"follow","max-snippet":"max-snippet:-1","max-image-preview":"max-image-preview:large","max-video-preview":"max-video-preview:-1"},"canonical":"https:\/\/www.info-algerie.com\/actualites\/m-messahel-a-doha-pour-une-visite-de-travail\/","og_locale":"fr_FR","og_type":"article","og_title":"M. Messahel \u00e0 Doha pour une visite de travail - info algerie","og_description":"ALGER \u00a0&#8211; Le ministre des Affaires \u00e9trang\u00e8res, Abdelkader\u00a0 Messahel, se rendra samedi \u00e0 Doha en provenance de Mascate (Sultanat\u00a0 d&rsquo;Oman) pour une visite de travail au Qatar, indique vendredi un communiqu\u00e9\u00a0 du minist\u00e8re. &#013; &#013; Dans le cadre de la poursuite de sa tourn\u00e9e dans le monde arabe qu&lsquo;il\u00a0 m\u00e8ne sur instruction de Monsieur le","og_url":"https:\/\/www.info-algerie.com\/actualites\/m-messahel-a-doha-pour-une-visite-de-travail\/","og_site_name":"info algerie","article_publisher":"https:\/\/www.facebook.com\/infoalgerieactu","article_published_time":"2017-08-05T08:47:34+00:00","og_image":[{"width":280,"height":169,"url":"https:\/\/www.info-algerie.com\/actualites\/wp-content\/uploads\/2017\/08\/ffb5cd2ac45e015205ae35ed3f7b2b0d_S-1.jpg","type":"image\/jpeg"}],"author":"La r\u00e9daction","twitter_misc":{"\u00c9crit par":"La r\u00e9daction","Dur\u00e9e de lecture estim\u00e9e":"1 minute"},"schema":{"@context":"https:\/\/schema.org","@graph":[{"@type":"Article","@id":"https:\/\/www.info-algerie.com\/actualites\/m-messahel-a-doha-pour-une-visite-de-travail\/#article","isPartOf":{"@id":"https:\/\/www.info-algerie.com\/actualites\/m-messahel-a-doha-pour-une-visite-de-travail\/"},"author":{"name":"La r\u00e9daction","@id":"https:\/\/www.info-algerie.com\/actualites\/#\/schema\/person\/847aaec44920825b843a08f30ec6aa1e"},"headline":"M. Messahel \u00e0 Doha pour une visite de travail","datePublished":"2017-08-05T08:47:34+00:00","mainEntityOfPage":{"@id":"https:\/\/www.info-algerie.com\/actualites\/m-messahel-a-doha-pour-une-visite-de-travail\/"},"wordCount":147,"commentCount":0,"publisher":{"@id":"https:\/\/www.info-algerie.com\/actualites\/#organization"},"image":{"@id":"https:\/\/www.info-algerie.com\/actualites\/m-messahel-a-doha-pour-une-visite-de-travail\/#primaryimage"},"thumbnailUrl":"https:\/\/www.info-algerie.com\/actualites\/wp-content\/uploads\/2017\/08\/ffb5cd2ac45e015205ae35ed3f7b2b0d_S-1.jpg","keywords":["ONU"],"articleSection":["infos"],"inLanguage":"fr-FR","potentialAction":[{"@type":"CommentAction","name":"Comment","target":["https:\/\/www.info-algerie.com\/actualites\/m-messahel-a-doha-pour-une-visite-de-travail\/#respond"]}]},{"@type":"WebPage","@id":"https:\/\/www.info-algerie.com\/actualites\/m-messahel-a-doha-pour-une-visite-de-travail\/","url":"https:\/\/www.info-algerie.com\/actualites\/m-messahel-a-doha-pour-une-visite-de-travail\/","name":"M. Messahel \u00e0 Doha pour une visite de travail - info algerie","isPartOf":{"@id":"https:\/\/www.info-algerie.com\/actualites\/#website"},"primaryImageOfPage":{"@id":"https:\/\/www.info-algerie.com\/actualites\/m-messahel-a-doha-pour-une-visite-de-travail\/#primaryimage"},"image":{"@id":"https:\/\/www.info-algerie.com\/actualites\/m-messahel-a-doha-pour-une-visite-de-travail\/#primaryimage"},"thumbnailUrl":"https:\/\/www.info-algerie.com\/actualites\/wp-content\/uploads\/2017\/08\/ffb5cd2ac45e015205ae35ed3f7b2b0d_S-1.jpg","datePublished":"2017-08-05T08:47:34+00:00","breadcrumb":{"@id":"https:\/\/www.info-algerie.com\/actualites\/m-messahel-a-doha-pour-une-visite-de-travail\/#breadcrumb"},"inLanguage":"fr-FR","potentialAction":[{"@type":"ReadAction","target":["https:\/\/www.info-algerie.com\/actualites\/m-messahel-a-doha-pour-une-visite-de-travail\/"]}]},{"@type":"ImageObject","inLanguage":"fr-FR","@id":"https:\/\/www.info-algerie.com\/actualites\/m-messahel-a-doha-pour-une-visite-de-travail\/#primaryimage","url":"https:\/\/www.info-algerie.com\/actualites\/wp-content\/uploads\/2017\/08\/ffb5cd2ac45e015205ae35ed3f7b2b0d_S-1.jpg","contentUrl":"https:\/\/www.info-algerie.com\/actualites\/wp-content\/uploads\/2017\/08\/ffb5cd2ac45e015205ae35ed3f7b2b0d_S-1.jpg","width":280,"height":169},{"@type":"BreadcrumbList","@id":"https:\/\/www.info-algerie.com\/actualites\/m-messahel-a-doha-pour-une-visite-de-travail\/#breadcrumb","itemListElement":[{"@type":"ListItem","position":1,"name":"Accueil","item":"https:\/\/www.info-algerie.com\/actualites\/"},{"@type":"ListItem","position":2,"name":"M. Messahel \u00e0 Doha pour une visite de travail"}]},{"@type":"WebSite","@id":"https:\/\/www.info-algerie.com\/actualites\/#website","url":"https:\/\/www.info-algerie.com\/actualites\/","name":"info algerie","description":"Toutes les actualit\u00e9s","publisher":{"@id":"https:\/\/www.info-algerie.com\/actualites\/#organization"},"potentialAction":[{"@type":"SearchAction","target":{"@type":"EntryPoint","urlTemplate":"https:\/\/www.info-algerie.com\/actualites\/?s={search_term_string}"},"query-input":{"@type":"PropertyValueSpecification","valueRequired":true,"valueName":"search_term_string"}}],"inLanguage":"fr-FR"},{"@type":"Organization","@id":"https:\/\/www.info-algerie.com\/actualites\/#organization","name":"info algerie","url":"https:\/\/www.info-algerie.com\/actualites\/","logo":{"@type":"ImageObject","inLanguage":"fr-FR","@id":"https:\/\/www.info-algerie.com\/actualites\/#\/schema\/logo\/image\/","url":"https:\/\/www.info-algerie.com\/actualites\/wp-content\/uploads\/2022\/07\/logo-ia-120.png","contentUrl":"https:\/\/www.info-algerie.com\/actualites\/wp-content\/uploads\/2022\/07\/logo-ia-120.png","width":120,"height":43,"caption":"info algerie"},"image":{"@id":"https:\/\/www.info-algerie.com\/actualites\/#\/schema\/logo\/image\/"},"sameAs":["https:\/\/www.facebook.com\/infoalgerieactu","https:\/\/x.com\/infoalgerie1"]},{"@type":"Person","@id":"https:\/\/www.info-algerie.com\/actualites\/#\/schema\/person\/847aaec44920825b843a08f30ec6aa1e","name":"La r\u00e9daction","image":{"@type":"ImageObject","inLanguage":"fr-FR","@id":"https:\/\/secure.gravatar.com\/avatar\/769db425c6f465158149f1ffd6cf61ce7a8a879d11dfbef8288af36dfddd418c?s=96&d=mm&r=g","url":"https:\/\/secure.gravatar.com\/avatar\/769db425c6f465158149f1ffd6cf61ce7a8a879d11dfbef8288af36dfddd418c?s=96&d=mm&r=g","contentUrl":"https:\/\/secure.gravatar.com\/avatar\/769db425c6f465158149f1ffd6cf61ce7a8a879d11dfbef8288af36dfddd418c?s=96&d=mm&r=g","caption":"La r\u00e9daction"},"sameAs":["http:\/\/www.lkeria.com\/"],"url":"https:\/\/www.info-algerie.com\/actualites\/author\/chakib32\/"}]}},"_links":{"self":[{"href":"https:\/\/www.info-algerie.com\/actualites\/wp-json\/wp\/v2\/posts\/14764","targetHints":{"allow":["GET"]}}],"collection":[{"href":"https:\/\/www.info-algerie.com\/actualites\/wp-json\/wp\/v2\/posts"}],"about":[{"href":"https:\/\/www.info-algerie.com\/actualites\/wp-json\/wp\/v2\/types\/post"}],"author":[{"embeddable":true,"href":"https:\/\/www.info-algerie.com\/actualites\/wp-json\/wp\/v2\/users\/6"}],"replies":[{"embeddable":true,"href":"https:\/\/www.info-algerie.com\/actualites\/wp-json\/wp\/v2\/comments?post=14764"}],"version-history":[{"count":0,"href":"https:\/\/www.info-algerie.com\/actualites\/wp-json\/wp\/v2\/posts\/14764\/revisions"}],"wp:featuredmedia":[{"embeddable":true,"href":"https:\/\/www.info-algerie.com\/actualites\/wp-json\/wp\/v2\/media\/14765"}],"wp:attachment":[{"href":"https:\/\/www.info-algerie.com\/actualites\/wp-json\/wp\/v2\/media?parent=14764"}],"wp:term":[{"taxonomy":"category","embeddable":true,"href":"https:\/\/www.info-algerie.com\/actualites\/wp-json\/wp\/v2\/categories?post=14764"},{"taxonomy":"post_tag","embeddable":true,"href":"https:\/\/www.info-algerie.com\/actualites\/wp-json\/wp\/v2\/tags?post=14764"}],"curies":[{"name":"wp","href":"https:\/\/api.w.org\/{rel}","templated":true}]}}