{"id":1477,"date":"2015-10-24T00:00:00","date_gmt":"2015-10-23T23:00:00","guid":{"rendered":"http:\/\/www.info-algerie.com\/actualites\/le-phenomene-ne-cesse-de-prendre-de-lampleur-mohamed-aissa-declare-la-guerre-aux-charlatans-cathodiques\/"},"modified":"2015-10-24T11:43:00","modified_gmt":"2015-10-24T10:43:00","slug":"le-phenomene-ne-cesse-de-prendre-de-lampleur-mohamed-aissa-declare-la-guerre-aux-charlatans-cathodiques","status":"publish","type":"post","link":"https:\/\/www.info-algerie.com\/actualites\/le-phenomene-ne-cesse-de-prendre-de-lampleur-mohamed-aissa-declare-la-guerre-aux-charlatans-cathodiques\/","title":{"rendered":"LE PH\u00c9NOM\u00c8NE NE CESSE DE PRENDRE DE L&rsquo;AMPLEUR : Mohamed A\u00efssa d\u00e9clare la guerre aux charlatans cathodiques"},"content":{"rendered":"<p class=\"article_abstract\" style=\"text-align: justify;\"><strong><a href=\"https:\/\/www.info-algerie.com\/actualites\/wp-content\/uploads\/2015\/10\/guerre-aux-charlatans-cathodiques.jpg\"><img loading=\"lazy\" decoding=\"async\" class=\" wp-image-1501 alignleft\" src=\"https:\/\/www.info-algerie.com\/actualites\/wp-content\/uploads\/2015\/10\/guerre-aux-charlatans-cathodiques-300x200.jpg\" alt=\"guerre aux charlatans cathodiques\" width=\"209\" height=\"139\" srcset=\"https:\/\/www.info-algerie.com\/actualites\/wp-content\/uploads\/2015\/10\/guerre-aux-charlatans-cathodiques-300x200.jpg 300w, https:\/\/www.info-algerie.com\/actualites\/wp-content\/uploads\/2015\/10\/guerre-aux-charlatans-cathodiques-331x219.jpg 331w, https:\/\/www.info-algerie.com\/actualites\/wp-content\/uploads\/2015\/10\/guerre-aux-charlatans-cathodiques.jpg 400w\" sizes=\"auto, (max-width: 209px) 100vw, 209px\" \/><\/a>Des cha\u00eenes qui ne favorisent que les sujets \u00e0 sensation et font intervenir des charlatans qui usent de la parole divine et des malheurs des citoyens pour faire de l&rsquo;audimat.<\/strong><\/p>\n<p style=\"text-align: justify;\">R\u00e9pondant \u00e0 une question orale d&rsquo;un d\u00e9put\u00e9, lors d&rsquo;une s\u00e9ance pl\u00e9ni\u00e8re de l&rsquo;APN jeudi dernier, le ministre des Affaires religieuses et des Wakfs Mohamed A\u00efssa rejoint le point de vue du d\u00e9put\u00e9 et celui du pr\u00e9sident de l&rsquo;Autorit\u00e9 de r\u00e9gulation de l&rsquo;audiovisuel sur les d\u00e9rives et d\u00e9bordements de certains programmes religieux diffus\u00e9s par des cha\u00eenes d&rsquo;informations.<\/p>\n<p style=\"text-align: justify;\">Il y d\u00e9nonce l&rsquo;\u00e9loignement des principes et des r\u00e9f\u00e9rences religieuses de l&rsquo;Alg\u00e9rie, et y voit une tendance excessive de certains intervenants \u00e0 induire les t\u00e9l\u00e9spectateurs en erreur, en utilisant des proc\u00e9d\u00e9s et des pratiques qui ne servent que les desseins des ennemis de la religion musulmane et du pays.<\/p>\n<p style=\"text-align: justify;\">Il pr\u00e9cise que son secteur ne cesse de redoubler d&rsquo;efforts pour mettre fin \u00e0 ces pratiques et ces \u00e9missions \u00abreligieuses\u00bb qui entachent l&rsquo;image et les fondements saints du Coran. Parall\u00e8lement, le ministre des Affaires religieuses et des Wakfs n&rsquo; a pas manqu\u00e9 de saluer l&rsquo;abn\u00e9gation et l&rsquo;effort fourni par les cha\u00eenes de t\u00e9l\u00e9vision et de radio nationales du Coran, et pr\u00e9cise que leur travail repose sur les vrais principes de notre religion.<\/p>\n<p style=\"text-align: justify;\">A l&rsquo;inverse des cha\u00eenes qui ne favorisent que les sujets \u00e0 sensation et font intervenir des charlatans qui usent de la parole divine, et des malheurs des citoyens pour faire de l&rsquo;audimat.<\/p>\n<p style=\"text-align: justify;\">En outre, questionn\u00e9 sur les divergences qui existent en mati\u00e8re de fetwas, le ministre soutient que cela revient \u00e0 l&rsquo;\u00e9volution de la publicit\u00e9 et de la concurrence m\u00e9diatique, et indique que ce ph\u00e9nom\u00e8ne est pr\u00e9sent dans toutes les soci\u00e9t\u00e9s.<\/p>\n<p style=\"text-align: justify;\">Par ailleurs, M.A\u00efssa pr\u00e9cise que sur le plan de la formation, son secteur n&rsquo;a jamais cess\u00e9 de se d\u00e9velopper, passant de 4 \u00e0 11 \u00e9tablissements sur le territoire national, il favorise hautement la qualification de ses cadres.<\/p>\n<p style=\"text-align: justify;\">Il pr\u00e9cise que ces \u00e9tablissements dont l&rsquo;encadrement est constitu\u00e9 d&rsquo;enseignants sp\u00e9cialis\u00e9s, repose sur les fondements religieux de notre pays, en ad\u00e9quation avec l&rsquo;identit\u00e9 alg\u00e9rienne et la r\u00e9f\u00e9rence religieuse historique de notre pays. M.A\u00efssa indique qu&rsquo;en plus des dipl\u00f4m\u00e9s de son secteur qui sont pris en charge par l&rsquo;Institut national de formation des cadres des affaires religieuses, des programmes de formation sont destin\u00e9s \u00e0 l&rsquo;ensemble des cadres du secteur.<\/p>\n<p style=\"text-align: justify;\">Il consid\u00e8re que seule la formation et la qualification peuvent faire obstacle \u00e0 ces d\u00e9rives. D&rsquo;o\u00f9 l&rsquo;importance capitale pour le ministre de toucher toutes les franges de la soci\u00e9t\u00e9 par le biais des moyens existants et ce dans le but ultime de sensibiliser les citoyens sur ces pratiques dangereuses.<\/p>\n<p style=\"text-align: justify;\">Pour les observateurs que nous avons interrog\u00e9s, il est ind\u00e9niable que des \u00e9missions o\u00f9 un pseudo-gu\u00e9risseur pr\u00e9tend soulager les malades par des associations de fatwas et de traitements \u00abm\u00e9dicaux\u00bb, alors qu&rsquo;il n&rsquo;est pas m\u00eame pas m\u00e9decin, ne trompent plus personne. Ils d\u00e9noncent la promotion d&rsquo;un business florissant appuy\u00e9 par des cha\u00eenes \u00e0 scandale.<\/p>\n<p>Source: <a href=\"http:\/\/www.lexpressiondz.com\/actualite\/227999-mohamed-aissa-declare-la-guerre-aux-charlatans-cathodiques.html\" target=\"_blank\">LE PH\u00c9NOM\u00c8NE NE CESSE DE PRENDRE DE L&rsquo;AMPLEUR : Mohamed A\u00efssa d\u00e9clare la guerre aux charlatans cathodiques<\/a><\/p>\n<!--CusAds0-->\n<div style=\"font-size: 0px; height: 0px; line-height: 0px; margin: 0; padding: 0; clear: both;\"><\/div>","protected":false},"excerpt":{"rendered":"<p>Des cha\u00eenes qui ne favorisent que les sujets \u00e0 sensation et font intervenir des charlatans qui usent de la parole divine et des malheurs des citoyens pour faire de l&rsquo;audimat. R\u00e9pondant \u00e0 une question orale d&rsquo;un d\u00e9put\u00e9, lors d&rsquo;une s\u00e9ance pl\u00e9ni\u00e8re de l&rsquo;APN jeudi dernier, le ministre des Affaires religieuses et des Wakfs Mohamed A\u00efssa<\/p>\n","protected":false},"author":6,"featured_media":1501,"comment_status":"open","ping_status":"open","sticky":false,"template":"","format":"standard","meta":{"footnotes":""},"categories":[22],"tags":[93],"class_list":["post-1477","post","type-post","status-publish","format-standard","has-post-thumbnail","hentry","category-infos","tag-onu"],"yoast_head":"<!-- This site is optimized with the Yoast SEO plugin v27.5 - https:\/\/yoast.com\/product\/yoast-seo-wordpress\/ -->\n<title>Mohamed A\u00efssa d\u00e9clare la guerre aux charlatans<\/title>\n<meta name=\"description\" content=\"LE PH\u00c9NOM\u00c8NE NE CESSE DE PRENDRE DE L&#039;AMPLEUR : Mohamed A\u00efssa d\u00e9clare la guerre aux charlatans cathodiques\" \/>\n<meta name=\"robots\" content=\"index, follow, max-snippet:-1, max-image-preview:large, max-video-preview:-1\" \/>\n<link rel=\"canonical\" href=\"https:\/\/www.info-algerie.com\/actualites\/le-phenomene-ne-cesse-de-prendre-de-lampleur-mohamed-aissa-declare-la-guerre-aux-charlatans-cathodiques\/\" \/>\n<meta property=\"og:locale\" content=\"fr_FR\" \/>\n<meta property=\"og:type\" content=\"article\" \/>\n<meta property=\"og:title\" content=\"Mohamed A\u00efssa d\u00e9clare la guerre aux charlatans\" \/>\n<meta property=\"og:description\" content=\"LE PH\u00c9NOM\u00c8NE NE CESSE DE PRENDRE DE L&#039;AMPLEUR : Mohamed A\u00efssa d\u00e9clare la guerre aux charlatans cathodiques\" \/>\n<meta property=\"og:url\" content=\"https:\/\/www.info-algerie.com\/actualites\/le-phenomene-ne-cesse-de-prendre-de-lampleur-mohamed-aissa-declare-la-guerre-aux-charlatans-cathodiques\/\" \/>\n<meta property=\"og:site_name\" content=\"info algerie\" \/>\n<meta property=\"article:publisher\" content=\"https:\/\/www.facebook.com\/infoalgerieactu\" \/>\n<meta property=\"article:published_time\" content=\"2015-10-23T23:00:00+00:00\" \/>\n<meta property=\"article:modified_time\" content=\"2015-10-24T10:43:00+00:00\" \/>\n<meta property=\"og:image\" content=\"https:\/\/www.info-algerie.com\/actualites\/wp-content\/uploads\/2015\/10\/guerre-aux-charlatans-cathodiques.jpg\" \/>\n\t<meta property=\"og:image:width\" content=\"400\" \/>\n\t<meta property=\"og:image:height\" content=\"266\" \/>\n\t<meta property=\"og:image:type\" content=\"image\/jpeg\" \/>\n<meta name=\"author\" content=\"La r\u00e9daction\" \/>\n<meta name=\"twitter:label1\" content=\"\u00c9crit par\" \/>\n\t<meta name=\"twitter:data1\" content=\"La r\u00e9daction\" \/>\n\t<meta name=\"twitter:label2\" content=\"Dur\u00e9e de lecture estim\u00e9e\" \/>\n\t<meta name=\"twitter:data2\" content=\"3 minutes\" \/>\n<script type=\"application\/ld+json\" class=\"yoast-schema-graph\">{\"@context\":\"https:\\\/\\\/schema.org\",\"@graph\":[{\"@type\":\"Article\",\"@id\":\"https:\\\/\\\/www.info-algerie.com\\\/actualites\\\/le-phenomene-ne-cesse-de-prendre-de-lampleur-mohamed-aissa-declare-la-guerre-aux-charlatans-cathodiques\\\/#article\",\"isPartOf\":{\"@id\":\"https:\\\/\\\/www.info-algerie.com\\\/actualites\\\/le-phenomene-ne-cesse-de-prendre-de-lampleur-mohamed-aissa-declare-la-guerre-aux-charlatans-cathodiques\\\/\"},\"author\":{\"name\":\"La r\u00e9daction\",\"@id\":\"https:\\\/\\\/www.info-algerie.com\\\/actualites\\\/#\\\/schema\\\/person\\\/847aaec44920825b843a08f30ec6aa1e\"},\"headline\":\"LE PH\u00c9NOM\u00c8NE NE CESSE DE PRENDRE DE L&rsquo;AMPLEUR : Mohamed A\u00efssa d\u00e9clare la guerre aux charlatans cathodiques\",\"datePublished\":\"2015-10-23T23:00:00+00:00\",\"dateModified\":\"2015-10-24T10:43:00+00:00\",\"mainEntityOfPage\":{\"@id\":\"https:\\\/\\\/www.info-algerie.com\\\/actualites\\\/le-phenomene-ne-cesse-de-prendre-de-lampleur-mohamed-aissa-declare-la-guerre-aux-charlatans-cathodiques\\\/\"},\"wordCount\":609,\"commentCount\":0,\"publisher\":{\"@id\":\"https:\\\/\\\/www.info-algerie.com\\\/actualites\\\/#organization\"},\"image\":{\"@id\":\"https:\\\/\\\/www.info-algerie.com\\\/actualites\\\/le-phenomene-ne-cesse-de-prendre-de-lampleur-mohamed-aissa-declare-la-guerre-aux-charlatans-cathodiques\\\/#primaryimage\"},\"thumbnailUrl\":\"https:\\\/\\\/www.info-algerie.com\\\/actualites\\\/wp-content\\\/uploads\\\/2015\\\/10\\\/guerre-aux-charlatans-cathodiques.jpg\",\"keywords\":[\"ONU\"],\"articleSection\":[\"infos\"],\"inLanguage\":\"fr-FR\",\"potentialAction\":[{\"@type\":\"CommentAction\",\"name\":\"Comment\",\"target\":[\"https:\\\/\\\/www.info-algerie.com\\\/actualites\\\/le-phenomene-ne-cesse-de-prendre-de-lampleur-mohamed-aissa-declare-la-guerre-aux-charlatans-cathodiques\\\/#respond\"]}]},{\"@type\":\"WebPage\",\"@id\":\"https:\\\/\\\/www.info-algerie.com\\\/actualites\\\/le-phenomene-ne-cesse-de-prendre-de-lampleur-mohamed-aissa-declare-la-guerre-aux-charlatans-cathodiques\\\/\",\"url\":\"https:\\\/\\\/www.info-algerie.com\\\/actualites\\\/le-phenomene-ne-cesse-de-prendre-de-lampleur-mohamed-aissa-declare-la-guerre-aux-charlatans-cathodiques\\\/\",\"name\":\"Mohamed A\u00efssa d\u00e9clare la guerre aux charlatans\",\"isPartOf\":{\"@id\":\"https:\\\/\\\/www.info-algerie.com\\\/actualites\\\/#website\"},\"primaryImageOfPage\":{\"@id\":\"https:\\\/\\\/www.info-algerie.com\\\/actualites\\\/le-phenomene-ne-cesse-de-prendre-de-lampleur-mohamed-aissa-declare-la-guerre-aux-charlatans-cathodiques\\\/#primaryimage\"},\"image\":{\"@id\":\"https:\\\/\\\/www.info-algerie.com\\\/actualites\\\/le-phenomene-ne-cesse-de-prendre-de-lampleur-mohamed-aissa-declare-la-guerre-aux-charlatans-cathodiques\\\/#primaryimage\"},\"thumbnailUrl\":\"https:\\\/\\\/www.info-algerie.com\\\/actualites\\\/wp-content\\\/uploads\\\/2015\\\/10\\\/guerre-aux-charlatans-cathodiques.jpg\",\"datePublished\":\"2015-10-23T23:00:00+00:00\",\"dateModified\":\"2015-10-24T10:43:00+00:00\",\"description\":\"LE PH\u00c9NOM\u00c8NE NE CESSE DE PRENDRE DE L'AMPLEUR : Mohamed A\u00efssa d\u00e9clare la guerre aux charlatans cathodiques\",\"breadcrumb\":{\"@id\":\"https:\\\/\\\/www.info-algerie.com\\\/actualites\\\/le-phenomene-ne-cesse-de-prendre-de-lampleur-mohamed-aissa-declare-la-guerre-aux-charlatans-cathodiques\\\/#breadcrumb\"},\"inLanguage\":\"fr-FR\",\"potentialAction\":[{\"@type\":\"ReadAction\",\"target\":[\"https:\\\/\\\/www.info-algerie.com\\\/actualites\\\/le-phenomene-ne-cesse-de-prendre-de-lampleur-mohamed-aissa-declare-la-guerre-aux-charlatans-cathodiques\\\/\"]}]},{\"@type\":\"ImageObject\",\"inLanguage\":\"fr-FR\",\"@id\":\"https:\\\/\\\/www.info-algerie.com\\\/actualites\\\/le-phenomene-ne-cesse-de-prendre-de-lampleur-mohamed-aissa-declare-la-guerre-aux-charlatans-cathodiques\\\/#primaryimage\",\"url\":\"https:\\\/\\\/www.info-algerie.com\\\/actualites\\\/wp-content\\\/uploads\\\/2015\\\/10\\\/guerre-aux-charlatans-cathodiques.jpg\",\"contentUrl\":\"https:\\\/\\\/www.info-algerie.com\\\/actualites\\\/wp-content\\\/uploads\\\/2015\\\/10\\\/guerre-aux-charlatans-cathodiques.jpg\",\"width\":400,\"height\":266,\"caption\":\"guerre aux charlatans cathodiques\"},{\"@type\":\"BreadcrumbList\",\"@id\":\"https:\\\/\\\/www.info-algerie.com\\\/actualites\\\/le-phenomene-ne-cesse-de-prendre-de-lampleur-mohamed-aissa-declare-la-guerre-aux-charlatans-cathodiques\\\/#breadcrumb\",\"itemListElement\":[{\"@type\":\"ListItem\",\"position\":1,\"name\":\"Accueil\",\"item\":\"https:\\\/\\\/www.info-algerie.com\\\/actualites\\\/\"},{\"@type\":\"ListItem\",\"position\":2,\"name\":\"LE PH\u00c9NOM\u00c8NE NE CESSE DE PRENDRE DE L&rsquo;AMPLEUR : Mohamed A\u00efssa d\u00e9clare la guerre aux charlatans cathodiques\"}]},{\"@type\":\"WebSite\",\"@id\":\"https:\\\/\\\/www.info-algerie.com\\\/actualites\\\/#website\",\"url\":\"https:\\\/\\\/www.info-algerie.com\\\/actualites\\\/\",\"name\":\"info algerie\",\"description\":\"Toutes les actualit\u00e9s\",\"publisher\":{\"@id\":\"https:\\\/\\\/www.info-algerie.com\\\/actualites\\\/#organization\"},\"potentialAction\":[{\"@type\":\"SearchAction\",\"target\":{\"@type\":\"EntryPoint\",\"urlTemplate\":\"https:\\\/\\\/www.info-algerie.com\\\/actualites\\\/?s={search_term_string}\"},\"query-input\":{\"@type\":\"PropertyValueSpecification\",\"valueRequired\":true,\"valueName\":\"search_term_string\"}}],\"inLanguage\":\"fr-FR\"},{\"@type\":\"Organization\",\"@id\":\"https:\\\/\\\/www.info-algerie.com\\\/actualites\\\/#organization\",\"name\":\"info algerie\",\"url\":\"https:\\\/\\\/www.info-algerie.com\\\/actualites\\\/\",\"logo\":{\"@type\":\"ImageObject\",\"inLanguage\":\"fr-FR\",\"@id\":\"https:\\\/\\\/www.info-algerie.com\\\/actualites\\\/#\\\/schema\\\/logo\\\/image\\\/\",\"url\":\"https:\\\/\\\/www.info-algerie.com\\\/actualites\\\/wp-content\\\/uploads\\\/2022\\\/07\\\/logo-ia-120.png\",\"contentUrl\":\"https:\\\/\\\/www.info-algerie.com\\\/actualites\\\/wp-content\\\/uploads\\\/2022\\\/07\\\/logo-ia-120.png\",\"width\":120,\"height\":43,\"caption\":\"info algerie\"},\"image\":{\"@id\":\"https:\\\/\\\/www.info-algerie.com\\\/actualites\\\/#\\\/schema\\\/logo\\\/image\\\/\"},\"sameAs\":[\"https:\\\/\\\/www.facebook.com\\\/infoalgerieactu\",\"https:\\\/\\\/x.com\\\/infoalgerie1\"]},{\"@type\":\"Person\",\"@id\":\"https:\\\/\\\/www.info-algerie.com\\\/actualites\\\/#\\\/schema\\\/person\\\/847aaec44920825b843a08f30ec6aa1e\",\"name\":\"La r\u00e9daction\",\"image\":{\"@type\":\"ImageObject\",\"inLanguage\":\"fr-FR\",\"@id\":\"https:\\\/\\\/secure.gravatar.com\\\/avatar\\\/769db425c6f465158149f1ffd6cf61ce7a8a879d11dfbef8288af36dfddd418c?s=96&d=mm&r=g\",\"url\":\"https:\\\/\\\/secure.gravatar.com\\\/avatar\\\/769db425c6f465158149f1ffd6cf61ce7a8a879d11dfbef8288af36dfddd418c?s=96&d=mm&r=g\",\"contentUrl\":\"https:\\\/\\\/secure.gravatar.com\\\/avatar\\\/769db425c6f465158149f1ffd6cf61ce7a8a879d11dfbef8288af36dfddd418c?s=96&d=mm&r=g\",\"caption\":\"La r\u00e9daction\"},\"sameAs\":[\"http:\\\/\\\/www.lkeria.com\\\/\"],\"url\":\"https:\\\/\\\/www.info-algerie.com\\\/actualites\\\/author\\\/chakib32\\\/\"}]}<\/script>\n<!-- \/ Yoast SEO plugin. -->","yoast_head_json":{"title":"Mohamed A\u00efssa d\u00e9clare la guerre aux charlatans","description":"LE PH\u00c9NOM\u00c8NE NE CESSE DE PRENDRE DE L'AMPLEUR : Mohamed A\u00efssa d\u00e9clare la guerre aux charlatans cathodiques","robots":{"index":"index","follow":"follow","max-snippet":"max-snippet:-1","max-image-preview":"max-image-preview:large","max-video-preview":"max-video-preview:-1"},"canonical":"https:\/\/www.info-algerie.com\/actualites\/le-phenomene-ne-cesse-de-prendre-de-lampleur-mohamed-aissa-declare-la-guerre-aux-charlatans-cathodiques\/","og_locale":"fr_FR","og_type":"article","og_title":"Mohamed A\u00efssa d\u00e9clare la guerre aux charlatans","og_description":"LE PH\u00c9NOM\u00c8NE NE CESSE DE PRENDRE DE L'AMPLEUR : Mohamed A\u00efssa d\u00e9clare la guerre aux charlatans cathodiques","og_url":"https:\/\/www.info-algerie.com\/actualites\/le-phenomene-ne-cesse-de-prendre-de-lampleur-mohamed-aissa-declare-la-guerre-aux-charlatans-cathodiques\/","og_site_name":"info algerie","article_publisher":"https:\/\/www.facebook.com\/infoalgerieactu","article_published_time":"2015-10-23T23:00:00+00:00","article_modified_time":"2015-10-24T10:43:00+00:00","og_image":[{"width":400,"height":266,"url":"https:\/\/www.info-algerie.com\/actualites\/wp-content\/uploads\/2015\/10\/guerre-aux-charlatans-cathodiques.jpg","type":"image\/jpeg"}],"author":"La r\u00e9daction","twitter_misc":{"\u00c9crit par":"La r\u00e9daction","Dur\u00e9e de lecture estim\u00e9e":"3 minutes"},"schema":{"@context":"https:\/\/schema.org","@graph":[{"@type":"Article","@id":"https:\/\/www.info-algerie.com\/actualites\/le-phenomene-ne-cesse-de-prendre-de-lampleur-mohamed-aissa-declare-la-guerre-aux-charlatans-cathodiques\/#article","isPartOf":{"@id":"https:\/\/www.info-algerie.com\/actualites\/le-phenomene-ne-cesse-de-prendre-de-lampleur-mohamed-aissa-declare-la-guerre-aux-charlatans-cathodiques\/"},"author":{"name":"La r\u00e9daction","@id":"https:\/\/www.info-algerie.com\/actualites\/#\/schema\/person\/847aaec44920825b843a08f30ec6aa1e"},"headline":"LE PH\u00c9NOM\u00c8NE NE CESSE DE PRENDRE DE L&rsquo;AMPLEUR : Mohamed A\u00efssa d\u00e9clare la guerre aux charlatans cathodiques","datePublished":"2015-10-23T23:00:00+00:00","dateModified":"2015-10-24T10:43:00+00:00","mainEntityOfPage":{"@id":"https:\/\/www.info-algerie.com\/actualites\/le-phenomene-ne-cesse-de-prendre-de-lampleur-mohamed-aissa-declare-la-guerre-aux-charlatans-cathodiques\/"},"wordCount":609,"commentCount":0,"publisher":{"@id":"https:\/\/www.info-algerie.com\/actualites\/#organization"},"image":{"@id":"https:\/\/www.info-algerie.com\/actualites\/le-phenomene-ne-cesse-de-prendre-de-lampleur-mohamed-aissa-declare-la-guerre-aux-charlatans-cathodiques\/#primaryimage"},"thumbnailUrl":"https:\/\/www.info-algerie.com\/actualites\/wp-content\/uploads\/2015\/10\/guerre-aux-charlatans-cathodiques.jpg","keywords":["ONU"],"articleSection":["infos"],"inLanguage":"fr-FR","potentialAction":[{"@type":"CommentAction","name":"Comment","target":["https:\/\/www.info-algerie.com\/actualites\/le-phenomene-ne-cesse-de-prendre-de-lampleur-mohamed-aissa-declare-la-guerre-aux-charlatans-cathodiques\/#respond"]}]},{"@type":"WebPage","@id":"https:\/\/www.info-algerie.com\/actualites\/le-phenomene-ne-cesse-de-prendre-de-lampleur-mohamed-aissa-declare-la-guerre-aux-charlatans-cathodiques\/","url":"https:\/\/www.info-algerie.com\/actualites\/le-phenomene-ne-cesse-de-prendre-de-lampleur-mohamed-aissa-declare-la-guerre-aux-charlatans-cathodiques\/","name":"Mohamed A\u00efssa d\u00e9clare la guerre aux charlatans","isPartOf":{"@id":"https:\/\/www.info-algerie.com\/actualites\/#website"},"primaryImageOfPage":{"@id":"https:\/\/www.info-algerie.com\/actualites\/le-phenomene-ne-cesse-de-prendre-de-lampleur-mohamed-aissa-declare-la-guerre-aux-charlatans-cathodiques\/#primaryimage"},"image":{"@id":"https:\/\/www.info-algerie.com\/actualites\/le-phenomene-ne-cesse-de-prendre-de-lampleur-mohamed-aissa-declare-la-guerre-aux-charlatans-cathodiques\/#primaryimage"},"thumbnailUrl":"https:\/\/www.info-algerie.com\/actualites\/wp-content\/uploads\/2015\/10\/guerre-aux-charlatans-cathodiques.jpg","datePublished":"2015-10-23T23:00:00+00:00","dateModified":"2015-10-24T10:43:00+00:00","description":"LE PH\u00c9NOM\u00c8NE NE CESSE DE PRENDRE DE L'AMPLEUR : Mohamed A\u00efssa d\u00e9clare la guerre aux charlatans cathodiques","breadcrumb":{"@id":"https:\/\/www.info-algerie.com\/actualites\/le-phenomene-ne-cesse-de-prendre-de-lampleur-mohamed-aissa-declare-la-guerre-aux-charlatans-cathodiques\/#breadcrumb"},"inLanguage":"fr-FR","potentialAction":[{"@type":"ReadAction","target":["https:\/\/www.info-algerie.com\/actualites\/le-phenomene-ne-cesse-de-prendre-de-lampleur-mohamed-aissa-declare-la-guerre-aux-charlatans-cathodiques\/"]}]},{"@type":"ImageObject","inLanguage":"fr-FR","@id":"https:\/\/www.info-algerie.com\/actualites\/le-phenomene-ne-cesse-de-prendre-de-lampleur-mohamed-aissa-declare-la-guerre-aux-charlatans-cathodiques\/#primaryimage","url":"https:\/\/www.info-algerie.com\/actualites\/wp-content\/uploads\/2015\/10\/guerre-aux-charlatans-cathodiques.jpg","contentUrl":"https:\/\/www.info-algerie.com\/actualites\/wp-content\/uploads\/2015\/10\/guerre-aux-charlatans-cathodiques.jpg","width":400,"height":266,"caption":"guerre aux charlatans cathodiques"},{"@type":"BreadcrumbList","@id":"https:\/\/www.info-algerie.com\/actualites\/le-phenomene-ne-cesse-de-prendre-de-lampleur-mohamed-aissa-declare-la-guerre-aux-charlatans-cathodiques\/#breadcrumb","itemListElement":[{"@type":"ListItem","position":1,"name":"Accueil","item":"https:\/\/www.info-algerie.com\/actualites\/"},{"@type":"ListItem","position":2,"name":"LE PH\u00c9NOM\u00c8NE NE CESSE DE PRENDRE DE L&rsquo;AMPLEUR : Mohamed A\u00efssa d\u00e9clare la guerre aux charlatans cathodiques"}]},{"@type":"WebSite","@id":"https:\/\/www.info-algerie.com\/actualites\/#website","url":"https:\/\/www.info-algerie.com\/actualites\/","name":"info algerie","description":"Toutes les actualit\u00e9s","publisher":{"@id":"https:\/\/www.info-algerie.com\/actualites\/#organization"},"potentialAction":[{"@type":"SearchAction","target":{"@type":"EntryPoint","urlTemplate":"https:\/\/www.info-algerie.com\/actualites\/?s={search_term_string}"},"query-input":{"@type":"PropertyValueSpecification","valueRequired":true,"valueName":"search_term_string"}}],"inLanguage":"fr-FR"},{"@type":"Organization","@id":"https:\/\/www.info-algerie.com\/actualites\/#organization","name":"info algerie","url":"https:\/\/www.info-algerie.com\/actualites\/","logo":{"@type":"ImageObject","inLanguage":"fr-FR","@id":"https:\/\/www.info-algerie.com\/actualites\/#\/schema\/logo\/image\/","url":"https:\/\/www.info-algerie.com\/actualites\/wp-content\/uploads\/2022\/07\/logo-ia-120.png","contentUrl":"https:\/\/www.info-algerie.com\/actualites\/wp-content\/uploads\/2022\/07\/logo-ia-120.png","width":120,"height":43,"caption":"info algerie"},"image":{"@id":"https:\/\/www.info-algerie.com\/actualites\/#\/schema\/logo\/image\/"},"sameAs":["https:\/\/www.facebook.com\/infoalgerieactu","https:\/\/x.com\/infoalgerie1"]},{"@type":"Person","@id":"https:\/\/www.info-algerie.com\/actualites\/#\/schema\/person\/847aaec44920825b843a08f30ec6aa1e","name":"La r\u00e9daction","image":{"@type":"ImageObject","inLanguage":"fr-FR","@id":"https:\/\/secure.gravatar.com\/avatar\/769db425c6f465158149f1ffd6cf61ce7a8a879d11dfbef8288af36dfddd418c?s=96&d=mm&r=g","url":"https:\/\/secure.gravatar.com\/avatar\/769db425c6f465158149f1ffd6cf61ce7a8a879d11dfbef8288af36dfddd418c?s=96&d=mm&r=g","contentUrl":"https:\/\/secure.gravatar.com\/avatar\/769db425c6f465158149f1ffd6cf61ce7a8a879d11dfbef8288af36dfddd418c?s=96&d=mm&r=g","caption":"La r\u00e9daction"},"sameAs":["http:\/\/www.lkeria.com\/"],"url":"https:\/\/www.info-algerie.com\/actualites\/author\/chakib32\/"}]}},"_links":{"self":[{"href":"https:\/\/www.info-algerie.com\/actualites\/wp-json\/wp\/v2\/posts\/1477","targetHints":{"allow":["GET"]}}],"collection":[{"href":"https:\/\/www.info-algerie.com\/actualites\/wp-json\/wp\/v2\/posts"}],"about":[{"href":"https:\/\/www.info-algerie.com\/actualites\/wp-json\/wp\/v2\/types\/post"}],"author":[{"embeddable":true,"href":"https:\/\/www.info-algerie.com\/actualites\/wp-json\/wp\/v2\/users\/6"}],"replies":[{"embeddable":true,"href":"https:\/\/www.info-algerie.com\/actualites\/wp-json\/wp\/v2\/comments?post=1477"}],"version-history":[{"count":2,"href":"https:\/\/www.info-algerie.com\/actualites\/wp-json\/wp\/v2\/posts\/1477\/revisions"}],"predecessor-version":[{"id":1502,"href":"https:\/\/www.info-algerie.com\/actualites\/wp-json\/wp\/v2\/posts\/1477\/revisions\/1502"}],"wp:featuredmedia":[{"embeddable":true,"href":"https:\/\/www.info-algerie.com\/actualites\/wp-json\/wp\/v2\/media\/1501"}],"wp:attachment":[{"href":"https:\/\/www.info-algerie.com\/actualites\/wp-json\/wp\/v2\/media?parent=1477"}],"wp:term":[{"taxonomy":"category","embeddable":true,"href":"https:\/\/www.info-algerie.com\/actualites\/wp-json\/wp\/v2\/categories?post=1477"},{"taxonomy":"post_tag","embeddable":true,"href":"https:\/\/www.info-algerie.com\/actualites\/wp-json\/wp\/v2\/tags?post=1477"}],"curies":[{"name":"wp","href":"https:\/\/api.w.org\/{rel}","templated":true}]}}