{"id":14770,"date":"2017-08-05T14:45:05","date_gmt":"2017-08-05T13:45:05","guid":{"rendered":"http:\/\/www.info-algerie.com\/actualites\/le-ministere-de-la-communication-installe-un-fil-rouge-special-incendies-de-forets-au-niveau-des-radios-locales\/"},"modified":"2017-08-05T14:45:05","modified_gmt":"2017-08-05T13:45:05","slug":"le-ministere-de-la-communication-installe-un-fil-rouge-special-incendies-de-forets-au-niveau-des-radios-locales","status":"publish","type":"post","link":"https:\/\/www.info-algerie.com\/actualites\/le-ministere-de-la-communication-installe-un-fil-rouge-special-incendies-de-forets-au-niveau-des-radios-locales\/","title":{"rendered":"Le minist\u00e8re de la Communication installe un fil rouge sp\u00e9cial incendies de for\u00eats au niveau des radios locales"},"content":{"rendered":"<div class=\"K2FeedImage\"><img decoding=\"async\" src=\"https:\/\/www.info-algerie.com\/actualites\/wp-content\/uploads\/2017\/08\/22d442b00108828ea590b36c955b5d62_S.jpg\" alt=\"Le minist&#xE8;re de la Communication installe un fil rouge sp&#xE9;cial incendies de for&#xEA;ts au niveau des radios locales\" \/><\/div>\n<div class=\"K2FeedIntroText\">\n<p>ALGER &#8211; Le minist\u00e8re de la Communication a install\u00e9 samedi un fil rouge sp\u00e9cial incendies de for\u00eats au niveau de l&rsquo;ensemble des radios locales dans les 48 wilayas du pays, a indiqu\u00e9 un communiqu\u00e9 du minist\u00e8re.\u00a0<\/p>\n<p>&#013;\n<\/p><\/div>\n<div class=\"K2FeedFullText\">&#013;<\/p>\n<p>\u00ab\u00a0Le fil rouge aura vocation d&rsquo;\u00eatre une passerelle et une plateforme de communication d&rsquo;urgence en mettant 24h\/24 et 7jrs\/7, des lignes t\u00e9l\u00e9phoniques et tout autre m\u00e9dia \u00e0 disposition des citoyens afin de permettre aux radios locales de relayer toutes sortes d&rsquo;informations citoyennes et\/ou institutionnelle susceptibles de contribuer, avec l&rsquo;ensemble des acteurs institutionnels qui sont pr\u00e9sents sur le terrain des op\u00e9rations, \u00e0 sensibiliser contre le fl\u00e9au, \u00e0 pr\u00e9venir des d\u00e9parts de feux, \u00e0 voler au secours des personnes en d\u00e9tresse et \u00e0 favoriser une fluidit\u00e9 de la circulation de l&rsquo;information et de pr\u00e9vention\u00a0\u00bb, a pr\u00e9cis\u00e9 la m\u00eame source.<\/p>\n<p>&#013;<\/p>\n<p>\u00a0<\/p>\n<\/div>\n<p>&#013;<br \/>\nSource: <a href=\"http:\/\/www.aps.dz\/algerie\/61437-le-ministere-de-la-communication-installe-un-fil-rouge-special-incendies-de-forets-au-niveau-des-radios-locales\" target=\"_blank\">Le minist\u00e8re de la Communication installe un fil rouge sp\u00e9cial incendies de for\u00eats au niveau des radios locales<\/a><\/p>\n<!--CusAds0-->\n<div style=\"font-size: 0px; height: 0px; line-height: 0px; margin: 0; padding: 0; clear: both;\"><\/div>","protected":false},"excerpt":{"rendered":"<p>ALGER &#8211; Le minist\u00e8re de la Communication a install\u00e9 samedi un fil rouge sp\u00e9cial incendies de for\u00eats au niveau de l&rsquo;ensemble des radios locales dans les 48 wilayas du pays, a indiqu\u00e9 un communiqu\u00e9 du minist\u00e8re.\u00a0 &#013; &#013; \u00ab\u00a0Le fil rouge aura vocation d&rsquo;\u00eatre une passerelle et une plateforme de communication d&rsquo;urgence en mettant 24h\/24<\/p>\n","protected":false},"author":6,"featured_media":14771,"comment_status":"open","ping_status":"open","sticky":false,"template":"","format":"standard","meta":{"footnotes":""},"categories":[22],"tags":[93],"class_list":["post-14770","post","type-post","status-publish","format-standard","has-post-thumbnail","hentry","category-infos","tag-onu"],"yoast_head":"<!-- This site is optimized with the Yoast SEO plugin v27.5 - https:\/\/yoast.com\/product\/yoast-seo-wordpress\/ -->\n<title>Le minist\u00e8re de la Communication installe un fil rouge sp\u00e9cial incendies de for\u00eats au niveau des radios locales - info algerie<\/title>\n<meta name=\"robots\" content=\"index, follow, max-snippet:-1, max-image-preview:large, max-video-preview:-1\" \/>\n<link rel=\"canonical\" href=\"https:\/\/www.info-algerie.com\/actualites\/le-ministere-de-la-communication-installe-un-fil-rouge-special-incendies-de-forets-au-niveau-des-radios-locales\/\" \/>\n<meta property=\"og:locale\" content=\"fr_FR\" \/>\n<meta property=\"og:type\" content=\"article\" \/>\n<meta property=\"og:title\" content=\"Le minist\u00e8re de la Communication installe un fil rouge sp\u00e9cial incendies de for\u00eats au niveau des radios locales - info algerie\" \/>\n<meta property=\"og:description\" content=\"ALGER &#8211; Le minist\u00e8re de la Communication a install\u00e9 samedi un fil rouge sp\u00e9cial incendies de for\u00eats au niveau de l&rsquo;ensemble des radios locales dans les 48 wilayas du pays, a indiqu\u00e9 un communiqu\u00e9 du minist\u00e8re.\u00a0 &#013; &#013; \u00ab\u00a0Le fil rouge aura vocation d&rsquo;\u00eatre une passerelle et une plateforme de communication d&rsquo;urgence en mettant 24h\/24\" \/>\n<meta property=\"og:url\" content=\"https:\/\/www.info-algerie.com\/actualites\/le-ministere-de-la-communication-installe-un-fil-rouge-special-incendies-de-forets-au-niveau-des-radios-locales\/\" \/>\n<meta property=\"og:site_name\" content=\"info algerie\" \/>\n<meta property=\"article:publisher\" content=\"https:\/\/www.facebook.com\/infoalgerieactu\" \/>\n<meta property=\"article:published_time\" content=\"2017-08-05T13:45:05+00:00\" \/>\n<meta property=\"og:image\" content=\"https:\/\/www.info-algerie.com\/actualites\/wp-content\/uploads\/2017\/08\/22d442b00108828ea590b36c955b5d62_S-1.jpg\" \/>\n\t<meta property=\"og:image:width\" content=\"280\" \/>\n\t<meta property=\"og:image:height\" content=\"169\" \/>\n\t<meta property=\"og:image:type\" content=\"image\/jpeg\" \/>\n<meta name=\"author\" content=\"La r\u00e9daction\" \/>\n<meta name=\"twitter:label1\" content=\"\u00c9crit par\" \/>\n\t<meta name=\"twitter:data1\" content=\"La r\u00e9daction\" \/>\n\t<meta name=\"twitter:label2\" content=\"Dur\u00e9e de lecture estim\u00e9e\" \/>\n\t<meta name=\"twitter:data2\" content=\"1 minute\" \/>\n<script type=\"application\/ld+json\" class=\"yoast-schema-graph\">{\"@context\":\"https:\\\/\\\/schema.org\",\"@graph\":[{\"@type\":\"Article\",\"@id\":\"https:\\\/\\\/www.info-algerie.com\\\/actualites\\\/le-ministere-de-la-communication-installe-un-fil-rouge-special-incendies-de-forets-au-niveau-des-radios-locales\\\/#article\",\"isPartOf\":{\"@id\":\"https:\\\/\\\/www.info-algerie.com\\\/actualites\\\/le-ministere-de-la-communication-installe-un-fil-rouge-special-incendies-de-forets-au-niveau-des-radios-locales\\\/\"},\"author\":{\"name\":\"La r\u00e9daction\",\"@id\":\"https:\\\/\\\/www.info-algerie.com\\\/actualites\\\/#\\\/schema\\\/person\\\/847aaec44920825b843a08f30ec6aa1e\"},\"headline\":\"Le minist\u00e8re de la Communication installe un fil rouge sp\u00e9cial incendies de for\u00eats au niveau des radios locales\",\"datePublished\":\"2017-08-05T13:45:05+00:00\",\"mainEntityOfPage\":{\"@id\":\"https:\\\/\\\/www.info-algerie.com\\\/actualites\\\/le-ministere-de-la-communication-installe-un-fil-rouge-special-incendies-de-forets-au-niveau-des-radios-locales\\\/\"},\"wordCount\":193,\"commentCount\":0,\"publisher\":{\"@id\":\"https:\\\/\\\/www.info-algerie.com\\\/actualites\\\/#organization\"},\"image\":{\"@id\":\"https:\\\/\\\/www.info-algerie.com\\\/actualites\\\/le-ministere-de-la-communication-installe-un-fil-rouge-special-incendies-de-forets-au-niveau-des-radios-locales\\\/#primaryimage\"},\"thumbnailUrl\":\"https:\\\/\\\/www.info-algerie.com\\\/actualites\\\/wp-content\\\/uploads\\\/2017\\\/08\\\/22d442b00108828ea590b36c955b5d62_S-1.jpg\",\"keywords\":[\"ONU\"],\"articleSection\":[\"infos\"],\"inLanguage\":\"fr-FR\",\"potentialAction\":[{\"@type\":\"CommentAction\",\"name\":\"Comment\",\"target\":[\"https:\\\/\\\/www.info-algerie.com\\\/actualites\\\/le-ministere-de-la-communication-installe-un-fil-rouge-special-incendies-de-forets-au-niveau-des-radios-locales\\\/#respond\"]}]},{\"@type\":\"WebPage\",\"@id\":\"https:\\\/\\\/www.info-algerie.com\\\/actualites\\\/le-ministere-de-la-communication-installe-un-fil-rouge-special-incendies-de-forets-au-niveau-des-radios-locales\\\/\",\"url\":\"https:\\\/\\\/www.info-algerie.com\\\/actualites\\\/le-ministere-de-la-communication-installe-un-fil-rouge-special-incendies-de-forets-au-niveau-des-radios-locales\\\/\",\"name\":\"Le minist\u00e8re de la Communication installe un fil rouge sp\u00e9cial incendies de for\u00eats au niveau des radios locales - info algerie\",\"isPartOf\":{\"@id\":\"https:\\\/\\\/www.info-algerie.com\\\/actualites\\\/#website\"},\"primaryImageOfPage\":{\"@id\":\"https:\\\/\\\/www.info-algerie.com\\\/actualites\\\/le-ministere-de-la-communication-installe-un-fil-rouge-special-incendies-de-forets-au-niveau-des-radios-locales\\\/#primaryimage\"},\"image\":{\"@id\":\"https:\\\/\\\/www.info-algerie.com\\\/actualites\\\/le-ministere-de-la-communication-installe-un-fil-rouge-special-incendies-de-forets-au-niveau-des-radios-locales\\\/#primaryimage\"},\"thumbnailUrl\":\"https:\\\/\\\/www.info-algerie.com\\\/actualites\\\/wp-content\\\/uploads\\\/2017\\\/08\\\/22d442b00108828ea590b36c955b5d62_S-1.jpg\",\"datePublished\":\"2017-08-05T13:45:05+00:00\",\"breadcrumb\":{\"@id\":\"https:\\\/\\\/www.info-algerie.com\\\/actualites\\\/le-ministere-de-la-communication-installe-un-fil-rouge-special-incendies-de-forets-au-niveau-des-radios-locales\\\/#breadcrumb\"},\"inLanguage\":\"fr-FR\",\"potentialAction\":[{\"@type\":\"ReadAction\",\"target\":[\"https:\\\/\\\/www.info-algerie.com\\\/actualites\\\/le-ministere-de-la-communication-installe-un-fil-rouge-special-incendies-de-forets-au-niveau-des-radios-locales\\\/\"]}]},{\"@type\":\"ImageObject\",\"inLanguage\":\"fr-FR\",\"@id\":\"https:\\\/\\\/www.info-algerie.com\\\/actualites\\\/le-ministere-de-la-communication-installe-un-fil-rouge-special-incendies-de-forets-au-niveau-des-radios-locales\\\/#primaryimage\",\"url\":\"https:\\\/\\\/www.info-algerie.com\\\/actualites\\\/wp-content\\\/uploads\\\/2017\\\/08\\\/22d442b00108828ea590b36c955b5d62_S-1.jpg\",\"contentUrl\":\"https:\\\/\\\/www.info-algerie.com\\\/actualites\\\/wp-content\\\/uploads\\\/2017\\\/08\\\/22d442b00108828ea590b36c955b5d62_S-1.jpg\",\"width\":280,\"height\":169},{\"@type\":\"BreadcrumbList\",\"@id\":\"https:\\\/\\\/www.info-algerie.com\\\/actualites\\\/le-ministere-de-la-communication-installe-un-fil-rouge-special-incendies-de-forets-au-niveau-des-radios-locales\\\/#breadcrumb\",\"itemListElement\":[{\"@type\":\"ListItem\",\"position\":1,\"name\":\"Accueil\",\"item\":\"https:\\\/\\\/www.info-algerie.com\\\/actualites\\\/\"},{\"@type\":\"ListItem\",\"position\":2,\"name\":\"Le minist\u00e8re de la Communication installe un fil rouge sp\u00e9cial incendies de for\u00eats au niveau des radios locales\"}]},{\"@type\":\"WebSite\",\"@id\":\"https:\\\/\\\/www.info-algerie.com\\\/actualites\\\/#website\",\"url\":\"https:\\\/\\\/www.info-algerie.com\\\/actualites\\\/\",\"name\":\"info algerie\",\"description\":\"Toutes les actualit\u00e9s\",\"publisher\":{\"@id\":\"https:\\\/\\\/www.info-algerie.com\\\/actualites\\\/#organization\"},\"potentialAction\":[{\"@type\":\"SearchAction\",\"target\":{\"@type\":\"EntryPoint\",\"urlTemplate\":\"https:\\\/\\\/www.info-algerie.com\\\/actualites\\\/?s={search_term_string}\"},\"query-input\":{\"@type\":\"PropertyValueSpecification\",\"valueRequired\":true,\"valueName\":\"search_term_string\"}}],\"inLanguage\":\"fr-FR\"},{\"@type\":\"Organization\",\"@id\":\"https:\\\/\\\/www.info-algerie.com\\\/actualites\\\/#organization\",\"name\":\"info algerie\",\"url\":\"https:\\\/\\\/www.info-algerie.com\\\/actualites\\\/\",\"logo\":{\"@type\":\"ImageObject\",\"inLanguage\":\"fr-FR\",\"@id\":\"https:\\\/\\\/www.info-algerie.com\\\/actualites\\\/#\\\/schema\\\/logo\\\/image\\\/\",\"url\":\"https:\\\/\\\/www.info-algerie.com\\\/actualites\\\/wp-content\\\/uploads\\\/2022\\\/07\\\/logo-ia-120.png\",\"contentUrl\":\"https:\\\/\\\/www.info-algerie.com\\\/actualites\\\/wp-content\\\/uploads\\\/2022\\\/07\\\/logo-ia-120.png\",\"width\":120,\"height\":43,\"caption\":\"info algerie\"},\"image\":{\"@id\":\"https:\\\/\\\/www.info-algerie.com\\\/actualites\\\/#\\\/schema\\\/logo\\\/image\\\/\"},\"sameAs\":[\"https:\\\/\\\/www.facebook.com\\\/infoalgerieactu\",\"https:\\\/\\\/x.com\\\/infoalgerie1\"]},{\"@type\":\"Person\",\"@id\":\"https:\\\/\\\/www.info-algerie.com\\\/actualites\\\/#\\\/schema\\\/person\\\/847aaec44920825b843a08f30ec6aa1e\",\"name\":\"La r\u00e9daction\",\"image\":{\"@type\":\"ImageObject\",\"inLanguage\":\"fr-FR\",\"@id\":\"https:\\\/\\\/secure.gravatar.com\\\/avatar\\\/769db425c6f465158149f1ffd6cf61ce7a8a879d11dfbef8288af36dfddd418c?s=96&d=mm&r=g\",\"url\":\"https:\\\/\\\/secure.gravatar.com\\\/avatar\\\/769db425c6f465158149f1ffd6cf61ce7a8a879d11dfbef8288af36dfddd418c?s=96&d=mm&r=g\",\"contentUrl\":\"https:\\\/\\\/secure.gravatar.com\\\/avatar\\\/769db425c6f465158149f1ffd6cf61ce7a8a879d11dfbef8288af36dfddd418c?s=96&d=mm&r=g\",\"caption\":\"La r\u00e9daction\"},\"sameAs\":[\"http:\\\/\\\/www.lkeria.com\\\/\"],\"url\":\"https:\\\/\\\/www.info-algerie.com\\\/actualites\\\/author\\\/chakib32\\\/\"}]}<\/script>\n<!-- \/ Yoast SEO plugin. -->","yoast_head_json":{"title":"Le minist\u00e8re de la Communication installe un fil rouge sp\u00e9cial incendies de for\u00eats au niveau des radios locales - info algerie","robots":{"index":"index","follow":"follow","max-snippet":"max-snippet:-1","max-image-preview":"max-image-preview:large","max-video-preview":"max-video-preview:-1"},"canonical":"https:\/\/www.info-algerie.com\/actualites\/le-ministere-de-la-communication-installe-un-fil-rouge-special-incendies-de-forets-au-niveau-des-radios-locales\/","og_locale":"fr_FR","og_type":"article","og_title":"Le minist\u00e8re de la Communication installe un fil rouge sp\u00e9cial incendies de for\u00eats au niveau des radios locales - info algerie","og_description":"ALGER &#8211; Le minist\u00e8re de la Communication a install\u00e9 samedi un fil rouge sp\u00e9cial incendies de for\u00eats au niveau de l&rsquo;ensemble des radios locales dans les 48 wilayas du pays, a indiqu\u00e9 un communiqu\u00e9 du minist\u00e8re.\u00a0 &#013; &#013; \u00ab\u00a0Le fil rouge aura vocation d&rsquo;\u00eatre une passerelle et une plateforme de communication d&rsquo;urgence en mettant 24h\/24","og_url":"https:\/\/www.info-algerie.com\/actualites\/le-ministere-de-la-communication-installe-un-fil-rouge-special-incendies-de-forets-au-niveau-des-radios-locales\/","og_site_name":"info algerie","article_publisher":"https:\/\/www.facebook.com\/infoalgerieactu","article_published_time":"2017-08-05T13:45:05+00:00","og_image":[{"width":280,"height":169,"url":"https:\/\/www.info-algerie.com\/actualites\/wp-content\/uploads\/2017\/08\/22d442b00108828ea590b36c955b5d62_S-1.jpg","type":"image\/jpeg"}],"author":"La r\u00e9daction","twitter_misc":{"\u00c9crit par":"La r\u00e9daction","Dur\u00e9e de lecture estim\u00e9e":"1 minute"},"schema":{"@context":"https:\/\/schema.org","@graph":[{"@type":"Article","@id":"https:\/\/www.info-algerie.com\/actualites\/le-ministere-de-la-communication-installe-un-fil-rouge-special-incendies-de-forets-au-niveau-des-radios-locales\/#article","isPartOf":{"@id":"https:\/\/www.info-algerie.com\/actualites\/le-ministere-de-la-communication-installe-un-fil-rouge-special-incendies-de-forets-au-niveau-des-radios-locales\/"},"author":{"name":"La r\u00e9daction","@id":"https:\/\/www.info-algerie.com\/actualites\/#\/schema\/person\/847aaec44920825b843a08f30ec6aa1e"},"headline":"Le minist\u00e8re de la Communication installe un fil rouge sp\u00e9cial incendies de for\u00eats au niveau des radios locales","datePublished":"2017-08-05T13:45:05+00:00","mainEntityOfPage":{"@id":"https:\/\/www.info-algerie.com\/actualites\/le-ministere-de-la-communication-installe-un-fil-rouge-special-incendies-de-forets-au-niveau-des-radios-locales\/"},"wordCount":193,"commentCount":0,"publisher":{"@id":"https:\/\/www.info-algerie.com\/actualites\/#organization"},"image":{"@id":"https:\/\/www.info-algerie.com\/actualites\/le-ministere-de-la-communication-installe-un-fil-rouge-special-incendies-de-forets-au-niveau-des-radios-locales\/#primaryimage"},"thumbnailUrl":"https:\/\/www.info-algerie.com\/actualites\/wp-content\/uploads\/2017\/08\/22d442b00108828ea590b36c955b5d62_S-1.jpg","keywords":["ONU"],"articleSection":["infos"],"inLanguage":"fr-FR","potentialAction":[{"@type":"CommentAction","name":"Comment","target":["https:\/\/www.info-algerie.com\/actualites\/le-ministere-de-la-communication-installe-un-fil-rouge-special-incendies-de-forets-au-niveau-des-radios-locales\/#respond"]}]},{"@type":"WebPage","@id":"https:\/\/www.info-algerie.com\/actualites\/le-ministere-de-la-communication-installe-un-fil-rouge-special-incendies-de-forets-au-niveau-des-radios-locales\/","url":"https:\/\/www.info-algerie.com\/actualites\/le-ministere-de-la-communication-installe-un-fil-rouge-special-incendies-de-forets-au-niveau-des-radios-locales\/","name":"Le minist\u00e8re de la Communication installe un fil rouge sp\u00e9cial incendies de for\u00eats au niveau des radios locales - info algerie","isPartOf":{"@id":"https:\/\/www.info-algerie.com\/actualites\/#website"},"primaryImageOfPage":{"@id":"https:\/\/www.info-algerie.com\/actualites\/le-ministere-de-la-communication-installe-un-fil-rouge-special-incendies-de-forets-au-niveau-des-radios-locales\/#primaryimage"},"image":{"@id":"https:\/\/www.info-algerie.com\/actualites\/le-ministere-de-la-communication-installe-un-fil-rouge-special-incendies-de-forets-au-niveau-des-radios-locales\/#primaryimage"},"thumbnailUrl":"https:\/\/www.info-algerie.com\/actualites\/wp-content\/uploads\/2017\/08\/22d442b00108828ea590b36c955b5d62_S-1.jpg","datePublished":"2017-08-05T13:45:05+00:00","breadcrumb":{"@id":"https:\/\/www.info-algerie.com\/actualites\/le-ministere-de-la-communication-installe-un-fil-rouge-special-incendies-de-forets-au-niveau-des-radios-locales\/#breadcrumb"},"inLanguage":"fr-FR","potentialAction":[{"@type":"ReadAction","target":["https:\/\/www.info-algerie.com\/actualites\/le-ministere-de-la-communication-installe-un-fil-rouge-special-incendies-de-forets-au-niveau-des-radios-locales\/"]}]},{"@type":"ImageObject","inLanguage":"fr-FR","@id":"https:\/\/www.info-algerie.com\/actualites\/le-ministere-de-la-communication-installe-un-fil-rouge-special-incendies-de-forets-au-niveau-des-radios-locales\/#primaryimage","url":"https:\/\/www.info-algerie.com\/actualites\/wp-content\/uploads\/2017\/08\/22d442b00108828ea590b36c955b5d62_S-1.jpg","contentUrl":"https:\/\/www.info-algerie.com\/actualites\/wp-content\/uploads\/2017\/08\/22d442b00108828ea590b36c955b5d62_S-1.jpg","width":280,"height":169},{"@type":"BreadcrumbList","@id":"https:\/\/www.info-algerie.com\/actualites\/le-ministere-de-la-communication-installe-un-fil-rouge-special-incendies-de-forets-au-niveau-des-radios-locales\/#breadcrumb","itemListElement":[{"@type":"ListItem","position":1,"name":"Accueil","item":"https:\/\/www.info-algerie.com\/actualites\/"},{"@type":"ListItem","position":2,"name":"Le minist\u00e8re de la Communication installe un fil rouge sp\u00e9cial incendies de for\u00eats au niveau des radios locales"}]},{"@type":"WebSite","@id":"https:\/\/www.info-algerie.com\/actualites\/#website","url":"https:\/\/www.info-algerie.com\/actualites\/","name":"info algerie","description":"Toutes les actualit\u00e9s","publisher":{"@id":"https:\/\/www.info-algerie.com\/actualites\/#organization"},"potentialAction":[{"@type":"SearchAction","target":{"@type":"EntryPoint","urlTemplate":"https:\/\/www.info-algerie.com\/actualites\/?s={search_term_string}"},"query-input":{"@type":"PropertyValueSpecification","valueRequired":true,"valueName":"search_term_string"}}],"inLanguage":"fr-FR"},{"@type":"Organization","@id":"https:\/\/www.info-algerie.com\/actualites\/#organization","name":"info algerie","url":"https:\/\/www.info-algerie.com\/actualites\/","logo":{"@type":"ImageObject","inLanguage":"fr-FR","@id":"https:\/\/www.info-algerie.com\/actualites\/#\/schema\/logo\/image\/","url":"https:\/\/www.info-algerie.com\/actualites\/wp-content\/uploads\/2022\/07\/logo-ia-120.png","contentUrl":"https:\/\/www.info-algerie.com\/actualites\/wp-content\/uploads\/2022\/07\/logo-ia-120.png","width":120,"height":43,"caption":"info algerie"},"image":{"@id":"https:\/\/www.info-algerie.com\/actualites\/#\/schema\/logo\/image\/"},"sameAs":["https:\/\/www.facebook.com\/infoalgerieactu","https:\/\/x.com\/infoalgerie1"]},{"@type":"Person","@id":"https:\/\/www.info-algerie.com\/actualites\/#\/schema\/person\/847aaec44920825b843a08f30ec6aa1e","name":"La r\u00e9daction","image":{"@type":"ImageObject","inLanguage":"fr-FR","@id":"https:\/\/secure.gravatar.com\/avatar\/769db425c6f465158149f1ffd6cf61ce7a8a879d11dfbef8288af36dfddd418c?s=96&d=mm&r=g","url":"https:\/\/secure.gravatar.com\/avatar\/769db425c6f465158149f1ffd6cf61ce7a8a879d11dfbef8288af36dfddd418c?s=96&d=mm&r=g","contentUrl":"https:\/\/secure.gravatar.com\/avatar\/769db425c6f465158149f1ffd6cf61ce7a8a879d11dfbef8288af36dfddd418c?s=96&d=mm&r=g","caption":"La r\u00e9daction"},"sameAs":["http:\/\/www.lkeria.com\/"],"url":"https:\/\/www.info-algerie.com\/actualites\/author\/chakib32\/"}]}},"_links":{"self":[{"href":"https:\/\/www.info-algerie.com\/actualites\/wp-json\/wp\/v2\/posts\/14770","targetHints":{"allow":["GET"]}}],"collection":[{"href":"https:\/\/www.info-algerie.com\/actualites\/wp-json\/wp\/v2\/posts"}],"about":[{"href":"https:\/\/www.info-algerie.com\/actualites\/wp-json\/wp\/v2\/types\/post"}],"author":[{"embeddable":true,"href":"https:\/\/www.info-algerie.com\/actualites\/wp-json\/wp\/v2\/users\/6"}],"replies":[{"embeddable":true,"href":"https:\/\/www.info-algerie.com\/actualites\/wp-json\/wp\/v2\/comments?post=14770"}],"version-history":[{"count":0,"href":"https:\/\/www.info-algerie.com\/actualites\/wp-json\/wp\/v2\/posts\/14770\/revisions"}],"wp:featuredmedia":[{"embeddable":true,"href":"https:\/\/www.info-algerie.com\/actualites\/wp-json\/wp\/v2\/media\/14771"}],"wp:attachment":[{"href":"https:\/\/www.info-algerie.com\/actualites\/wp-json\/wp\/v2\/media?parent=14770"}],"wp:term":[{"taxonomy":"category","embeddable":true,"href":"https:\/\/www.info-algerie.com\/actualites\/wp-json\/wp\/v2\/categories?post=14770"},{"taxonomy":"post_tag","embeddable":true,"href":"https:\/\/www.info-algerie.com\/actualites\/wp-json\/wp\/v2\/tags?post=14770"}],"curies":[{"name":"wp","href":"https:\/\/api.w.org\/{rel}","templated":true}]}}