{"id":14774,"date":"2017-08-05T16:11:16","date_gmt":"2017-08-05T15:11:16","guid":{"rendered":"http:\/\/www.info-algerie.com\/actualites\/lecole-des-cadets-de-la-nation-de-blida-accueillera-une-centaine-de-cadettes-lors-de-la-prochaine-rentree-scolaire\/"},"modified":"2017-08-05T16:11:16","modified_gmt":"2017-08-05T15:11:16","slug":"lecole-des-cadets-de-la-nation-de-blida-accueillera-une-centaine-de-cadettes-lors-de-la-prochaine-rentree-scolaire","status":"publish","type":"post","link":"https:\/\/www.info-algerie.com\/actualites\/lecole-des-cadets-de-la-nation-de-blida-accueillera-une-centaine-de-cadettes-lors-de-la-prochaine-rentree-scolaire\/","title":{"rendered":"L\u2019\u00e9cole des cadets de la nation de Blida accueillera une centaine de cadettes lors de la prochaine rentr\u00e9e scolaire"},"content":{"rendered":"<div class=\"K2FeedImage\"><img decoding=\"async\" src=\"https:\/\/www.info-algerie.com\/actualites\/wp-content\/uploads\/2017\/08\/2ec53d3b0fecf9575d71c23b0c8d709f_S.jpg\" alt=\"L&#x2019;&#xE9;cole des cadets de la nation de Blida accueillera une centaine de cadettes lors de la prochaine rentr&#xE9;e scolaire\" \/><\/div>\n<div class=\"K2FeedIntroText\">\n<p>BLIDA &#8211; L\u2019\u00e9cole des cadets de la nation de Blida s\u2019appr\u00eate \u00e0 accueillir une centaine de nouvelles cadettes dans le cycle secondaire lors de la prochaine rentr\u00e9e scolaire 2017-2018, soit une ann\u00e9e apr\u00e8s l\u2019ouverture de ses portes pour la premi\u00e8re fois aux filles, a-t-on appris samedi aupr\u00e8s du charg\u00e9 du bureau des relations g\u00e9n\u00e9rales de cet \u00e9tablissement de formation militaire.<\/p>\n<p>&#013;\n<\/p><\/div>\n<div class=\"K2FeedFullText\">&#013;<\/p>\n<p>Cette centaine de cadettes sera s\u00e9lectionn\u00e9e sur les 288 candidates, issues de nombreuses wilayas du centre, qui se sont pr\u00e9sent\u00e9es depuis les premi\u00e8res heures de samedi au si\u00e8ge de l&rsquo;\u00e9cole accompagn\u00e9es de leurs parents, a indiqu\u00e9 \u00e0 l\u2019APS le commandant Abida Berch.<\/p>\n<p>&#013;<\/p>\n<p>Ces candidates seront soumises \u00e0 des examens m\u00e9dicaux (m\u00e9decine g\u00e9n\u00e9rale, cardiologie, ophtalmologie et m\u00e9decine dentaire) pour s\u2019assurer de leur bonne sant\u00e9 physique. Ce passage est n\u00e9cessaire pour leur qualification \u00e0 l\u2019examen \u00e9crit, pr\u00e9vu demain dimanche. Les \u00e9preuves engloberont les math\u00e9matiques, sciences physiques, technologie et langue arabe, a fait savoir le responsable.<\/p>\n<p>&#013;<\/p>\n<p>Il est \u00e0 noter que les 10 \u00e9coles des cadets de la nation que compte l\u2019Alg\u00e9rie (trois (3) dans le cycle secondaire et sept (7)dans le moyen) appliquent le programme d\u2019enseignement officiel du minist\u00e8re de l\u2019Education nationale, tout en inculquant \u00e0 leurs \u00e9l\u00e8ves les r\u00e8gles de base de la discipline militaire \u00e0 travers une formation paramilitaire, conjugu\u00e9e \u00e0 un programme compl\u00e9mentaire en \u00e9ducation physique, civique et morale.<\/p>\n<p>&#013;<\/p>\n<p>Ces \u00e9tablissements disposent, en outre, de toutes les commodit\u00e9s de d\u00e9tente n\u00e9cessaires pour assurer un bon d\u00e9veloppement (physique et mental) des cadets, dont des salles d\u2019activit\u00e9s artistiques et culturelles, des salles omnisports, des stades, des piscines et des clubs.\u00a0<\/p>\n<p>&#013;<\/p>\n<p>Les candidates re\u00e7ues \u00e0 l\u2019examen \u00e9crit seront convoqu\u00e9es par le biais du site \u00e9lectronique du minist\u00e8re de la D\u00e9fense national (MDN) ou \u00e0 travers leurs boites E-mail, en vue de rejoindre l\u2019\u00e9cole avant la rentr\u00e9e scolaire.\u00a0\u00a0<\/p>\n<\/div>\n<p>&#013;<br \/>\nSource: <a href=\"http:\/\/www.aps.dz\/algerie\/61442-l-ecole-des-cadets-de-la-nation-de-blida-accueillera-une-centaine-de-cadettes-lors-de-la-prochaine-rentree-scolaire\" target=\"_blank\">L\u2019\u00e9cole des cadets de la nation de Blida accueillera une centaine de cadettes lors de la prochaine rentr\u00e9e scolaire<\/a><\/p>\n<!--CusAds0-->\n<div style=\"font-size: 0px; height: 0px; line-height: 0px; margin: 0; padding: 0; clear: both;\"><\/div>","protected":false},"excerpt":{"rendered":"<p>BLIDA &#8211; L\u2019\u00e9cole des cadets de la nation de Blida s\u2019appr\u00eate \u00e0 accueillir une centaine de nouvelles cadettes dans le cycle secondaire lors de la prochaine rentr\u00e9e scolaire 2017-2018, soit une ann\u00e9e apr\u00e8s l\u2019ouverture de ses portes pour la premi\u00e8re fois aux filles, a-t-on appris samedi aupr\u00e8s du charg\u00e9 du bureau des relations g\u00e9n\u00e9rales de<\/p>\n","protected":false},"author":6,"featured_media":14775,"comment_status":"open","ping_status":"open","sticky":false,"template":"","format":"standard","meta":{"footnotes":""},"categories":[22],"tags":[93],"class_list":["post-14774","post","type-post","status-publish","format-standard","has-post-thumbnail","hentry","category-infos","tag-onu"],"yoast_head":"<!-- This site is optimized with the Yoast SEO plugin v27.5 - https:\/\/yoast.com\/product\/yoast-seo-wordpress\/ -->\n<title>L\u2019\u00e9cole des cadets de la nation de Blida accueillera une centaine de cadettes lors de la prochaine rentr\u00e9e scolaire - info algerie<\/title>\n<meta name=\"robots\" content=\"index, follow, max-snippet:-1, max-image-preview:large, max-video-preview:-1\" \/>\n<link rel=\"canonical\" href=\"https:\/\/www.info-algerie.com\/actualites\/lecole-des-cadets-de-la-nation-de-blida-accueillera-une-centaine-de-cadettes-lors-de-la-prochaine-rentree-scolaire\/\" \/>\n<meta property=\"og:locale\" content=\"fr_FR\" \/>\n<meta property=\"og:type\" content=\"article\" \/>\n<meta property=\"og:title\" content=\"L\u2019\u00e9cole des cadets de la nation de Blida accueillera une centaine de cadettes lors de la prochaine rentr\u00e9e scolaire - info algerie\" \/>\n<meta property=\"og:description\" content=\"BLIDA &#8211; L\u2019\u00e9cole des cadets de la nation de Blida s\u2019appr\u00eate \u00e0 accueillir une centaine de nouvelles cadettes dans le cycle secondaire lors de la prochaine rentr\u00e9e scolaire 2017-2018, soit une ann\u00e9e apr\u00e8s l\u2019ouverture de ses portes pour la premi\u00e8re fois aux filles, a-t-on appris samedi aupr\u00e8s du charg\u00e9 du bureau des relations g\u00e9n\u00e9rales de\" \/>\n<meta property=\"og:url\" content=\"https:\/\/www.info-algerie.com\/actualites\/lecole-des-cadets-de-la-nation-de-blida-accueillera-une-centaine-de-cadettes-lors-de-la-prochaine-rentree-scolaire\/\" \/>\n<meta property=\"og:site_name\" content=\"info algerie\" \/>\n<meta property=\"article:publisher\" content=\"https:\/\/www.facebook.com\/infoalgerieactu\" \/>\n<meta property=\"article:published_time\" content=\"2017-08-05T15:11:16+00:00\" \/>\n<meta property=\"og:image\" content=\"https:\/\/www.info-algerie.com\/actualites\/wp-content\/uploads\/2017\/08\/2ec53d3b0fecf9575d71c23b0c8d709f_S-1.jpg\" \/>\n\t<meta property=\"og:image:width\" content=\"280\" \/>\n\t<meta property=\"og:image:height\" content=\"169\" \/>\n\t<meta property=\"og:image:type\" content=\"image\/jpeg\" \/>\n<meta name=\"author\" content=\"La r\u00e9daction\" \/>\n<meta name=\"twitter:label1\" content=\"\u00c9crit par\" \/>\n\t<meta name=\"twitter:data1\" content=\"La r\u00e9daction\" \/>\n\t<meta name=\"twitter:label2\" content=\"Dur\u00e9e de lecture estim\u00e9e\" \/>\n\t<meta name=\"twitter:data2\" content=\"2 minutes\" \/>\n<script type=\"application\/ld+json\" class=\"yoast-schema-graph\">{\"@context\":\"https:\\\/\\\/schema.org\",\"@graph\":[{\"@type\":\"Article\",\"@id\":\"https:\\\/\\\/www.info-algerie.com\\\/actualites\\\/lecole-des-cadets-de-la-nation-de-blida-accueillera-une-centaine-de-cadettes-lors-de-la-prochaine-rentree-scolaire\\\/#article\",\"isPartOf\":{\"@id\":\"https:\\\/\\\/www.info-algerie.com\\\/actualites\\\/lecole-des-cadets-de-la-nation-de-blida-accueillera-une-centaine-de-cadettes-lors-de-la-prochaine-rentree-scolaire\\\/\"},\"author\":{\"name\":\"La r\u00e9daction\",\"@id\":\"https:\\\/\\\/www.info-algerie.com\\\/actualites\\\/#\\\/schema\\\/person\\\/847aaec44920825b843a08f30ec6aa1e\"},\"headline\":\"L\u2019\u00e9cole des cadets de la nation de Blida accueillera une centaine de cadettes lors de la prochaine rentr\u00e9e scolaire\",\"datePublished\":\"2017-08-05T15:11:16+00:00\",\"mainEntityOfPage\":{\"@id\":\"https:\\\/\\\/www.info-algerie.com\\\/actualites\\\/lecole-des-cadets-de-la-nation-de-blida-accueillera-une-centaine-de-cadettes-lors-de-la-prochaine-rentree-scolaire\\\/\"},\"wordCount\":377,\"commentCount\":0,\"publisher\":{\"@id\":\"https:\\\/\\\/www.info-algerie.com\\\/actualites\\\/#organization\"},\"image\":{\"@id\":\"https:\\\/\\\/www.info-algerie.com\\\/actualites\\\/lecole-des-cadets-de-la-nation-de-blida-accueillera-une-centaine-de-cadettes-lors-de-la-prochaine-rentree-scolaire\\\/#primaryimage\"},\"thumbnailUrl\":\"https:\\\/\\\/www.info-algerie.com\\\/actualites\\\/wp-content\\\/uploads\\\/2017\\\/08\\\/2ec53d3b0fecf9575d71c23b0c8d709f_S-1.jpg\",\"keywords\":[\"ONU\"],\"articleSection\":[\"infos\"],\"inLanguage\":\"fr-FR\",\"potentialAction\":[{\"@type\":\"CommentAction\",\"name\":\"Comment\",\"target\":[\"https:\\\/\\\/www.info-algerie.com\\\/actualites\\\/lecole-des-cadets-de-la-nation-de-blida-accueillera-une-centaine-de-cadettes-lors-de-la-prochaine-rentree-scolaire\\\/#respond\"]}]},{\"@type\":\"WebPage\",\"@id\":\"https:\\\/\\\/www.info-algerie.com\\\/actualites\\\/lecole-des-cadets-de-la-nation-de-blida-accueillera-une-centaine-de-cadettes-lors-de-la-prochaine-rentree-scolaire\\\/\",\"url\":\"https:\\\/\\\/www.info-algerie.com\\\/actualites\\\/lecole-des-cadets-de-la-nation-de-blida-accueillera-une-centaine-de-cadettes-lors-de-la-prochaine-rentree-scolaire\\\/\",\"name\":\"L\u2019\u00e9cole des cadets de la nation de Blida accueillera une centaine de cadettes lors de la prochaine rentr\u00e9e scolaire - info algerie\",\"isPartOf\":{\"@id\":\"https:\\\/\\\/www.info-algerie.com\\\/actualites\\\/#website\"},\"primaryImageOfPage\":{\"@id\":\"https:\\\/\\\/www.info-algerie.com\\\/actualites\\\/lecole-des-cadets-de-la-nation-de-blida-accueillera-une-centaine-de-cadettes-lors-de-la-prochaine-rentree-scolaire\\\/#primaryimage\"},\"image\":{\"@id\":\"https:\\\/\\\/www.info-algerie.com\\\/actualites\\\/lecole-des-cadets-de-la-nation-de-blida-accueillera-une-centaine-de-cadettes-lors-de-la-prochaine-rentree-scolaire\\\/#primaryimage\"},\"thumbnailUrl\":\"https:\\\/\\\/www.info-algerie.com\\\/actualites\\\/wp-content\\\/uploads\\\/2017\\\/08\\\/2ec53d3b0fecf9575d71c23b0c8d709f_S-1.jpg\",\"datePublished\":\"2017-08-05T15:11:16+00:00\",\"breadcrumb\":{\"@id\":\"https:\\\/\\\/www.info-algerie.com\\\/actualites\\\/lecole-des-cadets-de-la-nation-de-blida-accueillera-une-centaine-de-cadettes-lors-de-la-prochaine-rentree-scolaire\\\/#breadcrumb\"},\"inLanguage\":\"fr-FR\",\"potentialAction\":[{\"@type\":\"ReadAction\",\"target\":[\"https:\\\/\\\/www.info-algerie.com\\\/actualites\\\/lecole-des-cadets-de-la-nation-de-blida-accueillera-une-centaine-de-cadettes-lors-de-la-prochaine-rentree-scolaire\\\/\"]}]},{\"@type\":\"ImageObject\",\"inLanguage\":\"fr-FR\",\"@id\":\"https:\\\/\\\/www.info-algerie.com\\\/actualites\\\/lecole-des-cadets-de-la-nation-de-blida-accueillera-une-centaine-de-cadettes-lors-de-la-prochaine-rentree-scolaire\\\/#primaryimage\",\"url\":\"https:\\\/\\\/www.info-algerie.com\\\/actualites\\\/wp-content\\\/uploads\\\/2017\\\/08\\\/2ec53d3b0fecf9575d71c23b0c8d709f_S-1.jpg\",\"contentUrl\":\"https:\\\/\\\/www.info-algerie.com\\\/actualites\\\/wp-content\\\/uploads\\\/2017\\\/08\\\/2ec53d3b0fecf9575d71c23b0c8d709f_S-1.jpg\",\"width\":280,\"height\":169},{\"@type\":\"BreadcrumbList\",\"@id\":\"https:\\\/\\\/www.info-algerie.com\\\/actualites\\\/lecole-des-cadets-de-la-nation-de-blida-accueillera-une-centaine-de-cadettes-lors-de-la-prochaine-rentree-scolaire\\\/#breadcrumb\",\"itemListElement\":[{\"@type\":\"ListItem\",\"position\":1,\"name\":\"Accueil\",\"item\":\"https:\\\/\\\/www.info-algerie.com\\\/actualites\\\/\"},{\"@type\":\"ListItem\",\"position\":2,\"name\":\"L\u2019\u00e9cole des cadets de la nation de Blida accueillera une centaine de cadettes lors de la prochaine rentr\u00e9e scolaire\"}]},{\"@type\":\"WebSite\",\"@id\":\"https:\\\/\\\/www.info-algerie.com\\\/actualites\\\/#website\",\"url\":\"https:\\\/\\\/www.info-algerie.com\\\/actualites\\\/\",\"name\":\"info algerie\",\"description\":\"Toutes les actualit\u00e9s\",\"publisher\":{\"@id\":\"https:\\\/\\\/www.info-algerie.com\\\/actualites\\\/#organization\"},\"potentialAction\":[{\"@type\":\"SearchAction\",\"target\":{\"@type\":\"EntryPoint\",\"urlTemplate\":\"https:\\\/\\\/www.info-algerie.com\\\/actualites\\\/?s={search_term_string}\"},\"query-input\":{\"@type\":\"PropertyValueSpecification\",\"valueRequired\":true,\"valueName\":\"search_term_string\"}}],\"inLanguage\":\"fr-FR\"},{\"@type\":\"Organization\",\"@id\":\"https:\\\/\\\/www.info-algerie.com\\\/actualites\\\/#organization\",\"name\":\"info algerie\",\"url\":\"https:\\\/\\\/www.info-algerie.com\\\/actualites\\\/\",\"logo\":{\"@type\":\"ImageObject\",\"inLanguage\":\"fr-FR\",\"@id\":\"https:\\\/\\\/www.info-algerie.com\\\/actualites\\\/#\\\/schema\\\/logo\\\/image\\\/\",\"url\":\"https:\\\/\\\/www.info-algerie.com\\\/actualites\\\/wp-content\\\/uploads\\\/2022\\\/07\\\/logo-ia-120.png\",\"contentUrl\":\"https:\\\/\\\/www.info-algerie.com\\\/actualites\\\/wp-content\\\/uploads\\\/2022\\\/07\\\/logo-ia-120.png\",\"width\":120,\"height\":43,\"caption\":\"info algerie\"},\"image\":{\"@id\":\"https:\\\/\\\/www.info-algerie.com\\\/actualites\\\/#\\\/schema\\\/logo\\\/image\\\/\"},\"sameAs\":[\"https:\\\/\\\/www.facebook.com\\\/infoalgerieactu\",\"https:\\\/\\\/x.com\\\/infoalgerie1\"]},{\"@type\":\"Person\",\"@id\":\"https:\\\/\\\/www.info-algerie.com\\\/actualites\\\/#\\\/schema\\\/person\\\/847aaec44920825b843a08f30ec6aa1e\",\"name\":\"La r\u00e9daction\",\"image\":{\"@type\":\"ImageObject\",\"inLanguage\":\"fr-FR\",\"@id\":\"https:\\\/\\\/secure.gravatar.com\\\/avatar\\\/769db425c6f465158149f1ffd6cf61ce7a8a879d11dfbef8288af36dfddd418c?s=96&d=mm&r=g\",\"url\":\"https:\\\/\\\/secure.gravatar.com\\\/avatar\\\/769db425c6f465158149f1ffd6cf61ce7a8a879d11dfbef8288af36dfddd418c?s=96&d=mm&r=g\",\"contentUrl\":\"https:\\\/\\\/secure.gravatar.com\\\/avatar\\\/769db425c6f465158149f1ffd6cf61ce7a8a879d11dfbef8288af36dfddd418c?s=96&d=mm&r=g\",\"caption\":\"La r\u00e9daction\"},\"sameAs\":[\"http:\\\/\\\/www.lkeria.com\\\/\"],\"url\":\"https:\\\/\\\/www.info-algerie.com\\\/actualites\\\/author\\\/chakib32\\\/\"}]}<\/script>\n<!-- \/ Yoast SEO plugin. -->","yoast_head_json":{"title":"L\u2019\u00e9cole des cadets de la nation de Blida accueillera une centaine de cadettes lors de la prochaine rentr\u00e9e scolaire - info algerie","robots":{"index":"index","follow":"follow","max-snippet":"max-snippet:-1","max-image-preview":"max-image-preview:large","max-video-preview":"max-video-preview:-1"},"canonical":"https:\/\/www.info-algerie.com\/actualites\/lecole-des-cadets-de-la-nation-de-blida-accueillera-une-centaine-de-cadettes-lors-de-la-prochaine-rentree-scolaire\/","og_locale":"fr_FR","og_type":"article","og_title":"L\u2019\u00e9cole des cadets de la nation de Blida accueillera une centaine de cadettes lors de la prochaine rentr\u00e9e scolaire - info algerie","og_description":"BLIDA &#8211; L\u2019\u00e9cole des cadets de la nation de Blida s\u2019appr\u00eate \u00e0 accueillir une centaine de nouvelles cadettes dans le cycle secondaire lors de la prochaine rentr\u00e9e scolaire 2017-2018, soit une ann\u00e9e apr\u00e8s l\u2019ouverture de ses portes pour la premi\u00e8re fois aux filles, a-t-on appris samedi aupr\u00e8s du charg\u00e9 du bureau des relations g\u00e9n\u00e9rales de","og_url":"https:\/\/www.info-algerie.com\/actualites\/lecole-des-cadets-de-la-nation-de-blida-accueillera-une-centaine-de-cadettes-lors-de-la-prochaine-rentree-scolaire\/","og_site_name":"info algerie","article_publisher":"https:\/\/www.facebook.com\/infoalgerieactu","article_published_time":"2017-08-05T15:11:16+00:00","og_image":[{"width":280,"height":169,"url":"https:\/\/www.info-algerie.com\/actualites\/wp-content\/uploads\/2017\/08\/2ec53d3b0fecf9575d71c23b0c8d709f_S-1.jpg","type":"image\/jpeg"}],"author":"La r\u00e9daction","twitter_misc":{"\u00c9crit par":"La r\u00e9daction","Dur\u00e9e de lecture estim\u00e9e":"2 minutes"},"schema":{"@context":"https:\/\/schema.org","@graph":[{"@type":"Article","@id":"https:\/\/www.info-algerie.com\/actualites\/lecole-des-cadets-de-la-nation-de-blida-accueillera-une-centaine-de-cadettes-lors-de-la-prochaine-rentree-scolaire\/#article","isPartOf":{"@id":"https:\/\/www.info-algerie.com\/actualites\/lecole-des-cadets-de-la-nation-de-blida-accueillera-une-centaine-de-cadettes-lors-de-la-prochaine-rentree-scolaire\/"},"author":{"name":"La r\u00e9daction","@id":"https:\/\/www.info-algerie.com\/actualites\/#\/schema\/person\/847aaec44920825b843a08f30ec6aa1e"},"headline":"L\u2019\u00e9cole des cadets de la nation de Blida accueillera une centaine de cadettes lors de la prochaine rentr\u00e9e scolaire","datePublished":"2017-08-05T15:11:16+00:00","mainEntityOfPage":{"@id":"https:\/\/www.info-algerie.com\/actualites\/lecole-des-cadets-de-la-nation-de-blida-accueillera-une-centaine-de-cadettes-lors-de-la-prochaine-rentree-scolaire\/"},"wordCount":377,"commentCount":0,"publisher":{"@id":"https:\/\/www.info-algerie.com\/actualites\/#organization"},"image":{"@id":"https:\/\/www.info-algerie.com\/actualites\/lecole-des-cadets-de-la-nation-de-blida-accueillera-une-centaine-de-cadettes-lors-de-la-prochaine-rentree-scolaire\/#primaryimage"},"thumbnailUrl":"https:\/\/www.info-algerie.com\/actualites\/wp-content\/uploads\/2017\/08\/2ec53d3b0fecf9575d71c23b0c8d709f_S-1.jpg","keywords":["ONU"],"articleSection":["infos"],"inLanguage":"fr-FR","potentialAction":[{"@type":"CommentAction","name":"Comment","target":["https:\/\/www.info-algerie.com\/actualites\/lecole-des-cadets-de-la-nation-de-blida-accueillera-une-centaine-de-cadettes-lors-de-la-prochaine-rentree-scolaire\/#respond"]}]},{"@type":"WebPage","@id":"https:\/\/www.info-algerie.com\/actualites\/lecole-des-cadets-de-la-nation-de-blida-accueillera-une-centaine-de-cadettes-lors-de-la-prochaine-rentree-scolaire\/","url":"https:\/\/www.info-algerie.com\/actualites\/lecole-des-cadets-de-la-nation-de-blida-accueillera-une-centaine-de-cadettes-lors-de-la-prochaine-rentree-scolaire\/","name":"L\u2019\u00e9cole des cadets de la nation de Blida accueillera une centaine de cadettes lors de la prochaine rentr\u00e9e scolaire - info algerie","isPartOf":{"@id":"https:\/\/www.info-algerie.com\/actualites\/#website"},"primaryImageOfPage":{"@id":"https:\/\/www.info-algerie.com\/actualites\/lecole-des-cadets-de-la-nation-de-blida-accueillera-une-centaine-de-cadettes-lors-de-la-prochaine-rentree-scolaire\/#primaryimage"},"image":{"@id":"https:\/\/www.info-algerie.com\/actualites\/lecole-des-cadets-de-la-nation-de-blida-accueillera-une-centaine-de-cadettes-lors-de-la-prochaine-rentree-scolaire\/#primaryimage"},"thumbnailUrl":"https:\/\/www.info-algerie.com\/actualites\/wp-content\/uploads\/2017\/08\/2ec53d3b0fecf9575d71c23b0c8d709f_S-1.jpg","datePublished":"2017-08-05T15:11:16+00:00","breadcrumb":{"@id":"https:\/\/www.info-algerie.com\/actualites\/lecole-des-cadets-de-la-nation-de-blida-accueillera-une-centaine-de-cadettes-lors-de-la-prochaine-rentree-scolaire\/#breadcrumb"},"inLanguage":"fr-FR","potentialAction":[{"@type":"ReadAction","target":["https:\/\/www.info-algerie.com\/actualites\/lecole-des-cadets-de-la-nation-de-blida-accueillera-une-centaine-de-cadettes-lors-de-la-prochaine-rentree-scolaire\/"]}]},{"@type":"ImageObject","inLanguage":"fr-FR","@id":"https:\/\/www.info-algerie.com\/actualites\/lecole-des-cadets-de-la-nation-de-blida-accueillera-une-centaine-de-cadettes-lors-de-la-prochaine-rentree-scolaire\/#primaryimage","url":"https:\/\/www.info-algerie.com\/actualites\/wp-content\/uploads\/2017\/08\/2ec53d3b0fecf9575d71c23b0c8d709f_S-1.jpg","contentUrl":"https:\/\/www.info-algerie.com\/actualites\/wp-content\/uploads\/2017\/08\/2ec53d3b0fecf9575d71c23b0c8d709f_S-1.jpg","width":280,"height":169},{"@type":"BreadcrumbList","@id":"https:\/\/www.info-algerie.com\/actualites\/lecole-des-cadets-de-la-nation-de-blida-accueillera-une-centaine-de-cadettes-lors-de-la-prochaine-rentree-scolaire\/#breadcrumb","itemListElement":[{"@type":"ListItem","position":1,"name":"Accueil","item":"https:\/\/www.info-algerie.com\/actualites\/"},{"@type":"ListItem","position":2,"name":"L\u2019\u00e9cole des cadets de la nation de Blida accueillera une centaine de cadettes lors de la prochaine rentr\u00e9e scolaire"}]},{"@type":"WebSite","@id":"https:\/\/www.info-algerie.com\/actualites\/#website","url":"https:\/\/www.info-algerie.com\/actualites\/","name":"info algerie","description":"Toutes les actualit\u00e9s","publisher":{"@id":"https:\/\/www.info-algerie.com\/actualites\/#organization"},"potentialAction":[{"@type":"SearchAction","target":{"@type":"EntryPoint","urlTemplate":"https:\/\/www.info-algerie.com\/actualites\/?s={search_term_string}"},"query-input":{"@type":"PropertyValueSpecification","valueRequired":true,"valueName":"search_term_string"}}],"inLanguage":"fr-FR"},{"@type":"Organization","@id":"https:\/\/www.info-algerie.com\/actualites\/#organization","name":"info algerie","url":"https:\/\/www.info-algerie.com\/actualites\/","logo":{"@type":"ImageObject","inLanguage":"fr-FR","@id":"https:\/\/www.info-algerie.com\/actualites\/#\/schema\/logo\/image\/","url":"https:\/\/www.info-algerie.com\/actualites\/wp-content\/uploads\/2022\/07\/logo-ia-120.png","contentUrl":"https:\/\/www.info-algerie.com\/actualites\/wp-content\/uploads\/2022\/07\/logo-ia-120.png","width":120,"height":43,"caption":"info algerie"},"image":{"@id":"https:\/\/www.info-algerie.com\/actualites\/#\/schema\/logo\/image\/"},"sameAs":["https:\/\/www.facebook.com\/infoalgerieactu","https:\/\/x.com\/infoalgerie1"]},{"@type":"Person","@id":"https:\/\/www.info-algerie.com\/actualites\/#\/schema\/person\/847aaec44920825b843a08f30ec6aa1e","name":"La r\u00e9daction","image":{"@type":"ImageObject","inLanguage":"fr-FR","@id":"https:\/\/secure.gravatar.com\/avatar\/769db425c6f465158149f1ffd6cf61ce7a8a879d11dfbef8288af36dfddd418c?s=96&d=mm&r=g","url":"https:\/\/secure.gravatar.com\/avatar\/769db425c6f465158149f1ffd6cf61ce7a8a879d11dfbef8288af36dfddd418c?s=96&d=mm&r=g","contentUrl":"https:\/\/secure.gravatar.com\/avatar\/769db425c6f465158149f1ffd6cf61ce7a8a879d11dfbef8288af36dfddd418c?s=96&d=mm&r=g","caption":"La r\u00e9daction"},"sameAs":["http:\/\/www.lkeria.com\/"],"url":"https:\/\/www.info-algerie.com\/actualites\/author\/chakib32\/"}]}},"_links":{"self":[{"href":"https:\/\/www.info-algerie.com\/actualites\/wp-json\/wp\/v2\/posts\/14774","targetHints":{"allow":["GET"]}}],"collection":[{"href":"https:\/\/www.info-algerie.com\/actualites\/wp-json\/wp\/v2\/posts"}],"about":[{"href":"https:\/\/www.info-algerie.com\/actualites\/wp-json\/wp\/v2\/types\/post"}],"author":[{"embeddable":true,"href":"https:\/\/www.info-algerie.com\/actualites\/wp-json\/wp\/v2\/users\/6"}],"replies":[{"embeddable":true,"href":"https:\/\/www.info-algerie.com\/actualites\/wp-json\/wp\/v2\/comments?post=14774"}],"version-history":[{"count":0,"href":"https:\/\/www.info-algerie.com\/actualites\/wp-json\/wp\/v2\/posts\/14774\/revisions"}],"wp:featuredmedia":[{"embeddable":true,"href":"https:\/\/www.info-algerie.com\/actualites\/wp-json\/wp\/v2\/media\/14775"}],"wp:attachment":[{"href":"https:\/\/www.info-algerie.com\/actualites\/wp-json\/wp\/v2\/media?parent=14774"}],"wp:term":[{"taxonomy":"category","embeddable":true,"href":"https:\/\/www.info-algerie.com\/actualites\/wp-json\/wp\/v2\/categories?post=14774"},{"taxonomy":"post_tag","embeddable":true,"href":"https:\/\/www.info-algerie.com\/actualites\/wp-json\/wp\/v2\/tags?post=14774"}],"curies":[{"name":"wp","href":"https:\/\/api.w.org\/{rel}","templated":true}]}}