{"id":14776,"date":"2017-08-05T18:15:59","date_gmt":"2017-08-05T17:15:59","guid":{"rendered":"http:\/\/www.info-algerie.com\/actualites\/ennahda-participera-aux-prochaines-elections-locales-pour-prendre-en-charge-les-veritables-preoccupations-du-citoyen-sg\/"},"modified":"2017-08-05T18:15:59","modified_gmt":"2017-08-05T17:15:59","slug":"ennahda-participera-aux-prochaines-elections-locales-pour-prendre-en-charge-les-veritables-preoccupations-du-citoyen-sg","status":"publish","type":"post","link":"https:\/\/www.info-algerie.com\/actualites\/ennahda-participera-aux-prochaines-elections-locales-pour-prendre-en-charge-les-veritables-preoccupations-du-citoyen-sg\/","title":{"rendered":"Ennahda participera aux prochaines \u00e9lections locales pour prendre en charge les v\u00e9ritables pr\u00e9occupations du citoyen (SG)"},"content":{"rendered":"<div class=\"K2FeedIntroText\">\n<p>ALGER- Le secr\u00e9taire g\u00e9n\u00e9ral du mouvement Ennahda, Mohamed Douibi, a r\u00e9it\u00e9r\u00e9 samedi \u00e0 Alger la participation de son parti aux prochaines \u00e9lections locales dans le cadre de \u00ab\u00a0l&rsquo;Union Ennahda-Adala-Bina\u00a0\u00bb d&rsquo;autant plus que les Assembl\u00e9es locales et de wilaya sont les plus proches du citoyen et de ses v\u00e9ritables pr\u00e9occupations et constituent l&rsquo;espace de la cons\u00e9cration de la d\u00e9mocratie locale au service de int\u00e9r\u00eat de la soci\u00e9t\u00e9\u00a0\u00bb.<\/p>\n<p>&#013;\n<\/p><\/div>\n<div class=\"K2FeedFullText\">&#013;<\/p>\n<p>\u00ab\u00a0Nous participerons aux prochaines \u00e9lections locales \u00e0 travers l&rsquo;Union Ennahda-Adala-Bina qui repr\u00e9sente un projet politique\u00a0 strat\u00e9gique et unitaire pour poursuivre l&rsquo;effort intellectuel, politique et organisationnel en vue de faire aboutir ses nobles vis\u00e9es au service de la nation et loin de tout calcul \u00e9troit\u00a0\u00bb, a indiqu\u00e9 M. Douibi dans une allocution lors des travaux de la rencontre nationale de chefs de bureaux de wilaya.<\/p>\n<p>&#013;<\/p>\n<p>Evoquant la conjoncture pr\u00e9valant actuellement en Alg\u00e9rie sur tous les plans, M. Douibi a appel\u00e9 le Gouvernement et les autorit\u00e9s en charge des \u00e9lections \u00e0 \u00ab\u00a0organiser des \u00e9lections locales r\u00e9guli\u00e8res et transparentes pour pr\u00e9server la cr\u00e9dibilit\u00e9 de l&rsquo;op\u00e9ration \u00e9lectorale et des APC et APW\u00a0\u00bb.<\/p>\n<p>&#013;<\/p>\n<p>Le SG d&rsquo;Ennahda a exhort\u00e9 les citoyens \u00e0 \u00ab\u00a0participer massivement \u00e0 ces \u00e9ch\u00e9ances pour choisir ceux qui vont les repr\u00e9senter au sein de ces Assembl\u00e9es et \u00e0 bannir le boycott qui leur fait perdre une occasion et discr\u00e9dite ces Assembl\u00e9es\u00a0\u00bb, soulignant \u00ab\u00a0l&rsquo;importance pour les enfants du Mouvement d&rsquo;\u00eatre candidats \u00e0 ces \u00e9ch\u00e9ances\u00a0\u00bb.<\/p>\n<p>&#013;<\/p>\n<p>Par ailleurs, M. Douibi a pr\u00f4n\u00e9 \u00ab\u00a0la r\u00e9vision de lois r\u00e9gissant la vie politique \u00e0 l&rsquo;instar du code \u00e9lectoral, de la loi sur les partis politiques et du code de l&rsquo;information dans le cadre d&rsquo;un dialogue et d&rsquo;un d\u00e9bat entre toutes les parties prenantes pour conf\u00e9rer de la synergie \u00e0 ces textes afin de consacrer les libert\u00e9s responsables, assurer la transparence et la r\u00e9gularit\u00e9 des \u00e9lections et offrir un espace m\u00e9diatique libre et r\u00e9gulier\u00a0\u00bb.<\/p>\n<p>&#013;<\/p>\n<p>\u00ab\u00a0Le dialogue entre tous les Alg\u00e9riens est le meilleur moyen civilisationnel pour connaitre la r\u00e9alit\u00e9 des d\u00e9fis auxquels sont\u00a0 confront\u00e9s l&rsquo;Etat et la soci\u00e9t\u00e9 et seul le dialogue peut permettre de d\u00e9finir les priorit\u00e9s de l&rsquo;heure pour remporter les challenges et contribuer \u00e0 la r\u00e9alisation des nobles objectifs\u00a0\u00bb a estim\u00e9 M. Douibi.<\/p>\n<p>&#013;<\/p>\n<p>Au volet \u00e9conomique, M. Douibi a appel\u00e9 \u00e0 \u00ab\u00a0lib\u00e9rer l&rsquo;initiative dans les diff\u00e9rents domaines et \u00e0 mettre fin au dysfonctionnement en termes de d\u00e9penses et de r\u00e9sultats en mati\u00e8re de d\u00e9veloppement \u00e9conomique, et ce \u00e0 travers la diversification de l&rsquo;investissement qui permet d&rsquo;am\u00e9liorer le taux de croissance, de garantir des postes d&#8217;emploi et sortir de la d\u00e9pendance aux hydrocarbures\u00a0\u00bb.<\/p>\n<p>&#013;<\/p>\n<p>Evoquant la situation en Palestine, M. Douibi a r\u00e9affirm\u00e9 \u00ab\u00a0la position de l&rsquo;Alg\u00e9rie et du mouvement Ennahda en faveur de la cause palestinienne\u00a0\u00bb, rappelant le quotidien des Palestiniens \u00e0 Al Aqsa en raison des agressions r\u00e9p\u00e9t\u00e9es et des crimes commis \u00e0 leur encontre et \u00e0 l&rsquo;encontre de leurs symboles sacr\u00e9s par l&rsquo;occupant isra\u00e9lien\u00a0\u00bb.<\/p>\n<p>&#013;<\/p>\n<p><span style=\"font-size: 12.16px\">M. Douibi a salu\u00e9, dans ce cadre, la r\u00e9sistance du peuple palestinien qui a r\u00e9ussi \u00e0 d\u00e9jouer les plans de juda\u00efsation d&rsquo;El Qods, appelant \u00ab\u00a0la nation arabo-musulmane \u00e0 soutenir les Palestiniens par tous les moyens afin de leur permettre de recouvrer leurs droits l\u00e9gitimes \u00e0 l&rsquo;\u00e9dification d&rsquo;un Etat ind\u00e9pendant avec El Qods pour capitale\u00a0\u00bb.<\/span><\/p>\n<\/div>\n<p>&#013;<br \/>\nSource: <a href=\"http:\/\/www.aps.dz\/algerie\/61448-ennahda-participera-aux-prochaines-elections-locales-pour-prendre-en-charge-les-veritables-preoccupations-du-citoyen-sg\" target=\"_blank\">Ennahda participera aux prochaines \u00e9lections locales pour prendre en charge les v\u00e9ritables pr\u00e9occupations du citoyen (SG)<\/a><\/p>\n<!--CusAds0-->\n<div style=\"font-size: 0px; height: 0px; line-height: 0px; margin: 0; padding: 0; clear: both;\"><\/div>","protected":false},"excerpt":{"rendered":"<p>ALGER- Le secr\u00e9taire g\u00e9n\u00e9ral du mouvement Ennahda, Mohamed Douibi, a r\u00e9it\u00e9r\u00e9 samedi \u00e0 Alger la participation de son parti aux prochaines \u00e9lections locales dans le cadre de \u00ab\u00a0l&rsquo;Union Ennahda-Adala-Bina\u00a0\u00bb d&rsquo;autant plus que les Assembl\u00e9es locales et de wilaya sont les plus proches du citoyen et de ses v\u00e9ritables pr\u00e9occupations et constituent l&rsquo;espace de la cons\u00e9cration<\/p>\n","protected":false},"author":6,"featured_media":0,"comment_status":"open","ping_status":"open","sticky":false,"template":"","format":"standard","meta":{"footnotes":""},"categories":[22],"tags":[93],"class_list":["post-14776","post","type-post","status-publish","format-standard","hentry","category-infos","tag-onu"],"yoast_head":"<!-- This site is optimized with the Yoast SEO plugin v27.5 - https:\/\/yoast.com\/product\/yoast-seo-wordpress\/ -->\n<title>Ennahda participera aux prochaines \u00e9lections locales pour prendre en charge les v\u00e9ritables pr\u00e9occupations du citoyen (SG) - info algerie<\/title>\n<meta name=\"robots\" content=\"index, follow, max-snippet:-1, max-image-preview:large, max-video-preview:-1\" \/>\n<link rel=\"canonical\" href=\"https:\/\/www.info-algerie.com\/actualites\/ennahda-participera-aux-prochaines-elections-locales-pour-prendre-en-charge-les-veritables-preoccupations-du-citoyen-sg\/\" \/>\n<meta property=\"og:locale\" content=\"fr_FR\" \/>\n<meta property=\"og:type\" content=\"article\" \/>\n<meta property=\"og:title\" content=\"Ennahda participera aux prochaines \u00e9lections locales pour prendre en charge les v\u00e9ritables pr\u00e9occupations du citoyen (SG) - info algerie\" \/>\n<meta property=\"og:description\" content=\"ALGER- Le secr\u00e9taire g\u00e9n\u00e9ral du mouvement Ennahda, Mohamed Douibi, a r\u00e9it\u00e9r\u00e9 samedi \u00e0 Alger la participation de son parti aux prochaines \u00e9lections locales dans le cadre de \u00ab\u00a0l&rsquo;Union Ennahda-Adala-Bina\u00a0\u00bb d&rsquo;autant plus que les Assembl\u00e9es locales et de wilaya sont les plus proches du citoyen et de ses v\u00e9ritables pr\u00e9occupations et constituent l&rsquo;espace de la cons\u00e9cration\" \/>\n<meta property=\"og:url\" content=\"https:\/\/www.info-algerie.com\/actualites\/ennahda-participera-aux-prochaines-elections-locales-pour-prendre-en-charge-les-veritables-preoccupations-du-citoyen-sg\/\" \/>\n<meta property=\"og:site_name\" content=\"info algerie\" \/>\n<meta property=\"article:publisher\" content=\"https:\/\/www.facebook.com\/infoalgerieactu\" \/>\n<meta property=\"article:published_time\" content=\"2017-08-05T17:15:59+00:00\" \/>\n<meta name=\"author\" content=\"La r\u00e9daction\" \/>\n<meta name=\"twitter:label1\" content=\"\u00c9crit par\" \/>\n\t<meta name=\"twitter:data1\" content=\"La r\u00e9daction\" \/>\n\t<meta name=\"twitter:label2\" content=\"Dur\u00e9e de lecture estim\u00e9e\" \/>\n\t<meta name=\"twitter:data2\" content=\"3 minutes\" \/>\n<script type=\"application\/ld+json\" class=\"yoast-schema-graph\">{\"@context\":\"https:\\\/\\\/schema.org\",\"@graph\":[{\"@type\":\"Article\",\"@id\":\"https:\\\/\\\/www.info-algerie.com\\\/actualites\\\/ennahda-participera-aux-prochaines-elections-locales-pour-prendre-en-charge-les-veritables-preoccupations-du-citoyen-sg\\\/#article\",\"isPartOf\":{\"@id\":\"https:\\\/\\\/www.info-algerie.com\\\/actualites\\\/ennahda-participera-aux-prochaines-elections-locales-pour-prendre-en-charge-les-veritables-preoccupations-du-citoyen-sg\\\/\"},\"author\":{\"name\":\"La r\u00e9daction\",\"@id\":\"https:\\\/\\\/www.info-algerie.com\\\/actualites\\\/#\\\/schema\\\/person\\\/847aaec44920825b843a08f30ec6aa1e\"},\"headline\":\"Ennahda participera aux prochaines \u00e9lections locales pour prendre en charge les v\u00e9ritables pr\u00e9occupations du citoyen (SG)\",\"datePublished\":\"2017-08-05T17:15:59+00:00\",\"mainEntityOfPage\":{\"@id\":\"https:\\\/\\\/www.info-algerie.com\\\/actualites\\\/ennahda-participera-aux-prochaines-elections-locales-pour-prendre-en-charge-les-veritables-preoccupations-du-citoyen-sg\\\/\"},\"wordCount\":629,\"commentCount\":0,\"publisher\":{\"@id\":\"https:\\\/\\\/www.info-algerie.com\\\/actualites\\\/#organization\"},\"keywords\":[\"ONU\"],\"articleSection\":[\"infos\"],\"inLanguage\":\"fr-FR\",\"potentialAction\":[{\"@type\":\"CommentAction\",\"name\":\"Comment\",\"target\":[\"https:\\\/\\\/www.info-algerie.com\\\/actualites\\\/ennahda-participera-aux-prochaines-elections-locales-pour-prendre-en-charge-les-veritables-preoccupations-du-citoyen-sg\\\/#respond\"]}]},{\"@type\":\"WebPage\",\"@id\":\"https:\\\/\\\/www.info-algerie.com\\\/actualites\\\/ennahda-participera-aux-prochaines-elections-locales-pour-prendre-en-charge-les-veritables-preoccupations-du-citoyen-sg\\\/\",\"url\":\"https:\\\/\\\/www.info-algerie.com\\\/actualites\\\/ennahda-participera-aux-prochaines-elections-locales-pour-prendre-en-charge-les-veritables-preoccupations-du-citoyen-sg\\\/\",\"name\":\"Ennahda participera aux prochaines \u00e9lections locales pour prendre en charge les v\u00e9ritables pr\u00e9occupations du citoyen (SG) - info algerie\",\"isPartOf\":{\"@id\":\"https:\\\/\\\/www.info-algerie.com\\\/actualites\\\/#website\"},\"datePublished\":\"2017-08-05T17:15:59+00:00\",\"breadcrumb\":{\"@id\":\"https:\\\/\\\/www.info-algerie.com\\\/actualites\\\/ennahda-participera-aux-prochaines-elections-locales-pour-prendre-en-charge-les-veritables-preoccupations-du-citoyen-sg\\\/#breadcrumb\"},\"inLanguage\":\"fr-FR\",\"potentialAction\":[{\"@type\":\"ReadAction\",\"target\":[\"https:\\\/\\\/www.info-algerie.com\\\/actualites\\\/ennahda-participera-aux-prochaines-elections-locales-pour-prendre-en-charge-les-veritables-preoccupations-du-citoyen-sg\\\/\"]}]},{\"@type\":\"BreadcrumbList\",\"@id\":\"https:\\\/\\\/www.info-algerie.com\\\/actualites\\\/ennahda-participera-aux-prochaines-elections-locales-pour-prendre-en-charge-les-veritables-preoccupations-du-citoyen-sg\\\/#breadcrumb\",\"itemListElement\":[{\"@type\":\"ListItem\",\"position\":1,\"name\":\"Accueil\",\"item\":\"https:\\\/\\\/www.info-algerie.com\\\/actualites\\\/\"},{\"@type\":\"ListItem\",\"position\":2,\"name\":\"Ennahda participera aux prochaines \u00e9lections locales pour prendre en charge les v\u00e9ritables pr\u00e9occupations du citoyen (SG)\"}]},{\"@type\":\"WebSite\",\"@id\":\"https:\\\/\\\/www.info-algerie.com\\\/actualites\\\/#website\",\"url\":\"https:\\\/\\\/www.info-algerie.com\\\/actualites\\\/\",\"name\":\"info algerie\",\"description\":\"Toutes les actualit\u00e9s\",\"publisher\":{\"@id\":\"https:\\\/\\\/www.info-algerie.com\\\/actualites\\\/#organization\"},\"potentialAction\":[{\"@type\":\"SearchAction\",\"target\":{\"@type\":\"EntryPoint\",\"urlTemplate\":\"https:\\\/\\\/www.info-algerie.com\\\/actualites\\\/?s={search_term_string}\"},\"query-input\":{\"@type\":\"PropertyValueSpecification\",\"valueRequired\":true,\"valueName\":\"search_term_string\"}}],\"inLanguage\":\"fr-FR\"},{\"@type\":\"Organization\",\"@id\":\"https:\\\/\\\/www.info-algerie.com\\\/actualites\\\/#organization\",\"name\":\"info algerie\",\"url\":\"https:\\\/\\\/www.info-algerie.com\\\/actualites\\\/\",\"logo\":{\"@type\":\"ImageObject\",\"inLanguage\":\"fr-FR\",\"@id\":\"https:\\\/\\\/www.info-algerie.com\\\/actualites\\\/#\\\/schema\\\/logo\\\/image\\\/\",\"url\":\"https:\\\/\\\/www.info-algerie.com\\\/actualites\\\/wp-content\\\/uploads\\\/2022\\\/07\\\/logo-ia-120.png\",\"contentUrl\":\"https:\\\/\\\/www.info-algerie.com\\\/actualites\\\/wp-content\\\/uploads\\\/2022\\\/07\\\/logo-ia-120.png\",\"width\":120,\"height\":43,\"caption\":\"info algerie\"},\"image\":{\"@id\":\"https:\\\/\\\/www.info-algerie.com\\\/actualites\\\/#\\\/schema\\\/logo\\\/image\\\/\"},\"sameAs\":[\"https:\\\/\\\/www.facebook.com\\\/infoalgerieactu\",\"https:\\\/\\\/x.com\\\/infoalgerie1\"]},{\"@type\":\"Person\",\"@id\":\"https:\\\/\\\/www.info-algerie.com\\\/actualites\\\/#\\\/schema\\\/person\\\/847aaec44920825b843a08f30ec6aa1e\",\"name\":\"La r\u00e9daction\",\"image\":{\"@type\":\"ImageObject\",\"inLanguage\":\"fr-FR\",\"@id\":\"https:\\\/\\\/secure.gravatar.com\\\/avatar\\\/769db425c6f465158149f1ffd6cf61ce7a8a879d11dfbef8288af36dfddd418c?s=96&d=mm&r=g\",\"url\":\"https:\\\/\\\/secure.gravatar.com\\\/avatar\\\/769db425c6f465158149f1ffd6cf61ce7a8a879d11dfbef8288af36dfddd418c?s=96&d=mm&r=g\",\"contentUrl\":\"https:\\\/\\\/secure.gravatar.com\\\/avatar\\\/769db425c6f465158149f1ffd6cf61ce7a8a879d11dfbef8288af36dfddd418c?s=96&d=mm&r=g\",\"caption\":\"La r\u00e9daction\"},\"sameAs\":[\"http:\\\/\\\/www.lkeria.com\\\/\"],\"url\":\"https:\\\/\\\/www.info-algerie.com\\\/actualites\\\/author\\\/chakib32\\\/\"}]}<\/script>\n<!-- \/ Yoast SEO plugin. -->","yoast_head_json":{"title":"Ennahda participera aux prochaines \u00e9lections locales pour prendre en charge les v\u00e9ritables pr\u00e9occupations du citoyen (SG) - info algerie","robots":{"index":"index","follow":"follow","max-snippet":"max-snippet:-1","max-image-preview":"max-image-preview:large","max-video-preview":"max-video-preview:-1"},"canonical":"https:\/\/www.info-algerie.com\/actualites\/ennahda-participera-aux-prochaines-elections-locales-pour-prendre-en-charge-les-veritables-preoccupations-du-citoyen-sg\/","og_locale":"fr_FR","og_type":"article","og_title":"Ennahda participera aux prochaines \u00e9lections locales pour prendre en charge les v\u00e9ritables pr\u00e9occupations du citoyen (SG) - info algerie","og_description":"ALGER- Le secr\u00e9taire g\u00e9n\u00e9ral du mouvement Ennahda, Mohamed Douibi, a r\u00e9it\u00e9r\u00e9 samedi \u00e0 Alger la participation de son parti aux prochaines \u00e9lections locales dans le cadre de \u00ab\u00a0l&rsquo;Union Ennahda-Adala-Bina\u00a0\u00bb d&rsquo;autant plus que les Assembl\u00e9es locales et de wilaya sont les plus proches du citoyen et de ses v\u00e9ritables pr\u00e9occupations et constituent l&rsquo;espace de la cons\u00e9cration","og_url":"https:\/\/www.info-algerie.com\/actualites\/ennahda-participera-aux-prochaines-elections-locales-pour-prendre-en-charge-les-veritables-preoccupations-du-citoyen-sg\/","og_site_name":"info algerie","article_publisher":"https:\/\/www.facebook.com\/infoalgerieactu","article_published_time":"2017-08-05T17:15:59+00:00","author":"La r\u00e9daction","twitter_misc":{"\u00c9crit par":"La r\u00e9daction","Dur\u00e9e de lecture estim\u00e9e":"3 minutes"},"schema":{"@context":"https:\/\/schema.org","@graph":[{"@type":"Article","@id":"https:\/\/www.info-algerie.com\/actualites\/ennahda-participera-aux-prochaines-elections-locales-pour-prendre-en-charge-les-veritables-preoccupations-du-citoyen-sg\/#article","isPartOf":{"@id":"https:\/\/www.info-algerie.com\/actualites\/ennahda-participera-aux-prochaines-elections-locales-pour-prendre-en-charge-les-veritables-preoccupations-du-citoyen-sg\/"},"author":{"name":"La r\u00e9daction","@id":"https:\/\/www.info-algerie.com\/actualites\/#\/schema\/person\/847aaec44920825b843a08f30ec6aa1e"},"headline":"Ennahda participera aux prochaines \u00e9lections locales pour prendre en charge les v\u00e9ritables pr\u00e9occupations du citoyen (SG)","datePublished":"2017-08-05T17:15:59+00:00","mainEntityOfPage":{"@id":"https:\/\/www.info-algerie.com\/actualites\/ennahda-participera-aux-prochaines-elections-locales-pour-prendre-en-charge-les-veritables-preoccupations-du-citoyen-sg\/"},"wordCount":629,"commentCount":0,"publisher":{"@id":"https:\/\/www.info-algerie.com\/actualites\/#organization"},"keywords":["ONU"],"articleSection":["infos"],"inLanguage":"fr-FR","potentialAction":[{"@type":"CommentAction","name":"Comment","target":["https:\/\/www.info-algerie.com\/actualites\/ennahda-participera-aux-prochaines-elections-locales-pour-prendre-en-charge-les-veritables-preoccupations-du-citoyen-sg\/#respond"]}]},{"@type":"WebPage","@id":"https:\/\/www.info-algerie.com\/actualites\/ennahda-participera-aux-prochaines-elections-locales-pour-prendre-en-charge-les-veritables-preoccupations-du-citoyen-sg\/","url":"https:\/\/www.info-algerie.com\/actualites\/ennahda-participera-aux-prochaines-elections-locales-pour-prendre-en-charge-les-veritables-preoccupations-du-citoyen-sg\/","name":"Ennahda participera aux prochaines \u00e9lections locales pour prendre en charge les v\u00e9ritables pr\u00e9occupations du citoyen (SG) - info algerie","isPartOf":{"@id":"https:\/\/www.info-algerie.com\/actualites\/#website"},"datePublished":"2017-08-05T17:15:59+00:00","breadcrumb":{"@id":"https:\/\/www.info-algerie.com\/actualites\/ennahda-participera-aux-prochaines-elections-locales-pour-prendre-en-charge-les-veritables-preoccupations-du-citoyen-sg\/#breadcrumb"},"inLanguage":"fr-FR","potentialAction":[{"@type":"ReadAction","target":["https:\/\/www.info-algerie.com\/actualites\/ennahda-participera-aux-prochaines-elections-locales-pour-prendre-en-charge-les-veritables-preoccupations-du-citoyen-sg\/"]}]},{"@type":"BreadcrumbList","@id":"https:\/\/www.info-algerie.com\/actualites\/ennahda-participera-aux-prochaines-elections-locales-pour-prendre-en-charge-les-veritables-preoccupations-du-citoyen-sg\/#breadcrumb","itemListElement":[{"@type":"ListItem","position":1,"name":"Accueil","item":"https:\/\/www.info-algerie.com\/actualites\/"},{"@type":"ListItem","position":2,"name":"Ennahda participera aux prochaines \u00e9lections locales pour prendre en charge les v\u00e9ritables pr\u00e9occupations du citoyen (SG)"}]},{"@type":"WebSite","@id":"https:\/\/www.info-algerie.com\/actualites\/#website","url":"https:\/\/www.info-algerie.com\/actualites\/","name":"info algerie","description":"Toutes les actualit\u00e9s","publisher":{"@id":"https:\/\/www.info-algerie.com\/actualites\/#organization"},"potentialAction":[{"@type":"SearchAction","target":{"@type":"EntryPoint","urlTemplate":"https:\/\/www.info-algerie.com\/actualites\/?s={search_term_string}"},"query-input":{"@type":"PropertyValueSpecification","valueRequired":true,"valueName":"search_term_string"}}],"inLanguage":"fr-FR"},{"@type":"Organization","@id":"https:\/\/www.info-algerie.com\/actualites\/#organization","name":"info algerie","url":"https:\/\/www.info-algerie.com\/actualites\/","logo":{"@type":"ImageObject","inLanguage":"fr-FR","@id":"https:\/\/www.info-algerie.com\/actualites\/#\/schema\/logo\/image\/","url":"https:\/\/www.info-algerie.com\/actualites\/wp-content\/uploads\/2022\/07\/logo-ia-120.png","contentUrl":"https:\/\/www.info-algerie.com\/actualites\/wp-content\/uploads\/2022\/07\/logo-ia-120.png","width":120,"height":43,"caption":"info algerie"},"image":{"@id":"https:\/\/www.info-algerie.com\/actualites\/#\/schema\/logo\/image\/"},"sameAs":["https:\/\/www.facebook.com\/infoalgerieactu","https:\/\/x.com\/infoalgerie1"]},{"@type":"Person","@id":"https:\/\/www.info-algerie.com\/actualites\/#\/schema\/person\/847aaec44920825b843a08f30ec6aa1e","name":"La r\u00e9daction","image":{"@type":"ImageObject","inLanguage":"fr-FR","@id":"https:\/\/secure.gravatar.com\/avatar\/769db425c6f465158149f1ffd6cf61ce7a8a879d11dfbef8288af36dfddd418c?s=96&d=mm&r=g","url":"https:\/\/secure.gravatar.com\/avatar\/769db425c6f465158149f1ffd6cf61ce7a8a879d11dfbef8288af36dfddd418c?s=96&d=mm&r=g","contentUrl":"https:\/\/secure.gravatar.com\/avatar\/769db425c6f465158149f1ffd6cf61ce7a8a879d11dfbef8288af36dfddd418c?s=96&d=mm&r=g","caption":"La r\u00e9daction"},"sameAs":["http:\/\/www.lkeria.com\/"],"url":"https:\/\/www.info-algerie.com\/actualites\/author\/chakib32\/"}]}},"_links":{"self":[{"href":"https:\/\/www.info-algerie.com\/actualites\/wp-json\/wp\/v2\/posts\/14776","targetHints":{"allow":["GET"]}}],"collection":[{"href":"https:\/\/www.info-algerie.com\/actualites\/wp-json\/wp\/v2\/posts"}],"about":[{"href":"https:\/\/www.info-algerie.com\/actualites\/wp-json\/wp\/v2\/types\/post"}],"author":[{"embeddable":true,"href":"https:\/\/www.info-algerie.com\/actualites\/wp-json\/wp\/v2\/users\/6"}],"replies":[{"embeddable":true,"href":"https:\/\/www.info-algerie.com\/actualites\/wp-json\/wp\/v2\/comments?post=14776"}],"version-history":[{"count":0,"href":"https:\/\/www.info-algerie.com\/actualites\/wp-json\/wp\/v2\/posts\/14776\/revisions"}],"wp:attachment":[{"href":"https:\/\/www.info-algerie.com\/actualites\/wp-json\/wp\/v2\/media?parent=14776"}],"wp:term":[{"taxonomy":"category","embeddable":true,"href":"https:\/\/www.info-algerie.com\/actualites\/wp-json\/wp\/v2\/categories?post=14776"},{"taxonomy":"post_tag","embeddable":true,"href":"https:\/\/www.info-algerie.com\/actualites\/wp-json\/wp\/v2\/tags?post=14776"}],"curies":[{"name":"wp","href":"https:\/\/api.w.org\/{rel}","templated":true}]}}