{"id":14786,"date":"2017-08-06T09:34:51","date_gmt":"2017-08-06T08:34:51","guid":{"rendered":"http:\/\/www.info-algerie.com\/actualites\/appel-a-la-mobilisation-totale-pour-maitriser-les-feux-de-forets-les-jours-a-venir\/"},"modified":"2017-08-06T09:34:51","modified_gmt":"2017-08-06T08:34:51","slug":"appel-a-la-mobilisation-totale-pour-maitriser-les-feux-de-forets-les-jours-a-venir","status":"publish","type":"post","link":"https:\/\/www.info-algerie.com\/actualites\/appel-a-la-mobilisation-totale-pour-maitriser-les-feux-de-forets-les-jours-a-venir\/","title":{"rendered":"Appel \u00e0 la mobilisation totale pour ma\u00eetriser les feux de for\u00eats les jours \u00e0 venir"},"content":{"rendered":"<div class=\"K2FeedImage\"><img decoding=\"async\" src=\"https:\/\/www.info-algerie.com\/actualites\/wp-content\/uploads\/2017\/08\/f36d2f7dbaa3a75d62befd7e4bbe1329_S.jpg\" alt=\"Appel &#xE0; la mobilisation totale pour ma&#xEE;triser les feux de for&#xEA;ts les jours &#xE0; venir\" \/><\/div>\n<div class=\"K2FeedIntroText\">\n<p class=\"MsoNormal\">\u00a0<\/p>\n<p>&#013;<\/p>\n<p>ALGER &#8211; Le ministre de l&rsquo;Int\u00e9rieur, des Collectivit\u00e9s locales et de l&rsquo;Am\u00e9nagement du territoire, Nouredine Bedoui, a appel\u00e9 samedi \u00e0 Alger \u00e0 la mobilisation totale des diff\u00e9rentes institutions de l&rsquo;Etat et repr\u00e9sentants de la soci\u00e9t\u00e9 civile en vue de ma\u00eetriser, les jours \u00e0 venir, la vague des feux de for\u00eats qui s&rsquo;est r\u00e9pandue dans nombre wilayas.<\/p>\n<p>&#013;\n<\/p><\/div>\n<div class=\"K2FeedFullText\">&#013;<\/p>\n<p>\u00ab\u00a0Il faut une mobilisation totale et organis\u00e9e des diff\u00e9rentes institutions, organismes et repr\u00e9sentants de la soci\u00e9t\u00e9 civile et des citoyens, pour \u00ab\u00a0accompagner les efforts des pouvoirs publics afin de prot\u00e9ger les ressources foresti\u00e8res et ma\u00eetriser les feux de for\u00eats au cours des prochains jours\u00a0\u00bb, a d\u00e9clar\u00e9 le ministre lors de sa rencontre avec les cadres de la Protection civile au niveau du centre op\u00e9rationnel au si\u00e8ge de la Direction g\u00e9n\u00e9rale (DGPC) dans le cadre d&rsquo;une visite sur le terrain pour s&rsquo;enqu\u00e9rir des efforts d\u00e9ploy\u00e9s pour \u00e9teindre les incendies.<\/p>\n<p>&#013;<\/p>\n<p>Apr\u00e8s avoir \u00e9cout\u00e9 les explications fournies sur le bilan de l&rsquo;action sur le terrain entre le 1 juin et le 3 ao\u00fbt, M. Bedoui a ordonn\u00e9 la mobilisation des colonnes mobiles stationn\u00e9es \u00e0 l&rsquo;ouest du pays en renfort \u00e0 celles des wilayas de l&rsquo;Est et donn\u00e9 des orientations pour l&rsquo;envoi de 3 colonnes des wilayas de Tiaret, Relizane et Chlef pour appuyer les colonnes\u00a0 des wilayas d&rsquo;El Tarf et de Guelma.<\/p>\n<p>&#013;<\/p>\n<p>Dans ce contexte, le ministre a annonc\u00e9 le renforcement, partir de l&rsquo;ann\u00e9e prochaine, des colonnes mobiles r\u00e9parties \u00e0 travers les diff\u00e9rents r\u00e9gions du pays par 29 autres afin de doubler les moyens mobilis\u00e9s pour affronter les incendies et prot\u00e9ger les ressources foresti\u00e8res.<\/p>\n<p>&#013;<\/p>\n<p>Evoquant l&rsquo;indemnisation des victimes de ces incendies, le ministre a valoris\u00e9 \u00ab\u00a0le r\u00f4le de l&rsquo;Etat au plan social et l&rsquo;effort mat\u00e9riel et financier consid\u00e9rable, et ce, sur instructions du pr\u00e9sident de la R\u00e9publique, Abdelaziz Bouteflika, afin que le citoyen ne se trouve pas seul en ces p\u00e9nibles circonstances\u00a0\u00bb, affirmant que \u00ab\u00a0la prise en charge sociale du citoyen est primordiale pour l&rsquo;Etat alg\u00e9rien\u00a0\u00bb.<\/p>\n<p>&#013;<\/p>\n<p>Par ailleurs le ministre a fait \u00e9tat de la poursuite \u00ab\u00a0des investigations pr\u00e9liminaires par les services de la S\u00fbret\u00e9 en vue de d\u00e9terminer les causes des incendies\u00a0\u00bb, soulignant \u00ab\u00a0l&rsquo;existence de groupes au niveau des commissions de wilaya pour \u00e9valuer les pertes et \u00ab\u00a0identifier les vrais sinistr\u00e9s\u00a0\u00bb.<\/p>\n<p>&#013;<\/p>\n<p>\u00ab\u00a0La justice se chargera de l\u00a0\u00bbapplication des lois envers ceux qui sont arr\u00eat\u00e9s\u00a0\u00bb pour d\u00e9lit de pyromanie, a pr\u00e9cis\u00e9 le ministre, ajoutant que \u00ab\u00a0si la justice les inculpent, la loi leur sera rigoureusement appliqu\u00e9e\u00a0\u00bb.<\/p>\n<p>&#013;<\/p>\n<p>Le ministre de l&rsquo;int\u00e9rieur a saisi cette opportunit\u00e9 pour adresser les condol\u00e9ances du gouvernement aux agents et cadres de la Protection civile, notamment la famille de l&rsquo;agent Aissaoui Noureddine mort en service jeudi dernier dans la commune d\u2019Amoucha, wilaya de S\u00e9tif.<\/p>\n<p>&#013;<\/p>\n<p>A cette occasion, M. Bedoui a tenu \u00e0 rendre hommage aux \u00ab\u00a0agents et cadres de la Protections civiles pour les efforts consentis dans le cadre de l&rsquo;accomplissement de leur devoir national\u00a0\u00bb.<\/p>\n<p>&#013;<\/p>\n<p>Le ministre a salu\u00e9 \u00e9galement les efforts \u00ab\u00a0des citoyens, des forestiers, des services de s\u00e9curit\u00e9 et des \u00e9l\u00e9ments de l&rsquo;ANP\u00a0\u00bb se f\u00e9licitant du travail de solidarit\u00e9 initi\u00e9 par les \u00e9tablissements publics et priv\u00e9s qui ont mobilis\u00e9 leurs moyens et capacit\u00e9s pour combattre les feux.<\/p>\n<p>&#013;<\/p>\n<p>\u00ab\u00a0La soci\u00e9t\u00e9 Alg\u00e9rienne dans ses diff\u00e9rentes composantes accompli pleinement son devoir pour pr\u00e9server ses biens\u00a0\u00bb, a soutenu M. Bedoui.<\/p>\n<p>&#013;<\/p>\n<p>Le ministre a cl\u00f4tur\u00e9 sa visite \u00ab\u00a0d&rsquo;encouragement\u00a0\u00bb au centre op\u00e9rationnel de la DGPC en mettant l&rsquo;accent sur l&rsquo;imp\u00e9ratif de garder la m\u00eame dynamique de travail et d&rsquo;esprit qui a permis, jusqu&rsquo;\u00e0 maintenant, de venir \u00e0 bout de plus de 1500 incendies et \u00e0 les circonscrire, un temps record, en moins de 20&Prime;.<\/p>\n<p>&#013;<\/p>\n<p>Selon le bilan de la protection civile, 1550 incendies ont \u00e9t\u00e9 enregistr\u00e9s depuis le d\u00e9but du mois de juin dernier d\u00e9vorant 4401 hectares de for\u00eats, 4087 hectares de maquis et 4146 hectares de broussailles.<\/p>\n<p>&#013;<\/p>\n<p>\u00a0<\/p>\n<p>&#013;<\/p>\n<p class=\"MsoNormal\">410 incendies ont d\u00e9vast\u00e9 1396 hectares de bl\u00e9, 191 hectares d&rsquo;orge, 139.824 arbres fruitiers et 2877 oasis.<\/p>\n<\/div>\n<p>&#013;<br \/>\nSource: <a href=\"http:\/\/www.aps.dz\/algerie\/61458-appel-a-la-mobilisation-totale-pour-maitriser-les-feux-de-forets-les-jours-a-venir\" target=\"_blank\">Appel \u00e0 la mobilisation totale pour ma\u00eetriser les feux de for\u00eats les jours \u00e0 venir<\/a><\/p>\n<!--CusAds0-->\n<div style=\"font-size: 0px; height: 0px; line-height: 0px; margin: 0; padding: 0; clear: both;\"><\/div>","protected":false},"excerpt":{"rendered":"<p>\u00a0 &#013; ALGER &#8211; Le ministre de l&rsquo;Int\u00e9rieur, des Collectivit\u00e9s locales et de l&rsquo;Am\u00e9nagement du territoire, Nouredine Bedoui, a appel\u00e9 samedi \u00e0 Alger \u00e0 la mobilisation totale des diff\u00e9rentes institutions de l&rsquo;Etat et repr\u00e9sentants de la soci\u00e9t\u00e9 civile en vue de ma\u00eetriser, les jours \u00e0 venir, la vague des feux de for\u00eats qui s&rsquo;est r\u00e9pandue<\/p>\n","protected":false},"author":6,"featured_media":14787,"comment_status":"open","ping_status":"open","sticky":false,"template":"","format":"standard","meta":{"footnotes":""},"categories":[22],"tags":[93],"class_list":["post-14786","post","type-post","status-publish","format-standard","has-post-thumbnail","hentry","category-infos","tag-onu"],"yoast_head":"<!-- This site is optimized with the Yoast SEO plugin v27.5 - https:\/\/yoast.com\/product\/yoast-seo-wordpress\/ -->\n<title>Appel \u00e0 la mobilisation totale pour ma\u00eetriser les feux de for\u00eats les jours \u00e0 venir - info algerie<\/title>\n<meta name=\"robots\" content=\"index, follow, max-snippet:-1, max-image-preview:large, max-video-preview:-1\" \/>\n<link rel=\"canonical\" href=\"https:\/\/www.info-algerie.com\/actualites\/appel-a-la-mobilisation-totale-pour-maitriser-les-feux-de-forets-les-jours-a-venir\/\" \/>\n<meta property=\"og:locale\" content=\"fr_FR\" \/>\n<meta property=\"og:type\" content=\"article\" \/>\n<meta property=\"og:title\" content=\"Appel \u00e0 la mobilisation totale pour ma\u00eetriser les feux de for\u00eats les jours \u00e0 venir - info algerie\" \/>\n<meta property=\"og:description\" content=\"\u00a0 &#013; ALGER &#8211; Le ministre de l&rsquo;Int\u00e9rieur, des Collectivit\u00e9s locales et de l&rsquo;Am\u00e9nagement du territoire, Nouredine Bedoui, a appel\u00e9 samedi \u00e0 Alger \u00e0 la mobilisation totale des diff\u00e9rentes institutions de l&rsquo;Etat et repr\u00e9sentants de la soci\u00e9t\u00e9 civile en vue de ma\u00eetriser, les jours \u00e0 venir, la vague des feux de for\u00eats qui s&rsquo;est r\u00e9pandue\" \/>\n<meta property=\"og:url\" content=\"https:\/\/www.info-algerie.com\/actualites\/appel-a-la-mobilisation-totale-pour-maitriser-les-feux-de-forets-les-jours-a-venir\/\" \/>\n<meta property=\"og:site_name\" content=\"info algerie\" \/>\n<meta property=\"article:publisher\" content=\"https:\/\/www.facebook.com\/infoalgerieactu\" \/>\n<meta property=\"article:published_time\" content=\"2017-08-06T08:34:51+00:00\" \/>\n<meta property=\"og:image\" content=\"https:\/\/www.info-algerie.com\/actualites\/wp-content\/uploads\/2017\/08\/f36d2f7dbaa3a75d62befd7e4bbe1329_S-1.jpg\" \/>\n\t<meta property=\"og:image:width\" content=\"280\" \/>\n\t<meta property=\"og:image:height\" content=\"169\" \/>\n\t<meta property=\"og:image:type\" content=\"image\/jpeg\" \/>\n<meta name=\"author\" content=\"La r\u00e9daction\" \/>\n<meta name=\"twitter:label1\" content=\"\u00c9crit par\" \/>\n\t<meta name=\"twitter:data1\" content=\"La r\u00e9daction\" \/>\n\t<meta name=\"twitter:label2\" content=\"Dur\u00e9e de lecture estim\u00e9e\" \/>\n\t<meta name=\"twitter:data2\" content=\"4 minutes\" \/>\n<script type=\"application\/ld+json\" class=\"yoast-schema-graph\">{\"@context\":\"https:\\\/\\\/schema.org\",\"@graph\":[{\"@type\":\"Article\",\"@id\":\"https:\\\/\\\/www.info-algerie.com\\\/actualites\\\/appel-a-la-mobilisation-totale-pour-maitriser-les-feux-de-forets-les-jours-a-venir\\\/#article\",\"isPartOf\":{\"@id\":\"https:\\\/\\\/www.info-algerie.com\\\/actualites\\\/appel-a-la-mobilisation-totale-pour-maitriser-les-feux-de-forets-les-jours-a-venir\\\/\"},\"author\":{\"name\":\"La r\u00e9daction\",\"@id\":\"https:\\\/\\\/www.info-algerie.com\\\/actualites\\\/#\\\/schema\\\/person\\\/847aaec44920825b843a08f30ec6aa1e\"},\"headline\":\"Appel \u00e0 la mobilisation totale pour ma\u00eetriser les feux de for\u00eats les jours \u00e0 venir\",\"datePublished\":\"2017-08-06T08:34:51+00:00\",\"mainEntityOfPage\":{\"@id\":\"https:\\\/\\\/www.info-algerie.com\\\/actualites\\\/appel-a-la-mobilisation-totale-pour-maitriser-les-feux-de-forets-les-jours-a-venir\\\/\"},\"wordCount\":744,\"commentCount\":0,\"publisher\":{\"@id\":\"https:\\\/\\\/www.info-algerie.com\\\/actualites\\\/#organization\"},\"image\":{\"@id\":\"https:\\\/\\\/www.info-algerie.com\\\/actualites\\\/appel-a-la-mobilisation-totale-pour-maitriser-les-feux-de-forets-les-jours-a-venir\\\/#primaryimage\"},\"thumbnailUrl\":\"https:\\\/\\\/www.info-algerie.com\\\/actualites\\\/wp-content\\\/uploads\\\/2017\\\/08\\\/f36d2f7dbaa3a75d62befd7e4bbe1329_S-1.jpg\",\"keywords\":[\"ONU\"],\"articleSection\":[\"infos\"],\"inLanguage\":\"fr-FR\",\"potentialAction\":[{\"@type\":\"CommentAction\",\"name\":\"Comment\",\"target\":[\"https:\\\/\\\/www.info-algerie.com\\\/actualites\\\/appel-a-la-mobilisation-totale-pour-maitriser-les-feux-de-forets-les-jours-a-venir\\\/#respond\"]}]},{\"@type\":\"WebPage\",\"@id\":\"https:\\\/\\\/www.info-algerie.com\\\/actualites\\\/appel-a-la-mobilisation-totale-pour-maitriser-les-feux-de-forets-les-jours-a-venir\\\/\",\"url\":\"https:\\\/\\\/www.info-algerie.com\\\/actualites\\\/appel-a-la-mobilisation-totale-pour-maitriser-les-feux-de-forets-les-jours-a-venir\\\/\",\"name\":\"Appel \u00e0 la mobilisation totale pour ma\u00eetriser les feux de for\u00eats les jours \u00e0 venir - info algerie\",\"isPartOf\":{\"@id\":\"https:\\\/\\\/www.info-algerie.com\\\/actualites\\\/#website\"},\"primaryImageOfPage\":{\"@id\":\"https:\\\/\\\/www.info-algerie.com\\\/actualites\\\/appel-a-la-mobilisation-totale-pour-maitriser-les-feux-de-forets-les-jours-a-venir\\\/#primaryimage\"},\"image\":{\"@id\":\"https:\\\/\\\/www.info-algerie.com\\\/actualites\\\/appel-a-la-mobilisation-totale-pour-maitriser-les-feux-de-forets-les-jours-a-venir\\\/#primaryimage\"},\"thumbnailUrl\":\"https:\\\/\\\/www.info-algerie.com\\\/actualites\\\/wp-content\\\/uploads\\\/2017\\\/08\\\/f36d2f7dbaa3a75d62befd7e4bbe1329_S-1.jpg\",\"datePublished\":\"2017-08-06T08:34:51+00:00\",\"breadcrumb\":{\"@id\":\"https:\\\/\\\/www.info-algerie.com\\\/actualites\\\/appel-a-la-mobilisation-totale-pour-maitriser-les-feux-de-forets-les-jours-a-venir\\\/#breadcrumb\"},\"inLanguage\":\"fr-FR\",\"potentialAction\":[{\"@type\":\"ReadAction\",\"target\":[\"https:\\\/\\\/www.info-algerie.com\\\/actualites\\\/appel-a-la-mobilisation-totale-pour-maitriser-les-feux-de-forets-les-jours-a-venir\\\/\"]}]},{\"@type\":\"ImageObject\",\"inLanguage\":\"fr-FR\",\"@id\":\"https:\\\/\\\/www.info-algerie.com\\\/actualites\\\/appel-a-la-mobilisation-totale-pour-maitriser-les-feux-de-forets-les-jours-a-venir\\\/#primaryimage\",\"url\":\"https:\\\/\\\/www.info-algerie.com\\\/actualites\\\/wp-content\\\/uploads\\\/2017\\\/08\\\/f36d2f7dbaa3a75d62befd7e4bbe1329_S-1.jpg\",\"contentUrl\":\"https:\\\/\\\/www.info-algerie.com\\\/actualites\\\/wp-content\\\/uploads\\\/2017\\\/08\\\/f36d2f7dbaa3a75d62befd7e4bbe1329_S-1.jpg\",\"width\":280,\"height\":169},{\"@type\":\"BreadcrumbList\",\"@id\":\"https:\\\/\\\/www.info-algerie.com\\\/actualites\\\/appel-a-la-mobilisation-totale-pour-maitriser-les-feux-de-forets-les-jours-a-venir\\\/#breadcrumb\",\"itemListElement\":[{\"@type\":\"ListItem\",\"position\":1,\"name\":\"Accueil\",\"item\":\"https:\\\/\\\/www.info-algerie.com\\\/actualites\\\/\"},{\"@type\":\"ListItem\",\"position\":2,\"name\":\"Appel \u00e0 la mobilisation totale pour ma\u00eetriser les feux de for\u00eats les jours \u00e0 venir\"}]},{\"@type\":\"WebSite\",\"@id\":\"https:\\\/\\\/www.info-algerie.com\\\/actualites\\\/#website\",\"url\":\"https:\\\/\\\/www.info-algerie.com\\\/actualites\\\/\",\"name\":\"info algerie\",\"description\":\"Toutes les actualit\u00e9s\",\"publisher\":{\"@id\":\"https:\\\/\\\/www.info-algerie.com\\\/actualites\\\/#organization\"},\"potentialAction\":[{\"@type\":\"SearchAction\",\"target\":{\"@type\":\"EntryPoint\",\"urlTemplate\":\"https:\\\/\\\/www.info-algerie.com\\\/actualites\\\/?s={search_term_string}\"},\"query-input\":{\"@type\":\"PropertyValueSpecification\",\"valueRequired\":true,\"valueName\":\"search_term_string\"}}],\"inLanguage\":\"fr-FR\"},{\"@type\":\"Organization\",\"@id\":\"https:\\\/\\\/www.info-algerie.com\\\/actualites\\\/#organization\",\"name\":\"info algerie\",\"url\":\"https:\\\/\\\/www.info-algerie.com\\\/actualites\\\/\",\"logo\":{\"@type\":\"ImageObject\",\"inLanguage\":\"fr-FR\",\"@id\":\"https:\\\/\\\/www.info-algerie.com\\\/actualites\\\/#\\\/schema\\\/logo\\\/image\\\/\",\"url\":\"https:\\\/\\\/www.info-algerie.com\\\/actualites\\\/wp-content\\\/uploads\\\/2022\\\/07\\\/logo-ia-120.png\",\"contentUrl\":\"https:\\\/\\\/www.info-algerie.com\\\/actualites\\\/wp-content\\\/uploads\\\/2022\\\/07\\\/logo-ia-120.png\",\"width\":120,\"height\":43,\"caption\":\"info algerie\"},\"image\":{\"@id\":\"https:\\\/\\\/www.info-algerie.com\\\/actualites\\\/#\\\/schema\\\/logo\\\/image\\\/\"},\"sameAs\":[\"https:\\\/\\\/www.facebook.com\\\/infoalgerieactu\",\"https:\\\/\\\/x.com\\\/infoalgerie1\"]},{\"@type\":\"Person\",\"@id\":\"https:\\\/\\\/www.info-algerie.com\\\/actualites\\\/#\\\/schema\\\/person\\\/847aaec44920825b843a08f30ec6aa1e\",\"name\":\"La r\u00e9daction\",\"image\":{\"@type\":\"ImageObject\",\"inLanguage\":\"fr-FR\",\"@id\":\"https:\\\/\\\/secure.gravatar.com\\\/avatar\\\/769db425c6f465158149f1ffd6cf61ce7a8a879d11dfbef8288af36dfddd418c?s=96&d=mm&r=g\",\"url\":\"https:\\\/\\\/secure.gravatar.com\\\/avatar\\\/769db425c6f465158149f1ffd6cf61ce7a8a879d11dfbef8288af36dfddd418c?s=96&d=mm&r=g\",\"contentUrl\":\"https:\\\/\\\/secure.gravatar.com\\\/avatar\\\/769db425c6f465158149f1ffd6cf61ce7a8a879d11dfbef8288af36dfddd418c?s=96&d=mm&r=g\",\"caption\":\"La r\u00e9daction\"},\"sameAs\":[\"http:\\\/\\\/www.lkeria.com\\\/\"],\"url\":\"https:\\\/\\\/www.info-algerie.com\\\/actualites\\\/author\\\/chakib32\\\/\"}]}<\/script>\n<!-- \/ Yoast SEO plugin. -->","yoast_head_json":{"title":"Appel \u00e0 la mobilisation totale pour ma\u00eetriser les feux de for\u00eats les jours \u00e0 venir - info algerie","robots":{"index":"index","follow":"follow","max-snippet":"max-snippet:-1","max-image-preview":"max-image-preview:large","max-video-preview":"max-video-preview:-1"},"canonical":"https:\/\/www.info-algerie.com\/actualites\/appel-a-la-mobilisation-totale-pour-maitriser-les-feux-de-forets-les-jours-a-venir\/","og_locale":"fr_FR","og_type":"article","og_title":"Appel \u00e0 la mobilisation totale pour ma\u00eetriser les feux de for\u00eats les jours \u00e0 venir - info algerie","og_description":"\u00a0 &#013; ALGER &#8211; Le ministre de l&rsquo;Int\u00e9rieur, des Collectivit\u00e9s locales et de l&rsquo;Am\u00e9nagement du territoire, Nouredine Bedoui, a appel\u00e9 samedi \u00e0 Alger \u00e0 la mobilisation totale des diff\u00e9rentes institutions de l&rsquo;Etat et repr\u00e9sentants de la soci\u00e9t\u00e9 civile en vue de ma\u00eetriser, les jours \u00e0 venir, la vague des feux de for\u00eats qui s&rsquo;est r\u00e9pandue","og_url":"https:\/\/www.info-algerie.com\/actualites\/appel-a-la-mobilisation-totale-pour-maitriser-les-feux-de-forets-les-jours-a-venir\/","og_site_name":"info algerie","article_publisher":"https:\/\/www.facebook.com\/infoalgerieactu","article_published_time":"2017-08-06T08:34:51+00:00","og_image":[{"width":280,"height":169,"url":"https:\/\/www.info-algerie.com\/actualites\/wp-content\/uploads\/2017\/08\/f36d2f7dbaa3a75d62befd7e4bbe1329_S-1.jpg","type":"image\/jpeg"}],"author":"La r\u00e9daction","twitter_misc":{"\u00c9crit par":"La r\u00e9daction","Dur\u00e9e de lecture estim\u00e9e":"4 minutes"},"schema":{"@context":"https:\/\/schema.org","@graph":[{"@type":"Article","@id":"https:\/\/www.info-algerie.com\/actualites\/appel-a-la-mobilisation-totale-pour-maitriser-les-feux-de-forets-les-jours-a-venir\/#article","isPartOf":{"@id":"https:\/\/www.info-algerie.com\/actualites\/appel-a-la-mobilisation-totale-pour-maitriser-les-feux-de-forets-les-jours-a-venir\/"},"author":{"name":"La r\u00e9daction","@id":"https:\/\/www.info-algerie.com\/actualites\/#\/schema\/person\/847aaec44920825b843a08f30ec6aa1e"},"headline":"Appel \u00e0 la mobilisation totale pour ma\u00eetriser les feux de for\u00eats les jours \u00e0 venir","datePublished":"2017-08-06T08:34:51+00:00","mainEntityOfPage":{"@id":"https:\/\/www.info-algerie.com\/actualites\/appel-a-la-mobilisation-totale-pour-maitriser-les-feux-de-forets-les-jours-a-venir\/"},"wordCount":744,"commentCount":0,"publisher":{"@id":"https:\/\/www.info-algerie.com\/actualites\/#organization"},"image":{"@id":"https:\/\/www.info-algerie.com\/actualites\/appel-a-la-mobilisation-totale-pour-maitriser-les-feux-de-forets-les-jours-a-venir\/#primaryimage"},"thumbnailUrl":"https:\/\/www.info-algerie.com\/actualites\/wp-content\/uploads\/2017\/08\/f36d2f7dbaa3a75d62befd7e4bbe1329_S-1.jpg","keywords":["ONU"],"articleSection":["infos"],"inLanguage":"fr-FR","potentialAction":[{"@type":"CommentAction","name":"Comment","target":["https:\/\/www.info-algerie.com\/actualites\/appel-a-la-mobilisation-totale-pour-maitriser-les-feux-de-forets-les-jours-a-venir\/#respond"]}]},{"@type":"WebPage","@id":"https:\/\/www.info-algerie.com\/actualites\/appel-a-la-mobilisation-totale-pour-maitriser-les-feux-de-forets-les-jours-a-venir\/","url":"https:\/\/www.info-algerie.com\/actualites\/appel-a-la-mobilisation-totale-pour-maitriser-les-feux-de-forets-les-jours-a-venir\/","name":"Appel \u00e0 la mobilisation totale pour ma\u00eetriser les feux de for\u00eats les jours \u00e0 venir - info algerie","isPartOf":{"@id":"https:\/\/www.info-algerie.com\/actualites\/#website"},"primaryImageOfPage":{"@id":"https:\/\/www.info-algerie.com\/actualites\/appel-a-la-mobilisation-totale-pour-maitriser-les-feux-de-forets-les-jours-a-venir\/#primaryimage"},"image":{"@id":"https:\/\/www.info-algerie.com\/actualites\/appel-a-la-mobilisation-totale-pour-maitriser-les-feux-de-forets-les-jours-a-venir\/#primaryimage"},"thumbnailUrl":"https:\/\/www.info-algerie.com\/actualites\/wp-content\/uploads\/2017\/08\/f36d2f7dbaa3a75d62befd7e4bbe1329_S-1.jpg","datePublished":"2017-08-06T08:34:51+00:00","breadcrumb":{"@id":"https:\/\/www.info-algerie.com\/actualites\/appel-a-la-mobilisation-totale-pour-maitriser-les-feux-de-forets-les-jours-a-venir\/#breadcrumb"},"inLanguage":"fr-FR","potentialAction":[{"@type":"ReadAction","target":["https:\/\/www.info-algerie.com\/actualites\/appel-a-la-mobilisation-totale-pour-maitriser-les-feux-de-forets-les-jours-a-venir\/"]}]},{"@type":"ImageObject","inLanguage":"fr-FR","@id":"https:\/\/www.info-algerie.com\/actualites\/appel-a-la-mobilisation-totale-pour-maitriser-les-feux-de-forets-les-jours-a-venir\/#primaryimage","url":"https:\/\/www.info-algerie.com\/actualites\/wp-content\/uploads\/2017\/08\/f36d2f7dbaa3a75d62befd7e4bbe1329_S-1.jpg","contentUrl":"https:\/\/www.info-algerie.com\/actualites\/wp-content\/uploads\/2017\/08\/f36d2f7dbaa3a75d62befd7e4bbe1329_S-1.jpg","width":280,"height":169},{"@type":"BreadcrumbList","@id":"https:\/\/www.info-algerie.com\/actualites\/appel-a-la-mobilisation-totale-pour-maitriser-les-feux-de-forets-les-jours-a-venir\/#breadcrumb","itemListElement":[{"@type":"ListItem","position":1,"name":"Accueil","item":"https:\/\/www.info-algerie.com\/actualites\/"},{"@type":"ListItem","position":2,"name":"Appel \u00e0 la mobilisation totale pour ma\u00eetriser les feux de for\u00eats les jours \u00e0 venir"}]},{"@type":"WebSite","@id":"https:\/\/www.info-algerie.com\/actualites\/#website","url":"https:\/\/www.info-algerie.com\/actualites\/","name":"info algerie","description":"Toutes les actualit\u00e9s","publisher":{"@id":"https:\/\/www.info-algerie.com\/actualites\/#organization"},"potentialAction":[{"@type":"SearchAction","target":{"@type":"EntryPoint","urlTemplate":"https:\/\/www.info-algerie.com\/actualites\/?s={search_term_string}"},"query-input":{"@type":"PropertyValueSpecification","valueRequired":true,"valueName":"search_term_string"}}],"inLanguage":"fr-FR"},{"@type":"Organization","@id":"https:\/\/www.info-algerie.com\/actualites\/#organization","name":"info algerie","url":"https:\/\/www.info-algerie.com\/actualites\/","logo":{"@type":"ImageObject","inLanguage":"fr-FR","@id":"https:\/\/www.info-algerie.com\/actualites\/#\/schema\/logo\/image\/","url":"https:\/\/www.info-algerie.com\/actualites\/wp-content\/uploads\/2022\/07\/logo-ia-120.png","contentUrl":"https:\/\/www.info-algerie.com\/actualites\/wp-content\/uploads\/2022\/07\/logo-ia-120.png","width":120,"height":43,"caption":"info algerie"},"image":{"@id":"https:\/\/www.info-algerie.com\/actualites\/#\/schema\/logo\/image\/"},"sameAs":["https:\/\/www.facebook.com\/infoalgerieactu","https:\/\/x.com\/infoalgerie1"]},{"@type":"Person","@id":"https:\/\/www.info-algerie.com\/actualites\/#\/schema\/person\/847aaec44920825b843a08f30ec6aa1e","name":"La r\u00e9daction","image":{"@type":"ImageObject","inLanguage":"fr-FR","@id":"https:\/\/secure.gravatar.com\/avatar\/769db425c6f465158149f1ffd6cf61ce7a8a879d11dfbef8288af36dfddd418c?s=96&d=mm&r=g","url":"https:\/\/secure.gravatar.com\/avatar\/769db425c6f465158149f1ffd6cf61ce7a8a879d11dfbef8288af36dfddd418c?s=96&d=mm&r=g","contentUrl":"https:\/\/secure.gravatar.com\/avatar\/769db425c6f465158149f1ffd6cf61ce7a8a879d11dfbef8288af36dfddd418c?s=96&d=mm&r=g","caption":"La r\u00e9daction"},"sameAs":["http:\/\/www.lkeria.com\/"],"url":"https:\/\/www.info-algerie.com\/actualites\/author\/chakib32\/"}]}},"_links":{"self":[{"href":"https:\/\/www.info-algerie.com\/actualites\/wp-json\/wp\/v2\/posts\/14786","targetHints":{"allow":["GET"]}}],"collection":[{"href":"https:\/\/www.info-algerie.com\/actualites\/wp-json\/wp\/v2\/posts"}],"about":[{"href":"https:\/\/www.info-algerie.com\/actualites\/wp-json\/wp\/v2\/types\/post"}],"author":[{"embeddable":true,"href":"https:\/\/www.info-algerie.com\/actualites\/wp-json\/wp\/v2\/users\/6"}],"replies":[{"embeddable":true,"href":"https:\/\/www.info-algerie.com\/actualites\/wp-json\/wp\/v2\/comments?post=14786"}],"version-history":[{"count":0,"href":"https:\/\/www.info-algerie.com\/actualites\/wp-json\/wp\/v2\/posts\/14786\/revisions"}],"wp:featuredmedia":[{"embeddable":true,"href":"https:\/\/www.info-algerie.com\/actualites\/wp-json\/wp\/v2\/media\/14787"}],"wp:attachment":[{"href":"https:\/\/www.info-algerie.com\/actualites\/wp-json\/wp\/v2\/media?parent=14786"}],"wp:term":[{"taxonomy":"category","embeddable":true,"href":"https:\/\/www.info-algerie.com\/actualites\/wp-json\/wp\/v2\/categories?post=14786"},{"taxonomy":"post_tag","embeddable":true,"href":"https:\/\/www.info-algerie.com\/actualites\/wp-json\/wp\/v2\/tags?post=14786"}],"curies":[{"name":"wp","href":"https:\/\/api.w.org\/{rel}","templated":true}]}}