{"id":14798,"date":"2017-08-06T15:21:00","date_gmt":"2017-08-06T14:21:00","guid":{"rendered":"http:\/\/www.info-algerie.com\/actualites\/le-president-bouteflika-signe-cinq-decrets-portant-ratification-daccords-internationaux\/"},"modified":"2017-08-06T15:21:00","modified_gmt":"2017-08-06T14:21:00","slug":"le-president-bouteflika-signe-cinq-decrets-portant-ratification-daccords-internationaux","status":"publish","type":"post","link":"https:\/\/www.info-algerie.com\/actualites\/le-president-bouteflika-signe-cinq-decrets-portant-ratification-daccords-internationaux\/","title":{"rendered":"Le Pr\u00e9sident Bouteflika signe cinq d\u00e9crets portant ratification d\u2019accords internationaux"},"content":{"rendered":"<div class=\"K2FeedImage\"><img decoding=\"async\" src=\"https:\/\/www.info-algerie.com\/actualites\/wp-content\/uploads\/2017\/08\/206ba45aa0a5e572844570f7c6d3d475_S.jpg\" alt=\"Le Pr&#xE9;sident Bouteflika signe cinq d&#xE9;crets portant ratification d&#x2019;accords internationaux\" \/><\/div>\n<div class=\"K2FeedIntroText\">\n<p class=\"MsoNormal\">ALGER- Le pr\u00e9sident de la R\u00e9publique Abdelaziz Bouteflika a sign\u00e9 cinq d\u00e9crets pr\u00e9sidentiels portant ratification d\u2019accords internationaux, conform\u00e9ment \u00e0 l`article 91-9 de la Constitution, indique dimanche un communiqu\u00e9 de la pr\u00e9sidence de la R\u00e9publique.\u00a0\u00a0<\/p>\n<p>&#013;\n<\/p><\/div>\n<div class=\"K2FeedFullText\">&#013;<\/p>\n<p class=\"MsoNormal\">Il s&rsquo;agit de l&rsquo;accord de transport a\u00e9rien entre le gouvernement de la R\u00e9publique alg\u00e9rienne d\u00e9mocratique et populaire et le gouvernement de la R\u00e9publique tunisienne, sign\u00e9 \u00e0 Alger le 26 octobre 2015 et de la convention de coop\u00e9ration entre le gouvernement de la R\u00e9publique alg\u00e9rienne d\u00e9mocratique et populaire et le gouvernement du Royaume d&rsquo;Arabie saoudite dans le domaine du transport maritime, sign\u00e9 \u00e0 Ryadh le 9 d\u00e9cembre 2015.<\/p>\n<p>&#013;<\/p>\n<p class=\"MsoNormal\">Le chef de l&rsquo;Etat a \u00e9galement sign\u00e9 un d\u00e9cret pr\u00e9sidentiel portant ratification de l&rsquo;accord de coop\u00e9ration entre le gouvernement de la R\u00e9publique alg\u00e9rienne d\u00e9mocratique et populaire et le gouvernement de la R\u00e9publique populaire de Chine dans le domaine du travail, de l&#8217;emploi et de la s\u00e9curit\u00e9 sociale, sign\u00e9 \u00e0 P\u00e9kin le 29 avril 2015 et de l&rsquo;accord-cadre relatif \u00e0 la coop\u00e9ration dans le domaine du renforcement des capacit\u00e9s productives entre le gouvernement de la R\u00e9publique alg\u00e9rienne d\u00e9mocratique et populaire et le gouvernement de la R\u00e9publique populaire de Chine, sign\u00e9 \u00e0 Alger le 16 octobre 2016.<\/p>\n<p>&#013;<\/p>\n<p class=\"MsoNormal\">Le Pr\u00e9sident Bouteflika a \u00e9galement sign\u00e9 l&rsquo;avenant-modificatif \u00e0 l&rsquo;accord de coop\u00e9ration financi\u00e8re entre le gouvernement de la R\u00e9publique alg\u00e9rienne d\u00e9mocratique et populaire et le gouvernement de la R\u00e9publique de Cuba, sign\u00e9 \u00e0 Alger le 25 juillet 2016.<\/p>\n<p>&#013;<\/p>\n<p>\u00a0<\/p>\n<\/div>\n<p>&#013;<br \/>\nSource: <a href=\"http:\/\/www.aps.dz\/algerie\/61480-le-president-bouteflika-signe-cinq-decrets-portant-ratification-d-accords-internationaux\" target=\"_blank\">Le Pr\u00e9sident Bouteflika signe cinq d\u00e9crets portant ratification d\u2019accords internationaux<\/a><\/p>\n<!--CusAds0-->\n<div style=\"font-size: 0px; height: 0px; line-height: 0px; margin: 0; padding: 0; clear: both;\"><\/div>","protected":false},"excerpt":{"rendered":"<p>ALGER- Le pr\u00e9sident de la R\u00e9publique Abdelaziz Bouteflika a sign\u00e9 cinq d\u00e9crets pr\u00e9sidentiels portant ratification d\u2019accords internationaux, conform\u00e9ment \u00e0 l`article 91-9 de la Constitution, indique dimanche un communiqu\u00e9 de la pr\u00e9sidence de la R\u00e9publique.\u00a0\u00a0 &#013; &#013; Il s&rsquo;agit de l&rsquo;accord de transport a\u00e9rien entre le gouvernement de la R\u00e9publique alg\u00e9rienne d\u00e9mocratique et populaire et le<\/p>\n","protected":false},"author":6,"featured_media":14799,"comment_status":"open","ping_status":"open","sticky":false,"template":"","format":"standard","meta":{"footnotes":""},"categories":[22],"tags":[93],"class_list":["post-14798","post","type-post","status-publish","format-standard","has-post-thumbnail","hentry","category-infos","tag-onu"],"yoast_head":"<!-- This site is optimized with the Yoast SEO plugin v27.5 - https:\/\/yoast.com\/product\/yoast-seo-wordpress\/ -->\n<title>Le Pr\u00e9sident Bouteflika signe cinq d\u00e9crets portant ratification d\u2019accords internationaux - info algerie<\/title>\n<meta name=\"robots\" content=\"index, follow, max-snippet:-1, max-image-preview:large, max-video-preview:-1\" \/>\n<link rel=\"canonical\" href=\"https:\/\/www.info-algerie.com\/actualites\/le-president-bouteflika-signe-cinq-decrets-portant-ratification-daccords-internationaux\/\" \/>\n<meta property=\"og:locale\" content=\"fr_FR\" \/>\n<meta property=\"og:type\" content=\"article\" \/>\n<meta property=\"og:title\" content=\"Le Pr\u00e9sident Bouteflika signe cinq d\u00e9crets portant ratification d\u2019accords internationaux - info algerie\" \/>\n<meta property=\"og:description\" content=\"ALGER- Le pr\u00e9sident de la R\u00e9publique Abdelaziz Bouteflika a sign\u00e9 cinq d\u00e9crets pr\u00e9sidentiels portant ratification d\u2019accords internationaux, conform\u00e9ment \u00e0 l`article 91-9 de la Constitution, indique dimanche un communiqu\u00e9 de la pr\u00e9sidence de la R\u00e9publique.\u00a0\u00a0 &#013; &#013; Il s&rsquo;agit de l&rsquo;accord de transport a\u00e9rien entre le gouvernement de la R\u00e9publique alg\u00e9rienne d\u00e9mocratique et populaire et le\" \/>\n<meta property=\"og:url\" content=\"https:\/\/www.info-algerie.com\/actualites\/le-president-bouteflika-signe-cinq-decrets-portant-ratification-daccords-internationaux\/\" \/>\n<meta property=\"og:site_name\" content=\"info algerie\" \/>\n<meta property=\"article:publisher\" content=\"https:\/\/www.facebook.com\/infoalgerieactu\" \/>\n<meta property=\"article:published_time\" content=\"2017-08-06T14:21:00+00:00\" \/>\n<meta property=\"og:image\" content=\"https:\/\/www.info-algerie.com\/actualites\/wp-content\/uploads\/2017\/08\/206ba45aa0a5e572844570f7c6d3d475_S-1.jpg\" \/>\n\t<meta property=\"og:image:width\" content=\"280\" \/>\n\t<meta property=\"og:image:height\" content=\"169\" \/>\n\t<meta property=\"og:image:type\" content=\"image\/jpeg\" \/>\n<meta name=\"author\" content=\"La r\u00e9daction\" \/>\n<meta name=\"twitter:label1\" content=\"\u00c9crit par\" \/>\n\t<meta name=\"twitter:data1\" content=\"La r\u00e9daction\" \/>\n\t<meta name=\"twitter:label2\" content=\"Dur\u00e9e de lecture estim\u00e9e\" \/>\n\t<meta name=\"twitter:data2\" content=\"1 minute\" \/>\n<script type=\"application\/ld+json\" class=\"yoast-schema-graph\">{\"@context\":\"https:\\\/\\\/schema.org\",\"@graph\":[{\"@type\":\"Article\",\"@id\":\"https:\\\/\\\/www.info-algerie.com\\\/actualites\\\/le-president-bouteflika-signe-cinq-decrets-portant-ratification-daccords-internationaux\\\/#article\",\"isPartOf\":{\"@id\":\"https:\\\/\\\/www.info-algerie.com\\\/actualites\\\/le-president-bouteflika-signe-cinq-decrets-portant-ratification-daccords-internationaux\\\/\"},\"author\":{\"name\":\"La r\u00e9daction\",\"@id\":\"https:\\\/\\\/www.info-algerie.com\\\/actualites\\\/#\\\/schema\\\/person\\\/847aaec44920825b843a08f30ec6aa1e\"},\"headline\":\"Le Pr\u00e9sident Bouteflika signe cinq d\u00e9crets portant ratification d\u2019accords internationaux\",\"datePublished\":\"2017-08-06T14:21:00+00:00\",\"mainEntityOfPage\":{\"@id\":\"https:\\\/\\\/www.info-algerie.com\\\/actualites\\\/le-president-bouteflika-signe-cinq-decrets-portant-ratification-daccords-internationaux\\\/\"},\"wordCount\":292,\"commentCount\":0,\"publisher\":{\"@id\":\"https:\\\/\\\/www.info-algerie.com\\\/actualites\\\/#organization\"},\"image\":{\"@id\":\"https:\\\/\\\/www.info-algerie.com\\\/actualites\\\/le-president-bouteflika-signe-cinq-decrets-portant-ratification-daccords-internationaux\\\/#primaryimage\"},\"thumbnailUrl\":\"https:\\\/\\\/www.info-algerie.com\\\/actualites\\\/wp-content\\\/uploads\\\/2017\\\/08\\\/206ba45aa0a5e572844570f7c6d3d475_S-1.jpg\",\"keywords\":[\"ONU\"],\"articleSection\":[\"infos\"],\"inLanguage\":\"fr-FR\",\"potentialAction\":[{\"@type\":\"CommentAction\",\"name\":\"Comment\",\"target\":[\"https:\\\/\\\/www.info-algerie.com\\\/actualites\\\/le-president-bouteflika-signe-cinq-decrets-portant-ratification-daccords-internationaux\\\/#respond\"]}]},{\"@type\":\"WebPage\",\"@id\":\"https:\\\/\\\/www.info-algerie.com\\\/actualites\\\/le-president-bouteflika-signe-cinq-decrets-portant-ratification-daccords-internationaux\\\/\",\"url\":\"https:\\\/\\\/www.info-algerie.com\\\/actualites\\\/le-president-bouteflika-signe-cinq-decrets-portant-ratification-daccords-internationaux\\\/\",\"name\":\"Le Pr\u00e9sident Bouteflika signe cinq d\u00e9crets portant ratification d\u2019accords internationaux - info algerie\",\"isPartOf\":{\"@id\":\"https:\\\/\\\/www.info-algerie.com\\\/actualites\\\/#website\"},\"primaryImageOfPage\":{\"@id\":\"https:\\\/\\\/www.info-algerie.com\\\/actualites\\\/le-president-bouteflika-signe-cinq-decrets-portant-ratification-daccords-internationaux\\\/#primaryimage\"},\"image\":{\"@id\":\"https:\\\/\\\/www.info-algerie.com\\\/actualites\\\/le-president-bouteflika-signe-cinq-decrets-portant-ratification-daccords-internationaux\\\/#primaryimage\"},\"thumbnailUrl\":\"https:\\\/\\\/www.info-algerie.com\\\/actualites\\\/wp-content\\\/uploads\\\/2017\\\/08\\\/206ba45aa0a5e572844570f7c6d3d475_S-1.jpg\",\"datePublished\":\"2017-08-06T14:21:00+00:00\",\"breadcrumb\":{\"@id\":\"https:\\\/\\\/www.info-algerie.com\\\/actualites\\\/le-president-bouteflika-signe-cinq-decrets-portant-ratification-daccords-internationaux\\\/#breadcrumb\"},\"inLanguage\":\"fr-FR\",\"potentialAction\":[{\"@type\":\"ReadAction\",\"target\":[\"https:\\\/\\\/www.info-algerie.com\\\/actualites\\\/le-president-bouteflika-signe-cinq-decrets-portant-ratification-daccords-internationaux\\\/\"]}]},{\"@type\":\"ImageObject\",\"inLanguage\":\"fr-FR\",\"@id\":\"https:\\\/\\\/www.info-algerie.com\\\/actualites\\\/le-president-bouteflika-signe-cinq-decrets-portant-ratification-daccords-internationaux\\\/#primaryimage\",\"url\":\"https:\\\/\\\/www.info-algerie.com\\\/actualites\\\/wp-content\\\/uploads\\\/2017\\\/08\\\/206ba45aa0a5e572844570f7c6d3d475_S-1.jpg\",\"contentUrl\":\"https:\\\/\\\/www.info-algerie.com\\\/actualites\\\/wp-content\\\/uploads\\\/2017\\\/08\\\/206ba45aa0a5e572844570f7c6d3d475_S-1.jpg\",\"width\":280,\"height\":169},{\"@type\":\"BreadcrumbList\",\"@id\":\"https:\\\/\\\/www.info-algerie.com\\\/actualites\\\/le-president-bouteflika-signe-cinq-decrets-portant-ratification-daccords-internationaux\\\/#breadcrumb\",\"itemListElement\":[{\"@type\":\"ListItem\",\"position\":1,\"name\":\"Accueil\",\"item\":\"https:\\\/\\\/www.info-algerie.com\\\/actualites\\\/\"},{\"@type\":\"ListItem\",\"position\":2,\"name\":\"Le Pr\u00e9sident Bouteflika signe cinq d\u00e9crets portant ratification d\u2019accords internationaux\"}]},{\"@type\":\"WebSite\",\"@id\":\"https:\\\/\\\/www.info-algerie.com\\\/actualites\\\/#website\",\"url\":\"https:\\\/\\\/www.info-algerie.com\\\/actualites\\\/\",\"name\":\"info algerie\",\"description\":\"Toutes les actualit\u00e9s\",\"publisher\":{\"@id\":\"https:\\\/\\\/www.info-algerie.com\\\/actualites\\\/#organization\"},\"potentialAction\":[{\"@type\":\"SearchAction\",\"target\":{\"@type\":\"EntryPoint\",\"urlTemplate\":\"https:\\\/\\\/www.info-algerie.com\\\/actualites\\\/?s={search_term_string}\"},\"query-input\":{\"@type\":\"PropertyValueSpecification\",\"valueRequired\":true,\"valueName\":\"search_term_string\"}}],\"inLanguage\":\"fr-FR\"},{\"@type\":\"Organization\",\"@id\":\"https:\\\/\\\/www.info-algerie.com\\\/actualites\\\/#organization\",\"name\":\"info algerie\",\"url\":\"https:\\\/\\\/www.info-algerie.com\\\/actualites\\\/\",\"logo\":{\"@type\":\"ImageObject\",\"inLanguage\":\"fr-FR\",\"@id\":\"https:\\\/\\\/www.info-algerie.com\\\/actualites\\\/#\\\/schema\\\/logo\\\/image\\\/\",\"url\":\"https:\\\/\\\/www.info-algerie.com\\\/actualites\\\/wp-content\\\/uploads\\\/2022\\\/07\\\/logo-ia-120.png\",\"contentUrl\":\"https:\\\/\\\/www.info-algerie.com\\\/actualites\\\/wp-content\\\/uploads\\\/2022\\\/07\\\/logo-ia-120.png\",\"width\":120,\"height\":43,\"caption\":\"info algerie\"},\"image\":{\"@id\":\"https:\\\/\\\/www.info-algerie.com\\\/actualites\\\/#\\\/schema\\\/logo\\\/image\\\/\"},\"sameAs\":[\"https:\\\/\\\/www.facebook.com\\\/infoalgerieactu\",\"https:\\\/\\\/x.com\\\/infoalgerie1\"]},{\"@type\":\"Person\",\"@id\":\"https:\\\/\\\/www.info-algerie.com\\\/actualites\\\/#\\\/schema\\\/person\\\/847aaec44920825b843a08f30ec6aa1e\",\"name\":\"La r\u00e9daction\",\"image\":{\"@type\":\"ImageObject\",\"inLanguage\":\"fr-FR\",\"@id\":\"https:\\\/\\\/secure.gravatar.com\\\/avatar\\\/769db425c6f465158149f1ffd6cf61ce7a8a879d11dfbef8288af36dfddd418c?s=96&d=mm&r=g\",\"url\":\"https:\\\/\\\/secure.gravatar.com\\\/avatar\\\/769db425c6f465158149f1ffd6cf61ce7a8a879d11dfbef8288af36dfddd418c?s=96&d=mm&r=g\",\"contentUrl\":\"https:\\\/\\\/secure.gravatar.com\\\/avatar\\\/769db425c6f465158149f1ffd6cf61ce7a8a879d11dfbef8288af36dfddd418c?s=96&d=mm&r=g\",\"caption\":\"La r\u00e9daction\"},\"sameAs\":[\"http:\\\/\\\/www.lkeria.com\\\/\"],\"url\":\"https:\\\/\\\/www.info-algerie.com\\\/actualites\\\/author\\\/chakib32\\\/\"}]}<\/script>\n<!-- \/ Yoast SEO plugin. -->","yoast_head_json":{"title":"Le Pr\u00e9sident Bouteflika signe cinq d\u00e9crets portant ratification d\u2019accords internationaux - info algerie","robots":{"index":"index","follow":"follow","max-snippet":"max-snippet:-1","max-image-preview":"max-image-preview:large","max-video-preview":"max-video-preview:-1"},"canonical":"https:\/\/www.info-algerie.com\/actualites\/le-president-bouteflika-signe-cinq-decrets-portant-ratification-daccords-internationaux\/","og_locale":"fr_FR","og_type":"article","og_title":"Le Pr\u00e9sident Bouteflika signe cinq d\u00e9crets portant ratification d\u2019accords internationaux - info algerie","og_description":"ALGER- Le pr\u00e9sident de la R\u00e9publique Abdelaziz Bouteflika a sign\u00e9 cinq d\u00e9crets pr\u00e9sidentiels portant ratification d\u2019accords internationaux, conform\u00e9ment \u00e0 l`article 91-9 de la Constitution, indique dimanche un communiqu\u00e9 de la pr\u00e9sidence de la R\u00e9publique.\u00a0\u00a0 &#013; &#013; Il s&rsquo;agit de l&rsquo;accord de transport a\u00e9rien entre le gouvernement de la R\u00e9publique alg\u00e9rienne d\u00e9mocratique et populaire et le","og_url":"https:\/\/www.info-algerie.com\/actualites\/le-president-bouteflika-signe-cinq-decrets-portant-ratification-daccords-internationaux\/","og_site_name":"info algerie","article_publisher":"https:\/\/www.facebook.com\/infoalgerieactu","article_published_time":"2017-08-06T14:21:00+00:00","og_image":[{"width":280,"height":169,"url":"https:\/\/www.info-algerie.com\/actualites\/wp-content\/uploads\/2017\/08\/206ba45aa0a5e572844570f7c6d3d475_S-1.jpg","type":"image\/jpeg"}],"author":"La r\u00e9daction","twitter_misc":{"\u00c9crit par":"La r\u00e9daction","Dur\u00e9e de lecture estim\u00e9e":"1 minute"},"schema":{"@context":"https:\/\/schema.org","@graph":[{"@type":"Article","@id":"https:\/\/www.info-algerie.com\/actualites\/le-president-bouteflika-signe-cinq-decrets-portant-ratification-daccords-internationaux\/#article","isPartOf":{"@id":"https:\/\/www.info-algerie.com\/actualites\/le-president-bouteflika-signe-cinq-decrets-portant-ratification-daccords-internationaux\/"},"author":{"name":"La r\u00e9daction","@id":"https:\/\/www.info-algerie.com\/actualites\/#\/schema\/person\/847aaec44920825b843a08f30ec6aa1e"},"headline":"Le Pr\u00e9sident Bouteflika signe cinq d\u00e9crets portant ratification d\u2019accords internationaux","datePublished":"2017-08-06T14:21:00+00:00","mainEntityOfPage":{"@id":"https:\/\/www.info-algerie.com\/actualites\/le-president-bouteflika-signe-cinq-decrets-portant-ratification-daccords-internationaux\/"},"wordCount":292,"commentCount":0,"publisher":{"@id":"https:\/\/www.info-algerie.com\/actualites\/#organization"},"image":{"@id":"https:\/\/www.info-algerie.com\/actualites\/le-president-bouteflika-signe-cinq-decrets-portant-ratification-daccords-internationaux\/#primaryimage"},"thumbnailUrl":"https:\/\/www.info-algerie.com\/actualites\/wp-content\/uploads\/2017\/08\/206ba45aa0a5e572844570f7c6d3d475_S-1.jpg","keywords":["ONU"],"articleSection":["infos"],"inLanguage":"fr-FR","potentialAction":[{"@type":"CommentAction","name":"Comment","target":["https:\/\/www.info-algerie.com\/actualites\/le-president-bouteflika-signe-cinq-decrets-portant-ratification-daccords-internationaux\/#respond"]}]},{"@type":"WebPage","@id":"https:\/\/www.info-algerie.com\/actualites\/le-president-bouteflika-signe-cinq-decrets-portant-ratification-daccords-internationaux\/","url":"https:\/\/www.info-algerie.com\/actualites\/le-president-bouteflika-signe-cinq-decrets-portant-ratification-daccords-internationaux\/","name":"Le Pr\u00e9sident Bouteflika signe cinq d\u00e9crets portant ratification d\u2019accords internationaux - info algerie","isPartOf":{"@id":"https:\/\/www.info-algerie.com\/actualites\/#website"},"primaryImageOfPage":{"@id":"https:\/\/www.info-algerie.com\/actualites\/le-president-bouteflika-signe-cinq-decrets-portant-ratification-daccords-internationaux\/#primaryimage"},"image":{"@id":"https:\/\/www.info-algerie.com\/actualites\/le-president-bouteflika-signe-cinq-decrets-portant-ratification-daccords-internationaux\/#primaryimage"},"thumbnailUrl":"https:\/\/www.info-algerie.com\/actualites\/wp-content\/uploads\/2017\/08\/206ba45aa0a5e572844570f7c6d3d475_S-1.jpg","datePublished":"2017-08-06T14:21:00+00:00","breadcrumb":{"@id":"https:\/\/www.info-algerie.com\/actualites\/le-president-bouteflika-signe-cinq-decrets-portant-ratification-daccords-internationaux\/#breadcrumb"},"inLanguage":"fr-FR","potentialAction":[{"@type":"ReadAction","target":["https:\/\/www.info-algerie.com\/actualites\/le-president-bouteflika-signe-cinq-decrets-portant-ratification-daccords-internationaux\/"]}]},{"@type":"ImageObject","inLanguage":"fr-FR","@id":"https:\/\/www.info-algerie.com\/actualites\/le-president-bouteflika-signe-cinq-decrets-portant-ratification-daccords-internationaux\/#primaryimage","url":"https:\/\/www.info-algerie.com\/actualites\/wp-content\/uploads\/2017\/08\/206ba45aa0a5e572844570f7c6d3d475_S-1.jpg","contentUrl":"https:\/\/www.info-algerie.com\/actualites\/wp-content\/uploads\/2017\/08\/206ba45aa0a5e572844570f7c6d3d475_S-1.jpg","width":280,"height":169},{"@type":"BreadcrumbList","@id":"https:\/\/www.info-algerie.com\/actualites\/le-president-bouteflika-signe-cinq-decrets-portant-ratification-daccords-internationaux\/#breadcrumb","itemListElement":[{"@type":"ListItem","position":1,"name":"Accueil","item":"https:\/\/www.info-algerie.com\/actualites\/"},{"@type":"ListItem","position":2,"name":"Le Pr\u00e9sident Bouteflika signe cinq d\u00e9crets portant ratification d\u2019accords internationaux"}]},{"@type":"WebSite","@id":"https:\/\/www.info-algerie.com\/actualites\/#website","url":"https:\/\/www.info-algerie.com\/actualites\/","name":"info algerie","description":"Toutes les actualit\u00e9s","publisher":{"@id":"https:\/\/www.info-algerie.com\/actualites\/#organization"},"potentialAction":[{"@type":"SearchAction","target":{"@type":"EntryPoint","urlTemplate":"https:\/\/www.info-algerie.com\/actualites\/?s={search_term_string}"},"query-input":{"@type":"PropertyValueSpecification","valueRequired":true,"valueName":"search_term_string"}}],"inLanguage":"fr-FR"},{"@type":"Organization","@id":"https:\/\/www.info-algerie.com\/actualites\/#organization","name":"info algerie","url":"https:\/\/www.info-algerie.com\/actualites\/","logo":{"@type":"ImageObject","inLanguage":"fr-FR","@id":"https:\/\/www.info-algerie.com\/actualites\/#\/schema\/logo\/image\/","url":"https:\/\/www.info-algerie.com\/actualites\/wp-content\/uploads\/2022\/07\/logo-ia-120.png","contentUrl":"https:\/\/www.info-algerie.com\/actualites\/wp-content\/uploads\/2022\/07\/logo-ia-120.png","width":120,"height":43,"caption":"info algerie"},"image":{"@id":"https:\/\/www.info-algerie.com\/actualites\/#\/schema\/logo\/image\/"},"sameAs":["https:\/\/www.facebook.com\/infoalgerieactu","https:\/\/x.com\/infoalgerie1"]},{"@type":"Person","@id":"https:\/\/www.info-algerie.com\/actualites\/#\/schema\/person\/847aaec44920825b843a08f30ec6aa1e","name":"La r\u00e9daction","image":{"@type":"ImageObject","inLanguage":"fr-FR","@id":"https:\/\/secure.gravatar.com\/avatar\/769db425c6f465158149f1ffd6cf61ce7a8a879d11dfbef8288af36dfddd418c?s=96&d=mm&r=g","url":"https:\/\/secure.gravatar.com\/avatar\/769db425c6f465158149f1ffd6cf61ce7a8a879d11dfbef8288af36dfddd418c?s=96&d=mm&r=g","contentUrl":"https:\/\/secure.gravatar.com\/avatar\/769db425c6f465158149f1ffd6cf61ce7a8a879d11dfbef8288af36dfddd418c?s=96&d=mm&r=g","caption":"La r\u00e9daction"},"sameAs":["http:\/\/www.lkeria.com\/"],"url":"https:\/\/www.info-algerie.com\/actualites\/author\/chakib32\/"}]}},"_links":{"self":[{"href":"https:\/\/www.info-algerie.com\/actualites\/wp-json\/wp\/v2\/posts\/14798","targetHints":{"allow":["GET"]}}],"collection":[{"href":"https:\/\/www.info-algerie.com\/actualites\/wp-json\/wp\/v2\/posts"}],"about":[{"href":"https:\/\/www.info-algerie.com\/actualites\/wp-json\/wp\/v2\/types\/post"}],"author":[{"embeddable":true,"href":"https:\/\/www.info-algerie.com\/actualites\/wp-json\/wp\/v2\/users\/6"}],"replies":[{"embeddable":true,"href":"https:\/\/www.info-algerie.com\/actualites\/wp-json\/wp\/v2\/comments?post=14798"}],"version-history":[{"count":0,"href":"https:\/\/www.info-algerie.com\/actualites\/wp-json\/wp\/v2\/posts\/14798\/revisions"}],"wp:featuredmedia":[{"embeddable":true,"href":"https:\/\/www.info-algerie.com\/actualites\/wp-json\/wp\/v2\/media\/14799"}],"wp:attachment":[{"href":"https:\/\/www.info-algerie.com\/actualites\/wp-json\/wp\/v2\/media?parent=14798"}],"wp:term":[{"taxonomy":"category","embeddable":true,"href":"https:\/\/www.info-algerie.com\/actualites\/wp-json\/wp\/v2\/categories?post=14798"},{"taxonomy":"post_tag","embeddable":true,"href":"https:\/\/www.info-algerie.com\/actualites\/wp-json\/wp\/v2\/tags?post=14798"}],"curies":[{"name":"wp","href":"https:\/\/api.w.org\/{rel}","templated":true}]}}