{"id":14804,"date":"2017-08-06T14:31:35","date_gmt":"2017-08-06T13:31:35","guid":{"rendered":"http:\/\/www.info-algerie.com\/actualites\/m-messahel-recu-par-a-doha-par-lemir-du-qatar-cheikh-tamim-ben-hamad-al-thani\/"},"modified":"2017-08-06T14:31:35","modified_gmt":"2017-08-06T13:31:35","slug":"m-messahel-recu-par-a-doha-par-lemir-du-qatar-cheikh-tamim-ben-hamad-al-thani","status":"publish","type":"post","link":"https:\/\/www.info-algerie.com\/actualites\/m-messahel-recu-par-a-doha-par-lemir-du-qatar-cheikh-tamim-ben-hamad-al-thani\/","title":{"rendered":"M. Messahel re\u00e7u par \u00e0 Doha par l\u2019Emir du Qatar Cheikh Tamim Ben Hamad Al-Thani"},"content":{"rendered":"<div class=\"K2FeedImage\"><img decoding=\"async\" src=\"https:\/\/www.info-algerie.com\/actualites\/wp-content\/uploads\/2017\/08\/6ddd586965cbe351454a526f915bcac6_S.jpg\" alt=\"M. Messahel re&#xE7;u par &#xE0; Doha par l&#x2019;Emir du Qatar Cheikh Tamim Ben Hamad Al-Thani\" \/><\/div>\n<div class=\"K2FeedIntroText\">\n<p>ALGER &#8211; Le ministre des Affaires \u00e9trang\u00e8res, Abdelkader Messahel, a \u00e9t\u00e9 re\u00e7u, dimanche \u00e0 Doha, par l\u2019Emir du Qatar, Cheikh Tamim Ben Hamad Al-Thani, auquel il a transmis \u00ab\u00a0un message d\u2019estime et de fraternit\u00e9\u00a0\u00bb du Pr\u00e9sident de la R\u00e9publique, Abdelaziz Bouteflika, indique un communiqu\u00e9 du minist\u00e8re des Affaires \u00e9trang\u00e8res.<\/p>\n<p>&#013;\n<\/p><\/div>\n<div class=\"K2FeedFullText\">&#013;<\/p>\n<p>Cheikh Tamim \u00ab\u00a0a remerci\u00e9 le ministre pour le message de Monsieur le Pr\u00e9sident de la R\u00e9publique et l\u2019a, \u00e0 son tour, charg\u00e9 de lui faire part de ses sentiments de consid\u00e9ration et de fraternit\u00e9 ainsi que ses v\u0153ux de progr\u00e8s au peuple alg\u00e9rien\u00a0\u00bb, note la m\u00eame source.\u00a0\u00a0<\/p>\n<p>&#013;<\/p>\n<p>L\u2019audience a port\u00e9 notamment sur \u00ab\u00a0la situation dans la r\u00e9gion et les principaux d\u00e9fis auxquels fait face le monde arabe, ainsi que sur la n\u00e9cessit\u00e9 de tout mettre en \u0153uvre pour favoriser les solutions politiques \u00e0 ces d\u00e9fis et \u00e0 ces crises\u00a0\u00bb.<\/p>\n<p>&#013;<\/p>\n<p>L\u2019Emir du Qatar \u00ab\u00a0s\u2019est f\u00e9licit\u00e9 de la qualit\u00e9 de la relation qui lie l\u2019Alg\u00e9rie et le Qatar et a exprim\u00e9 sa disponibilit\u00e9 \u00e0 renforcer cette relation dans tous les domaines\u00a0\u00bb, ajoute le communiqu\u00e9.\u00a0<\/p>\n<p>&#013;<\/p>\n<p>L\u2019audience s\u2019est d\u00e9roul\u00e9e en pr\u00e9sence du ministre qatari des Affaires \u00e9trang\u00e8res, Mohamed Ben Abdulrahman Ben Jassem Al-Thani.<\/p>\n<p>&#013;<\/p>\n<p>\u00a0<\/p>\n<p>&#013;<\/p>\n<p class=\"MsoNormal\"><strong>M. Messahel s&rsquo;entretient avec son homologue qatari <\/strong><\/p>\n<p>&#013;<\/p>\n<p class=\"MsoNormal\">\u00a0<\/p>\n<p>&#013;<\/p>\n<p class=\"MsoNormal\">Par ailleurs, le ministre des Affaires \u00e9trang\u00e8res, Abdelkader Messahel, s&rsquo;est entretenu dimanche \u00e0 Doha avec son homologue qatari, Mohamed Ben Abdulrahman Ben Jassem Al-Thani, indique un communiqu\u00e9 du minist\u00e8re des Affaires \u00e9trang\u00e8res.<\/p>\n<p>&#013;<\/p>\n<p class=\"MsoNormal\">Lors de cette rencontre, les deux ministres \u00ab\u00a0se sont f\u00e9licit\u00e9s de la qualit\u00e9 des relations entre l\u2019Alg\u00e9rie et le Qatar et sont convenus de tout mettre en \u0153uvre en vue de les renforcer et de les diversifier au b\u00e9n\u00e9fice des peuples des deux pays\u00a0\u00bb, a soulign\u00e9 la m\u00eame source, ajoutant que cette rencontre \u00ab\u00a0a permis aux deux ministres d\u2019examiner l\u2019\u00e9tat de la coop\u00e9ration bilat\u00e9rale ainsi que les voies et moyens de son renforcement et de son \u00e9largissement \u00e0 tous les domaines, et ce \u00e0 l\u2019occasion des prochaines \u00e9ch\u00e9ances inscrites \u00e0 l\u2019agenda bilat\u00e9ral\u00a0\u00bb.<\/p>\n<p>&#013;<\/p>\n<p class=\"MsoNormal\">L\u2019entretien a, \u00e9galement, port\u00e9 sur \u00ab\u00a0les questions r\u00e9gionales et internationales d\u2019int\u00e9r\u00eat commun et \u00e0 ce titre, les situations de crise et les conflits que conna\u00eet le monde arabe ont \u00e9t\u00e9 abord\u00e9es, en particulier dans le Golfe, en Libye, au Y\u00e9men et en Syrie\u00a0\u00bb, pr\u00e9cise la m\u00eame source.\u00a0<\/p>\n<p>&#013;<\/p>\n<p>\u00a0<\/p>\n<p>&#013;<\/p>\n<p class=\"MsoNormal\">M. Messahel et son homologue qatari ont proc\u00e9d\u00e9 \u00e0 \u00ab\u00a0un \u00e9change de vue sur les voies et moyens \u00e0 m\u00eame de redynamiser l\u2019action arabe commune et de la mettre au service du retour de la stabilit\u00e9 et de la s\u00e9curit\u00e9 dans le monde arabe, en l\u2019orientant vers les principales pr\u00e9occupations qui interpellent les Etats arabes, en particulier la multiplication des foyers de tensions et la lutte contre le terrorisme et l\u2019extr\u00e9misme violent\u00a0\u00bb, conclut le communiqu\u00e9 du MAE.\u00a0<\/p>\n<\/div>\n<p>&#013;<br \/>\nSource: <a href=\"http:\/\/www.aps.dz\/algerie\/61474-m-messahel-recu-par-a-doha-par-l-emir-du-qatar-cheikh-tamim-ben-hamad-al-thani\" target=\"_blank\">M. Messahel re\u00e7u par \u00e0 Doha par l\u2019Emir du Qatar Cheikh Tamim Ben Hamad Al-Thani<\/a><\/p>\n<!--CusAds0-->\n<div style=\"font-size: 0px; height: 0px; line-height: 0px; margin: 0; padding: 0; clear: both;\"><\/div>","protected":false},"excerpt":{"rendered":"<p>ALGER &#8211; Le ministre des Affaires \u00e9trang\u00e8res, Abdelkader Messahel, a \u00e9t\u00e9 re\u00e7u, dimanche \u00e0 Doha, par l\u2019Emir du Qatar, Cheikh Tamim Ben Hamad Al-Thani, auquel il a transmis \u00ab\u00a0un message d\u2019estime et de fraternit\u00e9\u00a0\u00bb du Pr\u00e9sident de la R\u00e9publique, Abdelaziz Bouteflika, indique un communiqu\u00e9 du minist\u00e8re des Affaires \u00e9trang\u00e8res. &#013; &#013; Cheikh Tamim \u00ab\u00a0a remerci\u00e9<\/p>\n","protected":false},"author":6,"featured_media":14805,"comment_status":"open","ping_status":"open","sticky":false,"template":"","format":"standard","meta":{"footnotes":""},"categories":[22],"tags":[93],"class_list":["post-14804","post","type-post","status-publish","format-standard","has-post-thumbnail","hentry","category-infos","tag-onu"],"yoast_head":"<!-- This site is optimized with the Yoast SEO plugin v27.5 - https:\/\/yoast.com\/product\/yoast-seo-wordpress\/ -->\n<title>M. Messahel re\u00e7u par \u00e0 Doha par l\u2019Emir du Qatar Cheikh Tamim Ben Hamad Al-Thani - info algerie<\/title>\n<meta name=\"robots\" content=\"index, follow, max-snippet:-1, max-image-preview:large, max-video-preview:-1\" \/>\n<link rel=\"canonical\" href=\"https:\/\/www.info-algerie.com\/actualites\/m-messahel-recu-par-a-doha-par-lemir-du-qatar-cheikh-tamim-ben-hamad-al-thani\/\" \/>\n<meta property=\"og:locale\" content=\"fr_FR\" \/>\n<meta property=\"og:type\" content=\"article\" \/>\n<meta property=\"og:title\" content=\"M. Messahel re\u00e7u par \u00e0 Doha par l\u2019Emir du Qatar Cheikh Tamim Ben Hamad Al-Thani - info algerie\" \/>\n<meta property=\"og:description\" content=\"ALGER &#8211; Le ministre des Affaires \u00e9trang\u00e8res, Abdelkader Messahel, a \u00e9t\u00e9 re\u00e7u, dimanche \u00e0 Doha, par l\u2019Emir du Qatar, Cheikh Tamim Ben Hamad Al-Thani, auquel il a transmis \u00ab\u00a0un message d\u2019estime et de fraternit\u00e9\u00a0\u00bb du Pr\u00e9sident de la R\u00e9publique, Abdelaziz Bouteflika, indique un communiqu\u00e9 du minist\u00e8re des Affaires \u00e9trang\u00e8res. &#013; &#013; Cheikh Tamim \u00ab\u00a0a remerci\u00e9\" \/>\n<meta property=\"og:url\" content=\"https:\/\/www.info-algerie.com\/actualites\/m-messahel-recu-par-a-doha-par-lemir-du-qatar-cheikh-tamim-ben-hamad-al-thani\/\" \/>\n<meta property=\"og:site_name\" content=\"info algerie\" \/>\n<meta property=\"article:publisher\" content=\"https:\/\/www.facebook.com\/infoalgerieactu\" \/>\n<meta property=\"article:published_time\" content=\"2017-08-06T13:31:35+00:00\" \/>\n<meta property=\"og:image\" content=\"https:\/\/www.info-algerie.com\/actualites\/wp-content\/uploads\/2017\/08\/6ddd586965cbe351454a526f915bcac6_S-1.jpg\" \/>\n\t<meta property=\"og:image:width\" content=\"280\" \/>\n\t<meta property=\"og:image:height\" content=\"169\" \/>\n\t<meta property=\"og:image:type\" content=\"image\/jpeg\" \/>\n<meta name=\"author\" content=\"La r\u00e9daction\" \/>\n<meta name=\"twitter:label1\" content=\"\u00c9crit par\" \/>\n\t<meta name=\"twitter:data1\" content=\"La r\u00e9daction\" \/>\n\t<meta name=\"twitter:label2\" content=\"Dur\u00e9e de lecture estim\u00e9e\" \/>\n\t<meta name=\"twitter:data2\" content=\"3 minutes\" \/>\n<script type=\"application\/ld+json\" class=\"yoast-schema-graph\">{\"@context\":\"https:\\\/\\\/schema.org\",\"@graph\":[{\"@type\":\"Article\",\"@id\":\"https:\\\/\\\/www.info-algerie.com\\\/actualites\\\/m-messahel-recu-par-a-doha-par-lemir-du-qatar-cheikh-tamim-ben-hamad-al-thani\\\/#article\",\"isPartOf\":{\"@id\":\"https:\\\/\\\/www.info-algerie.com\\\/actualites\\\/m-messahel-recu-par-a-doha-par-lemir-du-qatar-cheikh-tamim-ben-hamad-al-thani\\\/\"},\"author\":{\"name\":\"La r\u00e9daction\",\"@id\":\"https:\\\/\\\/www.info-algerie.com\\\/actualites\\\/#\\\/schema\\\/person\\\/847aaec44920825b843a08f30ec6aa1e\"},\"headline\":\"M. Messahel re\u00e7u par \u00e0 Doha par l\u2019Emir du Qatar Cheikh Tamim Ben Hamad Al-Thani\",\"datePublished\":\"2017-08-06T13:31:35+00:00\",\"mainEntityOfPage\":{\"@id\":\"https:\\\/\\\/www.info-algerie.com\\\/actualites\\\/m-messahel-recu-par-a-doha-par-lemir-du-qatar-cheikh-tamim-ben-hamad-al-thani\\\/\"},\"wordCount\":534,\"commentCount\":0,\"publisher\":{\"@id\":\"https:\\\/\\\/www.info-algerie.com\\\/actualites\\\/#organization\"},\"image\":{\"@id\":\"https:\\\/\\\/www.info-algerie.com\\\/actualites\\\/m-messahel-recu-par-a-doha-par-lemir-du-qatar-cheikh-tamim-ben-hamad-al-thani\\\/#primaryimage\"},\"thumbnailUrl\":\"https:\\\/\\\/www.info-algerie.com\\\/actualites\\\/wp-content\\\/uploads\\\/2017\\\/08\\\/6ddd586965cbe351454a526f915bcac6_S-1.jpg\",\"keywords\":[\"ONU\"],\"articleSection\":[\"infos\"],\"inLanguage\":\"fr-FR\",\"potentialAction\":[{\"@type\":\"CommentAction\",\"name\":\"Comment\",\"target\":[\"https:\\\/\\\/www.info-algerie.com\\\/actualites\\\/m-messahel-recu-par-a-doha-par-lemir-du-qatar-cheikh-tamim-ben-hamad-al-thani\\\/#respond\"]}]},{\"@type\":\"WebPage\",\"@id\":\"https:\\\/\\\/www.info-algerie.com\\\/actualites\\\/m-messahel-recu-par-a-doha-par-lemir-du-qatar-cheikh-tamim-ben-hamad-al-thani\\\/\",\"url\":\"https:\\\/\\\/www.info-algerie.com\\\/actualites\\\/m-messahel-recu-par-a-doha-par-lemir-du-qatar-cheikh-tamim-ben-hamad-al-thani\\\/\",\"name\":\"M. Messahel re\u00e7u par \u00e0 Doha par l\u2019Emir du Qatar Cheikh Tamim Ben Hamad Al-Thani - info algerie\",\"isPartOf\":{\"@id\":\"https:\\\/\\\/www.info-algerie.com\\\/actualites\\\/#website\"},\"primaryImageOfPage\":{\"@id\":\"https:\\\/\\\/www.info-algerie.com\\\/actualites\\\/m-messahel-recu-par-a-doha-par-lemir-du-qatar-cheikh-tamim-ben-hamad-al-thani\\\/#primaryimage\"},\"image\":{\"@id\":\"https:\\\/\\\/www.info-algerie.com\\\/actualites\\\/m-messahel-recu-par-a-doha-par-lemir-du-qatar-cheikh-tamim-ben-hamad-al-thani\\\/#primaryimage\"},\"thumbnailUrl\":\"https:\\\/\\\/www.info-algerie.com\\\/actualites\\\/wp-content\\\/uploads\\\/2017\\\/08\\\/6ddd586965cbe351454a526f915bcac6_S-1.jpg\",\"datePublished\":\"2017-08-06T13:31:35+00:00\",\"breadcrumb\":{\"@id\":\"https:\\\/\\\/www.info-algerie.com\\\/actualites\\\/m-messahel-recu-par-a-doha-par-lemir-du-qatar-cheikh-tamim-ben-hamad-al-thani\\\/#breadcrumb\"},\"inLanguage\":\"fr-FR\",\"potentialAction\":[{\"@type\":\"ReadAction\",\"target\":[\"https:\\\/\\\/www.info-algerie.com\\\/actualites\\\/m-messahel-recu-par-a-doha-par-lemir-du-qatar-cheikh-tamim-ben-hamad-al-thani\\\/\"]}]},{\"@type\":\"ImageObject\",\"inLanguage\":\"fr-FR\",\"@id\":\"https:\\\/\\\/www.info-algerie.com\\\/actualites\\\/m-messahel-recu-par-a-doha-par-lemir-du-qatar-cheikh-tamim-ben-hamad-al-thani\\\/#primaryimage\",\"url\":\"https:\\\/\\\/www.info-algerie.com\\\/actualites\\\/wp-content\\\/uploads\\\/2017\\\/08\\\/6ddd586965cbe351454a526f915bcac6_S-1.jpg\",\"contentUrl\":\"https:\\\/\\\/www.info-algerie.com\\\/actualites\\\/wp-content\\\/uploads\\\/2017\\\/08\\\/6ddd586965cbe351454a526f915bcac6_S-1.jpg\",\"width\":280,\"height\":169},{\"@type\":\"BreadcrumbList\",\"@id\":\"https:\\\/\\\/www.info-algerie.com\\\/actualites\\\/m-messahel-recu-par-a-doha-par-lemir-du-qatar-cheikh-tamim-ben-hamad-al-thani\\\/#breadcrumb\",\"itemListElement\":[{\"@type\":\"ListItem\",\"position\":1,\"name\":\"Accueil\",\"item\":\"https:\\\/\\\/www.info-algerie.com\\\/actualites\\\/\"},{\"@type\":\"ListItem\",\"position\":2,\"name\":\"M. Messahel re\u00e7u par \u00e0 Doha par l\u2019Emir du Qatar Cheikh Tamim Ben Hamad Al-Thani\"}]},{\"@type\":\"WebSite\",\"@id\":\"https:\\\/\\\/www.info-algerie.com\\\/actualites\\\/#website\",\"url\":\"https:\\\/\\\/www.info-algerie.com\\\/actualites\\\/\",\"name\":\"info algerie\",\"description\":\"Toutes les actualit\u00e9s\",\"publisher\":{\"@id\":\"https:\\\/\\\/www.info-algerie.com\\\/actualites\\\/#organization\"},\"potentialAction\":[{\"@type\":\"SearchAction\",\"target\":{\"@type\":\"EntryPoint\",\"urlTemplate\":\"https:\\\/\\\/www.info-algerie.com\\\/actualites\\\/?s={search_term_string}\"},\"query-input\":{\"@type\":\"PropertyValueSpecification\",\"valueRequired\":true,\"valueName\":\"search_term_string\"}}],\"inLanguage\":\"fr-FR\"},{\"@type\":\"Organization\",\"@id\":\"https:\\\/\\\/www.info-algerie.com\\\/actualites\\\/#organization\",\"name\":\"info algerie\",\"url\":\"https:\\\/\\\/www.info-algerie.com\\\/actualites\\\/\",\"logo\":{\"@type\":\"ImageObject\",\"inLanguage\":\"fr-FR\",\"@id\":\"https:\\\/\\\/www.info-algerie.com\\\/actualites\\\/#\\\/schema\\\/logo\\\/image\\\/\",\"url\":\"https:\\\/\\\/www.info-algerie.com\\\/actualites\\\/wp-content\\\/uploads\\\/2022\\\/07\\\/logo-ia-120.png\",\"contentUrl\":\"https:\\\/\\\/www.info-algerie.com\\\/actualites\\\/wp-content\\\/uploads\\\/2022\\\/07\\\/logo-ia-120.png\",\"width\":120,\"height\":43,\"caption\":\"info algerie\"},\"image\":{\"@id\":\"https:\\\/\\\/www.info-algerie.com\\\/actualites\\\/#\\\/schema\\\/logo\\\/image\\\/\"},\"sameAs\":[\"https:\\\/\\\/www.facebook.com\\\/infoalgerieactu\",\"https:\\\/\\\/x.com\\\/infoalgerie1\"]},{\"@type\":\"Person\",\"@id\":\"https:\\\/\\\/www.info-algerie.com\\\/actualites\\\/#\\\/schema\\\/person\\\/847aaec44920825b843a08f30ec6aa1e\",\"name\":\"La r\u00e9daction\",\"image\":{\"@type\":\"ImageObject\",\"inLanguage\":\"fr-FR\",\"@id\":\"https:\\\/\\\/secure.gravatar.com\\\/avatar\\\/769db425c6f465158149f1ffd6cf61ce7a8a879d11dfbef8288af36dfddd418c?s=96&d=mm&r=g\",\"url\":\"https:\\\/\\\/secure.gravatar.com\\\/avatar\\\/769db425c6f465158149f1ffd6cf61ce7a8a879d11dfbef8288af36dfddd418c?s=96&d=mm&r=g\",\"contentUrl\":\"https:\\\/\\\/secure.gravatar.com\\\/avatar\\\/769db425c6f465158149f1ffd6cf61ce7a8a879d11dfbef8288af36dfddd418c?s=96&d=mm&r=g\",\"caption\":\"La r\u00e9daction\"},\"sameAs\":[\"http:\\\/\\\/www.lkeria.com\\\/\"],\"url\":\"https:\\\/\\\/www.info-algerie.com\\\/actualites\\\/author\\\/chakib32\\\/\"}]}<\/script>\n<!-- \/ Yoast SEO plugin. -->","yoast_head_json":{"title":"M. Messahel re\u00e7u par \u00e0 Doha par l\u2019Emir du Qatar Cheikh Tamim Ben Hamad Al-Thani - info algerie","robots":{"index":"index","follow":"follow","max-snippet":"max-snippet:-1","max-image-preview":"max-image-preview:large","max-video-preview":"max-video-preview:-1"},"canonical":"https:\/\/www.info-algerie.com\/actualites\/m-messahel-recu-par-a-doha-par-lemir-du-qatar-cheikh-tamim-ben-hamad-al-thani\/","og_locale":"fr_FR","og_type":"article","og_title":"M. Messahel re\u00e7u par \u00e0 Doha par l\u2019Emir du Qatar Cheikh Tamim Ben Hamad Al-Thani - info algerie","og_description":"ALGER &#8211; Le ministre des Affaires \u00e9trang\u00e8res, Abdelkader Messahel, a \u00e9t\u00e9 re\u00e7u, dimanche \u00e0 Doha, par l\u2019Emir du Qatar, Cheikh Tamim Ben Hamad Al-Thani, auquel il a transmis \u00ab\u00a0un message d\u2019estime et de fraternit\u00e9\u00a0\u00bb du Pr\u00e9sident de la R\u00e9publique, Abdelaziz Bouteflika, indique un communiqu\u00e9 du minist\u00e8re des Affaires \u00e9trang\u00e8res. &#013; &#013; Cheikh Tamim \u00ab\u00a0a remerci\u00e9","og_url":"https:\/\/www.info-algerie.com\/actualites\/m-messahel-recu-par-a-doha-par-lemir-du-qatar-cheikh-tamim-ben-hamad-al-thani\/","og_site_name":"info algerie","article_publisher":"https:\/\/www.facebook.com\/infoalgerieactu","article_published_time":"2017-08-06T13:31:35+00:00","og_image":[{"width":280,"height":169,"url":"https:\/\/www.info-algerie.com\/actualites\/wp-content\/uploads\/2017\/08\/6ddd586965cbe351454a526f915bcac6_S-1.jpg","type":"image\/jpeg"}],"author":"La r\u00e9daction","twitter_misc":{"\u00c9crit par":"La r\u00e9daction","Dur\u00e9e de lecture estim\u00e9e":"3 minutes"},"schema":{"@context":"https:\/\/schema.org","@graph":[{"@type":"Article","@id":"https:\/\/www.info-algerie.com\/actualites\/m-messahel-recu-par-a-doha-par-lemir-du-qatar-cheikh-tamim-ben-hamad-al-thani\/#article","isPartOf":{"@id":"https:\/\/www.info-algerie.com\/actualites\/m-messahel-recu-par-a-doha-par-lemir-du-qatar-cheikh-tamim-ben-hamad-al-thani\/"},"author":{"name":"La r\u00e9daction","@id":"https:\/\/www.info-algerie.com\/actualites\/#\/schema\/person\/847aaec44920825b843a08f30ec6aa1e"},"headline":"M. Messahel re\u00e7u par \u00e0 Doha par l\u2019Emir du Qatar Cheikh Tamim Ben Hamad Al-Thani","datePublished":"2017-08-06T13:31:35+00:00","mainEntityOfPage":{"@id":"https:\/\/www.info-algerie.com\/actualites\/m-messahel-recu-par-a-doha-par-lemir-du-qatar-cheikh-tamim-ben-hamad-al-thani\/"},"wordCount":534,"commentCount":0,"publisher":{"@id":"https:\/\/www.info-algerie.com\/actualites\/#organization"},"image":{"@id":"https:\/\/www.info-algerie.com\/actualites\/m-messahel-recu-par-a-doha-par-lemir-du-qatar-cheikh-tamim-ben-hamad-al-thani\/#primaryimage"},"thumbnailUrl":"https:\/\/www.info-algerie.com\/actualites\/wp-content\/uploads\/2017\/08\/6ddd586965cbe351454a526f915bcac6_S-1.jpg","keywords":["ONU"],"articleSection":["infos"],"inLanguage":"fr-FR","potentialAction":[{"@type":"CommentAction","name":"Comment","target":["https:\/\/www.info-algerie.com\/actualites\/m-messahel-recu-par-a-doha-par-lemir-du-qatar-cheikh-tamim-ben-hamad-al-thani\/#respond"]}]},{"@type":"WebPage","@id":"https:\/\/www.info-algerie.com\/actualites\/m-messahel-recu-par-a-doha-par-lemir-du-qatar-cheikh-tamim-ben-hamad-al-thani\/","url":"https:\/\/www.info-algerie.com\/actualites\/m-messahel-recu-par-a-doha-par-lemir-du-qatar-cheikh-tamim-ben-hamad-al-thani\/","name":"M. Messahel re\u00e7u par \u00e0 Doha par l\u2019Emir du Qatar Cheikh Tamim Ben Hamad Al-Thani - info algerie","isPartOf":{"@id":"https:\/\/www.info-algerie.com\/actualites\/#website"},"primaryImageOfPage":{"@id":"https:\/\/www.info-algerie.com\/actualites\/m-messahel-recu-par-a-doha-par-lemir-du-qatar-cheikh-tamim-ben-hamad-al-thani\/#primaryimage"},"image":{"@id":"https:\/\/www.info-algerie.com\/actualites\/m-messahel-recu-par-a-doha-par-lemir-du-qatar-cheikh-tamim-ben-hamad-al-thani\/#primaryimage"},"thumbnailUrl":"https:\/\/www.info-algerie.com\/actualites\/wp-content\/uploads\/2017\/08\/6ddd586965cbe351454a526f915bcac6_S-1.jpg","datePublished":"2017-08-06T13:31:35+00:00","breadcrumb":{"@id":"https:\/\/www.info-algerie.com\/actualites\/m-messahel-recu-par-a-doha-par-lemir-du-qatar-cheikh-tamim-ben-hamad-al-thani\/#breadcrumb"},"inLanguage":"fr-FR","potentialAction":[{"@type":"ReadAction","target":["https:\/\/www.info-algerie.com\/actualites\/m-messahel-recu-par-a-doha-par-lemir-du-qatar-cheikh-tamim-ben-hamad-al-thani\/"]}]},{"@type":"ImageObject","inLanguage":"fr-FR","@id":"https:\/\/www.info-algerie.com\/actualites\/m-messahel-recu-par-a-doha-par-lemir-du-qatar-cheikh-tamim-ben-hamad-al-thani\/#primaryimage","url":"https:\/\/www.info-algerie.com\/actualites\/wp-content\/uploads\/2017\/08\/6ddd586965cbe351454a526f915bcac6_S-1.jpg","contentUrl":"https:\/\/www.info-algerie.com\/actualites\/wp-content\/uploads\/2017\/08\/6ddd586965cbe351454a526f915bcac6_S-1.jpg","width":280,"height":169},{"@type":"BreadcrumbList","@id":"https:\/\/www.info-algerie.com\/actualites\/m-messahel-recu-par-a-doha-par-lemir-du-qatar-cheikh-tamim-ben-hamad-al-thani\/#breadcrumb","itemListElement":[{"@type":"ListItem","position":1,"name":"Accueil","item":"https:\/\/www.info-algerie.com\/actualites\/"},{"@type":"ListItem","position":2,"name":"M. Messahel re\u00e7u par \u00e0 Doha par l\u2019Emir du Qatar Cheikh Tamim Ben Hamad Al-Thani"}]},{"@type":"WebSite","@id":"https:\/\/www.info-algerie.com\/actualites\/#website","url":"https:\/\/www.info-algerie.com\/actualites\/","name":"info algerie","description":"Toutes les actualit\u00e9s","publisher":{"@id":"https:\/\/www.info-algerie.com\/actualites\/#organization"},"potentialAction":[{"@type":"SearchAction","target":{"@type":"EntryPoint","urlTemplate":"https:\/\/www.info-algerie.com\/actualites\/?s={search_term_string}"},"query-input":{"@type":"PropertyValueSpecification","valueRequired":true,"valueName":"search_term_string"}}],"inLanguage":"fr-FR"},{"@type":"Organization","@id":"https:\/\/www.info-algerie.com\/actualites\/#organization","name":"info algerie","url":"https:\/\/www.info-algerie.com\/actualites\/","logo":{"@type":"ImageObject","inLanguage":"fr-FR","@id":"https:\/\/www.info-algerie.com\/actualites\/#\/schema\/logo\/image\/","url":"https:\/\/www.info-algerie.com\/actualites\/wp-content\/uploads\/2022\/07\/logo-ia-120.png","contentUrl":"https:\/\/www.info-algerie.com\/actualites\/wp-content\/uploads\/2022\/07\/logo-ia-120.png","width":120,"height":43,"caption":"info algerie"},"image":{"@id":"https:\/\/www.info-algerie.com\/actualites\/#\/schema\/logo\/image\/"},"sameAs":["https:\/\/www.facebook.com\/infoalgerieactu","https:\/\/x.com\/infoalgerie1"]},{"@type":"Person","@id":"https:\/\/www.info-algerie.com\/actualites\/#\/schema\/person\/847aaec44920825b843a08f30ec6aa1e","name":"La r\u00e9daction","image":{"@type":"ImageObject","inLanguage":"fr-FR","@id":"https:\/\/secure.gravatar.com\/avatar\/769db425c6f465158149f1ffd6cf61ce7a8a879d11dfbef8288af36dfddd418c?s=96&d=mm&r=g","url":"https:\/\/secure.gravatar.com\/avatar\/769db425c6f465158149f1ffd6cf61ce7a8a879d11dfbef8288af36dfddd418c?s=96&d=mm&r=g","contentUrl":"https:\/\/secure.gravatar.com\/avatar\/769db425c6f465158149f1ffd6cf61ce7a8a879d11dfbef8288af36dfddd418c?s=96&d=mm&r=g","caption":"La r\u00e9daction"},"sameAs":["http:\/\/www.lkeria.com\/"],"url":"https:\/\/www.info-algerie.com\/actualites\/author\/chakib32\/"}]}},"_links":{"self":[{"href":"https:\/\/www.info-algerie.com\/actualites\/wp-json\/wp\/v2\/posts\/14804","targetHints":{"allow":["GET"]}}],"collection":[{"href":"https:\/\/www.info-algerie.com\/actualites\/wp-json\/wp\/v2\/posts"}],"about":[{"href":"https:\/\/www.info-algerie.com\/actualites\/wp-json\/wp\/v2\/types\/post"}],"author":[{"embeddable":true,"href":"https:\/\/www.info-algerie.com\/actualites\/wp-json\/wp\/v2\/users\/6"}],"replies":[{"embeddable":true,"href":"https:\/\/www.info-algerie.com\/actualites\/wp-json\/wp\/v2\/comments?post=14804"}],"version-history":[{"count":0,"href":"https:\/\/www.info-algerie.com\/actualites\/wp-json\/wp\/v2\/posts\/14804\/revisions"}],"wp:featuredmedia":[{"embeddable":true,"href":"https:\/\/www.info-algerie.com\/actualites\/wp-json\/wp\/v2\/media\/14805"}],"wp:attachment":[{"href":"https:\/\/www.info-algerie.com\/actualites\/wp-json\/wp\/v2\/media?parent=14804"}],"wp:term":[{"taxonomy":"category","embeddable":true,"href":"https:\/\/www.info-algerie.com\/actualites\/wp-json\/wp\/v2\/categories?post=14804"},{"taxonomy":"post_tag","embeddable":true,"href":"https:\/\/www.info-algerie.com\/actualites\/wp-json\/wp\/v2\/tags?post=14804"}],"curies":[{"name":"wp","href":"https:\/\/api.w.org\/{rel}","templated":true}]}}