{"id":14819,"date":"2017-08-07T13:57:58","date_gmt":"2017-08-07T12:57:58","guid":{"rendered":"http:\/\/www.info-algerie.com\/actualites\/gaid-salah-procede-a-linauguration-et-au-lancement-de-nouvelles-structures-a-la-2e-region-militaire\/"},"modified":"2017-08-07T13:57:58","modified_gmt":"2017-08-07T12:57:58","slug":"gaid-salah-procede-a-linauguration-et-au-lancement-de-nouvelles-structures-a-la-2e-region-militaire","status":"publish","type":"post","link":"https:\/\/www.info-algerie.com\/actualites\/gaid-salah-procede-a-linauguration-et-au-lancement-de-nouvelles-structures-a-la-2e-region-militaire\/","title":{"rendered":"Ga\u00efd Salah proc\u00e8de \u00e0 l&#039;inauguration et au lancement de nouvelles structures \u00e0 la 2e R\u00e9gion militaire"},"content":{"rendered":"<div class=\"K2FeedImage\"><img decoding=\"async\" src=\"https:\/\/www.info-algerie.com\/actualites\/wp-content\/uploads\/2017\/08\/ef7b997372f94a0e2c595f9514435d94_S.jpg\" alt=\"Ga&#xEF;d Salah proc&#xE8;de &#xE0; l'inauguration et au lancement de nouvelles structures &#xE0; la 2e R&#xE9;gion militaire\" \/><\/div>\n<div class=\"K2FeedIntroText\">\n<p>ALGER &#8211; Le G\u00e9n\u00e9ral de Corps d&rsquo;Arm\u00e9e, Ahmed Ga\u00efd Salah, vice-ministre de la D\u00e9fense nationale, chef d&rsquo;Etat-Major de l&rsquo;Arm\u00e9e nationale populaire (ANP), a entam\u00e9 lundi sa visite de travail et d&rsquo;inspection dans la 2\u00e8me R\u00e9gion militaire \u00e0 Oran par l&rsquo;inauguration et le lancement de nouvelles structures militaires.<\/p>\n<p>&#013;\n<\/p><\/div>\n<div class=\"K2FeedFullText\">&#013;<\/p>\n<p>Cette visite s&rsquo;inscrit dans \u00ab\u00a0la dynamique des visites sur le terrain aux diff\u00e9rentes R\u00e9gions militaires et du contact direct et permanent avec les personnels militaires d\u00e9ploy\u00e9s \u00e0 travers les quatre coins du pays\u00a0\u00bb, indique un communiqu\u00e9 du minist\u00e8re de la D\u00e9fense nationale.<\/p>\n<p>&#013;<\/p>\n<p>Au si\u00e8ge du Commandement de la 2\u00e8me R\u00e9gion militaire, et \u00ab\u00a0en guise de fid\u00e9lit\u00e9 aux grandes sacrifices des vaillants chouhada et moudjahidine de la Glorieuse R\u00e9volution, le G\u00e9n\u00e9ral de Corps d&rsquo;Arm\u00e9e, accompagn\u00e9 par le G\u00e9n\u00e9ral-Major Sa\u00efd Bey, commandant de la 2\u00e8me R\u00e9gion militaire, a observ\u00e9 un moment de recueillement en hommage au d\u00e9funt moudjahid Boudjenane Ahmed, dit Si Abbes, dont le si\u00e8ge du Commandement porte le nom, avant de d\u00e9poser\u00a0 une gerbe de fleurs sur sa st\u00e8le et r\u00e9citer la Fatiha\u00a0\u00bb, note la m\u00eame source.<\/p>\n<p>&#013;<\/p>\n<p>Le vice-ministre de la D\u00e9fense nationale a ensuite pos\u00e9 la premi\u00e8re pierre du nouveau si\u00e8ge du Secteur op\u00e9rationnel d&rsquo;Oran, puis inaugur\u00e9, dans la m\u00eame ville, le Centre d&rsquo;information territorial, un \u00ab\u00a0espace informationnel et culturel d&rsquo;excellence, dont la mission est d&rsquo;informer les diff\u00e9rentes cat\u00e9gories de la soci\u00e9t\u00e9 sur les missions et les activit\u00e9s de l&rsquo;ANP \u00e0 travers l&rsquo;organisation des journ\u00e9es d&rsquo;informations, des portes ouvertes, ainsi que des expositions et des colloques historiques et scientifiques\u00a0\u00bb, pr\u00e9cise-t-on.<\/p>\n<p>&#013;<\/p>\n<p class=\"MsoNormal\">Dans le m\u00eame site, Ga\u00efd Salah a proc\u00e9d\u00e9 \u00e0 l&rsquo;inauguration du nouveau si\u00e8ge de la Direction r\u00e9gionale de l\u2018intendance. Par la suite, il a inaugur\u00e9 une caserne d\u00e9di\u00e9e \u00e0 l&rsquo;une des unit\u00e9s de d\u00e9fense a\u00e9rienne du territoire, baptis\u00e9e au nom du chahid Mahmoud Houha, et ce, en pr\u00e9sence des membres de la famille du chahid, qu&rsquo;il a honor\u00e9s, avant de suivre un expos\u00e9 sur cette unit\u00e9 et inspecter ses diff\u00e9rentes structures administratives et p\u00e9dagogiques.<\/p>\n<\/div>\n<p>&#013;<br \/>\nSource: <a href=\"http:\/\/www.aps.dz\/algerie\/61504-gaid-salah-procede-a-l-inauguration-et-au-lancement-de-nouvelles-structures-a-la-2e-region-militaire\" target=\"_blank\">Ga\u00efd Salah proc\u00e8de \u00e0 l&rsquo;inauguration et au lancement de nouvelles structures \u00e0 la 2e R\u00e9gion militaire<\/a><\/p>\n<!--CusAds0-->\n<div style=\"font-size: 0px; height: 0px; line-height: 0px; margin: 0; padding: 0; clear: both;\"><\/div>","protected":false},"excerpt":{"rendered":"<p>ALGER &#8211; Le G\u00e9n\u00e9ral de Corps d&rsquo;Arm\u00e9e, Ahmed Ga\u00efd Salah, vice-ministre de la D\u00e9fense nationale, chef d&rsquo;Etat-Major de l&rsquo;Arm\u00e9e nationale populaire (ANP), a entam\u00e9 lundi sa visite de travail et d&rsquo;inspection dans la 2\u00e8me R\u00e9gion militaire \u00e0 Oran par l&rsquo;inauguration et le lancement de nouvelles structures militaires. &#013; &#013; Cette visite s&rsquo;inscrit dans \u00ab\u00a0la dynamique<\/p>\n","protected":false},"author":6,"featured_media":14820,"comment_status":"open","ping_status":"open","sticky":false,"template":"","format":"standard","meta":{"footnotes":""},"categories":[22],"tags":[93],"class_list":["post-14819","post","type-post","status-publish","format-standard","has-post-thumbnail","hentry","category-infos","tag-onu"],"yoast_head":"<!-- This site is optimized with the Yoast SEO plugin v27.5 - https:\/\/yoast.com\/product\/yoast-seo-wordpress\/ -->\n<title>Ga\u00efd Salah proc\u00e8de \u00e0 l&#039;inauguration et au lancement de nouvelles structures \u00e0 la 2e R\u00e9gion militaire - info algerie<\/title>\n<meta name=\"robots\" content=\"index, follow, max-snippet:-1, max-image-preview:large, max-video-preview:-1\" \/>\n<link rel=\"canonical\" href=\"https:\/\/www.info-algerie.com\/actualites\/gaid-salah-procede-a-linauguration-et-au-lancement-de-nouvelles-structures-a-la-2e-region-militaire\/\" \/>\n<meta property=\"og:locale\" content=\"fr_FR\" \/>\n<meta property=\"og:type\" content=\"article\" \/>\n<meta property=\"og:title\" content=\"Ga\u00efd Salah proc\u00e8de \u00e0 l&#039;inauguration et au lancement de nouvelles structures \u00e0 la 2e R\u00e9gion militaire - info algerie\" \/>\n<meta property=\"og:description\" content=\"ALGER &#8211; Le G\u00e9n\u00e9ral de Corps d&rsquo;Arm\u00e9e, Ahmed Ga\u00efd Salah, vice-ministre de la D\u00e9fense nationale, chef d&rsquo;Etat-Major de l&rsquo;Arm\u00e9e nationale populaire (ANP), a entam\u00e9 lundi sa visite de travail et d&rsquo;inspection dans la 2\u00e8me R\u00e9gion militaire \u00e0 Oran par l&rsquo;inauguration et le lancement de nouvelles structures militaires. &#013; &#013; Cette visite s&rsquo;inscrit dans \u00ab\u00a0la dynamique\" \/>\n<meta property=\"og:url\" content=\"https:\/\/www.info-algerie.com\/actualites\/gaid-salah-procede-a-linauguration-et-au-lancement-de-nouvelles-structures-a-la-2e-region-militaire\/\" \/>\n<meta property=\"og:site_name\" content=\"info algerie\" \/>\n<meta property=\"article:publisher\" content=\"https:\/\/www.facebook.com\/infoalgerieactu\" \/>\n<meta property=\"article:published_time\" content=\"2017-08-07T12:57:58+00:00\" \/>\n<meta property=\"og:image\" content=\"https:\/\/www.info-algerie.com\/actualites\/wp-content\/uploads\/2017\/08\/ef7b997372f94a0e2c595f9514435d94_S-1.jpg\" \/>\n\t<meta property=\"og:image:width\" content=\"280\" \/>\n\t<meta property=\"og:image:height\" content=\"169\" \/>\n\t<meta property=\"og:image:type\" content=\"image\/jpeg\" \/>\n<meta name=\"author\" content=\"La r\u00e9daction\" \/>\n<meta name=\"twitter:label1\" content=\"\u00c9crit par\" \/>\n\t<meta name=\"twitter:data1\" content=\"La r\u00e9daction\" \/>\n\t<meta name=\"twitter:label2\" content=\"Dur\u00e9e de lecture estim\u00e9e\" \/>\n\t<meta name=\"twitter:data2\" content=\"2 minutes\" \/>\n<script type=\"application\/ld+json\" class=\"yoast-schema-graph\">{\"@context\":\"https:\\\/\\\/schema.org\",\"@graph\":[{\"@type\":\"Article\",\"@id\":\"https:\\\/\\\/www.info-algerie.com\\\/actualites\\\/gaid-salah-procede-a-linauguration-et-au-lancement-de-nouvelles-structures-a-la-2e-region-militaire\\\/#article\",\"isPartOf\":{\"@id\":\"https:\\\/\\\/www.info-algerie.com\\\/actualites\\\/gaid-salah-procede-a-linauguration-et-au-lancement-de-nouvelles-structures-a-la-2e-region-militaire\\\/\"},\"author\":{\"name\":\"La r\u00e9daction\",\"@id\":\"https:\\\/\\\/www.info-algerie.com\\\/actualites\\\/#\\\/schema\\\/person\\\/847aaec44920825b843a08f30ec6aa1e\"},\"headline\":\"Ga\u00efd Salah proc\u00e8de \u00e0 l&#039;inauguration et au lancement de nouvelles structures \u00e0 la 2e R\u00e9gion militaire\",\"datePublished\":\"2017-08-07T12:57:58+00:00\",\"mainEntityOfPage\":{\"@id\":\"https:\\\/\\\/www.info-algerie.com\\\/actualites\\\/gaid-salah-procede-a-linauguration-et-au-lancement-de-nouvelles-structures-a-la-2e-region-militaire\\\/\"},\"wordCount\":428,\"commentCount\":0,\"publisher\":{\"@id\":\"https:\\\/\\\/www.info-algerie.com\\\/actualites\\\/#organization\"},\"image\":{\"@id\":\"https:\\\/\\\/www.info-algerie.com\\\/actualites\\\/gaid-salah-procede-a-linauguration-et-au-lancement-de-nouvelles-structures-a-la-2e-region-militaire\\\/#primaryimage\"},\"thumbnailUrl\":\"https:\\\/\\\/www.info-algerie.com\\\/actualites\\\/wp-content\\\/uploads\\\/2017\\\/08\\\/ef7b997372f94a0e2c595f9514435d94_S-1.jpg\",\"keywords\":[\"ONU\"],\"articleSection\":[\"infos\"],\"inLanguage\":\"fr-FR\",\"potentialAction\":[{\"@type\":\"CommentAction\",\"name\":\"Comment\",\"target\":[\"https:\\\/\\\/www.info-algerie.com\\\/actualites\\\/gaid-salah-procede-a-linauguration-et-au-lancement-de-nouvelles-structures-a-la-2e-region-militaire\\\/#respond\"]}]},{\"@type\":\"WebPage\",\"@id\":\"https:\\\/\\\/www.info-algerie.com\\\/actualites\\\/gaid-salah-procede-a-linauguration-et-au-lancement-de-nouvelles-structures-a-la-2e-region-militaire\\\/\",\"url\":\"https:\\\/\\\/www.info-algerie.com\\\/actualites\\\/gaid-salah-procede-a-linauguration-et-au-lancement-de-nouvelles-structures-a-la-2e-region-militaire\\\/\",\"name\":\"Ga\u00efd Salah proc\u00e8de \u00e0 l&#039;inauguration et au lancement de nouvelles structures \u00e0 la 2e R\u00e9gion militaire - info algerie\",\"isPartOf\":{\"@id\":\"https:\\\/\\\/www.info-algerie.com\\\/actualites\\\/#website\"},\"primaryImageOfPage\":{\"@id\":\"https:\\\/\\\/www.info-algerie.com\\\/actualites\\\/gaid-salah-procede-a-linauguration-et-au-lancement-de-nouvelles-structures-a-la-2e-region-militaire\\\/#primaryimage\"},\"image\":{\"@id\":\"https:\\\/\\\/www.info-algerie.com\\\/actualites\\\/gaid-salah-procede-a-linauguration-et-au-lancement-de-nouvelles-structures-a-la-2e-region-militaire\\\/#primaryimage\"},\"thumbnailUrl\":\"https:\\\/\\\/www.info-algerie.com\\\/actualites\\\/wp-content\\\/uploads\\\/2017\\\/08\\\/ef7b997372f94a0e2c595f9514435d94_S-1.jpg\",\"datePublished\":\"2017-08-07T12:57:58+00:00\",\"breadcrumb\":{\"@id\":\"https:\\\/\\\/www.info-algerie.com\\\/actualites\\\/gaid-salah-procede-a-linauguration-et-au-lancement-de-nouvelles-structures-a-la-2e-region-militaire\\\/#breadcrumb\"},\"inLanguage\":\"fr-FR\",\"potentialAction\":[{\"@type\":\"ReadAction\",\"target\":[\"https:\\\/\\\/www.info-algerie.com\\\/actualites\\\/gaid-salah-procede-a-linauguration-et-au-lancement-de-nouvelles-structures-a-la-2e-region-militaire\\\/\"]}]},{\"@type\":\"ImageObject\",\"inLanguage\":\"fr-FR\",\"@id\":\"https:\\\/\\\/www.info-algerie.com\\\/actualites\\\/gaid-salah-procede-a-linauguration-et-au-lancement-de-nouvelles-structures-a-la-2e-region-militaire\\\/#primaryimage\",\"url\":\"https:\\\/\\\/www.info-algerie.com\\\/actualites\\\/wp-content\\\/uploads\\\/2017\\\/08\\\/ef7b997372f94a0e2c595f9514435d94_S-1.jpg\",\"contentUrl\":\"https:\\\/\\\/www.info-algerie.com\\\/actualites\\\/wp-content\\\/uploads\\\/2017\\\/08\\\/ef7b997372f94a0e2c595f9514435d94_S-1.jpg\",\"width\":280,\"height\":169},{\"@type\":\"BreadcrumbList\",\"@id\":\"https:\\\/\\\/www.info-algerie.com\\\/actualites\\\/gaid-salah-procede-a-linauguration-et-au-lancement-de-nouvelles-structures-a-la-2e-region-militaire\\\/#breadcrumb\",\"itemListElement\":[{\"@type\":\"ListItem\",\"position\":1,\"name\":\"Accueil\",\"item\":\"https:\\\/\\\/www.info-algerie.com\\\/actualites\\\/\"},{\"@type\":\"ListItem\",\"position\":2,\"name\":\"Ga\u00efd Salah proc\u00e8de \u00e0 l&#039;inauguration et au lancement de nouvelles structures \u00e0 la 2e R\u00e9gion militaire\"}]},{\"@type\":\"WebSite\",\"@id\":\"https:\\\/\\\/www.info-algerie.com\\\/actualites\\\/#website\",\"url\":\"https:\\\/\\\/www.info-algerie.com\\\/actualites\\\/\",\"name\":\"info algerie\",\"description\":\"Toutes les actualit\u00e9s\",\"publisher\":{\"@id\":\"https:\\\/\\\/www.info-algerie.com\\\/actualites\\\/#organization\"},\"potentialAction\":[{\"@type\":\"SearchAction\",\"target\":{\"@type\":\"EntryPoint\",\"urlTemplate\":\"https:\\\/\\\/www.info-algerie.com\\\/actualites\\\/?s={search_term_string}\"},\"query-input\":{\"@type\":\"PropertyValueSpecification\",\"valueRequired\":true,\"valueName\":\"search_term_string\"}}],\"inLanguage\":\"fr-FR\"},{\"@type\":\"Organization\",\"@id\":\"https:\\\/\\\/www.info-algerie.com\\\/actualites\\\/#organization\",\"name\":\"info algerie\",\"url\":\"https:\\\/\\\/www.info-algerie.com\\\/actualites\\\/\",\"logo\":{\"@type\":\"ImageObject\",\"inLanguage\":\"fr-FR\",\"@id\":\"https:\\\/\\\/www.info-algerie.com\\\/actualites\\\/#\\\/schema\\\/logo\\\/image\\\/\",\"url\":\"https:\\\/\\\/www.info-algerie.com\\\/actualites\\\/wp-content\\\/uploads\\\/2022\\\/07\\\/logo-ia-120.png\",\"contentUrl\":\"https:\\\/\\\/www.info-algerie.com\\\/actualites\\\/wp-content\\\/uploads\\\/2022\\\/07\\\/logo-ia-120.png\",\"width\":120,\"height\":43,\"caption\":\"info algerie\"},\"image\":{\"@id\":\"https:\\\/\\\/www.info-algerie.com\\\/actualites\\\/#\\\/schema\\\/logo\\\/image\\\/\"},\"sameAs\":[\"https:\\\/\\\/www.facebook.com\\\/infoalgerieactu\",\"https:\\\/\\\/x.com\\\/infoalgerie1\"]},{\"@type\":\"Person\",\"@id\":\"https:\\\/\\\/www.info-algerie.com\\\/actualites\\\/#\\\/schema\\\/person\\\/847aaec44920825b843a08f30ec6aa1e\",\"name\":\"La r\u00e9daction\",\"image\":{\"@type\":\"ImageObject\",\"inLanguage\":\"fr-FR\",\"@id\":\"https:\\\/\\\/secure.gravatar.com\\\/avatar\\\/769db425c6f465158149f1ffd6cf61ce7a8a879d11dfbef8288af36dfddd418c?s=96&d=mm&r=g\",\"url\":\"https:\\\/\\\/secure.gravatar.com\\\/avatar\\\/769db425c6f465158149f1ffd6cf61ce7a8a879d11dfbef8288af36dfddd418c?s=96&d=mm&r=g\",\"contentUrl\":\"https:\\\/\\\/secure.gravatar.com\\\/avatar\\\/769db425c6f465158149f1ffd6cf61ce7a8a879d11dfbef8288af36dfddd418c?s=96&d=mm&r=g\",\"caption\":\"La r\u00e9daction\"},\"sameAs\":[\"http:\\\/\\\/www.lkeria.com\\\/\"],\"url\":\"https:\\\/\\\/www.info-algerie.com\\\/actualites\\\/author\\\/chakib32\\\/\"}]}<\/script>\n<!-- \/ Yoast SEO plugin. -->","yoast_head_json":{"title":"Ga\u00efd Salah proc\u00e8de \u00e0 l&#039;inauguration et au lancement de nouvelles structures \u00e0 la 2e R\u00e9gion militaire - info algerie","robots":{"index":"index","follow":"follow","max-snippet":"max-snippet:-1","max-image-preview":"max-image-preview:large","max-video-preview":"max-video-preview:-1"},"canonical":"https:\/\/www.info-algerie.com\/actualites\/gaid-salah-procede-a-linauguration-et-au-lancement-de-nouvelles-structures-a-la-2e-region-militaire\/","og_locale":"fr_FR","og_type":"article","og_title":"Ga\u00efd Salah proc\u00e8de \u00e0 l&#039;inauguration et au lancement de nouvelles structures \u00e0 la 2e R\u00e9gion militaire - info algerie","og_description":"ALGER &#8211; Le G\u00e9n\u00e9ral de Corps d&rsquo;Arm\u00e9e, Ahmed Ga\u00efd Salah, vice-ministre de la D\u00e9fense nationale, chef d&rsquo;Etat-Major de l&rsquo;Arm\u00e9e nationale populaire (ANP), a entam\u00e9 lundi sa visite de travail et d&rsquo;inspection dans la 2\u00e8me R\u00e9gion militaire \u00e0 Oran par l&rsquo;inauguration et le lancement de nouvelles structures militaires. &#013; &#013; Cette visite s&rsquo;inscrit dans \u00ab\u00a0la dynamique","og_url":"https:\/\/www.info-algerie.com\/actualites\/gaid-salah-procede-a-linauguration-et-au-lancement-de-nouvelles-structures-a-la-2e-region-militaire\/","og_site_name":"info algerie","article_publisher":"https:\/\/www.facebook.com\/infoalgerieactu","article_published_time":"2017-08-07T12:57:58+00:00","og_image":[{"width":280,"height":169,"url":"https:\/\/www.info-algerie.com\/actualites\/wp-content\/uploads\/2017\/08\/ef7b997372f94a0e2c595f9514435d94_S-1.jpg","type":"image\/jpeg"}],"author":"La r\u00e9daction","twitter_misc":{"\u00c9crit par":"La r\u00e9daction","Dur\u00e9e de lecture estim\u00e9e":"2 minutes"},"schema":{"@context":"https:\/\/schema.org","@graph":[{"@type":"Article","@id":"https:\/\/www.info-algerie.com\/actualites\/gaid-salah-procede-a-linauguration-et-au-lancement-de-nouvelles-structures-a-la-2e-region-militaire\/#article","isPartOf":{"@id":"https:\/\/www.info-algerie.com\/actualites\/gaid-salah-procede-a-linauguration-et-au-lancement-de-nouvelles-structures-a-la-2e-region-militaire\/"},"author":{"name":"La r\u00e9daction","@id":"https:\/\/www.info-algerie.com\/actualites\/#\/schema\/person\/847aaec44920825b843a08f30ec6aa1e"},"headline":"Ga\u00efd Salah proc\u00e8de \u00e0 l&#039;inauguration et au lancement de nouvelles structures \u00e0 la 2e R\u00e9gion militaire","datePublished":"2017-08-07T12:57:58+00:00","mainEntityOfPage":{"@id":"https:\/\/www.info-algerie.com\/actualites\/gaid-salah-procede-a-linauguration-et-au-lancement-de-nouvelles-structures-a-la-2e-region-militaire\/"},"wordCount":428,"commentCount":0,"publisher":{"@id":"https:\/\/www.info-algerie.com\/actualites\/#organization"},"image":{"@id":"https:\/\/www.info-algerie.com\/actualites\/gaid-salah-procede-a-linauguration-et-au-lancement-de-nouvelles-structures-a-la-2e-region-militaire\/#primaryimage"},"thumbnailUrl":"https:\/\/www.info-algerie.com\/actualites\/wp-content\/uploads\/2017\/08\/ef7b997372f94a0e2c595f9514435d94_S-1.jpg","keywords":["ONU"],"articleSection":["infos"],"inLanguage":"fr-FR","potentialAction":[{"@type":"CommentAction","name":"Comment","target":["https:\/\/www.info-algerie.com\/actualites\/gaid-salah-procede-a-linauguration-et-au-lancement-de-nouvelles-structures-a-la-2e-region-militaire\/#respond"]}]},{"@type":"WebPage","@id":"https:\/\/www.info-algerie.com\/actualites\/gaid-salah-procede-a-linauguration-et-au-lancement-de-nouvelles-structures-a-la-2e-region-militaire\/","url":"https:\/\/www.info-algerie.com\/actualites\/gaid-salah-procede-a-linauguration-et-au-lancement-de-nouvelles-structures-a-la-2e-region-militaire\/","name":"Ga\u00efd Salah proc\u00e8de \u00e0 l&#039;inauguration et au lancement de nouvelles structures \u00e0 la 2e R\u00e9gion militaire - info algerie","isPartOf":{"@id":"https:\/\/www.info-algerie.com\/actualites\/#website"},"primaryImageOfPage":{"@id":"https:\/\/www.info-algerie.com\/actualites\/gaid-salah-procede-a-linauguration-et-au-lancement-de-nouvelles-structures-a-la-2e-region-militaire\/#primaryimage"},"image":{"@id":"https:\/\/www.info-algerie.com\/actualites\/gaid-salah-procede-a-linauguration-et-au-lancement-de-nouvelles-structures-a-la-2e-region-militaire\/#primaryimage"},"thumbnailUrl":"https:\/\/www.info-algerie.com\/actualites\/wp-content\/uploads\/2017\/08\/ef7b997372f94a0e2c595f9514435d94_S-1.jpg","datePublished":"2017-08-07T12:57:58+00:00","breadcrumb":{"@id":"https:\/\/www.info-algerie.com\/actualites\/gaid-salah-procede-a-linauguration-et-au-lancement-de-nouvelles-structures-a-la-2e-region-militaire\/#breadcrumb"},"inLanguage":"fr-FR","potentialAction":[{"@type":"ReadAction","target":["https:\/\/www.info-algerie.com\/actualites\/gaid-salah-procede-a-linauguration-et-au-lancement-de-nouvelles-structures-a-la-2e-region-militaire\/"]}]},{"@type":"ImageObject","inLanguage":"fr-FR","@id":"https:\/\/www.info-algerie.com\/actualites\/gaid-salah-procede-a-linauguration-et-au-lancement-de-nouvelles-structures-a-la-2e-region-militaire\/#primaryimage","url":"https:\/\/www.info-algerie.com\/actualites\/wp-content\/uploads\/2017\/08\/ef7b997372f94a0e2c595f9514435d94_S-1.jpg","contentUrl":"https:\/\/www.info-algerie.com\/actualites\/wp-content\/uploads\/2017\/08\/ef7b997372f94a0e2c595f9514435d94_S-1.jpg","width":280,"height":169},{"@type":"BreadcrumbList","@id":"https:\/\/www.info-algerie.com\/actualites\/gaid-salah-procede-a-linauguration-et-au-lancement-de-nouvelles-structures-a-la-2e-region-militaire\/#breadcrumb","itemListElement":[{"@type":"ListItem","position":1,"name":"Accueil","item":"https:\/\/www.info-algerie.com\/actualites\/"},{"@type":"ListItem","position":2,"name":"Ga\u00efd Salah proc\u00e8de \u00e0 l&#039;inauguration et au lancement de nouvelles structures \u00e0 la 2e R\u00e9gion militaire"}]},{"@type":"WebSite","@id":"https:\/\/www.info-algerie.com\/actualites\/#website","url":"https:\/\/www.info-algerie.com\/actualites\/","name":"info algerie","description":"Toutes les actualit\u00e9s","publisher":{"@id":"https:\/\/www.info-algerie.com\/actualites\/#organization"},"potentialAction":[{"@type":"SearchAction","target":{"@type":"EntryPoint","urlTemplate":"https:\/\/www.info-algerie.com\/actualites\/?s={search_term_string}"},"query-input":{"@type":"PropertyValueSpecification","valueRequired":true,"valueName":"search_term_string"}}],"inLanguage":"fr-FR"},{"@type":"Organization","@id":"https:\/\/www.info-algerie.com\/actualites\/#organization","name":"info algerie","url":"https:\/\/www.info-algerie.com\/actualites\/","logo":{"@type":"ImageObject","inLanguage":"fr-FR","@id":"https:\/\/www.info-algerie.com\/actualites\/#\/schema\/logo\/image\/","url":"https:\/\/www.info-algerie.com\/actualites\/wp-content\/uploads\/2022\/07\/logo-ia-120.png","contentUrl":"https:\/\/www.info-algerie.com\/actualites\/wp-content\/uploads\/2022\/07\/logo-ia-120.png","width":120,"height":43,"caption":"info algerie"},"image":{"@id":"https:\/\/www.info-algerie.com\/actualites\/#\/schema\/logo\/image\/"},"sameAs":["https:\/\/www.facebook.com\/infoalgerieactu","https:\/\/x.com\/infoalgerie1"]},{"@type":"Person","@id":"https:\/\/www.info-algerie.com\/actualites\/#\/schema\/person\/847aaec44920825b843a08f30ec6aa1e","name":"La r\u00e9daction","image":{"@type":"ImageObject","inLanguage":"fr-FR","@id":"https:\/\/secure.gravatar.com\/avatar\/769db425c6f465158149f1ffd6cf61ce7a8a879d11dfbef8288af36dfddd418c?s=96&d=mm&r=g","url":"https:\/\/secure.gravatar.com\/avatar\/769db425c6f465158149f1ffd6cf61ce7a8a879d11dfbef8288af36dfddd418c?s=96&d=mm&r=g","contentUrl":"https:\/\/secure.gravatar.com\/avatar\/769db425c6f465158149f1ffd6cf61ce7a8a879d11dfbef8288af36dfddd418c?s=96&d=mm&r=g","caption":"La r\u00e9daction"},"sameAs":["http:\/\/www.lkeria.com\/"],"url":"https:\/\/www.info-algerie.com\/actualites\/author\/chakib32\/"}]}},"_links":{"self":[{"href":"https:\/\/www.info-algerie.com\/actualites\/wp-json\/wp\/v2\/posts\/14819","targetHints":{"allow":["GET"]}}],"collection":[{"href":"https:\/\/www.info-algerie.com\/actualites\/wp-json\/wp\/v2\/posts"}],"about":[{"href":"https:\/\/www.info-algerie.com\/actualites\/wp-json\/wp\/v2\/types\/post"}],"author":[{"embeddable":true,"href":"https:\/\/www.info-algerie.com\/actualites\/wp-json\/wp\/v2\/users\/6"}],"replies":[{"embeddable":true,"href":"https:\/\/www.info-algerie.com\/actualites\/wp-json\/wp\/v2\/comments?post=14819"}],"version-history":[{"count":0,"href":"https:\/\/www.info-algerie.com\/actualites\/wp-json\/wp\/v2\/posts\/14819\/revisions"}],"wp:featuredmedia":[{"embeddable":true,"href":"https:\/\/www.info-algerie.com\/actualites\/wp-json\/wp\/v2\/media\/14820"}],"wp:attachment":[{"href":"https:\/\/www.info-algerie.com\/actualites\/wp-json\/wp\/v2\/media?parent=14819"}],"wp:term":[{"taxonomy":"category","embeddable":true,"href":"https:\/\/www.info-algerie.com\/actualites\/wp-json\/wp\/v2\/categories?post=14819"},{"taxonomy":"post_tag","embeddable":true,"href":"https:\/\/www.info-algerie.com\/actualites\/wp-json\/wp\/v2\/tags?post=14819"}],"curies":[{"name":"wp","href":"https:\/\/api.w.org\/{rel}","templated":true}]}}