{"id":14837,"date":"2017-08-08T12:04:26","date_gmt":"2017-08-08T11:04:26","guid":{"rendered":"http:\/\/www.info-algerie.com\/actualites\/installation-prochaine-du-groupe-parlementaire-damitie-algero-mexicaine\/"},"modified":"2017-08-08T12:04:26","modified_gmt":"2017-08-08T11:04:26","slug":"installation-prochaine-du-groupe-parlementaire-damitie-algero-mexicaine","status":"publish","type":"post","link":"https:\/\/www.info-algerie.com\/actualites\/installation-prochaine-du-groupe-parlementaire-damitie-algero-mexicaine\/","title":{"rendered":"Installation prochaine du groupe parlementaire d&#039;amiti\u00e9 alg\u00e9ro-mexicaine"},"content":{"rendered":"<div class=\"K2FeedImage\"><img decoding=\"async\" src=\"https:\/\/www.info-algerie.com\/actualites\/wp-content\/uploads\/2017\/08\/5bd105d2e1d19b13bcffbe8e85cbec42_S.jpg\" alt=\"Installation prochaine du groupe parlementaire d'amiti&#xE9; alg&#xE9;ro-mexicaine\" \/><\/div>\n<div class=\"K2FeedIntroText\">\n<p>ALGER &#8211; Le pr\u00e9sident de l&rsquo;Assembl\u00e9e populaire nationale (APN), Said Bouhadja, a annonc\u00e9 l&rsquo;installation prochaine du groupe parlementaire d&rsquo;amiti\u00e9 Alg\u00e9rie-Mexique, a indiqu\u00e9 lundi un communiqu\u00e9 de l&rsquo;APN.<\/p>\n<p>&#013;\n<\/p><\/div>\n<div class=\"K2FeedFullText\">&#013;<\/p>\n<p>Le pr\u00e9sident de l&rsquo;APN a annonc\u00e9 l&rsquo;installation prochaine du groupe parlementaire Alg\u00e9rie-Mexique au terme de l&rsquo;audience qu&rsquo;il a accord\u00e9e \u00e0 l&rsquo;ambassadeur du Mexique, Juan Jos\u00e9 Gonzalez Mijares, qui lui a rendu une visite de courtoisie, soulignant que ce groupe sera un canal de contact, d&rsquo;\u00e9change d&rsquo;exp\u00e9riences et de coordination des positions\u00a0\u00bb entre l&rsquo;APN et la Chambre des d\u00e9put\u00e9s mexicains au service de l&rsquo;int\u00e9r\u00eat des deux pays.<\/p>\n<p>&#013;<\/p>\n<p>Rappelant les relations historiques unissant les deux pays et qui remontent \u00e0 la guerre de lib\u00e9ration (1955), le pr\u00e9sident de l&rsquo;APN a appel\u00e9 \u00e0 leur d\u00e9veloppement continu dans les domaines politique, \u00e9conomique et parlementaire.<\/p>\n<p>&#013;<\/p>\n<p>M. Bouhadja a fait savoir, par ailleurs, que les r\u00e9formes politiques profondes initi\u00e9es par le pr\u00e9sident de la R\u00e9publique, Abdelaziz Bouteflika, ont renforc\u00e9 les acquis d\u00e9mocratiques, ce qui se refl\u00e8te dans la composition de l&rsquo;APN, \u00ab\u00a0la plus pluraliste dans l&rsquo;histoire du Parlement alg\u00e9rien avec 35 partis politiques et 26 listes ind\u00e9pendantes\u00a0\u00bb.<\/p>\n<p>&#013;<\/p>\n<p>Pour sa part, l&rsquo;ambassadeur mexicain s&rsquo;est f\u00e9licit\u00e9 de la qualit\u00e9 des relations existant entre l&rsquo;Alg\u00e9rie et le Mexique, soulignant la volont\u00e9 de son pays de les consolider pour r\u00e9pondre aux aspirations des responsables et peuples des deux pays.<\/p>\n<p>&#013;<\/p>\n<p class=\"MsoNormal\">Le diplomate mexicain a mis l&rsquo;accent \u00e9galement sur l&rsquo;engagement de son pays \u00e0 \u00ab\u00a0soutenir les causes justes\u00a0\u00bb y compris la cause sahraouie, saluant les positions \u00ab\u00a0inali\u00e9nables et constructives\u00a0\u00bb de la politique ext\u00e9rieure de l&rsquo;Alg\u00e9rie en faveur de la paix, de la s\u00e9curit\u00e9 et de la solidarit\u00e9 dans le monde.<\/p>\n<\/div>\n<p>&#013;<br \/>\nSource: <a href=\"http:\/\/www.aps.dz\/algerie\/61533-installation-prochaine-du-groupe-parlementaire-d-amitie-algero-mexicaine\" target=\"_blank\">Installation prochaine du groupe parlementaire d&rsquo;amiti\u00e9 alg\u00e9ro-mexicaine<\/a><\/p>\n<!--CusAds0-->\n<div style=\"font-size: 0px; height: 0px; line-height: 0px; margin: 0; padding: 0; clear: both;\"><\/div>","protected":false},"excerpt":{"rendered":"<p>ALGER &#8211; Le pr\u00e9sident de l&rsquo;Assembl\u00e9e populaire nationale (APN), Said Bouhadja, a annonc\u00e9 l&rsquo;installation prochaine du groupe parlementaire d&rsquo;amiti\u00e9 Alg\u00e9rie-Mexique, a indiqu\u00e9 lundi un communiqu\u00e9 de l&rsquo;APN. &#013; &#013; Le pr\u00e9sident de l&rsquo;APN a annonc\u00e9 l&rsquo;installation prochaine du groupe parlementaire Alg\u00e9rie-Mexique au terme de l&rsquo;audience qu&rsquo;il a accord\u00e9e \u00e0 l&rsquo;ambassadeur du Mexique, Juan Jos\u00e9 Gonzalez<\/p>\n","protected":false},"author":6,"featured_media":14838,"comment_status":"open","ping_status":"open","sticky":false,"template":"","format":"standard","meta":{"footnotes":""},"categories":[22],"tags":[93],"class_list":["post-14837","post","type-post","status-publish","format-standard","has-post-thumbnail","hentry","category-infos","tag-onu"],"yoast_head":"<!-- This site is optimized with the Yoast SEO plugin v27.5 - https:\/\/yoast.com\/product\/yoast-seo-wordpress\/ -->\n<title>Installation prochaine du groupe parlementaire d&#039;amiti\u00e9 alg\u00e9ro-mexicaine - info algerie<\/title>\n<meta name=\"robots\" content=\"index, follow, max-snippet:-1, max-image-preview:large, max-video-preview:-1\" \/>\n<link rel=\"canonical\" href=\"https:\/\/www.info-algerie.com\/actualites\/installation-prochaine-du-groupe-parlementaire-damitie-algero-mexicaine\/\" \/>\n<meta property=\"og:locale\" content=\"fr_FR\" \/>\n<meta property=\"og:type\" content=\"article\" \/>\n<meta property=\"og:title\" content=\"Installation prochaine du groupe parlementaire d&#039;amiti\u00e9 alg\u00e9ro-mexicaine - info algerie\" \/>\n<meta property=\"og:description\" content=\"ALGER &#8211; Le pr\u00e9sident de l&rsquo;Assembl\u00e9e populaire nationale (APN), Said Bouhadja, a annonc\u00e9 l&rsquo;installation prochaine du groupe parlementaire d&rsquo;amiti\u00e9 Alg\u00e9rie-Mexique, a indiqu\u00e9 lundi un communiqu\u00e9 de l&rsquo;APN. &#013; &#013; Le pr\u00e9sident de l&rsquo;APN a annonc\u00e9 l&rsquo;installation prochaine du groupe parlementaire Alg\u00e9rie-Mexique au terme de l&rsquo;audience qu&rsquo;il a accord\u00e9e \u00e0 l&rsquo;ambassadeur du Mexique, Juan Jos\u00e9 Gonzalez\" \/>\n<meta property=\"og:url\" content=\"https:\/\/www.info-algerie.com\/actualites\/installation-prochaine-du-groupe-parlementaire-damitie-algero-mexicaine\/\" \/>\n<meta property=\"og:site_name\" content=\"info algerie\" \/>\n<meta property=\"article:publisher\" content=\"https:\/\/www.facebook.com\/infoalgerieactu\" \/>\n<meta property=\"article:published_time\" content=\"2017-08-08T11:04:26+00:00\" \/>\n<meta property=\"og:image\" content=\"https:\/\/www.info-algerie.com\/actualites\/wp-content\/uploads\/2017\/08\/5bd105d2e1d19b13bcffbe8e85cbec42_S-1.jpg\" \/>\n\t<meta property=\"og:image:width\" content=\"280\" \/>\n\t<meta property=\"og:image:height\" content=\"169\" \/>\n\t<meta property=\"og:image:type\" content=\"image\/jpeg\" \/>\n<meta name=\"author\" content=\"La r\u00e9daction\" \/>\n<meta name=\"twitter:label1\" content=\"\u00c9crit par\" \/>\n\t<meta name=\"twitter:data1\" content=\"La r\u00e9daction\" \/>\n\t<meta name=\"twitter:label2\" content=\"Dur\u00e9e de lecture estim\u00e9e\" \/>\n\t<meta name=\"twitter:data2\" content=\"1 minute\" \/>\n<script type=\"application\/ld+json\" class=\"yoast-schema-graph\">{\"@context\":\"https:\\\/\\\/schema.org\",\"@graph\":[{\"@type\":\"Article\",\"@id\":\"https:\\\/\\\/www.info-algerie.com\\\/actualites\\\/installation-prochaine-du-groupe-parlementaire-damitie-algero-mexicaine\\\/#article\",\"isPartOf\":{\"@id\":\"https:\\\/\\\/www.info-algerie.com\\\/actualites\\\/installation-prochaine-du-groupe-parlementaire-damitie-algero-mexicaine\\\/\"},\"author\":{\"name\":\"La r\u00e9daction\",\"@id\":\"https:\\\/\\\/www.info-algerie.com\\\/actualites\\\/#\\\/schema\\\/person\\\/847aaec44920825b843a08f30ec6aa1e\"},\"headline\":\"Installation prochaine du groupe parlementaire d&#039;amiti\u00e9 alg\u00e9ro-mexicaine\",\"datePublished\":\"2017-08-08T11:04:26+00:00\",\"mainEntityOfPage\":{\"@id\":\"https:\\\/\\\/www.info-algerie.com\\\/actualites\\\/installation-prochaine-du-groupe-parlementaire-damitie-algero-mexicaine\\\/\"},\"wordCount\":328,\"commentCount\":0,\"publisher\":{\"@id\":\"https:\\\/\\\/www.info-algerie.com\\\/actualites\\\/#organization\"},\"image\":{\"@id\":\"https:\\\/\\\/www.info-algerie.com\\\/actualites\\\/installation-prochaine-du-groupe-parlementaire-damitie-algero-mexicaine\\\/#primaryimage\"},\"thumbnailUrl\":\"https:\\\/\\\/www.info-algerie.com\\\/actualites\\\/wp-content\\\/uploads\\\/2017\\\/08\\\/5bd105d2e1d19b13bcffbe8e85cbec42_S-1.jpg\",\"keywords\":[\"ONU\"],\"articleSection\":[\"infos\"],\"inLanguage\":\"fr-FR\",\"potentialAction\":[{\"@type\":\"CommentAction\",\"name\":\"Comment\",\"target\":[\"https:\\\/\\\/www.info-algerie.com\\\/actualites\\\/installation-prochaine-du-groupe-parlementaire-damitie-algero-mexicaine\\\/#respond\"]}]},{\"@type\":\"WebPage\",\"@id\":\"https:\\\/\\\/www.info-algerie.com\\\/actualites\\\/installation-prochaine-du-groupe-parlementaire-damitie-algero-mexicaine\\\/\",\"url\":\"https:\\\/\\\/www.info-algerie.com\\\/actualites\\\/installation-prochaine-du-groupe-parlementaire-damitie-algero-mexicaine\\\/\",\"name\":\"Installation prochaine du groupe parlementaire d&#039;amiti\u00e9 alg\u00e9ro-mexicaine - info algerie\",\"isPartOf\":{\"@id\":\"https:\\\/\\\/www.info-algerie.com\\\/actualites\\\/#website\"},\"primaryImageOfPage\":{\"@id\":\"https:\\\/\\\/www.info-algerie.com\\\/actualites\\\/installation-prochaine-du-groupe-parlementaire-damitie-algero-mexicaine\\\/#primaryimage\"},\"image\":{\"@id\":\"https:\\\/\\\/www.info-algerie.com\\\/actualites\\\/installation-prochaine-du-groupe-parlementaire-damitie-algero-mexicaine\\\/#primaryimage\"},\"thumbnailUrl\":\"https:\\\/\\\/www.info-algerie.com\\\/actualites\\\/wp-content\\\/uploads\\\/2017\\\/08\\\/5bd105d2e1d19b13bcffbe8e85cbec42_S-1.jpg\",\"datePublished\":\"2017-08-08T11:04:26+00:00\",\"breadcrumb\":{\"@id\":\"https:\\\/\\\/www.info-algerie.com\\\/actualites\\\/installation-prochaine-du-groupe-parlementaire-damitie-algero-mexicaine\\\/#breadcrumb\"},\"inLanguage\":\"fr-FR\",\"potentialAction\":[{\"@type\":\"ReadAction\",\"target\":[\"https:\\\/\\\/www.info-algerie.com\\\/actualites\\\/installation-prochaine-du-groupe-parlementaire-damitie-algero-mexicaine\\\/\"]}]},{\"@type\":\"ImageObject\",\"inLanguage\":\"fr-FR\",\"@id\":\"https:\\\/\\\/www.info-algerie.com\\\/actualites\\\/installation-prochaine-du-groupe-parlementaire-damitie-algero-mexicaine\\\/#primaryimage\",\"url\":\"https:\\\/\\\/www.info-algerie.com\\\/actualites\\\/wp-content\\\/uploads\\\/2017\\\/08\\\/5bd105d2e1d19b13bcffbe8e85cbec42_S-1.jpg\",\"contentUrl\":\"https:\\\/\\\/www.info-algerie.com\\\/actualites\\\/wp-content\\\/uploads\\\/2017\\\/08\\\/5bd105d2e1d19b13bcffbe8e85cbec42_S-1.jpg\",\"width\":280,\"height\":169},{\"@type\":\"BreadcrumbList\",\"@id\":\"https:\\\/\\\/www.info-algerie.com\\\/actualites\\\/installation-prochaine-du-groupe-parlementaire-damitie-algero-mexicaine\\\/#breadcrumb\",\"itemListElement\":[{\"@type\":\"ListItem\",\"position\":1,\"name\":\"Accueil\",\"item\":\"https:\\\/\\\/www.info-algerie.com\\\/actualites\\\/\"},{\"@type\":\"ListItem\",\"position\":2,\"name\":\"Installation prochaine du groupe parlementaire d&#039;amiti\u00e9 alg\u00e9ro-mexicaine\"}]},{\"@type\":\"WebSite\",\"@id\":\"https:\\\/\\\/www.info-algerie.com\\\/actualites\\\/#website\",\"url\":\"https:\\\/\\\/www.info-algerie.com\\\/actualites\\\/\",\"name\":\"info algerie\",\"description\":\"Toutes les actualit\u00e9s\",\"publisher\":{\"@id\":\"https:\\\/\\\/www.info-algerie.com\\\/actualites\\\/#organization\"},\"potentialAction\":[{\"@type\":\"SearchAction\",\"target\":{\"@type\":\"EntryPoint\",\"urlTemplate\":\"https:\\\/\\\/www.info-algerie.com\\\/actualites\\\/?s={search_term_string}\"},\"query-input\":{\"@type\":\"PropertyValueSpecification\",\"valueRequired\":true,\"valueName\":\"search_term_string\"}}],\"inLanguage\":\"fr-FR\"},{\"@type\":\"Organization\",\"@id\":\"https:\\\/\\\/www.info-algerie.com\\\/actualites\\\/#organization\",\"name\":\"info algerie\",\"url\":\"https:\\\/\\\/www.info-algerie.com\\\/actualites\\\/\",\"logo\":{\"@type\":\"ImageObject\",\"inLanguage\":\"fr-FR\",\"@id\":\"https:\\\/\\\/www.info-algerie.com\\\/actualites\\\/#\\\/schema\\\/logo\\\/image\\\/\",\"url\":\"https:\\\/\\\/www.info-algerie.com\\\/actualites\\\/wp-content\\\/uploads\\\/2022\\\/07\\\/logo-ia-120.png\",\"contentUrl\":\"https:\\\/\\\/www.info-algerie.com\\\/actualites\\\/wp-content\\\/uploads\\\/2022\\\/07\\\/logo-ia-120.png\",\"width\":120,\"height\":43,\"caption\":\"info algerie\"},\"image\":{\"@id\":\"https:\\\/\\\/www.info-algerie.com\\\/actualites\\\/#\\\/schema\\\/logo\\\/image\\\/\"},\"sameAs\":[\"https:\\\/\\\/www.facebook.com\\\/infoalgerieactu\",\"https:\\\/\\\/x.com\\\/infoalgerie1\"]},{\"@type\":\"Person\",\"@id\":\"https:\\\/\\\/www.info-algerie.com\\\/actualites\\\/#\\\/schema\\\/person\\\/847aaec44920825b843a08f30ec6aa1e\",\"name\":\"La r\u00e9daction\",\"image\":{\"@type\":\"ImageObject\",\"inLanguage\":\"fr-FR\",\"@id\":\"https:\\\/\\\/secure.gravatar.com\\\/avatar\\\/769db425c6f465158149f1ffd6cf61ce7a8a879d11dfbef8288af36dfddd418c?s=96&d=mm&r=g\",\"url\":\"https:\\\/\\\/secure.gravatar.com\\\/avatar\\\/769db425c6f465158149f1ffd6cf61ce7a8a879d11dfbef8288af36dfddd418c?s=96&d=mm&r=g\",\"contentUrl\":\"https:\\\/\\\/secure.gravatar.com\\\/avatar\\\/769db425c6f465158149f1ffd6cf61ce7a8a879d11dfbef8288af36dfddd418c?s=96&d=mm&r=g\",\"caption\":\"La r\u00e9daction\"},\"sameAs\":[\"http:\\\/\\\/www.lkeria.com\\\/\"],\"url\":\"https:\\\/\\\/www.info-algerie.com\\\/actualites\\\/author\\\/chakib32\\\/\"}]}<\/script>\n<!-- \/ Yoast SEO plugin. -->","yoast_head_json":{"title":"Installation prochaine du groupe parlementaire d&#039;amiti\u00e9 alg\u00e9ro-mexicaine - info algerie","robots":{"index":"index","follow":"follow","max-snippet":"max-snippet:-1","max-image-preview":"max-image-preview:large","max-video-preview":"max-video-preview:-1"},"canonical":"https:\/\/www.info-algerie.com\/actualites\/installation-prochaine-du-groupe-parlementaire-damitie-algero-mexicaine\/","og_locale":"fr_FR","og_type":"article","og_title":"Installation prochaine du groupe parlementaire d&#039;amiti\u00e9 alg\u00e9ro-mexicaine - info algerie","og_description":"ALGER &#8211; Le pr\u00e9sident de l&rsquo;Assembl\u00e9e populaire nationale (APN), Said Bouhadja, a annonc\u00e9 l&rsquo;installation prochaine du groupe parlementaire d&rsquo;amiti\u00e9 Alg\u00e9rie-Mexique, a indiqu\u00e9 lundi un communiqu\u00e9 de l&rsquo;APN. &#013; &#013; Le pr\u00e9sident de l&rsquo;APN a annonc\u00e9 l&rsquo;installation prochaine du groupe parlementaire Alg\u00e9rie-Mexique au terme de l&rsquo;audience qu&rsquo;il a accord\u00e9e \u00e0 l&rsquo;ambassadeur du Mexique, Juan Jos\u00e9 Gonzalez","og_url":"https:\/\/www.info-algerie.com\/actualites\/installation-prochaine-du-groupe-parlementaire-damitie-algero-mexicaine\/","og_site_name":"info algerie","article_publisher":"https:\/\/www.facebook.com\/infoalgerieactu","article_published_time":"2017-08-08T11:04:26+00:00","og_image":[{"width":280,"height":169,"url":"https:\/\/www.info-algerie.com\/actualites\/wp-content\/uploads\/2017\/08\/5bd105d2e1d19b13bcffbe8e85cbec42_S-1.jpg","type":"image\/jpeg"}],"author":"La r\u00e9daction","twitter_misc":{"\u00c9crit par":"La r\u00e9daction","Dur\u00e9e de lecture estim\u00e9e":"1 minute"},"schema":{"@context":"https:\/\/schema.org","@graph":[{"@type":"Article","@id":"https:\/\/www.info-algerie.com\/actualites\/installation-prochaine-du-groupe-parlementaire-damitie-algero-mexicaine\/#article","isPartOf":{"@id":"https:\/\/www.info-algerie.com\/actualites\/installation-prochaine-du-groupe-parlementaire-damitie-algero-mexicaine\/"},"author":{"name":"La r\u00e9daction","@id":"https:\/\/www.info-algerie.com\/actualites\/#\/schema\/person\/847aaec44920825b843a08f30ec6aa1e"},"headline":"Installation prochaine du groupe parlementaire d&#039;amiti\u00e9 alg\u00e9ro-mexicaine","datePublished":"2017-08-08T11:04:26+00:00","mainEntityOfPage":{"@id":"https:\/\/www.info-algerie.com\/actualites\/installation-prochaine-du-groupe-parlementaire-damitie-algero-mexicaine\/"},"wordCount":328,"commentCount":0,"publisher":{"@id":"https:\/\/www.info-algerie.com\/actualites\/#organization"},"image":{"@id":"https:\/\/www.info-algerie.com\/actualites\/installation-prochaine-du-groupe-parlementaire-damitie-algero-mexicaine\/#primaryimage"},"thumbnailUrl":"https:\/\/www.info-algerie.com\/actualites\/wp-content\/uploads\/2017\/08\/5bd105d2e1d19b13bcffbe8e85cbec42_S-1.jpg","keywords":["ONU"],"articleSection":["infos"],"inLanguage":"fr-FR","potentialAction":[{"@type":"CommentAction","name":"Comment","target":["https:\/\/www.info-algerie.com\/actualites\/installation-prochaine-du-groupe-parlementaire-damitie-algero-mexicaine\/#respond"]}]},{"@type":"WebPage","@id":"https:\/\/www.info-algerie.com\/actualites\/installation-prochaine-du-groupe-parlementaire-damitie-algero-mexicaine\/","url":"https:\/\/www.info-algerie.com\/actualites\/installation-prochaine-du-groupe-parlementaire-damitie-algero-mexicaine\/","name":"Installation prochaine du groupe parlementaire d&#039;amiti\u00e9 alg\u00e9ro-mexicaine - info algerie","isPartOf":{"@id":"https:\/\/www.info-algerie.com\/actualites\/#website"},"primaryImageOfPage":{"@id":"https:\/\/www.info-algerie.com\/actualites\/installation-prochaine-du-groupe-parlementaire-damitie-algero-mexicaine\/#primaryimage"},"image":{"@id":"https:\/\/www.info-algerie.com\/actualites\/installation-prochaine-du-groupe-parlementaire-damitie-algero-mexicaine\/#primaryimage"},"thumbnailUrl":"https:\/\/www.info-algerie.com\/actualites\/wp-content\/uploads\/2017\/08\/5bd105d2e1d19b13bcffbe8e85cbec42_S-1.jpg","datePublished":"2017-08-08T11:04:26+00:00","breadcrumb":{"@id":"https:\/\/www.info-algerie.com\/actualites\/installation-prochaine-du-groupe-parlementaire-damitie-algero-mexicaine\/#breadcrumb"},"inLanguage":"fr-FR","potentialAction":[{"@type":"ReadAction","target":["https:\/\/www.info-algerie.com\/actualites\/installation-prochaine-du-groupe-parlementaire-damitie-algero-mexicaine\/"]}]},{"@type":"ImageObject","inLanguage":"fr-FR","@id":"https:\/\/www.info-algerie.com\/actualites\/installation-prochaine-du-groupe-parlementaire-damitie-algero-mexicaine\/#primaryimage","url":"https:\/\/www.info-algerie.com\/actualites\/wp-content\/uploads\/2017\/08\/5bd105d2e1d19b13bcffbe8e85cbec42_S-1.jpg","contentUrl":"https:\/\/www.info-algerie.com\/actualites\/wp-content\/uploads\/2017\/08\/5bd105d2e1d19b13bcffbe8e85cbec42_S-1.jpg","width":280,"height":169},{"@type":"BreadcrumbList","@id":"https:\/\/www.info-algerie.com\/actualites\/installation-prochaine-du-groupe-parlementaire-damitie-algero-mexicaine\/#breadcrumb","itemListElement":[{"@type":"ListItem","position":1,"name":"Accueil","item":"https:\/\/www.info-algerie.com\/actualites\/"},{"@type":"ListItem","position":2,"name":"Installation prochaine du groupe parlementaire d&#039;amiti\u00e9 alg\u00e9ro-mexicaine"}]},{"@type":"WebSite","@id":"https:\/\/www.info-algerie.com\/actualites\/#website","url":"https:\/\/www.info-algerie.com\/actualites\/","name":"info algerie","description":"Toutes les actualit\u00e9s","publisher":{"@id":"https:\/\/www.info-algerie.com\/actualites\/#organization"},"potentialAction":[{"@type":"SearchAction","target":{"@type":"EntryPoint","urlTemplate":"https:\/\/www.info-algerie.com\/actualites\/?s={search_term_string}"},"query-input":{"@type":"PropertyValueSpecification","valueRequired":true,"valueName":"search_term_string"}}],"inLanguage":"fr-FR"},{"@type":"Organization","@id":"https:\/\/www.info-algerie.com\/actualites\/#organization","name":"info algerie","url":"https:\/\/www.info-algerie.com\/actualites\/","logo":{"@type":"ImageObject","inLanguage":"fr-FR","@id":"https:\/\/www.info-algerie.com\/actualites\/#\/schema\/logo\/image\/","url":"https:\/\/www.info-algerie.com\/actualites\/wp-content\/uploads\/2022\/07\/logo-ia-120.png","contentUrl":"https:\/\/www.info-algerie.com\/actualites\/wp-content\/uploads\/2022\/07\/logo-ia-120.png","width":120,"height":43,"caption":"info algerie"},"image":{"@id":"https:\/\/www.info-algerie.com\/actualites\/#\/schema\/logo\/image\/"},"sameAs":["https:\/\/www.facebook.com\/infoalgerieactu","https:\/\/x.com\/infoalgerie1"]},{"@type":"Person","@id":"https:\/\/www.info-algerie.com\/actualites\/#\/schema\/person\/847aaec44920825b843a08f30ec6aa1e","name":"La r\u00e9daction","image":{"@type":"ImageObject","inLanguage":"fr-FR","@id":"https:\/\/secure.gravatar.com\/avatar\/769db425c6f465158149f1ffd6cf61ce7a8a879d11dfbef8288af36dfddd418c?s=96&d=mm&r=g","url":"https:\/\/secure.gravatar.com\/avatar\/769db425c6f465158149f1ffd6cf61ce7a8a879d11dfbef8288af36dfddd418c?s=96&d=mm&r=g","contentUrl":"https:\/\/secure.gravatar.com\/avatar\/769db425c6f465158149f1ffd6cf61ce7a8a879d11dfbef8288af36dfddd418c?s=96&d=mm&r=g","caption":"La r\u00e9daction"},"sameAs":["http:\/\/www.lkeria.com\/"],"url":"https:\/\/www.info-algerie.com\/actualites\/author\/chakib32\/"}]}},"_links":{"self":[{"href":"https:\/\/www.info-algerie.com\/actualites\/wp-json\/wp\/v2\/posts\/14837","targetHints":{"allow":["GET"]}}],"collection":[{"href":"https:\/\/www.info-algerie.com\/actualites\/wp-json\/wp\/v2\/posts"}],"about":[{"href":"https:\/\/www.info-algerie.com\/actualites\/wp-json\/wp\/v2\/types\/post"}],"author":[{"embeddable":true,"href":"https:\/\/www.info-algerie.com\/actualites\/wp-json\/wp\/v2\/users\/6"}],"replies":[{"embeddable":true,"href":"https:\/\/www.info-algerie.com\/actualites\/wp-json\/wp\/v2\/comments?post=14837"}],"version-history":[{"count":0,"href":"https:\/\/www.info-algerie.com\/actualites\/wp-json\/wp\/v2\/posts\/14837\/revisions"}],"wp:featuredmedia":[{"embeddable":true,"href":"https:\/\/www.info-algerie.com\/actualites\/wp-json\/wp\/v2\/media\/14838"}],"wp:attachment":[{"href":"https:\/\/www.info-algerie.com\/actualites\/wp-json\/wp\/v2\/media?parent=14837"}],"wp:term":[{"taxonomy":"category","embeddable":true,"href":"https:\/\/www.info-algerie.com\/actualites\/wp-json\/wp\/v2\/categories?post=14837"},{"taxonomy":"post_tag","embeddable":true,"href":"https:\/\/www.info-algerie.com\/actualites\/wp-json\/wp\/v2\/tags?post=14837"}],"curies":[{"name":"wp","href":"https:\/\/api.w.org\/{rel}","templated":true}]}}