{"id":14849,"date":"2017-08-08T11:18:36","date_gmt":"2017-08-08T10:18:36","guid":{"rendered":"http:\/\/www.info-algerie.com\/actualites\/messahel-sentretient-a-amman-avec-son-homologue-jordanien-ayman-safadi\/"},"modified":"2017-08-08T11:18:36","modified_gmt":"2017-08-08T10:18:36","slug":"messahel-sentretient-a-amman-avec-son-homologue-jordanien-ayman-safadi","status":"publish","type":"post","link":"https:\/\/www.info-algerie.com\/actualites\/messahel-sentretient-a-amman-avec-son-homologue-jordanien-ayman-safadi\/","title":{"rendered":"Messahel s\u2019entretient \u00e0 Amman avec son homologue jordanien Ayman Safadi"},"content":{"rendered":"<div class=\"K2FeedImage\"><img decoding=\"async\" src=\"https:\/\/www.info-algerie.com\/actualites\/wp-content\/uploads\/2017\/08\/a1e0b1e95b81f221931074122c2b68f7_S.jpg\" alt=\"Messahel s&#x2019;entretient &#xE0; Amman avec son homologue jordanien Ayman Safadi\" \/><\/div>\n<div class=\"K2FeedIntroText\">\n<p>ALGER &#8211; Le ministre des Affaires \u00e9trang\u00e8res, Abdelkader\u00a0 Messahel s\u2019est entretenu mardi \u00e0 Amman avec son homologue jordanien Ayman\u00a0 Safadi, avec qui il a examin\u00e9 \u00ab\u00a0l\u2019\u00e9tat des relations bilat\u00e9rales ainsi que\u00a0 les voies et moyens de leur renforcement et leur diversification\u00a0\u00bb, indique\u00a0 un communiqu\u00e9 du minist\u00e8re.<\/p>\n<p>&#013;\n<\/p><\/div>\n<div class=\"K2FeedFullText\">&#013;<\/p>\n<p>Les deux ministres ont, \u00e0 cet \u00e9gard, pass\u00e9 en revue \u00ab\u00a0les opportunit\u00e9s de\u00a0 coop\u00e9ration qui s\u2019offrent aux deux pays en vue de renforcer les relations\u00a0 qui lient l\u2019Alg\u00e9rie et la Jordanie, notamment \u00e0 travers la densification\u00a0 des \u00e9changes commerciaux et des flux d\u2019investissements dans diff\u00e9rents\u00a0 secteurs\u00a0\u00bb, pr\u00e9cise le communiqu\u00e9.\u00a0\u00a0\u00a0\u00a0<\/p>\n<p>&#013;<\/p>\n<p>M. Messahel et M. Safadi ont proc\u00e9d\u00e9 \u00e0 \u00ab\u00a0un \u00e9change de vues sur l\u2019ensemble\u00a0 des questions et des dossiers qui interpellent le monde arabe, notamment la\u00a0 crise du Golfe, et la situation en Libye, en Syrie, au Y\u00e9men, en Irak ainsi\u00a0 que la question palestinienne\u00a0\u00bb<\/p>\n<p>&#013;<\/p>\n<p>Ils sont, \u00e0 cet \u00e9gard, convenus, de \u00ab\u00a0l\u2019importance du dialogue et de la\u00a0 r\u00e9conciliation comme moyen de r\u00e8glement de ces crises\u00a0\u00bb.<\/p>\n<p>&#013;<\/p>\n<p>Pour rappel, M. Messahel a \u00e9t\u00e9 re\u00e7u \u00e0 Amman par le Vice-Roi, le prince\u00a0 Fay\u00e7al Ben Al-Hussein, qui assure l&rsquo;int\u00e9rim du Roi absent du pays, auquel\u00a0 il a remis \u00ab\u00a0un message d&rsquo;amiti\u00e9 et d&rsquo;estime\u00a0\u00bb adress\u00e9 par le pr\u00e9sident de la\u00a0 R\u00e9publique, Abdelaziz Bouteflika, au Roi Abdallah II Ben Al-Hussein de\u00a0 Jordanie.<\/p>\n<p>&#013;<\/p>\n<p>Dans le cadre de la tourn\u00e9e dans le monde arabe qu\u2019il m\u00e8ne sur instruction\u00a0 de Monsieur le pr\u00e9sident de la R\u00e9publique, M. Messahel est arriv\u00e9 mardi \u00e0\u00a0 Baghdad pour une visite de travail en Irak en provenance d\u2019Amman o\u00f9 il avait entam\u00e9 lundi une visite de travail en Jordanie.<\/p>\n<\/div>\n<p>&#013;<br \/>\nSource: <a href=\"http:\/\/www.aps.dz\/algerie\/61553-messahel-s-entretient-a-amman-avec-son-homologue-jordanien-ayman-safadi\" target=\"_blank\">Messahel s\u2019entretient \u00e0 Amman avec son homologue jordanien Ayman Safadi<\/a><\/p>\n<!--CusAds0-->\n<div style=\"font-size: 0px; height: 0px; line-height: 0px; margin: 0; padding: 0; clear: both;\"><\/div>","protected":false},"excerpt":{"rendered":"<p>ALGER &#8211; Le ministre des Affaires \u00e9trang\u00e8res, Abdelkader\u00a0 Messahel s\u2019est entretenu mardi \u00e0 Amman avec son homologue jordanien Ayman\u00a0 Safadi, avec qui il a examin\u00e9 \u00ab\u00a0l\u2019\u00e9tat des relations bilat\u00e9rales ainsi que\u00a0 les voies et moyens de leur renforcement et leur diversification\u00a0\u00bb, indique\u00a0 un communiqu\u00e9 du minist\u00e8re. &#013; &#013; Les deux ministres ont, \u00e0 cet \u00e9gard,<\/p>\n","protected":false},"author":6,"featured_media":14850,"comment_status":"open","ping_status":"open","sticky":false,"template":"","format":"standard","meta":{"footnotes":""},"categories":[22],"tags":[93],"class_list":["post-14849","post","type-post","status-publish","format-standard","has-post-thumbnail","hentry","category-infos","tag-onu"],"yoast_head":"<!-- This site is optimized with the Yoast SEO plugin v27.5 - https:\/\/yoast.com\/product\/yoast-seo-wordpress\/ -->\n<title>Messahel s\u2019entretient \u00e0 Amman avec son homologue jordanien Ayman Safadi - info algerie<\/title>\n<meta name=\"robots\" content=\"index, follow, max-snippet:-1, max-image-preview:large, max-video-preview:-1\" \/>\n<link rel=\"canonical\" href=\"https:\/\/www.info-algerie.com\/actualites\/messahel-sentretient-a-amman-avec-son-homologue-jordanien-ayman-safadi\/\" \/>\n<meta property=\"og:locale\" content=\"fr_FR\" \/>\n<meta property=\"og:type\" content=\"article\" \/>\n<meta property=\"og:title\" content=\"Messahel s\u2019entretient \u00e0 Amman avec son homologue jordanien Ayman Safadi - info algerie\" \/>\n<meta property=\"og:description\" content=\"ALGER &#8211; Le ministre des Affaires \u00e9trang\u00e8res, Abdelkader\u00a0 Messahel s\u2019est entretenu mardi \u00e0 Amman avec son homologue jordanien Ayman\u00a0 Safadi, avec qui il a examin\u00e9 \u00ab\u00a0l\u2019\u00e9tat des relations bilat\u00e9rales ainsi que\u00a0 les voies et moyens de leur renforcement et leur diversification\u00a0\u00bb, indique\u00a0 un communiqu\u00e9 du minist\u00e8re. &#013; &#013; Les deux ministres ont, \u00e0 cet \u00e9gard,\" \/>\n<meta property=\"og:url\" content=\"https:\/\/www.info-algerie.com\/actualites\/messahel-sentretient-a-amman-avec-son-homologue-jordanien-ayman-safadi\/\" \/>\n<meta property=\"og:site_name\" content=\"info algerie\" \/>\n<meta property=\"article:publisher\" content=\"https:\/\/www.facebook.com\/infoalgerieactu\" \/>\n<meta property=\"article:published_time\" content=\"2017-08-08T10:18:36+00:00\" \/>\n<meta property=\"og:image\" content=\"https:\/\/www.info-algerie.com\/actualites\/wp-content\/uploads\/2017\/08\/a1e0b1e95b81f221931074122c2b68f7_S-1.jpg\" \/>\n\t<meta property=\"og:image:width\" content=\"280\" \/>\n\t<meta property=\"og:image:height\" content=\"166\" \/>\n\t<meta property=\"og:image:type\" content=\"image\/jpeg\" \/>\n<meta name=\"author\" content=\"La r\u00e9daction\" \/>\n<meta name=\"twitter:label1\" content=\"\u00c9crit par\" \/>\n\t<meta name=\"twitter:data1\" content=\"La r\u00e9daction\" \/>\n\t<meta name=\"twitter:label2\" content=\"Dur\u00e9e de lecture estim\u00e9e\" \/>\n\t<meta name=\"twitter:data2\" content=\"1 minute\" \/>\n<script type=\"application\/ld+json\" class=\"yoast-schema-graph\">{\"@context\":\"https:\\\/\\\/schema.org\",\"@graph\":[{\"@type\":\"Article\",\"@id\":\"https:\\\/\\\/www.info-algerie.com\\\/actualites\\\/messahel-sentretient-a-amman-avec-son-homologue-jordanien-ayman-safadi\\\/#article\",\"isPartOf\":{\"@id\":\"https:\\\/\\\/www.info-algerie.com\\\/actualites\\\/messahel-sentretient-a-amman-avec-son-homologue-jordanien-ayman-safadi\\\/\"},\"author\":{\"name\":\"La r\u00e9daction\",\"@id\":\"https:\\\/\\\/www.info-algerie.com\\\/actualites\\\/#\\\/schema\\\/person\\\/847aaec44920825b843a08f30ec6aa1e\"},\"headline\":\"Messahel s\u2019entretient \u00e0 Amman avec son homologue jordanien Ayman Safadi\",\"datePublished\":\"2017-08-08T10:18:36+00:00\",\"mainEntityOfPage\":{\"@id\":\"https:\\\/\\\/www.info-algerie.com\\\/actualites\\\/messahel-sentretient-a-amman-avec-son-homologue-jordanien-ayman-safadi\\\/\"},\"wordCount\":308,\"commentCount\":0,\"publisher\":{\"@id\":\"https:\\\/\\\/www.info-algerie.com\\\/actualites\\\/#organization\"},\"image\":{\"@id\":\"https:\\\/\\\/www.info-algerie.com\\\/actualites\\\/messahel-sentretient-a-amman-avec-son-homologue-jordanien-ayman-safadi\\\/#primaryimage\"},\"thumbnailUrl\":\"https:\\\/\\\/www.info-algerie.com\\\/actualites\\\/wp-content\\\/uploads\\\/2017\\\/08\\\/a1e0b1e95b81f221931074122c2b68f7_S-1.jpg\",\"keywords\":[\"ONU\"],\"articleSection\":[\"infos\"],\"inLanguage\":\"fr-FR\",\"potentialAction\":[{\"@type\":\"CommentAction\",\"name\":\"Comment\",\"target\":[\"https:\\\/\\\/www.info-algerie.com\\\/actualites\\\/messahel-sentretient-a-amman-avec-son-homologue-jordanien-ayman-safadi\\\/#respond\"]}]},{\"@type\":\"WebPage\",\"@id\":\"https:\\\/\\\/www.info-algerie.com\\\/actualites\\\/messahel-sentretient-a-amman-avec-son-homologue-jordanien-ayman-safadi\\\/\",\"url\":\"https:\\\/\\\/www.info-algerie.com\\\/actualites\\\/messahel-sentretient-a-amman-avec-son-homologue-jordanien-ayman-safadi\\\/\",\"name\":\"Messahel s\u2019entretient \u00e0 Amman avec son homologue jordanien Ayman Safadi - info algerie\",\"isPartOf\":{\"@id\":\"https:\\\/\\\/www.info-algerie.com\\\/actualites\\\/#website\"},\"primaryImageOfPage\":{\"@id\":\"https:\\\/\\\/www.info-algerie.com\\\/actualites\\\/messahel-sentretient-a-amman-avec-son-homologue-jordanien-ayman-safadi\\\/#primaryimage\"},\"image\":{\"@id\":\"https:\\\/\\\/www.info-algerie.com\\\/actualites\\\/messahel-sentretient-a-amman-avec-son-homologue-jordanien-ayman-safadi\\\/#primaryimage\"},\"thumbnailUrl\":\"https:\\\/\\\/www.info-algerie.com\\\/actualites\\\/wp-content\\\/uploads\\\/2017\\\/08\\\/a1e0b1e95b81f221931074122c2b68f7_S-1.jpg\",\"datePublished\":\"2017-08-08T10:18:36+00:00\",\"breadcrumb\":{\"@id\":\"https:\\\/\\\/www.info-algerie.com\\\/actualites\\\/messahel-sentretient-a-amman-avec-son-homologue-jordanien-ayman-safadi\\\/#breadcrumb\"},\"inLanguage\":\"fr-FR\",\"potentialAction\":[{\"@type\":\"ReadAction\",\"target\":[\"https:\\\/\\\/www.info-algerie.com\\\/actualites\\\/messahel-sentretient-a-amman-avec-son-homologue-jordanien-ayman-safadi\\\/\"]}]},{\"@type\":\"ImageObject\",\"inLanguage\":\"fr-FR\",\"@id\":\"https:\\\/\\\/www.info-algerie.com\\\/actualites\\\/messahel-sentretient-a-amman-avec-son-homologue-jordanien-ayman-safadi\\\/#primaryimage\",\"url\":\"https:\\\/\\\/www.info-algerie.com\\\/actualites\\\/wp-content\\\/uploads\\\/2017\\\/08\\\/a1e0b1e95b81f221931074122c2b68f7_S-1.jpg\",\"contentUrl\":\"https:\\\/\\\/www.info-algerie.com\\\/actualites\\\/wp-content\\\/uploads\\\/2017\\\/08\\\/a1e0b1e95b81f221931074122c2b68f7_S-1.jpg\",\"width\":280,\"height\":166},{\"@type\":\"BreadcrumbList\",\"@id\":\"https:\\\/\\\/www.info-algerie.com\\\/actualites\\\/messahel-sentretient-a-amman-avec-son-homologue-jordanien-ayman-safadi\\\/#breadcrumb\",\"itemListElement\":[{\"@type\":\"ListItem\",\"position\":1,\"name\":\"Accueil\",\"item\":\"https:\\\/\\\/www.info-algerie.com\\\/actualites\\\/\"},{\"@type\":\"ListItem\",\"position\":2,\"name\":\"Messahel s\u2019entretient \u00e0 Amman avec son homologue jordanien Ayman Safadi\"}]},{\"@type\":\"WebSite\",\"@id\":\"https:\\\/\\\/www.info-algerie.com\\\/actualites\\\/#website\",\"url\":\"https:\\\/\\\/www.info-algerie.com\\\/actualites\\\/\",\"name\":\"info algerie\",\"description\":\"Toutes les actualit\u00e9s\",\"publisher\":{\"@id\":\"https:\\\/\\\/www.info-algerie.com\\\/actualites\\\/#organization\"},\"potentialAction\":[{\"@type\":\"SearchAction\",\"target\":{\"@type\":\"EntryPoint\",\"urlTemplate\":\"https:\\\/\\\/www.info-algerie.com\\\/actualites\\\/?s={search_term_string}\"},\"query-input\":{\"@type\":\"PropertyValueSpecification\",\"valueRequired\":true,\"valueName\":\"search_term_string\"}}],\"inLanguage\":\"fr-FR\"},{\"@type\":\"Organization\",\"@id\":\"https:\\\/\\\/www.info-algerie.com\\\/actualites\\\/#organization\",\"name\":\"info algerie\",\"url\":\"https:\\\/\\\/www.info-algerie.com\\\/actualites\\\/\",\"logo\":{\"@type\":\"ImageObject\",\"inLanguage\":\"fr-FR\",\"@id\":\"https:\\\/\\\/www.info-algerie.com\\\/actualites\\\/#\\\/schema\\\/logo\\\/image\\\/\",\"url\":\"https:\\\/\\\/www.info-algerie.com\\\/actualites\\\/wp-content\\\/uploads\\\/2022\\\/07\\\/logo-ia-120.png\",\"contentUrl\":\"https:\\\/\\\/www.info-algerie.com\\\/actualites\\\/wp-content\\\/uploads\\\/2022\\\/07\\\/logo-ia-120.png\",\"width\":120,\"height\":43,\"caption\":\"info algerie\"},\"image\":{\"@id\":\"https:\\\/\\\/www.info-algerie.com\\\/actualites\\\/#\\\/schema\\\/logo\\\/image\\\/\"},\"sameAs\":[\"https:\\\/\\\/www.facebook.com\\\/infoalgerieactu\",\"https:\\\/\\\/x.com\\\/infoalgerie1\"]},{\"@type\":\"Person\",\"@id\":\"https:\\\/\\\/www.info-algerie.com\\\/actualites\\\/#\\\/schema\\\/person\\\/847aaec44920825b843a08f30ec6aa1e\",\"name\":\"La r\u00e9daction\",\"image\":{\"@type\":\"ImageObject\",\"inLanguage\":\"fr-FR\",\"@id\":\"https:\\\/\\\/secure.gravatar.com\\\/avatar\\\/769db425c6f465158149f1ffd6cf61ce7a8a879d11dfbef8288af36dfddd418c?s=96&d=mm&r=g\",\"url\":\"https:\\\/\\\/secure.gravatar.com\\\/avatar\\\/769db425c6f465158149f1ffd6cf61ce7a8a879d11dfbef8288af36dfddd418c?s=96&d=mm&r=g\",\"contentUrl\":\"https:\\\/\\\/secure.gravatar.com\\\/avatar\\\/769db425c6f465158149f1ffd6cf61ce7a8a879d11dfbef8288af36dfddd418c?s=96&d=mm&r=g\",\"caption\":\"La r\u00e9daction\"},\"sameAs\":[\"http:\\\/\\\/www.lkeria.com\\\/\"],\"url\":\"https:\\\/\\\/www.info-algerie.com\\\/actualites\\\/author\\\/chakib32\\\/\"}]}<\/script>\n<!-- \/ Yoast SEO plugin. -->","yoast_head_json":{"title":"Messahel s\u2019entretient \u00e0 Amman avec son homologue jordanien Ayman Safadi - info algerie","robots":{"index":"index","follow":"follow","max-snippet":"max-snippet:-1","max-image-preview":"max-image-preview:large","max-video-preview":"max-video-preview:-1"},"canonical":"https:\/\/www.info-algerie.com\/actualites\/messahel-sentretient-a-amman-avec-son-homologue-jordanien-ayman-safadi\/","og_locale":"fr_FR","og_type":"article","og_title":"Messahel s\u2019entretient \u00e0 Amman avec son homologue jordanien Ayman Safadi - info algerie","og_description":"ALGER &#8211; Le ministre des Affaires \u00e9trang\u00e8res, Abdelkader\u00a0 Messahel s\u2019est entretenu mardi \u00e0 Amman avec son homologue jordanien Ayman\u00a0 Safadi, avec qui il a examin\u00e9 \u00ab\u00a0l\u2019\u00e9tat des relations bilat\u00e9rales ainsi que\u00a0 les voies et moyens de leur renforcement et leur diversification\u00a0\u00bb, indique\u00a0 un communiqu\u00e9 du minist\u00e8re. &#013; &#013; Les deux ministres ont, \u00e0 cet \u00e9gard,","og_url":"https:\/\/www.info-algerie.com\/actualites\/messahel-sentretient-a-amman-avec-son-homologue-jordanien-ayman-safadi\/","og_site_name":"info algerie","article_publisher":"https:\/\/www.facebook.com\/infoalgerieactu","article_published_time":"2017-08-08T10:18:36+00:00","og_image":[{"width":280,"height":166,"url":"https:\/\/www.info-algerie.com\/actualites\/wp-content\/uploads\/2017\/08\/a1e0b1e95b81f221931074122c2b68f7_S-1.jpg","type":"image\/jpeg"}],"author":"La r\u00e9daction","twitter_misc":{"\u00c9crit par":"La r\u00e9daction","Dur\u00e9e de lecture estim\u00e9e":"1 minute"},"schema":{"@context":"https:\/\/schema.org","@graph":[{"@type":"Article","@id":"https:\/\/www.info-algerie.com\/actualites\/messahel-sentretient-a-amman-avec-son-homologue-jordanien-ayman-safadi\/#article","isPartOf":{"@id":"https:\/\/www.info-algerie.com\/actualites\/messahel-sentretient-a-amman-avec-son-homologue-jordanien-ayman-safadi\/"},"author":{"name":"La r\u00e9daction","@id":"https:\/\/www.info-algerie.com\/actualites\/#\/schema\/person\/847aaec44920825b843a08f30ec6aa1e"},"headline":"Messahel s\u2019entretient \u00e0 Amman avec son homologue jordanien Ayman Safadi","datePublished":"2017-08-08T10:18:36+00:00","mainEntityOfPage":{"@id":"https:\/\/www.info-algerie.com\/actualites\/messahel-sentretient-a-amman-avec-son-homologue-jordanien-ayman-safadi\/"},"wordCount":308,"commentCount":0,"publisher":{"@id":"https:\/\/www.info-algerie.com\/actualites\/#organization"},"image":{"@id":"https:\/\/www.info-algerie.com\/actualites\/messahel-sentretient-a-amman-avec-son-homologue-jordanien-ayman-safadi\/#primaryimage"},"thumbnailUrl":"https:\/\/www.info-algerie.com\/actualites\/wp-content\/uploads\/2017\/08\/a1e0b1e95b81f221931074122c2b68f7_S-1.jpg","keywords":["ONU"],"articleSection":["infos"],"inLanguage":"fr-FR","potentialAction":[{"@type":"CommentAction","name":"Comment","target":["https:\/\/www.info-algerie.com\/actualites\/messahel-sentretient-a-amman-avec-son-homologue-jordanien-ayman-safadi\/#respond"]}]},{"@type":"WebPage","@id":"https:\/\/www.info-algerie.com\/actualites\/messahel-sentretient-a-amman-avec-son-homologue-jordanien-ayman-safadi\/","url":"https:\/\/www.info-algerie.com\/actualites\/messahel-sentretient-a-amman-avec-son-homologue-jordanien-ayman-safadi\/","name":"Messahel s\u2019entretient \u00e0 Amman avec son homologue jordanien Ayman Safadi - info algerie","isPartOf":{"@id":"https:\/\/www.info-algerie.com\/actualites\/#website"},"primaryImageOfPage":{"@id":"https:\/\/www.info-algerie.com\/actualites\/messahel-sentretient-a-amman-avec-son-homologue-jordanien-ayman-safadi\/#primaryimage"},"image":{"@id":"https:\/\/www.info-algerie.com\/actualites\/messahel-sentretient-a-amman-avec-son-homologue-jordanien-ayman-safadi\/#primaryimage"},"thumbnailUrl":"https:\/\/www.info-algerie.com\/actualites\/wp-content\/uploads\/2017\/08\/a1e0b1e95b81f221931074122c2b68f7_S-1.jpg","datePublished":"2017-08-08T10:18:36+00:00","breadcrumb":{"@id":"https:\/\/www.info-algerie.com\/actualites\/messahel-sentretient-a-amman-avec-son-homologue-jordanien-ayman-safadi\/#breadcrumb"},"inLanguage":"fr-FR","potentialAction":[{"@type":"ReadAction","target":["https:\/\/www.info-algerie.com\/actualites\/messahel-sentretient-a-amman-avec-son-homologue-jordanien-ayman-safadi\/"]}]},{"@type":"ImageObject","inLanguage":"fr-FR","@id":"https:\/\/www.info-algerie.com\/actualites\/messahel-sentretient-a-amman-avec-son-homologue-jordanien-ayman-safadi\/#primaryimage","url":"https:\/\/www.info-algerie.com\/actualites\/wp-content\/uploads\/2017\/08\/a1e0b1e95b81f221931074122c2b68f7_S-1.jpg","contentUrl":"https:\/\/www.info-algerie.com\/actualites\/wp-content\/uploads\/2017\/08\/a1e0b1e95b81f221931074122c2b68f7_S-1.jpg","width":280,"height":166},{"@type":"BreadcrumbList","@id":"https:\/\/www.info-algerie.com\/actualites\/messahel-sentretient-a-amman-avec-son-homologue-jordanien-ayman-safadi\/#breadcrumb","itemListElement":[{"@type":"ListItem","position":1,"name":"Accueil","item":"https:\/\/www.info-algerie.com\/actualites\/"},{"@type":"ListItem","position":2,"name":"Messahel s\u2019entretient \u00e0 Amman avec son homologue jordanien Ayman Safadi"}]},{"@type":"WebSite","@id":"https:\/\/www.info-algerie.com\/actualites\/#website","url":"https:\/\/www.info-algerie.com\/actualites\/","name":"info algerie","description":"Toutes les actualit\u00e9s","publisher":{"@id":"https:\/\/www.info-algerie.com\/actualites\/#organization"},"potentialAction":[{"@type":"SearchAction","target":{"@type":"EntryPoint","urlTemplate":"https:\/\/www.info-algerie.com\/actualites\/?s={search_term_string}"},"query-input":{"@type":"PropertyValueSpecification","valueRequired":true,"valueName":"search_term_string"}}],"inLanguage":"fr-FR"},{"@type":"Organization","@id":"https:\/\/www.info-algerie.com\/actualites\/#organization","name":"info algerie","url":"https:\/\/www.info-algerie.com\/actualites\/","logo":{"@type":"ImageObject","inLanguage":"fr-FR","@id":"https:\/\/www.info-algerie.com\/actualites\/#\/schema\/logo\/image\/","url":"https:\/\/www.info-algerie.com\/actualites\/wp-content\/uploads\/2022\/07\/logo-ia-120.png","contentUrl":"https:\/\/www.info-algerie.com\/actualites\/wp-content\/uploads\/2022\/07\/logo-ia-120.png","width":120,"height":43,"caption":"info algerie"},"image":{"@id":"https:\/\/www.info-algerie.com\/actualites\/#\/schema\/logo\/image\/"},"sameAs":["https:\/\/www.facebook.com\/infoalgerieactu","https:\/\/x.com\/infoalgerie1"]},{"@type":"Person","@id":"https:\/\/www.info-algerie.com\/actualites\/#\/schema\/person\/847aaec44920825b843a08f30ec6aa1e","name":"La r\u00e9daction","image":{"@type":"ImageObject","inLanguage":"fr-FR","@id":"https:\/\/secure.gravatar.com\/avatar\/769db425c6f465158149f1ffd6cf61ce7a8a879d11dfbef8288af36dfddd418c?s=96&d=mm&r=g","url":"https:\/\/secure.gravatar.com\/avatar\/769db425c6f465158149f1ffd6cf61ce7a8a879d11dfbef8288af36dfddd418c?s=96&d=mm&r=g","contentUrl":"https:\/\/secure.gravatar.com\/avatar\/769db425c6f465158149f1ffd6cf61ce7a8a879d11dfbef8288af36dfddd418c?s=96&d=mm&r=g","caption":"La r\u00e9daction"},"sameAs":["http:\/\/www.lkeria.com\/"],"url":"https:\/\/www.info-algerie.com\/actualites\/author\/chakib32\/"}]}},"_links":{"self":[{"href":"https:\/\/www.info-algerie.com\/actualites\/wp-json\/wp\/v2\/posts\/14849","targetHints":{"allow":["GET"]}}],"collection":[{"href":"https:\/\/www.info-algerie.com\/actualites\/wp-json\/wp\/v2\/posts"}],"about":[{"href":"https:\/\/www.info-algerie.com\/actualites\/wp-json\/wp\/v2\/types\/post"}],"author":[{"embeddable":true,"href":"https:\/\/www.info-algerie.com\/actualites\/wp-json\/wp\/v2\/users\/6"}],"replies":[{"embeddable":true,"href":"https:\/\/www.info-algerie.com\/actualites\/wp-json\/wp\/v2\/comments?post=14849"}],"version-history":[{"count":0,"href":"https:\/\/www.info-algerie.com\/actualites\/wp-json\/wp\/v2\/posts\/14849\/revisions"}],"wp:featuredmedia":[{"embeddable":true,"href":"https:\/\/www.info-algerie.com\/actualites\/wp-json\/wp\/v2\/media\/14850"}],"wp:attachment":[{"href":"https:\/\/www.info-algerie.com\/actualites\/wp-json\/wp\/v2\/media?parent=14849"}],"wp:term":[{"taxonomy":"category","embeddable":true,"href":"https:\/\/www.info-algerie.com\/actualites\/wp-json\/wp\/v2\/categories?post=14849"},{"taxonomy":"post_tag","embeddable":true,"href":"https:\/\/www.info-algerie.com\/actualites\/wp-json\/wp\/v2\/tags?post=14849"}],"curies":[{"name":"wp","href":"https:\/\/api.w.org\/{rel}","templated":true}]}}