{"id":14856,"date":"2017-08-09T10:06:05","date_gmt":"2017-08-09T09:06:05","guid":{"rendered":"http:\/\/www.info-algerie.com\/actualites\/algerie-hongrie-reactiver-le-role-du-groupe-parlementaire-damitie-depute\/"},"modified":"2017-08-09T10:06:05","modified_gmt":"2017-08-09T09:06:05","slug":"algerie-hongrie-reactiver-le-role-du-groupe-parlementaire-damitie-depute","status":"publish","type":"post","link":"https:\/\/www.info-algerie.com\/actualites\/algerie-hongrie-reactiver-le-role-du-groupe-parlementaire-damitie-depute\/","title":{"rendered":"Alg\u00e9rie-Hongrie: r\u00e9activer le r\u00f4le du groupe parlementaire d&#039;amiti\u00e9 (d\u00e9put\u00e9)"},"content":{"rendered":"<div class=\"K2FeedImage\"><img decoding=\"async\" src=\"https:\/\/www.info-algerie.com\/actualites\/wp-content\/uploads\/2017\/08\/2f399bfd453ba96c76011802e6891092_S.jpg\" alt=\"Alg&#xE9;rie-Hongrie: r&#xE9;activer le r&#xF4;le du groupe parlementaire d'amiti&#xE9; (d&#xE9;put&#xE9;)\" \/><\/div>\n<div class=\"K2FeedIntroText\">\n<p class=\"MsoNormal\">ALGER &#8211; Le pr\u00e9sident de la Commission des affaires \u00e9trang\u00e8res, de la coop\u00e9ration et de la communaut\u00e9 \u00e0 l&rsquo;Assembl\u00e9e populaire nationale (APN), Abdelhamid Si Afif, a mis l&rsquo;accent sur la n\u00e9cessit\u00e9 de r\u00e9activer \u00ab\u00a0le r\u00f4le du groupe parlementaire d&rsquo;amiti\u00e9 alg\u00e9ro-hongroise et de renforcer le dialogue entre parlementaires et l&rsquo;\u00e9change de visites en vue de rapprocher les vues sur les questions d&rsquo;int\u00e9r\u00eat commun, indique mardi l&rsquo;APN dans un communiqu\u00e9.<\/p>\n<p>&#013;\n<\/p><\/div>\n<div class=\"K2FeedFullText\">&#013;<\/p>\n<p class=\"MsoNormal\">\u00a0Lors de l&rsquo;audience qu&rsquo;il a accord\u00e9e \u00e0 l&rsquo;ambassadeur de la Hongrie en Alg\u00e9rie, Mme. Helga Katalin Pritz, M. Si Anif a rappel\u00e9 es \u00ab\u00a0bonnes\u00a0\u00bb relations historiques qui lient les deux pays depuis des d\u00e9cennies,soulignant l&rsquo;attachement constant de l&rsquo;Alg\u00e9rie de \u00ab\u00a0hisser\u00a0\u00bb les relations bilat\u00e9rales \u00e0 \u00ab\u00a0un haut\u00a0\u00bb niveau de coop\u00e9ration au mieux des int\u00e9r\u00eats des deux pays et peuples dans diff\u00e9rents domaines.\u00a0<\/p>\n<p>&#013;<\/p>\n<p class=\"MsoNormal\">A cet effet, il a appel\u00e9 \u00e0 donner \u00ab\u00a0une impulsion \u00e0 la diplomatie parlementaire\u00a0\u00bb \u00e0 travers l&rsquo;activation du r\u00f4le du groupe parlementaire d&rsquo;amiti\u00e9, le renforcement du dialogue entre parlementaires et l&rsquo;\u00e9change de visites pour rapprocher les vues sur les questions d&rsquo;int\u00e9r\u00eat commun et les moyens de les promouvoir.<\/p>\n<p>&#013;<\/p>\n<p class=\"MsoNormal\">Lors de cette audience, M. Si Afif a donn\u00e9 un aper\u00e7u de la nouvelle composition de l&rsquo;APN dans sa 8\u00e8me l\u00e9gislature \u00e9voquant les r\u00e9formes politiques, \u00e9conomiques et sociales initi\u00e9es par l&rsquo;Alg\u00e9rie sous la sage conduite de son excellence le pr\u00e9sident de la R\u00e9publique, Abdelaziz\u00a0 Bouteflika, lesquelles ont permis \u00e0 l&rsquo;Alg\u00e9rie d&rsquo;occuper une place pionni\u00e8re\u00a0 dans plusieurs domaines, soulignant notamment l&rsquo;exp\u00e9rience \u00ab\u00a0avant-gardiste\u00a0\u00bb\u00a0 de l&rsquo;Alg\u00e9rie en mati\u00e8re de consolidation des droits politiques et d&rsquo;acc\u00e9s\u00a0 de la femme \u00e0 une place de choix.<\/p>\n<p>&#013;<\/p>\n<p class=\"MsoNormal\">De son c\u00f4t\u00e9, l&rsquo;ambassadeur de la Hongrie a mis en avant la volont\u00e9 de son\u00a0 pays de promouvoir sa coop\u00e9ration, dans tous les domaines, avec l&rsquo;Alg\u00e9rie en tat que pays \u00ab\u00a0ami et partenaire strat\u00e9gique\u00a0\u00bb auquel la Hongrie accorde\u00a0 un grand int\u00e9r\u00eat au vu de son poids et sa place, saluant le r\u00f4le important\u00a0 de l&rsquo;Al\u00e9geie dans la pr\u00e9servation de la s\u00e9curit\u00e9 et de la stabilit\u00e9 dans le\u00a0 Maghreb arabe, la r\u00e9gion du Sahel et le bassin de la M\u00e9diterran\u00e9e.<\/p>\n<p>&#013;<\/p>\n<p class=\"MsoNormal\">Les d\u00e9fis auxquels font face tous les pays de la r\u00e9gion requi\u00e8rent une\u00a0 grande coordination et collaboration entre les deux pays, a-t-elle estim\u00e9.<\/p>\n<p>&#013;<\/p>\n<p class=\"MsoNormal\">La diplomate hongroise a valoris\u00e9 de r\u00f4le diplomatique parlementaire dans\u00a0 \u00ab\u00a0la promotion des relations\u00a0\u00bb entre les peuples et les nations eu \u00e9gard \u00e0 sa\u00a0 flexibilit\u00e9 et ses avantages, appelant les parlementaires des deux pays \u00e0 intensifier l&rsquo;\u00e9change et les visites et a trac\u00e9 des programmes communs.<\/p>\n<p>&#013;<\/p>\n<p class=\"MsoNormal\">Elle s&rsquo;est f\u00e9licit\u00e9 \u00e9galement de l&rsquo;\u00e9volution des relations entre la\u00a0 Hongrie et l&rsquo;Alg\u00e9rie, estimant qu&rsquo;elles doivent tre renforc\u00e9es davantage \u00e0 l&rsquo;avenir.<\/p>\n<p>&#013;<\/p>\n<p><span style=\"font-size: 11.0pt;line-height: 115%;font-family: 'Calibri','sans-serif'\">Elle a exprim\u00e9 en fin l&rsquo;attachement de son pays \u00e0 \u00ab\u00a0d\u00e9velopper et\u00a0 accro\u00eetre\u00a0\u00bb la coop\u00e9ration bilat\u00e9rale avec l&rsquo;Alg\u00e9rie pour englober d&rsquo;autres\u00a0 domaines.<\/span><\/p>\n<p>&#013;<\/p>\n<p>\u00a0<\/p>\n<\/div>\n<p>&#013;<br \/>\nSource: <a href=\"http:\/\/www.aps.dz\/algerie\/61558-algerie-hongrie-reactiver-le-role-du-groupe-parlementaire-d-amitie-depute\" target=\"_blank\">Alg\u00e9rie-Hongrie: r\u00e9activer le r\u00f4le du groupe parlementaire d&rsquo;amiti\u00e9 (d\u00e9put\u00e9)<\/a><\/p>\n<!--CusAds0-->\n<div style=\"font-size: 0px; height: 0px; line-height: 0px; margin: 0; padding: 0; clear: both;\"><\/div>","protected":false},"excerpt":{"rendered":"<p>ALGER &#8211; Le pr\u00e9sident de la Commission des affaires \u00e9trang\u00e8res, de la coop\u00e9ration et de la communaut\u00e9 \u00e0 l&rsquo;Assembl\u00e9e populaire nationale (APN), Abdelhamid Si Afif, a mis l&rsquo;accent sur la n\u00e9cessit\u00e9 de r\u00e9activer \u00ab\u00a0le r\u00f4le du groupe parlementaire d&rsquo;amiti\u00e9 alg\u00e9ro-hongroise et de renforcer le dialogue entre parlementaires et l&rsquo;\u00e9change de visites en vue de rapprocher<\/p>\n","protected":false},"author":6,"featured_media":14857,"comment_status":"open","ping_status":"open","sticky":false,"template":"","format":"standard","meta":{"footnotes":""},"categories":[22],"tags":[93],"class_list":["post-14856","post","type-post","status-publish","format-standard","has-post-thumbnail","hentry","category-infos","tag-onu"],"yoast_head":"<!-- This site is optimized with the Yoast SEO plugin v27.5 - https:\/\/yoast.com\/product\/yoast-seo-wordpress\/ -->\n<title>Alg\u00e9rie-Hongrie: r\u00e9activer le r\u00f4le du groupe parlementaire d&#039;amiti\u00e9 (d\u00e9put\u00e9) - info algerie<\/title>\n<meta name=\"robots\" content=\"index, follow, max-snippet:-1, max-image-preview:large, max-video-preview:-1\" \/>\n<link rel=\"canonical\" href=\"https:\/\/www.info-algerie.com\/actualites\/algerie-hongrie-reactiver-le-role-du-groupe-parlementaire-damitie-depute\/\" \/>\n<meta property=\"og:locale\" content=\"fr_FR\" \/>\n<meta property=\"og:type\" content=\"article\" \/>\n<meta property=\"og:title\" content=\"Alg\u00e9rie-Hongrie: r\u00e9activer le r\u00f4le du groupe parlementaire d&#039;amiti\u00e9 (d\u00e9put\u00e9) - info algerie\" \/>\n<meta property=\"og:description\" content=\"ALGER &#8211; Le pr\u00e9sident de la Commission des affaires \u00e9trang\u00e8res, de la coop\u00e9ration et de la communaut\u00e9 \u00e0 l&rsquo;Assembl\u00e9e populaire nationale (APN), Abdelhamid Si Afif, a mis l&rsquo;accent sur la n\u00e9cessit\u00e9 de r\u00e9activer \u00ab\u00a0le r\u00f4le du groupe parlementaire d&rsquo;amiti\u00e9 alg\u00e9ro-hongroise et de renforcer le dialogue entre parlementaires et l&rsquo;\u00e9change de visites en vue de rapprocher\" \/>\n<meta property=\"og:url\" content=\"https:\/\/www.info-algerie.com\/actualites\/algerie-hongrie-reactiver-le-role-du-groupe-parlementaire-damitie-depute\/\" \/>\n<meta property=\"og:site_name\" content=\"info algerie\" \/>\n<meta property=\"article:publisher\" content=\"https:\/\/www.facebook.com\/infoalgerieactu\" \/>\n<meta property=\"article:published_time\" content=\"2017-08-09T09:06:05+00:00\" \/>\n<meta property=\"og:image\" content=\"https:\/\/www.info-algerie.com\/actualites\/wp-content\/uploads\/2017\/08\/2f399bfd453ba96c76011802e6891092_S-1.jpg\" \/>\n\t<meta property=\"og:image:width\" content=\"280\" \/>\n\t<meta property=\"og:image:height\" content=\"169\" \/>\n\t<meta property=\"og:image:type\" content=\"image\/jpeg\" \/>\n<meta name=\"author\" content=\"La r\u00e9daction\" \/>\n<meta name=\"twitter:label1\" content=\"\u00c9crit par\" \/>\n\t<meta name=\"twitter:data1\" content=\"La r\u00e9daction\" \/>\n\t<meta name=\"twitter:label2\" content=\"Dur\u00e9e de lecture estim\u00e9e\" \/>\n\t<meta name=\"twitter:data2\" content=\"3 minutes\" \/>\n<script type=\"application\/ld+json\" class=\"yoast-schema-graph\">{\"@context\":\"https:\\\/\\\/schema.org\",\"@graph\":[{\"@type\":\"Article\",\"@id\":\"https:\\\/\\\/www.info-algerie.com\\\/actualites\\\/algerie-hongrie-reactiver-le-role-du-groupe-parlementaire-damitie-depute\\\/#article\",\"isPartOf\":{\"@id\":\"https:\\\/\\\/www.info-algerie.com\\\/actualites\\\/algerie-hongrie-reactiver-le-role-du-groupe-parlementaire-damitie-depute\\\/\"},\"author\":{\"name\":\"La r\u00e9daction\",\"@id\":\"https:\\\/\\\/www.info-algerie.com\\\/actualites\\\/#\\\/schema\\\/person\\\/847aaec44920825b843a08f30ec6aa1e\"},\"headline\":\"Alg\u00e9rie-Hongrie: r\u00e9activer le r\u00f4le du groupe parlementaire d&#039;amiti\u00e9 (d\u00e9put\u00e9)\",\"datePublished\":\"2017-08-09T09:06:05+00:00\",\"mainEntityOfPage\":{\"@id\":\"https:\\\/\\\/www.info-algerie.com\\\/actualites\\\/algerie-hongrie-reactiver-le-role-du-groupe-parlementaire-damitie-depute\\\/\"},\"wordCount\":560,\"commentCount\":0,\"publisher\":{\"@id\":\"https:\\\/\\\/www.info-algerie.com\\\/actualites\\\/#organization\"},\"image\":{\"@id\":\"https:\\\/\\\/www.info-algerie.com\\\/actualites\\\/algerie-hongrie-reactiver-le-role-du-groupe-parlementaire-damitie-depute\\\/#primaryimage\"},\"thumbnailUrl\":\"https:\\\/\\\/www.info-algerie.com\\\/actualites\\\/wp-content\\\/uploads\\\/2017\\\/08\\\/2f399bfd453ba96c76011802e6891092_S-1.jpg\",\"keywords\":[\"ONU\"],\"articleSection\":[\"infos\"],\"inLanguage\":\"fr-FR\",\"potentialAction\":[{\"@type\":\"CommentAction\",\"name\":\"Comment\",\"target\":[\"https:\\\/\\\/www.info-algerie.com\\\/actualites\\\/algerie-hongrie-reactiver-le-role-du-groupe-parlementaire-damitie-depute\\\/#respond\"]}]},{\"@type\":\"WebPage\",\"@id\":\"https:\\\/\\\/www.info-algerie.com\\\/actualites\\\/algerie-hongrie-reactiver-le-role-du-groupe-parlementaire-damitie-depute\\\/\",\"url\":\"https:\\\/\\\/www.info-algerie.com\\\/actualites\\\/algerie-hongrie-reactiver-le-role-du-groupe-parlementaire-damitie-depute\\\/\",\"name\":\"Alg\u00e9rie-Hongrie: r\u00e9activer le r\u00f4le du groupe parlementaire d&#039;amiti\u00e9 (d\u00e9put\u00e9) - info algerie\",\"isPartOf\":{\"@id\":\"https:\\\/\\\/www.info-algerie.com\\\/actualites\\\/#website\"},\"primaryImageOfPage\":{\"@id\":\"https:\\\/\\\/www.info-algerie.com\\\/actualites\\\/algerie-hongrie-reactiver-le-role-du-groupe-parlementaire-damitie-depute\\\/#primaryimage\"},\"image\":{\"@id\":\"https:\\\/\\\/www.info-algerie.com\\\/actualites\\\/algerie-hongrie-reactiver-le-role-du-groupe-parlementaire-damitie-depute\\\/#primaryimage\"},\"thumbnailUrl\":\"https:\\\/\\\/www.info-algerie.com\\\/actualites\\\/wp-content\\\/uploads\\\/2017\\\/08\\\/2f399bfd453ba96c76011802e6891092_S-1.jpg\",\"datePublished\":\"2017-08-09T09:06:05+00:00\",\"breadcrumb\":{\"@id\":\"https:\\\/\\\/www.info-algerie.com\\\/actualites\\\/algerie-hongrie-reactiver-le-role-du-groupe-parlementaire-damitie-depute\\\/#breadcrumb\"},\"inLanguage\":\"fr-FR\",\"potentialAction\":[{\"@type\":\"ReadAction\",\"target\":[\"https:\\\/\\\/www.info-algerie.com\\\/actualites\\\/algerie-hongrie-reactiver-le-role-du-groupe-parlementaire-damitie-depute\\\/\"]}]},{\"@type\":\"ImageObject\",\"inLanguage\":\"fr-FR\",\"@id\":\"https:\\\/\\\/www.info-algerie.com\\\/actualites\\\/algerie-hongrie-reactiver-le-role-du-groupe-parlementaire-damitie-depute\\\/#primaryimage\",\"url\":\"https:\\\/\\\/www.info-algerie.com\\\/actualites\\\/wp-content\\\/uploads\\\/2017\\\/08\\\/2f399bfd453ba96c76011802e6891092_S-1.jpg\",\"contentUrl\":\"https:\\\/\\\/www.info-algerie.com\\\/actualites\\\/wp-content\\\/uploads\\\/2017\\\/08\\\/2f399bfd453ba96c76011802e6891092_S-1.jpg\",\"width\":280,\"height\":169},{\"@type\":\"BreadcrumbList\",\"@id\":\"https:\\\/\\\/www.info-algerie.com\\\/actualites\\\/algerie-hongrie-reactiver-le-role-du-groupe-parlementaire-damitie-depute\\\/#breadcrumb\",\"itemListElement\":[{\"@type\":\"ListItem\",\"position\":1,\"name\":\"Accueil\",\"item\":\"https:\\\/\\\/www.info-algerie.com\\\/actualites\\\/\"},{\"@type\":\"ListItem\",\"position\":2,\"name\":\"Alg\u00e9rie-Hongrie: r\u00e9activer le r\u00f4le du groupe parlementaire d&#039;amiti\u00e9 (d\u00e9put\u00e9)\"}]},{\"@type\":\"WebSite\",\"@id\":\"https:\\\/\\\/www.info-algerie.com\\\/actualites\\\/#website\",\"url\":\"https:\\\/\\\/www.info-algerie.com\\\/actualites\\\/\",\"name\":\"info algerie\",\"description\":\"Toutes les actualit\u00e9s\",\"publisher\":{\"@id\":\"https:\\\/\\\/www.info-algerie.com\\\/actualites\\\/#organization\"},\"potentialAction\":[{\"@type\":\"SearchAction\",\"target\":{\"@type\":\"EntryPoint\",\"urlTemplate\":\"https:\\\/\\\/www.info-algerie.com\\\/actualites\\\/?s={search_term_string}\"},\"query-input\":{\"@type\":\"PropertyValueSpecification\",\"valueRequired\":true,\"valueName\":\"search_term_string\"}}],\"inLanguage\":\"fr-FR\"},{\"@type\":\"Organization\",\"@id\":\"https:\\\/\\\/www.info-algerie.com\\\/actualites\\\/#organization\",\"name\":\"info algerie\",\"url\":\"https:\\\/\\\/www.info-algerie.com\\\/actualites\\\/\",\"logo\":{\"@type\":\"ImageObject\",\"inLanguage\":\"fr-FR\",\"@id\":\"https:\\\/\\\/www.info-algerie.com\\\/actualites\\\/#\\\/schema\\\/logo\\\/image\\\/\",\"url\":\"https:\\\/\\\/www.info-algerie.com\\\/actualites\\\/wp-content\\\/uploads\\\/2022\\\/07\\\/logo-ia-120.png\",\"contentUrl\":\"https:\\\/\\\/www.info-algerie.com\\\/actualites\\\/wp-content\\\/uploads\\\/2022\\\/07\\\/logo-ia-120.png\",\"width\":120,\"height\":43,\"caption\":\"info algerie\"},\"image\":{\"@id\":\"https:\\\/\\\/www.info-algerie.com\\\/actualites\\\/#\\\/schema\\\/logo\\\/image\\\/\"},\"sameAs\":[\"https:\\\/\\\/www.facebook.com\\\/infoalgerieactu\",\"https:\\\/\\\/x.com\\\/infoalgerie1\"]},{\"@type\":\"Person\",\"@id\":\"https:\\\/\\\/www.info-algerie.com\\\/actualites\\\/#\\\/schema\\\/person\\\/847aaec44920825b843a08f30ec6aa1e\",\"name\":\"La r\u00e9daction\",\"image\":{\"@type\":\"ImageObject\",\"inLanguage\":\"fr-FR\",\"@id\":\"https:\\\/\\\/secure.gravatar.com\\\/avatar\\\/769db425c6f465158149f1ffd6cf61ce7a8a879d11dfbef8288af36dfddd418c?s=96&d=mm&r=g\",\"url\":\"https:\\\/\\\/secure.gravatar.com\\\/avatar\\\/769db425c6f465158149f1ffd6cf61ce7a8a879d11dfbef8288af36dfddd418c?s=96&d=mm&r=g\",\"contentUrl\":\"https:\\\/\\\/secure.gravatar.com\\\/avatar\\\/769db425c6f465158149f1ffd6cf61ce7a8a879d11dfbef8288af36dfddd418c?s=96&d=mm&r=g\",\"caption\":\"La r\u00e9daction\"},\"sameAs\":[\"http:\\\/\\\/www.lkeria.com\\\/\"],\"url\":\"https:\\\/\\\/www.info-algerie.com\\\/actualites\\\/author\\\/chakib32\\\/\"}]}<\/script>\n<!-- \/ Yoast SEO plugin. -->","yoast_head_json":{"title":"Alg\u00e9rie-Hongrie: r\u00e9activer le r\u00f4le du groupe parlementaire d&#039;amiti\u00e9 (d\u00e9put\u00e9) - info algerie","robots":{"index":"index","follow":"follow","max-snippet":"max-snippet:-1","max-image-preview":"max-image-preview:large","max-video-preview":"max-video-preview:-1"},"canonical":"https:\/\/www.info-algerie.com\/actualites\/algerie-hongrie-reactiver-le-role-du-groupe-parlementaire-damitie-depute\/","og_locale":"fr_FR","og_type":"article","og_title":"Alg\u00e9rie-Hongrie: r\u00e9activer le r\u00f4le du groupe parlementaire d&#039;amiti\u00e9 (d\u00e9put\u00e9) - info algerie","og_description":"ALGER &#8211; Le pr\u00e9sident de la Commission des affaires \u00e9trang\u00e8res, de la coop\u00e9ration et de la communaut\u00e9 \u00e0 l&rsquo;Assembl\u00e9e populaire nationale (APN), Abdelhamid Si Afif, a mis l&rsquo;accent sur la n\u00e9cessit\u00e9 de r\u00e9activer \u00ab\u00a0le r\u00f4le du groupe parlementaire d&rsquo;amiti\u00e9 alg\u00e9ro-hongroise et de renforcer le dialogue entre parlementaires et l&rsquo;\u00e9change de visites en vue de rapprocher","og_url":"https:\/\/www.info-algerie.com\/actualites\/algerie-hongrie-reactiver-le-role-du-groupe-parlementaire-damitie-depute\/","og_site_name":"info algerie","article_publisher":"https:\/\/www.facebook.com\/infoalgerieactu","article_published_time":"2017-08-09T09:06:05+00:00","og_image":[{"width":280,"height":169,"url":"https:\/\/www.info-algerie.com\/actualites\/wp-content\/uploads\/2017\/08\/2f399bfd453ba96c76011802e6891092_S-1.jpg","type":"image\/jpeg"}],"author":"La r\u00e9daction","twitter_misc":{"\u00c9crit par":"La r\u00e9daction","Dur\u00e9e de lecture estim\u00e9e":"3 minutes"},"schema":{"@context":"https:\/\/schema.org","@graph":[{"@type":"Article","@id":"https:\/\/www.info-algerie.com\/actualites\/algerie-hongrie-reactiver-le-role-du-groupe-parlementaire-damitie-depute\/#article","isPartOf":{"@id":"https:\/\/www.info-algerie.com\/actualites\/algerie-hongrie-reactiver-le-role-du-groupe-parlementaire-damitie-depute\/"},"author":{"name":"La r\u00e9daction","@id":"https:\/\/www.info-algerie.com\/actualites\/#\/schema\/person\/847aaec44920825b843a08f30ec6aa1e"},"headline":"Alg\u00e9rie-Hongrie: r\u00e9activer le r\u00f4le du groupe parlementaire d&#039;amiti\u00e9 (d\u00e9put\u00e9)","datePublished":"2017-08-09T09:06:05+00:00","mainEntityOfPage":{"@id":"https:\/\/www.info-algerie.com\/actualites\/algerie-hongrie-reactiver-le-role-du-groupe-parlementaire-damitie-depute\/"},"wordCount":560,"commentCount":0,"publisher":{"@id":"https:\/\/www.info-algerie.com\/actualites\/#organization"},"image":{"@id":"https:\/\/www.info-algerie.com\/actualites\/algerie-hongrie-reactiver-le-role-du-groupe-parlementaire-damitie-depute\/#primaryimage"},"thumbnailUrl":"https:\/\/www.info-algerie.com\/actualites\/wp-content\/uploads\/2017\/08\/2f399bfd453ba96c76011802e6891092_S-1.jpg","keywords":["ONU"],"articleSection":["infos"],"inLanguage":"fr-FR","potentialAction":[{"@type":"CommentAction","name":"Comment","target":["https:\/\/www.info-algerie.com\/actualites\/algerie-hongrie-reactiver-le-role-du-groupe-parlementaire-damitie-depute\/#respond"]}]},{"@type":"WebPage","@id":"https:\/\/www.info-algerie.com\/actualites\/algerie-hongrie-reactiver-le-role-du-groupe-parlementaire-damitie-depute\/","url":"https:\/\/www.info-algerie.com\/actualites\/algerie-hongrie-reactiver-le-role-du-groupe-parlementaire-damitie-depute\/","name":"Alg\u00e9rie-Hongrie: r\u00e9activer le r\u00f4le du groupe parlementaire d&#039;amiti\u00e9 (d\u00e9put\u00e9) - info algerie","isPartOf":{"@id":"https:\/\/www.info-algerie.com\/actualites\/#website"},"primaryImageOfPage":{"@id":"https:\/\/www.info-algerie.com\/actualites\/algerie-hongrie-reactiver-le-role-du-groupe-parlementaire-damitie-depute\/#primaryimage"},"image":{"@id":"https:\/\/www.info-algerie.com\/actualites\/algerie-hongrie-reactiver-le-role-du-groupe-parlementaire-damitie-depute\/#primaryimage"},"thumbnailUrl":"https:\/\/www.info-algerie.com\/actualites\/wp-content\/uploads\/2017\/08\/2f399bfd453ba96c76011802e6891092_S-1.jpg","datePublished":"2017-08-09T09:06:05+00:00","breadcrumb":{"@id":"https:\/\/www.info-algerie.com\/actualites\/algerie-hongrie-reactiver-le-role-du-groupe-parlementaire-damitie-depute\/#breadcrumb"},"inLanguage":"fr-FR","potentialAction":[{"@type":"ReadAction","target":["https:\/\/www.info-algerie.com\/actualites\/algerie-hongrie-reactiver-le-role-du-groupe-parlementaire-damitie-depute\/"]}]},{"@type":"ImageObject","inLanguage":"fr-FR","@id":"https:\/\/www.info-algerie.com\/actualites\/algerie-hongrie-reactiver-le-role-du-groupe-parlementaire-damitie-depute\/#primaryimage","url":"https:\/\/www.info-algerie.com\/actualites\/wp-content\/uploads\/2017\/08\/2f399bfd453ba96c76011802e6891092_S-1.jpg","contentUrl":"https:\/\/www.info-algerie.com\/actualites\/wp-content\/uploads\/2017\/08\/2f399bfd453ba96c76011802e6891092_S-1.jpg","width":280,"height":169},{"@type":"BreadcrumbList","@id":"https:\/\/www.info-algerie.com\/actualites\/algerie-hongrie-reactiver-le-role-du-groupe-parlementaire-damitie-depute\/#breadcrumb","itemListElement":[{"@type":"ListItem","position":1,"name":"Accueil","item":"https:\/\/www.info-algerie.com\/actualites\/"},{"@type":"ListItem","position":2,"name":"Alg\u00e9rie-Hongrie: r\u00e9activer le r\u00f4le du groupe parlementaire d&#039;amiti\u00e9 (d\u00e9put\u00e9)"}]},{"@type":"WebSite","@id":"https:\/\/www.info-algerie.com\/actualites\/#website","url":"https:\/\/www.info-algerie.com\/actualites\/","name":"info algerie","description":"Toutes les actualit\u00e9s","publisher":{"@id":"https:\/\/www.info-algerie.com\/actualites\/#organization"},"potentialAction":[{"@type":"SearchAction","target":{"@type":"EntryPoint","urlTemplate":"https:\/\/www.info-algerie.com\/actualites\/?s={search_term_string}"},"query-input":{"@type":"PropertyValueSpecification","valueRequired":true,"valueName":"search_term_string"}}],"inLanguage":"fr-FR"},{"@type":"Organization","@id":"https:\/\/www.info-algerie.com\/actualites\/#organization","name":"info algerie","url":"https:\/\/www.info-algerie.com\/actualites\/","logo":{"@type":"ImageObject","inLanguage":"fr-FR","@id":"https:\/\/www.info-algerie.com\/actualites\/#\/schema\/logo\/image\/","url":"https:\/\/www.info-algerie.com\/actualites\/wp-content\/uploads\/2022\/07\/logo-ia-120.png","contentUrl":"https:\/\/www.info-algerie.com\/actualites\/wp-content\/uploads\/2022\/07\/logo-ia-120.png","width":120,"height":43,"caption":"info algerie"},"image":{"@id":"https:\/\/www.info-algerie.com\/actualites\/#\/schema\/logo\/image\/"},"sameAs":["https:\/\/www.facebook.com\/infoalgerieactu","https:\/\/x.com\/infoalgerie1"]},{"@type":"Person","@id":"https:\/\/www.info-algerie.com\/actualites\/#\/schema\/person\/847aaec44920825b843a08f30ec6aa1e","name":"La r\u00e9daction","image":{"@type":"ImageObject","inLanguage":"fr-FR","@id":"https:\/\/secure.gravatar.com\/avatar\/769db425c6f465158149f1ffd6cf61ce7a8a879d11dfbef8288af36dfddd418c?s=96&d=mm&r=g","url":"https:\/\/secure.gravatar.com\/avatar\/769db425c6f465158149f1ffd6cf61ce7a8a879d11dfbef8288af36dfddd418c?s=96&d=mm&r=g","contentUrl":"https:\/\/secure.gravatar.com\/avatar\/769db425c6f465158149f1ffd6cf61ce7a8a879d11dfbef8288af36dfddd418c?s=96&d=mm&r=g","caption":"La r\u00e9daction"},"sameAs":["http:\/\/www.lkeria.com\/"],"url":"https:\/\/www.info-algerie.com\/actualites\/author\/chakib32\/"}]}},"_links":{"self":[{"href":"https:\/\/www.info-algerie.com\/actualites\/wp-json\/wp\/v2\/posts\/14856","targetHints":{"allow":["GET"]}}],"collection":[{"href":"https:\/\/www.info-algerie.com\/actualites\/wp-json\/wp\/v2\/posts"}],"about":[{"href":"https:\/\/www.info-algerie.com\/actualites\/wp-json\/wp\/v2\/types\/post"}],"author":[{"embeddable":true,"href":"https:\/\/www.info-algerie.com\/actualites\/wp-json\/wp\/v2\/users\/6"}],"replies":[{"embeddable":true,"href":"https:\/\/www.info-algerie.com\/actualites\/wp-json\/wp\/v2\/comments?post=14856"}],"version-history":[{"count":0,"href":"https:\/\/www.info-algerie.com\/actualites\/wp-json\/wp\/v2\/posts\/14856\/revisions"}],"wp:featuredmedia":[{"embeddable":true,"href":"https:\/\/www.info-algerie.com\/actualites\/wp-json\/wp\/v2\/media\/14857"}],"wp:attachment":[{"href":"https:\/\/www.info-algerie.com\/actualites\/wp-json\/wp\/v2\/media?parent=14856"}],"wp:term":[{"taxonomy":"category","embeddable":true,"href":"https:\/\/www.info-algerie.com\/actualites\/wp-json\/wp\/v2\/categories?post=14856"},{"taxonomy":"post_tag","embeddable":true,"href":"https:\/\/www.info-algerie.com\/actualites\/wp-json\/wp\/v2\/tags?post=14856"}],"curies":[{"name":"wp","href":"https:\/\/api.w.org\/{rel}","templated":true}]}}