{"id":14859,"date":"2017-08-09T09:39:12","date_gmt":"2017-08-09T08:39:12","guid":{"rendered":"http:\/\/www.info-algerie.com\/actualites\/m-messahel-recu-a-baghdad-par-le-premier-ministre-irakien-haidar-al-abadi\/"},"modified":"2017-08-09T09:39:12","modified_gmt":"2017-08-09T08:39:12","slug":"m-messahel-recu-a-baghdad-par-le-premier-ministre-irakien-haidar-al-abadi","status":"publish","type":"post","link":"https:\/\/www.info-algerie.com\/actualites\/m-messahel-recu-a-baghdad-par-le-premier-ministre-irakien-haidar-al-abadi\/","title":{"rendered":"M. Messahel re\u00e7u \u00e0 Baghdad par le Premier ministre irakien Haidar Al-Abadi"},"content":{"rendered":"<div class=\"K2FeedImage\"><img decoding=\"async\" src=\"https:\/\/www.info-algerie.com\/actualites\/wp-content\/uploads\/2017\/08\/907f3f8f544c4599912d010824285ade_S.jpg\" alt=\"M. Messahel re&#xE7;u &#xE0; Baghdad par le Premier ministre irakien Haidar Al-Abadi\" \/><\/div>\n<div class=\"K2FeedIntroText\">\n<p class=\"MsoNormal\">ALGER &#8211; Le ministre des Affaires \u00e9trang\u00e8res Abdelkader Messahel a \u00e9t\u00e9 re\u00e7u mardi \u00e0 Baghdad par le Premier ministre irakien Ha\u00efdar Al-Abadi, indique le minist\u00e8re des Affaires \u00e9trang\u00e8res (MAE) dans un communiqu\u00e9.<\/p>\n<p>&#013;\n<\/p><\/div>\n<div class=\"K2FeedFullText\">&#013;<\/p>\n<p class=\"MsoNormal\">L\u2019audience a port\u00e9 sur les relations bilat\u00e9rales entre l\u2019Alg\u00e9rie et l\u2019Irak et les voies et moyens de leur renforcement dans les diff\u00e9rents domaines, pr\u00e9cise la m\u00eame source, soulignant que les deux parties ont \u00e9galement pass\u00e9 en revue \u00ab\u00a0les d\u00e9fis et les menaces auxquels est confront\u00e9e la nation arabe et qui requi\u00e8rent l\u2019unit\u00e9 des rangs et la mobilisation de nos efforts pour les surmonter\u00a0\u00bb.\u00a0\u00a0<\/p>\n<p>&#013;<\/p>\n<p class=\"MsoNormal\">A cet \u00e9gard, M. Messahel a expos\u00e9 au Premier ministre irakien l\u2019exp\u00e9rience de l\u2019Alg\u00e9rie en mati\u00e8re de lutte contre le terrorisme et l\u2019extr\u00e9misme violent, ainsi que dans le domaine de la r\u00e9conciliation nationale, pr\u00e9cisant que \u00ab\u00a0de telles approches sont de nature \u00e0 sauvegarder l\u2019unit\u00e9 et la souverainet\u00e9 des pays et des peuples\u00a0\u00bb.<\/p>\n<p>&#013;<\/p>\n<p class=\"MsoNormal\">Il a, aussi, exprim\u00e9 \u00ab\u00a0la disponibilit\u00e9 de l\u2019Alg\u00e9rie \u00e0 partager cette exp\u00e9rience avec le peuple fr\u00e8re irakien en vue de contribuer aux efforts tendant \u00e0 permettre le retour de la stabilit\u00e9 et de la s\u00e9curit\u00e9 en Irak et dans la r\u00e9gion\u00a0\u00bb, note le minist\u00e8re des Affaires \u00e9trang\u00e8res.<\/p>\n<p>&#013;<\/p>\n<p class=\"MsoNormal\">M. Al-Abadi a exprim\u00e9, pour sa part, l\u2019int\u00e9r\u00eat de son pays quant au renforcement de la coop\u00e9ration dans le domaine de la lutte contre le terrorisme et l\u2019extr\u00e9misme violent, conclut le communiqu\u00e9.\u00a0<\/p>\n<p>&#013;<\/p>\n<p><span style=\"font-size: 11.0pt;line-height: 115%;font-family: 'Calibri','sans-serif'\">M. Messahel est arriv\u00e9 ce mardi \u00e0 Baghdad en provenance de Amman, dans le cadre de la tourn\u00e9e dans le monde arabe qu\u2019il m\u00e8ne sur instruction du pr\u00e9sident de la R\u00e9publique, rappelle-t-on.<\/span><\/p>\n<p>&#013;<\/p>\n<p>\u00a0<\/p>\n<p>&#013;<\/p>\n<p><strong>M. Messahel s\u2019entretient avec son homologue Irakien\u00a0 <\/strong><\/p>\n<p>&#013;<\/p>\n<p class=\"MsoNormal\">\u00a0<\/p>\n<p>&#013;<\/p>\n<p class=\"MsoNormal\">Le ministre des Affaires Etrang\u00e8res, Abdelkader Messahel, s\u2019est entretenu, mardi, avec son homologue\u00a0 Irakien Ibrahim Al-Jaafari, indique un communiqu\u00e9 du minist\u00e8re.<\/p>\n<p>&#013;<\/p>\n<p class=\"MsoNormal\">Les deux ministres ont pass\u00e9 en revue l\u2019\u00e9tat des relations bilat\u00e9rales et\u00a0 les voies et moyens \u00e0 m\u00eame de permettre leur renforcement. La rencontre a,\u00a0 \u00e9galement, port\u00e9 sur certaines questions r\u00e9gionales et internationales\u00a0 d\u2019int\u00e9r\u00eat commun, pr\u00e9cise le communiqu\u00e9.<\/p>\n<p>&#013;<\/p>\n<p class=\"MsoNormal\">A cet \u00e9gard, les deux ministres sont convenus de la n\u00e9cessit\u00e9 de favoriser\u00a0 l\u2019\u00e9mergence de solutions politiques bas\u00e9es sur le dialogue et la\u00a0 r\u00e9conciliation nationale aux crises et conflits qui affectent la r\u00e9gion, ce\u00a0 qui a permis \u00e0 M. Messahel d\u2019exposer l\u2019exp\u00e9rience alg\u00e9rienne en la mati\u00e8re.<\/p>\n<p>&#013;<\/p>\n<p class=\"MsoNormal\">Sur un autre plan et abordant la situation de la Ligue arabe, les deux\u00a0 ministres ont mis l\u2019accent sur la n\u00e9cessit\u00e9 d\u2019une r\u00e9forme de l\u2019Organisation\u00a0 panarabe en vue de l\u2019adapter aux mutations que connaissent la r\u00e9gion et le\u00a0 monde et de la mettre en position de relever les d\u00e9fis auxquels est\u00a0 confront\u00e9e la nation arabe, ajoute la m\u00eame source.<\/p>\n<p>&#013;<\/p>\n<p><span style=\"font-size: 11.0pt;line-height: 115%;font-family: 'Calibri','sans-serif'\"> <span style=\"font-size: 11pt;line-height: 115%\">Dans le cadre de la tourn\u00e9e dans le monde arabe qu\u2019il m\u00e8ne sur instruction\u00a0 de Monsieur le pr\u00e9sident de la R\u00e9publique, M. Messahel est arriv\u00e9 mardi \u00e0\u00a0 Baghdad pour une visite de travail en Irak en provenance de Amman o\u00f9 il\u00a0 avait entam\u00e9 lundi une visite de travail en Jordanie.\u00a0<\/span><\/span><\/p>\n<p>&#013;<\/p>\n<p>\u00a0<\/p>\n<\/div>\n<p>&#013;<br \/>\nSource: <a href=\"http:\/\/www.aps.dz\/algerie\/61557-m-messahel-recu-a-baghdad-par-le-premier-ministre-irakien-haidar-al-abadi\" target=\"_blank\">M. Messahel re\u00e7u \u00e0 Baghdad par le Premier ministre irakien Haidar Al-Abadi<\/a><\/p>\n<!--CusAds0-->\n<div style=\"font-size: 0px; height: 0px; line-height: 0px; margin: 0; padding: 0; clear: both;\"><\/div>","protected":false},"excerpt":{"rendered":"<p>ALGER &#8211; Le ministre des Affaires \u00e9trang\u00e8res Abdelkader Messahel a \u00e9t\u00e9 re\u00e7u mardi \u00e0 Baghdad par le Premier ministre irakien Ha\u00efdar Al-Abadi, indique le minist\u00e8re des Affaires \u00e9trang\u00e8res (MAE) dans un communiqu\u00e9. &#013; &#013; L\u2019audience a port\u00e9 sur les relations bilat\u00e9rales entre l\u2019Alg\u00e9rie et l\u2019Irak et les voies et moyens de leur renforcement dans les<\/p>\n","protected":false},"author":6,"featured_media":14860,"comment_status":"open","ping_status":"open","sticky":false,"template":"","format":"standard","meta":{"footnotes":""},"categories":[22],"tags":[93],"class_list":["post-14859","post","type-post","status-publish","format-standard","has-post-thumbnail","hentry","category-infos","tag-onu"],"yoast_head":"<!-- This site is optimized with the Yoast SEO plugin v27.5 - https:\/\/yoast.com\/product\/yoast-seo-wordpress\/ -->\n<title>M. Messahel re\u00e7u \u00e0 Baghdad par le Premier ministre irakien Haidar Al-Abadi - info algerie<\/title>\n<meta name=\"robots\" content=\"index, follow, max-snippet:-1, max-image-preview:large, max-video-preview:-1\" \/>\n<link rel=\"canonical\" href=\"https:\/\/www.info-algerie.com\/actualites\/m-messahel-recu-a-baghdad-par-le-premier-ministre-irakien-haidar-al-abadi\/\" \/>\n<meta property=\"og:locale\" content=\"fr_FR\" \/>\n<meta property=\"og:type\" content=\"article\" \/>\n<meta property=\"og:title\" content=\"M. Messahel re\u00e7u \u00e0 Baghdad par le Premier ministre irakien Haidar Al-Abadi - info algerie\" \/>\n<meta property=\"og:description\" content=\"ALGER &#8211; Le ministre des Affaires \u00e9trang\u00e8res Abdelkader Messahel a \u00e9t\u00e9 re\u00e7u mardi \u00e0 Baghdad par le Premier ministre irakien Ha\u00efdar Al-Abadi, indique le minist\u00e8re des Affaires \u00e9trang\u00e8res (MAE) dans un communiqu\u00e9. &#013; &#013; L\u2019audience a port\u00e9 sur les relations bilat\u00e9rales entre l\u2019Alg\u00e9rie et l\u2019Irak et les voies et moyens de leur renforcement dans les\" \/>\n<meta property=\"og:url\" content=\"https:\/\/www.info-algerie.com\/actualites\/m-messahel-recu-a-baghdad-par-le-premier-ministre-irakien-haidar-al-abadi\/\" \/>\n<meta property=\"og:site_name\" content=\"info algerie\" \/>\n<meta property=\"article:publisher\" content=\"https:\/\/www.facebook.com\/infoalgerieactu\" \/>\n<meta property=\"article:published_time\" content=\"2017-08-09T08:39:12+00:00\" \/>\n<meta property=\"og:image\" content=\"https:\/\/www.info-algerie.com\/actualites\/wp-content\/uploads\/2017\/08\/907f3f8f544c4599912d010824285ade_S-1.jpg\" \/>\n\t<meta property=\"og:image:width\" content=\"280\" \/>\n\t<meta property=\"og:image:height\" content=\"169\" \/>\n\t<meta property=\"og:image:type\" content=\"image\/jpeg\" \/>\n<meta name=\"author\" content=\"La r\u00e9daction\" \/>\n<meta name=\"twitter:label1\" content=\"\u00c9crit par\" \/>\n\t<meta name=\"twitter:data1\" content=\"La r\u00e9daction\" \/>\n\t<meta name=\"twitter:label2\" content=\"Dur\u00e9e de lecture estim\u00e9e\" \/>\n\t<meta name=\"twitter:data2\" content=\"3 minutes\" \/>\n<script type=\"application\/ld+json\" class=\"yoast-schema-graph\">{\"@context\":\"https:\\\/\\\/schema.org\",\"@graph\":[{\"@type\":\"Article\",\"@id\":\"https:\\\/\\\/www.info-algerie.com\\\/actualites\\\/m-messahel-recu-a-baghdad-par-le-premier-ministre-irakien-haidar-al-abadi\\\/#article\",\"isPartOf\":{\"@id\":\"https:\\\/\\\/www.info-algerie.com\\\/actualites\\\/m-messahel-recu-a-baghdad-par-le-premier-ministre-irakien-haidar-al-abadi\\\/\"},\"author\":{\"name\":\"La r\u00e9daction\",\"@id\":\"https:\\\/\\\/www.info-algerie.com\\\/actualites\\\/#\\\/schema\\\/person\\\/847aaec44920825b843a08f30ec6aa1e\"},\"headline\":\"M. Messahel re\u00e7u \u00e0 Baghdad par le Premier ministre irakien Haidar Al-Abadi\",\"datePublished\":\"2017-08-09T08:39:12+00:00\",\"mainEntityOfPage\":{\"@id\":\"https:\\\/\\\/www.info-algerie.com\\\/actualites\\\/m-messahel-recu-a-baghdad-par-le-premier-ministre-irakien-haidar-al-abadi\\\/\"},\"wordCount\":579,\"commentCount\":0,\"publisher\":{\"@id\":\"https:\\\/\\\/www.info-algerie.com\\\/actualites\\\/#organization\"},\"image\":{\"@id\":\"https:\\\/\\\/www.info-algerie.com\\\/actualites\\\/m-messahel-recu-a-baghdad-par-le-premier-ministre-irakien-haidar-al-abadi\\\/#primaryimage\"},\"thumbnailUrl\":\"https:\\\/\\\/www.info-algerie.com\\\/actualites\\\/wp-content\\\/uploads\\\/2017\\\/08\\\/907f3f8f544c4599912d010824285ade_S-1.jpg\",\"keywords\":[\"ONU\"],\"articleSection\":[\"infos\"],\"inLanguage\":\"fr-FR\",\"potentialAction\":[{\"@type\":\"CommentAction\",\"name\":\"Comment\",\"target\":[\"https:\\\/\\\/www.info-algerie.com\\\/actualites\\\/m-messahel-recu-a-baghdad-par-le-premier-ministre-irakien-haidar-al-abadi\\\/#respond\"]}]},{\"@type\":\"WebPage\",\"@id\":\"https:\\\/\\\/www.info-algerie.com\\\/actualites\\\/m-messahel-recu-a-baghdad-par-le-premier-ministre-irakien-haidar-al-abadi\\\/\",\"url\":\"https:\\\/\\\/www.info-algerie.com\\\/actualites\\\/m-messahel-recu-a-baghdad-par-le-premier-ministre-irakien-haidar-al-abadi\\\/\",\"name\":\"M. Messahel re\u00e7u \u00e0 Baghdad par le Premier ministre irakien Haidar Al-Abadi - info algerie\",\"isPartOf\":{\"@id\":\"https:\\\/\\\/www.info-algerie.com\\\/actualites\\\/#website\"},\"primaryImageOfPage\":{\"@id\":\"https:\\\/\\\/www.info-algerie.com\\\/actualites\\\/m-messahel-recu-a-baghdad-par-le-premier-ministre-irakien-haidar-al-abadi\\\/#primaryimage\"},\"image\":{\"@id\":\"https:\\\/\\\/www.info-algerie.com\\\/actualites\\\/m-messahel-recu-a-baghdad-par-le-premier-ministre-irakien-haidar-al-abadi\\\/#primaryimage\"},\"thumbnailUrl\":\"https:\\\/\\\/www.info-algerie.com\\\/actualites\\\/wp-content\\\/uploads\\\/2017\\\/08\\\/907f3f8f544c4599912d010824285ade_S-1.jpg\",\"datePublished\":\"2017-08-09T08:39:12+00:00\",\"breadcrumb\":{\"@id\":\"https:\\\/\\\/www.info-algerie.com\\\/actualites\\\/m-messahel-recu-a-baghdad-par-le-premier-ministre-irakien-haidar-al-abadi\\\/#breadcrumb\"},\"inLanguage\":\"fr-FR\",\"potentialAction\":[{\"@type\":\"ReadAction\",\"target\":[\"https:\\\/\\\/www.info-algerie.com\\\/actualites\\\/m-messahel-recu-a-baghdad-par-le-premier-ministre-irakien-haidar-al-abadi\\\/\"]}]},{\"@type\":\"ImageObject\",\"inLanguage\":\"fr-FR\",\"@id\":\"https:\\\/\\\/www.info-algerie.com\\\/actualites\\\/m-messahel-recu-a-baghdad-par-le-premier-ministre-irakien-haidar-al-abadi\\\/#primaryimage\",\"url\":\"https:\\\/\\\/www.info-algerie.com\\\/actualites\\\/wp-content\\\/uploads\\\/2017\\\/08\\\/907f3f8f544c4599912d010824285ade_S-1.jpg\",\"contentUrl\":\"https:\\\/\\\/www.info-algerie.com\\\/actualites\\\/wp-content\\\/uploads\\\/2017\\\/08\\\/907f3f8f544c4599912d010824285ade_S-1.jpg\",\"width\":280,\"height\":169},{\"@type\":\"BreadcrumbList\",\"@id\":\"https:\\\/\\\/www.info-algerie.com\\\/actualites\\\/m-messahel-recu-a-baghdad-par-le-premier-ministre-irakien-haidar-al-abadi\\\/#breadcrumb\",\"itemListElement\":[{\"@type\":\"ListItem\",\"position\":1,\"name\":\"Accueil\",\"item\":\"https:\\\/\\\/www.info-algerie.com\\\/actualites\\\/\"},{\"@type\":\"ListItem\",\"position\":2,\"name\":\"M. Messahel re\u00e7u \u00e0 Baghdad par le Premier ministre irakien Haidar Al-Abadi\"}]},{\"@type\":\"WebSite\",\"@id\":\"https:\\\/\\\/www.info-algerie.com\\\/actualites\\\/#website\",\"url\":\"https:\\\/\\\/www.info-algerie.com\\\/actualites\\\/\",\"name\":\"info algerie\",\"description\":\"Toutes les actualit\u00e9s\",\"publisher\":{\"@id\":\"https:\\\/\\\/www.info-algerie.com\\\/actualites\\\/#organization\"},\"potentialAction\":[{\"@type\":\"SearchAction\",\"target\":{\"@type\":\"EntryPoint\",\"urlTemplate\":\"https:\\\/\\\/www.info-algerie.com\\\/actualites\\\/?s={search_term_string}\"},\"query-input\":{\"@type\":\"PropertyValueSpecification\",\"valueRequired\":true,\"valueName\":\"search_term_string\"}}],\"inLanguage\":\"fr-FR\"},{\"@type\":\"Organization\",\"@id\":\"https:\\\/\\\/www.info-algerie.com\\\/actualites\\\/#organization\",\"name\":\"info algerie\",\"url\":\"https:\\\/\\\/www.info-algerie.com\\\/actualites\\\/\",\"logo\":{\"@type\":\"ImageObject\",\"inLanguage\":\"fr-FR\",\"@id\":\"https:\\\/\\\/www.info-algerie.com\\\/actualites\\\/#\\\/schema\\\/logo\\\/image\\\/\",\"url\":\"https:\\\/\\\/www.info-algerie.com\\\/actualites\\\/wp-content\\\/uploads\\\/2022\\\/07\\\/logo-ia-120.png\",\"contentUrl\":\"https:\\\/\\\/www.info-algerie.com\\\/actualites\\\/wp-content\\\/uploads\\\/2022\\\/07\\\/logo-ia-120.png\",\"width\":120,\"height\":43,\"caption\":\"info algerie\"},\"image\":{\"@id\":\"https:\\\/\\\/www.info-algerie.com\\\/actualites\\\/#\\\/schema\\\/logo\\\/image\\\/\"},\"sameAs\":[\"https:\\\/\\\/www.facebook.com\\\/infoalgerieactu\",\"https:\\\/\\\/x.com\\\/infoalgerie1\"]},{\"@type\":\"Person\",\"@id\":\"https:\\\/\\\/www.info-algerie.com\\\/actualites\\\/#\\\/schema\\\/person\\\/847aaec44920825b843a08f30ec6aa1e\",\"name\":\"La r\u00e9daction\",\"image\":{\"@type\":\"ImageObject\",\"inLanguage\":\"fr-FR\",\"@id\":\"https:\\\/\\\/secure.gravatar.com\\\/avatar\\\/769db425c6f465158149f1ffd6cf61ce7a8a879d11dfbef8288af36dfddd418c?s=96&d=mm&r=g\",\"url\":\"https:\\\/\\\/secure.gravatar.com\\\/avatar\\\/769db425c6f465158149f1ffd6cf61ce7a8a879d11dfbef8288af36dfddd418c?s=96&d=mm&r=g\",\"contentUrl\":\"https:\\\/\\\/secure.gravatar.com\\\/avatar\\\/769db425c6f465158149f1ffd6cf61ce7a8a879d11dfbef8288af36dfddd418c?s=96&d=mm&r=g\",\"caption\":\"La r\u00e9daction\"},\"sameAs\":[\"http:\\\/\\\/www.lkeria.com\\\/\"],\"url\":\"https:\\\/\\\/www.info-algerie.com\\\/actualites\\\/author\\\/chakib32\\\/\"}]}<\/script>\n<!-- \/ Yoast SEO plugin. -->","yoast_head_json":{"title":"M. Messahel re\u00e7u \u00e0 Baghdad par le Premier ministre irakien Haidar Al-Abadi - info algerie","robots":{"index":"index","follow":"follow","max-snippet":"max-snippet:-1","max-image-preview":"max-image-preview:large","max-video-preview":"max-video-preview:-1"},"canonical":"https:\/\/www.info-algerie.com\/actualites\/m-messahel-recu-a-baghdad-par-le-premier-ministre-irakien-haidar-al-abadi\/","og_locale":"fr_FR","og_type":"article","og_title":"M. Messahel re\u00e7u \u00e0 Baghdad par le Premier ministre irakien Haidar Al-Abadi - info algerie","og_description":"ALGER &#8211; Le ministre des Affaires \u00e9trang\u00e8res Abdelkader Messahel a \u00e9t\u00e9 re\u00e7u mardi \u00e0 Baghdad par le Premier ministre irakien Ha\u00efdar Al-Abadi, indique le minist\u00e8re des Affaires \u00e9trang\u00e8res (MAE) dans un communiqu\u00e9. &#013; &#013; L\u2019audience a port\u00e9 sur les relations bilat\u00e9rales entre l\u2019Alg\u00e9rie et l\u2019Irak et les voies et moyens de leur renforcement dans les","og_url":"https:\/\/www.info-algerie.com\/actualites\/m-messahel-recu-a-baghdad-par-le-premier-ministre-irakien-haidar-al-abadi\/","og_site_name":"info algerie","article_publisher":"https:\/\/www.facebook.com\/infoalgerieactu","article_published_time":"2017-08-09T08:39:12+00:00","og_image":[{"width":280,"height":169,"url":"https:\/\/www.info-algerie.com\/actualites\/wp-content\/uploads\/2017\/08\/907f3f8f544c4599912d010824285ade_S-1.jpg","type":"image\/jpeg"}],"author":"La r\u00e9daction","twitter_misc":{"\u00c9crit par":"La r\u00e9daction","Dur\u00e9e de lecture estim\u00e9e":"3 minutes"},"schema":{"@context":"https:\/\/schema.org","@graph":[{"@type":"Article","@id":"https:\/\/www.info-algerie.com\/actualites\/m-messahel-recu-a-baghdad-par-le-premier-ministre-irakien-haidar-al-abadi\/#article","isPartOf":{"@id":"https:\/\/www.info-algerie.com\/actualites\/m-messahel-recu-a-baghdad-par-le-premier-ministre-irakien-haidar-al-abadi\/"},"author":{"name":"La r\u00e9daction","@id":"https:\/\/www.info-algerie.com\/actualites\/#\/schema\/person\/847aaec44920825b843a08f30ec6aa1e"},"headline":"M. Messahel re\u00e7u \u00e0 Baghdad par le Premier ministre irakien Haidar Al-Abadi","datePublished":"2017-08-09T08:39:12+00:00","mainEntityOfPage":{"@id":"https:\/\/www.info-algerie.com\/actualites\/m-messahel-recu-a-baghdad-par-le-premier-ministre-irakien-haidar-al-abadi\/"},"wordCount":579,"commentCount":0,"publisher":{"@id":"https:\/\/www.info-algerie.com\/actualites\/#organization"},"image":{"@id":"https:\/\/www.info-algerie.com\/actualites\/m-messahel-recu-a-baghdad-par-le-premier-ministre-irakien-haidar-al-abadi\/#primaryimage"},"thumbnailUrl":"https:\/\/www.info-algerie.com\/actualites\/wp-content\/uploads\/2017\/08\/907f3f8f544c4599912d010824285ade_S-1.jpg","keywords":["ONU"],"articleSection":["infos"],"inLanguage":"fr-FR","potentialAction":[{"@type":"CommentAction","name":"Comment","target":["https:\/\/www.info-algerie.com\/actualites\/m-messahel-recu-a-baghdad-par-le-premier-ministre-irakien-haidar-al-abadi\/#respond"]}]},{"@type":"WebPage","@id":"https:\/\/www.info-algerie.com\/actualites\/m-messahel-recu-a-baghdad-par-le-premier-ministre-irakien-haidar-al-abadi\/","url":"https:\/\/www.info-algerie.com\/actualites\/m-messahel-recu-a-baghdad-par-le-premier-ministre-irakien-haidar-al-abadi\/","name":"M. Messahel re\u00e7u \u00e0 Baghdad par le Premier ministre irakien Haidar Al-Abadi - info algerie","isPartOf":{"@id":"https:\/\/www.info-algerie.com\/actualites\/#website"},"primaryImageOfPage":{"@id":"https:\/\/www.info-algerie.com\/actualites\/m-messahel-recu-a-baghdad-par-le-premier-ministre-irakien-haidar-al-abadi\/#primaryimage"},"image":{"@id":"https:\/\/www.info-algerie.com\/actualites\/m-messahel-recu-a-baghdad-par-le-premier-ministre-irakien-haidar-al-abadi\/#primaryimage"},"thumbnailUrl":"https:\/\/www.info-algerie.com\/actualites\/wp-content\/uploads\/2017\/08\/907f3f8f544c4599912d010824285ade_S-1.jpg","datePublished":"2017-08-09T08:39:12+00:00","breadcrumb":{"@id":"https:\/\/www.info-algerie.com\/actualites\/m-messahel-recu-a-baghdad-par-le-premier-ministre-irakien-haidar-al-abadi\/#breadcrumb"},"inLanguage":"fr-FR","potentialAction":[{"@type":"ReadAction","target":["https:\/\/www.info-algerie.com\/actualites\/m-messahel-recu-a-baghdad-par-le-premier-ministre-irakien-haidar-al-abadi\/"]}]},{"@type":"ImageObject","inLanguage":"fr-FR","@id":"https:\/\/www.info-algerie.com\/actualites\/m-messahel-recu-a-baghdad-par-le-premier-ministre-irakien-haidar-al-abadi\/#primaryimage","url":"https:\/\/www.info-algerie.com\/actualites\/wp-content\/uploads\/2017\/08\/907f3f8f544c4599912d010824285ade_S-1.jpg","contentUrl":"https:\/\/www.info-algerie.com\/actualites\/wp-content\/uploads\/2017\/08\/907f3f8f544c4599912d010824285ade_S-1.jpg","width":280,"height":169},{"@type":"BreadcrumbList","@id":"https:\/\/www.info-algerie.com\/actualites\/m-messahel-recu-a-baghdad-par-le-premier-ministre-irakien-haidar-al-abadi\/#breadcrumb","itemListElement":[{"@type":"ListItem","position":1,"name":"Accueil","item":"https:\/\/www.info-algerie.com\/actualites\/"},{"@type":"ListItem","position":2,"name":"M. Messahel re\u00e7u \u00e0 Baghdad par le Premier ministre irakien Haidar Al-Abadi"}]},{"@type":"WebSite","@id":"https:\/\/www.info-algerie.com\/actualites\/#website","url":"https:\/\/www.info-algerie.com\/actualites\/","name":"info algerie","description":"Toutes les actualit\u00e9s","publisher":{"@id":"https:\/\/www.info-algerie.com\/actualites\/#organization"},"potentialAction":[{"@type":"SearchAction","target":{"@type":"EntryPoint","urlTemplate":"https:\/\/www.info-algerie.com\/actualites\/?s={search_term_string}"},"query-input":{"@type":"PropertyValueSpecification","valueRequired":true,"valueName":"search_term_string"}}],"inLanguage":"fr-FR"},{"@type":"Organization","@id":"https:\/\/www.info-algerie.com\/actualites\/#organization","name":"info algerie","url":"https:\/\/www.info-algerie.com\/actualites\/","logo":{"@type":"ImageObject","inLanguage":"fr-FR","@id":"https:\/\/www.info-algerie.com\/actualites\/#\/schema\/logo\/image\/","url":"https:\/\/www.info-algerie.com\/actualites\/wp-content\/uploads\/2022\/07\/logo-ia-120.png","contentUrl":"https:\/\/www.info-algerie.com\/actualites\/wp-content\/uploads\/2022\/07\/logo-ia-120.png","width":120,"height":43,"caption":"info algerie"},"image":{"@id":"https:\/\/www.info-algerie.com\/actualites\/#\/schema\/logo\/image\/"},"sameAs":["https:\/\/www.facebook.com\/infoalgerieactu","https:\/\/x.com\/infoalgerie1"]},{"@type":"Person","@id":"https:\/\/www.info-algerie.com\/actualites\/#\/schema\/person\/847aaec44920825b843a08f30ec6aa1e","name":"La r\u00e9daction","image":{"@type":"ImageObject","inLanguage":"fr-FR","@id":"https:\/\/secure.gravatar.com\/avatar\/769db425c6f465158149f1ffd6cf61ce7a8a879d11dfbef8288af36dfddd418c?s=96&d=mm&r=g","url":"https:\/\/secure.gravatar.com\/avatar\/769db425c6f465158149f1ffd6cf61ce7a8a879d11dfbef8288af36dfddd418c?s=96&d=mm&r=g","contentUrl":"https:\/\/secure.gravatar.com\/avatar\/769db425c6f465158149f1ffd6cf61ce7a8a879d11dfbef8288af36dfddd418c?s=96&d=mm&r=g","caption":"La r\u00e9daction"},"sameAs":["http:\/\/www.lkeria.com\/"],"url":"https:\/\/www.info-algerie.com\/actualites\/author\/chakib32\/"}]}},"_links":{"self":[{"href":"https:\/\/www.info-algerie.com\/actualites\/wp-json\/wp\/v2\/posts\/14859","targetHints":{"allow":["GET"]}}],"collection":[{"href":"https:\/\/www.info-algerie.com\/actualites\/wp-json\/wp\/v2\/posts"}],"about":[{"href":"https:\/\/www.info-algerie.com\/actualites\/wp-json\/wp\/v2\/types\/post"}],"author":[{"embeddable":true,"href":"https:\/\/www.info-algerie.com\/actualites\/wp-json\/wp\/v2\/users\/6"}],"replies":[{"embeddable":true,"href":"https:\/\/www.info-algerie.com\/actualites\/wp-json\/wp\/v2\/comments?post=14859"}],"version-history":[{"count":0,"href":"https:\/\/www.info-algerie.com\/actualites\/wp-json\/wp\/v2\/posts\/14859\/revisions"}],"wp:featuredmedia":[{"embeddable":true,"href":"https:\/\/www.info-algerie.com\/actualites\/wp-json\/wp\/v2\/media\/14860"}],"wp:attachment":[{"href":"https:\/\/www.info-algerie.com\/actualites\/wp-json\/wp\/v2\/media?parent=14859"}],"wp:term":[{"taxonomy":"category","embeddable":true,"href":"https:\/\/www.info-algerie.com\/actualites\/wp-json\/wp\/v2\/categories?post=14859"},{"taxonomy":"post_tag","embeddable":true,"href":"https:\/\/www.info-algerie.com\/actualites\/wp-json\/wp\/v2\/tags?post=14859"}],"curies":[{"name":"wp","href":"https:\/\/api.w.org\/{rel}","templated":true}]}}