{"id":14878,"date":"2017-08-09T14:36:36","date_gmt":"2017-08-09T13:36:36","guid":{"rendered":"http:\/\/www.info-algerie.com\/actualites\/gaid-salah-a-la-2eme-rm-inauguration-dimportantes-unites-et-infrastructures-de-lanp\/"},"modified":"2017-08-09T14:36:36","modified_gmt":"2017-08-09T13:36:36","slug":"gaid-salah-a-la-2eme-rm-inauguration-dimportantes-unites-et-infrastructures-de-lanp","status":"publish","type":"post","link":"https:\/\/www.info-algerie.com\/actualites\/gaid-salah-a-la-2eme-rm-inauguration-dimportantes-unites-et-infrastructures-de-lanp\/","title":{"rendered":"Ga\u00efd Salah \u00e0 la 2\u00e8me RM: inauguration d&#039;importantes unit\u00e9s et infrastructures de l&#039;ANP"},"content":{"rendered":"<div class=\"K2FeedImage\"><img decoding=\"async\" src=\"https:\/\/www.info-algerie.com\/actualites\/wp-content\/uploads\/2017\/08\/8f97c5688957cd6558eea254e2a8c31a_S.jpg\" alt=\"Ga&#xEF;d Salah &#xE0; la 2&#xE8;me RM: inauguration d'importantes unit&#xE9;s et infrastructures de l'ANP\" \/><\/div>\n<div class=\"K2FeedIntroText\">\n<p class=\"MsoNormal\"><span style=\"font-size: 12.0pt;line-height: 115%\">ALGER- Le g\u00e9n\u00e9ral de corps d&rsquo;arm\u00e9e, Ahmed Ga\u00efd Salah,<span>\u00a0 <\/span>vice-ministre de la D\u00e9fense nationale, chef d&rsquo;\u00e9tat-major de l&rsquo;Arm\u00e9e<span>\u00a0 <\/span>nationale populaire (ANP), a inaugur\u00e9, au troisi\u00e8me jour de sa visite \u00e0 la<span>\u00a0 <\/span>2\u00e8me R\u00e9gion militaire \u00e0 Oran, d&rsquo;importantes unit\u00e9s et infrastructures,<span>\u00a0 <\/span>indique mercredi un communiqu\u00e9 du minist\u00e8re de la D\u00e9fense nationale (MDN).<\/span><\/p>\n<p>&#013;\n<\/p><\/div>\n<div class=\"K2FeedFullText\">&#013;<\/p>\n<p class=\"MsoNormal\"><span style=\"font-size: 12.0pt;line-height: 115%\">L&rsquo;inauguration de ces unit\u00e9s et infrastructures s&rsquo;inscrit dans le cadre de<span>\u00a0 <\/span>\u00ab\u00a0la strat\u00e9gie de renforcement du corps de bataille de l&rsquo;Arm\u00e9e nationale<span>\u00a0 <\/span>populaire\u00a0\u00bb, pr\u00e9cise-t-on de m\u00eame source.<\/span><\/p>\n<p>&#013;<\/p>\n<p class=\"MsoNormal\"><span style=\"font-size: 12.0pt;line-height: 115%\">Au niveau de l&rsquo;Entreprise de construction et de r\u00e9paration navale \u00e0 Mers<span>\u00a0 <\/span>El-Kebir, le g\u00e9n\u00e9ral de corps d&rsquo;arm\u00e9e a supervis\u00e9 l&rsquo;inauguration de la<span>\u00a0 <\/span>corvette Rais Hassen Barbiar, qui a \u00e9t\u00e9 construite au niveau de cette<span>\u00a0 <\/span>entreprise leader dans ce domaine.<\/span><\/p>\n<p>&#013;<\/p>\n<p class=\"MsoNormal\"><span style=\"font-size: 12.0pt;line-height: 115%\"><img decoding=\"async\" src=\"https:\/\/www.info-algerie.com\/actualites\/wp-content\/uploads\/2017\/08\/2.jpg\" alt=\"\" \/><\/span><\/p>\n<p>&#013;<\/p>\n<p class=\"MsoNormal\"><span style=\"font-size: 12.0pt;line-height: 115%\">Ga\u00efd Salah a inspect\u00e9 les diff\u00e9rentes composantes de la corvette et a re\u00e7u<span>\u00a0 <\/span>d&rsquo;amples explications sur ce navire, en compagnie du g\u00e9n\u00e9ral-major Sa\u00efd<span>\u00a0 <\/span>Bey, commandant de la 2e R\u00e9gion militaire et du g\u00e9n\u00e9ral-major Mohamed Larbi<span>\u00a0 <\/span>Haouli, commandant des Forces navales.<\/span><\/p>\n<p>&#013;<\/p>\n<p class=\"MsoNormal\"><span style=\"font-size: 12.0pt;line-height: 115%\">Au niveau de l&rsquo;Ecole sup\u00e9rieure de l&rsquo;air, le g\u00e9n\u00e9ral de corps d&rsquo;arm\u00e9e a,<span>\u00a0 <\/span>d&rsquo;abord, suivi un expos\u00e9 global, pr\u00e9sent\u00e9 par le commandant de l&rsquo;Ecole,<span>\u00a0 <\/span>avant d&rsquo;inaugurer une nouvelle plateforme pour le d\u00e9collage et<span>\u00a0 <\/span>l&rsquo;atterrissage des a\u00e9ronefs.<\/span><\/p>\n<p>&#013;<\/p>\n<p class=\"MsoNormal\"><span style=\"font-size: 12.0pt;line-height: 115%\"><img decoding=\"async\" src=\"https:\/\/www.info-algerie.com\/actualites\/wp-content\/uploads\/2017\/08\/1.jpg\" alt=\"\" \/><\/span><\/p>\n<p>&#013;<\/p>\n<p class=\"MsoNormal\"><span style=\"font-size: 12.0pt;line-height: 115%\">Il a proc\u00e9d\u00e9, ensuite, \u00e0 l&rsquo;inauguration de la Compagnie<span>\u00a0 <\/span>d&rsquo;approvisionnement en produits p\u00e9troliers, \u00ab\u00a0dont la r\u00e9alisation, en tant<span>\u00a0 <\/span>qu&rsquo;unit\u00e9 de soutien, entre dans le cadre du plan de d\u00e9veloppement de la<span>\u00a0 <\/span>cha\u00eene logistique de l&rsquo;Arm\u00e9e nationale populaire, et qui se caract\u00e9rise<span>\u00a0 <\/span>aussi par la souplesse d&rsquo;utilisation qui lui permet d&rsquo;assurer les missions<span>\u00a0 <\/span>de transport, de distribution et de stockage du carburant, ainsi que<span>\u00a0 <\/span>l&rsquo;analyse et le contr\u00f4le de qualit\u00e9\u00a0\u00bb.<\/span><\/p>\n<p>&#013;<\/p>\n<p class=\"MsoNormal\"><span style=\"font-size: 12.0pt;line-height: 115%\">Le g\u00e9n\u00e9ral de corps d&rsquo;arm\u00e9e poursuit mercredi sa visite \u00e0 la 2\u00e8me R\u00e9gion<span>\u00a0 <\/span>militaire par la supervision de l&rsquo;ex\u00e9cution d&rsquo;un exercice naval de tir au<span>\u00a0 <\/span>niveau de la Fa\u00e7ade maritime ouest, et tiendra une r\u00e9union d&rsquo;orientation<span>\u00a0 <\/span>avec les cadres et les personnels de la Fa\u00e7ade, ajoute le communiqu\u00e9.<\/span><\/p>\n<\/div>\n<p>&#013;<br \/>\nSource: <a href=\"http:\/\/www.aps.dz\/algerie\/61570-gaid-salah-a-la-2eme-rm-inauguration-d-importantes-unites-et-infrastructures-de-l-anp\" target=\"_blank\">Ga\u00efd Salah \u00e0 la 2\u00e8me RM: inauguration d&rsquo;importantes unit\u00e9s et infrastructures de l&rsquo;ANP<\/a><\/p>\n<!--CusAds0-->\n<div style=\"font-size: 0px; height: 0px; line-height: 0px; margin: 0; padding: 0; clear: both;\"><\/div>","protected":false},"excerpt":{"rendered":"<p>ALGER- Le g\u00e9n\u00e9ral de corps d&rsquo;arm\u00e9e, Ahmed Ga\u00efd Salah,\u00a0 vice-ministre de la D\u00e9fense nationale, chef d&rsquo;\u00e9tat-major de l&rsquo;Arm\u00e9e\u00a0 nationale populaire (ANP), a inaugur\u00e9, au troisi\u00e8me jour de sa visite \u00e0 la\u00a0 2\u00e8me R\u00e9gion militaire \u00e0 Oran, d&rsquo;importantes unit\u00e9s et infrastructures,\u00a0 indique mercredi un communiqu\u00e9 du minist\u00e8re de la D\u00e9fense nationale (MDN). &#013; &#013; L&rsquo;inauguration de<\/p>\n","protected":false},"author":6,"featured_media":14879,"comment_status":"open","ping_status":"open","sticky":false,"template":"","format":"standard","meta":{"footnotes":""},"categories":[22],"tags":[93],"class_list":["post-14878","post","type-post","status-publish","format-standard","has-post-thumbnail","hentry","category-infos","tag-onu"],"yoast_head":"<!-- This site is optimized with the Yoast SEO plugin v27.5 - https:\/\/yoast.com\/product\/yoast-seo-wordpress\/ -->\n<title>Ga\u00efd Salah \u00e0 la 2\u00e8me RM: inauguration d&#039;importantes unit\u00e9s et infrastructures de l&#039;ANP - info algerie<\/title>\n<meta name=\"robots\" content=\"index, follow, max-snippet:-1, max-image-preview:large, max-video-preview:-1\" \/>\n<link rel=\"canonical\" href=\"https:\/\/www.info-algerie.com\/actualites\/gaid-salah-a-la-2eme-rm-inauguration-dimportantes-unites-et-infrastructures-de-lanp\/\" \/>\n<meta property=\"og:locale\" content=\"fr_FR\" \/>\n<meta property=\"og:type\" content=\"article\" \/>\n<meta property=\"og:title\" content=\"Ga\u00efd Salah \u00e0 la 2\u00e8me RM: inauguration d&#039;importantes unit\u00e9s et infrastructures de l&#039;ANP - info algerie\" \/>\n<meta property=\"og:description\" content=\"ALGER- Le g\u00e9n\u00e9ral de corps d&rsquo;arm\u00e9e, Ahmed Ga\u00efd Salah,\u00a0 vice-ministre de la D\u00e9fense nationale, chef d&rsquo;\u00e9tat-major de l&rsquo;Arm\u00e9e\u00a0 nationale populaire (ANP), a inaugur\u00e9, au troisi\u00e8me jour de sa visite \u00e0 la\u00a0 2\u00e8me R\u00e9gion militaire \u00e0 Oran, d&rsquo;importantes unit\u00e9s et infrastructures,\u00a0 indique mercredi un communiqu\u00e9 du minist\u00e8re de la D\u00e9fense nationale (MDN). &#013; &#013; L&rsquo;inauguration de\" \/>\n<meta property=\"og:url\" content=\"https:\/\/www.info-algerie.com\/actualites\/gaid-salah-a-la-2eme-rm-inauguration-dimportantes-unites-et-infrastructures-de-lanp\/\" \/>\n<meta property=\"og:site_name\" content=\"info algerie\" \/>\n<meta property=\"article:publisher\" content=\"https:\/\/www.facebook.com\/infoalgerieactu\" \/>\n<meta property=\"article:published_time\" content=\"2017-08-09T13:36:36+00:00\" \/>\n<meta property=\"og:image\" content=\"https:\/\/www.info-algerie.com\/actualites\/wp-content\/uploads\/2017\/08\/8f97c5688957cd6558eea254e2a8c31a_S-1.jpg\" \/>\n\t<meta property=\"og:image:width\" content=\"280\" \/>\n\t<meta property=\"og:image:height\" content=\"166\" \/>\n\t<meta property=\"og:image:type\" content=\"image\/jpeg\" \/>\n<meta name=\"author\" content=\"La r\u00e9daction\" \/>\n<meta name=\"twitter:label1\" content=\"\u00c9crit par\" \/>\n\t<meta name=\"twitter:data1\" content=\"La r\u00e9daction\" \/>\n\t<meta name=\"twitter:label2\" content=\"Dur\u00e9e de lecture estim\u00e9e\" \/>\n\t<meta name=\"twitter:data2\" content=\"2 minutes\" \/>\n<script type=\"application\/ld+json\" class=\"yoast-schema-graph\">{\"@context\":\"https:\\\/\\\/schema.org\",\"@graph\":[{\"@type\":\"Article\",\"@id\":\"https:\\\/\\\/www.info-algerie.com\\\/actualites\\\/gaid-salah-a-la-2eme-rm-inauguration-dimportantes-unites-et-infrastructures-de-lanp\\\/#article\",\"isPartOf\":{\"@id\":\"https:\\\/\\\/www.info-algerie.com\\\/actualites\\\/gaid-salah-a-la-2eme-rm-inauguration-dimportantes-unites-et-infrastructures-de-lanp\\\/\"},\"author\":{\"name\":\"La r\u00e9daction\",\"@id\":\"https:\\\/\\\/www.info-algerie.com\\\/actualites\\\/#\\\/schema\\\/person\\\/847aaec44920825b843a08f30ec6aa1e\"},\"headline\":\"Ga\u00efd Salah \u00e0 la 2\u00e8me RM: inauguration d&#039;importantes unit\u00e9s et infrastructures de l&#039;ANP\",\"datePublished\":\"2017-08-09T13:36:36+00:00\",\"mainEntityOfPage\":{\"@id\":\"https:\\\/\\\/www.info-algerie.com\\\/actualites\\\/gaid-salah-a-la-2eme-rm-inauguration-dimportantes-unites-et-infrastructures-de-lanp\\\/\"},\"wordCount\":420,\"commentCount\":0,\"publisher\":{\"@id\":\"https:\\\/\\\/www.info-algerie.com\\\/actualites\\\/#organization\"},\"image\":{\"@id\":\"https:\\\/\\\/www.info-algerie.com\\\/actualites\\\/gaid-salah-a-la-2eme-rm-inauguration-dimportantes-unites-et-infrastructures-de-lanp\\\/#primaryimage\"},\"thumbnailUrl\":\"https:\\\/\\\/www.info-algerie.com\\\/actualites\\\/wp-content\\\/uploads\\\/2017\\\/08\\\/8f97c5688957cd6558eea254e2a8c31a_S-1.jpg\",\"keywords\":[\"ONU\"],\"articleSection\":[\"infos\"],\"inLanguage\":\"fr-FR\",\"potentialAction\":[{\"@type\":\"CommentAction\",\"name\":\"Comment\",\"target\":[\"https:\\\/\\\/www.info-algerie.com\\\/actualites\\\/gaid-salah-a-la-2eme-rm-inauguration-dimportantes-unites-et-infrastructures-de-lanp\\\/#respond\"]}]},{\"@type\":\"WebPage\",\"@id\":\"https:\\\/\\\/www.info-algerie.com\\\/actualites\\\/gaid-salah-a-la-2eme-rm-inauguration-dimportantes-unites-et-infrastructures-de-lanp\\\/\",\"url\":\"https:\\\/\\\/www.info-algerie.com\\\/actualites\\\/gaid-salah-a-la-2eme-rm-inauguration-dimportantes-unites-et-infrastructures-de-lanp\\\/\",\"name\":\"Ga\u00efd Salah \u00e0 la 2\u00e8me RM: inauguration d&#039;importantes unit\u00e9s et infrastructures de l&#039;ANP - info algerie\",\"isPartOf\":{\"@id\":\"https:\\\/\\\/www.info-algerie.com\\\/actualites\\\/#website\"},\"primaryImageOfPage\":{\"@id\":\"https:\\\/\\\/www.info-algerie.com\\\/actualites\\\/gaid-salah-a-la-2eme-rm-inauguration-dimportantes-unites-et-infrastructures-de-lanp\\\/#primaryimage\"},\"image\":{\"@id\":\"https:\\\/\\\/www.info-algerie.com\\\/actualites\\\/gaid-salah-a-la-2eme-rm-inauguration-dimportantes-unites-et-infrastructures-de-lanp\\\/#primaryimage\"},\"thumbnailUrl\":\"https:\\\/\\\/www.info-algerie.com\\\/actualites\\\/wp-content\\\/uploads\\\/2017\\\/08\\\/8f97c5688957cd6558eea254e2a8c31a_S-1.jpg\",\"datePublished\":\"2017-08-09T13:36:36+00:00\",\"breadcrumb\":{\"@id\":\"https:\\\/\\\/www.info-algerie.com\\\/actualites\\\/gaid-salah-a-la-2eme-rm-inauguration-dimportantes-unites-et-infrastructures-de-lanp\\\/#breadcrumb\"},\"inLanguage\":\"fr-FR\",\"potentialAction\":[{\"@type\":\"ReadAction\",\"target\":[\"https:\\\/\\\/www.info-algerie.com\\\/actualites\\\/gaid-salah-a-la-2eme-rm-inauguration-dimportantes-unites-et-infrastructures-de-lanp\\\/\"]}]},{\"@type\":\"ImageObject\",\"inLanguage\":\"fr-FR\",\"@id\":\"https:\\\/\\\/www.info-algerie.com\\\/actualites\\\/gaid-salah-a-la-2eme-rm-inauguration-dimportantes-unites-et-infrastructures-de-lanp\\\/#primaryimage\",\"url\":\"https:\\\/\\\/www.info-algerie.com\\\/actualites\\\/wp-content\\\/uploads\\\/2017\\\/08\\\/8f97c5688957cd6558eea254e2a8c31a_S-1.jpg\",\"contentUrl\":\"https:\\\/\\\/www.info-algerie.com\\\/actualites\\\/wp-content\\\/uploads\\\/2017\\\/08\\\/8f97c5688957cd6558eea254e2a8c31a_S-1.jpg\",\"width\":280,\"height\":166},{\"@type\":\"BreadcrumbList\",\"@id\":\"https:\\\/\\\/www.info-algerie.com\\\/actualites\\\/gaid-salah-a-la-2eme-rm-inauguration-dimportantes-unites-et-infrastructures-de-lanp\\\/#breadcrumb\",\"itemListElement\":[{\"@type\":\"ListItem\",\"position\":1,\"name\":\"Accueil\",\"item\":\"https:\\\/\\\/www.info-algerie.com\\\/actualites\\\/\"},{\"@type\":\"ListItem\",\"position\":2,\"name\":\"Ga\u00efd Salah \u00e0 la 2\u00e8me RM: inauguration d&#039;importantes unit\u00e9s et infrastructures de l&#039;ANP\"}]},{\"@type\":\"WebSite\",\"@id\":\"https:\\\/\\\/www.info-algerie.com\\\/actualites\\\/#website\",\"url\":\"https:\\\/\\\/www.info-algerie.com\\\/actualites\\\/\",\"name\":\"info algerie\",\"description\":\"Toutes les actualit\u00e9s\",\"publisher\":{\"@id\":\"https:\\\/\\\/www.info-algerie.com\\\/actualites\\\/#organization\"},\"potentialAction\":[{\"@type\":\"SearchAction\",\"target\":{\"@type\":\"EntryPoint\",\"urlTemplate\":\"https:\\\/\\\/www.info-algerie.com\\\/actualites\\\/?s={search_term_string}\"},\"query-input\":{\"@type\":\"PropertyValueSpecification\",\"valueRequired\":true,\"valueName\":\"search_term_string\"}}],\"inLanguage\":\"fr-FR\"},{\"@type\":\"Organization\",\"@id\":\"https:\\\/\\\/www.info-algerie.com\\\/actualites\\\/#organization\",\"name\":\"info algerie\",\"url\":\"https:\\\/\\\/www.info-algerie.com\\\/actualites\\\/\",\"logo\":{\"@type\":\"ImageObject\",\"inLanguage\":\"fr-FR\",\"@id\":\"https:\\\/\\\/www.info-algerie.com\\\/actualites\\\/#\\\/schema\\\/logo\\\/image\\\/\",\"url\":\"https:\\\/\\\/www.info-algerie.com\\\/actualites\\\/wp-content\\\/uploads\\\/2022\\\/07\\\/logo-ia-120.png\",\"contentUrl\":\"https:\\\/\\\/www.info-algerie.com\\\/actualites\\\/wp-content\\\/uploads\\\/2022\\\/07\\\/logo-ia-120.png\",\"width\":120,\"height\":43,\"caption\":\"info algerie\"},\"image\":{\"@id\":\"https:\\\/\\\/www.info-algerie.com\\\/actualites\\\/#\\\/schema\\\/logo\\\/image\\\/\"},\"sameAs\":[\"https:\\\/\\\/www.facebook.com\\\/infoalgerieactu\",\"https:\\\/\\\/x.com\\\/infoalgerie1\"]},{\"@type\":\"Person\",\"@id\":\"https:\\\/\\\/www.info-algerie.com\\\/actualites\\\/#\\\/schema\\\/person\\\/847aaec44920825b843a08f30ec6aa1e\",\"name\":\"La r\u00e9daction\",\"image\":{\"@type\":\"ImageObject\",\"inLanguage\":\"fr-FR\",\"@id\":\"https:\\\/\\\/secure.gravatar.com\\\/avatar\\\/769db425c6f465158149f1ffd6cf61ce7a8a879d11dfbef8288af36dfddd418c?s=96&d=mm&r=g\",\"url\":\"https:\\\/\\\/secure.gravatar.com\\\/avatar\\\/769db425c6f465158149f1ffd6cf61ce7a8a879d11dfbef8288af36dfddd418c?s=96&d=mm&r=g\",\"contentUrl\":\"https:\\\/\\\/secure.gravatar.com\\\/avatar\\\/769db425c6f465158149f1ffd6cf61ce7a8a879d11dfbef8288af36dfddd418c?s=96&d=mm&r=g\",\"caption\":\"La r\u00e9daction\"},\"sameAs\":[\"http:\\\/\\\/www.lkeria.com\\\/\"],\"url\":\"https:\\\/\\\/www.info-algerie.com\\\/actualites\\\/author\\\/chakib32\\\/\"}]}<\/script>\n<!-- \/ Yoast SEO plugin. -->","yoast_head_json":{"title":"Ga\u00efd Salah \u00e0 la 2\u00e8me RM: inauguration d&#039;importantes unit\u00e9s et infrastructures de l&#039;ANP - info algerie","robots":{"index":"index","follow":"follow","max-snippet":"max-snippet:-1","max-image-preview":"max-image-preview:large","max-video-preview":"max-video-preview:-1"},"canonical":"https:\/\/www.info-algerie.com\/actualites\/gaid-salah-a-la-2eme-rm-inauguration-dimportantes-unites-et-infrastructures-de-lanp\/","og_locale":"fr_FR","og_type":"article","og_title":"Ga\u00efd Salah \u00e0 la 2\u00e8me RM: inauguration d&#039;importantes unit\u00e9s et infrastructures de l&#039;ANP - info algerie","og_description":"ALGER- Le g\u00e9n\u00e9ral de corps d&rsquo;arm\u00e9e, Ahmed Ga\u00efd Salah,\u00a0 vice-ministre de la D\u00e9fense nationale, chef d&rsquo;\u00e9tat-major de l&rsquo;Arm\u00e9e\u00a0 nationale populaire (ANP), a inaugur\u00e9, au troisi\u00e8me jour de sa visite \u00e0 la\u00a0 2\u00e8me R\u00e9gion militaire \u00e0 Oran, d&rsquo;importantes unit\u00e9s et infrastructures,\u00a0 indique mercredi un communiqu\u00e9 du minist\u00e8re de la D\u00e9fense nationale (MDN). &#013; &#013; L&rsquo;inauguration de","og_url":"https:\/\/www.info-algerie.com\/actualites\/gaid-salah-a-la-2eme-rm-inauguration-dimportantes-unites-et-infrastructures-de-lanp\/","og_site_name":"info algerie","article_publisher":"https:\/\/www.facebook.com\/infoalgerieactu","article_published_time":"2017-08-09T13:36:36+00:00","og_image":[{"width":280,"height":166,"url":"https:\/\/www.info-algerie.com\/actualites\/wp-content\/uploads\/2017\/08\/8f97c5688957cd6558eea254e2a8c31a_S-1.jpg","type":"image\/jpeg"}],"author":"La r\u00e9daction","twitter_misc":{"\u00c9crit par":"La r\u00e9daction","Dur\u00e9e de lecture estim\u00e9e":"2 minutes"},"schema":{"@context":"https:\/\/schema.org","@graph":[{"@type":"Article","@id":"https:\/\/www.info-algerie.com\/actualites\/gaid-salah-a-la-2eme-rm-inauguration-dimportantes-unites-et-infrastructures-de-lanp\/#article","isPartOf":{"@id":"https:\/\/www.info-algerie.com\/actualites\/gaid-salah-a-la-2eme-rm-inauguration-dimportantes-unites-et-infrastructures-de-lanp\/"},"author":{"name":"La r\u00e9daction","@id":"https:\/\/www.info-algerie.com\/actualites\/#\/schema\/person\/847aaec44920825b843a08f30ec6aa1e"},"headline":"Ga\u00efd Salah \u00e0 la 2\u00e8me RM: inauguration d&#039;importantes unit\u00e9s et infrastructures de l&#039;ANP","datePublished":"2017-08-09T13:36:36+00:00","mainEntityOfPage":{"@id":"https:\/\/www.info-algerie.com\/actualites\/gaid-salah-a-la-2eme-rm-inauguration-dimportantes-unites-et-infrastructures-de-lanp\/"},"wordCount":420,"commentCount":0,"publisher":{"@id":"https:\/\/www.info-algerie.com\/actualites\/#organization"},"image":{"@id":"https:\/\/www.info-algerie.com\/actualites\/gaid-salah-a-la-2eme-rm-inauguration-dimportantes-unites-et-infrastructures-de-lanp\/#primaryimage"},"thumbnailUrl":"https:\/\/www.info-algerie.com\/actualites\/wp-content\/uploads\/2017\/08\/8f97c5688957cd6558eea254e2a8c31a_S-1.jpg","keywords":["ONU"],"articleSection":["infos"],"inLanguage":"fr-FR","potentialAction":[{"@type":"CommentAction","name":"Comment","target":["https:\/\/www.info-algerie.com\/actualites\/gaid-salah-a-la-2eme-rm-inauguration-dimportantes-unites-et-infrastructures-de-lanp\/#respond"]}]},{"@type":"WebPage","@id":"https:\/\/www.info-algerie.com\/actualites\/gaid-salah-a-la-2eme-rm-inauguration-dimportantes-unites-et-infrastructures-de-lanp\/","url":"https:\/\/www.info-algerie.com\/actualites\/gaid-salah-a-la-2eme-rm-inauguration-dimportantes-unites-et-infrastructures-de-lanp\/","name":"Ga\u00efd Salah \u00e0 la 2\u00e8me RM: inauguration d&#039;importantes unit\u00e9s et infrastructures de l&#039;ANP - info algerie","isPartOf":{"@id":"https:\/\/www.info-algerie.com\/actualites\/#website"},"primaryImageOfPage":{"@id":"https:\/\/www.info-algerie.com\/actualites\/gaid-salah-a-la-2eme-rm-inauguration-dimportantes-unites-et-infrastructures-de-lanp\/#primaryimage"},"image":{"@id":"https:\/\/www.info-algerie.com\/actualites\/gaid-salah-a-la-2eme-rm-inauguration-dimportantes-unites-et-infrastructures-de-lanp\/#primaryimage"},"thumbnailUrl":"https:\/\/www.info-algerie.com\/actualites\/wp-content\/uploads\/2017\/08\/8f97c5688957cd6558eea254e2a8c31a_S-1.jpg","datePublished":"2017-08-09T13:36:36+00:00","breadcrumb":{"@id":"https:\/\/www.info-algerie.com\/actualites\/gaid-salah-a-la-2eme-rm-inauguration-dimportantes-unites-et-infrastructures-de-lanp\/#breadcrumb"},"inLanguage":"fr-FR","potentialAction":[{"@type":"ReadAction","target":["https:\/\/www.info-algerie.com\/actualites\/gaid-salah-a-la-2eme-rm-inauguration-dimportantes-unites-et-infrastructures-de-lanp\/"]}]},{"@type":"ImageObject","inLanguage":"fr-FR","@id":"https:\/\/www.info-algerie.com\/actualites\/gaid-salah-a-la-2eme-rm-inauguration-dimportantes-unites-et-infrastructures-de-lanp\/#primaryimage","url":"https:\/\/www.info-algerie.com\/actualites\/wp-content\/uploads\/2017\/08\/8f97c5688957cd6558eea254e2a8c31a_S-1.jpg","contentUrl":"https:\/\/www.info-algerie.com\/actualites\/wp-content\/uploads\/2017\/08\/8f97c5688957cd6558eea254e2a8c31a_S-1.jpg","width":280,"height":166},{"@type":"BreadcrumbList","@id":"https:\/\/www.info-algerie.com\/actualites\/gaid-salah-a-la-2eme-rm-inauguration-dimportantes-unites-et-infrastructures-de-lanp\/#breadcrumb","itemListElement":[{"@type":"ListItem","position":1,"name":"Accueil","item":"https:\/\/www.info-algerie.com\/actualites\/"},{"@type":"ListItem","position":2,"name":"Ga\u00efd Salah \u00e0 la 2\u00e8me RM: inauguration d&#039;importantes unit\u00e9s et infrastructures de l&#039;ANP"}]},{"@type":"WebSite","@id":"https:\/\/www.info-algerie.com\/actualites\/#website","url":"https:\/\/www.info-algerie.com\/actualites\/","name":"info algerie","description":"Toutes les actualit\u00e9s","publisher":{"@id":"https:\/\/www.info-algerie.com\/actualites\/#organization"},"potentialAction":[{"@type":"SearchAction","target":{"@type":"EntryPoint","urlTemplate":"https:\/\/www.info-algerie.com\/actualites\/?s={search_term_string}"},"query-input":{"@type":"PropertyValueSpecification","valueRequired":true,"valueName":"search_term_string"}}],"inLanguage":"fr-FR"},{"@type":"Organization","@id":"https:\/\/www.info-algerie.com\/actualites\/#organization","name":"info algerie","url":"https:\/\/www.info-algerie.com\/actualites\/","logo":{"@type":"ImageObject","inLanguage":"fr-FR","@id":"https:\/\/www.info-algerie.com\/actualites\/#\/schema\/logo\/image\/","url":"https:\/\/www.info-algerie.com\/actualites\/wp-content\/uploads\/2022\/07\/logo-ia-120.png","contentUrl":"https:\/\/www.info-algerie.com\/actualites\/wp-content\/uploads\/2022\/07\/logo-ia-120.png","width":120,"height":43,"caption":"info algerie"},"image":{"@id":"https:\/\/www.info-algerie.com\/actualites\/#\/schema\/logo\/image\/"},"sameAs":["https:\/\/www.facebook.com\/infoalgerieactu","https:\/\/x.com\/infoalgerie1"]},{"@type":"Person","@id":"https:\/\/www.info-algerie.com\/actualites\/#\/schema\/person\/847aaec44920825b843a08f30ec6aa1e","name":"La r\u00e9daction","image":{"@type":"ImageObject","inLanguage":"fr-FR","@id":"https:\/\/secure.gravatar.com\/avatar\/769db425c6f465158149f1ffd6cf61ce7a8a879d11dfbef8288af36dfddd418c?s=96&d=mm&r=g","url":"https:\/\/secure.gravatar.com\/avatar\/769db425c6f465158149f1ffd6cf61ce7a8a879d11dfbef8288af36dfddd418c?s=96&d=mm&r=g","contentUrl":"https:\/\/secure.gravatar.com\/avatar\/769db425c6f465158149f1ffd6cf61ce7a8a879d11dfbef8288af36dfddd418c?s=96&d=mm&r=g","caption":"La r\u00e9daction"},"sameAs":["http:\/\/www.lkeria.com\/"],"url":"https:\/\/www.info-algerie.com\/actualites\/author\/chakib32\/"}]}},"_links":{"self":[{"href":"https:\/\/www.info-algerie.com\/actualites\/wp-json\/wp\/v2\/posts\/14878","targetHints":{"allow":["GET"]}}],"collection":[{"href":"https:\/\/www.info-algerie.com\/actualites\/wp-json\/wp\/v2\/posts"}],"about":[{"href":"https:\/\/www.info-algerie.com\/actualites\/wp-json\/wp\/v2\/types\/post"}],"author":[{"embeddable":true,"href":"https:\/\/www.info-algerie.com\/actualites\/wp-json\/wp\/v2\/users\/6"}],"replies":[{"embeddable":true,"href":"https:\/\/www.info-algerie.com\/actualites\/wp-json\/wp\/v2\/comments?post=14878"}],"version-history":[{"count":0,"href":"https:\/\/www.info-algerie.com\/actualites\/wp-json\/wp\/v2\/posts\/14878\/revisions"}],"wp:featuredmedia":[{"embeddable":true,"href":"https:\/\/www.info-algerie.com\/actualites\/wp-json\/wp\/v2\/media\/14879"}],"wp:attachment":[{"href":"https:\/\/www.info-algerie.com\/actualites\/wp-json\/wp\/v2\/media?parent=14878"}],"wp:term":[{"taxonomy":"category","embeddable":true,"href":"https:\/\/www.info-algerie.com\/actualites\/wp-json\/wp\/v2\/categories?post=14878"},{"taxonomy":"post_tag","embeddable":true,"href":"https:\/\/www.info-algerie.com\/actualites\/wp-json\/wp\/v2\/tags?post=14878"}],"curies":[{"name":"wp","href":"https:\/\/api.w.org\/{rel}","templated":true}]}}