{"id":14881,"date":"2017-08-09T15:40:22","date_gmt":"2017-08-09T14:40:22","guid":{"rendered":"http:\/\/www.info-algerie.com\/actualites\/le-snapap-salue-lappel-du-premier-ministre-au-dialogue-national\/"},"modified":"2017-08-09T15:40:22","modified_gmt":"2017-08-09T14:40:22","slug":"le-snapap-salue-lappel-du-premier-ministre-au-dialogue-national","status":"publish","type":"post","link":"https:\/\/www.info-algerie.com\/actualites\/le-snapap-salue-lappel-du-premier-ministre-au-dialogue-national\/","title":{"rendered":"Le SNAPAP &quot;salue&quot; l&#039;appel du Premier ministre au dialogue national"},"content":{"rendered":"<div class=\"K2FeedImage\"><img decoding=\"async\" src=\"https:\/\/www.info-algerie.com\/actualites\/wp-content\/uploads\/2017\/08\/721d795d5c1eec3987dc43fc6a9730a8_S.jpg\" \/><\/div>\n<div class=\"K2FeedIntroText\">\n<p>ALGER- Le Syndicat national autonome des personnels de\u00a0 l\u2019administration publique (SNAPAP) a salu\u00e9 mercredi l&rsquo;appel du Premier\u00a0 ministre Abelmadjid Teboune \u00e0 un dialogue national associant toutes les\u00a0 composantes de la soci\u00e9t\u00e9.<\/p>\n<p>&#013;\n<\/p><\/div>\n<div class=\"K2FeedFullText\">&#013;<\/p>\n<p>Le secr\u00e9taire g\u00e9n\u00e9ral du syndicat Belkacem Felfoul a indiqu\u00e9 dans un\u00a0 point de presse \u00e0 Alger que le SNAPAP\u00a0 \u00ab\u00a0salue l&rsquo;appel du Premier ministre\u00a0 au dialogue national\u00a0\u00bb, affirmant que le secr\u00e9tariat national a examin\u00e9 lors\u00a0 de sa derni\u00e8re r\u00e9union les moyens d&rsquo;une participation effective au\u00a0 dialogue.<\/p>\n<p>&#013;<\/p>\n<p>Le secr\u00e9tariat national a d\u00e9cid\u00e9, a-t-il ajout\u00e9, de \u00ab\u00a0cr\u00e9er trois\u00a0 commissions nationales charg\u00e9es d&rsquo;\u00e9tudier les dossiers relatifs au code du\u00a0 travail, \u00e0 la loi sur la retraite et \u00e0 la loi sur la sant\u00e9. Des rapports\u00a0 seront soumis au Premier minist\u00e8re\u00a0\u00bb, a-t-il pr\u00e9cis\u00e9.<\/p>\n<p>&#013;<\/p>\n<p>Evoquant les revendications du syndicat concernant ces dossiers, M.\u00a0 Felfoul a soulign\u00e9 \u00ab\u00a0la n\u00e9cessit\u00e9 de revoir le nouveau code du travail,\u00a0 concernant notamment les restrictions apport\u00e9es \u00e0 l&rsquo;action syndicale, le\u00a0 droit de gr\u00e8ve, et les \u0153uvres sociales dont nous exigeons le maintien au\u00a0 niveau de la base\u00a0\u00bb.<\/p>\n<p>&#013;<\/p>\n<p>Concernant la loi sur la retraite, le SNAPAP demande \u00ab\u00a0le maintien de la\u00a0 retraite sans condition d&rsquo;\u00e2ge en comptabilisant 32 ans d&rsquo;exp\u00e9rience\u00a0\u00bb.<\/p>\n<p>&#013;<\/p>\n<p>S&rsquo;agissant de la loi sur la sant\u00e9, le syndicat demande qu&rsquo;elle soit revue\u00a0 par \u00ab\u00a0des sp\u00e9cialistes et des experts, et enrichie \u00e0 travers un d\u00e9bat\u00a0 national avant de la soumettre au parlement\u00a0\u00bb.<\/p>\n<p>&#013;<\/p>\n<p>M. Felfoul a abord\u00e9 la question du pouvoir d&rsquo;achat du citoyen, soulignant\u00a0 la n\u00e9cessit\u00e9 de retenir \u00ab\u00a0l&rsquo;option de l&rsquo;aide cibl\u00e9e, une responsabilit\u00e9 qui\u00a0 incombe aux communes habilit\u00e9es \u00e0 \u00e9tablir la liste des d\u00e9munis\u00a0\u00bb.<\/p>\n<p>&#013;<\/p>\n<p>Il a \u00e9voqu\u00e9 les actions de protestation organis\u00e9es r\u00e9cemment par la\u00a0 f\u00e9d\u00e9ration des personnels du secteur des finances affili\u00e9e au SNAPAP,\u00a0 appelant le ministre du secteur \u00e0 \u00ab\u00a0ouvrir un dialogue s\u00e9rieux\u00a0\u00bb pour trouver\u00a0 des solutions aux probl\u00e8mes expos\u00e9s.<\/p>\n<\/div>\n<p>&#013;<br \/>\nSource: <a href=\"http:\/\/www.aps.dz\/algerie\/61573-le-snapap-salue-l-appel-du-premier-ministre-au-dialogue-national\" target=\"_blank\">Le SNAPAP \u00ab\u00a0salue\u00a0\u00bb l&rsquo;appel du Premier ministre au dialogue national<\/a><\/p>\n<!--CusAds0-->\n<div style=\"font-size: 0px; height: 0px; line-height: 0px; margin: 0; padding: 0; clear: both;\"><\/div>","protected":false},"excerpt":{"rendered":"<p>ALGER- Le Syndicat national autonome des personnels de\u00a0 l\u2019administration publique (SNAPAP) a salu\u00e9 mercredi l&rsquo;appel du Premier\u00a0 ministre Abelmadjid Teboune \u00e0 un dialogue national associant toutes les\u00a0 composantes de la soci\u00e9t\u00e9. &#013; &#013; Le secr\u00e9taire g\u00e9n\u00e9ral du syndicat Belkacem Felfoul a indiqu\u00e9 dans un\u00a0 point de presse \u00e0 Alger que le SNAPAP\u00a0 \u00ab\u00a0salue l&rsquo;appel du<\/p>\n","protected":false},"author":6,"featured_media":14882,"comment_status":"open","ping_status":"open","sticky":false,"template":"","format":"standard","meta":{"footnotes":""},"categories":[22],"tags":[93],"class_list":["post-14881","post","type-post","status-publish","format-standard","has-post-thumbnail","hentry","category-infos","tag-onu"],"yoast_head":"<!-- This site is optimized with the Yoast SEO plugin v27.5 - https:\/\/yoast.com\/product\/yoast-seo-wordpress\/ -->\n<title>Le SNAPAP &quot;salue&quot; l&#039;appel du Premier ministre au dialogue national - info algerie<\/title>\n<meta name=\"robots\" content=\"index, follow, max-snippet:-1, max-image-preview:large, max-video-preview:-1\" \/>\n<link rel=\"canonical\" href=\"https:\/\/www.info-algerie.com\/actualites\/le-snapap-salue-lappel-du-premier-ministre-au-dialogue-national\/\" \/>\n<meta property=\"og:locale\" content=\"fr_FR\" \/>\n<meta property=\"og:type\" content=\"article\" \/>\n<meta property=\"og:title\" content=\"Le SNAPAP &quot;salue&quot; l&#039;appel du Premier ministre au dialogue national - info algerie\" \/>\n<meta property=\"og:description\" content=\"ALGER- Le Syndicat national autonome des personnels de\u00a0 l\u2019administration publique (SNAPAP) a salu\u00e9 mercredi l&rsquo;appel du Premier\u00a0 ministre Abelmadjid Teboune \u00e0 un dialogue national associant toutes les\u00a0 composantes de la soci\u00e9t\u00e9. &#013; &#013; Le secr\u00e9taire g\u00e9n\u00e9ral du syndicat Belkacem Felfoul a indiqu\u00e9 dans un\u00a0 point de presse \u00e0 Alger que le SNAPAP\u00a0 \u00ab\u00a0salue l&rsquo;appel du\" \/>\n<meta property=\"og:url\" content=\"https:\/\/www.info-algerie.com\/actualites\/le-snapap-salue-lappel-du-premier-ministre-au-dialogue-national\/\" \/>\n<meta property=\"og:site_name\" content=\"info algerie\" \/>\n<meta property=\"article:publisher\" content=\"https:\/\/www.facebook.com\/infoalgerieactu\" \/>\n<meta property=\"article:published_time\" content=\"2017-08-09T14:40:22+00:00\" \/>\n<meta property=\"og:image\" content=\"https:\/\/www.info-algerie.com\/actualites\/wp-content\/uploads\/2017\/08\/721d795d5c1eec3987dc43fc6a9730a8_S-1.jpg\" \/>\n\t<meta property=\"og:image:width\" content=\"280\" \/>\n\t<meta property=\"og:image:height\" content=\"166\" \/>\n\t<meta property=\"og:image:type\" content=\"image\/jpeg\" \/>\n<meta name=\"author\" content=\"La r\u00e9daction\" \/>\n<meta name=\"twitter:label1\" content=\"\u00c9crit par\" \/>\n\t<meta name=\"twitter:data1\" content=\"La r\u00e9daction\" \/>\n\t<meta name=\"twitter:label2\" content=\"Dur\u00e9e de lecture estim\u00e9e\" \/>\n\t<meta name=\"twitter:data2\" content=\"2 minutes\" \/>\n<script type=\"application\/ld+json\" class=\"yoast-schema-graph\">{\"@context\":\"https:\\\/\\\/schema.org\",\"@graph\":[{\"@type\":\"Article\",\"@id\":\"https:\\\/\\\/www.info-algerie.com\\\/actualites\\\/le-snapap-salue-lappel-du-premier-ministre-au-dialogue-national\\\/#article\",\"isPartOf\":{\"@id\":\"https:\\\/\\\/www.info-algerie.com\\\/actualites\\\/le-snapap-salue-lappel-du-premier-ministre-au-dialogue-national\\\/\"},\"author\":{\"name\":\"La r\u00e9daction\",\"@id\":\"https:\\\/\\\/www.info-algerie.com\\\/actualites\\\/#\\\/schema\\\/person\\\/847aaec44920825b843a08f30ec6aa1e\"},\"headline\":\"Le SNAPAP &quot;salue&quot; l&#039;appel du Premier ministre au dialogue national\",\"datePublished\":\"2017-08-09T14:40:22+00:00\",\"mainEntityOfPage\":{\"@id\":\"https:\\\/\\\/www.info-algerie.com\\\/actualites\\\/le-snapap-salue-lappel-du-premier-ministre-au-dialogue-national\\\/\"},\"wordCount\":352,\"commentCount\":0,\"publisher\":{\"@id\":\"https:\\\/\\\/www.info-algerie.com\\\/actualites\\\/#organization\"},\"image\":{\"@id\":\"https:\\\/\\\/www.info-algerie.com\\\/actualites\\\/le-snapap-salue-lappel-du-premier-ministre-au-dialogue-national\\\/#primaryimage\"},\"thumbnailUrl\":\"https:\\\/\\\/www.info-algerie.com\\\/actualites\\\/wp-content\\\/uploads\\\/2017\\\/08\\\/721d795d5c1eec3987dc43fc6a9730a8_S-1.jpg\",\"keywords\":[\"ONU\"],\"articleSection\":[\"infos\"],\"inLanguage\":\"fr-FR\",\"potentialAction\":[{\"@type\":\"CommentAction\",\"name\":\"Comment\",\"target\":[\"https:\\\/\\\/www.info-algerie.com\\\/actualites\\\/le-snapap-salue-lappel-du-premier-ministre-au-dialogue-national\\\/#respond\"]}]},{\"@type\":\"WebPage\",\"@id\":\"https:\\\/\\\/www.info-algerie.com\\\/actualites\\\/le-snapap-salue-lappel-du-premier-ministre-au-dialogue-national\\\/\",\"url\":\"https:\\\/\\\/www.info-algerie.com\\\/actualites\\\/le-snapap-salue-lappel-du-premier-ministre-au-dialogue-national\\\/\",\"name\":\"Le SNAPAP &quot;salue&quot; l&#039;appel du Premier ministre au dialogue national - info algerie\",\"isPartOf\":{\"@id\":\"https:\\\/\\\/www.info-algerie.com\\\/actualites\\\/#website\"},\"primaryImageOfPage\":{\"@id\":\"https:\\\/\\\/www.info-algerie.com\\\/actualites\\\/le-snapap-salue-lappel-du-premier-ministre-au-dialogue-national\\\/#primaryimage\"},\"image\":{\"@id\":\"https:\\\/\\\/www.info-algerie.com\\\/actualites\\\/le-snapap-salue-lappel-du-premier-ministre-au-dialogue-national\\\/#primaryimage\"},\"thumbnailUrl\":\"https:\\\/\\\/www.info-algerie.com\\\/actualites\\\/wp-content\\\/uploads\\\/2017\\\/08\\\/721d795d5c1eec3987dc43fc6a9730a8_S-1.jpg\",\"datePublished\":\"2017-08-09T14:40:22+00:00\",\"breadcrumb\":{\"@id\":\"https:\\\/\\\/www.info-algerie.com\\\/actualites\\\/le-snapap-salue-lappel-du-premier-ministre-au-dialogue-national\\\/#breadcrumb\"},\"inLanguage\":\"fr-FR\",\"potentialAction\":[{\"@type\":\"ReadAction\",\"target\":[\"https:\\\/\\\/www.info-algerie.com\\\/actualites\\\/le-snapap-salue-lappel-du-premier-ministre-au-dialogue-national\\\/\"]}]},{\"@type\":\"ImageObject\",\"inLanguage\":\"fr-FR\",\"@id\":\"https:\\\/\\\/www.info-algerie.com\\\/actualites\\\/le-snapap-salue-lappel-du-premier-ministre-au-dialogue-national\\\/#primaryimage\",\"url\":\"https:\\\/\\\/www.info-algerie.com\\\/actualites\\\/wp-content\\\/uploads\\\/2017\\\/08\\\/721d795d5c1eec3987dc43fc6a9730a8_S-1.jpg\",\"contentUrl\":\"https:\\\/\\\/www.info-algerie.com\\\/actualites\\\/wp-content\\\/uploads\\\/2017\\\/08\\\/721d795d5c1eec3987dc43fc6a9730a8_S-1.jpg\",\"width\":280,\"height\":166},{\"@type\":\"BreadcrumbList\",\"@id\":\"https:\\\/\\\/www.info-algerie.com\\\/actualites\\\/le-snapap-salue-lappel-du-premier-ministre-au-dialogue-national\\\/#breadcrumb\",\"itemListElement\":[{\"@type\":\"ListItem\",\"position\":1,\"name\":\"Accueil\",\"item\":\"https:\\\/\\\/www.info-algerie.com\\\/actualites\\\/\"},{\"@type\":\"ListItem\",\"position\":2,\"name\":\"Le SNAPAP &quot;salue&quot; l&#039;appel du Premier ministre au dialogue national\"}]},{\"@type\":\"WebSite\",\"@id\":\"https:\\\/\\\/www.info-algerie.com\\\/actualites\\\/#website\",\"url\":\"https:\\\/\\\/www.info-algerie.com\\\/actualites\\\/\",\"name\":\"info algerie\",\"description\":\"Toutes les actualit\u00e9s\",\"publisher\":{\"@id\":\"https:\\\/\\\/www.info-algerie.com\\\/actualites\\\/#organization\"},\"potentialAction\":[{\"@type\":\"SearchAction\",\"target\":{\"@type\":\"EntryPoint\",\"urlTemplate\":\"https:\\\/\\\/www.info-algerie.com\\\/actualites\\\/?s={search_term_string}\"},\"query-input\":{\"@type\":\"PropertyValueSpecification\",\"valueRequired\":true,\"valueName\":\"search_term_string\"}}],\"inLanguage\":\"fr-FR\"},{\"@type\":\"Organization\",\"@id\":\"https:\\\/\\\/www.info-algerie.com\\\/actualites\\\/#organization\",\"name\":\"info algerie\",\"url\":\"https:\\\/\\\/www.info-algerie.com\\\/actualites\\\/\",\"logo\":{\"@type\":\"ImageObject\",\"inLanguage\":\"fr-FR\",\"@id\":\"https:\\\/\\\/www.info-algerie.com\\\/actualites\\\/#\\\/schema\\\/logo\\\/image\\\/\",\"url\":\"https:\\\/\\\/www.info-algerie.com\\\/actualites\\\/wp-content\\\/uploads\\\/2022\\\/07\\\/logo-ia-120.png\",\"contentUrl\":\"https:\\\/\\\/www.info-algerie.com\\\/actualites\\\/wp-content\\\/uploads\\\/2022\\\/07\\\/logo-ia-120.png\",\"width\":120,\"height\":43,\"caption\":\"info algerie\"},\"image\":{\"@id\":\"https:\\\/\\\/www.info-algerie.com\\\/actualites\\\/#\\\/schema\\\/logo\\\/image\\\/\"},\"sameAs\":[\"https:\\\/\\\/www.facebook.com\\\/infoalgerieactu\",\"https:\\\/\\\/x.com\\\/infoalgerie1\"]},{\"@type\":\"Person\",\"@id\":\"https:\\\/\\\/www.info-algerie.com\\\/actualites\\\/#\\\/schema\\\/person\\\/847aaec44920825b843a08f30ec6aa1e\",\"name\":\"La r\u00e9daction\",\"image\":{\"@type\":\"ImageObject\",\"inLanguage\":\"fr-FR\",\"@id\":\"https:\\\/\\\/secure.gravatar.com\\\/avatar\\\/769db425c6f465158149f1ffd6cf61ce7a8a879d11dfbef8288af36dfddd418c?s=96&d=mm&r=g\",\"url\":\"https:\\\/\\\/secure.gravatar.com\\\/avatar\\\/769db425c6f465158149f1ffd6cf61ce7a8a879d11dfbef8288af36dfddd418c?s=96&d=mm&r=g\",\"contentUrl\":\"https:\\\/\\\/secure.gravatar.com\\\/avatar\\\/769db425c6f465158149f1ffd6cf61ce7a8a879d11dfbef8288af36dfddd418c?s=96&d=mm&r=g\",\"caption\":\"La r\u00e9daction\"},\"sameAs\":[\"http:\\\/\\\/www.lkeria.com\\\/\"],\"url\":\"https:\\\/\\\/www.info-algerie.com\\\/actualites\\\/author\\\/chakib32\\\/\"}]}<\/script>\n<!-- \/ Yoast SEO plugin. -->","yoast_head_json":{"title":"Le SNAPAP &quot;salue&quot; l&#039;appel du Premier ministre au dialogue national - info algerie","robots":{"index":"index","follow":"follow","max-snippet":"max-snippet:-1","max-image-preview":"max-image-preview:large","max-video-preview":"max-video-preview:-1"},"canonical":"https:\/\/www.info-algerie.com\/actualites\/le-snapap-salue-lappel-du-premier-ministre-au-dialogue-national\/","og_locale":"fr_FR","og_type":"article","og_title":"Le SNAPAP &quot;salue&quot; l&#039;appel du Premier ministre au dialogue national - info algerie","og_description":"ALGER- Le Syndicat national autonome des personnels de\u00a0 l\u2019administration publique (SNAPAP) a salu\u00e9 mercredi l&rsquo;appel du Premier\u00a0 ministre Abelmadjid Teboune \u00e0 un dialogue national associant toutes les\u00a0 composantes de la soci\u00e9t\u00e9. &#013; &#013; Le secr\u00e9taire g\u00e9n\u00e9ral du syndicat Belkacem Felfoul a indiqu\u00e9 dans un\u00a0 point de presse \u00e0 Alger que le SNAPAP\u00a0 \u00ab\u00a0salue l&rsquo;appel du","og_url":"https:\/\/www.info-algerie.com\/actualites\/le-snapap-salue-lappel-du-premier-ministre-au-dialogue-national\/","og_site_name":"info algerie","article_publisher":"https:\/\/www.facebook.com\/infoalgerieactu","article_published_time":"2017-08-09T14:40:22+00:00","og_image":[{"width":280,"height":166,"url":"https:\/\/www.info-algerie.com\/actualites\/wp-content\/uploads\/2017\/08\/721d795d5c1eec3987dc43fc6a9730a8_S-1.jpg","type":"image\/jpeg"}],"author":"La r\u00e9daction","twitter_misc":{"\u00c9crit par":"La r\u00e9daction","Dur\u00e9e de lecture estim\u00e9e":"2 minutes"},"schema":{"@context":"https:\/\/schema.org","@graph":[{"@type":"Article","@id":"https:\/\/www.info-algerie.com\/actualites\/le-snapap-salue-lappel-du-premier-ministre-au-dialogue-national\/#article","isPartOf":{"@id":"https:\/\/www.info-algerie.com\/actualites\/le-snapap-salue-lappel-du-premier-ministre-au-dialogue-national\/"},"author":{"name":"La r\u00e9daction","@id":"https:\/\/www.info-algerie.com\/actualites\/#\/schema\/person\/847aaec44920825b843a08f30ec6aa1e"},"headline":"Le SNAPAP &quot;salue&quot; l&#039;appel du Premier ministre au dialogue national","datePublished":"2017-08-09T14:40:22+00:00","mainEntityOfPage":{"@id":"https:\/\/www.info-algerie.com\/actualites\/le-snapap-salue-lappel-du-premier-ministre-au-dialogue-national\/"},"wordCount":352,"commentCount":0,"publisher":{"@id":"https:\/\/www.info-algerie.com\/actualites\/#organization"},"image":{"@id":"https:\/\/www.info-algerie.com\/actualites\/le-snapap-salue-lappel-du-premier-ministre-au-dialogue-national\/#primaryimage"},"thumbnailUrl":"https:\/\/www.info-algerie.com\/actualites\/wp-content\/uploads\/2017\/08\/721d795d5c1eec3987dc43fc6a9730a8_S-1.jpg","keywords":["ONU"],"articleSection":["infos"],"inLanguage":"fr-FR","potentialAction":[{"@type":"CommentAction","name":"Comment","target":["https:\/\/www.info-algerie.com\/actualites\/le-snapap-salue-lappel-du-premier-ministre-au-dialogue-national\/#respond"]}]},{"@type":"WebPage","@id":"https:\/\/www.info-algerie.com\/actualites\/le-snapap-salue-lappel-du-premier-ministre-au-dialogue-national\/","url":"https:\/\/www.info-algerie.com\/actualites\/le-snapap-salue-lappel-du-premier-ministre-au-dialogue-national\/","name":"Le SNAPAP &quot;salue&quot; l&#039;appel du Premier ministre au dialogue national - info algerie","isPartOf":{"@id":"https:\/\/www.info-algerie.com\/actualites\/#website"},"primaryImageOfPage":{"@id":"https:\/\/www.info-algerie.com\/actualites\/le-snapap-salue-lappel-du-premier-ministre-au-dialogue-national\/#primaryimage"},"image":{"@id":"https:\/\/www.info-algerie.com\/actualites\/le-snapap-salue-lappel-du-premier-ministre-au-dialogue-national\/#primaryimage"},"thumbnailUrl":"https:\/\/www.info-algerie.com\/actualites\/wp-content\/uploads\/2017\/08\/721d795d5c1eec3987dc43fc6a9730a8_S-1.jpg","datePublished":"2017-08-09T14:40:22+00:00","breadcrumb":{"@id":"https:\/\/www.info-algerie.com\/actualites\/le-snapap-salue-lappel-du-premier-ministre-au-dialogue-national\/#breadcrumb"},"inLanguage":"fr-FR","potentialAction":[{"@type":"ReadAction","target":["https:\/\/www.info-algerie.com\/actualites\/le-snapap-salue-lappel-du-premier-ministre-au-dialogue-national\/"]}]},{"@type":"ImageObject","inLanguage":"fr-FR","@id":"https:\/\/www.info-algerie.com\/actualites\/le-snapap-salue-lappel-du-premier-ministre-au-dialogue-national\/#primaryimage","url":"https:\/\/www.info-algerie.com\/actualites\/wp-content\/uploads\/2017\/08\/721d795d5c1eec3987dc43fc6a9730a8_S-1.jpg","contentUrl":"https:\/\/www.info-algerie.com\/actualites\/wp-content\/uploads\/2017\/08\/721d795d5c1eec3987dc43fc6a9730a8_S-1.jpg","width":280,"height":166},{"@type":"BreadcrumbList","@id":"https:\/\/www.info-algerie.com\/actualites\/le-snapap-salue-lappel-du-premier-ministre-au-dialogue-national\/#breadcrumb","itemListElement":[{"@type":"ListItem","position":1,"name":"Accueil","item":"https:\/\/www.info-algerie.com\/actualites\/"},{"@type":"ListItem","position":2,"name":"Le SNAPAP &quot;salue&quot; l&#039;appel du Premier ministre au dialogue national"}]},{"@type":"WebSite","@id":"https:\/\/www.info-algerie.com\/actualites\/#website","url":"https:\/\/www.info-algerie.com\/actualites\/","name":"info algerie","description":"Toutes les actualit\u00e9s","publisher":{"@id":"https:\/\/www.info-algerie.com\/actualites\/#organization"},"potentialAction":[{"@type":"SearchAction","target":{"@type":"EntryPoint","urlTemplate":"https:\/\/www.info-algerie.com\/actualites\/?s={search_term_string}"},"query-input":{"@type":"PropertyValueSpecification","valueRequired":true,"valueName":"search_term_string"}}],"inLanguage":"fr-FR"},{"@type":"Organization","@id":"https:\/\/www.info-algerie.com\/actualites\/#organization","name":"info algerie","url":"https:\/\/www.info-algerie.com\/actualites\/","logo":{"@type":"ImageObject","inLanguage":"fr-FR","@id":"https:\/\/www.info-algerie.com\/actualites\/#\/schema\/logo\/image\/","url":"https:\/\/www.info-algerie.com\/actualites\/wp-content\/uploads\/2022\/07\/logo-ia-120.png","contentUrl":"https:\/\/www.info-algerie.com\/actualites\/wp-content\/uploads\/2022\/07\/logo-ia-120.png","width":120,"height":43,"caption":"info algerie"},"image":{"@id":"https:\/\/www.info-algerie.com\/actualites\/#\/schema\/logo\/image\/"},"sameAs":["https:\/\/www.facebook.com\/infoalgerieactu","https:\/\/x.com\/infoalgerie1"]},{"@type":"Person","@id":"https:\/\/www.info-algerie.com\/actualites\/#\/schema\/person\/847aaec44920825b843a08f30ec6aa1e","name":"La r\u00e9daction","image":{"@type":"ImageObject","inLanguage":"fr-FR","@id":"https:\/\/secure.gravatar.com\/avatar\/769db425c6f465158149f1ffd6cf61ce7a8a879d11dfbef8288af36dfddd418c?s=96&d=mm&r=g","url":"https:\/\/secure.gravatar.com\/avatar\/769db425c6f465158149f1ffd6cf61ce7a8a879d11dfbef8288af36dfddd418c?s=96&d=mm&r=g","contentUrl":"https:\/\/secure.gravatar.com\/avatar\/769db425c6f465158149f1ffd6cf61ce7a8a879d11dfbef8288af36dfddd418c?s=96&d=mm&r=g","caption":"La r\u00e9daction"},"sameAs":["http:\/\/www.lkeria.com\/"],"url":"https:\/\/www.info-algerie.com\/actualites\/author\/chakib32\/"}]}},"_links":{"self":[{"href":"https:\/\/www.info-algerie.com\/actualites\/wp-json\/wp\/v2\/posts\/14881","targetHints":{"allow":["GET"]}}],"collection":[{"href":"https:\/\/www.info-algerie.com\/actualites\/wp-json\/wp\/v2\/posts"}],"about":[{"href":"https:\/\/www.info-algerie.com\/actualites\/wp-json\/wp\/v2\/types\/post"}],"author":[{"embeddable":true,"href":"https:\/\/www.info-algerie.com\/actualites\/wp-json\/wp\/v2\/users\/6"}],"replies":[{"embeddable":true,"href":"https:\/\/www.info-algerie.com\/actualites\/wp-json\/wp\/v2\/comments?post=14881"}],"version-history":[{"count":0,"href":"https:\/\/www.info-algerie.com\/actualites\/wp-json\/wp\/v2\/posts\/14881\/revisions"}],"wp:featuredmedia":[{"embeddable":true,"href":"https:\/\/www.info-algerie.com\/actualites\/wp-json\/wp\/v2\/media\/14882"}],"wp:attachment":[{"href":"https:\/\/www.info-algerie.com\/actualites\/wp-json\/wp\/v2\/media?parent=14881"}],"wp:term":[{"taxonomy":"category","embeddable":true,"href":"https:\/\/www.info-algerie.com\/actualites\/wp-json\/wp\/v2\/categories?post=14881"},{"taxonomy":"post_tag","embeddable":true,"href":"https:\/\/www.info-algerie.com\/actualites\/wp-json\/wp\/v2\/tags?post=14881"}],"curies":[{"name":"wp","href":"https:\/\/api.w.org\/{rel}","templated":true}]}}