{"id":14886,"date":"2017-08-09T16:41:15","date_gmt":"2017-08-09T15:41:15","guid":{"rendered":"http:\/\/www.info-algerie.com\/actualites\/lactivite-professionnelle-appliquee-et-consciencieuse-permet-le-developpement-des-forces-armees\/"},"modified":"2017-08-09T16:41:15","modified_gmt":"2017-08-09T15:41:15","slug":"lactivite-professionnelle-appliquee-et-consciencieuse-permet-le-developpement-des-forces-armees","status":"publish","type":"post","link":"https:\/\/www.info-algerie.com\/actualites\/lactivite-professionnelle-appliquee-et-consciencieuse-permet-le-developpement-des-forces-armees\/","title":{"rendered":"L\u2019activit\u00e9 professionnelle &quot;appliqu\u00e9e&quot; et &quot;consciencieuse&quot;, permet le d\u00e9veloppement des Forces arm\u00e9es"},"content":{"rendered":"<div class=\"K2FeedImage\"><img decoding=\"async\" src=\"https:\/\/www.info-algerie.com\/actualites\/wp-content\/uploads\/2017\/08\/9420e156fedc549b7c29363727d5c92b_S.jpg\" \/><\/div>\n<div class=\"K2FeedIntroText\">\n<p class=\"MsoNormal\"><span style=\"font-size: 12.0pt;line-height: 115%\">ALGER- L\u2019activit\u00e9 professionnelle \u00ab\u00a0appliqu\u00e9e\u00a0\u00bb et<span>\u00a0 <\/span>\u00ab\u00a0consciencieuse\u00a0\u00bb est la conduite professionnelle id\u00e9ale \u00e0 tenir dans le<span>\u00a0 <\/span>processus de d\u00e9veloppement des Forces arm\u00e9es, \u00e0 travers la ma\u00eetrise totale<span>\u00a0 <\/span>des m\u00e9canismes d\u2019appropriation des nouvelles technologies, a soulign\u00e9<span>\u00a0 <\/span>mercredi \u00e0 Oran le G\u00e9n\u00e9ral de Corps d&rsquo;Arm\u00e9e Ahmed Ga\u00efd Salah, Vice-ministre<span>\u00a0 <\/span>de la D\u00e9fense nationale, Chef d&rsquo;\u00e9tat-major de l\u2019Arm\u00e9e nationale populaire.<\/span><\/p>\n<p>&#013;\n<\/p><\/div>\n<div class=\"K2FeedFullText\">&#013;<\/p>\n<p class=\"MsoNormal\"><span style=\"font-size: 12.0pt;line-height: 115%\">\u00ab\u00a0L\u2019activit\u00e9 professionnelle appliqu\u00e9e et consciencieuse, est la conduite<span>\u00a0 <\/span>professionnelle id\u00e9ale \u00e0 tenir, \u00e0 laquelle veille le Haut commandement de<span>\u00a0 <\/span>l\u2019Arm\u00e9e nationale populaire, appuy\u00e9 par le soutien et les orientations de<span>\u00a0 <\/span>Son Excellence, Monsieur le pr\u00e9sident de la R\u00e9publique, Chef supr\u00eame des<span>\u00a0 <\/span>Forces arm\u00e9es, ministre de la D\u00e9fense nationale, dans le processus de<span>\u00a0 <\/span>d\u00e9veloppement des Forces Arm\u00e9es, \u00e0 travers la maitrise totale des<span>\u00a0 <\/span>m\u00e9canismes d\u2019appropriation des nouvelles technologies qui dominent les<span>\u00a0 <\/span>mat\u00e9riels et les \u00e9quipements dont disposent les \u00e9l\u00e9ments des forces<span>\u00a0 <\/span>arm\u00e9es\u00a0\u00bb, a d\u00e9clar\u00e9 le G\u00e9n\u00e9ral de Corps d&rsquo;arm\u00e9e dans une allocution<span>\u00a0 <\/span>d&rsquo;orientation prononc\u00e9e devant les cadres de la Fa\u00e7ade maritime Ouest,<span>\u00a0 <\/span>indique un communiqu\u00e9 du minist\u00e8re de la D\u00e9fense nationale (MDN).<\/span><\/p>\n<p>&#013;<\/p>\n<p class=\"MsoNormal\"><span style=\"font-size: 12.0pt;line-height: 115%\">Au 3\u00e8me jour de sa <a href=\"http:\/\/www.aps.dz\/algerie\/61570-gaid-salah-a-la-2eme-rm-inauguration-d-importantes-unites-et-infrastructures-de-l-anp\"><strong><em>visite en 2\u00e8me R\u00e9gion militaire \u00e0 Oran<\/em><\/strong><\/a>, o\u00f9 il a<span>\u00a0 <\/span>supervis\u00e9 l\u2019ex\u00e9cution d\u2019un exercice de tir avec missile mer-mer et<span>\u00a0 <\/span>l\u2019inspection de quelques unit\u00e9s de la R\u00e9gion, le Chef d&rsquo;\u00e9tat major de l&rsquo;ANP<span>\u00a0 <\/span>a f\u00e9licit\u00e9 l\u2019\u00e9quipage de la fr\u00e9gate ERRADII pour \u00ab\u00a0la bonne ma\u00eetrise\u00a0\u00bb des<span>\u00a0 <\/span>armes et des \u00e9quipements dont ils ont fait preuve, saluant les grands<span>\u00a0 <\/span>efforts fournis au service du progr\u00e8s du corps de bataille de l\u2019ANP, et du<span>\u00a0 <\/span>d\u00e9veloppement de ses composantes en misant sur une ressource humaine<span>\u00a0 <\/span>comp\u00e9tente, en mesure de faire face \u00e0 tous les d\u00e9fis rencontr\u00e9s.<\/span><\/p>\n<p>&#013;<\/p>\n<p class=\"MsoNormal\"><span style=\"font-size: 12.0pt;line-height: 115%\">En effet, au niveau du polygone des Forces navales, relevant de la Fa\u00e7ade<span>\u00a0 <\/span>maritime Ouest \u00e0 Oran, en compagnie du G\u00e9n\u00e9ral major Sa\u00efd Bey, Commandant<span>\u00a0 <\/span>de la 2e R\u00e9gion militaire et du G\u00e9n\u00e9ral-major Mohamed Larbi Haouli,<span>\u00a0 <\/span>Commandant des Forces navales, le G\u00e9n\u00e9ral de Corps d\u2019arm\u00e9e a suivi,<span>\u00a0 <\/span>auparavant, le d\u00e9roulement de cet exercice, ex\u00e9cut\u00e9 par l\u2019\u00e9quipage de la<span>\u00a0 <\/span>fr\u00e9gate ERRADII.<\/span><\/p>\n<p>&#013;<\/p>\n<p class=\"MsoNormal\"><span style=\"font-size: 12.0pt;line-height: 115%\">\u00ab\u00a0Ce navire vient renforcer nos Forces navales en 2016, et ce, dans le<span>\u00a0 <\/span>cadre du programme de modernisation et d\u00e9veloppement de notre flotte<span>\u00a0 <\/span>navale\u00a0\u00bb, explique le communiqu\u00e9 du MDN.<\/span><\/p>\n<p>&#013;<\/p>\n<p class=\"MsoNormal\"><span style=\"font-size: 12.0pt;line-height: 115%\">\u00ab\u00a0L&rsquo;exercice de tir a vis\u00e9 un objectif flottant, en l&rsquo;occurrence un ancien<span>\u00a0 <\/span>bateau d\u00e9sign\u00e9 comme cible, o\u00f9 il a \u00e9t\u00e9 proc\u00e9d\u00e9 \u00e0 la simulation d&rsquo;une<span>\u00a0 <\/span>bataille navale contre un objectif ennemi. Le but de l&rsquo;exercice est de<span>\u00a0 <\/span>perfectionner la ma\u00eetrise des armements lourds des Forces navales,<span>\u00a0 <\/span>notamment les missiles contre les bateaux de guerre, et de contr\u00f4ler<span>\u00a0 <\/span>l&rsquo;efficacit\u00e9 de l&rsquo;armement acquis\u00a0\u00bb, ajoute le communiqu\u00e9.<\/span><\/p>\n<p>&#013;<\/p>\n<p class=\"MsoNormal\"><span style=\"font-size: 12.0pt;line-height: 115%\">\u00ab\u00a0Cet exercice rentre dans le cadre de la r\u00e9ception finale de la fr\u00e9gate<span>\u00a0 <\/span>ERRADII, une fois sa performance op\u00e9rationnelle confirm\u00e9e. Le tir a \u00e9t\u00e9<span>\u00a0 <\/span>ex\u00e9cut\u00e9 avec succ\u00e8s en d\u00e9truisant la cible maritime avec une grande<span>\u00a0 <\/span>pr\u00e9cision, ce qui repr\u00e9sente une r\u00e9ussite de plus, et un des fruits de la<span>\u00a0 <\/span>bonne pr\u00e9paration au combat des \u00e9quipages et la parfaite ma\u00eetrise<span>\u00a0 <\/span>d\u2019armements et des \u00e9quipements, confirmant ainsi le d\u00e9veloppement et<span>\u00a0 <\/span>l\u2019\u00e9tat-pr\u00eat op\u00e9rationnel atteints par les unit\u00e9s des Forces Navales<span>\u00a0 <\/span>alg\u00e9riennes ces derni\u00e8res ann\u00e9es\u00a0\u00bb, note le MDN \u00ab\u00a0Afin de concr\u00e9tiser cet objectif, nous veillons aujourd\u2019hui, \u00e0<span>\u00a0 <\/span>l\u2019ex\u00e9cution de ce genre d\u2019exercices navals avec des tirs r\u00e9els, afin de<span>\u00a0 <\/span>permettre \u00e0 la composante humaine une parfaite adaptation avec les donn\u00e9es<span>\u00a0 <\/span>et les exigences du travail professionnel qui, \u00e0 son tour, requiert<span>\u00a0 <\/span>l\u2019imp\u00e9ratif de la parfaite concordance avec la nature des missions<span>\u00a0 <\/span>assign\u00e9es, en toutes conditions et circonstances, avec l\u2019exigence de<span>\u00a0 <\/span>rendements individuel et collectif de qualit\u00e9\u00a0\u00bb, a d\u00e9clar\u00e9 M. Ahmed Ga\u00efd<span>\u00a0 <\/span>Salah dans son allocution.<\/span><\/p>\n<p>&#013;<\/p>\n<p class=\"MsoNormal\"><span style=\"font-size: 12.0pt;line-height: 115%\">\u00ab\u00a0Telle est la base du travail professionnel, et telle est la voie<span>\u00a0 <\/span>\u00e9clair\u00e9e qui contribuera positivement et efficacement \u00e0 la consolidation de<span>\u00a0 <\/span>l\u2019effort individuel et collectif\u00a0\u00bb, a-t-il ajout\u00e9.<\/span><\/p>\n<p>&#013;<\/p>\n<p class=\"MsoNormal\"><span style=\"font-size: 12.0pt;line-height: 115%\">\u00ab\u00a0Cet effort qui s\u2019inscrit dans le contexte de la continuit\u00e9 de la<span>\u00a0 <\/span>concr\u00e9tisation de la strat\u00e9gie de conciliation efficace entre les<span>\u00a0 <\/span>imp\u00e9ratifs d\u2019emploi optimal du mat\u00e9riel moderne r\u00e9alis\u00e9 et les exigences<span>\u00a0 <\/span>requises en termes de pr\u00e9paration et d\u2019instruction th\u00e9orique et pratique,<span>\u00a0 <\/span>ce qui ajoutera, sans aucun doute, au rendement de notre corps de bataille,<span>\u00a0 <\/span>l\u2019harmonie op\u00e9rationnelle et la compl\u00e9mentarit\u00e9 dans le travail de combat<span>\u00a0 <\/span>naval, comme il lui permettra assur\u00e9ment d\u2019acqu\u00e9rir la force et<span>\u00a0 <\/span>l\u2019efficacit\u00e9 aspir\u00e9es\u00a0\u00bb, a conclu le G\u00e9n\u00e9ral de Corps d&rsquo;Arm\u00e9e.<\/span><\/p>\n<p>&#013;<\/p>\n<p class=\"MsoNormal\"><span style=\"font-size: 12.0pt;line-height: 115%\">A la fin de l\u2019exercice, il a suivi un d\u00e9fil\u00e9 naval ex\u00e9cut\u00e9 par les unit\u00e9s<span>\u00a0 <\/span>de la Fa\u00e7ade Maritime Ouest, avant d&rsquo;\u00e9couter les interventions des \u00e9l\u00e9ments<span>\u00a0 <\/span>et leurs pr\u00e9occupations, qui ont toutes converg\u00e9 vers leur \u00ab\u00a0immuable\u00a0\u00bb et<span>\u00a0 <\/span>\u00ab\u00a0\u00e9ternel\u00a0\u00bb d\u00e9vouement \u00e0 l&rsquo;ANP et \u00e0 l&rsquo;Alg\u00e9rie, et leur total engagement au<span>\u00a0 <\/span>sacrifice pour sa s\u00e9curit\u00e9, sa stabilit\u00e9 et unit\u00e9, jusqu\u2019\u00e0 la derni\u00e8re<span>\u00a0 <\/span>goutte de leur sang, et c\u2019est vraiment \u00ab\u00a0un serment solennel, si vous<span>\u00a0 <\/span>saviez\u00a0\u00bb, pr\u00e9cise le communiqu\u00e9 MDN.<\/span><\/p>\n<\/div>\n<p>&#013;<br \/>\nSource: <a href=\"http:\/\/www.aps.dz\/algerie\/61574-l-activite-professionnelle-appliquee-et-consciencieuse-permet-le-developpement-des-forces-armees\" target=\"_blank\">L\u2019activit\u00e9 professionnelle \u00ab\u00a0appliqu\u00e9e\u00a0\u00bb et \u00ab\u00a0consciencieuse\u00a0\u00bb, permet le d\u00e9veloppement des Forces arm\u00e9es<\/a><\/p>\n<!--CusAds0-->\n<div style=\"font-size: 0px; height: 0px; line-height: 0px; margin: 0; padding: 0; clear: both;\"><\/div>","protected":false},"excerpt":{"rendered":"<p>ALGER- L\u2019activit\u00e9 professionnelle \u00ab\u00a0appliqu\u00e9e\u00a0\u00bb et\u00a0 \u00ab\u00a0consciencieuse\u00a0\u00bb est la conduite professionnelle id\u00e9ale \u00e0 tenir dans le\u00a0 processus de d\u00e9veloppement des Forces arm\u00e9es, \u00e0 travers la ma\u00eetrise totale\u00a0 des m\u00e9canismes d\u2019appropriation des nouvelles technologies, a soulign\u00e9\u00a0 mercredi \u00e0 Oran le G\u00e9n\u00e9ral de Corps d&rsquo;Arm\u00e9e Ahmed Ga\u00efd Salah, Vice-ministre\u00a0 de la D\u00e9fense nationale, Chef d&rsquo;\u00e9tat-major de l\u2019Arm\u00e9e nationale<\/p>\n","protected":false},"author":6,"featured_media":14887,"comment_status":"open","ping_status":"open","sticky":false,"template":"","format":"standard","meta":{"footnotes":""},"categories":[22],"tags":[93],"class_list":["post-14886","post","type-post","status-publish","format-standard","has-post-thumbnail","hentry","category-infos","tag-onu"],"yoast_head":"<!-- This site is optimized with the Yoast SEO plugin v27.5 - https:\/\/yoast.com\/product\/yoast-seo-wordpress\/ -->\n<title>L\u2019activit\u00e9 professionnelle &quot;appliqu\u00e9e&quot; et &quot;consciencieuse&quot;, permet le d\u00e9veloppement des Forces arm\u00e9es - info algerie<\/title>\n<meta name=\"robots\" content=\"index, follow, max-snippet:-1, max-image-preview:large, max-video-preview:-1\" \/>\n<link rel=\"canonical\" href=\"https:\/\/www.info-algerie.com\/actualites\/lactivite-professionnelle-appliquee-et-consciencieuse-permet-le-developpement-des-forces-armees\/\" \/>\n<meta property=\"og:locale\" content=\"fr_FR\" \/>\n<meta property=\"og:type\" content=\"article\" \/>\n<meta property=\"og:title\" content=\"L\u2019activit\u00e9 professionnelle &quot;appliqu\u00e9e&quot; et &quot;consciencieuse&quot;, permet le d\u00e9veloppement des Forces arm\u00e9es - info algerie\" \/>\n<meta property=\"og:description\" content=\"ALGER- L\u2019activit\u00e9 professionnelle \u00ab\u00a0appliqu\u00e9e\u00a0\u00bb et\u00a0 \u00ab\u00a0consciencieuse\u00a0\u00bb est la conduite professionnelle id\u00e9ale \u00e0 tenir dans le\u00a0 processus de d\u00e9veloppement des Forces arm\u00e9es, \u00e0 travers la ma\u00eetrise totale\u00a0 des m\u00e9canismes d\u2019appropriation des nouvelles technologies, a soulign\u00e9\u00a0 mercredi \u00e0 Oran le G\u00e9n\u00e9ral de Corps d&rsquo;Arm\u00e9e Ahmed Ga\u00efd Salah, Vice-ministre\u00a0 de la D\u00e9fense nationale, Chef d&rsquo;\u00e9tat-major de l\u2019Arm\u00e9e nationale\" \/>\n<meta property=\"og:url\" content=\"https:\/\/www.info-algerie.com\/actualites\/lactivite-professionnelle-appliquee-et-consciencieuse-permet-le-developpement-des-forces-armees\/\" \/>\n<meta property=\"og:site_name\" content=\"info algerie\" \/>\n<meta property=\"article:publisher\" content=\"https:\/\/www.facebook.com\/infoalgerieactu\" \/>\n<meta property=\"article:published_time\" content=\"2017-08-09T15:41:15+00:00\" \/>\n<meta property=\"og:image\" content=\"https:\/\/www.info-algerie.com\/actualites\/wp-content\/uploads\/2017\/08\/9420e156fedc549b7c29363727d5c92b_S-1.jpg\" \/>\n\t<meta property=\"og:image:width\" content=\"280\" \/>\n\t<meta property=\"og:image:height\" content=\"166\" \/>\n\t<meta property=\"og:image:type\" content=\"image\/jpeg\" \/>\n<meta name=\"author\" content=\"La r\u00e9daction\" \/>\n<meta name=\"twitter:label1\" content=\"\u00c9crit par\" \/>\n\t<meta name=\"twitter:data1\" content=\"La r\u00e9daction\" \/>\n\t<meta name=\"twitter:label2\" content=\"Dur\u00e9e de lecture estim\u00e9e\" \/>\n\t<meta name=\"twitter:data2\" content=\"5 minutes\" \/>\n<script type=\"application\/ld+json\" class=\"yoast-schema-graph\">{\"@context\":\"https:\\\/\\\/schema.org\",\"@graph\":[{\"@type\":\"Article\",\"@id\":\"https:\\\/\\\/www.info-algerie.com\\\/actualites\\\/lactivite-professionnelle-appliquee-et-consciencieuse-permet-le-developpement-des-forces-armees\\\/#article\",\"isPartOf\":{\"@id\":\"https:\\\/\\\/www.info-algerie.com\\\/actualites\\\/lactivite-professionnelle-appliquee-et-consciencieuse-permet-le-developpement-des-forces-armees\\\/\"},\"author\":{\"name\":\"La r\u00e9daction\",\"@id\":\"https:\\\/\\\/www.info-algerie.com\\\/actualites\\\/#\\\/schema\\\/person\\\/847aaec44920825b843a08f30ec6aa1e\"},\"headline\":\"L\u2019activit\u00e9 professionnelle &quot;appliqu\u00e9e&quot; et &quot;consciencieuse&quot;, permet le d\u00e9veloppement des Forces arm\u00e9es\",\"datePublished\":\"2017-08-09T15:41:15+00:00\",\"mainEntityOfPage\":{\"@id\":\"https:\\\/\\\/www.info-algerie.com\\\/actualites\\\/lactivite-professionnelle-appliquee-et-consciencieuse-permet-le-developpement-des-forces-armees\\\/\"},\"wordCount\":947,\"commentCount\":0,\"publisher\":{\"@id\":\"https:\\\/\\\/www.info-algerie.com\\\/actualites\\\/#organization\"},\"image\":{\"@id\":\"https:\\\/\\\/www.info-algerie.com\\\/actualites\\\/lactivite-professionnelle-appliquee-et-consciencieuse-permet-le-developpement-des-forces-armees\\\/#primaryimage\"},\"thumbnailUrl\":\"https:\\\/\\\/www.info-algerie.com\\\/actualites\\\/wp-content\\\/uploads\\\/2017\\\/08\\\/9420e156fedc549b7c29363727d5c92b_S-1.jpg\",\"keywords\":[\"ONU\"],\"articleSection\":[\"infos\"],\"inLanguage\":\"fr-FR\",\"potentialAction\":[{\"@type\":\"CommentAction\",\"name\":\"Comment\",\"target\":[\"https:\\\/\\\/www.info-algerie.com\\\/actualites\\\/lactivite-professionnelle-appliquee-et-consciencieuse-permet-le-developpement-des-forces-armees\\\/#respond\"]}]},{\"@type\":\"WebPage\",\"@id\":\"https:\\\/\\\/www.info-algerie.com\\\/actualites\\\/lactivite-professionnelle-appliquee-et-consciencieuse-permet-le-developpement-des-forces-armees\\\/\",\"url\":\"https:\\\/\\\/www.info-algerie.com\\\/actualites\\\/lactivite-professionnelle-appliquee-et-consciencieuse-permet-le-developpement-des-forces-armees\\\/\",\"name\":\"L\u2019activit\u00e9 professionnelle &quot;appliqu\u00e9e&quot; et &quot;consciencieuse&quot;, permet le d\u00e9veloppement des Forces arm\u00e9es - info algerie\",\"isPartOf\":{\"@id\":\"https:\\\/\\\/www.info-algerie.com\\\/actualites\\\/#website\"},\"primaryImageOfPage\":{\"@id\":\"https:\\\/\\\/www.info-algerie.com\\\/actualites\\\/lactivite-professionnelle-appliquee-et-consciencieuse-permet-le-developpement-des-forces-armees\\\/#primaryimage\"},\"image\":{\"@id\":\"https:\\\/\\\/www.info-algerie.com\\\/actualites\\\/lactivite-professionnelle-appliquee-et-consciencieuse-permet-le-developpement-des-forces-armees\\\/#primaryimage\"},\"thumbnailUrl\":\"https:\\\/\\\/www.info-algerie.com\\\/actualites\\\/wp-content\\\/uploads\\\/2017\\\/08\\\/9420e156fedc549b7c29363727d5c92b_S-1.jpg\",\"datePublished\":\"2017-08-09T15:41:15+00:00\",\"breadcrumb\":{\"@id\":\"https:\\\/\\\/www.info-algerie.com\\\/actualites\\\/lactivite-professionnelle-appliquee-et-consciencieuse-permet-le-developpement-des-forces-armees\\\/#breadcrumb\"},\"inLanguage\":\"fr-FR\",\"potentialAction\":[{\"@type\":\"ReadAction\",\"target\":[\"https:\\\/\\\/www.info-algerie.com\\\/actualites\\\/lactivite-professionnelle-appliquee-et-consciencieuse-permet-le-developpement-des-forces-armees\\\/\"]}]},{\"@type\":\"ImageObject\",\"inLanguage\":\"fr-FR\",\"@id\":\"https:\\\/\\\/www.info-algerie.com\\\/actualites\\\/lactivite-professionnelle-appliquee-et-consciencieuse-permet-le-developpement-des-forces-armees\\\/#primaryimage\",\"url\":\"https:\\\/\\\/www.info-algerie.com\\\/actualites\\\/wp-content\\\/uploads\\\/2017\\\/08\\\/9420e156fedc549b7c29363727d5c92b_S-1.jpg\",\"contentUrl\":\"https:\\\/\\\/www.info-algerie.com\\\/actualites\\\/wp-content\\\/uploads\\\/2017\\\/08\\\/9420e156fedc549b7c29363727d5c92b_S-1.jpg\",\"width\":280,\"height\":166},{\"@type\":\"BreadcrumbList\",\"@id\":\"https:\\\/\\\/www.info-algerie.com\\\/actualites\\\/lactivite-professionnelle-appliquee-et-consciencieuse-permet-le-developpement-des-forces-armees\\\/#breadcrumb\",\"itemListElement\":[{\"@type\":\"ListItem\",\"position\":1,\"name\":\"Accueil\",\"item\":\"https:\\\/\\\/www.info-algerie.com\\\/actualites\\\/\"},{\"@type\":\"ListItem\",\"position\":2,\"name\":\"L\u2019activit\u00e9 professionnelle &quot;appliqu\u00e9e&quot; et &quot;consciencieuse&quot;, permet le d\u00e9veloppement des Forces arm\u00e9es\"}]},{\"@type\":\"WebSite\",\"@id\":\"https:\\\/\\\/www.info-algerie.com\\\/actualites\\\/#website\",\"url\":\"https:\\\/\\\/www.info-algerie.com\\\/actualites\\\/\",\"name\":\"info algerie\",\"description\":\"Toutes les actualit\u00e9s\",\"publisher\":{\"@id\":\"https:\\\/\\\/www.info-algerie.com\\\/actualites\\\/#organization\"},\"potentialAction\":[{\"@type\":\"SearchAction\",\"target\":{\"@type\":\"EntryPoint\",\"urlTemplate\":\"https:\\\/\\\/www.info-algerie.com\\\/actualites\\\/?s={search_term_string}\"},\"query-input\":{\"@type\":\"PropertyValueSpecification\",\"valueRequired\":true,\"valueName\":\"search_term_string\"}}],\"inLanguage\":\"fr-FR\"},{\"@type\":\"Organization\",\"@id\":\"https:\\\/\\\/www.info-algerie.com\\\/actualites\\\/#organization\",\"name\":\"info algerie\",\"url\":\"https:\\\/\\\/www.info-algerie.com\\\/actualites\\\/\",\"logo\":{\"@type\":\"ImageObject\",\"inLanguage\":\"fr-FR\",\"@id\":\"https:\\\/\\\/www.info-algerie.com\\\/actualites\\\/#\\\/schema\\\/logo\\\/image\\\/\",\"url\":\"https:\\\/\\\/www.info-algerie.com\\\/actualites\\\/wp-content\\\/uploads\\\/2022\\\/07\\\/logo-ia-120.png\",\"contentUrl\":\"https:\\\/\\\/www.info-algerie.com\\\/actualites\\\/wp-content\\\/uploads\\\/2022\\\/07\\\/logo-ia-120.png\",\"width\":120,\"height\":43,\"caption\":\"info algerie\"},\"image\":{\"@id\":\"https:\\\/\\\/www.info-algerie.com\\\/actualites\\\/#\\\/schema\\\/logo\\\/image\\\/\"},\"sameAs\":[\"https:\\\/\\\/www.facebook.com\\\/infoalgerieactu\",\"https:\\\/\\\/x.com\\\/infoalgerie1\"]},{\"@type\":\"Person\",\"@id\":\"https:\\\/\\\/www.info-algerie.com\\\/actualites\\\/#\\\/schema\\\/person\\\/847aaec44920825b843a08f30ec6aa1e\",\"name\":\"La r\u00e9daction\",\"image\":{\"@type\":\"ImageObject\",\"inLanguage\":\"fr-FR\",\"@id\":\"https:\\\/\\\/secure.gravatar.com\\\/avatar\\\/769db425c6f465158149f1ffd6cf61ce7a8a879d11dfbef8288af36dfddd418c?s=96&d=mm&r=g\",\"url\":\"https:\\\/\\\/secure.gravatar.com\\\/avatar\\\/769db425c6f465158149f1ffd6cf61ce7a8a879d11dfbef8288af36dfddd418c?s=96&d=mm&r=g\",\"contentUrl\":\"https:\\\/\\\/secure.gravatar.com\\\/avatar\\\/769db425c6f465158149f1ffd6cf61ce7a8a879d11dfbef8288af36dfddd418c?s=96&d=mm&r=g\",\"caption\":\"La r\u00e9daction\"},\"sameAs\":[\"http:\\\/\\\/www.lkeria.com\\\/\"],\"url\":\"https:\\\/\\\/www.info-algerie.com\\\/actualites\\\/author\\\/chakib32\\\/\"}]}<\/script>\n<!-- \/ Yoast SEO plugin. -->","yoast_head_json":{"title":"L\u2019activit\u00e9 professionnelle &quot;appliqu\u00e9e&quot; et &quot;consciencieuse&quot;, permet le d\u00e9veloppement des Forces arm\u00e9es - info algerie","robots":{"index":"index","follow":"follow","max-snippet":"max-snippet:-1","max-image-preview":"max-image-preview:large","max-video-preview":"max-video-preview:-1"},"canonical":"https:\/\/www.info-algerie.com\/actualites\/lactivite-professionnelle-appliquee-et-consciencieuse-permet-le-developpement-des-forces-armees\/","og_locale":"fr_FR","og_type":"article","og_title":"L\u2019activit\u00e9 professionnelle &quot;appliqu\u00e9e&quot; et &quot;consciencieuse&quot;, permet le d\u00e9veloppement des Forces arm\u00e9es - info algerie","og_description":"ALGER- L\u2019activit\u00e9 professionnelle \u00ab\u00a0appliqu\u00e9e\u00a0\u00bb et\u00a0 \u00ab\u00a0consciencieuse\u00a0\u00bb est la conduite professionnelle id\u00e9ale \u00e0 tenir dans le\u00a0 processus de d\u00e9veloppement des Forces arm\u00e9es, \u00e0 travers la ma\u00eetrise totale\u00a0 des m\u00e9canismes d\u2019appropriation des nouvelles technologies, a soulign\u00e9\u00a0 mercredi \u00e0 Oran le G\u00e9n\u00e9ral de Corps d&rsquo;Arm\u00e9e Ahmed Ga\u00efd Salah, Vice-ministre\u00a0 de la D\u00e9fense nationale, Chef d&rsquo;\u00e9tat-major de l\u2019Arm\u00e9e nationale","og_url":"https:\/\/www.info-algerie.com\/actualites\/lactivite-professionnelle-appliquee-et-consciencieuse-permet-le-developpement-des-forces-armees\/","og_site_name":"info algerie","article_publisher":"https:\/\/www.facebook.com\/infoalgerieactu","article_published_time":"2017-08-09T15:41:15+00:00","og_image":[{"width":280,"height":166,"url":"https:\/\/www.info-algerie.com\/actualites\/wp-content\/uploads\/2017\/08\/9420e156fedc549b7c29363727d5c92b_S-1.jpg","type":"image\/jpeg"}],"author":"La r\u00e9daction","twitter_misc":{"\u00c9crit par":"La r\u00e9daction","Dur\u00e9e de lecture estim\u00e9e":"5 minutes"},"schema":{"@context":"https:\/\/schema.org","@graph":[{"@type":"Article","@id":"https:\/\/www.info-algerie.com\/actualites\/lactivite-professionnelle-appliquee-et-consciencieuse-permet-le-developpement-des-forces-armees\/#article","isPartOf":{"@id":"https:\/\/www.info-algerie.com\/actualites\/lactivite-professionnelle-appliquee-et-consciencieuse-permet-le-developpement-des-forces-armees\/"},"author":{"name":"La r\u00e9daction","@id":"https:\/\/www.info-algerie.com\/actualites\/#\/schema\/person\/847aaec44920825b843a08f30ec6aa1e"},"headline":"L\u2019activit\u00e9 professionnelle &quot;appliqu\u00e9e&quot; et &quot;consciencieuse&quot;, permet le d\u00e9veloppement des Forces arm\u00e9es","datePublished":"2017-08-09T15:41:15+00:00","mainEntityOfPage":{"@id":"https:\/\/www.info-algerie.com\/actualites\/lactivite-professionnelle-appliquee-et-consciencieuse-permet-le-developpement-des-forces-armees\/"},"wordCount":947,"commentCount":0,"publisher":{"@id":"https:\/\/www.info-algerie.com\/actualites\/#organization"},"image":{"@id":"https:\/\/www.info-algerie.com\/actualites\/lactivite-professionnelle-appliquee-et-consciencieuse-permet-le-developpement-des-forces-armees\/#primaryimage"},"thumbnailUrl":"https:\/\/www.info-algerie.com\/actualites\/wp-content\/uploads\/2017\/08\/9420e156fedc549b7c29363727d5c92b_S-1.jpg","keywords":["ONU"],"articleSection":["infos"],"inLanguage":"fr-FR","potentialAction":[{"@type":"CommentAction","name":"Comment","target":["https:\/\/www.info-algerie.com\/actualites\/lactivite-professionnelle-appliquee-et-consciencieuse-permet-le-developpement-des-forces-armees\/#respond"]}]},{"@type":"WebPage","@id":"https:\/\/www.info-algerie.com\/actualites\/lactivite-professionnelle-appliquee-et-consciencieuse-permet-le-developpement-des-forces-armees\/","url":"https:\/\/www.info-algerie.com\/actualites\/lactivite-professionnelle-appliquee-et-consciencieuse-permet-le-developpement-des-forces-armees\/","name":"L\u2019activit\u00e9 professionnelle &quot;appliqu\u00e9e&quot; et &quot;consciencieuse&quot;, permet le d\u00e9veloppement des Forces arm\u00e9es - info algerie","isPartOf":{"@id":"https:\/\/www.info-algerie.com\/actualites\/#website"},"primaryImageOfPage":{"@id":"https:\/\/www.info-algerie.com\/actualites\/lactivite-professionnelle-appliquee-et-consciencieuse-permet-le-developpement-des-forces-armees\/#primaryimage"},"image":{"@id":"https:\/\/www.info-algerie.com\/actualites\/lactivite-professionnelle-appliquee-et-consciencieuse-permet-le-developpement-des-forces-armees\/#primaryimage"},"thumbnailUrl":"https:\/\/www.info-algerie.com\/actualites\/wp-content\/uploads\/2017\/08\/9420e156fedc549b7c29363727d5c92b_S-1.jpg","datePublished":"2017-08-09T15:41:15+00:00","breadcrumb":{"@id":"https:\/\/www.info-algerie.com\/actualites\/lactivite-professionnelle-appliquee-et-consciencieuse-permet-le-developpement-des-forces-armees\/#breadcrumb"},"inLanguage":"fr-FR","potentialAction":[{"@type":"ReadAction","target":["https:\/\/www.info-algerie.com\/actualites\/lactivite-professionnelle-appliquee-et-consciencieuse-permet-le-developpement-des-forces-armees\/"]}]},{"@type":"ImageObject","inLanguage":"fr-FR","@id":"https:\/\/www.info-algerie.com\/actualites\/lactivite-professionnelle-appliquee-et-consciencieuse-permet-le-developpement-des-forces-armees\/#primaryimage","url":"https:\/\/www.info-algerie.com\/actualites\/wp-content\/uploads\/2017\/08\/9420e156fedc549b7c29363727d5c92b_S-1.jpg","contentUrl":"https:\/\/www.info-algerie.com\/actualites\/wp-content\/uploads\/2017\/08\/9420e156fedc549b7c29363727d5c92b_S-1.jpg","width":280,"height":166},{"@type":"BreadcrumbList","@id":"https:\/\/www.info-algerie.com\/actualites\/lactivite-professionnelle-appliquee-et-consciencieuse-permet-le-developpement-des-forces-armees\/#breadcrumb","itemListElement":[{"@type":"ListItem","position":1,"name":"Accueil","item":"https:\/\/www.info-algerie.com\/actualites\/"},{"@type":"ListItem","position":2,"name":"L\u2019activit\u00e9 professionnelle &quot;appliqu\u00e9e&quot; et &quot;consciencieuse&quot;, permet le d\u00e9veloppement des Forces arm\u00e9es"}]},{"@type":"WebSite","@id":"https:\/\/www.info-algerie.com\/actualites\/#website","url":"https:\/\/www.info-algerie.com\/actualites\/","name":"info algerie","description":"Toutes les actualit\u00e9s","publisher":{"@id":"https:\/\/www.info-algerie.com\/actualites\/#organization"},"potentialAction":[{"@type":"SearchAction","target":{"@type":"EntryPoint","urlTemplate":"https:\/\/www.info-algerie.com\/actualites\/?s={search_term_string}"},"query-input":{"@type":"PropertyValueSpecification","valueRequired":true,"valueName":"search_term_string"}}],"inLanguage":"fr-FR"},{"@type":"Organization","@id":"https:\/\/www.info-algerie.com\/actualites\/#organization","name":"info algerie","url":"https:\/\/www.info-algerie.com\/actualites\/","logo":{"@type":"ImageObject","inLanguage":"fr-FR","@id":"https:\/\/www.info-algerie.com\/actualites\/#\/schema\/logo\/image\/","url":"https:\/\/www.info-algerie.com\/actualites\/wp-content\/uploads\/2022\/07\/logo-ia-120.png","contentUrl":"https:\/\/www.info-algerie.com\/actualites\/wp-content\/uploads\/2022\/07\/logo-ia-120.png","width":120,"height":43,"caption":"info algerie"},"image":{"@id":"https:\/\/www.info-algerie.com\/actualites\/#\/schema\/logo\/image\/"},"sameAs":["https:\/\/www.facebook.com\/infoalgerieactu","https:\/\/x.com\/infoalgerie1"]},{"@type":"Person","@id":"https:\/\/www.info-algerie.com\/actualites\/#\/schema\/person\/847aaec44920825b843a08f30ec6aa1e","name":"La r\u00e9daction","image":{"@type":"ImageObject","inLanguage":"fr-FR","@id":"https:\/\/secure.gravatar.com\/avatar\/769db425c6f465158149f1ffd6cf61ce7a8a879d11dfbef8288af36dfddd418c?s=96&d=mm&r=g","url":"https:\/\/secure.gravatar.com\/avatar\/769db425c6f465158149f1ffd6cf61ce7a8a879d11dfbef8288af36dfddd418c?s=96&d=mm&r=g","contentUrl":"https:\/\/secure.gravatar.com\/avatar\/769db425c6f465158149f1ffd6cf61ce7a8a879d11dfbef8288af36dfddd418c?s=96&d=mm&r=g","caption":"La r\u00e9daction"},"sameAs":["http:\/\/www.lkeria.com\/"],"url":"https:\/\/www.info-algerie.com\/actualites\/author\/chakib32\/"}]}},"_links":{"self":[{"href":"https:\/\/www.info-algerie.com\/actualites\/wp-json\/wp\/v2\/posts\/14886","targetHints":{"allow":["GET"]}}],"collection":[{"href":"https:\/\/www.info-algerie.com\/actualites\/wp-json\/wp\/v2\/posts"}],"about":[{"href":"https:\/\/www.info-algerie.com\/actualites\/wp-json\/wp\/v2\/types\/post"}],"author":[{"embeddable":true,"href":"https:\/\/www.info-algerie.com\/actualites\/wp-json\/wp\/v2\/users\/6"}],"replies":[{"embeddable":true,"href":"https:\/\/www.info-algerie.com\/actualites\/wp-json\/wp\/v2\/comments?post=14886"}],"version-history":[{"count":0,"href":"https:\/\/www.info-algerie.com\/actualites\/wp-json\/wp\/v2\/posts\/14886\/revisions"}],"wp:featuredmedia":[{"embeddable":true,"href":"https:\/\/www.info-algerie.com\/actualites\/wp-json\/wp\/v2\/media\/14887"}],"wp:attachment":[{"href":"https:\/\/www.info-algerie.com\/actualites\/wp-json\/wp\/v2\/media?parent=14886"}],"wp:term":[{"taxonomy":"category","embeddable":true,"href":"https:\/\/www.info-algerie.com\/actualites\/wp-json\/wp\/v2\/categories?post=14886"},{"taxonomy":"post_tag","embeddable":true,"href":"https:\/\/www.info-algerie.com\/actualites\/wp-json\/wp\/v2\/tags?post=14886"}],"curies":[{"name":"wp","href":"https:\/\/api.w.org\/{rel}","templated":true}]}}