{"id":14889,"date":"2017-08-09T19:05:06","date_gmt":"2017-08-09T18:05:06","guid":{"rendered":"http:\/\/www.info-algerie.com\/actualites\/le-nombre-de-visas-accorde-par-la-hongrie-aux-algeriens-a-quadruple-ces-derniers-mois\/"},"modified":"2017-08-09T19:05:06","modified_gmt":"2017-08-09T18:05:06","slug":"le-nombre-de-visas-accorde-par-la-hongrie-aux-algeriens-a-quadruple-ces-derniers-mois","status":"publish","type":"post","link":"https:\/\/www.info-algerie.com\/actualites\/le-nombre-de-visas-accorde-par-la-hongrie-aux-algeriens-a-quadruple-ces-derniers-mois\/","title":{"rendered":"Le nombre de visas accord\u00e9 par la Hongrie aux Alg\u00e9riens a &quot;quadrupl\u00e9&quot; ces derniers mois"},"content":{"rendered":"<div class=\"K2FeedImage\"><img decoding=\"async\" src=\"https:\/\/www.info-algerie.com\/actualites\/wp-content\/uploads\/2017\/08\/45ebe3e924fcad53b757d1f093eac8de_S.jpg\" \/><\/div>\n<div class=\"K2FeedIntroText\">\n<p><span style=\"font-size: 12.0pt;line-height: 115%\">\u00a0<\/span>ALGER- Le nombre de visas accord\u00e9 par la Hongrie aux\u00a0 Alg\u00e9riens a \u00ab\u00a0quadrupl\u00e9\u00a0\u00bb ces derniers mois, vu que celle-ci est devenue une\u00a0 destination \u00ab\u00a0de plus en plus pris\u00e9e\u00a0\u00bb pour les touristes, les professionnels\u00a0 et les \u00e9tudiants, indique mercredi l&rsquo;ambassade de la Hongrie dans un\u00a0 communiqu\u00e9.<\/p>\n<p>&#013;\n<\/p><\/div>\n<div class=\"K2FeedFullText\">&#013;<\/p>\n<p>\u00ab\u00a0Etat membre de l\u2019espace Schengen, la Hongrie est une destination de plus\u00a0 en plus pris\u00e9e par les voyageurs alg\u00e9riens +touristes, professionnels,\u00a0 \u00e9tudiants+\u00a0\u00bb, souligne la m\u00eame source \u00e0 l&rsquo;occasion de la visite de\u00a0 l&rsquo;ambassadeur de la Hongrie Mme Helga Katalin Prits aux bureaux centraux de\u00a0 VFS Global, agence qui prend en charge la majorit\u00e9 des demandes de visa\u00a0 pour ce pays de l\u2019Europe centrale.<\/p>\n<p>&#013;<\/p>\n<p>Dans ce sens, l&rsquo;ambassade fait rappel\u00e9 que cela fait \u00ab\u00a0onze mois qu\u2019une\u00a0 ligne d\u2019Air Alg\u00e9rie dessert directement Budapest, et pendant ce temps le\u00a0 nombre de visa accord\u00e9 par la Hongrie aux alg\u00e9riens a quadrupl\u00e9\u00a0\u00bb.<\/p>\n<p>&#013;<\/p>\n<p>La ligne a\u00e9rienne de la compagnie de transport a \u00e9t\u00e9 inaugur\u00e9e,\u00a0 rappelle-t-on, le 16 septembre 2016.<\/p>\n<p>&#013;<\/p>\n<p>Par ailleurs, \u00ab\u00a0le d\u00e9placement de l\u2019ambassadeur a permis de faire le point\u00a0 avec le directeur r\u00e9gional de VFS Global, M. Nabil Hamidoun et de pr\u00e9senter\u00a0 Mme Adrienn K\u00e9zsmarki, Chef de mission adjointe charg\u00e9e des affaires\u00a0 consulaires, nouvellement arriv\u00e9e \u00e0 l\u2019Ambassade\u00a0\u00bb, ajoute la m\u00eame\u00a0 source.<\/p>\n<\/div>\n<p>&#013;<br \/>\nSource: <a href=\"http:\/\/www.aps.dz\/algerie\/61579-le-nombre-de-visas-accorde-par-la-hongrie-aux-algeriens-a-quadruple-ces-derniers-mois\" target=\"_blank\">Le nombre de visas accord\u00e9 par la Hongrie aux Alg\u00e9riens a \u00ab\u00a0quadrupl\u00e9\u00a0\u00bb ces derniers mois<\/a><\/p>\n<!--CusAds0-->\n<div style=\"font-size: 0px; height: 0px; line-height: 0px; margin: 0; padding: 0; clear: both;\"><\/div>","protected":false},"excerpt":{"rendered":"<p>\u00a0ALGER- Le nombre de visas accord\u00e9 par la Hongrie aux\u00a0 Alg\u00e9riens a \u00ab\u00a0quadrupl\u00e9\u00a0\u00bb ces derniers mois, vu que celle-ci est devenue une\u00a0 destination \u00ab\u00a0de plus en plus pris\u00e9e\u00a0\u00bb pour les touristes, les professionnels\u00a0 et les \u00e9tudiants, indique mercredi l&rsquo;ambassade de la Hongrie dans un\u00a0 communiqu\u00e9. &#013; &#013; \u00ab\u00a0Etat membre de l\u2019espace Schengen, la Hongrie est<\/p>\n","protected":false},"author":6,"featured_media":14890,"comment_status":"open","ping_status":"open","sticky":false,"template":"","format":"standard","meta":{"footnotes":""},"categories":[22],"tags":[93],"class_list":["post-14889","post","type-post","status-publish","format-standard","has-post-thumbnail","hentry","category-infos","tag-onu"],"yoast_head":"<!-- This site is optimized with the Yoast SEO plugin v27.5 - https:\/\/yoast.com\/product\/yoast-seo-wordpress\/ -->\n<title>Le nombre de visas accord\u00e9 par la Hongrie aux Alg\u00e9riens a &quot;quadrupl\u00e9&quot; ces derniers mois - info algerie<\/title>\n<meta name=\"robots\" content=\"index, follow, max-snippet:-1, max-image-preview:large, max-video-preview:-1\" \/>\n<link rel=\"canonical\" href=\"https:\/\/www.info-algerie.com\/actualites\/le-nombre-de-visas-accorde-par-la-hongrie-aux-algeriens-a-quadruple-ces-derniers-mois\/\" \/>\n<meta property=\"og:locale\" content=\"fr_FR\" \/>\n<meta property=\"og:type\" content=\"article\" \/>\n<meta property=\"og:title\" content=\"Le nombre de visas accord\u00e9 par la Hongrie aux Alg\u00e9riens a &quot;quadrupl\u00e9&quot; ces derniers mois - info algerie\" \/>\n<meta property=\"og:description\" content=\"\u00a0ALGER- Le nombre de visas accord\u00e9 par la Hongrie aux\u00a0 Alg\u00e9riens a \u00ab\u00a0quadrupl\u00e9\u00a0\u00bb ces derniers mois, vu que celle-ci est devenue une\u00a0 destination \u00ab\u00a0de plus en plus pris\u00e9e\u00a0\u00bb pour les touristes, les professionnels\u00a0 et les \u00e9tudiants, indique mercredi l&rsquo;ambassade de la Hongrie dans un\u00a0 communiqu\u00e9. &#013; &#013; \u00ab\u00a0Etat membre de l\u2019espace Schengen, la Hongrie est\" \/>\n<meta property=\"og:url\" content=\"https:\/\/www.info-algerie.com\/actualites\/le-nombre-de-visas-accorde-par-la-hongrie-aux-algeriens-a-quadruple-ces-derniers-mois\/\" \/>\n<meta property=\"og:site_name\" content=\"info algerie\" \/>\n<meta property=\"article:publisher\" content=\"https:\/\/www.facebook.com\/infoalgerieactu\" \/>\n<meta property=\"article:published_time\" content=\"2017-08-09T18:05:06+00:00\" \/>\n<meta property=\"og:image\" content=\"https:\/\/www.info-algerie.com\/actualites\/wp-content\/uploads\/2017\/08\/45ebe3e924fcad53b757d1f093eac8de_S-1.jpg\" \/>\n\t<meta property=\"og:image:width\" content=\"280\" \/>\n\t<meta property=\"og:image:height\" content=\"166\" \/>\n\t<meta property=\"og:image:type\" content=\"image\/jpeg\" \/>\n<meta name=\"author\" content=\"La r\u00e9daction\" \/>\n<meta name=\"twitter:label1\" content=\"\u00c9crit par\" \/>\n\t<meta name=\"twitter:data1\" content=\"La r\u00e9daction\" \/>\n\t<meta name=\"twitter:label2\" content=\"Dur\u00e9e de lecture estim\u00e9e\" \/>\n\t<meta name=\"twitter:data2\" content=\"1 minute\" \/>\n<script type=\"application\/ld+json\" class=\"yoast-schema-graph\">{\"@context\":\"https:\\\/\\\/schema.org\",\"@graph\":[{\"@type\":\"Article\",\"@id\":\"https:\\\/\\\/www.info-algerie.com\\\/actualites\\\/le-nombre-de-visas-accorde-par-la-hongrie-aux-algeriens-a-quadruple-ces-derniers-mois\\\/#article\",\"isPartOf\":{\"@id\":\"https:\\\/\\\/www.info-algerie.com\\\/actualites\\\/le-nombre-de-visas-accorde-par-la-hongrie-aux-algeriens-a-quadruple-ces-derniers-mois\\\/\"},\"author\":{\"name\":\"La r\u00e9daction\",\"@id\":\"https:\\\/\\\/www.info-algerie.com\\\/actualites\\\/#\\\/schema\\\/person\\\/847aaec44920825b843a08f30ec6aa1e\"},\"headline\":\"Le nombre de visas accord\u00e9 par la Hongrie aux Alg\u00e9riens a &quot;quadrupl\u00e9&quot; ces derniers mois\",\"datePublished\":\"2017-08-09T18:05:06+00:00\",\"mainEntityOfPage\":{\"@id\":\"https:\\\/\\\/www.info-algerie.com\\\/actualites\\\/le-nombre-de-visas-accorde-par-la-hongrie-aux-algeriens-a-quadruple-ces-derniers-mois\\\/\"},\"wordCount\":259,\"commentCount\":0,\"publisher\":{\"@id\":\"https:\\\/\\\/www.info-algerie.com\\\/actualites\\\/#organization\"},\"image\":{\"@id\":\"https:\\\/\\\/www.info-algerie.com\\\/actualites\\\/le-nombre-de-visas-accorde-par-la-hongrie-aux-algeriens-a-quadruple-ces-derniers-mois\\\/#primaryimage\"},\"thumbnailUrl\":\"https:\\\/\\\/www.info-algerie.com\\\/actualites\\\/wp-content\\\/uploads\\\/2017\\\/08\\\/45ebe3e924fcad53b757d1f093eac8de_S-1.jpg\",\"keywords\":[\"ONU\"],\"articleSection\":[\"infos\"],\"inLanguage\":\"fr-FR\",\"potentialAction\":[{\"@type\":\"CommentAction\",\"name\":\"Comment\",\"target\":[\"https:\\\/\\\/www.info-algerie.com\\\/actualites\\\/le-nombre-de-visas-accorde-par-la-hongrie-aux-algeriens-a-quadruple-ces-derniers-mois\\\/#respond\"]}]},{\"@type\":\"WebPage\",\"@id\":\"https:\\\/\\\/www.info-algerie.com\\\/actualites\\\/le-nombre-de-visas-accorde-par-la-hongrie-aux-algeriens-a-quadruple-ces-derniers-mois\\\/\",\"url\":\"https:\\\/\\\/www.info-algerie.com\\\/actualites\\\/le-nombre-de-visas-accorde-par-la-hongrie-aux-algeriens-a-quadruple-ces-derniers-mois\\\/\",\"name\":\"Le nombre de visas accord\u00e9 par la Hongrie aux Alg\u00e9riens a &quot;quadrupl\u00e9&quot; ces derniers mois - info algerie\",\"isPartOf\":{\"@id\":\"https:\\\/\\\/www.info-algerie.com\\\/actualites\\\/#website\"},\"primaryImageOfPage\":{\"@id\":\"https:\\\/\\\/www.info-algerie.com\\\/actualites\\\/le-nombre-de-visas-accorde-par-la-hongrie-aux-algeriens-a-quadruple-ces-derniers-mois\\\/#primaryimage\"},\"image\":{\"@id\":\"https:\\\/\\\/www.info-algerie.com\\\/actualites\\\/le-nombre-de-visas-accorde-par-la-hongrie-aux-algeriens-a-quadruple-ces-derniers-mois\\\/#primaryimage\"},\"thumbnailUrl\":\"https:\\\/\\\/www.info-algerie.com\\\/actualites\\\/wp-content\\\/uploads\\\/2017\\\/08\\\/45ebe3e924fcad53b757d1f093eac8de_S-1.jpg\",\"datePublished\":\"2017-08-09T18:05:06+00:00\",\"breadcrumb\":{\"@id\":\"https:\\\/\\\/www.info-algerie.com\\\/actualites\\\/le-nombre-de-visas-accorde-par-la-hongrie-aux-algeriens-a-quadruple-ces-derniers-mois\\\/#breadcrumb\"},\"inLanguage\":\"fr-FR\",\"potentialAction\":[{\"@type\":\"ReadAction\",\"target\":[\"https:\\\/\\\/www.info-algerie.com\\\/actualites\\\/le-nombre-de-visas-accorde-par-la-hongrie-aux-algeriens-a-quadruple-ces-derniers-mois\\\/\"]}]},{\"@type\":\"ImageObject\",\"inLanguage\":\"fr-FR\",\"@id\":\"https:\\\/\\\/www.info-algerie.com\\\/actualites\\\/le-nombre-de-visas-accorde-par-la-hongrie-aux-algeriens-a-quadruple-ces-derniers-mois\\\/#primaryimage\",\"url\":\"https:\\\/\\\/www.info-algerie.com\\\/actualites\\\/wp-content\\\/uploads\\\/2017\\\/08\\\/45ebe3e924fcad53b757d1f093eac8de_S-1.jpg\",\"contentUrl\":\"https:\\\/\\\/www.info-algerie.com\\\/actualites\\\/wp-content\\\/uploads\\\/2017\\\/08\\\/45ebe3e924fcad53b757d1f093eac8de_S-1.jpg\",\"width\":280,\"height\":166},{\"@type\":\"BreadcrumbList\",\"@id\":\"https:\\\/\\\/www.info-algerie.com\\\/actualites\\\/le-nombre-de-visas-accorde-par-la-hongrie-aux-algeriens-a-quadruple-ces-derniers-mois\\\/#breadcrumb\",\"itemListElement\":[{\"@type\":\"ListItem\",\"position\":1,\"name\":\"Accueil\",\"item\":\"https:\\\/\\\/www.info-algerie.com\\\/actualites\\\/\"},{\"@type\":\"ListItem\",\"position\":2,\"name\":\"Le nombre de visas accord\u00e9 par la Hongrie aux Alg\u00e9riens a &quot;quadrupl\u00e9&quot; ces derniers mois\"}]},{\"@type\":\"WebSite\",\"@id\":\"https:\\\/\\\/www.info-algerie.com\\\/actualites\\\/#website\",\"url\":\"https:\\\/\\\/www.info-algerie.com\\\/actualites\\\/\",\"name\":\"info algerie\",\"description\":\"Toutes les actualit\u00e9s\",\"publisher\":{\"@id\":\"https:\\\/\\\/www.info-algerie.com\\\/actualites\\\/#organization\"},\"potentialAction\":[{\"@type\":\"SearchAction\",\"target\":{\"@type\":\"EntryPoint\",\"urlTemplate\":\"https:\\\/\\\/www.info-algerie.com\\\/actualites\\\/?s={search_term_string}\"},\"query-input\":{\"@type\":\"PropertyValueSpecification\",\"valueRequired\":true,\"valueName\":\"search_term_string\"}}],\"inLanguage\":\"fr-FR\"},{\"@type\":\"Organization\",\"@id\":\"https:\\\/\\\/www.info-algerie.com\\\/actualites\\\/#organization\",\"name\":\"info algerie\",\"url\":\"https:\\\/\\\/www.info-algerie.com\\\/actualites\\\/\",\"logo\":{\"@type\":\"ImageObject\",\"inLanguage\":\"fr-FR\",\"@id\":\"https:\\\/\\\/www.info-algerie.com\\\/actualites\\\/#\\\/schema\\\/logo\\\/image\\\/\",\"url\":\"https:\\\/\\\/www.info-algerie.com\\\/actualites\\\/wp-content\\\/uploads\\\/2022\\\/07\\\/logo-ia-120.png\",\"contentUrl\":\"https:\\\/\\\/www.info-algerie.com\\\/actualites\\\/wp-content\\\/uploads\\\/2022\\\/07\\\/logo-ia-120.png\",\"width\":120,\"height\":43,\"caption\":\"info algerie\"},\"image\":{\"@id\":\"https:\\\/\\\/www.info-algerie.com\\\/actualites\\\/#\\\/schema\\\/logo\\\/image\\\/\"},\"sameAs\":[\"https:\\\/\\\/www.facebook.com\\\/infoalgerieactu\",\"https:\\\/\\\/x.com\\\/infoalgerie1\"]},{\"@type\":\"Person\",\"@id\":\"https:\\\/\\\/www.info-algerie.com\\\/actualites\\\/#\\\/schema\\\/person\\\/847aaec44920825b843a08f30ec6aa1e\",\"name\":\"La r\u00e9daction\",\"image\":{\"@type\":\"ImageObject\",\"inLanguage\":\"fr-FR\",\"@id\":\"https:\\\/\\\/secure.gravatar.com\\\/avatar\\\/769db425c6f465158149f1ffd6cf61ce7a8a879d11dfbef8288af36dfddd418c?s=96&d=mm&r=g\",\"url\":\"https:\\\/\\\/secure.gravatar.com\\\/avatar\\\/769db425c6f465158149f1ffd6cf61ce7a8a879d11dfbef8288af36dfddd418c?s=96&d=mm&r=g\",\"contentUrl\":\"https:\\\/\\\/secure.gravatar.com\\\/avatar\\\/769db425c6f465158149f1ffd6cf61ce7a8a879d11dfbef8288af36dfddd418c?s=96&d=mm&r=g\",\"caption\":\"La r\u00e9daction\"},\"sameAs\":[\"http:\\\/\\\/www.lkeria.com\\\/\"],\"url\":\"https:\\\/\\\/www.info-algerie.com\\\/actualites\\\/author\\\/chakib32\\\/\"}]}<\/script>\n<!-- \/ Yoast SEO plugin. -->","yoast_head_json":{"title":"Le nombre de visas accord\u00e9 par la Hongrie aux Alg\u00e9riens a &quot;quadrupl\u00e9&quot; ces derniers mois - info algerie","robots":{"index":"index","follow":"follow","max-snippet":"max-snippet:-1","max-image-preview":"max-image-preview:large","max-video-preview":"max-video-preview:-1"},"canonical":"https:\/\/www.info-algerie.com\/actualites\/le-nombre-de-visas-accorde-par-la-hongrie-aux-algeriens-a-quadruple-ces-derniers-mois\/","og_locale":"fr_FR","og_type":"article","og_title":"Le nombre de visas accord\u00e9 par la Hongrie aux Alg\u00e9riens a &quot;quadrupl\u00e9&quot; ces derniers mois - info algerie","og_description":"\u00a0ALGER- Le nombre de visas accord\u00e9 par la Hongrie aux\u00a0 Alg\u00e9riens a \u00ab\u00a0quadrupl\u00e9\u00a0\u00bb ces derniers mois, vu que celle-ci est devenue une\u00a0 destination \u00ab\u00a0de plus en plus pris\u00e9e\u00a0\u00bb pour les touristes, les professionnels\u00a0 et les \u00e9tudiants, indique mercredi l&rsquo;ambassade de la Hongrie dans un\u00a0 communiqu\u00e9. &#013; &#013; \u00ab\u00a0Etat membre de l\u2019espace Schengen, la Hongrie est","og_url":"https:\/\/www.info-algerie.com\/actualites\/le-nombre-de-visas-accorde-par-la-hongrie-aux-algeriens-a-quadruple-ces-derniers-mois\/","og_site_name":"info algerie","article_publisher":"https:\/\/www.facebook.com\/infoalgerieactu","article_published_time":"2017-08-09T18:05:06+00:00","og_image":[{"width":280,"height":166,"url":"https:\/\/www.info-algerie.com\/actualites\/wp-content\/uploads\/2017\/08\/45ebe3e924fcad53b757d1f093eac8de_S-1.jpg","type":"image\/jpeg"}],"author":"La r\u00e9daction","twitter_misc":{"\u00c9crit par":"La r\u00e9daction","Dur\u00e9e de lecture estim\u00e9e":"1 minute"},"schema":{"@context":"https:\/\/schema.org","@graph":[{"@type":"Article","@id":"https:\/\/www.info-algerie.com\/actualites\/le-nombre-de-visas-accorde-par-la-hongrie-aux-algeriens-a-quadruple-ces-derniers-mois\/#article","isPartOf":{"@id":"https:\/\/www.info-algerie.com\/actualites\/le-nombre-de-visas-accorde-par-la-hongrie-aux-algeriens-a-quadruple-ces-derniers-mois\/"},"author":{"name":"La r\u00e9daction","@id":"https:\/\/www.info-algerie.com\/actualites\/#\/schema\/person\/847aaec44920825b843a08f30ec6aa1e"},"headline":"Le nombre de visas accord\u00e9 par la Hongrie aux Alg\u00e9riens a &quot;quadrupl\u00e9&quot; ces derniers mois","datePublished":"2017-08-09T18:05:06+00:00","mainEntityOfPage":{"@id":"https:\/\/www.info-algerie.com\/actualites\/le-nombre-de-visas-accorde-par-la-hongrie-aux-algeriens-a-quadruple-ces-derniers-mois\/"},"wordCount":259,"commentCount":0,"publisher":{"@id":"https:\/\/www.info-algerie.com\/actualites\/#organization"},"image":{"@id":"https:\/\/www.info-algerie.com\/actualites\/le-nombre-de-visas-accorde-par-la-hongrie-aux-algeriens-a-quadruple-ces-derniers-mois\/#primaryimage"},"thumbnailUrl":"https:\/\/www.info-algerie.com\/actualites\/wp-content\/uploads\/2017\/08\/45ebe3e924fcad53b757d1f093eac8de_S-1.jpg","keywords":["ONU"],"articleSection":["infos"],"inLanguage":"fr-FR","potentialAction":[{"@type":"CommentAction","name":"Comment","target":["https:\/\/www.info-algerie.com\/actualites\/le-nombre-de-visas-accorde-par-la-hongrie-aux-algeriens-a-quadruple-ces-derniers-mois\/#respond"]}]},{"@type":"WebPage","@id":"https:\/\/www.info-algerie.com\/actualites\/le-nombre-de-visas-accorde-par-la-hongrie-aux-algeriens-a-quadruple-ces-derniers-mois\/","url":"https:\/\/www.info-algerie.com\/actualites\/le-nombre-de-visas-accorde-par-la-hongrie-aux-algeriens-a-quadruple-ces-derniers-mois\/","name":"Le nombre de visas accord\u00e9 par la Hongrie aux Alg\u00e9riens a &quot;quadrupl\u00e9&quot; ces derniers mois - info algerie","isPartOf":{"@id":"https:\/\/www.info-algerie.com\/actualites\/#website"},"primaryImageOfPage":{"@id":"https:\/\/www.info-algerie.com\/actualites\/le-nombre-de-visas-accorde-par-la-hongrie-aux-algeriens-a-quadruple-ces-derniers-mois\/#primaryimage"},"image":{"@id":"https:\/\/www.info-algerie.com\/actualites\/le-nombre-de-visas-accorde-par-la-hongrie-aux-algeriens-a-quadruple-ces-derniers-mois\/#primaryimage"},"thumbnailUrl":"https:\/\/www.info-algerie.com\/actualites\/wp-content\/uploads\/2017\/08\/45ebe3e924fcad53b757d1f093eac8de_S-1.jpg","datePublished":"2017-08-09T18:05:06+00:00","breadcrumb":{"@id":"https:\/\/www.info-algerie.com\/actualites\/le-nombre-de-visas-accorde-par-la-hongrie-aux-algeriens-a-quadruple-ces-derniers-mois\/#breadcrumb"},"inLanguage":"fr-FR","potentialAction":[{"@type":"ReadAction","target":["https:\/\/www.info-algerie.com\/actualites\/le-nombre-de-visas-accorde-par-la-hongrie-aux-algeriens-a-quadruple-ces-derniers-mois\/"]}]},{"@type":"ImageObject","inLanguage":"fr-FR","@id":"https:\/\/www.info-algerie.com\/actualites\/le-nombre-de-visas-accorde-par-la-hongrie-aux-algeriens-a-quadruple-ces-derniers-mois\/#primaryimage","url":"https:\/\/www.info-algerie.com\/actualites\/wp-content\/uploads\/2017\/08\/45ebe3e924fcad53b757d1f093eac8de_S-1.jpg","contentUrl":"https:\/\/www.info-algerie.com\/actualites\/wp-content\/uploads\/2017\/08\/45ebe3e924fcad53b757d1f093eac8de_S-1.jpg","width":280,"height":166},{"@type":"BreadcrumbList","@id":"https:\/\/www.info-algerie.com\/actualites\/le-nombre-de-visas-accorde-par-la-hongrie-aux-algeriens-a-quadruple-ces-derniers-mois\/#breadcrumb","itemListElement":[{"@type":"ListItem","position":1,"name":"Accueil","item":"https:\/\/www.info-algerie.com\/actualites\/"},{"@type":"ListItem","position":2,"name":"Le nombre de visas accord\u00e9 par la Hongrie aux Alg\u00e9riens a &quot;quadrupl\u00e9&quot; ces derniers mois"}]},{"@type":"WebSite","@id":"https:\/\/www.info-algerie.com\/actualites\/#website","url":"https:\/\/www.info-algerie.com\/actualites\/","name":"info algerie","description":"Toutes les actualit\u00e9s","publisher":{"@id":"https:\/\/www.info-algerie.com\/actualites\/#organization"},"potentialAction":[{"@type":"SearchAction","target":{"@type":"EntryPoint","urlTemplate":"https:\/\/www.info-algerie.com\/actualites\/?s={search_term_string}"},"query-input":{"@type":"PropertyValueSpecification","valueRequired":true,"valueName":"search_term_string"}}],"inLanguage":"fr-FR"},{"@type":"Organization","@id":"https:\/\/www.info-algerie.com\/actualites\/#organization","name":"info algerie","url":"https:\/\/www.info-algerie.com\/actualites\/","logo":{"@type":"ImageObject","inLanguage":"fr-FR","@id":"https:\/\/www.info-algerie.com\/actualites\/#\/schema\/logo\/image\/","url":"https:\/\/www.info-algerie.com\/actualites\/wp-content\/uploads\/2022\/07\/logo-ia-120.png","contentUrl":"https:\/\/www.info-algerie.com\/actualites\/wp-content\/uploads\/2022\/07\/logo-ia-120.png","width":120,"height":43,"caption":"info algerie"},"image":{"@id":"https:\/\/www.info-algerie.com\/actualites\/#\/schema\/logo\/image\/"},"sameAs":["https:\/\/www.facebook.com\/infoalgerieactu","https:\/\/x.com\/infoalgerie1"]},{"@type":"Person","@id":"https:\/\/www.info-algerie.com\/actualites\/#\/schema\/person\/847aaec44920825b843a08f30ec6aa1e","name":"La r\u00e9daction","image":{"@type":"ImageObject","inLanguage":"fr-FR","@id":"https:\/\/secure.gravatar.com\/avatar\/769db425c6f465158149f1ffd6cf61ce7a8a879d11dfbef8288af36dfddd418c?s=96&d=mm&r=g","url":"https:\/\/secure.gravatar.com\/avatar\/769db425c6f465158149f1ffd6cf61ce7a8a879d11dfbef8288af36dfddd418c?s=96&d=mm&r=g","contentUrl":"https:\/\/secure.gravatar.com\/avatar\/769db425c6f465158149f1ffd6cf61ce7a8a879d11dfbef8288af36dfddd418c?s=96&d=mm&r=g","caption":"La r\u00e9daction"},"sameAs":["http:\/\/www.lkeria.com\/"],"url":"https:\/\/www.info-algerie.com\/actualites\/author\/chakib32\/"}]}},"_links":{"self":[{"href":"https:\/\/www.info-algerie.com\/actualites\/wp-json\/wp\/v2\/posts\/14889","targetHints":{"allow":["GET"]}}],"collection":[{"href":"https:\/\/www.info-algerie.com\/actualites\/wp-json\/wp\/v2\/posts"}],"about":[{"href":"https:\/\/www.info-algerie.com\/actualites\/wp-json\/wp\/v2\/types\/post"}],"author":[{"embeddable":true,"href":"https:\/\/www.info-algerie.com\/actualites\/wp-json\/wp\/v2\/users\/6"}],"replies":[{"embeddable":true,"href":"https:\/\/www.info-algerie.com\/actualites\/wp-json\/wp\/v2\/comments?post=14889"}],"version-history":[{"count":0,"href":"https:\/\/www.info-algerie.com\/actualites\/wp-json\/wp\/v2\/posts\/14889\/revisions"}],"wp:featuredmedia":[{"embeddable":true,"href":"https:\/\/www.info-algerie.com\/actualites\/wp-json\/wp\/v2\/media\/14890"}],"wp:attachment":[{"href":"https:\/\/www.info-algerie.com\/actualites\/wp-json\/wp\/v2\/media?parent=14889"}],"wp:term":[{"taxonomy":"category","embeddable":true,"href":"https:\/\/www.info-algerie.com\/actualites\/wp-json\/wp\/v2\/categories?post=14889"},{"taxonomy":"post_tag","embeddable":true,"href":"https:\/\/www.info-algerie.com\/actualites\/wp-json\/wp\/v2\/tags?post=14889"}],"curies":[{"name":"wp","href":"https:\/\/api.w.org\/{rel}","templated":true}]}}