{"id":14895,"date":"2017-08-10T09:08:28","date_gmt":"2017-08-10T08:08:28","guid":{"rendered":"http:\/\/www.info-algerie.com\/actualites\/messahel-sentretient-a-manama-avec-son-homologue-bahreini\/"},"modified":"2017-08-10T09:08:28","modified_gmt":"2017-08-10T08:08:28","slug":"messahel-sentretient-a-manama-avec-son-homologue-bahreini","status":"publish","type":"post","link":"https:\/\/www.info-algerie.com\/actualites\/messahel-sentretient-a-manama-avec-son-homologue-bahreini\/","title":{"rendered":"Messahel s\u2019entretient \u00e0 Manama avec son homologue bahre\u00efni"},"content":{"rendered":"<div class=\"K2FeedIntroText\">\n<p>ALGER &#8211; Le ministre des Affaires \u00e9trang\u00e8res <strong><a href=\"http:\/\/www.aps.dz\/algerie\/61567-messahel-a-manama-pour-une-visite-de-travail-au-bahrein\">Abdelkader Messahel<\/a><\/strong> s\u2019est entretenu mercredi \u00e0 Manama avec le ministre des Affaires \u00e9trang\u00e8res bahre\u00efni Khaled Ben Ahmed Al-Khalifa, indique un communiqu\u00e9 du minist\u00e8re.<\/p>\n<p>&#013;\n<\/p><\/div>\n<div class=\"K2FeedFullText\">&#013;<\/p>\n<p>Les deux ministres ont pass\u00e9 en revue l\u2019\u00e9tat de la coop\u00e9ration bilat\u00e9rale, en mettant un accent particulier sur l\u2019ensemble des opportunit\u00e9s de coop\u00e9ration qui s\u2019offrent aux deux pays en vue de diversifier et de renforcer les relations qui lient l\u2019Alg\u00e9rie et le Bahre\u00efn, en particulier sur le plan \u00e9conomique et de l\u2019investissement, ajoute la m\u00eame source.<\/p>\n<p>&#013;<\/p>\n<p>A ce titre, M. Messahel et son homologue bahre\u00efni sont convenus, notamment, de mettre \u00e0 profit les prochaines \u00e9ch\u00e9ances inscrites \u00e0 l\u2019Agenda de la coop\u00e9ration bilat\u00e9rale, notamment la prochaine session de la Commission mixte bilat\u00e9rale, en vue de d\u00e9velopper les \u00e9changes \u00e9conomiques entre les deux pays.<\/p>\n<p>&#013;<\/p>\n<p>S\u2019agissant des questions r\u00e9gionales et internationales, M. Messahel et M. Khaled Ben Ahmed ont, \u00e9galement, \u00e9chang\u00e9 leurs vues sur l\u2019ensemble des dossiers qui interpellent le monde arabe. \u00ab\u00a0Les \u00e9changes ont port\u00e9 notamment sur la crise dans la r\u00e9gion du Golfe, la situation en Libye, en Syrie et au Y\u00e9men ainsi que sur la lutte contre le terrorisme et l\u2019extr\u00e9misme violent\u00a0\u00bb, a pr\u00e9cis\u00e9 le communiqu\u00e9.<\/p>\n<p>&#013;<\/p>\n<p>Sur ce plan, les deux ministres ont insist\u00e9 sur la n\u00e9cessit\u00e9 pour le monde arabe d\u2019une \u00ab\u00a0plus grande coordination et solidarit\u00e9 pour faire face \u00e0 ces d\u00e9fis et \u00e0 ces crises\u00a0\u00bb. Ils ont appel\u00e9, \u00e0 cet \u00e9gard, \u00e0 une r\u00e9forme de l\u2019institution panarabe pour qu\u2019elle \u00ab\u00a0puisse se mettre au diapason des attentes des peuples arabes et contribuer au retour de la stabilit\u00e9 et de\u00a0 la s\u00e9curit\u00e9 dans la r\u00e9gion\u00a0\u00bb, conclut le communiqu\u00e9.<\/p>\n<p>&#013;<\/p>\n<p>M. Messahel est arriv\u00e9, mercredi, \u00e0 Manama en provenance de Baghdad, pour une visite de travail au Bahre\u00efn dans le cadre de sa tourn\u00e9e dans le monde arabe qu\u2019il m\u00e8ne sur instruction du pr\u00e9sident de la R\u00e9publique, Abdelaziz\u00a0 Bouteflika.<\/p>\n<p>&#013;<\/p>\n<p class=\"MsoNormal\">Le chef de la diplomatie alg\u00e9rienne a \u00e9t\u00e9 re\u00e7u mercredi par le Roi du Bahre\u00efn, Hamed Ben Issa Al Khalifa, \u00e0 qui il a remis un message \u00ab\u00a0d&rsquo;estime et de fraternit\u00e9\u00a0\u00bb du pr\u00e9sident Bouteflika.<\/p>\n<\/div>\n<p>&#013;<br \/>\nSource: <a href=\"http:\/\/www.aps.dz\/algerie\/61584-messahel-s-entretient-a-manama-avec-son-homologue-bahreini\" target=\"_blank\">Messahel s\u2019entretient \u00e0 Manama avec son homologue bahre\u00efni<\/a><\/p>\n<!--CusAds0-->\n<div style=\"font-size: 0px; height: 0px; line-height: 0px; margin: 0; padding: 0; clear: both;\"><\/div>","protected":false},"excerpt":{"rendered":"<p>ALGER &#8211; Le ministre des Affaires \u00e9trang\u00e8res Abdelkader Messahel s\u2019est entretenu mercredi \u00e0 Manama avec le ministre des Affaires \u00e9trang\u00e8res bahre\u00efni Khaled Ben Ahmed Al-Khalifa, indique un communiqu\u00e9 du minist\u00e8re. &#013; &#013; Les deux ministres ont pass\u00e9 en revue l\u2019\u00e9tat de la coop\u00e9ration bilat\u00e9rale, en mettant un accent particulier sur l\u2019ensemble des opportunit\u00e9s de coop\u00e9ration<\/p>\n","protected":false},"author":6,"featured_media":0,"comment_status":"open","ping_status":"open","sticky":false,"template":"","format":"standard","meta":{"footnotes":""},"categories":[22],"tags":[93],"class_list":["post-14895","post","type-post","status-publish","format-standard","hentry","category-infos","tag-onu"],"yoast_head":"<!-- This site is optimized with the Yoast SEO plugin v27.5 - https:\/\/yoast.com\/product\/yoast-seo-wordpress\/ -->\n<title>Messahel s\u2019entretient \u00e0 Manama avec son homologue bahre\u00efni - info algerie<\/title>\n<meta name=\"robots\" content=\"index, follow, max-snippet:-1, max-image-preview:large, max-video-preview:-1\" \/>\n<link rel=\"canonical\" href=\"https:\/\/www.info-algerie.com\/actualites\/messahel-sentretient-a-manama-avec-son-homologue-bahreini\/\" \/>\n<meta property=\"og:locale\" content=\"fr_FR\" \/>\n<meta property=\"og:type\" content=\"article\" \/>\n<meta property=\"og:title\" content=\"Messahel s\u2019entretient \u00e0 Manama avec son homologue bahre\u00efni - info algerie\" \/>\n<meta property=\"og:description\" content=\"ALGER &#8211; Le ministre des Affaires \u00e9trang\u00e8res Abdelkader Messahel s\u2019est entretenu mercredi \u00e0 Manama avec le ministre des Affaires \u00e9trang\u00e8res bahre\u00efni Khaled Ben Ahmed Al-Khalifa, indique un communiqu\u00e9 du minist\u00e8re. &#013; &#013; Les deux ministres ont pass\u00e9 en revue l\u2019\u00e9tat de la coop\u00e9ration bilat\u00e9rale, en mettant un accent particulier sur l\u2019ensemble des opportunit\u00e9s de coop\u00e9ration\" \/>\n<meta property=\"og:url\" content=\"https:\/\/www.info-algerie.com\/actualites\/messahel-sentretient-a-manama-avec-son-homologue-bahreini\/\" \/>\n<meta property=\"og:site_name\" content=\"info algerie\" \/>\n<meta property=\"article:publisher\" content=\"https:\/\/www.facebook.com\/infoalgerieactu\" \/>\n<meta property=\"article:published_time\" content=\"2017-08-10T08:08:28+00:00\" \/>\n<meta name=\"author\" content=\"La r\u00e9daction\" \/>\n<meta name=\"twitter:label1\" content=\"\u00c9crit par\" \/>\n\t<meta name=\"twitter:data1\" content=\"La r\u00e9daction\" \/>\n\t<meta name=\"twitter:label2\" content=\"Dur\u00e9e de lecture estim\u00e9e\" \/>\n\t<meta name=\"twitter:data2\" content=\"2 minutes\" \/>\n<script type=\"application\/ld+json\" class=\"yoast-schema-graph\">{\"@context\":\"https:\\\/\\\/schema.org\",\"@graph\":[{\"@type\":\"Article\",\"@id\":\"https:\\\/\\\/www.info-algerie.com\\\/actualites\\\/messahel-sentretient-a-manama-avec-son-homologue-bahreini\\\/#article\",\"isPartOf\":{\"@id\":\"https:\\\/\\\/www.info-algerie.com\\\/actualites\\\/messahel-sentretient-a-manama-avec-son-homologue-bahreini\\\/\"},\"author\":{\"name\":\"La r\u00e9daction\",\"@id\":\"https:\\\/\\\/www.info-algerie.com\\\/actualites\\\/#\\\/schema\\\/person\\\/847aaec44920825b843a08f30ec6aa1e\"},\"headline\":\"Messahel s\u2019entretient \u00e0 Manama avec son homologue bahre\u00efni\",\"datePublished\":\"2017-08-10T08:08:28+00:00\",\"mainEntityOfPage\":{\"@id\":\"https:\\\/\\\/www.info-algerie.com\\\/actualites\\\/messahel-sentretient-a-manama-avec-son-homologue-bahreini\\\/\"},\"wordCount\":402,\"commentCount\":0,\"publisher\":{\"@id\":\"https:\\\/\\\/www.info-algerie.com\\\/actualites\\\/#organization\"},\"keywords\":[\"ONU\"],\"articleSection\":[\"infos\"],\"inLanguage\":\"fr-FR\",\"potentialAction\":[{\"@type\":\"CommentAction\",\"name\":\"Comment\",\"target\":[\"https:\\\/\\\/www.info-algerie.com\\\/actualites\\\/messahel-sentretient-a-manama-avec-son-homologue-bahreini\\\/#respond\"]}]},{\"@type\":\"WebPage\",\"@id\":\"https:\\\/\\\/www.info-algerie.com\\\/actualites\\\/messahel-sentretient-a-manama-avec-son-homologue-bahreini\\\/\",\"url\":\"https:\\\/\\\/www.info-algerie.com\\\/actualites\\\/messahel-sentretient-a-manama-avec-son-homologue-bahreini\\\/\",\"name\":\"Messahel s\u2019entretient \u00e0 Manama avec son homologue bahre\u00efni - info algerie\",\"isPartOf\":{\"@id\":\"https:\\\/\\\/www.info-algerie.com\\\/actualites\\\/#website\"},\"datePublished\":\"2017-08-10T08:08:28+00:00\",\"breadcrumb\":{\"@id\":\"https:\\\/\\\/www.info-algerie.com\\\/actualites\\\/messahel-sentretient-a-manama-avec-son-homologue-bahreini\\\/#breadcrumb\"},\"inLanguage\":\"fr-FR\",\"potentialAction\":[{\"@type\":\"ReadAction\",\"target\":[\"https:\\\/\\\/www.info-algerie.com\\\/actualites\\\/messahel-sentretient-a-manama-avec-son-homologue-bahreini\\\/\"]}]},{\"@type\":\"BreadcrumbList\",\"@id\":\"https:\\\/\\\/www.info-algerie.com\\\/actualites\\\/messahel-sentretient-a-manama-avec-son-homologue-bahreini\\\/#breadcrumb\",\"itemListElement\":[{\"@type\":\"ListItem\",\"position\":1,\"name\":\"Accueil\",\"item\":\"https:\\\/\\\/www.info-algerie.com\\\/actualites\\\/\"},{\"@type\":\"ListItem\",\"position\":2,\"name\":\"Messahel s\u2019entretient \u00e0 Manama avec son homologue bahre\u00efni\"}]},{\"@type\":\"WebSite\",\"@id\":\"https:\\\/\\\/www.info-algerie.com\\\/actualites\\\/#website\",\"url\":\"https:\\\/\\\/www.info-algerie.com\\\/actualites\\\/\",\"name\":\"info algerie\",\"description\":\"Toutes les actualit\u00e9s\",\"publisher\":{\"@id\":\"https:\\\/\\\/www.info-algerie.com\\\/actualites\\\/#organization\"},\"potentialAction\":[{\"@type\":\"SearchAction\",\"target\":{\"@type\":\"EntryPoint\",\"urlTemplate\":\"https:\\\/\\\/www.info-algerie.com\\\/actualites\\\/?s={search_term_string}\"},\"query-input\":{\"@type\":\"PropertyValueSpecification\",\"valueRequired\":true,\"valueName\":\"search_term_string\"}}],\"inLanguage\":\"fr-FR\"},{\"@type\":\"Organization\",\"@id\":\"https:\\\/\\\/www.info-algerie.com\\\/actualites\\\/#organization\",\"name\":\"info algerie\",\"url\":\"https:\\\/\\\/www.info-algerie.com\\\/actualites\\\/\",\"logo\":{\"@type\":\"ImageObject\",\"inLanguage\":\"fr-FR\",\"@id\":\"https:\\\/\\\/www.info-algerie.com\\\/actualites\\\/#\\\/schema\\\/logo\\\/image\\\/\",\"url\":\"https:\\\/\\\/www.info-algerie.com\\\/actualites\\\/wp-content\\\/uploads\\\/2022\\\/07\\\/logo-ia-120.png\",\"contentUrl\":\"https:\\\/\\\/www.info-algerie.com\\\/actualites\\\/wp-content\\\/uploads\\\/2022\\\/07\\\/logo-ia-120.png\",\"width\":120,\"height\":43,\"caption\":\"info algerie\"},\"image\":{\"@id\":\"https:\\\/\\\/www.info-algerie.com\\\/actualites\\\/#\\\/schema\\\/logo\\\/image\\\/\"},\"sameAs\":[\"https:\\\/\\\/www.facebook.com\\\/infoalgerieactu\",\"https:\\\/\\\/x.com\\\/infoalgerie1\"]},{\"@type\":\"Person\",\"@id\":\"https:\\\/\\\/www.info-algerie.com\\\/actualites\\\/#\\\/schema\\\/person\\\/847aaec44920825b843a08f30ec6aa1e\",\"name\":\"La r\u00e9daction\",\"image\":{\"@type\":\"ImageObject\",\"inLanguage\":\"fr-FR\",\"@id\":\"https:\\\/\\\/secure.gravatar.com\\\/avatar\\\/769db425c6f465158149f1ffd6cf61ce7a8a879d11dfbef8288af36dfddd418c?s=96&d=mm&r=g\",\"url\":\"https:\\\/\\\/secure.gravatar.com\\\/avatar\\\/769db425c6f465158149f1ffd6cf61ce7a8a879d11dfbef8288af36dfddd418c?s=96&d=mm&r=g\",\"contentUrl\":\"https:\\\/\\\/secure.gravatar.com\\\/avatar\\\/769db425c6f465158149f1ffd6cf61ce7a8a879d11dfbef8288af36dfddd418c?s=96&d=mm&r=g\",\"caption\":\"La r\u00e9daction\"},\"sameAs\":[\"http:\\\/\\\/www.lkeria.com\\\/\"],\"url\":\"https:\\\/\\\/www.info-algerie.com\\\/actualites\\\/author\\\/chakib32\\\/\"}]}<\/script>\n<!-- \/ Yoast SEO plugin. -->","yoast_head_json":{"title":"Messahel s\u2019entretient \u00e0 Manama avec son homologue bahre\u00efni - info algerie","robots":{"index":"index","follow":"follow","max-snippet":"max-snippet:-1","max-image-preview":"max-image-preview:large","max-video-preview":"max-video-preview:-1"},"canonical":"https:\/\/www.info-algerie.com\/actualites\/messahel-sentretient-a-manama-avec-son-homologue-bahreini\/","og_locale":"fr_FR","og_type":"article","og_title":"Messahel s\u2019entretient \u00e0 Manama avec son homologue bahre\u00efni - info algerie","og_description":"ALGER &#8211; Le ministre des Affaires \u00e9trang\u00e8res Abdelkader Messahel s\u2019est entretenu mercredi \u00e0 Manama avec le ministre des Affaires \u00e9trang\u00e8res bahre\u00efni Khaled Ben Ahmed Al-Khalifa, indique un communiqu\u00e9 du minist\u00e8re. &#013; &#013; Les deux ministres ont pass\u00e9 en revue l\u2019\u00e9tat de la coop\u00e9ration bilat\u00e9rale, en mettant un accent particulier sur l\u2019ensemble des opportunit\u00e9s de coop\u00e9ration","og_url":"https:\/\/www.info-algerie.com\/actualites\/messahel-sentretient-a-manama-avec-son-homologue-bahreini\/","og_site_name":"info algerie","article_publisher":"https:\/\/www.facebook.com\/infoalgerieactu","article_published_time":"2017-08-10T08:08:28+00:00","author":"La r\u00e9daction","twitter_misc":{"\u00c9crit par":"La r\u00e9daction","Dur\u00e9e de lecture estim\u00e9e":"2 minutes"},"schema":{"@context":"https:\/\/schema.org","@graph":[{"@type":"Article","@id":"https:\/\/www.info-algerie.com\/actualites\/messahel-sentretient-a-manama-avec-son-homologue-bahreini\/#article","isPartOf":{"@id":"https:\/\/www.info-algerie.com\/actualites\/messahel-sentretient-a-manama-avec-son-homologue-bahreini\/"},"author":{"name":"La r\u00e9daction","@id":"https:\/\/www.info-algerie.com\/actualites\/#\/schema\/person\/847aaec44920825b843a08f30ec6aa1e"},"headline":"Messahel s\u2019entretient \u00e0 Manama avec son homologue bahre\u00efni","datePublished":"2017-08-10T08:08:28+00:00","mainEntityOfPage":{"@id":"https:\/\/www.info-algerie.com\/actualites\/messahel-sentretient-a-manama-avec-son-homologue-bahreini\/"},"wordCount":402,"commentCount":0,"publisher":{"@id":"https:\/\/www.info-algerie.com\/actualites\/#organization"},"keywords":["ONU"],"articleSection":["infos"],"inLanguage":"fr-FR","potentialAction":[{"@type":"CommentAction","name":"Comment","target":["https:\/\/www.info-algerie.com\/actualites\/messahel-sentretient-a-manama-avec-son-homologue-bahreini\/#respond"]}]},{"@type":"WebPage","@id":"https:\/\/www.info-algerie.com\/actualites\/messahel-sentretient-a-manama-avec-son-homologue-bahreini\/","url":"https:\/\/www.info-algerie.com\/actualites\/messahel-sentretient-a-manama-avec-son-homologue-bahreini\/","name":"Messahel s\u2019entretient \u00e0 Manama avec son homologue bahre\u00efni - info algerie","isPartOf":{"@id":"https:\/\/www.info-algerie.com\/actualites\/#website"},"datePublished":"2017-08-10T08:08:28+00:00","breadcrumb":{"@id":"https:\/\/www.info-algerie.com\/actualites\/messahel-sentretient-a-manama-avec-son-homologue-bahreini\/#breadcrumb"},"inLanguage":"fr-FR","potentialAction":[{"@type":"ReadAction","target":["https:\/\/www.info-algerie.com\/actualites\/messahel-sentretient-a-manama-avec-son-homologue-bahreini\/"]}]},{"@type":"BreadcrumbList","@id":"https:\/\/www.info-algerie.com\/actualites\/messahel-sentretient-a-manama-avec-son-homologue-bahreini\/#breadcrumb","itemListElement":[{"@type":"ListItem","position":1,"name":"Accueil","item":"https:\/\/www.info-algerie.com\/actualites\/"},{"@type":"ListItem","position":2,"name":"Messahel s\u2019entretient \u00e0 Manama avec son homologue bahre\u00efni"}]},{"@type":"WebSite","@id":"https:\/\/www.info-algerie.com\/actualites\/#website","url":"https:\/\/www.info-algerie.com\/actualites\/","name":"info algerie","description":"Toutes les actualit\u00e9s","publisher":{"@id":"https:\/\/www.info-algerie.com\/actualites\/#organization"},"potentialAction":[{"@type":"SearchAction","target":{"@type":"EntryPoint","urlTemplate":"https:\/\/www.info-algerie.com\/actualites\/?s={search_term_string}"},"query-input":{"@type":"PropertyValueSpecification","valueRequired":true,"valueName":"search_term_string"}}],"inLanguage":"fr-FR"},{"@type":"Organization","@id":"https:\/\/www.info-algerie.com\/actualites\/#organization","name":"info algerie","url":"https:\/\/www.info-algerie.com\/actualites\/","logo":{"@type":"ImageObject","inLanguage":"fr-FR","@id":"https:\/\/www.info-algerie.com\/actualites\/#\/schema\/logo\/image\/","url":"https:\/\/www.info-algerie.com\/actualites\/wp-content\/uploads\/2022\/07\/logo-ia-120.png","contentUrl":"https:\/\/www.info-algerie.com\/actualites\/wp-content\/uploads\/2022\/07\/logo-ia-120.png","width":120,"height":43,"caption":"info algerie"},"image":{"@id":"https:\/\/www.info-algerie.com\/actualites\/#\/schema\/logo\/image\/"},"sameAs":["https:\/\/www.facebook.com\/infoalgerieactu","https:\/\/x.com\/infoalgerie1"]},{"@type":"Person","@id":"https:\/\/www.info-algerie.com\/actualites\/#\/schema\/person\/847aaec44920825b843a08f30ec6aa1e","name":"La r\u00e9daction","image":{"@type":"ImageObject","inLanguage":"fr-FR","@id":"https:\/\/secure.gravatar.com\/avatar\/769db425c6f465158149f1ffd6cf61ce7a8a879d11dfbef8288af36dfddd418c?s=96&d=mm&r=g","url":"https:\/\/secure.gravatar.com\/avatar\/769db425c6f465158149f1ffd6cf61ce7a8a879d11dfbef8288af36dfddd418c?s=96&d=mm&r=g","contentUrl":"https:\/\/secure.gravatar.com\/avatar\/769db425c6f465158149f1ffd6cf61ce7a8a879d11dfbef8288af36dfddd418c?s=96&d=mm&r=g","caption":"La r\u00e9daction"},"sameAs":["http:\/\/www.lkeria.com\/"],"url":"https:\/\/www.info-algerie.com\/actualites\/author\/chakib32\/"}]}},"_links":{"self":[{"href":"https:\/\/www.info-algerie.com\/actualites\/wp-json\/wp\/v2\/posts\/14895","targetHints":{"allow":["GET"]}}],"collection":[{"href":"https:\/\/www.info-algerie.com\/actualites\/wp-json\/wp\/v2\/posts"}],"about":[{"href":"https:\/\/www.info-algerie.com\/actualites\/wp-json\/wp\/v2\/types\/post"}],"author":[{"embeddable":true,"href":"https:\/\/www.info-algerie.com\/actualites\/wp-json\/wp\/v2\/users\/6"}],"replies":[{"embeddable":true,"href":"https:\/\/www.info-algerie.com\/actualites\/wp-json\/wp\/v2\/comments?post=14895"}],"version-history":[{"count":0,"href":"https:\/\/www.info-algerie.com\/actualites\/wp-json\/wp\/v2\/posts\/14895\/revisions"}],"wp:attachment":[{"href":"https:\/\/www.info-algerie.com\/actualites\/wp-json\/wp\/v2\/media?parent=14895"}],"wp:term":[{"taxonomy":"category","embeddable":true,"href":"https:\/\/www.info-algerie.com\/actualites\/wp-json\/wp\/v2\/categories?post=14895"},{"taxonomy":"post_tag","embeddable":true,"href":"https:\/\/www.info-algerie.com\/actualites\/wp-json\/wp\/v2\/tags?post=14895"}],"curies":[{"name":"wp","href":"https:\/\/api.w.org\/{rel}","templated":true}]}}