{"id":14900,"date":"2017-08-10T08:52:55","date_gmt":"2017-08-10T07:52:55","guid":{"rendered":"http:\/\/www.info-algerie.com\/actualites\/le-quotidien-la-tribune-cesse-de-paraitre\/"},"modified":"2017-08-10T08:52:55","modified_gmt":"2017-08-10T07:52:55","slug":"le-quotidien-la-tribune-cesse-de-paraitre","status":"publish","type":"post","link":"https:\/\/www.info-algerie.com\/actualites\/le-quotidien-la-tribune-cesse-de-paraitre\/","title":{"rendered":"Le quotidien &quot;La Tribune&quot; cesse de paraitre"},"content":{"rendered":"<div class=\"K2FeedImage\"><img decoding=\"async\" src=\"https:\/\/www.info-algerie.com\/actualites\/wp-content\/uploads\/2017\/08\/ef1ff3f14b66b98d49893c9fe99cd40e_S.jpg\" \/><\/div>\n<div class=\"K2FeedIntroText\">\n<p>ALGER &#8211; Le quotidien \u00ab\u00a0La Tribune\u00a0\u00bb ne paraitra pas jeudi suite \u00e0 la d\u00e9cision de deux actionnaires de la SARL Omnium Maghreb Presse, \u00e9ditrice du titre, d\u2019introduire en r\u00e9f\u00e9r\u00e9 une demande aupr\u00e8s de la justice pour\u00a0 la cessation\u00a0 des activit\u00e9s de la SARL, et ce malgr\u00e9 la volont\u00e9 du collectif \u00e0 faire para\u00eetre le journal et de poursuivre l\u2019aventure\u00a0 \u00e9ditoriale.<\/p>\n<p>&#013;\n<\/p><\/div>\n<div class=\"K2FeedFullText\">&#013;<\/p>\n<p>Les deux actionnaires, Cherif Tifaoui et Djamel\u00a0 Djerrad, sont venus mercredi au si\u00e8ge du journal expliquer au personnel que la SARL est confront\u00e9e \u00e0 des blocages administratifs qui emp\u00eachent le transfert des pr\u00e9rogatives li\u00e9es \u00e0 la g\u00e9rance de l\u2019entreprise depuis le d\u00e9c\u00e8s au mois de juin dernier de Bachir Cherif Hassan, qui \u00e9tait g\u00e9rant et directeur de la publication\u00a0\u00bb, a indiqu\u00e9\u00a0 \u00e0 l\u2019APS, le r\u00e9dacteur en chef de la Tribune, Abdelmoum\u00e8ne Belghoul.<\/p>\n<p>&#013;<\/p>\n<p>En plus des blocages d\u2019ordre administratif, les actionnaires \u00e9voquent \u00e9galement des dettes faramineuses que le journal ne serait pas en mesure d\u2019honorer, ajoute notre source.<\/p>\n<p>&#013;<\/p>\n<p>Surpris par la d\u00e9cision des actionnaires du titre, le collectif du journal la Tribune refuse une mise en faillite du journal qui existe dans le paysage m\u00e9diatique du pays depuis 1994.<\/p>\n<p>&#013;<\/p>\n<p>Le collectif a soutenu, dans un communiqu\u00e9 rendu public, que si les r\u00e8gles \u00e9conomiques pr\u00e9voient effectivement cette solution extr\u00eame pour toute entreprise en difficult\u00e9, on ne peut cependant consid\u00e9rer un journal comme n\u2019importe quel autre produit commercial, sans d\u00e9nigrer de la valeur des autres entreprises ou produits.<\/p>\n<p>&#013;<\/p>\n<p>Le collectif qui dit refuser la mise \u00e0 mort du titre, appelle tous \u00ab\u00a0les responsables, \u00e0 tous les niveaux et ayant la moindre once de pouvoir d\u00e9cisionnel, \u00e0 r\u00e9agir pour\u00a0 trouver une ou des solution(s)-un \u00e9ch\u00e9ancier pour le paiement des dettes par exemple- qui permettraient au journal de continuer \u00e0 jouer son r\u00f4le de m\u00e9dia et de vecteur de l\u2019information\u00a0\u00bb.<\/p>\n<p>&#013;<\/p>\n<p>Le collectif d\u00e9cid\u00e9 \u00e0 fabriquer l\u2019\u00e9dition de jeudi a \u00e9t\u00e9 pri\u00e9, dans l\u2019apr\u00e8s-midi de mercredi, par les deux actionnaires d\u2019arr\u00eater son travail, a soulign\u00e9 le r\u00e9dacteur en chef de la Tribune, qui a ajout\u00e9 qu\u2019une r\u00e9union du collectif aura lieu prochainement afin d\u2019\u00e9tudier les moyens de sauvegarder\u00a0 le titre.<\/p>\n<p>&#013;<\/p>\n<p class=\"MsoNormal\">Lanc\u00e9 le 5 octobre 1994, La Tribune a d\u00fb se s\u00e9parer de trois de ses membres fondateurs : Khierdine Ameyar, d\u00e9c\u00e9d\u00e9 en 2000, Baya Gasmi morte en 2010 et Bachir Cherif Hassan qui s&rsquo;est \u00e9teint en 2017.<\/p>\n<\/div>\n<p>&#013;<br \/>\nSource: <a href=\"http:\/\/www.aps.dz\/algerie\/61581-le-quotidien-la-tribune-cesse-de-paraitre\" target=\"_blank\">Le quotidien \u00ab\u00a0La Tribune\u00a0\u00bb cesse de paraitre<\/a><\/p>\n<!--CusAds0-->\n<div style=\"font-size: 0px; height: 0px; line-height: 0px; margin: 0; padding: 0; clear: both;\"><\/div>","protected":false},"excerpt":{"rendered":"<p>ALGER &#8211; Le quotidien \u00ab\u00a0La Tribune\u00a0\u00bb ne paraitra pas jeudi suite \u00e0 la d\u00e9cision de deux actionnaires de la SARL Omnium Maghreb Presse, \u00e9ditrice du titre, d\u2019introduire en r\u00e9f\u00e9r\u00e9 une demande aupr\u00e8s de la justice pour\u00a0 la cessation\u00a0 des activit\u00e9s de la SARL, et ce malgr\u00e9 la volont\u00e9 du collectif \u00e0 faire para\u00eetre le journal<\/p>\n","protected":false},"author":6,"featured_media":14901,"comment_status":"open","ping_status":"open","sticky":false,"template":"","format":"standard","meta":{"footnotes":""},"categories":[22],"tags":[93],"class_list":["post-14900","post","type-post","status-publish","format-standard","has-post-thumbnail","hentry","category-infos","tag-onu"],"yoast_head":"<!-- This site is optimized with the Yoast SEO plugin v27.5 - https:\/\/yoast.com\/product\/yoast-seo-wordpress\/ -->\n<title>Le quotidien &quot;La Tribune&quot; cesse de paraitre - info algerie<\/title>\n<meta name=\"robots\" content=\"index, follow, max-snippet:-1, max-image-preview:large, max-video-preview:-1\" \/>\n<link rel=\"canonical\" href=\"https:\/\/www.info-algerie.com\/actualites\/le-quotidien-la-tribune-cesse-de-paraitre\/\" \/>\n<meta property=\"og:locale\" content=\"fr_FR\" \/>\n<meta property=\"og:type\" content=\"article\" \/>\n<meta property=\"og:title\" content=\"Le quotidien &quot;La Tribune&quot; cesse de paraitre - info algerie\" \/>\n<meta property=\"og:description\" content=\"ALGER &#8211; Le quotidien \u00ab\u00a0La Tribune\u00a0\u00bb ne paraitra pas jeudi suite \u00e0 la d\u00e9cision de deux actionnaires de la SARL Omnium Maghreb Presse, \u00e9ditrice du titre, d\u2019introduire en r\u00e9f\u00e9r\u00e9 une demande aupr\u00e8s de la justice pour\u00a0 la cessation\u00a0 des activit\u00e9s de la SARL, et ce malgr\u00e9 la volont\u00e9 du collectif \u00e0 faire para\u00eetre le journal\" \/>\n<meta property=\"og:url\" content=\"https:\/\/www.info-algerie.com\/actualites\/le-quotidien-la-tribune-cesse-de-paraitre\/\" \/>\n<meta property=\"og:site_name\" content=\"info algerie\" \/>\n<meta property=\"article:publisher\" content=\"https:\/\/www.facebook.com\/infoalgerieactu\" \/>\n<meta property=\"article:published_time\" content=\"2017-08-10T07:52:55+00:00\" \/>\n<meta property=\"og:image\" content=\"https:\/\/www.info-algerie.com\/actualites\/wp-content\/uploads\/2017\/08\/ef1ff3f14b66b98d49893c9fe99cd40e_S-1.jpg\" \/>\n\t<meta property=\"og:image:width\" content=\"280\" \/>\n\t<meta property=\"og:image:height\" content=\"169\" \/>\n\t<meta property=\"og:image:type\" content=\"image\/jpeg\" \/>\n<meta name=\"author\" content=\"La r\u00e9daction\" \/>\n<meta name=\"twitter:label1\" content=\"\u00c9crit par\" \/>\n\t<meta name=\"twitter:data1\" content=\"La r\u00e9daction\" \/>\n\t<meta name=\"twitter:label2\" content=\"Dur\u00e9e de lecture estim\u00e9e\" \/>\n\t<meta name=\"twitter:data2\" content=\"2 minutes\" \/>\n<script type=\"application\/ld+json\" class=\"yoast-schema-graph\">{\"@context\":\"https:\\\/\\\/schema.org\",\"@graph\":[{\"@type\":\"Article\",\"@id\":\"https:\\\/\\\/www.info-algerie.com\\\/actualites\\\/le-quotidien-la-tribune-cesse-de-paraitre\\\/#article\",\"isPartOf\":{\"@id\":\"https:\\\/\\\/www.info-algerie.com\\\/actualites\\\/le-quotidien-la-tribune-cesse-de-paraitre\\\/\"},\"author\":{\"name\":\"La r\u00e9daction\",\"@id\":\"https:\\\/\\\/www.info-algerie.com\\\/actualites\\\/#\\\/schema\\\/person\\\/847aaec44920825b843a08f30ec6aa1e\"},\"headline\":\"Le quotidien &quot;La Tribune&quot; cesse de paraitre\",\"datePublished\":\"2017-08-10T07:52:55+00:00\",\"mainEntityOfPage\":{\"@id\":\"https:\\\/\\\/www.info-algerie.com\\\/actualites\\\/le-quotidien-la-tribune-cesse-de-paraitre\\\/\"},\"wordCount\":434,\"commentCount\":0,\"publisher\":{\"@id\":\"https:\\\/\\\/www.info-algerie.com\\\/actualites\\\/#organization\"},\"image\":{\"@id\":\"https:\\\/\\\/www.info-algerie.com\\\/actualites\\\/le-quotidien-la-tribune-cesse-de-paraitre\\\/#primaryimage\"},\"thumbnailUrl\":\"https:\\\/\\\/www.info-algerie.com\\\/actualites\\\/wp-content\\\/uploads\\\/2017\\\/08\\\/ef1ff3f14b66b98d49893c9fe99cd40e_S-1.jpg\",\"keywords\":[\"ONU\"],\"articleSection\":[\"infos\"],\"inLanguage\":\"fr-FR\",\"potentialAction\":[{\"@type\":\"CommentAction\",\"name\":\"Comment\",\"target\":[\"https:\\\/\\\/www.info-algerie.com\\\/actualites\\\/le-quotidien-la-tribune-cesse-de-paraitre\\\/#respond\"]}]},{\"@type\":\"WebPage\",\"@id\":\"https:\\\/\\\/www.info-algerie.com\\\/actualites\\\/le-quotidien-la-tribune-cesse-de-paraitre\\\/\",\"url\":\"https:\\\/\\\/www.info-algerie.com\\\/actualites\\\/le-quotidien-la-tribune-cesse-de-paraitre\\\/\",\"name\":\"Le quotidien &quot;La Tribune&quot; cesse de paraitre - info algerie\",\"isPartOf\":{\"@id\":\"https:\\\/\\\/www.info-algerie.com\\\/actualites\\\/#website\"},\"primaryImageOfPage\":{\"@id\":\"https:\\\/\\\/www.info-algerie.com\\\/actualites\\\/le-quotidien-la-tribune-cesse-de-paraitre\\\/#primaryimage\"},\"image\":{\"@id\":\"https:\\\/\\\/www.info-algerie.com\\\/actualites\\\/le-quotidien-la-tribune-cesse-de-paraitre\\\/#primaryimage\"},\"thumbnailUrl\":\"https:\\\/\\\/www.info-algerie.com\\\/actualites\\\/wp-content\\\/uploads\\\/2017\\\/08\\\/ef1ff3f14b66b98d49893c9fe99cd40e_S-1.jpg\",\"datePublished\":\"2017-08-10T07:52:55+00:00\",\"breadcrumb\":{\"@id\":\"https:\\\/\\\/www.info-algerie.com\\\/actualites\\\/le-quotidien-la-tribune-cesse-de-paraitre\\\/#breadcrumb\"},\"inLanguage\":\"fr-FR\",\"potentialAction\":[{\"@type\":\"ReadAction\",\"target\":[\"https:\\\/\\\/www.info-algerie.com\\\/actualites\\\/le-quotidien-la-tribune-cesse-de-paraitre\\\/\"]}]},{\"@type\":\"ImageObject\",\"inLanguage\":\"fr-FR\",\"@id\":\"https:\\\/\\\/www.info-algerie.com\\\/actualites\\\/le-quotidien-la-tribune-cesse-de-paraitre\\\/#primaryimage\",\"url\":\"https:\\\/\\\/www.info-algerie.com\\\/actualites\\\/wp-content\\\/uploads\\\/2017\\\/08\\\/ef1ff3f14b66b98d49893c9fe99cd40e_S-1.jpg\",\"contentUrl\":\"https:\\\/\\\/www.info-algerie.com\\\/actualites\\\/wp-content\\\/uploads\\\/2017\\\/08\\\/ef1ff3f14b66b98d49893c9fe99cd40e_S-1.jpg\",\"width\":280,\"height\":169},{\"@type\":\"BreadcrumbList\",\"@id\":\"https:\\\/\\\/www.info-algerie.com\\\/actualites\\\/le-quotidien-la-tribune-cesse-de-paraitre\\\/#breadcrumb\",\"itemListElement\":[{\"@type\":\"ListItem\",\"position\":1,\"name\":\"Accueil\",\"item\":\"https:\\\/\\\/www.info-algerie.com\\\/actualites\\\/\"},{\"@type\":\"ListItem\",\"position\":2,\"name\":\"Le quotidien &quot;La Tribune&quot; cesse de paraitre\"}]},{\"@type\":\"WebSite\",\"@id\":\"https:\\\/\\\/www.info-algerie.com\\\/actualites\\\/#website\",\"url\":\"https:\\\/\\\/www.info-algerie.com\\\/actualites\\\/\",\"name\":\"info algerie\",\"description\":\"Toutes les actualit\u00e9s\",\"publisher\":{\"@id\":\"https:\\\/\\\/www.info-algerie.com\\\/actualites\\\/#organization\"},\"potentialAction\":[{\"@type\":\"SearchAction\",\"target\":{\"@type\":\"EntryPoint\",\"urlTemplate\":\"https:\\\/\\\/www.info-algerie.com\\\/actualites\\\/?s={search_term_string}\"},\"query-input\":{\"@type\":\"PropertyValueSpecification\",\"valueRequired\":true,\"valueName\":\"search_term_string\"}}],\"inLanguage\":\"fr-FR\"},{\"@type\":\"Organization\",\"@id\":\"https:\\\/\\\/www.info-algerie.com\\\/actualites\\\/#organization\",\"name\":\"info algerie\",\"url\":\"https:\\\/\\\/www.info-algerie.com\\\/actualites\\\/\",\"logo\":{\"@type\":\"ImageObject\",\"inLanguage\":\"fr-FR\",\"@id\":\"https:\\\/\\\/www.info-algerie.com\\\/actualites\\\/#\\\/schema\\\/logo\\\/image\\\/\",\"url\":\"https:\\\/\\\/www.info-algerie.com\\\/actualites\\\/wp-content\\\/uploads\\\/2022\\\/07\\\/logo-ia-120.png\",\"contentUrl\":\"https:\\\/\\\/www.info-algerie.com\\\/actualites\\\/wp-content\\\/uploads\\\/2022\\\/07\\\/logo-ia-120.png\",\"width\":120,\"height\":43,\"caption\":\"info algerie\"},\"image\":{\"@id\":\"https:\\\/\\\/www.info-algerie.com\\\/actualites\\\/#\\\/schema\\\/logo\\\/image\\\/\"},\"sameAs\":[\"https:\\\/\\\/www.facebook.com\\\/infoalgerieactu\",\"https:\\\/\\\/x.com\\\/infoalgerie1\"]},{\"@type\":\"Person\",\"@id\":\"https:\\\/\\\/www.info-algerie.com\\\/actualites\\\/#\\\/schema\\\/person\\\/847aaec44920825b843a08f30ec6aa1e\",\"name\":\"La r\u00e9daction\",\"image\":{\"@type\":\"ImageObject\",\"inLanguage\":\"fr-FR\",\"@id\":\"https:\\\/\\\/secure.gravatar.com\\\/avatar\\\/769db425c6f465158149f1ffd6cf61ce7a8a879d11dfbef8288af36dfddd418c?s=96&d=mm&r=g\",\"url\":\"https:\\\/\\\/secure.gravatar.com\\\/avatar\\\/769db425c6f465158149f1ffd6cf61ce7a8a879d11dfbef8288af36dfddd418c?s=96&d=mm&r=g\",\"contentUrl\":\"https:\\\/\\\/secure.gravatar.com\\\/avatar\\\/769db425c6f465158149f1ffd6cf61ce7a8a879d11dfbef8288af36dfddd418c?s=96&d=mm&r=g\",\"caption\":\"La r\u00e9daction\"},\"sameAs\":[\"http:\\\/\\\/www.lkeria.com\\\/\"],\"url\":\"https:\\\/\\\/www.info-algerie.com\\\/actualites\\\/author\\\/chakib32\\\/\"}]}<\/script>\n<!-- \/ Yoast SEO plugin. -->","yoast_head_json":{"title":"Le quotidien &quot;La Tribune&quot; cesse de paraitre - info algerie","robots":{"index":"index","follow":"follow","max-snippet":"max-snippet:-1","max-image-preview":"max-image-preview:large","max-video-preview":"max-video-preview:-1"},"canonical":"https:\/\/www.info-algerie.com\/actualites\/le-quotidien-la-tribune-cesse-de-paraitre\/","og_locale":"fr_FR","og_type":"article","og_title":"Le quotidien &quot;La Tribune&quot; cesse de paraitre - info algerie","og_description":"ALGER &#8211; Le quotidien \u00ab\u00a0La Tribune\u00a0\u00bb ne paraitra pas jeudi suite \u00e0 la d\u00e9cision de deux actionnaires de la SARL Omnium Maghreb Presse, \u00e9ditrice du titre, d\u2019introduire en r\u00e9f\u00e9r\u00e9 une demande aupr\u00e8s de la justice pour\u00a0 la cessation\u00a0 des activit\u00e9s de la SARL, et ce malgr\u00e9 la volont\u00e9 du collectif \u00e0 faire para\u00eetre le journal","og_url":"https:\/\/www.info-algerie.com\/actualites\/le-quotidien-la-tribune-cesse-de-paraitre\/","og_site_name":"info algerie","article_publisher":"https:\/\/www.facebook.com\/infoalgerieactu","article_published_time":"2017-08-10T07:52:55+00:00","og_image":[{"width":280,"height":169,"url":"https:\/\/www.info-algerie.com\/actualites\/wp-content\/uploads\/2017\/08\/ef1ff3f14b66b98d49893c9fe99cd40e_S-1.jpg","type":"image\/jpeg"}],"author":"La r\u00e9daction","twitter_misc":{"\u00c9crit par":"La r\u00e9daction","Dur\u00e9e de lecture estim\u00e9e":"2 minutes"},"schema":{"@context":"https:\/\/schema.org","@graph":[{"@type":"Article","@id":"https:\/\/www.info-algerie.com\/actualites\/le-quotidien-la-tribune-cesse-de-paraitre\/#article","isPartOf":{"@id":"https:\/\/www.info-algerie.com\/actualites\/le-quotidien-la-tribune-cesse-de-paraitre\/"},"author":{"name":"La r\u00e9daction","@id":"https:\/\/www.info-algerie.com\/actualites\/#\/schema\/person\/847aaec44920825b843a08f30ec6aa1e"},"headline":"Le quotidien &quot;La Tribune&quot; cesse de paraitre","datePublished":"2017-08-10T07:52:55+00:00","mainEntityOfPage":{"@id":"https:\/\/www.info-algerie.com\/actualites\/le-quotidien-la-tribune-cesse-de-paraitre\/"},"wordCount":434,"commentCount":0,"publisher":{"@id":"https:\/\/www.info-algerie.com\/actualites\/#organization"},"image":{"@id":"https:\/\/www.info-algerie.com\/actualites\/le-quotidien-la-tribune-cesse-de-paraitre\/#primaryimage"},"thumbnailUrl":"https:\/\/www.info-algerie.com\/actualites\/wp-content\/uploads\/2017\/08\/ef1ff3f14b66b98d49893c9fe99cd40e_S-1.jpg","keywords":["ONU"],"articleSection":["infos"],"inLanguage":"fr-FR","potentialAction":[{"@type":"CommentAction","name":"Comment","target":["https:\/\/www.info-algerie.com\/actualites\/le-quotidien-la-tribune-cesse-de-paraitre\/#respond"]}]},{"@type":"WebPage","@id":"https:\/\/www.info-algerie.com\/actualites\/le-quotidien-la-tribune-cesse-de-paraitre\/","url":"https:\/\/www.info-algerie.com\/actualites\/le-quotidien-la-tribune-cesse-de-paraitre\/","name":"Le quotidien &quot;La Tribune&quot; cesse de paraitre - info algerie","isPartOf":{"@id":"https:\/\/www.info-algerie.com\/actualites\/#website"},"primaryImageOfPage":{"@id":"https:\/\/www.info-algerie.com\/actualites\/le-quotidien-la-tribune-cesse-de-paraitre\/#primaryimage"},"image":{"@id":"https:\/\/www.info-algerie.com\/actualites\/le-quotidien-la-tribune-cesse-de-paraitre\/#primaryimage"},"thumbnailUrl":"https:\/\/www.info-algerie.com\/actualites\/wp-content\/uploads\/2017\/08\/ef1ff3f14b66b98d49893c9fe99cd40e_S-1.jpg","datePublished":"2017-08-10T07:52:55+00:00","breadcrumb":{"@id":"https:\/\/www.info-algerie.com\/actualites\/le-quotidien-la-tribune-cesse-de-paraitre\/#breadcrumb"},"inLanguage":"fr-FR","potentialAction":[{"@type":"ReadAction","target":["https:\/\/www.info-algerie.com\/actualites\/le-quotidien-la-tribune-cesse-de-paraitre\/"]}]},{"@type":"ImageObject","inLanguage":"fr-FR","@id":"https:\/\/www.info-algerie.com\/actualites\/le-quotidien-la-tribune-cesse-de-paraitre\/#primaryimage","url":"https:\/\/www.info-algerie.com\/actualites\/wp-content\/uploads\/2017\/08\/ef1ff3f14b66b98d49893c9fe99cd40e_S-1.jpg","contentUrl":"https:\/\/www.info-algerie.com\/actualites\/wp-content\/uploads\/2017\/08\/ef1ff3f14b66b98d49893c9fe99cd40e_S-1.jpg","width":280,"height":169},{"@type":"BreadcrumbList","@id":"https:\/\/www.info-algerie.com\/actualites\/le-quotidien-la-tribune-cesse-de-paraitre\/#breadcrumb","itemListElement":[{"@type":"ListItem","position":1,"name":"Accueil","item":"https:\/\/www.info-algerie.com\/actualites\/"},{"@type":"ListItem","position":2,"name":"Le quotidien &quot;La Tribune&quot; cesse de paraitre"}]},{"@type":"WebSite","@id":"https:\/\/www.info-algerie.com\/actualites\/#website","url":"https:\/\/www.info-algerie.com\/actualites\/","name":"info algerie","description":"Toutes les actualit\u00e9s","publisher":{"@id":"https:\/\/www.info-algerie.com\/actualites\/#organization"},"potentialAction":[{"@type":"SearchAction","target":{"@type":"EntryPoint","urlTemplate":"https:\/\/www.info-algerie.com\/actualites\/?s={search_term_string}"},"query-input":{"@type":"PropertyValueSpecification","valueRequired":true,"valueName":"search_term_string"}}],"inLanguage":"fr-FR"},{"@type":"Organization","@id":"https:\/\/www.info-algerie.com\/actualites\/#organization","name":"info algerie","url":"https:\/\/www.info-algerie.com\/actualites\/","logo":{"@type":"ImageObject","inLanguage":"fr-FR","@id":"https:\/\/www.info-algerie.com\/actualites\/#\/schema\/logo\/image\/","url":"https:\/\/www.info-algerie.com\/actualites\/wp-content\/uploads\/2022\/07\/logo-ia-120.png","contentUrl":"https:\/\/www.info-algerie.com\/actualites\/wp-content\/uploads\/2022\/07\/logo-ia-120.png","width":120,"height":43,"caption":"info algerie"},"image":{"@id":"https:\/\/www.info-algerie.com\/actualites\/#\/schema\/logo\/image\/"},"sameAs":["https:\/\/www.facebook.com\/infoalgerieactu","https:\/\/x.com\/infoalgerie1"]},{"@type":"Person","@id":"https:\/\/www.info-algerie.com\/actualites\/#\/schema\/person\/847aaec44920825b843a08f30ec6aa1e","name":"La r\u00e9daction","image":{"@type":"ImageObject","inLanguage":"fr-FR","@id":"https:\/\/secure.gravatar.com\/avatar\/769db425c6f465158149f1ffd6cf61ce7a8a879d11dfbef8288af36dfddd418c?s=96&d=mm&r=g","url":"https:\/\/secure.gravatar.com\/avatar\/769db425c6f465158149f1ffd6cf61ce7a8a879d11dfbef8288af36dfddd418c?s=96&d=mm&r=g","contentUrl":"https:\/\/secure.gravatar.com\/avatar\/769db425c6f465158149f1ffd6cf61ce7a8a879d11dfbef8288af36dfddd418c?s=96&d=mm&r=g","caption":"La r\u00e9daction"},"sameAs":["http:\/\/www.lkeria.com\/"],"url":"https:\/\/www.info-algerie.com\/actualites\/author\/chakib32\/"}]}},"_links":{"self":[{"href":"https:\/\/www.info-algerie.com\/actualites\/wp-json\/wp\/v2\/posts\/14900","targetHints":{"allow":["GET"]}}],"collection":[{"href":"https:\/\/www.info-algerie.com\/actualites\/wp-json\/wp\/v2\/posts"}],"about":[{"href":"https:\/\/www.info-algerie.com\/actualites\/wp-json\/wp\/v2\/types\/post"}],"author":[{"embeddable":true,"href":"https:\/\/www.info-algerie.com\/actualites\/wp-json\/wp\/v2\/users\/6"}],"replies":[{"embeddable":true,"href":"https:\/\/www.info-algerie.com\/actualites\/wp-json\/wp\/v2\/comments?post=14900"}],"version-history":[{"count":0,"href":"https:\/\/www.info-algerie.com\/actualites\/wp-json\/wp\/v2\/posts\/14900\/revisions"}],"wp:featuredmedia":[{"embeddable":true,"href":"https:\/\/www.info-algerie.com\/actualites\/wp-json\/wp\/v2\/media\/14901"}],"wp:attachment":[{"href":"https:\/\/www.info-algerie.com\/actualites\/wp-json\/wp\/v2\/media?parent=14900"}],"wp:term":[{"taxonomy":"category","embeddable":true,"href":"https:\/\/www.info-algerie.com\/actualites\/wp-json\/wp\/v2\/categories?post=14900"},{"taxonomy":"post_tag","embeddable":true,"href":"https:\/\/www.info-algerie.com\/actualites\/wp-json\/wp\/v2\/tags?post=14900"}],"curies":[{"name":"wp","href":"https:\/\/api.w.org\/{rel}","templated":true}]}}