{"id":14903,"date":"2017-08-10T08:30:56","date_gmt":"2017-08-10T07:30:56","guid":{"rendered":"http:\/\/www.info-algerie.com\/actualites\/le-fil-rouge-special-incendies-une-passerelle-de-communication-entre-les-citoyens-et-les-differents-acteurs\/"},"modified":"2017-08-10T08:30:56","modified_gmt":"2017-08-10T07:30:56","slug":"le-fil-rouge-special-incendies-une-passerelle-de-communication-entre-les-citoyens-et-les-differents-acteurs","status":"publish","type":"post","link":"https:\/\/www.info-algerie.com\/actualites\/le-fil-rouge-special-incendies-une-passerelle-de-communication-entre-les-citoyens-et-les-differents-acteurs\/","title":{"rendered":"Le Fil rouge sp\u00e9cial incendies, une passerelle de communication entre les citoyens et les diff\u00e9rents acteurs"},"content":{"rendered":"<div class=\"K2FeedImage\"><img decoding=\"async\" src=\"https:\/\/www.info-algerie.com\/actualites\/wp-content\/uploads\/2017\/08\/728e7b40eb5c8dc52872240bddace5dd_S.jpg\" alt=\"Le Fil rouge sp&#xE9;cial incendies, une passerelle de communication entre les citoyens et les diff&#xE9;rents acteurs\" \/><\/div>\n<div class=\"K2FeedIntroText\">\n<p>BOUMERDES &#8211; Le ministre de la Communication, Djamel Kaouane, a affirm\u00e9 mercredi \u00e0 Boumerd\u00e8s que <strong><a href=\"http:\/\/www.aps.dz\/algerie\/61437-le-ministere-de-la-communication-installe-un-fil-rouge-special-incendies-de-forets-au-niveau-des-radios-locales\">le dispositif \u00ab\u00a0fil rouge\u00a0\u00bb pour pr\u00e9venir et signaler les incendies, install\u00e9 r\u00e9cemment au niveau de l&rsquo;ensemble des radios locales<\/a><\/strong>, se veut une \u00ab\u00a0passerelle et une plateforme de communication entre les citoyens et les diff\u00e9rents acteurs et instances concern\u00e9s par la lutte contre cette catastrophe environnementale.<\/p>\n<p>&#013;\n<\/p><\/div>\n<div class=\"K2FeedFullText\">&#013;<\/p>\n<p>Animant une \u00e9mission \u00ab\u00a0Journ\u00e9e porte ouverte\u00a0\u00bb sur la pr\u00e9vention et la signalisation des incendies \u00e0 travers le fil rouge sur les ondes de la radio locale de Boumerd\u00e8s, M. Kaouane a estim\u00e9 que les radios locales, en particulier, et les m\u00e9dias en g\u00e9n\u00e9ral, jouent un r\u00f4le \u00ab\u00a0strat\u00e9gique et important\u00a0\u00bb dans la r\u00e9ussite de cette entreprise en tant que \u00ab\u00a0trait d&rsquo;union\u00a0\u00bb entre le citoyen et les autorit\u00e9s concern\u00e9es pour faire face \u00e0 cette catastrophe qui concerne tout un chacun.<\/p>\n<p>&#013;<\/p>\n<p>Soulignant le r\u00f4le crucial des m\u00e9dias dans les actions de sensibilisation, le ministre a appel\u00e9 \u00e0 l&rsquo;adh\u00e9sion des citoyens \u00e0 cette initiative, lanc\u00e9e samedi au niveau de l&rsquo;ensemble des radios locales \u00e0 travers le pays.<\/p>\n<p>&#013;<\/p>\n<p>Le premier responsable du secteur a lanc\u00e9, \u00e0 ce propos, un appel \u00e0 tous les m\u00e9dias et notamment aux radios locales pour focaliser leur action de proximit\u00e9 sur la pr\u00e9vention, la sensibilisation et l&rsquo;information sur les incendies et les moyens d&rsquo;y faire face en temps opportun en vue d&rsquo;\u00e9viter les pertes humaines et environnementales.<\/p>\n<p>&#013;<\/p>\n<p>Par ailleurs, et concernant la carte du journaliste professionnelle, M. Kaouane a rappel\u00e9, lors d&rsquo;une conf\u00e9rence de presse anim\u00e9e \u00e0 cette occasion, que son d\u00e9partement \u0153uvrera dans le cadre du renouvellement de cette carte\u00a0 (provisoire pour l&rsquo;heure) \u00e0 ce qu&rsquo;elle ne profite, conform\u00e9ment aux lois en vigueur, qu&rsquo;au journaliste professionnel\u00a0\u00bb.<\/p>\n<p>&#013;<\/p>\n<p>\u00ab\u00a0Si des erreurs existent, elles seront trait\u00e9es dans la s\u00e9r\u00e9nit\u00e9\u00a0\u00bb, a soutenu le ministre, ajoutant que cette op\u00e9ration \u00ab\u00a0n&rsquo;est qu&rsquo;une op\u00e9ration de renouvellement et de r\u00e9habilitation de la carte professionnelle\u00a0\u00bb. \u00ab\u00a0Nous veillerons \u00e0 ce que le journaliste professionnel soit le seul b\u00e9n\u00e9ficiaire de cette carte\u00a0\u00bb, a-t-il affirm\u00e9.<\/p>\n<p>&#013;<\/p>\n<p>En r\u00e9ponse \u00e0 une question sur la disparition de certains titres de la presse \u00e9crite en raison de la baisse du volume des publicit\u00e9s, M. Kaouane a pr\u00e9cis\u00e9 que la cr\u00e9ation de journaux est un projet \u00e9conomique et commercial, ajoutant que les propri\u00e9taires de ces m\u00e9dias, dont la plupart sont publics, doivent face \u00e0 cette situation \u00eatre innovants pour trouver d&rsquo;autres sources de revenu.<\/p>\n<p>&#013;<\/p>\n<p>Concernant la presse \u00e9lectronique, M. Kaouane a rappel\u00e9 que le minist\u00e8re se penche, \u00e0 travers un groupe de travail, sur l&rsquo;\u00e9laboration de textes de lois r\u00e9gissant ce volet important de la presse pour d\u00e9finir les mesures qui permettent \u00e0 leurs personnels d&rsquo;avoir acc\u00e8s \u00e0 la carte de journaliste professionnel.<\/p>\n<p>&#013;<\/p>\n<p>La visite du ministre de la communication \u00e0 Boumerd\u00e8s s&rsquo;inscrit dans le cadre de l&rsquo;\u00e9valuation sur le terrain de l&rsquo;initiative du <strong><a href=\"http:\/\/www.aps.dz\/societe\/61545-fil-rouge-special-incendies-les-radios-locales-continuent-de-recevoir-les-appels-de-citoyens\">fil rouge sp\u00e9cial incendies de for\u00eats<\/a><\/strong> lanc\u00e9 samedi dernier au niveau de l&rsquo;ensemble des radios locales dans les 48 wilayas du pays.<\/p>\n<p>&#013;<\/p>\n<p>A cette occasion, M. Kaouane s&rsquo;est enquis des conditions de travail des journalistes avant d&rsquo;\u00e9couter les explications concernant <strong><a href=\"http:\/\/www.aps.dz\/algerie\/61563-fil-rouge-special-incendies-des-centaines-d-appels-recus-par-les-radios-locales\">\u00ab\u00a0le fil rouge\u00a0\u00bb<\/a><\/strong> et participer avec les travailleurs \u00e0 la c\u00e9l\u00e9bration du 5e anniversaire de la cr\u00e9ation de la radio locale de Boumerd\u00e8s.<\/p>\n<p>&#013;<\/p>\n<p>Au si\u00e8ge principal de la protection civile de la wilaya, le ministre a \u00e9cout\u00e9 les explications concernant le travail et le r\u00f4le des diff\u00e9rentes unit\u00e9s dans l&rsquo;extinction des feux, outre les moyens mobilis\u00e9s \u00e0 cet effet.<\/p>\n<p>&#013;<\/p>\n<p class=\"MsoNormal\">Le ministre a assist\u00e9 ensuite \u00e0 un exercice d&rsquo;extinction de feux dans toutes\u00a0 ses \u00e9tapes avant de se d\u00e9placer \u00e0 la banlieue de la commune de Tidjelabine o\u00f9 il a suivi une op\u00e9ration d&rsquo;extinction de feux dans la localit\u00e9.<\/p>\n<\/div>\n<p>&#013;<br \/>\nSource: <a href=\"http:\/\/www.aps.dz\/algerie\/61580-le-fil-rouge-special-incendies-une-passerelle-de-communication-entre-les-citoyens-et-les-differents-acteurs\" target=\"_blank\">Le Fil rouge sp\u00e9cial incendies, une passerelle de communication entre les citoyens et les diff\u00e9rents acteurs<\/a><\/p>\n<!--CusAds0-->\n<div style=\"font-size: 0px; height: 0px; line-height: 0px; margin: 0; padding: 0; clear: both;\"><\/div>","protected":false},"excerpt":{"rendered":"<p>BOUMERDES &#8211; Le ministre de la Communication, Djamel Kaouane, a affirm\u00e9 mercredi \u00e0 Boumerd\u00e8s que le dispositif \u00ab\u00a0fil rouge\u00a0\u00bb pour pr\u00e9venir et signaler les incendies, install\u00e9 r\u00e9cemment au niveau de l&rsquo;ensemble des radios locales, se veut une \u00ab\u00a0passerelle et une plateforme de communication entre les citoyens et les diff\u00e9rents acteurs et instances concern\u00e9s par la<\/p>\n","protected":false},"author":6,"featured_media":14904,"comment_status":"open","ping_status":"open","sticky":false,"template":"","format":"standard","meta":{"footnotes":""},"categories":[22],"tags":[93],"class_list":["post-14903","post","type-post","status-publish","format-standard","has-post-thumbnail","hentry","category-infos","tag-onu"],"yoast_head":"<!-- This site is optimized with the Yoast SEO plugin v27.5 - https:\/\/yoast.com\/product\/yoast-seo-wordpress\/ -->\n<title>Le Fil rouge sp\u00e9cial incendies, une passerelle de communication entre les citoyens et les diff\u00e9rents acteurs - info algerie<\/title>\n<meta name=\"robots\" content=\"index, follow, max-snippet:-1, max-image-preview:large, max-video-preview:-1\" \/>\n<link rel=\"canonical\" href=\"https:\/\/www.info-algerie.com\/actualites\/le-fil-rouge-special-incendies-une-passerelle-de-communication-entre-les-citoyens-et-les-differents-acteurs\/\" \/>\n<meta property=\"og:locale\" content=\"fr_FR\" \/>\n<meta property=\"og:type\" content=\"article\" \/>\n<meta property=\"og:title\" content=\"Le Fil rouge sp\u00e9cial incendies, une passerelle de communication entre les citoyens et les diff\u00e9rents acteurs - info algerie\" \/>\n<meta property=\"og:description\" content=\"BOUMERDES &#8211; Le ministre de la Communication, Djamel Kaouane, a affirm\u00e9 mercredi \u00e0 Boumerd\u00e8s que le dispositif \u00ab\u00a0fil rouge\u00a0\u00bb pour pr\u00e9venir et signaler les incendies, install\u00e9 r\u00e9cemment au niveau de l&rsquo;ensemble des radios locales, se veut une \u00ab\u00a0passerelle et une plateforme de communication entre les citoyens et les diff\u00e9rents acteurs et instances concern\u00e9s par la\" \/>\n<meta property=\"og:url\" content=\"https:\/\/www.info-algerie.com\/actualites\/le-fil-rouge-special-incendies-une-passerelle-de-communication-entre-les-citoyens-et-les-differents-acteurs\/\" \/>\n<meta property=\"og:site_name\" content=\"info algerie\" \/>\n<meta property=\"article:publisher\" content=\"https:\/\/www.facebook.com\/infoalgerieactu\" \/>\n<meta property=\"article:published_time\" content=\"2017-08-10T07:30:56+00:00\" \/>\n<meta property=\"og:image\" content=\"https:\/\/www.info-algerie.com\/actualites\/wp-content\/uploads\/2017\/08\/728e7b40eb5c8dc52872240bddace5dd_S-1.jpg\" \/>\n\t<meta property=\"og:image:width\" content=\"280\" \/>\n\t<meta property=\"og:image:height\" content=\"169\" \/>\n\t<meta property=\"og:image:type\" content=\"image\/jpeg\" \/>\n<meta name=\"author\" content=\"La r\u00e9daction\" \/>\n<meta name=\"twitter:label1\" content=\"\u00c9crit par\" \/>\n\t<meta name=\"twitter:data1\" content=\"La r\u00e9daction\" \/>\n\t<meta name=\"twitter:label2\" content=\"Dur\u00e9e de lecture estim\u00e9e\" \/>\n\t<meta name=\"twitter:data2\" content=\"3 minutes\" \/>\n<script type=\"application\/ld+json\" class=\"yoast-schema-graph\">{\"@context\":\"https:\\\/\\\/schema.org\",\"@graph\":[{\"@type\":\"Article\",\"@id\":\"https:\\\/\\\/www.info-algerie.com\\\/actualites\\\/le-fil-rouge-special-incendies-une-passerelle-de-communication-entre-les-citoyens-et-les-differents-acteurs\\\/#article\",\"isPartOf\":{\"@id\":\"https:\\\/\\\/www.info-algerie.com\\\/actualites\\\/le-fil-rouge-special-incendies-une-passerelle-de-communication-entre-les-citoyens-et-les-differents-acteurs\\\/\"},\"author\":{\"name\":\"La r\u00e9daction\",\"@id\":\"https:\\\/\\\/www.info-algerie.com\\\/actualites\\\/#\\\/schema\\\/person\\\/847aaec44920825b843a08f30ec6aa1e\"},\"headline\":\"Le Fil rouge sp\u00e9cial incendies, une passerelle de communication entre les citoyens et les diff\u00e9rents acteurs\",\"datePublished\":\"2017-08-10T07:30:56+00:00\",\"mainEntityOfPage\":{\"@id\":\"https:\\\/\\\/www.info-algerie.com\\\/actualites\\\/le-fil-rouge-special-incendies-une-passerelle-de-communication-entre-les-citoyens-et-les-differents-acteurs\\\/\"},\"wordCount\":694,\"commentCount\":0,\"publisher\":{\"@id\":\"https:\\\/\\\/www.info-algerie.com\\\/actualites\\\/#organization\"},\"image\":{\"@id\":\"https:\\\/\\\/www.info-algerie.com\\\/actualites\\\/le-fil-rouge-special-incendies-une-passerelle-de-communication-entre-les-citoyens-et-les-differents-acteurs\\\/#primaryimage\"},\"thumbnailUrl\":\"https:\\\/\\\/www.info-algerie.com\\\/actualites\\\/wp-content\\\/uploads\\\/2017\\\/08\\\/728e7b40eb5c8dc52872240bddace5dd_S-1.jpg\",\"keywords\":[\"ONU\"],\"articleSection\":[\"infos\"],\"inLanguage\":\"fr-FR\",\"potentialAction\":[{\"@type\":\"CommentAction\",\"name\":\"Comment\",\"target\":[\"https:\\\/\\\/www.info-algerie.com\\\/actualites\\\/le-fil-rouge-special-incendies-une-passerelle-de-communication-entre-les-citoyens-et-les-differents-acteurs\\\/#respond\"]}]},{\"@type\":\"WebPage\",\"@id\":\"https:\\\/\\\/www.info-algerie.com\\\/actualites\\\/le-fil-rouge-special-incendies-une-passerelle-de-communication-entre-les-citoyens-et-les-differents-acteurs\\\/\",\"url\":\"https:\\\/\\\/www.info-algerie.com\\\/actualites\\\/le-fil-rouge-special-incendies-une-passerelle-de-communication-entre-les-citoyens-et-les-differents-acteurs\\\/\",\"name\":\"Le Fil rouge sp\u00e9cial incendies, une passerelle de communication entre les citoyens et les diff\u00e9rents acteurs - info algerie\",\"isPartOf\":{\"@id\":\"https:\\\/\\\/www.info-algerie.com\\\/actualites\\\/#website\"},\"primaryImageOfPage\":{\"@id\":\"https:\\\/\\\/www.info-algerie.com\\\/actualites\\\/le-fil-rouge-special-incendies-une-passerelle-de-communication-entre-les-citoyens-et-les-differents-acteurs\\\/#primaryimage\"},\"image\":{\"@id\":\"https:\\\/\\\/www.info-algerie.com\\\/actualites\\\/le-fil-rouge-special-incendies-une-passerelle-de-communication-entre-les-citoyens-et-les-differents-acteurs\\\/#primaryimage\"},\"thumbnailUrl\":\"https:\\\/\\\/www.info-algerie.com\\\/actualites\\\/wp-content\\\/uploads\\\/2017\\\/08\\\/728e7b40eb5c8dc52872240bddace5dd_S-1.jpg\",\"datePublished\":\"2017-08-10T07:30:56+00:00\",\"breadcrumb\":{\"@id\":\"https:\\\/\\\/www.info-algerie.com\\\/actualites\\\/le-fil-rouge-special-incendies-une-passerelle-de-communication-entre-les-citoyens-et-les-differents-acteurs\\\/#breadcrumb\"},\"inLanguage\":\"fr-FR\",\"potentialAction\":[{\"@type\":\"ReadAction\",\"target\":[\"https:\\\/\\\/www.info-algerie.com\\\/actualites\\\/le-fil-rouge-special-incendies-une-passerelle-de-communication-entre-les-citoyens-et-les-differents-acteurs\\\/\"]}]},{\"@type\":\"ImageObject\",\"inLanguage\":\"fr-FR\",\"@id\":\"https:\\\/\\\/www.info-algerie.com\\\/actualites\\\/le-fil-rouge-special-incendies-une-passerelle-de-communication-entre-les-citoyens-et-les-differents-acteurs\\\/#primaryimage\",\"url\":\"https:\\\/\\\/www.info-algerie.com\\\/actualites\\\/wp-content\\\/uploads\\\/2017\\\/08\\\/728e7b40eb5c8dc52872240bddace5dd_S-1.jpg\",\"contentUrl\":\"https:\\\/\\\/www.info-algerie.com\\\/actualites\\\/wp-content\\\/uploads\\\/2017\\\/08\\\/728e7b40eb5c8dc52872240bddace5dd_S-1.jpg\",\"width\":280,\"height\":169},{\"@type\":\"BreadcrumbList\",\"@id\":\"https:\\\/\\\/www.info-algerie.com\\\/actualites\\\/le-fil-rouge-special-incendies-une-passerelle-de-communication-entre-les-citoyens-et-les-differents-acteurs\\\/#breadcrumb\",\"itemListElement\":[{\"@type\":\"ListItem\",\"position\":1,\"name\":\"Accueil\",\"item\":\"https:\\\/\\\/www.info-algerie.com\\\/actualites\\\/\"},{\"@type\":\"ListItem\",\"position\":2,\"name\":\"Le Fil rouge sp\u00e9cial incendies, une passerelle de communication entre les citoyens et les diff\u00e9rents acteurs\"}]},{\"@type\":\"WebSite\",\"@id\":\"https:\\\/\\\/www.info-algerie.com\\\/actualites\\\/#website\",\"url\":\"https:\\\/\\\/www.info-algerie.com\\\/actualites\\\/\",\"name\":\"info algerie\",\"description\":\"Toutes les actualit\u00e9s\",\"publisher\":{\"@id\":\"https:\\\/\\\/www.info-algerie.com\\\/actualites\\\/#organization\"},\"potentialAction\":[{\"@type\":\"SearchAction\",\"target\":{\"@type\":\"EntryPoint\",\"urlTemplate\":\"https:\\\/\\\/www.info-algerie.com\\\/actualites\\\/?s={search_term_string}\"},\"query-input\":{\"@type\":\"PropertyValueSpecification\",\"valueRequired\":true,\"valueName\":\"search_term_string\"}}],\"inLanguage\":\"fr-FR\"},{\"@type\":\"Organization\",\"@id\":\"https:\\\/\\\/www.info-algerie.com\\\/actualites\\\/#organization\",\"name\":\"info algerie\",\"url\":\"https:\\\/\\\/www.info-algerie.com\\\/actualites\\\/\",\"logo\":{\"@type\":\"ImageObject\",\"inLanguage\":\"fr-FR\",\"@id\":\"https:\\\/\\\/www.info-algerie.com\\\/actualites\\\/#\\\/schema\\\/logo\\\/image\\\/\",\"url\":\"https:\\\/\\\/www.info-algerie.com\\\/actualites\\\/wp-content\\\/uploads\\\/2022\\\/07\\\/logo-ia-120.png\",\"contentUrl\":\"https:\\\/\\\/www.info-algerie.com\\\/actualites\\\/wp-content\\\/uploads\\\/2022\\\/07\\\/logo-ia-120.png\",\"width\":120,\"height\":43,\"caption\":\"info algerie\"},\"image\":{\"@id\":\"https:\\\/\\\/www.info-algerie.com\\\/actualites\\\/#\\\/schema\\\/logo\\\/image\\\/\"},\"sameAs\":[\"https:\\\/\\\/www.facebook.com\\\/infoalgerieactu\",\"https:\\\/\\\/x.com\\\/infoalgerie1\"]},{\"@type\":\"Person\",\"@id\":\"https:\\\/\\\/www.info-algerie.com\\\/actualites\\\/#\\\/schema\\\/person\\\/847aaec44920825b843a08f30ec6aa1e\",\"name\":\"La r\u00e9daction\",\"image\":{\"@type\":\"ImageObject\",\"inLanguage\":\"fr-FR\",\"@id\":\"https:\\\/\\\/secure.gravatar.com\\\/avatar\\\/769db425c6f465158149f1ffd6cf61ce7a8a879d11dfbef8288af36dfddd418c?s=96&d=mm&r=g\",\"url\":\"https:\\\/\\\/secure.gravatar.com\\\/avatar\\\/769db425c6f465158149f1ffd6cf61ce7a8a879d11dfbef8288af36dfddd418c?s=96&d=mm&r=g\",\"contentUrl\":\"https:\\\/\\\/secure.gravatar.com\\\/avatar\\\/769db425c6f465158149f1ffd6cf61ce7a8a879d11dfbef8288af36dfddd418c?s=96&d=mm&r=g\",\"caption\":\"La r\u00e9daction\"},\"sameAs\":[\"http:\\\/\\\/www.lkeria.com\\\/\"],\"url\":\"https:\\\/\\\/www.info-algerie.com\\\/actualites\\\/author\\\/chakib32\\\/\"}]}<\/script>\n<!-- \/ Yoast SEO plugin. -->","yoast_head_json":{"title":"Le Fil rouge sp\u00e9cial incendies, une passerelle de communication entre les citoyens et les diff\u00e9rents acteurs - info algerie","robots":{"index":"index","follow":"follow","max-snippet":"max-snippet:-1","max-image-preview":"max-image-preview:large","max-video-preview":"max-video-preview:-1"},"canonical":"https:\/\/www.info-algerie.com\/actualites\/le-fil-rouge-special-incendies-une-passerelle-de-communication-entre-les-citoyens-et-les-differents-acteurs\/","og_locale":"fr_FR","og_type":"article","og_title":"Le Fil rouge sp\u00e9cial incendies, une passerelle de communication entre les citoyens et les diff\u00e9rents acteurs - info algerie","og_description":"BOUMERDES &#8211; Le ministre de la Communication, Djamel Kaouane, a affirm\u00e9 mercredi \u00e0 Boumerd\u00e8s que le dispositif \u00ab\u00a0fil rouge\u00a0\u00bb pour pr\u00e9venir et signaler les incendies, install\u00e9 r\u00e9cemment au niveau de l&rsquo;ensemble des radios locales, se veut une \u00ab\u00a0passerelle et une plateforme de communication entre les citoyens et les diff\u00e9rents acteurs et instances concern\u00e9s par la","og_url":"https:\/\/www.info-algerie.com\/actualites\/le-fil-rouge-special-incendies-une-passerelle-de-communication-entre-les-citoyens-et-les-differents-acteurs\/","og_site_name":"info algerie","article_publisher":"https:\/\/www.facebook.com\/infoalgerieactu","article_published_time":"2017-08-10T07:30:56+00:00","og_image":[{"width":280,"height":169,"url":"https:\/\/www.info-algerie.com\/actualites\/wp-content\/uploads\/2017\/08\/728e7b40eb5c8dc52872240bddace5dd_S-1.jpg","type":"image\/jpeg"}],"author":"La r\u00e9daction","twitter_misc":{"\u00c9crit par":"La r\u00e9daction","Dur\u00e9e de lecture estim\u00e9e":"3 minutes"},"schema":{"@context":"https:\/\/schema.org","@graph":[{"@type":"Article","@id":"https:\/\/www.info-algerie.com\/actualites\/le-fil-rouge-special-incendies-une-passerelle-de-communication-entre-les-citoyens-et-les-differents-acteurs\/#article","isPartOf":{"@id":"https:\/\/www.info-algerie.com\/actualites\/le-fil-rouge-special-incendies-une-passerelle-de-communication-entre-les-citoyens-et-les-differents-acteurs\/"},"author":{"name":"La r\u00e9daction","@id":"https:\/\/www.info-algerie.com\/actualites\/#\/schema\/person\/847aaec44920825b843a08f30ec6aa1e"},"headline":"Le Fil rouge sp\u00e9cial incendies, une passerelle de communication entre les citoyens et les diff\u00e9rents acteurs","datePublished":"2017-08-10T07:30:56+00:00","mainEntityOfPage":{"@id":"https:\/\/www.info-algerie.com\/actualites\/le-fil-rouge-special-incendies-une-passerelle-de-communication-entre-les-citoyens-et-les-differents-acteurs\/"},"wordCount":694,"commentCount":0,"publisher":{"@id":"https:\/\/www.info-algerie.com\/actualites\/#organization"},"image":{"@id":"https:\/\/www.info-algerie.com\/actualites\/le-fil-rouge-special-incendies-une-passerelle-de-communication-entre-les-citoyens-et-les-differents-acteurs\/#primaryimage"},"thumbnailUrl":"https:\/\/www.info-algerie.com\/actualites\/wp-content\/uploads\/2017\/08\/728e7b40eb5c8dc52872240bddace5dd_S-1.jpg","keywords":["ONU"],"articleSection":["infos"],"inLanguage":"fr-FR","potentialAction":[{"@type":"CommentAction","name":"Comment","target":["https:\/\/www.info-algerie.com\/actualites\/le-fil-rouge-special-incendies-une-passerelle-de-communication-entre-les-citoyens-et-les-differents-acteurs\/#respond"]}]},{"@type":"WebPage","@id":"https:\/\/www.info-algerie.com\/actualites\/le-fil-rouge-special-incendies-une-passerelle-de-communication-entre-les-citoyens-et-les-differents-acteurs\/","url":"https:\/\/www.info-algerie.com\/actualites\/le-fil-rouge-special-incendies-une-passerelle-de-communication-entre-les-citoyens-et-les-differents-acteurs\/","name":"Le Fil rouge sp\u00e9cial incendies, une passerelle de communication entre les citoyens et les diff\u00e9rents acteurs - info algerie","isPartOf":{"@id":"https:\/\/www.info-algerie.com\/actualites\/#website"},"primaryImageOfPage":{"@id":"https:\/\/www.info-algerie.com\/actualites\/le-fil-rouge-special-incendies-une-passerelle-de-communication-entre-les-citoyens-et-les-differents-acteurs\/#primaryimage"},"image":{"@id":"https:\/\/www.info-algerie.com\/actualites\/le-fil-rouge-special-incendies-une-passerelle-de-communication-entre-les-citoyens-et-les-differents-acteurs\/#primaryimage"},"thumbnailUrl":"https:\/\/www.info-algerie.com\/actualites\/wp-content\/uploads\/2017\/08\/728e7b40eb5c8dc52872240bddace5dd_S-1.jpg","datePublished":"2017-08-10T07:30:56+00:00","breadcrumb":{"@id":"https:\/\/www.info-algerie.com\/actualites\/le-fil-rouge-special-incendies-une-passerelle-de-communication-entre-les-citoyens-et-les-differents-acteurs\/#breadcrumb"},"inLanguage":"fr-FR","potentialAction":[{"@type":"ReadAction","target":["https:\/\/www.info-algerie.com\/actualites\/le-fil-rouge-special-incendies-une-passerelle-de-communication-entre-les-citoyens-et-les-differents-acteurs\/"]}]},{"@type":"ImageObject","inLanguage":"fr-FR","@id":"https:\/\/www.info-algerie.com\/actualites\/le-fil-rouge-special-incendies-une-passerelle-de-communication-entre-les-citoyens-et-les-differents-acteurs\/#primaryimage","url":"https:\/\/www.info-algerie.com\/actualites\/wp-content\/uploads\/2017\/08\/728e7b40eb5c8dc52872240bddace5dd_S-1.jpg","contentUrl":"https:\/\/www.info-algerie.com\/actualites\/wp-content\/uploads\/2017\/08\/728e7b40eb5c8dc52872240bddace5dd_S-1.jpg","width":280,"height":169},{"@type":"BreadcrumbList","@id":"https:\/\/www.info-algerie.com\/actualites\/le-fil-rouge-special-incendies-une-passerelle-de-communication-entre-les-citoyens-et-les-differents-acteurs\/#breadcrumb","itemListElement":[{"@type":"ListItem","position":1,"name":"Accueil","item":"https:\/\/www.info-algerie.com\/actualites\/"},{"@type":"ListItem","position":2,"name":"Le Fil rouge sp\u00e9cial incendies, une passerelle de communication entre les citoyens et les diff\u00e9rents acteurs"}]},{"@type":"WebSite","@id":"https:\/\/www.info-algerie.com\/actualites\/#website","url":"https:\/\/www.info-algerie.com\/actualites\/","name":"info algerie","description":"Toutes les actualit\u00e9s","publisher":{"@id":"https:\/\/www.info-algerie.com\/actualites\/#organization"},"potentialAction":[{"@type":"SearchAction","target":{"@type":"EntryPoint","urlTemplate":"https:\/\/www.info-algerie.com\/actualites\/?s={search_term_string}"},"query-input":{"@type":"PropertyValueSpecification","valueRequired":true,"valueName":"search_term_string"}}],"inLanguage":"fr-FR"},{"@type":"Organization","@id":"https:\/\/www.info-algerie.com\/actualites\/#organization","name":"info algerie","url":"https:\/\/www.info-algerie.com\/actualites\/","logo":{"@type":"ImageObject","inLanguage":"fr-FR","@id":"https:\/\/www.info-algerie.com\/actualites\/#\/schema\/logo\/image\/","url":"https:\/\/www.info-algerie.com\/actualites\/wp-content\/uploads\/2022\/07\/logo-ia-120.png","contentUrl":"https:\/\/www.info-algerie.com\/actualites\/wp-content\/uploads\/2022\/07\/logo-ia-120.png","width":120,"height":43,"caption":"info algerie"},"image":{"@id":"https:\/\/www.info-algerie.com\/actualites\/#\/schema\/logo\/image\/"},"sameAs":["https:\/\/www.facebook.com\/infoalgerieactu","https:\/\/x.com\/infoalgerie1"]},{"@type":"Person","@id":"https:\/\/www.info-algerie.com\/actualites\/#\/schema\/person\/847aaec44920825b843a08f30ec6aa1e","name":"La r\u00e9daction","image":{"@type":"ImageObject","inLanguage":"fr-FR","@id":"https:\/\/secure.gravatar.com\/avatar\/769db425c6f465158149f1ffd6cf61ce7a8a879d11dfbef8288af36dfddd418c?s=96&d=mm&r=g","url":"https:\/\/secure.gravatar.com\/avatar\/769db425c6f465158149f1ffd6cf61ce7a8a879d11dfbef8288af36dfddd418c?s=96&d=mm&r=g","contentUrl":"https:\/\/secure.gravatar.com\/avatar\/769db425c6f465158149f1ffd6cf61ce7a8a879d11dfbef8288af36dfddd418c?s=96&d=mm&r=g","caption":"La r\u00e9daction"},"sameAs":["http:\/\/www.lkeria.com\/"],"url":"https:\/\/www.info-algerie.com\/actualites\/author\/chakib32\/"}]}},"_links":{"self":[{"href":"https:\/\/www.info-algerie.com\/actualites\/wp-json\/wp\/v2\/posts\/14903","targetHints":{"allow":["GET"]}}],"collection":[{"href":"https:\/\/www.info-algerie.com\/actualites\/wp-json\/wp\/v2\/posts"}],"about":[{"href":"https:\/\/www.info-algerie.com\/actualites\/wp-json\/wp\/v2\/types\/post"}],"author":[{"embeddable":true,"href":"https:\/\/www.info-algerie.com\/actualites\/wp-json\/wp\/v2\/users\/6"}],"replies":[{"embeddable":true,"href":"https:\/\/www.info-algerie.com\/actualites\/wp-json\/wp\/v2\/comments?post=14903"}],"version-history":[{"count":0,"href":"https:\/\/www.info-algerie.com\/actualites\/wp-json\/wp\/v2\/posts\/14903\/revisions"}],"wp:featuredmedia":[{"embeddable":true,"href":"https:\/\/www.info-algerie.com\/actualites\/wp-json\/wp\/v2\/media\/14904"}],"wp:attachment":[{"href":"https:\/\/www.info-algerie.com\/actualites\/wp-json\/wp\/v2\/media?parent=14903"}],"wp:term":[{"taxonomy":"category","embeddable":true,"href":"https:\/\/www.info-algerie.com\/actualites\/wp-json\/wp\/v2\/categories?post=14903"},{"taxonomy":"post_tag","embeddable":true,"href":"https:\/\/www.info-algerie.com\/actualites\/wp-json\/wp\/v2\/tags?post=14903"}],"curies":[{"name":"wp","href":"https:\/\/api.w.org\/{rel}","templated":true}]}}