{"id":14905,"date":"2017-08-10T11:02:14","date_gmt":"2017-08-10T10:02:14","guid":{"rendered":"http:\/\/www.info-algerie.com\/actualites\/messahel-recu-a-manama-par-le-vice-president-du-conseil-des-ministres-du-royaume-de-bahrein\/"},"modified":"2017-08-10T11:02:14","modified_gmt":"2017-08-10T10:02:14","slug":"messahel-recu-a-manama-par-le-vice-president-du-conseil-des-ministres-du-royaume-de-bahrein","status":"publish","type":"post","link":"https:\/\/www.info-algerie.com\/actualites\/messahel-recu-a-manama-par-le-vice-president-du-conseil-des-ministres-du-royaume-de-bahrein\/","title":{"rendered":"Messahel re\u00e7u \u00e0 Manama par le Vice-pr\u00e9sident du Conseil des ministres du Royaume de Bahre\u00efn"},"content":{"rendered":"<div class=\"K2FeedIntroText\">\n<p>ALGER &#8211; Le ministre des Affaires \u00e9trang\u00e8res, Abdelkader Messahel, a \u00e9t\u00e9 re\u00e7u jeudi \u00e0 Manama par le Vice-pr\u00e9sident du Conseil des ministres du Royaume de Bahre\u00efn, Khaled Ben Abdallah Al-Khalifa, indique un communiqu\u00e9 du minist\u00e8re des Affaires \u00e9trang\u00e8res.\u00a0\u00a0<\/p>\n<p>&#013;\n<\/p><\/div>\n<div class=\"K2FeedFullText\">&#013;<\/p>\n<p>Cheikh Khaled Ben Abdallah a charg\u00e9 M. Messahel de \u00ab\u00a0transmettre les v\u0153ux du Pr\u00e9sident du Conseil des ministres au Pr\u00e9sident de la R\u00e9publique. Il a \u00e9galement \u00ab\u00a0lou\u00e9 la sagesse du Pr\u00e9sident de la R\u00e9publique et a transmis ses f\u00e9licitations pour le succ\u00e8s des \u00e9lections parlementaires tenues en Alg\u00e9rie au mois de mai dernier\u00a0\u00bb, note la m\u00eame source.<\/p>\n<p>&#013;<\/p>\n<p>L\u2019audience a port\u00e9 sur \u00ab\u00a0les relations bilat\u00e9rales entre l\u2019Alg\u00e9rie et le Bahre\u00efn et les voies et moyens de leur renforcement, notamment dans les domaines \u00e9conomique et bancaire\u00a0\u00bb.\u00a0<\/p>\n<p>&#013;<\/p>\n<p>Les deux responsables ont soulign\u00e9, \u00e0 cet \u00e9gard, \u00ab\u00a0la n\u00e9cessit\u00e9 de dynamiser\u00a0\u00bb la coop\u00e9ration \u00e9conomique \u00e0 travers la tenue de la prochaine session de la commission mixte avant la fin de l\u2019ann\u00e9e en cours\u00a0\u00bb.<\/p>\n<p>&#013;<\/p>\n<p>Abordant la situation dans la r\u00e9gion, M. Messahel et Cheikh Khaled Ben Abdallah \u00ab\u00a0ont proc\u00e9d\u00e9 \u00e0 un \u00e9change de vues sur la situation dans le monde arabe, la n\u00e9cessit\u00e9 de favoriser le r\u00e8glement des crises qui affectent les pays arabes par la voie du dialogue et de la r\u00e9conciliation\u00a0\u00bb.\u00a0<\/p>\n<p>&#013;<\/p>\n<p>Le Vice-pr\u00e9sident du Conseil des ministres du Royaume de Bahre\u00efn \u00ab\u00a0a fait part de son appr\u00e9ciation de l\u2019exp\u00e9rience alg\u00e9rienne en mati\u00e8re de la lutte contre le terrorisme et l\u2019extr\u00e9misme violent\u00a0\u00bb, souligne la m\u00eame source.<\/p>\n<p>&#013;<\/p>\n<p>A ce sujet, M. Messahel et Cheikh Khaled ben Abdallah \u00ab\u00a0sont convenus de l\u2019importance d\u2019une action concert\u00e9e au niveau du monde arabe afin de faire face aux crises et conflits qui menacent la stabilit\u00e9 de la r\u00e9gion\u00a0\u00bb.<\/p>\n<p>&#013;<\/p>\n<p>\u00a0Les deux parties ont soulign\u00e9, \u00e0 cet effet, \u00ab\u00a0l&rsquo;imp\u00e9ratif de la r\u00e9forme de l&rsquo;organisation panarabe pour relever les d\u00e9fis qui interpellent les Etats arabes\u00a0\u00bb, ajoute le communiqu\u00e9.\u00a0<\/p>\n<p>&#013;<\/p>\n<p class=\"MsoNormal\">L\u2019audience s\u2019est d\u00e9roul\u00e9e en pr\u00e9sence du ministre des Affaires \u00e9trang\u00e8res Bahre\u00efni.<\/p>\n<\/div>\n<p>&#013;<br \/>\nSource: <a href=\"http:\/\/www.aps.dz\/algerie\/61593-messahel-recu-a-manama-par-le-vice-president-du-conseil-des-ministres-du-royaume-de-bahrein\" target=\"_blank\">Messahel re\u00e7u \u00e0 Manama par le Vice-pr\u00e9sident du Conseil des ministres du Royaume de Bahre\u00efn<\/a><\/p>\n<!--CusAds0-->\n<div style=\"font-size: 0px; height: 0px; line-height: 0px; margin: 0; padding: 0; clear: both;\"><\/div>","protected":false},"excerpt":{"rendered":"<p>ALGER &#8211; Le ministre des Affaires \u00e9trang\u00e8res, Abdelkader Messahel, a \u00e9t\u00e9 re\u00e7u jeudi \u00e0 Manama par le Vice-pr\u00e9sident du Conseil des ministres du Royaume de Bahre\u00efn, Khaled Ben Abdallah Al-Khalifa, indique un communiqu\u00e9 du minist\u00e8re des Affaires \u00e9trang\u00e8res.\u00a0\u00a0 &#013; &#013; Cheikh Khaled Ben Abdallah a charg\u00e9 M. Messahel de \u00ab\u00a0transmettre les v\u0153ux du Pr\u00e9sident du<\/p>\n","protected":false},"author":6,"featured_media":0,"comment_status":"open","ping_status":"open","sticky":false,"template":"","format":"standard","meta":{"footnotes":""},"categories":[22],"tags":[93],"class_list":["post-14905","post","type-post","status-publish","format-standard","hentry","category-infos","tag-onu"],"yoast_head":"<!-- This site is optimized with the Yoast SEO plugin v27.5 - https:\/\/yoast.com\/product\/yoast-seo-wordpress\/ -->\n<title>Messahel re\u00e7u \u00e0 Manama par le Vice-pr\u00e9sident du Conseil des ministres du Royaume de Bahre\u00efn - info algerie<\/title>\n<meta name=\"robots\" content=\"index, follow, max-snippet:-1, max-image-preview:large, max-video-preview:-1\" \/>\n<link rel=\"canonical\" href=\"https:\/\/www.info-algerie.com\/actualites\/messahel-recu-a-manama-par-le-vice-president-du-conseil-des-ministres-du-royaume-de-bahrein\/\" \/>\n<meta property=\"og:locale\" content=\"fr_FR\" \/>\n<meta property=\"og:type\" content=\"article\" \/>\n<meta property=\"og:title\" content=\"Messahel re\u00e7u \u00e0 Manama par le Vice-pr\u00e9sident du Conseil des ministres du Royaume de Bahre\u00efn - info algerie\" \/>\n<meta property=\"og:description\" content=\"ALGER &#8211; Le ministre des Affaires \u00e9trang\u00e8res, Abdelkader Messahel, a \u00e9t\u00e9 re\u00e7u jeudi \u00e0 Manama par le Vice-pr\u00e9sident du Conseil des ministres du Royaume de Bahre\u00efn, Khaled Ben Abdallah Al-Khalifa, indique un communiqu\u00e9 du minist\u00e8re des Affaires \u00e9trang\u00e8res.\u00a0\u00a0 &#013; &#013; Cheikh Khaled Ben Abdallah a charg\u00e9 M. Messahel de \u00ab\u00a0transmettre les v\u0153ux du Pr\u00e9sident du\" \/>\n<meta property=\"og:url\" content=\"https:\/\/www.info-algerie.com\/actualites\/messahel-recu-a-manama-par-le-vice-president-du-conseil-des-ministres-du-royaume-de-bahrein\/\" \/>\n<meta property=\"og:site_name\" content=\"info algerie\" \/>\n<meta property=\"article:publisher\" content=\"https:\/\/www.facebook.com\/infoalgerieactu\" \/>\n<meta property=\"article:published_time\" content=\"2017-08-10T10:02:14+00:00\" \/>\n<meta name=\"author\" content=\"La r\u00e9daction\" \/>\n<meta name=\"twitter:label1\" content=\"\u00c9crit par\" \/>\n\t<meta name=\"twitter:data1\" content=\"La r\u00e9daction\" \/>\n\t<meta name=\"twitter:label2\" content=\"Dur\u00e9e de lecture estim\u00e9e\" \/>\n\t<meta name=\"twitter:data2\" content=\"2 minutes\" \/>\n<script type=\"application\/ld+json\" class=\"yoast-schema-graph\">{\"@context\":\"https:\\\/\\\/schema.org\",\"@graph\":[{\"@type\":\"Article\",\"@id\":\"https:\\\/\\\/www.info-algerie.com\\\/actualites\\\/messahel-recu-a-manama-par-le-vice-president-du-conseil-des-ministres-du-royaume-de-bahrein\\\/#article\",\"isPartOf\":{\"@id\":\"https:\\\/\\\/www.info-algerie.com\\\/actualites\\\/messahel-recu-a-manama-par-le-vice-president-du-conseil-des-ministres-du-royaume-de-bahrein\\\/\"},\"author\":{\"name\":\"La r\u00e9daction\",\"@id\":\"https:\\\/\\\/www.info-algerie.com\\\/actualites\\\/#\\\/schema\\\/person\\\/847aaec44920825b843a08f30ec6aa1e\"},\"headline\":\"Messahel re\u00e7u \u00e0 Manama par le Vice-pr\u00e9sident du Conseil des ministres du Royaume de Bahre\u00efn\",\"datePublished\":\"2017-08-10T10:02:14+00:00\",\"mainEntityOfPage\":{\"@id\":\"https:\\\/\\\/www.info-algerie.com\\\/actualites\\\/messahel-recu-a-manama-par-le-vice-president-du-conseil-des-ministres-du-royaume-de-bahrein\\\/\"},\"wordCount\":400,\"commentCount\":0,\"publisher\":{\"@id\":\"https:\\\/\\\/www.info-algerie.com\\\/actualites\\\/#organization\"},\"keywords\":[\"ONU\"],\"articleSection\":[\"infos\"],\"inLanguage\":\"fr-FR\",\"potentialAction\":[{\"@type\":\"CommentAction\",\"name\":\"Comment\",\"target\":[\"https:\\\/\\\/www.info-algerie.com\\\/actualites\\\/messahel-recu-a-manama-par-le-vice-president-du-conseil-des-ministres-du-royaume-de-bahrein\\\/#respond\"]}]},{\"@type\":\"WebPage\",\"@id\":\"https:\\\/\\\/www.info-algerie.com\\\/actualites\\\/messahel-recu-a-manama-par-le-vice-president-du-conseil-des-ministres-du-royaume-de-bahrein\\\/\",\"url\":\"https:\\\/\\\/www.info-algerie.com\\\/actualites\\\/messahel-recu-a-manama-par-le-vice-president-du-conseil-des-ministres-du-royaume-de-bahrein\\\/\",\"name\":\"Messahel re\u00e7u \u00e0 Manama par le Vice-pr\u00e9sident du Conseil des ministres du Royaume de Bahre\u00efn - info algerie\",\"isPartOf\":{\"@id\":\"https:\\\/\\\/www.info-algerie.com\\\/actualites\\\/#website\"},\"datePublished\":\"2017-08-10T10:02:14+00:00\",\"breadcrumb\":{\"@id\":\"https:\\\/\\\/www.info-algerie.com\\\/actualites\\\/messahel-recu-a-manama-par-le-vice-president-du-conseil-des-ministres-du-royaume-de-bahrein\\\/#breadcrumb\"},\"inLanguage\":\"fr-FR\",\"potentialAction\":[{\"@type\":\"ReadAction\",\"target\":[\"https:\\\/\\\/www.info-algerie.com\\\/actualites\\\/messahel-recu-a-manama-par-le-vice-president-du-conseil-des-ministres-du-royaume-de-bahrein\\\/\"]}]},{\"@type\":\"BreadcrumbList\",\"@id\":\"https:\\\/\\\/www.info-algerie.com\\\/actualites\\\/messahel-recu-a-manama-par-le-vice-president-du-conseil-des-ministres-du-royaume-de-bahrein\\\/#breadcrumb\",\"itemListElement\":[{\"@type\":\"ListItem\",\"position\":1,\"name\":\"Accueil\",\"item\":\"https:\\\/\\\/www.info-algerie.com\\\/actualites\\\/\"},{\"@type\":\"ListItem\",\"position\":2,\"name\":\"Messahel re\u00e7u \u00e0 Manama par le Vice-pr\u00e9sident du Conseil des ministres du Royaume de Bahre\u00efn\"}]},{\"@type\":\"WebSite\",\"@id\":\"https:\\\/\\\/www.info-algerie.com\\\/actualites\\\/#website\",\"url\":\"https:\\\/\\\/www.info-algerie.com\\\/actualites\\\/\",\"name\":\"info algerie\",\"description\":\"Toutes les actualit\u00e9s\",\"publisher\":{\"@id\":\"https:\\\/\\\/www.info-algerie.com\\\/actualites\\\/#organization\"},\"potentialAction\":[{\"@type\":\"SearchAction\",\"target\":{\"@type\":\"EntryPoint\",\"urlTemplate\":\"https:\\\/\\\/www.info-algerie.com\\\/actualites\\\/?s={search_term_string}\"},\"query-input\":{\"@type\":\"PropertyValueSpecification\",\"valueRequired\":true,\"valueName\":\"search_term_string\"}}],\"inLanguage\":\"fr-FR\"},{\"@type\":\"Organization\",\"@id\":\"https:\\\/\\\/www.info-algerie.com\\\/actualites\\\/#organization\",\"name\":\"info algerie\",\"url\":\"https:\\\/\\\/www.info-algerie.com\\\/actualites\\\/\",\"logo\":{\"@type\":\"ImageObject\",\"inLanguage\":\"fr-FR\",\"@id\":\"https:\\\/\\\/www.info-algerie.com\\\/actualites\\\/#\\\/schema\\\/logo\\\/image\\\/\",\"url\":\"https:\\\/\\\/www.info-algerie.com\\\/actualites\\\/wp-content\\\/uploads\\\/2022\\\/07\\\/logo-ia-120.png\",\"contentUrl\":\"https:\\\/\\\/www.info-algerie.com\\\/actualites\\\/wp-content\\\/uploads\\\/2022\\\/07\\\/logo-ia-120.png\",\"width\":120,\"height\":43,\"caption\":\"info algerie\"},\"image\":{\"@id\":\"https:\\\/\\\/www.info-algerie.com\\\/actualites\\\/#\\\/schema\\\/logo\\\/image\\\/\"},\"sameAs\":[\"https:\\\/\\\/www.facebook.com\\\/infoalgerieactu\",\"https:\\\/\\\/x.com\\\/infoalgerie1\"]},{\"@type\":\"Person\",\"@id\":\"https:\\\/\\\/www.info-algerie.com\\\/actualites\\\/#\\\/schema\\\/person\\\/847aaec44920825b843a08f30ec6aa1e\",\"name\":\"La r\u00e9daction\",\"image\":{\"@type\":\"ImageObject\",\"inLanguage\":\"fr-FR\",\"@id\":\"https:\\\/\\\/secure.gravatar.com\\\/avatar\\\/769db425c6f465158149f1ffd6cf61ce7a8a879d11dfbef8288af36dfddd418c?s=96&d=mm&r=g\",\"url\":\"https:\\\/\\\/secure.gravatar.com\\\/avatar\\\/769db425c6f465158149f1ffd6cf61ce7a8a879d11dfbef8288af36dfddd418c?s=96&d=mm&r=g\",\"contentUrl\":\"https:\\\/\\\/secure.gravatar.com\\\/avatar\\\/769db425c6f465158149f1ffd6cf61ce7a8a879d11dfbef8288af36dfddd418c?s=96&d=mm&r=g\",\"caption\":\"La r\u00e9daction\"},\"sameAs\":[\"http:\\\/\\\/www.lkeria.com\\\/\"],\"url\":\"https:\\\/\\\/www.info-algerie.com\\\/actualites\\\/author\\\/chakib32\\\/\"}]}<\/script>\n<!-- \/ Yoast SEO plugin. -->","yoast_head_json":{"title":"Messahel re\u00e7u \u00e0 Manama par le Vice-pr\u00e9sident du Conseil des ministres du Royaume de Bahre\u00efn - info algerie","robots":{"index":"index","follow":"follow","max-snippet":"max-snippet:-1","max-image-preview":"max-image-preview:large","max-video-preview":"max-video-preview:-1"},"canonical":"https:\/\/www.info-algerie.com\/actualites\/messahel-recu-a-manama-par-le-vice-president-du-conseil-des-ministres-du-royaume-de-bahrein\/","og_locale":"fr_FR","og_type":"article","og_title":"Messahel re\u00e7u \u00e0 Manama par le Vice-pr\u00e9sident du Conseil des ministres du Royaume de Bahre\u00efn - info algerie","og_description":"ALGER &#8211; Le ministre des Affaires \u00e9trang\u00e8res, Abdelkader Messahel, a \u00e9t\u00e9 re\u00e7u jeudi \u00e0 Manama par le Vice-pr\u00e9sident du Conseil des ministres du Royaume de Bahre\u00efn, Khaled Ben Abdallah Al-Khalifa, indique un communiqu\u00e9 du minist\u00e8re des Affaires \u00e9trang\u00e8res.\u00a0\u00a0 &#013; &#013; Cheikh Khaled Ben Abdallah a charg\u00e9 M. Messahel de \u00ab\u00a0transmettre les v\u0153ux du Pr\u00e9sident du","og_url":"https:\/\/www.info-algerie.com\/actualites\/messahel-recu-a-manama-par-le-vice-president-du-conseil-des-ministres-du-royaume-de-bahrein\/","og_site_name":"info algerie","article_publisher":"https:\/\/www.facebook.com\/infoalgerieactu","article_published_time":"2017-08-10T10:02:14+00:00","author":"La r\u00e9daction","twitter_misc":{"\u00c9crit par":"La r\u00e9daction","Dur\u00e9e de lecture estim\u00e9e":"2 minutes"},"schema":{"@context":"https:\/\/schema.org","@graph":[{"@type":"Article","@id":"https:\/\/www.info-algerie.com\/actualites\/messahel-recu-a-manama-par-le-vice-president-du-conseil-des-ministres-du-royaume-de-bahrein\/#article","isPartOf":{"@id":"https:\/\/www.info-algerie.com\/actualites\/messahel-recu-a-manama-par-le-vice-president-du-conseil-des-ministres-du-royaume-de-bahrein\/"},"author":{"name":"La r\u00e9daction","@id":"https:\/\/www.info-algerie.com\/actualites\/#\/schema\/person\/847aaec44920825b843a08f30ec6aa1e"},"headline":"Messahel re\u00e7u \u00e0 Manama par le Vice-pr\u00e9sident du Conseil des ministres du Royaume de Bahre\u00efn","datePublished":"2017-08-10T10:02:14+00:00","mainEntityOfPage":{"@id":"https:\/\/www.info-algerie.com\/actualites\/messahel-recu-a-manama-par-le-vice-president-du-conseil-des-ministres-du-royaume-de-bahrein\/"},"wordCount":400,"commentCount":0,"publisher":{"@id":"https:\/\/www.info-algerie.com\/actualites\/#organization"},"keywords":["ONU"],"articleSection":["infos"],"inLanguage":"fr-FR","potentialAction":[{"@type":"CommentAction","name":"Comment","target":["https:\/\/www.info-algerie.com\/actualites\/messahel-recu-a-manama-par-le-vice-president-du-conseil-des-ministres-du-royaume-de-bahrein\/#respond"]}]},{"@type":"WebPage","@id":"https:\/\/www.info-algerie.com\/actualites\/messahel-recu-a-manama-par-le-vice-president-du-conseil-des-ministres-du-royaume-de-bahrein\/","url":"https:\/\/www.info-algerie.com\/actualites\/messahel-recu-a-manama-par-le-vice-president-du-conseil-des-ministres-du-royaume-de-bahrein\/","name":"Messahel re\u00e7u \u00e0 Manama par le Vice-pr\u00e9sident du Conseil des ministres du Royaume de Bahre\u00efn - info algerie","isPartOf":{"@id":"https:\/\/www.info-algerie.com\/actualites\/#website"},"datePublished":"2017-08-10T10:02:14+00:00","breadcrumb":{"@id":"https:\/\/www.info-algerie.com\/actualites\/messahel-recu-a-manama-par-le-vice-president-du-conseil-des-ministres-du-royaume-de-bahrein\/#breadcrumb"},"inLanguage":"fr-FR","potentialAction":[{"@type":"ReadAction","target":["https:\/\/www.info-algerie.com\/actualites\/messahel-recu-a-manama-par-le-vice-president-du-conseil-des-ministres-du-royaume-de-bahrein\/"]}]},{"@type":"BreadcrumbList","@id":"https:\/\/www.info-algerie.com\/actualites\/messahel-recu-a-manama-par-le-vice-president-du-conseil-des-ministres-du-royaume-de-bahrein\/#breadcrumb","itemListElement":[{"@type":"ListItem","position":1,"name":"Accueil","item":"https:\/\/www.info-algerie.com\/actualites\/"},{"@type":"ListItem","position":2,"name":"Messahel re\u00e7u \u00e0 Manama par le Vice-pr\u00e9sident du Conseil des ministres du Royaume de Bahre\u00efn"}]},{"@type":"WebSite","@id":"https:\/\/www.info-algerie.com\/actualites\/#website","url":"https:\/\/www.info-algerie.com\/actualites\/","name":"info algerie","description":"Toutes les actualit\u00e9s","publisher":{"@id":"https:\/\/www.info-algerie.com\/actualites\/#organization"},"potentialAction":[{"@type":"SearchAction","target":{"@type":"EntryPoint","urlTemplate":"https:\/\/www.info-algerie.com\/actualites\/?s={search_term_string}"},"query-input":{"@type":"PropertyValueSpecification","valueRequired":true,"valueName":"search_term_string"}}],"inLanguage":"fr-FR"},{"@type":"Organization","@id":"https:\/\/www.info-algerie.com\/actualites\/#organization","name":"info algerie","url":"https:\/\/www.info-algerie.com\/actualites\/","logo":{"@type":"ImageObject","inLanguage":"fr-FR","@id":"https:\/\/www.info-algerie.com\/actualites\/#\/schema\/logo\/image\/","url":"https:\/\/www.info-algerie.com\/actualites\/wp-content\/uploads\/2022\/07\/logo-ia-120.png","contentUrl":"https:\/\/www.info-algerie.com\/actualites\/wp-content\/uploads\/2022\/07\/logo-ia-120.png","width":120,"height":43,"caption":"info algerie"},"image":{"@id":"https:\/\/www.info-algerie.com\/actualites\/#\/schema\/logo\/image\/"},"sameAs":["https:\/\/www.facebook.com\/infoalgerieactu","https:\/\/x.com\/infoalgerie1"]},{"@type":"Person","@id":"https:\/\/www.info-algerie.com\/actualites\/#\/schema\/person\/847aaec44920825b843a08f30ec6aa1e","name":"La r\u00e9daction","image":{"@type":"ImageObject","inLanguage":"fr-FR","@id":"https:\/\/secure.gravatar.com\/avatar\/769db425c6f465158149f1ffd6cf61ce7a8a879d11dfbef8288af36dfddd418c?s=96&d=mm&r=g","url":"https:\/\/secure.gravatar.com\/avatar\/769db425c6f465158149f1ffd6cf61ce7a8a879d11dfbef8288af36dfddd418c?s=96&d=mm&r=g","contentUrl":"https:\/\/secure.gravatar.com\/avatar\/769db425c6f465158149f1ffd6cf61ce7a8a879d11dfbef8288af36dfddd418c?s=96&d=mm&r=g","caption":"La r\u00e9daction"},"sameAs":["http:\/\/www.lkeria.com\/"],"url":"https:\/\/www.info-algerie.com\/actualites\/author\/chakib32\/"}]}},"_links":{"self":[{"href":"https:\/\/www.info-algerie.com\/actualites\/wp-json\/wp\/v2\/posts\/14905","targetHints":{"allow":["GET"]}}],"collection":[{"href":"https:\/\/www.info-algerie.com\/actualites\/wp-json\/wp\/v2\/posts"}],"about":[{"href":"https:\/\/www.info-algerie.com\/actualites\/wp-json\/wp\/v2\/types\/post"}],"author":[{"embeddable":true,"href":"https:\/\/www.info-algerie.com\/actualites\/wp-json\/wp\/v2\/users\/6"}],"replies":[{"embeddable":true,"href":"https:\/\/www.info-algerie.com\/actualites\/wp-json\/wp\/v2\/comments?post=14905"}],"version-history":[{"count":0,"href":"https:\/\/www.info-algerie.com\/actualites\/wp-json\/wp\/v2\/posts\/14905\/revisions"}],"wp:attachment":[{"href":"https:\/\/www.info-algerie.com\/actualites\/wp-json\/wp\/v2\/media?parent=14905"}],"wp:term":[{"taxonomy":"category","embeddable":true,"href":"https:\/\/www.info-algerie.com\/actualites\/wp-json\/wp\/v2\/categories?post=14905"},{"taxonomy":"post_tag","embeddable":true,"href":"https:\/\/www.info-algerie.com\/actualites\/wp-json\/wp\/v2\/tags?post=14905"}],"curies":[{"name":"wp","href":"https:\/\/api.w.org\/{rel}","templated":true}]}}