{"id":14918,"date":"2017-08-10T12:56:24","date_gmt":"2017-08-10T11:56:24","guid":{"rendered":"http:\/\/www.info-algerie.com\/actualites\/les-actionnaires-ameyar-contestent-la-cessation-de-parution-du-quotidien-la-tribune\/"},"modified":"2017-08-10T12:56:24","modified_gmt":"2017-08-10T11:56:24","slug":"les-actionnaires-ameyar-contestent-la-cessation-de-parution-du-quotidien-la-tribune","status":"publish","type":"post","link":"https:\/\/www.info-algerie.com\/actualites\/les-actionnaires-ameyar-contestent-la-cessation-de-parution-du-quotidien-la-tribune\/","title":{"rendered":"Les actionnaires Ameyar contestent la cessation de parution du quotidien &quot;La Tribune&quot;"},"content":{"rendered":"<div class=\"K2FeedImage\"><img decoding=\"async\" src=\"https:\/\/www.info-algerie.com\/actualites\/wp-content\/uploads\/2017\/08\/91b84e55d995541d4055db75bb6dd434_S.jpg\" \/><\/div>\n<div class=\"K2FeedIntroText\">\n<p>ALGER &#8211; Les h\u00e9ritiers Ameyar, principaux actionnaires de la SARL omnium Maghreb presse, \u00e9ditrice du journal \u00ab\u00a0La Tribune\u00a0\u00bb, contestent la <strong><a href=\"http:\/\/www.aps.dz\/algerie\/61581-le-quotidien-la-tribune-cesse-de-paraitre\">d\u00e9cision de cessation de parution de ce quotidien, prise mercredi par deux autres actionnaires<\/a><\/strong>, a d\u00e9clar\u00e9 jeudi \u00e0 l&rsquo;APS la veuve de Kheiredine Ameyar.<\/p>\n<p>&#013;\n<\/p><\/div>\n<div class=\"K2FeedFullText\">&#013;<\/p>\n<p>\u00ab\u00a0Nous contestons la d\u00e9cision portant cessation de parution du journal et nous exprimons notre solidarit\u00e9 avec le personnel\u00a0\u00bb, a indiqu\u00e9 la veuve Ameyar qui a qualifi\u00e9 la mesure d'\u00a0\u00bbill\u00e9gale\u00a0\u00bb compte tenu, a-t-elle expliqu\u00e9, \u00ab\u00a0des parts de chacun des associ\u00e9s dans la SARL\u00a0\u00bb.<\/p>\n<p>&#013;<\/p>\n<p>La Tribune a cess\u00e9 de para\u00eetre depuis ce jeudi suite \u00e0 la d\u00e9cision de deux actionnaires d\u2019introduire en r\u00e9f\u00e9r\u00e9 une demande aupr\u00e8s de la justice pour la cessation des activit\u00e9s de la SARL.<\/p>\n<p>&#013;<\/p>\n<p>\u00ab\u00a0La Tribune doit reprendre. Le titre ne doit pas mourir sur une d\u00e9cision de deux associ\u00e9s minoritaires\u00a0\u00bb, a-t-elle ajout\u00e9, faisant part de son intention d'\u00a0\u00bbanimer incessamment une conf\u00e9rence de presse pour mettre la lumi\u00e8re sur la situation de la SARL\u00a0\u00bb.<\/p>\n<p>&#013;<\/p>\n<p>Dans la nuit de mercredi \u00e0 jeudi, les h\u00e9ritiers Ameyar se sont dits, \u00e0 travers un communiqu\u00e9, \u00ab\u00a0surpris\u00a0\u00bb d&rsquo;appendre la cessation de parution du journal suite \u00e0 \u00ab\u00a0une d\u00e9cision de deux autres actionnaires, Tifaoui Cherif et Djerad Djamel\u00a0\u00bb, tout en s&rsquo;interrogeant sur \u00ab\u00a0l&rsquo;assise l\u00e9gale d&rsquo;une telle d\u00e9cision\u00a0\u00bb.<\/p>\n<p>&#013;<\/p>\n<p>Les h\u00e9ritiers Ameyar indiquent qu&rsquo;ils \u00ab\u00a0vont saisir le tribunal de Sidi M&rsquo;hamed en septembre prochain afin de tenir une assembl\u00e9e g\u00e9n\u00e9rale extraordinaire pour statuer sur l&rsquo;avenir r\u00e9dactionnel mais aussi lancer un audit de la SARL OMP\u00a0\u00bb.<\/p>\n<p>&#013;<\/p>\n<p>De son c\u00f4t\u00e9, M. Tifaoui estime qu&rsquo;il \u00e9tait \u00ab\u00a0impossible\u00a0\u00bb pour le journal de continuer \u00e0 paraitre, au vu de \u00ab\u00a0la situation\u00a0 financi\u00e8re de la SARL, qui est d\u00e9ficitaire depuis 2002, ainsi que des probl\u00e8mes d&rsquo;ordre statutaire\u00a0\u00bb.<\/p>\n<p>&#013;<\/p>\n<p class=\"MsoNormal\">Le collectif du journal a indiqu\u00e9, dans un communiqu\u00e9, qu&rsquo;il refusait la mise \u00e0 mort du journal, appelant \u00ab\u00a0les responsables \u00e0 tous les niveaux \u00e0 r\u00e9agir pour trouver une solution permettant au journal de continuer \u00e0 jouer son r\u00f4le de m\u00e9dia et de vecteur de l\u2019information\u00a0\u00bb.<\/p>\n<\/div>\n<p>&#013;<br \/>\nSource: <a href=\"http:\/\/www.aps.dz\/algerie\/61599-les-actionnaires-ameyar-contestent-la-cessation-de-parution-du-quotidien-la-tribune\" target=\"_blank\">Les actionnaires Ameyar contestent la cessation de parution du quotidien \u00ab\u00a0La Tribune\u00a0\u00bb<\/a><\/p>\n<!--CusAds0-->\n<div style=\"font-size: 0px; height: 0px; line-height: 0px; margin: 0; padding: 0; clear: both;\"><\/div>","protected":false},"excerpt":{"rendered":"<p>ALGER &#8211; Les h\u00e9ritiers Ameyar, principaux actionnaires de la SARL omnium Maghreb presse, \u00e9ditrice du journal \u00ab\u00a0La Tribune\u00a0\u00bb, contestent la d\u00e9cision de cessation de parution de ce quotidien, prise mercredi par deux autres actionnaires, a d\u00e9clar\u00e9 jeudi \u00e0 l&rsquo;APS la veuve de Kheiredine Ameyar. &#013; &#013; \u00ab\u00a0Nous contestons la d\u00e9cision portant cessation de parution du<\/p>\n","protected":false},"author":6,"featured_media":14919,"comment_status":"open","ping_status":"open","sticky":false,"template":"","format":"standard","meta":{"footnotes":""},"categories":[22],"tags":[93],"class_list":["post-14918","post","type-post","status-publish","format-standard","has-post-thumbnail","hentry","category-infos","tag-onu"],"yoast_head":"<!-- This site is optimized with the Yoast SEO plugin v27.5 - https:\/\/yoast.com\/product\/yoast-seo-wordpress\/ -->\n<title>Les actionnaires Ameyar contestent la cessation de parution du quotidien &quot;La Tribune&quot; - info algerie<\/title>\n<meta name=\"robots\" content=\"index, follow, max-snippet:-1, max-image-preview:large, max-video-preview:-1\" \/>\n<link rel=\"canonical\" href=\"https:\/\/www.info-algerie.com\/actualites\/les-actionnaires-ameyar-contestent-la-cessation-de-parution-du-quotidien-la-tribune\/\" \/>\n<meta property=\"og:locale\" content=\"fr_FR\" \/>\n<meta property=\"og:type\" content=\"article\" \/>\n<meta property=\"og:title\" content=\"Les actionnaires Ameyar contestent la cessation de parution du quotidien &quot;La Tribune&quot; - info algerie\" \/>\n<meta property=\"og:description\" content=\"ALGER &#8211; Les h\u00e9ritiers Ameyar, principaux actionnaires de la SARL omnium Maghreb presse, \u00e9ditrice du journal \u00ab\u00a0La Tribune\u00a0\u00bb, contestent la d\u00e9cision de cessation de parution de ce quotidien, prise mercredi par deux autres actionnaires, a d\u00e9clar\u00e9 jeudi \u00e0 l&rsquo;APS la veuve de Kheiredine Ameyar. &#013; &#013; \u00ab\u00a0Nous contestons la d\u00e9cision portant cessation de parution du\" \/>\n<meta property=\"og:url\" content=\"https:\/\/www.info-algerie.com\/actualites\/les-actionnaires-ameyar-contestent-la-cessation-de-parution-du-quotidien-la-tribune\/\" \/>\n<meta property=\"og:site_name\" content=\"info algerie\" \/>\n<meta property=\"article:publisher\" content=\"https:\/\/www.facebook.com\/infoalgerieactu\" \/>\n<meta property=\"article:published_time\" content=\"2017-08-10T11:56:24+00:00\" \/>\n<meta property=\"og:image\" content=\"https:\/\/www.info-algerie.com\/actualites\/wp-content\/uploads\/2017\/08\/91b84e55d995541d4055db75bb6dd434_S-1.jpg\" \/>\n\t<meta property=\"og:image:width\" content=\"280\" \/>\n\t<meta property=\"og:image:height\" content=\"169\" \/>\n\t<meta property=\"og:image:type\" content=\"image\/jpeg\" \/>\n<meta name=\"author\" content=\"La r\u00e9daction\" \/>\n<meta name=\"twitter:label1\" content=\"\u00c9crit par\" \/>\n\t<meta name=\"twitter:data1\" content=\"La r\u00e9daction\" \/>\n\t<meta name=\"twitter:label2\" content=\"Dur\u00e9e de lecture estim\u00e9e\" \/>\n\t<meta name=\"twitter:data2\" content=\"2 minutes\" \/>\n<script type=\"application\/ld+json\" class=\"yoast-schema-graph\">{\"@context\":\"https:\\\/\\\/schema.org\",\"@graph\":[{\"@type\":\"Article\",\"@id\":\"https:\\\/\\\/www.info-algerie.com\\\/actualites\\\/les-actionnaires-ameyar-contestent-la-cessation-de-parution-du-quotidien-la-tribune\\\/#article\",\"isPartOf\":{\"@id\":\"https:\\\/\\\/www.info-algerie.com\\\/actualites\\\/les-actionnaires-ameyar-contestent-la-cessation-de-parution-du-quotidien-la-tribune\\\/\"},\"author\":{\"name\":\"La r\u00e9daction\",\"@id\":\"https:\\\/\\\/www.info-algerie.com\\\/actualites\\\/#\\\/schema\\\/person\\\/847aaec44920825b843a08f30ec6aa1e\"},\"headline\":\"Les actionnaires Ameyar contestent la cessation de parution du quotidien &quot;La Tribune&quot;\",\"datePublished\":\"2017-08-10T11:56:24+00:00\",\"mainEntityOfPage\":{\"@id\":\"https:\\\/\\\/www.info-algerie.com\\\/actualites\\\/les-actionnaires-ameyar-contestent-la-cessation-de-parution-du-quotidien-la-tribune\\\/\"},\"wordCount\":387,\"commentCount\":0,\"publisher\":{\"@id\":\"https:\\\/\\\/www.info-algerie.com\\\/actualites\\\/#organization\"},\"image\":{\"@id\":\"https:\\\/\\\/www.info-algerie.com\\\/actualites\\\/les-actionnaires-ameyar-contestent-la-cessation-de-parution-du-quotidien-la-tribune\\\/#primaryimage\"},\"thumbnailUrl\":\"https:\\\/\\\/www.info-algerie.com\\\/actualites\\\/wp-content\\\/uploads\\\/2017\\\/08\\\/91b84e55d995541d4055db75bb6dd434_S-1.jpg\",\"keywords\":[\"ONU\"],\"articleSection\":[\"infos\"],\"inLanguage\":\"fr-FR\",\"potentialAction\":[{\"@type\":\"CommentAction\",\"name\":\"Comment\",\"target\":[\"https:\\\/\\\/www.info-algerie.com\\\/actualites\\\/les-actionnaires-ameyar-contestent-la-cessation-de-parution-du-quotidien-la-tribune\\\/#respond\"]}]},{\"@type\":\"WebPage\",\"@id\":\"https:\\\/\\\/www.info-algerie.com\\\/actualites\\\/les-actionnaires-ameyar-contestent-la-cessation-de-parution-du-quotidien-la-tribune\\\/\",\"url\":\"https:\\\/\\\/www.info-algerie.com\\\/actualites\\\/les-actionnaires-ameyar-contestent-la-cessation-de-parution-du-quotidien-la-tribune\\\/\",\"name\":\"Les actionnaires Ameyar contestent la cessation de parution du quotidien &quot;La Tribune&quot; - info algerie\",\"isPartOf\":{\"@id\":\"https:\\\/\\\/www.info-algerie.com\\\/actualites\\\/#website\"},\"primaryImageOfPage\":{\"@id\":\"https:\\\/\\\/www.info-algerie.com\\\/actualites\\\/les-actionnaires-ameyar-contestent-la-cessation-de-parution-du-quotidien-la-tribune\\\/#primaryimage\"},\"image\":{\"@id\":\"https:\\\/\\\/www.info-algerie.com\\\/actualites\\\/les-actionnaires-ameyar-contestent-la-cessation-de-parution-du-quotidien-la-tribune\\\/#primaryimage\"},\"thumbnailUrl\":\"https:\\\/\\\/www.info-algerie.com\\\/actualites\\\/wp-content\\\/uploads\\\/2017\\\/08\\\/91b84e55d995541d4055db75bb6dd434_S-1.jpg\",\"datePublished\":\"2017-08-10T11:56:24+00:00\",\"breadcrumb\":{\"@id\":\"https:\\\/\\\/www.info-algerie.com\\\/actualites\\\/les-actionnaires-ameyar-contestent-la-cessation-de-parution-du-quotidien-la-tribune\\\/#breadcrumb\"},\"inLanguage\":\"fr-FR\",\"potentialAction\":[{\"@type\":\"ReadAction\",\"target\":[\"https:\\\/\\\/www.info-algerie.com\\\/actualites\\\/les-actionnaires-ameyar-contestent-la-cessation-de-parution-du-quotidien-la-tribune\\\/\"]}]},{\"@type\":\"ImageObject\",\"inLanguage\":\"fr-FR\",\"@id\":\"https:\\\/\\\/www.info-algerie.com\\\/actualites\\\/les-actionnaires-ameyar-contestent-la-cessation-de-parution-du-quotidien-la-tribune\\\/#primaryimage\",\"url\":\"https:\\\/\\\/www.info-algerie.com\\\/actualites\\\/wp-content\\\/uploads\\\/2017\\\/08\\\/91b84e55d995541d4055db75bb6dd434_S-1.jpg\",\"contentUrl\":\"https:\\\/\\\/www.info-algerie.com\\\/actualites\\\/wp-content\\\/uploads\\\/2017\\\/08\\\/91b84e55d995541d4055db75bb6dd434_S-1.jpg\",\"width\":280,\"height\":169},{\"@type\":\"BreadcrumbList\",\"@id\":\"https:\\\/\\\/www.info-algerie.com\\\/actualites\\\/les-actionnaires-ameyar-contestent-la-cessation-de-parution-du-quotidien-la-tribune\\\/#breadcrumb\",\"itemListElement\":[{\"@type\":\"ListItem\",\"position\":1,\"name\":\"Accueil\",\"item\":\"https:\\\/\\\/www.info-algerie.com\\\/actualites\\\/\"},{\"@type\":\"ListItem\",\"position\":2,\"name\":\"Les actionnaires Ameyar contestent la cessation de parution du quotidien &quot;La Tribune&quot;\"}]},{\"@type\":\"WebSite\",\"@id\":\"https:\\\/\\\/www.info-algerie.com\\\/actualites\\\/#website\",\"url\":\"https:\\\/\\\/www.info-algerie.com\\\/actualites\\\/\",\"name\":\"info algerie\",\"description\":\"Toutes les actualit\u00e9s\",\"publisher\":{\"@id\":\"https:\\\/\\\/www.info-algerie.com\\\/actualites\\\/#organization\"},\"potentialAction\":[{\"@type\":\"SearchAction\",\"target\":{\"@type\":\"EntryPoint\",\"urlTemplate\":\"https:\\\/\\\/www.info-algerie.com\\\/actualites\\\/?s={search_term_string}\"},\"query-input\":{\"@type\":\"PropertyValueSpecification\",\"valueRequired\":true,\"valueName\":\"search_term_string\"}}],\"inLanguage\":\"fr-FR\"},{\"@type\":\"Organization\",\"@id\":\"https:\\\/\\\/www.info-algerie.com\\\/actualites\\\/#organization\",\"name\":\"info algerie\",\"url\":\"https:\\\/\\\/www.info-algerie.com\\\/actualites\\\/\",\"logo\":{\"@type\":\"ImageObject\",\"inLanguage\":\"fr-FR\",\"@id\":\"https:\\\/\\\/www.info-algerie.com\\\/actualites\\\/#\\\/schema\\\/logo\\\/image\\\/\",\"url\":\"https:\\\/\\\/www.info-algerie.com\\\/actualites\\\/wp-content\\\/uploads\\\/2022\\\/07\\\/logo-ia-120.png\",\"contentUrl\":\"https:\\\/\\\/www.info-algerie.com\\\/actualites\\\/wp-content\\\/uploads\\\/2022\\\/07\\\/logo-ia-120.png\",\"width\":120,\"height\":43,\"caption\":\"info algerie\"},\"image\":{\"@id\":\"https:\\\/\\\/www.info-algerie.com\\\/actualites\\\/#\\\/schema\\\/logo\\\/image\\\/\"},\"sameAs\":[\"https:\\\/\\\/www.facebook.com\\\/infoalgerieactu\",\"https:\\\/\\\/x.com\\\/infoalgerie1\"]},{\"@type\":\"Person\",\"@id\":\"https:\\\/\\\/www.info-algerie.com\\\/actualites\\\/#\\\/schema\\\/person\\\/847aaec44920825b843a08f30ec6aa1e\",\"name\":\"La r\u00e9daction\",\"image\":{\"@type\":\"ImageObject\",\"inLanguage\":\"fr-FR\",\"@id\":\"https:\\\/\\\/secure.gravatar.com\\\/avatar\\\/769db425c6f465158149f1ffd6cf61ce7a8a879d11dfbef8288af36dfddd418c?s=96&d=mm&r=g\",\"url\":\"https:\\\/\\\/secure.gravatar.com\\\/avatar\\\/769db425c6f465158149f1ffd6cf61ce7a8a879d11dfbef8288af36dfddd418c?s=96&d=mm&r=g\",\"contentUrl\":\"https:\\\/\\\/secure.gravatar.com\\\/avatar\\\/769db425c6f465158149f1ffd6cf61ce7a8a879d11dfbef8288af36dfddd418c?s=96&d=mm&r=g\",\"caption\":\"La r\u00e9daction\"},\"sameAs\":[\"http:\\\/\\\/www.lkeria.com\\\/\"],\"url\":\"https:\\\/\\\/www.info-algerie.com\\\/actualites\\\/author\\\/chakib32\\\/\"}]}<\/script>\n<!-- \/ Yoast SEO plugin. -->","yoast_head_json":{"title":"Les actionnaires Ameyar contestent la cessation de parution du quotidien &quot;La Tribune&quot; - info algerie","robots":{"index":"index","follow":"follow","max-snippet":"max-snippet:-1","max-image-preview":"max-image-preview:large","max-video-preview":"max-video-preview:-1"},"canonical":"https:\/\/www.info-algerie.com\/actualites\/les-actionnaires-ameyar-contestent-la-cessation-de-parution-du-quotidien-la-tribune\/","og_locale":"fr_FR","og_type":"article","og_title":"Les actionnaires Ameyar contestent la cessation de parution du quotidien &quot;La Tribune&quot; - info algerie","og_description":"ALGER &#8211; Les h\u00e9ritiers Ameyar, principaux actionnaires de la SARL omnium Maghreb presse, \u00e9ditrice du journal \u00ab\u00a0La Tribune\u00a0\u00bb, contestent la d\u00e9cision de cessation de parution de ce quotidien, prise mercredi par deux autres actionnaires, a d\u00e9clar\u00e9 jeudi \u00e0 l&rsquo;APS la veuve de Kheiredine Ameyar. &#013; &#013; \u00ab\u00a0Nous contestons la d\u00e9cision portant cessation de parution du","og_url":"https:\/\/www.info-algerie.com\/actualites\/les-actionnaires-ameyar-contestent-la-cessation-de-parution-du-quotidien-la-tribune\/","og_site_name":"info algerie","article_publisher":"https:\/\/www.facebook.com\/infoalgerieactu","article_published_time":"2017-08-10T11:56:24+00:00","og_image":[{"width":280,"height":169,"url":"https:\/\/www.info-algerie.com\/actualites\/wp-content\/uploads\/2017\/08\/91b84e55d995541d4055db75bb6dd434_S-1.jpg","type":"image\/jpeg"}],"author":"La r\u00e9daction","twitter_misc":{"\u00c9crit par":"La r\u00e9daction","Dur\u00e9e de lecture estim\u00e9e":"2 minutes"},"schema":{"@context":"https:\/\/schema.org","@graph":[{"@type":"Article","@id":"https:\/\/www.info-algerie.com\/actualites\/les-actionnaires-ameyar-contestent-la-cessation-de-parution-du-quotidien-la-tribune\/#article","isPartOf":{"@id":"https:\/\/www.info-algerie.com\/actualites\/les-actionnaires-ameyar-contestent-la-cessation-de-parution-du-quotidien-la-tribune\/"},"author":{"name":"La r\u00e9daction","@id":"https:\/\/www.info-algerie.com\/actualites\/#\/schema\/person\/847aaec44920825b843a08f30ec6aa1e"},"headline":"Les actionnaires Ameyar contestent la cessation de parution du quotidien &quot;La Tribune&quot;","datePublished":"2017-08-10T11:56:24+00:00","mainEntityOfPage":{"@id":"https:\/\/www.info-algerie.com\/actualites\/les-actionnaires-ameyar-contestent-la-cessation-de-parution-du-quotidien-la-tribune\/"},"wordCount":387,"commentCount":0,"publisher":{"@id":"https:\/\/www.info-algerie.com\/actualites\/#organization"},"image":{"@id":"https:\/\/www.info-algerie.com\/actualites\/les-actionnaires-ameyar-contestent-la-cessation-de-parution-du-quotidien-la-tribune\/#primaryimage"},"thumbnailUrl":"https:\/\/www.info-algerie.com\/actualites\/wp-content\/uploads\/2017\/08\/91b84e55d995541d4055db75bb6dd434_S-1.jpg","keywords":["ONU"],"articleSection":["infos"],"inLanguage":"fr-FR","potentialAction":[{"@type":"CommentAction","name":"Comment","target":["https:\/\/www.info-algerie.com\/actualites\/les-actionnaires-ameyar-contestent-la-cessation-de-parution-du-quotidien-la-tribune\/#respond"]}]},{"@type":"WebPage","@id":"https:\/\/www.info-algerie.com\/actualites\/les-actionnaires-ameyar-contestent-la-cessation-de-parution-du-quotidien-la-tribune\/","url":"https:\/\/www.info-algerie.com\/actualites\/les-actionnaires-ameyar-contestent-la-cessation-de-parution-du-quotidien-la-tribune\/","name":"Les actionnaires Ameyar contestent la cessation de parution du quotidien &quot;La Tribune&quot; - info algerie","isPartOf":{"@id":"https:\/\/www.info-algerie.com\/actualites\/#website"},"primaryImageOfPage":{"@id":"https:\/\/www.info-algerie.com\/actualites\/les-actionnaires-ameyar-contestent-la-cessation-de-parution-du-quotidien-la-tribune\/#primaryimage"},"image":{"@id":"https:\/\/www.info-algerie.com\/actualites\/les-actionnaires-ameyar-contestent-la-cessation-de-parution-du-quotidien-la-tribune\/#primaryimage"},"thumbnailUrl":"https:\/\/www.info-algerie.com\/actualites\/wp-content\/uploads\/2017\/08\/91b84e55d995541d4055db75bb6dd434_S-1.jpg","datePublished":"2017-08-10T11:56:24+00:00","breadcrumb":{"@id":"https:\/\/www.info-algerie.com\/actualites\/les-actionnaires-ameyar-contestent-la-cessation-de-parution-du-quotidien-la-tribune\/#breadcrumb"},"inLanguage":"fr-FR","potentialAction":[{"@type":"ReadAction","target":["https:\/\/www.info-algerie.com\/actualites\/les-actionnaires-ameyar-contestent-la-cessation-de-parution-du-quotidien-la-tribune\/"]}]},{"@type":"ImageObject","inLanguage":"fr-FR","@id":"https:\/\/www.info-algerie.com\/actualites\/les-actionnaires-ameyar-contestent-la-cessation-de-parution-du-quotidien-la-tribune\/#primaryimage","url":"https:\/\/www.info-algerie.com\/actualites\/wp-content\/uploads\/2017\/08\/91b84e55d995541d4055db75bb6dd434_S-1.jpg","contentUrl":"https:\/\/www.info-algerie.com\/actualites\/wp-content\/uploads\/2017\/08\/91b84e55d995541d4055db75bb6dd434_S-1.jpg","width":280,"height":169},{"@type":"BreadcrumbList","@id":"https:\/\/www.info-algerie.com\/actualites\/les-actionnaires-ameyar-contestent-la-cessation-de-parution-du-quotidien-la-tribune\/#breadcrumb","itemListElement":[{"@type":"ListItem","position":1,"name":"Accueil","item":"https:\/\/www.info-algerie.com\/actualites\/"},{"@type":"ListItem","position":2,"name":"Les actionnaires Ameyar contestent la cessation de parution du quotidien &quot;La Tribune&quot;"}]},{"@type":"WebSite","@id":"https:\/\/www.info-algerie.com\/actualites\/#website","url":"https:\/\/www.info-algerie.com\/actualites\/","name":"info algerie","description":"Toutes les actualit\u00e9s","publisher":{"@id":"https:\/\/www.info-algerie.com\/actualites\/#organization"},"potentialAction":[{"@type":"SearchAction","target":{"@type":"EntryPoint","urlTemplate":"https:\/\/www.info-algerie.com\/actualites\/?s={search_term_string}"},"query-input":{"@type":"PropertyValueSpecification","valueRequired":true,"valueName":"search_term_string"}}],"inLanguage":"fr-FR"},{"@type":"Organization","@id":"https:\/\/www.info-algerie.com\/actualites\/#organization","name":"info algerie","url":"https:\/\/www.info-algerie.com\/actualites\/","logo":{"@type":"ImageObject","inLanguage":"fr-FR","@id":"https:\/\/www.info-algerie.com\/actualites\/#\/schema\/logo\/image\/","url":"https:\/\/www.info-algerie.com\/actualites\/wp-content\/uploads\/2022\/07\/logo-ia-120.png","contentUrl":"https:\/\/www.info-algerie.com\/actualites\/wp-content\/uploads\/2022\/07\/logo-ia-120.png","width":120,"height":43,"caption":"info algerie"},"image":{"@id":"https:\/\/www.info-algerie.com\/actualites\/#\/schema\/logo\/image\/"},"sameAs":["https:\/\/www.facebook.com\/infoalgerieactu","https:\/\/x.com\/infoalgerie1"]},{"@type":"Person","@id":"https:\/\/www.info-algerie.com\/actualites\/#\/schema\/person\/847aaec44920825b843a08f30ec6aa1e","name":"La r\u00e9daction","image":{"@type":"ImageObject","inLanguage":"fr-FR","@id":"https:\/\/secure.gravatar.com\/avatar\/769db425c6f465158149f1ffd6cf61ce7a8a879d11dfbef8288af36dfddd418c?s=96&d=mm&r=g","url":"https:\/\/secure.gravatar.com\/avatar\/769db425c6f465158149f1ffd6cf61ce7a8a879d11dfbef8288af36dfddd418c?s=96&d=mm&r=g","contentUrl":"https:\/\/secure.gravatar.com\/avatar\/769db425c6f465158149f1ffd6cf61ce7a8a879d11dfbef8288af36dfddd418c?s=96&d=mm&r=g","caption":"La r\u00e9daction"},"sameAs":["http:\/\/www.lkeria.com\/"],"url":"https:\/\/www.info-algerie.com\/actualites\/author\/chakib32\/"}]}},"_links":{"self":[{"href":"https:\/\/www.info-algerie.com\/actualites\/wp-json\/wp\/v2\/posts\/14918","targetHints":{"allow":["GET"]}}],"collection":[{"href":"https:\/\/www.info-algerie.com\/actualites\/wp-json\/wp\/v2\/posts"}],"about":[{"href":"https:\/\/www.info-algerie.com\/actualites\/wp-json\/wp\/v2\/types\/post"}],"author":[{"embeddable":true,"href":"https:\/\/www.info-algerie.com\/actualites\/wp-json\/wp\/v2\/users\/6"}],"replies":[{"embeddable":true,"href":"https:\/\/www.info-algerie.com\/actualites\/wp-json\/wp\/v2\/comments?post=14918"}],"version-history":[{"count":0,"href":"https:\/\/www.info-algerie.com\/actualites\/wp-json\/wp\/v2\/posts\/14918\/revisions"}],"wp:featuredmedia":[{"embeddable":true,"href":"https:\/\/www.info-algerie.com\/actualites\/wp-json\/wp\/v2\/media\/14919"}],"wp:attachment":[{"href":"https:\/\/www.info-algerie.com\/actualites\/wp-json\/wp\/v2\/media?parent=14918"}],"wp:term":[{"taxonomy":"category","embeddable":true,"href":"https:\/\/www.info-algerie.com\/actualites\/wp-json\/wp\/v2\/categories?post=14918"},{"taxonomy":"post_tag","embeddable":true,"href":"https:\/\/www.info-algerie.com\/actualites\/wp-json\/wp\/v2\/tags?post=14918"}],"curies":[{"name":"wp","href":"https:\/\/api.w.org\/{rel}","templated":true}]}}