{"id":14921,"date":"2017-08-10T14:35:11","date_gmt":"2017-08-10T13:35:11","guid":{"rendered":"http:\/\/www.info-algerie.com\/actualites\/immigration-clandestine-lalgerie-prendra-toutes-les-mesures-legales-pour-preserver-sa-securite\/"},"modified":"2017-08-10T14:35:11","modified_gmt":"2017-08-10T13:35:11","slug":"immigration-clandestine-lalgerie-prendra-toutes-les-mesures-legales-pour-preserver-sa-securite","status":"publish","type":"post","link":"https:\/\/www.info-algerie.com\/actualites\/immigration-clandestine-lalgerie-prendra-toutes-les-mesures-legales-pour-preserver-sa-securite\/","title":{"rendered":"Immigration clandestine: l&#039;Alg\u00e9rie prendra  toutes les mesures l\u00e9gales pour pr\u00e9server sa s\u00e9curit\u00e9"},"content":{"rendered":"<div class=\"K2FeedImage\"><img decoding=\"async\" src=\"https:\/\/www.info-algerie.com\/actualites\/wp-content\/uploads\/2017\/08\/e887f10037e309e38b257c26921f75a5_S.jpg\" alt=\"Immigration clandestine: l'Alg&#xE9;rie prendra  toutes les mesures l&#xE9;gales pour pr&#xE9;server sa s&#xE9;curit&#xE9;\" \/><\/div>\n<div class=\"K2FeedIntroText\">\n<p>AIN SALAH- Le ministre de l&rsquo;Int\u00e9rieur, des\u00a0 Collectivit\u00e9s locales et de l&rsquo;Am\u00e9nagement du territoire, Nouredine Bedoui,\u00a0 a indiqu\u00e9 jeudi, depuis Ain Salah, que l&rsquo;Alg\u00e9rie est d\u00e9termin\u00e9e \u00e0 prendre\u00a0 <a href=\"http:\/\/www.aps.dz\/algerie\/61277-ressortissants-nigeriens-en-situation-irreguliere-reprise-des-operations-de-rapatriement-a-compter-du-1er-aout\"><em><strong>toutes les mesures l\u00e9gales<\/strong><\/em><\/a> en accord avec les chartes internationales pour\u00a0 \u00ab\u00a0pr\u00e9server la s\u00e9curit\u00e9 et la stabilit\u00e9 de ses fronti\u00e8res\u00a0\u00bb.<\/p>\n<p>&#013;\n<\/p><\/div>\n<div class=\"K2FeedFullText\">&#013;<\/p>\n<p>\u00ab\u00a0Nous sommes d\u00e9termin\u00e9s \u00e0 prendre toutes les mesures l\u00e9gales en conformit\u00e9\u00a0 avec les chartes internationales pour la pr\u00e9servation de la s\u00e9curit\u00e9 et de\u00a0 la stabilit\u00e9 de l&rsquo;Alg\u00e9rie et la protection de ses fronti\u00e8res\u00a0\u00bb, a indiqu\u00e9 M.<\/p>\n<p>&#013;<\/p>\n<p>Bedoui lors d&rsquo;une r\u00e9union avec les cadres de cette wilaya d\u00e9l\u00e9gu\u00e9e, en\u00a0 r\u00e9ponse aux pr\u00e9occupations des pr\u00e9sidents d&rsquo;APC quant \u00e0 l&rsquo;augmentation de\u00a0 l&rsquo;immigration clandestine.<\/p>\n<p>&#013;<\/p>\n<p>M. Bedoui a rappel\u00e9 que la commission nationale charg\u00e9e du dossier \u00ab\u00a0avait\u00a0 pris des mesures strictes en vue <a href=\"http:\/\/www.aps.dz\/societe\/61502-alger-plus-de-1-000-individus-impliques-dans-plus-de-3000-affaires-arretes-au-1er-semestre-2017\"><em><strong>d&rsquo;\u00e9radiquer les r\u00e9seaux criminels<\/strong><\/em><\/a> qui se\u00a0 livrent au trafic et \u00e0 l&rsquo;exploitation des femmes et des enfants sur notre\u00a0 territoire, \u00e0 des fins criminelles\u00a0\u00bb, soulignant que certains de ces\u00a0 criminels ont \u00e9t\u00e9 arr\u00eat\u00e9s l&rsquo;ann\u00e9e derni\u00e8re\u00a0\u00bb. \u00ab\u00a0Nous continuerons dans ce\u00a0 sens avec plus de fermet\u00e9\u00a0\u00bb, a-t-il martel\u00e9.<\/p>\n<p>&#013;<\/p>\n<p>Il a en outre pr\u00e9cis\u00e9 que \u00ab\u00a0ces groupes qui se trouvent au niveau des\u00a0 fronti\u00e8res avec le Niger et le Mali travaillent fort malheureusement avec\u00a0 des Alg\u00e9riens\u00a0\u00bb.<\/p>\n<p>&#013;<\/p>\n<p>\u00ab\u00a0Toutes les mesures strictes seront prises pour venir \u00e0 bout de ce\u00a0 ph\u00e9nom\u00e8ne et pr\u00e9server notre s\u00e9curit\u00e9 et notre stabilit\u00e9\u00a0\u00bb, a-t-il soutenu\u00a0 pr\u00e9cisant que \u00ab\u00a0cette d\u00e9marche se fera en coordination avec le minist\u00e8re des\u00a0 Affaires \u00e9trang\u00e8res et ses homologues du Niger et du Mali et plusieurs\u00a0 autres pays africains\u00a0\u00bb.<\/p>\n<\/div>\n<p>&#013;<br \/>\nSource: <a href=\"http:\/\/www.aps.dz\/algerie\/61601-immigration-clandestine-l-algerie-prendra-toutes-les-mesures-legales-pour-preserver-sa-securite\" target=\"_blank\">Immigration clandestine: l&rsquo;Alg\u00e9rie prendra  toutes les mesures l\u00e9gales pour pr\u00e9server sa s\u00e9curit\u00e9<\/a><\/p>\n<!--CusAds0-->\n<div style=\"font-size: 0px; height: 0px; line-height: 0px; margin: 0; padding: 0; clear: both;\"><\/div>","protected":false},"excerpt":{"rendered":"<p>AIN SALAH- Le ministre de l&rsquo;Int\u00e9rieur, des\u00a0 Collectivit\u00e9s locales et de l&rsquo;Am\u00e9nagement du territoire, Nouredine Bedoui,\u00a0 a indiqu\u00e9 jeudi, depuis Ain Salah, que l&rsquo;Alg\u00e9rie est d\u00e9termin\u00e9e \u00e0 prendre\u00a0 toutes les mesures l\u00e9gales en accord avec les chartes internationales pour\u00a0 \u00ab\u00a0pr\u00e9server la s\u00e9curit\u00e9 et la stabilit\u00e9 de ses fronti\u00e8res\u00a0\u00bb. &#013; &#013; \u00ab\u00a0Nous sommes d\u00e9termin\u00e9s \u00e0 prendre<\/p>\n","protected":false},"author":6,"featured_media":14922,"comment_status":"open","ping_status":"open","sticky":false,"template":"","format":"standard","meta":{"footnotes":""},"categories":[22],"tags":[93],"class_list":["post-14921","post","type-post","status-publish","format-standard","has-post-thumbnail","hentry","category-infos","tag-onu"],"yoast_head":"<!-- This site is optimized with the Yoast SEO plugin v27.5 - https:\/\/yoast.com\/product\/yoast-seo-wordpress\/ -->\n<title>Immigration clandestine: l&#039;Alg\u00e9rie prendra toutes les mesures l\u00e9gales pour pr\u00e9server sa s\u00e9curit\u00e9 - info algerie<\/title>\n<meta name=\"robots\" content=\"index, follow, max-snippet:-1, max-image-preview:large, max-video-preview:-1\" \/>\n<link rel=\"canonical\" href=\"https:\/\/www.info-algerie.com\/actualites\/immigration-clandestine-lalgerie-prendra-toutes-les-mesures-legales-pour-preserver-sa-securite\/\" \/>\n<meta property=\"og:locale\" content=\"fr_FR\" \/>\n<meta property=\"og:type\" content=\"article\" \/>\n<meta property=\"og:title\" content=\"Immigration clandestine: l&#039;Alg\u00e9rie prendra toutes les mesures l\u00e9gales pour pr\u00e9server sa s\u00e9curit\u00e9 - info algerie\" \/>\n<meta property=\"og:description\" content=\"AIN SALAH- Le ministre de l&rsquo;Int\u00e9rieur, des\u00a0 Collectivit\u00e9s locales et de l&rsquo;Am\u00e9nagement du territoire, Nouredine Bedoui,\u00a0 a indiqu\u00e9 jeudi, depuis Ain Salah, que l&rsquo;Alg\u00e9rie est d\u00e9termin\u00e9e \u00e0 prendre\u00a0 toutes les mesures l\u00e9gales en accord avec les chartes internationales pour\u00a0 \u00ab\u00a0pr\u00e9server la s\u00e9curit\u00e9 et la stabilit\u00e9 de ses fronti\u00e8res\u00a0\u00bb. &#013; &#013; \u00ab\u00a0Nous sommes d\u00e9termin\u00e9s \u00e0 prendre\" \/>\n<meta property=\"og:url\" content=\"https:\/\/www.info-algerie.com\/actualites\/immigration-clandestine-lalgerie-prendra-toutes-les-mesures-legales-pour-preserver-sa-securite\/\" \/>\n<meta property=\"og:site_name\" content=\"info algerie\" \/>\n<meta property=\"article:publisher\" content=\"https:\/\/www.facebook.com\/infoalgerieactu\" \/>\n<meta property=\"article:published_time\" content=\"2017-08-10T13:35:11+00:00\" \/>\n<meta property=\"og:image\" content=\"https:\/\/www.info-algerie.com\/actualites\/wp-content\/uploads\/2017\/08\/e887f10037e309e38b257c26921f75a5_S-1.jpg\" \/>\n\t<meta property=\"og:image:width\" content=\"280\" \/>\n\t<meta property=\"og:image:height\" content=\"214\" \/>\n\t<meta property=\"og:image:type\" content=\"image\/jpeg\" \/>\n<meta name=\"author\" content=\"La r\u00e9daction\" \/>\n<meta name=\"twitter:label1\" content=\"\u00c9crit par\" \/>\n\t<meta name=\"twitter:data1\" content=\"La r\u00e9daction\" \/>\n\t<meta name=\"twitter:label2\" content=\"Dur\u00e9e de lecture estim\u00e9e\" \/>\n\t<meta name=\"twitter:data2\" content=\"2 minutes\" \/>\n<script type=\"application\/ld+json\" class=\"yoast-schema-graph\">{\"@context\":\"https:\\\/\\\/schema.org\",\"@graph\":[{\"@type\":\"Article\",\"@id\":\"https:\\\/\\\/www.info-algerie.com\\\/actualites\\\/immigration-clandestine-lalgerie-prendra-toutes-les-mesures-legales-pour-preserver-sa-securite\\\/#article\",\"isPartOf\":{\"@id\":\"https:\\\/\\\/www.info-algerie.com\\\/actualites\\\/immigration-clandestine-lalgerie-prendra-toutes-les-mesures-legales-pour-preserver-sa-securite\\\/\"},\"author\":{\"name\":\"La r\u00e9daction\",\"@id\":\"https:\\\/\\\/www.info-algerie.com\\\/actualites\\\/#\\\/schema\\\/person\\\/847aaec44920825b843a08f30ec6aa1e\"},\"headline\":\"Immigration clandestine: l&#039;Alg\u00e9rie prendra toutes les mesures l\u00e9gales pour pr\u00e9server sa s\u00e9curit\u00e9\",\"datePublished\":\"2017-08-10T13:35:11+00:00\",\"mainEntityOfPage\":{\"@id\":\"https:\\\/\\\/www.info-algerie.com\\\/actualites\\\/immigration-clandestine-lalgerie-prendra-toutes-les-mesures-legales-pour-preserver-sa-securite\\\/\"},\"wordCount\":329,\"commentCount\":0,\"publisher\":{\"@id\":\"https:\\\/\\\/www.info-algerie.com\\\/actualites\\\/#organization\"},\"image\":{\"@id\":\"https:\\\/\\\/www.info-algerie.com\\\/actualites\\\/immigration-clandestine-lalgerie-prendra-toutes-les-mesures-legales-pour-preserver-sa-securite\\\/#primaryimage\"},\"thumbnailUrl\":\"https:\\\/\\\/www.info-algerie.com\\\/actualites\\\/wp-content\\\/uploads\\\/2017\\\/08\\\/e887f10037e309e38b257c26921f75a5_S-1.jpg\",\"keywords\":[\"ONU\"],\"articleSection\":[\"infos\"],\"inLanguage\":\"fr-FR\",\"potentialAction\":[{\"@type\":\"CommentAction\",\"name\":\"Comment\",\"target\":[\"https:\\\/\\\/www.info-algerie.com\\\/actualites\\\/immigration-clandestine-lalgerie-prendra-toutes-les-mesures-legales-pour-preserver-sa-securite\\\/#respond\"]}]},{\"@type\":\"WebPage\",\"@id\":\"https:\\\/\\\/www.info-algerie.com\\\/actualites\\\/immigration-clandestine-lalgerie-prendra-toutes-les-mesures-legales-pour-preserver-sa-securite\\\/\",\"url\":\"https:\\\/\\\/www.info-algerie.com\\\/actualites\\\/immigration-clandestine-lalgerie-prendra-toutes-les-mesures-legales-pour-preserver-sa-securite\\\/\",\"name\":\"Immigration clandestine: l&#039;Alg\u00e9rie prendra toutes les mesures l\u00e9gales pour pr\u00e9server sa s\u00e9curit\u00e9 - info algerie\",\"isPartOf\":{\"@id\":\"https:\\\/\\\/www.info-algerie.com\\\/actualites\\\/#website\"},\"primaryImageOfPage\":{\"@id\":\"https:\\\/\\\/www.info-algerie.com\\\/actualites\\\/immigration-clandestine-lalgerie-prendra-toutes-les-mesures-legales-pour-preserver-sa-securite\\\/#primaryimage\"},\"image\":{\"@id\":\"https:\\\/\\\/www.info-algerie.com\\\/actualites\\\/immigration-clandestine-lalgerie-prendra-toutes-les-mesures-legales-pour-preserver-sa-securite\\\/#primaryimage\"},\"thumbnailUrl\":\"https:\\\/\\\/www.info-algerie.com\\\/actualites\\\/wp-content\\\/uploads\\\/2017\\\/08\\\/e887f10037e309e38b257c26921f75a5_S-1.jpg\",\"datePublished\":\"2017-08-10T13:35:11+00:00\",\"breadcrumb\":{\"@id\":\"https:\\\/\\\/www.info-algerie.com\\\/actualites\\\/immigration-clandestine-lalgerie-prendra-toutes-les-mesures-legales-pour-preserver-sa-securite\\\/#breadcrumb\"},\"inLanguage\":\"fr-FR\",\"potentialAction\":[{\"@type\":\"ReadAction\",\"target\":[\"https:\\\/\\\/www.info-algerie.com\\\/actualites\\\/immigration-clandestine-lalgerie-prendra-toutes-les-mesures-legales-pour-preserver-sa-securite\\\/\"]}]},{\"@type\":\"ImageObject\",\"inLanguage\":\"fr-FR\",\"@id\":\"https:\\\/\\\/www.info-algerie.com\\\/actualites\\\/immigration-clandestine-lalgerie-prendra-toutes-les-mesures-legales-pour-preserver-sa-securite\\\/#primaryimage\",\"url\":\"https:\\\/\\\/www.info-algerie.com\\\/actualites\\\/wp-content\\\/uploads\\\/2017\\\/08\\\/e887f10037e309e38b257c26921f75a5_S-1.jpg\",\"contentUrl\":\"https:\\\/\\\/www.info-algerie.com\\\/actualites\\\/wp-content\\\/uploads\\\/2017\\\/08\\\/e887f10037e309e38b257c26921f75a5_S-1.jpg\",\"width\":280,\"height\":214},{\"@type\":\"BreadcrumbList\",\"@id\":\"https:\\\/\\\/www.info-algerie.com\\\/actualites\\\/immigration-clandestine-lalgerie-prendra-toutes-les-mesures-legales-pour-preserver-sa-securite\\\/#breadcrumb\",\"itemListElement\":[{\"@type\":\"ListItem\",\"position\":1,\"name\":\"Accueil\",\"item\":\"https:\\\/\\\/www.info-algerie.com\\\/actualites\\\/\"},{\"@type\":\"ListItem\",\"position\":2,\"name\":\"Immigration clandestine: l&#039;Alg\u00e9rie prendra toutes les mesures l\u00e9gales pour pr\u00e9server sa s\u00e9curit\u00e9\"}]},{\"@type\":\"WebSite\",\"@id\":\"https:\\\/\\\/www.info-algerie.com\\\/actualites\\\/#website\",\"url\":\"https:\\\/\\\/www.info-algerie.com\\\/actualites\\\/\",\"name\":\"info algerie\",\"description\":\"Toutes les actualit\u00e9s\",\"publisher\":{\"@id\":\"https:\\\/\\\/www.info-algerie.com\\\/actualites\\\/#organization\"},\"potentialAction\":[{\"@type\":\"SearchAction\",\"target\":{\"@type\":\"EntryPoint\",\"urlTemplate\":\"https:\\\/\\\/www.info-algerie.com\\\/actualites\\\/?s={search_term_string}\"},\"query-input\":{\"@type\":\"PropertyValueSpecification\",\"valueRequired\":true,\"valueName\":\"search_term_string\"}}],\"inLanguage\":\"fr-FR\"},{\"@type\":\"Organization\",\"@id\":\"https:\\\/\\\/www.info-algerie.com\\\/actualites\\\/#organization\",\"name\":\"info algerie\",\"url\":\"https:\\\/\\\/www.info-algerie.com\\\/actualites\\\/\",\"logo\":{\"@type\":\"ImageObject\",\"inLanguage\":\"fr-FR\",\"@id\":\"https:\\\/\\\/www.info-algerie.com\\\/actualites\\\/#\\\/schema\\\/logo\\\/image\\\/\",\"url\":\"https:\\\/\\\/www.info-algerie.com\\\/actualites\\\/wp-content\\\/uploads\\\/2022\\\/07\\\/logo-ia-120.png\",\"contentUrl\":\"https:\\\/\\\/www.info-algerie.com\\\/actualites\\\/wp-content\\\/uploads\\\/2022\\\/07\\\/logo-ia-120.png\",\"width\":120,\"height\":43,\"caption\":\"info algerie\"},\"image\":{\"@id\":\"https:\\\/\\\/www.info-algerie.com\\\/actualites\\\/#\\\/schema\\\/logo\\\/image\\\/\"},\"sameAs\":[\"https:\\\/\\\/www.facebook.com\\\/infoalgerieactu\",\"https:\\\/\\\/x.com\\\/infoalgerie1\"]},{\"@type\":\"Person\",\"@id\":\"https:\\\/\\\/www.info-algerie.com\\\/actualites\\\/#\\\/schema\\\/person\\\/847aaec44920825b843a08f30ec6aa1e\",\"name\":\"La r\u00e9daction\",\"image\":{\"@type\":\"ImageObject\",\"inLanguage\":\"fr-FR\",\"@id\":\"https:\\\/\\\/secure.gravatar.com\\\/avatar\\\/769db425c6f465158149f1ffd6cf61ce7a8a879d11dfbef8288af36dfddd418c?s=96&d=mm&r=g\",\"url\":\"https:\\\/\\\/secure.gravatar.com\\\/avatar\\\/769db425c6f465158149f1ffd6cf61ce7a8a879d11dfbef8288af36dfddd418c?s=96&d=mm&r=g\",\"contentUrl\":\"https:\\\/\\\/secure.gravatar.com\\\/avatar\\\/769db425c6f465158149f1ffd6cf61ce7a8a879d11dfbef8288af36dfddd418c?s=96&d=mm&r=g\",\"caption\":\"La r\u00e9daction\"},\"sameAs\":[\"http:\\\/\\\/www.lkeria.com\\\/\"],\"url\":\"https:\\\/\\\/www.info-algerie.com\\\/actualites\\\/author\\\/chakib32\\\/\"}]}<\/script>\n<!-- \/ Yoast SEO plugin. -->","yoast_head_json":{"title":"Immigration clandestine: l&#039;Alg\u00e9rie prendra toutes les mesures l\u00e9gales pour pr\u00e9server sa s\u00e9curit\u00e9 - info algerie","robots":{"index":"index","follow":"follow","max-snippet":"max-snippet:-1","max-image-preview":"max-image-preview:large","max-video-preview":"max-video-preview:-1"},"canonical":"https:\/\/www.info-algerie.com\/actualites\/immigration-clandestine-lalgerie-prendra-toutes-les-mesures-legales-pour-preserver-sa-securite\/","og_locale":"fr_FR","og_type":"article","og_title":"Immigration clandestine: l&#039;Alg\u00e9rie prendra toutes les mesures l\u00e9gales pour pr\u00e9server sa s\u00e9curit\u00e9 - info algerie","og_description":"AIN SALAH- Le ministre de l&rsquo;Int\u00e9rieur, des\u00a0 Collectivit\u00e9s locales et de l&rsquo;Am\u00e9nagement du territoire, Nouredine Bedoui,\u00a0 a indiqu\u00e9 jeudi, depuis Ain Salah, que l&rsquo;Alg\u00e9rie est d\u00e9termin\u00e9e \u00e0 prendre\u00a0 toutes les mesures l\u00e9gales en accord avec les chartes internationales pour\u00a0 \u00ab\u00a0pr\u00e9server la s\u00e9curit\u00e9 et la stabilit\u00e9 de ses fronti\u00e8res\u00a0\u00bb. &#013; &#013; \u00ab\u00a0Nous sommes d\u00e9termin\u00e9s \u00e0 prendre","og_url":"https:\/\/www.info-algerie.com\/actualites\/immigration-clandestine-lalgerie-prendra-toutes-les-mesures-legales-pour-preserver-sa-securite\/","og_site_name":"info algerie","article_publisher":"https:\/\/www.facebook.com\/infoalgerieactu","article_published_time":"2017-08-10T13:35:11+00:00","og_image":[{"width":280,"height":214,"url":"https:\/\/www.info-algerie.com\/actualites\/wp-content\/uploads\/2017\/08\/e887f10037e309e38b257c26921f75a5_S-1.jpg","type":"image\/jpeg"}],"author":"La r\u00e9daction","twitter_misc":{"\u00c9crit par":"La r\u00e9daction","Dur\u00e9e de lecture estim\u00e9e":"2 minutes"},"schema":{"@context":"https:\/\/schema.org","@graph":[{"@type":"Article","@id":"https:\/\/www.info-algerie.com\/actualites\/immigration-clandestine-lalgerie-prendra-toutes-les-mesures-legales-pour-preserver-sa-securite\/#article","isPartOf":{"@id":"https:\/\/www.info-algerie.com\/actualites\/immigration-clandestine-lalgerie-prendra-toutes-les-mesures-legales-pour-preserver-sa-securite\/"},"author":{"name":"La r\u00e9daction","@id":"https:\/\/www.info-algerie.com\/actualites\/#\/schema\/person\/847aaec44920825b843a08f30ec6aa1e"},"headline":"Immigration clandestine: l&#039;Alg\u00e9rie prendra toutes les mesures l\u00e9gales pour pr\u00e9server sa s\u00e9curit\u00e9","datePublished":"2017-08-10T13:35:11+00:00","mainEntityOfPage":{"@id":"https:\/\/www.info-algerie.com\/actualites\/immigration-clandestine-lalgerie-prendra-toutes-les-mesures-legales-pour-preserver-sa-securite\/"},"wordCount":329,"commentCount":0,"publisher":{"@id":"https:\/\/www.info-algerie.com\/actualites\/#organization"},"image":{"@id":"https:\/\/www.info-algerie.com\/actualites\/immigration-clandestine-lalgerie-prendra-toutes-les-mesures-legales-pour-preserver-sa-securite\/#primaryimage"},"thumbnailUrl":"https:\/\/www.info-algerie.com\/actualites\/wp-content\/uploads\/2017\/08\/e887f10037e309e38b257c26921f75a5_S-1.jpg","keywords":["ONU"],"articleSection":["infos"],"inLanguage":"fr-FR","potentialAction":[{"@type":"CommentAction","name":"Comment","target":["https:\/\/www.info-algerie.com\/actualites\/immigration-clandestine-lalgerie-prendra-toutes-les-mesures-legales-pour-preserver-sa-securite\/#respond"]}]},{"@type":"WebPage","@id":"https:\/\/www.info-algerie.com\/actualites\/immigration-clandestine-lalgerie-prendra-toutes-les-mesures-legales-pour-preserver-sa-securite\/","url":"https:\/\/www.info-algerie.com\/actualites\/immigration-clandestine-lalgerie-prendra-toutes-les-mesures-legales-pour-preserver-sa-securite\/","name":"Immigration clandestine: l&#039;Alg\u00e9rie prendra toutes les mesures l\u00e9gales pour pr\u00e9server sa s\u00e9curit\u00e9 - info algerie","isPartOf":{"@id":"https:\/\/www.info-algerie.com\/actualites\/#website"},"primaryImageOfPage":{"@id":"https:\/\/www.info-algerie.com\/actualites\/immigration-clandestine-lalgerie-prendra-toutes-les-mesures-legales-pour-preserver-sa-securite\/#primaryimage"},"image":{"@id":"https:\/\/www.info-algerie.com\/actualites\/immigration-clandestine-lalgerie-prendra-toutes-les-mesures-legales-pour-preserver-sa-securite\/#primaryimage"},"thumbnailUrl":"https:\/\/www.info-algerie.com\/actualites\/wp-content\/uploads\/2017\/08\/e887f10037e309e38b257c26921f75a5_S-1.jpg","datePublished":"2017-08-10T13:35:11+00:00","breadcrumb":{"@id":"https:\/\/www.info-algerie.com\/actualites\/immigration-clandestine-lalgerie-prendra-toutes-les-mesures-legales-pour-preserver-sa-securite\/#breadcrumb"},"inLanguage":"fr-FR","potentialAction":[{"@type":"ReadAction","target":["https:\/\/www.info-algerie.com\/actualites\/immigration-clandestine-lalgerie-prendra-toutes-les-mesures-legales-pour-preserver-sa-securite\/"]}]},{"@type":"ImageObject","inLanguage":"fr-FR","@id":"https:\/\/www.info-algerie.com\/actualites\/immigration-clandestine-lalgerie-prendra-toutes-les-mesures-legales-pour-preserver-sa-securite\/#primaryimage","url":"https:\/\/www.info-algerie.com\/actualites\/wp-content\/uploads\/2017\/08\/e887f10037e309e38b257c26921f75a5_S-1.jpg","contentUrl":"https:\/\/www.info-algerie.com\/actualites\/wp-content\/uploads\/2017\/08\/e887f10037e309e38b257c26921f75a5_S-1.jpg","width":280,"height":214},{"@type":"BreadcrumbList","@id":"https:\/\/www.info-algerie.com\/actualites\/immigration-clandestine-lalgerie-prendra-toutes-les-mesures-legales-pour-preserver-sa-securite\/#breadcrumb","itemListElement":[{"@type":"ListItem","position":1,"name":"Accueil","item":"https:\/\/www.info-algerie.com\/actualites\/"},{"@type":"ListItem","position":2,"name":"Immigration clandestine: l&#039;Alg\u00e9rie prendra toutes les mesures l\u00e9gales pour pr\u00e9server sa s\u00e9curit\u00e9"}]},{"@type":"WebSite","@id":"https:\/\/www.info-algerie.com\/actualites\/#website","url":"https:\/\/www.info-algerie.com\/actualites\/","name":"info algerie","description":"Toutes les actualit\u00e9s","publisher":{"@id":"https:\/\/www.info-algerie.com\/actualites\/#organization"},"potentialAction":[{"@type":"SearchAction","target":{"@type":"EntryPoint","urlTemplate":"https:\/\/www.info-algerie.com\/actualites\/?s={search_term_string}"},"query-input":{"@type":"PropertyValueSpecification","valueRequired":true,"valueName":"search_term_string"}}],"inLanguage":"fr-FR"},{"@type":"Organization","@id":"https:\/\/www.info-algerie.com\/actualites\/#organization","name":"info algerie","url":"https:\/\/www.info-algerie.com\/actualites\/","logo":{"@type":"ImageObject","inLanguage":"fr-FR","@id":"https:\/\/www.info-algerie.com\/actualites\/#\/schema\/logo\/image\/","url":"https:\/\/www.info-algerie.com\/actualites\/wp-content\/uploads\/2022\/07\/logo-ia-120.png","contentUrl":"https:\/\/www.info-algerie.com\/actualites\/wp-content\/uploads\/2022\/07\/logo-ia-120.png","width":120,"height":43,"caption":"info algerie"},"image":{"@id":"https:\/\/www.info-algerie.com\/actualites\/#\/schema\/logo\/image\/"},"sameAs":["https:\/\/www.facebook.com\/infoalgerieactu","https:\/\/x.com\/infoalgerie1"]},{"@type":"Person","@id":"https:\/\/www.info-algerie.com\/actualites\/#\/schema\/person\/847aaec44920825b843a08f30ec6aa1e","name":"La r\u00e9daction","image":{"@type":"ImageObject","inLanguage":"fr-FR","@id":"https:\/\/secure.gravatar.com\/avatar\/769db425c6f465158149f1ffd6cf61ce7a8a879d11dfbef8288af36dfddd418c?s=96&d=mm&r=g","url":"https:\/\/secure.gravatar.com\/avatar\/769db425c6f465158149f1ffd6cf61ce7a8a879d11dfbef8288af36dfddd418c?s=96&d=mm&r=g","contentUrl":"https:\/\/secure.gravatar.com\/avatar\/769db425c6f465158149f1ffd6cf61ce7a8a879d11dfbef8288af36dfddd418c?s=96&d=mm&r=g","caption":"La r\u00e9daction"},"sameAs":["http:\/\/www.lkeria.com\/"],"url":"https:\/\/www.info-algerie.com\/actualites\/author\/chakib32\/"}]}},"_links":{"self":[{"href":"https:\/\/www.info-algerie.com\/actualites\/wp-json\/wp\/v2\/posts\/14921","targetHints":{"allow":["GET"]}}],"collection":[{"href":"https:\/\/www.info-algerie.com\/actualites\/wp-json\/wp\/v2\/posts"}],"about":[{"href":"https:\/\/www.info-algerie.com\/actualites\/wp-json\/wp\/v2\/types\/post"}],"author":[{"embeddable":true,"href":"https:\/\/www.info-algerie.com\/actualites\/wp-json\/wp\/v2\/users\/6"}],"replies":[{"embeddable":true,"href":"https:\/\/www.info-algerie.com\/actualites\/wp-json\/wp\/v2\/comments?post=14921"}],"version-history":[{"count":0,"href":"https:\/\/www.info-algerie.com\/actualites\/wp-json\/wp\/v2\/posts\/14921\/revisions"}],"wp:featuredmedia":[{"embeddable":true,"href":"https:\/\/www.info-algerie.com\/actualites\/wp-json\/wp\/v2\/media\/14922"}],"wp:attachment":[{"href":"https:\/\/www.info-algerie.com\/actualites\/wp-json\/wp\/v2\/media?parent=14921"}],"wp:term":[{"taxonomy":"category","embeddable":true,"href":"https:\/\/www.info-algerie.com\/actualites\/wp-json\/wp\/v2\/categories?post=14921"},{"taxonomy":"post_tag","embeddable":true,"href":"https:\/\/www.info-algerie.com\/actualites\/wp-json\/wp\/v2\/tags?post=14921"}],"curies":[{"name":"wp","href":"https:\/\/api.w.org\/{rel}","templated":true}]}}