{"id":14934,"date":"2017-08-11T12:08:38","date_gmt":"2017-08-11T11:08:38","guid":{"rendered":"http:\/\/www.info-algerie.com\/actualites\/le-president-bouteflika-felicite-son-homologue-tchadien-a-loccasion-de-la-fete-nationale-de-son-pays\/"},"modified":"2017-08-11T12:08:38","modified_gmt":"2017-08-11T11:08:38","slug":"le-president-bouteflika-felicite-son-homologue-tchadien-a-loccasion-de-la-fete-nationale-de-son-pays","status":"publish","type":"post","link":"https:\/\/www.info-algerie.com\/actualites\/le-president-bouteflika-felicite-son-homologue-tchadien-a-loccasion-de-la-fete-nationale-de-son-pays\/","title":{"rendered":"Le pr\u00e9sident Bouteflika f\u00e9licite son homologue tchadien \u00e0 l&#039;occasion de la\u00a0f\u00eate nationale de son pays"},"content":{"rendered":"<div class=\"K2FeedIntroText\">\n<p class=\"MsoNormal\">\u00a0ALGER- Le pr\u00e9sident de la R\u00e9publique, Abdelaziz\u00a0 Bouteflika, a adress\u00e9 un message de f\u00e9licitations \u00e0 son homologue de la\u00a0 R\u00e9publique du Tchad, Idriss Deby Itno, \u00e0 l&rsquo;occasion de la c\u00e9l\u00e9bration de la\u00a0<span style=\"font-size: 12.16px\">f\u00eate nationale de son pays, dans lequel il lui a r\u00e9it\u00e9r\u00e9 son engagement \u00e0<\/span><span style=\"font-size: 12.16px\">\u00a0 <\/span><span style=\"font-size: 12.16px\">poursuivre les efforts communs en vue de promouvoir les int\u00e9r\u00eats de<\/span><span style=\"font-size: 12.16px\">\u00a0 <\/span><span style=\"font-size: 12.16px\">l&rsquo;Afrique et de la sous-r\u00e9gion.<\/span><\/p>\n<p>&#013;\n<\/p><\/div>\n<div class=\"K2FeedFullText\">&#013;<\/p>\n<p class=\"MsoNormal\">\u00a0<\/p>\n<p>&#013;<\/p>\n<p class=\"MsoNormal\">\u00ab\u00a0La c\u00e9l\u00e9bration par la R\u00e9publique du Tchad de sa f\u00eate nationale m&rsquo;offre\u00a0 l&rsquo;agr\u00e9able occasion de vous adresser, au nom du peuple et du gouvernement\u00a0 alg\u00e9riens ainsi qu&rsquo;en mon nom personnel, nos chaleureuses f\u00e9licitations\u00a0 accompagn\u00e9es de mes meilleurs v\u0153ux de sant\u00e9 et de bonheur pour vous-m\u00eame,\u00a0 de progr\u00e8s et de prosp\u00e9rit\u00e9 pour le peuple tchadien fr\u00e8re\u00a0\u00bb, a \u00e9crit le\u00a0 pr\u00e9sident Bouteflika dans son message.<\/p>\n<p>&#013;<\/p>\n<p class=\"MsoNormal\">\u00ab\u00a0Je voudrais saisir cette heureuse circonstance pour relever avec\u00a0 satisfaction les relations d&rsquo;amiti\u00e9 et de coop\u00e9ration qui unissent nos deux\u00a0 pays et vous assurer de ma disponibilit\u00e9 \u00e0 ne m\u00e9nager aucun effort pour\u00a0 l&rsquo;int\u00e9r\u00eat mutuel de nos deux peuples fr\u00e8res\u00a0\u00bb.<\/p>\n<p>&#013;<\/p>\n<p class=\"MsoNormal\">\u00ab\u00a0Je tiens, \u00e9galement, \u00e0 vous r\u00e9it\u00e9rer mon engagement \u00e0 poursuivre nos\u00a0 efforts communs en vue de promouvoir les int\u00e9r\u00eats de l&rsquo;Afrique, en g\u00e9n\u00e9ral,\u00a0 et de notre sous-r\u00e9gion, notamment sur les divers plans du d\u00e9veloppement et\u00a0 de l&rsquo;int\u00e9gration ainsi que de la paix, de la s\u00e9curit\u00e9 et de la stabilit\u00e9\u00a0\u00bb,\u00a0<span style=\"font-size: 12.16px\">a ajout\u00e9 le chef de l&rsquo;Etat.<\/span><\/p>\n<p>&#013;<\/p>\n<p class=\"MsoNormal\">\u00a0<\/p>\n<p>&#013;<\/p>\n<p>\u00a0<\/p>\n<p>&#013;<\/p>\n<p class=\"MsoNormal\">\u00a0<\/p>\n<\/div>\n<p>&#013;<br \/>\nSource: <a href=\"http:\/\/www.aps.dz\/algerie\/61618-le-president-bouteflika-felicite-son-homologue-tchadien-a-l-occasion-de-la-fete-nationale-de-son-pays\" target=\"_blank\">Le pr\u00e9sident Bouteflika f\u00e9licite son homologue tchadien \u00e0 l&rsquo;occasion de la\u00a0f\u00eate nationale de son pays<\/a><\/p>\n<!--CusAds0-->\n<div style=\"font-size: 0px; height: 0px; line-height: 0px; margin: 0; padding: 0; clear: both;\"><\/div>","protected":false},"excerpt":{"rendered":"<p>\u00a0ALGER- Le pr\u00e9sident de la R\u00e9publique, Abdelaziz\u00a0 Bouteflika, a adress\u00e9 un message de f\u00e9licitations \u00e0 son homologue de la\u00a0 R\u00e9publique du Tchad, Idriss Deby Itno, \u00e0 l&rsquo;occasion de la c\u00e9l\u00e9bration de la\u00a0f\u00eate nationale de son pays, dans lequel il lui a r\u00e9it\u00e9r\u00e9 son engagement \u00e0\u00a0 poursuivre les efforts communs en vue de promouvoir les int\u00e9r\u00eats<\/p>\n","protected":false},"author":6,"featured_media":0,"comment_status":"open","ping_status":"open","sticky":false,"template":"","format":"standard","meta":{"footnotes":""},"categories":[22],"tags":[93],"class_list":["post-14934","post","type-post","status-publish","format-standard","hentry","category-infos","tag-onu"],"yoast_head":"<!-- This site is optimized with the Yoast SEO plugin v27.5 - https:\/\/yoast.com\/product\/yoast-seo-wordpress\/ -->\n<title>Le pr\u00e9sident Bouteflika f\u00e9licite son homologue tchadien \u00e0 l&#039;occasion de la\u00a0f\u00eate nationale de son pays - info algerie<\/title>\n<meta name=\"robots\" content=\"index, follow, max-snippet:-1, max-image-preview:large, max-video-preview:-1\" \/>\n<link rel=\"canonical\" href=\"https:\/\/www.info-algerie.com\/actualites\/le-president-bouteflika-felicite-son-homologue-tchadien-a-loccasion-de-la-fete-nationale-de-son-pays\/\" \/>\n<meta property=\"og:locale\" content=\"fr_FR\" \/>\n<meta property=\"og:type\" content=\"article\" \/>\n<meta property=\"og:title\" content=\"Le pr\u00e9sident Bouteflika f\u00e9licite son homologue tchadien \u00e0 l&#039;occasion de la\u00a0f\u00eate nationale de son pays - info algerie\" \/>\n<meta property=\"og:description\" content=\"\u00a0ALGER- Le pr\u00e9sident de la R\u00e9publique, Abdelaziz\u00a0 Bouteflika, a adress\u00e9 un message de f\u00e9licitations \u00e0 son homologue de la\u00a0 R\u00e9publique du Tchad, Idriss Deby Itno, \u00e0 l&rsquo;occasion de la c\u00e9l\u00e9bration de la\u00a0f\u00eate nationale de son pays, dans lequel il lui a r\u00e9it\u00e9r\u00e9 son engagement \u00e0\u00a0 poursuivre les efforts communs en vue de promouvoir les int\u00e9r\u00eats\" \/>\n<meta property=\"og:url\" content=\"https:\/\/www.info-algerie.com\/actualites\/le-president-bouteflika-felicite-son-homologue-tchadien-a-loccasion-de-la-fete-nationale-de-son-pays\/\" \/>\n<meta property=\"og:site_name\" content=\"info algerie\" \/>\n<meta property=\"article:publisher\" content=\"https:\/\/www.facebook.com\/infoalgerieactu\" \/>\n<meta property=\"article:published_time\" content=\"2017-08-11T11:08:38+00:00\" \/>\n<meta name=\"author\" content=\"La r\u00e9daction\" \/>\n<meta name=\"twitter:label1\" content=\"\u00c9crit par\" \/>\n\t<meta name=\"twitter:data1\" content=\"La r\u00e9daction\" \/>\n\t<meta name=\"twitter:label2\" content=\"Dur\u00e9e de lecture estim\u00e9e\" \/>\n\t<meta name=\"twitter:data2\" content=\"1 minute\" \/>\n<script type=\"application\/ld+json\" class=\"yoast-schema-graph\">{\"@context\":\"https:\\\/\\\/schema.org\",\"@graph\":[{\"@type\":\"Article\",\"@id\":\"https:\\\/\\\/www.info-algerie.com\\\/actualites\\\/le-president-bouteflika-felicite-son-homologue-tchadien-a-loccasion-de-la-fete-nationale-de-son-pays\\\/#article\",\"isPartOf\":{\"@id\":\"https:\\\/\\\/www.info-algerie.com\\\/actualites\\\/le-president-bouteflika-felicite-son-homologue-tchadien-a-loccasion-de-la-fete-nationale-de-son-pays\\\/\"},\"author\":{\"name\":\"La r\u00e9daction\",\"@id\":\"https:\\\/\\\/www.info-algerie.com\\\/actualites\\\/#\\\/schema\\\/person\\\/847aaec44920825b843a08f30ec6aa1e\"},\"headline\":\"Le pr\u00e9sident Bouteflika f\u00e9licite son homologue tchadien \u00e0 l&#039;occasion de la\u00a0f\u00eate nationale de son pays\",\"datePublished\":\"2017-08-11T11:08:38+00:00\",\"mainEntityOfPage\":{\"@id\":\"https:\\\/\\\/www.info-algerie.com\\\/actualites\\\/le-president-bouteflika-felicite-son-homologue-tchadien-a-loccasion-de-la-fete-nationale-de-son-pays\\\/\"},\"wordCount\":304,\"commentCount\":0,\"publisher\":{\"@id\":\"https:\\\/\\\/www.info-algerie.com\\\/actualites\\\/#organization\"},\"keywords\":[\"ONU\"],\"articleSection\":[\"infos\"],\"inLanguage\":\"fr-FR\",\"potentialAction\":[{\"@type\":\"CommentAction\",\"name\":\"Comment\",\"target\":[\"https:\\\/\\\/www.info-algerie.com\\\/actualites\\\/le-president-bouteflika-felicite-son-homologue-tchadien-a-loccasion-de-la-fete-nationale-de-son-pays\\\/#respond\"]}]},{\"@type\":\"WebPage\",\"@id\":\"https:\\\/\\\/www.info-algerie.com\\\/actualites\\\/le-president-bouteflika-felicite-son-homologue-tchadien-a-loccasion-de-la-fete-nationale-de-son-pays\\\/\",\"url\":\"https:\\\/\\\/www.info-algerie.com\\\/actualites\\\/le-president-bouteflika-felicite-son-homologue-tchadien-a-loccasion-de-la-fete-nationale-de-son-pays\\\/\",\"name\":\"Le pr\u00e9sident Bouteflika f\u00e9licite son homologue tchadien \u00e0 l&#039;occasion de la\u00a0f\u00eate nationale de son pays - info algerie\",\"isPartOf\":{\"@id\":\"https:\\\/\\\/www.info-algerie.com\\\/actualites\\\/#website\"},\"datePublished\":\"2017-08-11T11:08:38+00:00\",\"breadcrumb\":{\"@id\":\"https:\\\/\\\/www.info-algerie.com\\\/actualites\\\/le-president-bouteflika-felicite-son-homologue-tchadien-a-loccasion-de-la-fete-nationale-de-son-pays\\\/#breadcrumb\"},\"inLanguage\":\"fr-FR\",\"potentialAction\":[{\"@type\":\"ReadAction\",\"target\":[\"https:\\\/\\\/www.info-algerie.com\\\/actualites\\\/le-president-bouteflika-felicite-son-homologue-tchadien-a-loccasion-de-la-fete-nationale-de-son-pays\\\/\"]}]},{\"@type\":\"BreadcrumbList\",\"@id\":\"https:\\\/\\\/www.info-algerie.com\\\/actualites\\\/le-president-bouteflika-felicite-son-homologue-tchadien-a-loccasion-de-la-fete-nationale-de-son-pays\\\/#breadcrumb\",\"itemListElement\":[{\"@type\":\"ListItem\",\"position\":1,\"name\":\"Accueil\",\"item\":\"https:\\\/\\\/www.info-algerie.com\\\/actualites\\\/\"},{\"@type\":\"ListItem\",\"position\":2,\"name\":\"Le pr\u00e9sident Bouteflika f\u00e9licite son homologue tchadien \u00e0 l&#039;occasion de la\u00a0f\u00eate nationale de son pays\"}]},{\"@type\":\"WebSite\",\"@id\":\"https:\\\/\\\/www.info-algerie.com\\\/actualites\\\/#website\",\"url\":\"https:\\\/\\\/www.info-algerie.com\\\/actualites\\\/\",\"name\":\"info algerie\",\"description\":\"Toutes les actualit\u00e9s\",\"publisher\":{\"@id\":\"https:\\\/\\\/www.info-algerie.com\\\/actualites\\\/#organization\"},\"potentialAction\":[{\"@type\":\"SearchAction\",\"target\":{\"@type\":\"EntryPoint\",\"urlTemplate\":\"https:\\\/\\\/www.info-algerie.com\\\/actualites\\\/?s={search_term_string}\"},\"query-input\":{\"@type\":\"PropertyValueSpecification\",\"valueRequired\":true,\"valueName\":\"search_term_string\"}}],\"inLanguage\":\"fr-FR\"},{\"@type\":\"Organization\",\"@id\":\"https:\\\/\\\/www.info-algerie.com\\\/actualites\\\/#organization\",\"name\":\"info algerie\",\"url\":\"https:\\\/\\\/www.info-algerie.com\\\/actualites\\\/\",\"logo\":{\"@type\":\"ImageObject\",\"inLanguage\":\"fr-FR\",\"@id\":\"https:\\\/\\\/www.info-algerie.com\\\/actualites\\\/#\\\/schema\\\/logo\\\/image\\\/\",\"url\":\"https:\\\/\\\/www.info-algerie.com\\\/actualites\\\/wp-content\\\/uploads\\\/2022\\\/07\\\/logo-ia-120.png\",\"contentUrl\":\"https:\\\/\\\/www.info-algerie.com\\\/actualites\\\/wp-content\\\/uploads\\\/2022\\\/07\\\/logo-ia-120.png\",\"width\":120,\"height\":43,\"caption\":\"info algerie\"},\"image\":{\"@id\":\"https:\\\/\\\/www.info-algerie.com\\\/actualites\\\/#\\\/schema\\\/logo\\\/image\\\/\"},\"sameAs\":[\"https:\\\/\\\/www.facebook.com\\\/infoalgerieactu\",\"https:\\\/\\\/x.com\\\/infoalgerie1\"]},{\"@type\":\"Person\",\"@id\":\"https:\\\/\\\/www.info-algerie.com\\\/actualites\\\/#\\\/schema\\\/person\\\/847aaec44920825b843a08f30ec6aa1e\",\"name\":\"La r\u00e9daction\",\"image\":{\"@type\":\"ImageObject\",\"inLanguage\":\"fr-FR\",\"@id\":\"https:\\\/\\\/secure.gravatar.com\\\/avatar\\\/769db425c6f465158149f1ffd6cf61ce7a8a879d11dfbef8288af36dfddd418c?s=96&d=mm&r=g\",\"url\":\"https:\\\/\\\/secure.gravatar.com\\\/avatar\\\/769db425c6f465158149f1ffd6cf61ce7a8a879d11dfbef8288af36dfddd418c?s=96&d=mm&r=g\",\"contentUrl\":\"https:\\\/\\\/secure.gravatar.com\\\/avatar\\\/769db425c6f465158149f1ffd6cf61ce7a8a879d11dfbef8288af36dfddd418c?s=96&d=mm&r=g\",\"caption\":\"La r\u00e9daction\"},\"sameAs\":[\"http:\\\/\\\/www.lkeria.com\\\/\"],\"url\":\"https:\\\/\\\/www.info-algerie.com\\\/actualites\\\/author\\\/chakib32\\\/\"}]}<\/script>\n<!-- \/ Yoast SEO plugin. -->","yoast_head_json":{"title":"Le pr\u00e9sident Bouteflika f\u00e9licite son homologue tchadien \u00e0 l&#039;occasion de la\u00a0f\u00eate nationale de son pays - info algerie","robots":{"index":"index","follow":"follow","max-snippet":"max-snippet:-1","max-image-preview":"max-image-preview:large","max-video-preview":"max-video-preview:-1"},"canonical":"https:\/\/www.info-algerie.com\/actualites\/le-president-bouteflika-felicite-son-homologue-tchadien-a-loccasion-de-la-fete-nationale-de-son-pays\/","og_locale":"fr_FR","og_type":"article","og_title":"Le pr\u00e9sident Bouteflika f\u00e9licite son homologue tchadien \u00e0 l&#039;occasion de la\u00a0f\u00eate nationale de son pays - info algerie","og_description":"\u00a0ALGER- Le pr\u00e9sident de la R\u00e9publique, Abdelaziz\u00a0 Bouteflika, a adress\u00e9 un message de f\u00e9licitations \u00e0 son homologue de la\u00a0 R\u00e9publique du Tchad, Idriss Deby Itno, \u00e0 l&rsquo;occasion de la c\u00e9l\u00e9bration de la\u00a0f\u00eate nationale de son pays, dans lequel il lui a r\u00e9it\u00e9r\u00e9 son engagement \u00e0\u00a0 poursuivre les efforts communs en vue de promouvoir les int\u00e9r\u00eats","og_url":"https:\/\/www.info-algerie.com\/actualites\/le-president-bouteflika-felicite-son-homologue-tchadien-a-loccasion-de-la-fete-nationale-de-son-pays\/","og_site_name":"info algerie","article_publisher":"https:\/\/www.facebook.com\/infoalgerieactu","article_published_time":"2017-08-11T11:08:38+00:00","author":"La r\u00e9daction","twitter_misc":{"\u00c9crit par":"La r\u00e9daction","Dur\u00e9e de lecture estim\u00e9e":"1 minute"},"schema":{"@context":"https:\/\/schema.org","@graph":[{"@type":"Article","@id":"https:\/\/www.info-algerie.com\/actualites\/le-president-bouteflika-felicite-son-homologue-tchadien-a-loccasion-de-la-fete-nationale-de-son-pays\/#article","isPartOf":{"@id":"https:\/\/www.info-algerie.com\/actualites\/le-president-bouteflika-felicite-son-homologue-tchadien-a-loccasion-de-la-fete-nationale-de-son-pays\/"},"author":{"name":"La r\u00e9daction","@id":"https:\/\/www.info-algerie.com\/actualites\/#\/schema\/person\/847aaec44920825b843a08f30ec6aa1e"},"headline":"Le pr\u00e9sident Bouteflika f\u00e9licite son homologue tchadien \u00e0 l&#039;occasion de la\u00a0f\u00eate nationale de son pays","datePublished":"2017-08-11T11:08:38+00:00","mainEntityOfPage":{"@id":"https:\/\/www.info-algerie.com\/actualites\/le-president-bouteflika-felicite-son-homologue-tchadien-a-loccasion-de-la-fete-nationale-de-son-pays\/"},"wordCount":304,"commentCount":0,"publisher":{"@id":"https:\/\/www.info-algerie.com\/actualites\/#organization"},"keywords":["ONU"],"articleSection":["infos"],"inLanguage":"fr-FR","potentialAction":[{"@type":"CommentAction","name":"Comment","target":["https:\/\/www.info-algerie.com\/actualites\/le-president-bouteflika-felicite-son-homologue-tchadien-a-loccasion-de-la-fete-nationale-de-son-pays\/#respond"]}]},{"@type":"WebPage","@id":"https:\/\/www.info-algerie.com\/actualites\/le-president-bouteflika-felicite-son-homologue-tchadien-a-loccasion-de-la-fete-nationale-de-son-pays\/","url":"https:\/\/www.info-algerie.com\/actualites\/le-president-bouteflika-felicite-son-homologue-tchadien-a-loccasion-de-la-fete-nationale-de-son-pays\/","name":"Le pr\u00e9sident Bouteflika f\u00e9licite son homologue tchadien \u00e0 l&#039;occasion de la\u00a0f\u00eate nationale de son pays - info algerie","isPartOf":{"@id":"https:\/\/www.info-algerie.com\/actualites\/#website"},"datePublished":"2017-08-11T11:08:38+00:00","breadcrumb":{"@id":"https:\/\/www.info-algerie.com\/actualites\/le-president-bouteflika-felicite-son-homologue-tchadien-a-loccasion-de-la-fete-nationale-de-son-pays\/#breadcrumb"},"inLanguage":"fr-FR","potentialAction":[{"@type":"ReadAction","target":["https:\/\/www.info-algerie.com\/actualites\/le-president-bouteflika-felicite-son-homologue-tchadien-a-loccasion-de-la-fete-nationale-de-son-pays\/"]}]},{"@type":"BreadcrumbList","@id":"https:\/\/www.info-algerie.com\/actualites\/le-president-bouteflika-felicite-son-homologue-tchadien-a-loccasion-de-la-fete-nationale-de-son-pays\/#breadcrumb","itemListElement":[{"@type":"ListItem","position":1,"name":"Accueil","item":"https:\/\/www.info-algerie.com\/actualites\/"},{"@type":"ListItem","position":2,"name":"Le pr\u00e9sident Bouteflika f\u00e9licite son homologue tchadien \u00e0 l&#039;occasion de la\u00a0f\u00eate nationale de son pays"}]},{"@type":"WebSite","@id":"https:\/\/www.info-algerie.com\/actualites\/#website","url":"https:\/\/www.info-algerie.com\/actualites\/","name":"info algerie","description":"Toutes les actualit\u00e9s","publisher":{"@id":"https:\/\/www.info-algerie.com\/actualites\/#organization"},"potentialAction":[{"@type":"SearchAction","target":{"@type":"EntryPoint","urlTemplate":"https:\/\/www.info-algerie.com\/actualites\/?s={search_term_string}"},"query-input":{"@type":"PropertyValueSpecification","valueRequired":true,"valueName":"search_term_string"}}],"inLanguage":"fr-FR"},{"@type":"Organization","@id":"https:\/\/www.info-algerie.com\/actualites\/#organization","name":"info algerie","url":"https:\/\/www.info-algerie.com\/actualites\/","logo":{"@type":"ImageObject","inLanguage":"fr-FR","@id":"https:\/\/www.info-algerie.com\/actualites\/#\/schema\/logo\/image\/","url":"https:\/\/www.info-algerie.com\/actualites\/wp-content\/uploads\/2022\/07\/logo-ia-120.png","contentUrl":"https:\/\/www.info-algerie.com\/actualites\/wp-content\/uploads\/2022\/07\/logo-ia-120.png","width":120,"height":43,"caption":"info algerie"},"image":{"@id":"https:\/\/www.info-algerie.com\/actualites\/#\/schema\/logo\/image\/"},"sameAs":["https:\/\/www.facebook.com\/infoalgerieactu","https:\/\/x.com\/infoalgerie1"]},{"@type":"Person","@id":"https:\/\/www.info-algerie.com\/actualites\/#\/schema\/person\/847aaec44920825b843a08f30ec6aa1e","name":"La r\u00e9daction","image":{"@type":"ImageObject","inLanguage":"fr-FR","@id":"https:\/\/secure.gravatar.com\/avatar\/769db425c6f465158149f1ffd6cf61ce7a8a879d11dfbef8288af36dfddd418c?s=96&d=mm&r=g","url":"https:\/\/secure.gravatar.com\/avatar\/769db425c6f465158149f1ffd6cf61ce7a8a879d11dfbef8288af36dfddd418c?s=96&d=mm&r=g","contentUrl":"https:\/\/secure.gravatar.com\/avatar\/769db425c6f465158149f1ffd6cf61ce7a8a879d11dfbef8288af36dfddd418c?s=96&d=mm&r=g","caption":"La r\u00e9daction"},"sameAs":["http:\/\/www.lkeria.com\/"],"url":"https:\/\/www.info-algerie.com\/actualites\/author\/chakib32\/"}]}},"_links":{"self":[{"href":"https:\/\/www.info-algerie.com\/actualites\/wp-json\/wp\/v2\/posts\/14934","targetHints":{"allow":["GET"]}}],"collection":[{"href":"https:\/\/www.info-algerie.com\/actualites\/wp-json\/wp\/v2\/posts"}],"about":[{"href":"https:\/\/www.info-algerie.com\/actualites\/wp-json\/wp\/v2\/types\/post"}],"author":[{"embeddable":true,"href":"https:\/\/www.info-algerie.com\/actualites\/wp-json\/wp\/v2\/users\/6"}],"replies":[{"embeddable":true,"href":"https:\/\/www.info-algerie.com\/actualites\/wp-json\/wp\/v2\/comments?post=14934"}],"version-history":[{"count":0,"href":"https:\/\/www.info-algerie.com\/actualites\/wp-json\/wp\/v2\/posts\/14934\/revisions"}],"wp:attachment":[{"href":"https:\/\/www.info-algerie.com\/actualites\/wp-json\/wp\/v2\/media?parent=14934"}],"wp:term":[{"taxonomy":"category","embeddable":true,"href":"https:\/\/www.info-algerie.com\/actualites\/wp-json\/wp\/v2\/categories?post=14934"},{"taxonomy":"post_tag","embeddable":true,"href":"https:\/\/www.info-algerie.com\/actualites\/wp-json\/wp\/v2\/tags?post=14934"}],"curies":[{"name":"wp","href":"https:\/\/api.w.org\/{rel}","templated":true}]}}