{"id":14942,"date":"2017-08-11T11:00:49","date_gmt":"2017-08-11T10:00:49","guid":{"rendered":"http:\/\/www.info-algerie.com\/actualites\/des-procedures-juridiques-renforcant-la-decentralisation-dans-les-wilayas-deleguees-avant-la-fin-de-2017\/"},"modified":"2017-08-11T11:00:49","modified_gmt":"2017-08-11T10:00:49","slug":"des-procedures-juridiques-renforcant-la-decentralisation-dans-les-wilayas-deleguees-avant-la-fin-de-2017","status":"publish","type":"post","link":"https:\/\/www.info-algerie.com\/actualites\/des-procedures-juridiques-renforcant-la-decentralisation-dans-les-wilayas-deleguees-avant-la-fin-de-2017\/","title":{"rendered":"Des proc\u00e9dures juridiques &quot;renfor\u00e7ant la d\u00e9centralisation&quot; dans les wilayas\u00a0d\u00e9l\u00e9gu\u00e9es avant la fin de 2017"},"content":{"rendered":"<div class=\"K2FeedImage\"><img decoding=\"async\" src=\"https:\/\/www.info-algerie.com\/actualites\/wp-content\/uploads\/2017\/08\/8d897fe556abcd8ff9709a77385c27e8_S.jpg\" \/><\/div>\n<div class=\"K2FeedIntroText\">\n<p>AIN SALAH- \u00a0Le ministre de l&rsquo;Int\u00e9rieur, des\u00a0 Collectivit\u00e9s locales et de l&rsquo;Am\u00e9nagement du territoire, Noureddine Bedoui, a annonc\u00e9 jeudi depuis la wilaya d\u00e9l\u00e9gu\u00e9e de A\u00efn Salah que son d\u00e9partement\u00a0 pr\u00e9sentera au Gouvernement, avant la fin de l&rsquo;ann\u00e9e en cours, des\u00a0 proc\u00e9dures \u00ab\u00a0juridiques\u00a0\u00bb en vue de \u00ab\u00a0consacrer une v\u00e9ritable d\u00e9centralisation\u00a0 dans la prise de d\u00e9cision\u00a0\u00bb au niveau des wilayas d\u00e9l\u00e9gu\u00e9es.<\/p>\n<p>&#013;\n<\/p><\/div>\n<div class=\"K2FeedFullText\">&#013;<\/p>\n<p>Nous pr\u00e9senterons au Gouvernement, avant fin de 2017, plusieurs proc\u00e9dures\u00a0 juridiques en vue de \u00ab\u00a0consacrer une v\u00e9ritable d\u00e9centralisation dans la\u00a0 prise de d\u00e9cision\u00a0\u00bb au niveau des wilayas d\u00e9l\u00e9gu\u00e9es\u00a0\u00bb institu\u00e9es en 2014, a\u00a0 d\u00e9clar\u00e9 M. Bedoui lors d&rsquo;une rencontre avec les \u00e9lus locaux de cette wilaya\u00a0 d\u00e9l\u00e9gu\u00e9e en pr\u00e9sence du wali de Tamanrasset et nombre de secr\u00e9taires\u00a0 g\u00e9n\u00e9raux\u00a0 de plusieurs d\u00e9partements minist\u00e9riels.<\/p>\n<p>&#013;<\/p>\n<p>Qualifiant de \u00ab\u00a0pertinente\u00a0\u00bb la d\u00e9cision du Pr\u00e9sident de la R\u00e9publique\u00a0 relative \u00e0 la cr\u00e9ation des wilayas d\u00e9l\u00e9gu\u00e9es dans le Sud, le ministre a\u00a0 relev\u00e9 \u00ab\u00a0l&rsquo;am\u00e9lioration du cadre de vie du citoyen et des domaines de\u00a0 d\u00e9veloppement dans ces r\u00e9gions en d\u00e9pit \u00ab\u00a0de nombreux obstacles li\u00e9es\u00a0 essentiellement \u00e0 la persistance de la mentalit\u00e9 de centralisation \u00e0\u00a0 laquelle il faut mettre un terme\u00a0\u00bb.<\/p>\n<p>&#013;<\/p>\n<p>\u00ab\u00a0Actuellement en phase de transition, les wilayas d\u00e9l\u00e9gu\u00e9es seront promues\u00a0 en wilayas \u00e0 part enti\u00e8re sur la base d\u2019une \u00e9valuation effectu\u00e9e par le\u00a0 minist\u00e8re \u00ab\u00a0, a-t-il fait savoir ajoutant que l&rsquo;objectif de la cr\u00e9ation de telles wilayas est de rapprocher les diff\u00e9rents services administratifs du\u00a0<span style=\"font-size: 12.16px\">citoyen et cr\u00e9er une dynamique de d\u00e9veloppement et d\u2019investissement.<\/span><\/p>\n<p>&#013;<\/p>\n<p>\u00a0Dans ce sens, M. Bedoui a exhort\u00e9 les responsables et les \u00e9lus de ces wilayas \u00e0 \u0153uvrer \u00e0 la concr\u00e9tisation d\u2019une dynamique \u00e9conomique et d\u2019investissement en s\u2019appuyant sur les capacit\u00e9s naturelles et ressources humaines dont elles rec\u00e8lent notamment la cat\u00e9gorie des jeunes.\u00a0<\/p>\n<p>&#013;<\/p>\n<p>Lors d\u2019une visite d\u2019inspection au complexe sportif \u00e0 Ain Salah, le\u00a0 ministre a appel\u00e9 \u00e9galement \u00e0 l\u2019exploitation des structures sportives et\u00a0 celles destin\u00e9es aux loisirs comme les piscines en partenariat avec les\u00a0 op\u00e9rateurs priv\u00e9s suivant un cahier de charges \u00ab\u00a0permettant\u00a0\u00bb de recruter les\u00a0<span style=\"font-size: 12.16px\">dipl\u00f4m\u00e9s universitaires issus de cette r\u00e9gion.<\/span><\/p>\n<p>&#013;<\/p>\n<p>\u00a0<\/p>\n<p>&#013;<\/p>\n<p class=\"MsoNormal\"><span lang=\"EN-US\">\u00a0<\/span><\/p>\n<\/div>\n<p>&#013;<br \/>\nSource: <a href=\"http:\/\/www.aps.dz\/algerie\/61611-des-procedures-juridiques-renforcant-la-decentralisation-dans-les-wilayas-deleguees-avant-la-fin-de-2017\" target=\"_blank\">Des proc\u00e9dures juridiques \u00ab\u00a0renfor\u00e7ant la d\u00e9centralisation\u00a0\u00bb dans les wilayas\u00a0d\u00e9l\u00e9gu\u00e9es avant la fin de 2017<\/a><\/p>\n<!--CusAds0-->\n<div style=\"font-size: 0px; height: 0px; line-height: 0px; margin: 0; padding: 0; clear: both;\"><\/div>","protected":false},"excerpt":{"rendered":"<p>AIN SALAH- \u00a0Le ministre de l&rsquo;Int\u00e9rieur, des\u00a0 Collectivit\u00e9s locales et de l&rsquo;Am\u00e9nagement du territoire, Noureddine Bedoui, a annonc\u00e9 jeudi depuis la wilaya d\u00e9l\u00e9gu\u00e9e de A\u00efn Salah que son d\u00e9partement\u00a0 pr\u00e9sentera au Gouvernement, avant la fin de l&rsquo;ann\u00e9e en cours, des\u00a0 proc\u00e9dures \u00ab\u00a0juridiques\u00a0\u00bb en vue de \u00ab\u00a0consacrer une v\u00e9ritable d\u00e9centralisation\u00a0 dans la prise de d\u00e9cision\u00a0\u00bb au<\/p>\n","protected":false},"author":6,"featured_media":14943,"comment_status":"open","ping_status":"open","sticky":false,"template":"","format":"standard","meta":{"footnotes":""},"categories":[22],"tags":[93],"class_list":["post-14942","post","type-post","status-publish","format-standard","has-post-thumbnail","hentry","category-infos","tag-onu"],"yoast_head":"<!-- This site is optimized with the Yoast SEO plugin v27.5 - https:\/\/yoast.com\/product\/yoast-seo-wordpress\/ -->\n<title>Des proc\u00e9dures juridiques &quot;renfor\u00e7ant la d\u00e9centralisation&quot; dans les wilayas\u00a0d\u00e9l\u00e9gu\u00e9es avant la fin de 2017 - info algerie<\/title>\n<meta name=\"robots\" content=\"index, follow, max-snippet:-1, max-image-preview:large, max-video-preview:-1\" \/>\n<link rel=\"canonical\" href=\"https:\/\/www.info-algerie.com\/actualites\/des-procedures-juridiques-renforcant-la-decentralisation-dans-les-wilayas-deleguees-avant-la-fin-de-2017\/\" \/>\n<meta property=\"og:locale\" content=\"fr_FR\" \/>\n<meta property=\"og:type\" content=\"article\" \/>\n<meta property=\"og:title\" content=\"Des proc\u00e9dures juridiques &quot;renfor\u00e7ant la d\u00e9centralisation&quot; dans les wilayas\u00a0d\u00e9l\u00e9gu\u00e9es avant la fin de 2017 - info algerie\" \/>\n<meta property=\"og:description\" content=\"AIN SALAH- \u00a0Le ministre de l&rsquo;Int\u00e9rieur, des\u00a0 Collectivit\u00e9s locales et de l&rsquo;Am\u00e9nagement du territoire, Noureddine Bedoui, a annonc\u00e9 jeudi depuis la wilaya d\u00e9l\u00e9gu\u00e9e de A\u00efn Salah que son d\u00e9partement\u00a0 pr\u00e9sentera au Gouvernement, avant la fin de l&rsquo;ann\u00e9e en cours, des\u00a0 proc\u00e9dures \u00ab\u00a0juridiques\u00a0\u00bb en vue de \u00ab\u00a0consacrer une v\u00e9ritable d\u00e9centralisation\u00a0 dans la prise de d\u00e9cision\u00a0\u00bb au\" \/>\n<meta property=\"og:url\" content=\"https:\/\/www.info-algerie.com\/actualites\/des-procedures-juridiques-renforcant-la-decentralisation-dans-les-wilayas-deleguees-avant-la-fin-de-2017\/\" \/>\n<meta property=\"og:site_name\" content=\"info algerie\" \/>\n<meta property=\"article:publisher\" content=\"https:\/\/www.facebook.com\/infoalgerieactu\" \/>\n<meta property=\"article:published_time\" content=\"2017-08-11T10:00:49+00:00\" \/>\n<meta property=\"og:image\" content=\"https:\/\/www.info-algerie.com\/actualites\/wp-content\/uploads\/2017\/08\/8d897fe556abcd8ff9709a77385c27e8_S-1.jpg\" \/>\n\t<meta property=\"og:image:width\" content=\"280\" \/>\n\t<meta property=\"og:image:height\" content=\"169\" \/>\n\t<meta property=\"og:image:type\" content=\"image\/jpeg\" \/>\n<meta name=\"author\" content=\"La r\u00e9daction\" \/>\n<meta name=\"twitter:label1\" content=\"\u00c9crit par\" \/>\n\t<meta name=\"twitter:data1\" content=\"La r\u00e9daction\" \/>\n\t<meta name=\"twitter:label2\" content=\"Dur\u00e9e de lecture estim\u00e9e\" \/>\n\t<meta name=\"twitter:data2\" content=\"2 minutes\" \/>\n<script type=\"application\/ld+json\" class=\"yoast-schema-graph\">{\"@context\":\"https:\\\/\\\/schema.org\",\"@graph\":[{\"@type\":\"Article\",\"@id\":\"https:\\\/\\\/www.info-algerie.com\\\/actualites\\\/des-procedures-juridiques-renforcant-la-decentralisation-dans-les-wilayas-deleguees-avant-la-fin-de-2017\\\/#article\",\"isPartOf\":{\"@id\":\"https:\\\/\\\/www.info-algerie.com\\\/actualites\\\/des-procedures-juridiques-renforcant-la-decentralisation-dans-les-wilayas-deleguees-avant-la-fin-de-2017\\\/\"},\"author\":{\"name\":\"La r\u00e9daction\",\"@id\":\"https:\\\/\\\/www.info-algerie.com\\\/actualites\\\/#\\\/schema\\\/person\\\/847aaec44920825b843a08f30ec6aa1e\"},\"headline\":\"Des proc\u00e9dures juridiques &quot;renfor\u00e7ant la d\u00e9centralisation&quot; dans les wilayas\u00a0d\u00e9l\u00e9gu\u00e9es avant la fin de 2017\",\"datePublished\":\"2017-08-11T10:00:49+00:00\",\"mainEntityOfPage\":{\"@id\":\"https:\\\/\\\/www.info-algerie.com\\\/actualites\\\/des-procedures-juridiques-renforcant-la-decentralisation-dans-les-wilayas-deleguees-avant-la-fin-de-2017\\\/\"},\"wordCount\":440,\"commentCount\":0,\"publisher\":{\"@id\":\"https:\\\/\\\/www.info-algerie.com\\\/actualites\\\/#organization\"},\"image\":{\"@id\":\"https:\\\/\\\/www.info-algerie.com\\\/actualites\\\/des-procedures-juridiques-renforcant-la-decentralisation-dans-les-wilayas-deleguees-avant-la-fin-de-2017\\\/#primaryimage\"},\"thumbnailUrl\":\"https:\\\/\\\/www.info-algerie.com\\\/actualites\\\/wp-content\\\/uploads\\\/2017\\\/08\\\/8d897fe556abcd8ff9709a77385c27e8_S-1.jpg\",\"keywords\":[\"ONU\"],\"articleSection\":[\"infos\"],\"inLanguage\":\"fr-FR\",\"potentialAction\":[{\"@type\":\"CommentAction\",\"name\":\"Comment\",\"target\":[\"https:\\\/\\\/www.info-algerie.com\\\/actualites\\\/des-procedures-juridiques-renforcant-la-decentralisation-dans-les-wilayas-deleguees-avant-la-fin-de-2017\\\/#respond\"]}]},{\"@type\":\"WebPage\",\"@id\":\"https:\\\/\\\/www.info-algerie.com\\\/actualites\\\/des-procedures-juridiques-renforcant-la-decentralisation-dans-les-wilayas-deleguees-avant-la-fin-de-2017\\\/\",\"url\":\"https:\\\/\\\/www.info-algerie.com\\\/actualites\\\/des-procedures-juridiques-renforcant-la-decentralisation-dans-les-wilayas-deleguees-avant-la-fin-de-2017\\\/\",\"name\":\"Des proc\u00e9dures juridiques &quot;renfor\u00e7ant la d\u00e9centralisation&quot; dans les wilayas\u00a0d\u00e9l\u00e9gu\u00e9es avant la fin de 2017 - info algerie\",\"isPartOf\":{\"@id\":\"https:\\\/\\\/www.info-algerie.com\\\/actualites\\\/#website\"},\"primaryImageOfPage\":{\"@id\":\"https:\\\/\\\/www.info-algerie.com\\\/actualites\\\/des-procedures-juridiques-renforcant-la-decentralisation-dans-les-wilayas-deleguees-avant-la-fin-de-2017\\\/#primaryimage\"},\"image\":{\"@id\":\"https:\\\/\\\/www.info-algerie.com\\\/actualites\\\/des-procedures-juridiques-renforcant-la-decentralisation-dans-les-wilayas-deleguees-avant-la-fin-de-2017\\\/#primaryimage\"},\"thumbnailUrl\":\"https:\\\/\\\/www.info-algerie.com\\\/actualites\\\/wp-content\\\/uploads\\\/2017\\\/08\\\/8d897fe556abcd8ff9709a77385c27e8_S-1.jpg\",\"datePublished\":\"2017-08-11T10:00:49+00:00\",\"breadcrumb\":{\"@id\":\"https:\\\/\\\/www.info-algerie.com\\\/actualites\\\/des-procedures-juridiques-renforcant-la-decentralisation-dans-les-wilayas-deleguees-avant-la-fin-de-2017\\\/#breadcrumb\"},\"inLanguage\":\"fr-FR\",\"potentialAction\":[{\"@type\":\"ReadAction\",\"target\":[\"https:\\\/\\\/www.info-algerie.com\\\/actualites\\\/des-procedures-juridiques-renforcant-la-decentralisation-dans-les-wilayas-deleguees-avant-la-fin-de-2017\\\/\"]}]},{\"@type\":\"ImageObject\",\"inLanguage\":\"fr-FR\",\"@id\":\"https:\\\/\\\/www.info-algerie.com\\\/actualites\\\/des-procedures-juridiques-renforcant-la-decentralisation-dans-les-wilayas-deleguees-avant-la-fin-de-2017\\\/#primaryimage\",\"url\":\"https:\\\/\\\/www.info-algerie.com\\\/actualites\\\/wp-content\\\/uploads\\\/2017\\\/08\\\/8d897fe556abcd8ff9709a77385c27e8_S-1.jpg\",\"contentUrl\":\"https:\\\/\\\/www.info-algerie.com\\\/actualites\\\/wp-content\\\/uploads\\\/2017\\\/08\\\/8d897fe556abcd8ff9709a77385c27e8_S-1.jpg\",\"width\":280,\"height\":169},{\"@type\":\"BreadcrumbList\",\"@id\":\"https:\\\/\\\/www.info-algerie.com\\\/actualites\\\/des-procedures-juridiques-renforcant-la-decentralisation-dans-les-wilayas-deleguees-avant-la-fin-de-2017\\\/#breadcrumb\",\"itemListElement\":[{\"@type\":\"ListItem\",\"position\":1,\"name\":\"Accueil\",\"item\":\"https:\\\/\\\/www.info-algerie.com\\\/actualites\\\/\"},{\"@type\":\"ListItem\",\"position\":2,\"name\":\"Des proc\u00e9dures juridiques &quot;renfor\u00e7ant la d\u00e9centralisation&quot; dans les wilayas\u00a0d\u00e9l\u00e9gu\u00e9es avant la fin de 2017\"}]},{\"@type\":\"WebSite\",\"@id\":\"https:\\\/\\\/www.info-algerie.com\\\/actualites\\\/#website\",\"url\":\"https:\\\/\\\/www.info-algerie.com\\\/actualites\\\/\",\"name\":\"info algerie\",\"description\":\"Toutes les actualit\u00e9s\",\"publisher\":{\"@id\":\"https:\\\/\\\/www.info-algerie.com\\\/actualites\\\/#organization\"},\"potentialAction\":[{\"@type\":\"SearchAction\",\"target\":{\"@type\":\"EntryPoint\",\"urlTemplate\":\"https:\\\/\\\/www.info-algerie.com\\\/actualites\\\/?s={search_term_string}\"},\"query-input\":{\"@type\":\"PropertyValueSpecification\",\"valueRequired\":true,\"valueName\":\"search_term_string\"}}],\"inLanguage\":\"fr-FR\"},{\"@type\":\"Organization\",\"@id\":\"https:\\\/\\\/www.info-algerie.com\\\/actualites\\\/#organization\",\"name\":\"info algerie\",\"url\":\"https:\\\/\\\/www.info-algerie.com\\\/actualites\\\/\",\"logo\":{\"@type\":\"ImageObject\",\"inLanguage\":\"fr-FR\",\"@id\":\"https:\\\/\\\/www.info-algerie.com\\\/actualites\\\/#\\\/schema\\\/logo\\\/image\\\/\",\"url\":\"https:\\\/\\\/www.info-algerie.com\\\/actualites\\\/wp-content\\\/uploads\\\/2022\\\/07\\\/logo-ia-120.png\",\"contentUrl\":\"https:\\\/\\\/www.info-algerie.com\\\/actualites\\\/wp-content\\\/uploads\\\/2022\\\/07\\\/logo-ia-120.png\",\"width\":120,\"height\":43,\"caption\":\"info algerie\"},\"image\":{\"@id\":\"https:\\\/\\\/www.info-algerie.com\\\/actualites\\\/#\\\/schema\\\/logo\\\/image\\\/\"},\"sameAs\":[\"https:\\\/\\\/www.facebook.com\\\/infoalgerieactu\",\"https:\\\/\\\/x.com\\\/infoalgerie1\"]},{\"@type\":\"Person\",\"@id\":\"https:\\\/\\\/www.info-algerie.com\\\/actualites\\\/#\\\/schema\\\/person\\\/847aaec44920825b843a08f30ec6aa1e\",\"name\":\"La r\u00e9daction\",\"image\":{\"@type\":\"ImageObject\",\"inLanguage\":\"fr-FR\",\"@id\":\"https:\\\/\\\/secure.gravatar.com\\\/avatar\\\/769db425c6f465158149f1ffd6cf61ce7a8a879d11dfbef8288af36dfddd418c?s=96&d=mm&r=g\",\"url\":\"https:\\\/\\\/secure.gravatar.com\\\/avatar\\\/769db425c6f465158149f1ffd6cf61ce7a8a879d11dfbef8288af36dfddd418c?s=96&d=mm&r=g\",\"contentUrl\":\"https:\\\/\\\/secure.gravatar.com\\\/avatar\\\/769db425c6f465158149f1ffd6cf61ce7a8a879d11dfbef8288af36dfddd418c?s=96&d=mm&r=g\",\"caption\":\"La r\u00e9daction\"},\"sameAs\":[\"http:\\\/\\\/www.lkeria.com\\\/\"],\"url\":\"https:\\\/\\\/www.info-algerie.com\\\/actualites\\\/author\\\/chakib32\\\/\"}]}<\/script>\n<!-- \/ Yoast SEO plugin. -->","yoast_head_json":{"title":"Des proc\u00e9dures juridiques &quot;renfor\u00e7ant la d\u00e9centralisation&quot; dans les wilayas\u00a0d\u00e9l\u00e9gu\u00e9es avant la fin de 2017 - info algerie","robots":{"index":"index","follow":"follow","max-snippet":"max-snippet:-1","max-image-preview":"max-image-preview:large","max-video-preview":"max-video-preview:-1"},"canonical":"https:\/\/www.info-algerie.com\/actualites\/des-procedures-juridiques-renforcant-la-decentralisation-dans-les-wilayas-deleguees-avant-la-fin-de-2017\/","og_locale":"fr_FR","og_type":"article","og_title":"Des proc\u00e9dures juridiques &quot;renfor\u00e7ant la d\u00e9centralisation&quot; dans les wilayas\u00a0d\u00e9l\u00e9gu\u00e9es avant la fin de 2017 - info algerie","og_description":"AIN SALAH- \u00a0Le ministre de l&rsquo;Int\u00e9rieur, des\u00a0 Collectivit\u00e9s locales et de l&rsquo;Am\u00e9nagement du territoire, Noureddine Bedoui, a annonc\u00e9 jeudi depuis la wilaya d\u00e9l\u00e9gu\u00e9e de A\u00efn Salah que son d\u00e9partement\u00a0 pr\u00e9sentera au Gouvernement, avant la fin de l&rsquo;ann\u00e9e en cours, des\u00a0 proc\u00e9dures \u00ab\u00a0juridiques\u00a0\u00bb en vue de \u00ab\u00a0consacrer une v\u00e9ritable d\u00e9centralisation\u00a0 dans la prise de d\u00e9cision\u00a0\u00bb au","og_url":"https:\/\/www.info-algerie.com\/actualites\/des-procedures-juridiques-renforcant-la-decentralisation-dans-les-wilayas-deleguees-avant-la-fin-de-2017\/","og_site_name":"info algerie","article_publisher":"https:\/\/www.facebook.com\/infoalgerieactu","article_published_time":"2017-08-11T10:00:49+00:00","og_image":[{"width":280,"height":169,"url":"https:\/\/www.info-algerie.com\/actualites\/wp-content\/uploads\/2017\/08\/8d897fe556abcd8ff9709a77385c27e8_S-1.jpg","type":"image\/jpeg"}],"author":"La r\u00e9daction","twitter_misc":{"\u00c9crit par":"La r\u00e9daction","Dur\u00e9e de lecture estim\u00e9e":"2 minutes"},"schema":{"@context":"https:\/\/schema.org","@graph":[{"@type":"Article","@id":"https:\/\/www.info-algerie.com\/actualites\/des-procedures-juridiques-renforcant-la-decentralisation-dans-les-wilayas-deleguees-avant-la-fin-de-2017\/#article","isPartOf":{"@id":"https:\/\/www.info-algerie.com\/actualites\/des-procedures-juridiques-renforcant-la-decentralisation-dans-les-wilayas-deleguees-avant-la-fin-de-2017\/"},"author":{"name":"La r\u00e9daction","@id":"https:\/\/www.info-algerie.com\/actualites\/#\/schema\/person\/847aaec44920825b843a08f30ec6aa1e"},"headline":"Des proc\u00e9dures juridiques &quot;renfor\u00e7ant la d\u00e9centralisation&quot; dans les wilayas\u00a0d\u00e9l\u00e9gu\u00e9es avant la fin de 2017","datePublished":"2017-08-11T10:00:49+00:00","mainEntityOfPage":{"@id":"https:\/\/www.info-algerie.com\/actualites\/des-procedures-juridiques-renforcant-la-decentralisation-dans-les-wilayas-deleguees-avant-la-fin-de-2017\/"},"wordCount":440,"commentCount":0,"publisher":{"@id":"https:\/\/www.info-algerie.com\/actualites\/#organization"},"image":{"@id":"https:\/\/www.info-algerie.com\/actualites\/des-procedures-juridiques-renforcant-la-decentralisation-dans-les-wilayas-deleguees-avant-la-fin-de-2017\/#primaryimage"},"thumbnailUrl":"https:\/\/www.info-algerie.com\/actualites\/wp-content\/uploads\/2017\/08\/8d897fe556abcd8ff9709a77385c27e8_S-1.jpg","keywords":["ONU"],"articleSection":["infos"],"inLanguage":"fr-FR","potentialAction":[{"@type":"CommentAction","name":"Comment","target":["https:\/\/www.info-algerie.com\/actualites\/des-procedures-juridiques-renforcant-la-decentralisation-dans-les-wilayas-deleguees-avant-la-fin-de-2017\/#respond"]}]},{"@type":"WebPage","@id":"https:\/\/www.info-algerie.com\/actualites\/des-procedures-juridiques-renforcant-la-decentralisation-dans-les-wilayas-deleguees-avant-la-fin-de-2017\/","url":"https:\/\/www.info-algerie.com\/actualites\/des-procedures-juridiques-renforcant-la-decentralisation-dans-les-wilayas-deleguees-avant-la-fin-de-2017\/","name":"Des proc\u00e9dures juridiques &quot;renfor\u00e7ant la d\u00e9centralisation&quot; dans les wilayas\u00a0d\u00e9l\u00e9gu\u00e9es avant la fin de 2017 - info algerie","isPartOf":{"@id":"https:\/\/www.info-algerie.com\/actualites\/#website"},"primaryImageOfPage":{"@id":"https:\/\/www.info-algerie.com\/actualites\/des-procedures-juridiques-renforcant-la-decentralisation-dans-les-wilayas-deleguees-avant-la-fin-de-2017\/#primaryimage"},"image":{"@id":"https:\/\/www.info-algerie.com\/actualites\/des-procedures-juridiques-renforcant-la-decentralisation-dans-les-wilayas-deleguees-avant-la-fin-de-2017\/#primaryimage"},"thumbnailUrl":"https:\/\/www.info-algerie.com\/actualites\/wp-content\/uploads\/2017\/08\/8d897fe556abcd8ff9709a77385c27e8_S-1.jpg","datePublished":"2017-08-11T10:00:49+00:00","breadcrumb":{"@id":"https:\/\/www.info-algerie.com\/actualites\/des-procedures-juridiques-renforcant-la-decentralisation-dans-les-wilayas-deleguees-avant-la-fin-de-2017\/#breadcrumb"},"inLanguage":"fr-FR","potentialAction":[{"@type":"ReadAction","target":["https:\/\/www.info-algerie.com\/actualites\/des-procedures-juridiques-renforcant-la-decentralisation-dans-les-wilayas-deleguees-avant-la-fin-de-2017\/"]}]},{"@type":"ImageObject","inLanguage":"fr-FR","@id":"https:\/\/www.info-algerie.com\/actualites\/des-procedures-juridiques-renforcant-la-decentralisation-dans-les-wilayas-deleguees-avant-la-fin-de-2017\/#primaryimage","url":"https:\/\/www.info-algerie.com\/actualites\/wp-content\/uploads\/2017\/08\/8d897fe556abcd8ff9709a77385c27e8_S-1.jpg","contentUrl":"https:\/\/www.info-algerie.com\/actualites\/wp-content\/uploads\/2017\/08\/8d897fe556abcd8ff9709a77385c27e8_S-1.jpg","width":280,"height":169},{"@type":"BreadcrumbList","@id":"https:\/\/www.info-algerie.com\/actualites\/des-procedures-juridiques-renforcant-la-decentralisation-dans-les-wilayas-deleguees-avant-la-fin-de-2017\/#breadcrumb","itemListElement":[{"@type":"ListItem","position":1,"name":"Accueil","item":"https:\/\/www.info-algerie.com\/actualites\/"},{"@type":"ListItem","position":2,"name":"Des proc\u00e9dures juridiques &quot;renfor\u00e7ant la d\u00e9centralisation&quot; dans les wilayas\u00a0d\u00e9l\u00e9gu\u00e9es avant la fin de 2017"}]},{"@type":"WebSite","@id":"https:\/\/www.info-algerie.com\/actualites\/#website","url":"https:\/\/www.info-algerie.com\/actualites\/","name":"info algerie","description":"Toutes les actualit\u00e9s","publisher":{"@id":"https:\/\/www.info-algerie.com\/actualites\/#organization"},"potentialAction":[{"@type":"SearchAction","target":{"@type":"EntryPoint","urlTemplate":"https:\/\/www.info-algerie.com\/actualites\/?s={search_term_string}"},"query-input":{"@type":"PropertyValueSpecification","valueRequired":true,"valueName":"search_term_string"}}],"inLanguage":"fr-FR"},{"@type":"Organization","@id":"https:\/\/www.info-algerie.com\/actualites\/#organization","name":"info algerie","url":"https:\/\/www.info-algerie.com\/actualites\/","logo":{"@type":"ImageObject","inLanguage":"fr-FR","@id":"https:\/\/www.info-algerie.com\/actualites\/#\/schema\/logo\/image\/","url":"https:\/\/www.info-algerie.com\/actualites\/wp-content\/uploads\/2022\/07\/logo-ia-120.png","contentUrl":"https:\/\/www.info-algerie.com\/actualites\/wp-content\/uploads\/2022\/07\/logo-ia-120.png","width":120,"height":43,"caption":"info algerie"},"image":{"@id":"https:\/\/www.info-algerie.com\/actualites\/#\/schema\/logo\/image\/"},"sameAs":["https:\/\/www.facebook.com\/infoalgerieactu","https:\/\/x.com\/infoalgerie1"]},{"@type":"Person","@id":"https:\/\/www.info-algerie.com\/actualites\/#\/schema\/person\/847aaec44920825b843a08f30ec6aa1e","name":"La r\u00e9daction","image":{"@type":"ImageObject","inLanguage":"fr-FR","@id":"https:\/\/secure.gravatar.com\/avatar\/769db425c6f465158149f1ffd6cf61ce7a8a879d11dfbef8288af36dfddd418c?s=96&d=mm&r=g","url":"https:\/\/secure.gravatar.com\/avatar\/769db425c6f465158149f1ffd6cf61ce7a8a879d11dfbef8288af36dfddd418c?s=96&d=mm&r=g","contentUrl":"https:\/\/secure.gravatar.com\/avatar\/769db425c6f465158149f1ffd6cf61ce7a8a879d11dfbef8288af36dfddd418c?s=96&d=mm&r=g","caption":"La r\u00e9daction"},"sameAs":["http:\/\/www.lkeria.com\/"],"url":"https:\/\/www.info-algerie.com\/actualites\/author\/chakib32\/"}]}},"_links":{"self":[{"href":"https:\/\/www.info-algerie.com\/actualites\/wp-json\/wp\/v2\/posts\/14942","targetHints":{"allow":["GET"]}}],"collection":[{"href":"https:\/\/www.info-algerie.com\/actualites\/wp-json\/wp\/v2\/posts"}],"about":[{"href":"https:\/\/www.info-algerie.com\/actualites\/wp-json\/wp\/v2\/types\/post"}],"author":[{"embeddable":true,"href":"https:\/\/www.info-algerie.com\/actualites\/wp-json\/wp\/v2\/users\/6"}],"replies":[{"embeddable":true,"href":"https:\/\/www.info-algerie.com\/actualites\/wp-json\/wp\/v2\/comments?post=14942"}],"version-history":[{"count":0,"href":"https:\/\/www.info-algerie.com\/actualites\/wp-json\/wp\/v2\/posts\/14942\/revisions"}],"wp:featuredmedia":[{"embeddable":true,"href":"https:\/\/www.info-algerie.com\/actualites\/wp-json\/wp\/v2\/media\/14943"}],"wp:attachment":[{"href":"https:\/\/www.info-algerie.com\/actualites\/wp-json\/wp\/v2\/media?parent=14942"}],"wp:term":[{"taxonomy":"category","embeddable":true,"href":"https:\/\/www.info-algerie.com\/actualites\/wp-json\/wp\/v2\/categories?post=14942"},{"taxonomy":"post_tag","embeddable":true,"href":"https:\/\/www.info-algerie.com\/actualites\/wp-json\/wp\/v2\/tags?post=14942"}],"curies":[{"name":"wp","href":"https:\/\/api.w.org\/{rel}","templated":true}]}}