{"id":14952,"date":"2017-08-11T17:22:10","date_gmt":"2017-08-11T16:22:10","guid":{"rendered":"http:\/\/www.info-algerie.com\/actualites\/plus-de-18-individus-impliques-dans-le-depart-des-feux-de-forets-arretes\/"},"modified":"2017-08-11T17:22:10","modified_gmt":"2017-08-11T16:22:10","slug":"plus-de-18-individus-impliques-dans-le-depart-des-feux-de-forets-arretes","status":"publish","type":"post","link":"https:\/\/www.info-algerie.com\/actualites\/plus-de-18-individus-impliques-dans-le-depart-des-feux-de-forets-arretes\/","title":{"rendered":"Plus de 18 individus impliqu\u00e9s dans le d\u00e9part des feux de for\u00eats arr\u00eat\u00e9s\u00a0"},"content":{"rendered":"<div class=\"K2FeedImage\"><img decoding=\"async\" src=\"https:\/\/www.info-algerie.com\/actualites\/wp-content\/uploads\/2017\/08\/f45310b870e3309f1ba38938e82d7c5d_S.jpg\" alt=\"Plus de 18 individus impliqu&#xE9;s dans le d&#xE9;part des feux de for&#xEA;ts arr&#xEA;t&#xE9;s&#xA0;\" \/><\/div>\n<div class=\"K2FeedIntroText\">\n<p>TAMANRASSET &#8211; Le ministre de l&rsquo;Int\u00e9rieur, des Collectivit\u00e9s locales et de l&rsquo;Am\u00e9nagement du territoire, Noureddine Bedoui, a indiqu\u00e9 vendredi \u00e0 Tamanrasset que \u00ab\u00a0plus de 18 individus impliqu\u00e9s dans le d\u00e9part des feux de for\u00eats dans les wilayas affect\u00e9es, ont \u00e9t\u00e9 arr\u00eat\u00e9s\u00a0\u00bb.<\/p>\n<p>&#013;\n<\/p><\/div>\n<div class=\"K2FeedFullText\">&#013;<\/p>\n<p>\u00ab\u00a0Les services de s\u00fbret\u00e9 et de la Gendarmerie nationale ont arr\u00eat\u00e9 plus de 18 individus impliqu\u00e9s dans le d\u00e9part des feux de for\u00eats au niveau des wilayas affect\u00e9es\u00a0\u00bb, a indiqu\u00e9 M. Bedoui dans une d\u00e9claration \u00e0 la presse, en marge d&rsquo;une s\u00e9ance de travail consacr\u00e9e \u00e0 l&rsquo;\u00e9valuation des projets de d\u00e9veloppement dans la wilaya d\u00e9l\u00e9gu\u00e9e d&rsquo;In Guezzam.<\/p>\n<p>&#013;<\/p>\n<p>Le ministre a d\u00e9plor\u00e9 \u00ab\u00a0l&rsquo;absence\u00a0\u00bb de la culture de l&rsquo;assurance dans le secteur agricole, rappelant les \u00ab\u00a0fermes instructions\u00a0\u00bb donn\u00e9es par le pr\u00e9sident de la R\u00e9publique, Abdelaziz Bouteflika pour l&rsquo;indemnisation et l&rsquo;accompagnement des victimes des catastrophes naturelles, qu&rsquo;il s&rsquo;agisse d&rsquo;incendies ou d&rsquo;inondations.<\/p>\n<p>&#013;<\/p>\n<p>Il a ajout\u00e9 que les indemnit\u00e9s seront \u00e0 la hauteur des pertes enregistr\u00e9es, pr\u00e9cisant qu'\u00a0\u00bbelles seront vers\u00e9es apr\u00e8s une enqu\u00eate approfondie men\u00e9e par les service s\u00e9curitaires\u00a0\u00bb.<\/p>\n<p>&#013;<\/p>\n<p>Concernant l&rsquo;ampleur des d\u00e9g\u00e2ts occasionn\u00e9s par les inondations ayant touch\u00e9 r\u00e9cemment certaines wilayas du sud, M. Bedoui a indiqu\u00e9 qu'\u00a0\u00bbune commission est \u00e0 pied \u0153uvre pour \u00e9valuer les pertes au niveau des communes de Tamanrasset et d&rsquo;In Salah et d&rsquo;autres wilayas affect\u00e9es et cerner les besoins des sinistr\u00e9s\u00a0\u00bb.\u00a0<\/p>\n<\/div>\n<p>&#013;<br \/>\nSource: <a href=\"http:\/\/www.aps.dz\/algerie\/61629-plus-de-18-individus-impliques-dans-le-depart-des-feux-de-forets-arretes\" target=\"_blank\">Plus de 18 individus impliqu\u00e9s dans le d\u00e9part des feux de for\u00eats arr\u00eat\u00e9s\u00a0<\/a><\/p>\n<!--CusAds0-->\n<div style=\"font-size: 0px; height: 0px; line-height: 0px; margin: 0; padding: 0; clear: both;\"><\/div>","protected":false},"excerpt":{"rendered":"<p>TAMANRASSET &#8211; Le ministre de l&rsquo;Int\u00e9rieur, des Collectivit\u00e9s locales et de l&rsquo;Am\u00e9nagement du territoire, Noureddine Bedoui, a indiqu\u00e9 vendredi \u00e0 Tamanrasset que \u00ab\u00a0plus de 18 individus impliqu\u00e9s dans le d\u00e9part des feux de for\u00eats dans les wilayas affect\u00e9es, ont \u00e9t\u00e9 arr\u00eat\u00e9s\u00a0\u00bb. &#013; &#013; \u00ab\u00a0Les services de s\u00fbret\u00e9 et de la Gendarmerie nationale ont arr\u00eat\u00e9 plus<\/p>\n","protected":false},"author":6,"featured_media":14953,"comment_status":"open","ping_status":"open","sticky":false,"template":"","format":"standard","meta":{"footnotes":""},"categories":[22],"tags":[93],"class_list":["post-14952","post","type-post","status-publish","format-standard","has-post-thumbnail","hentry","category-infos","tag-onu"],"yoast_head":"<!-- This site is optimized with the Yoast SEO plugin v27.5 - https:\/\/yoast.com\/product\/yoast-seo-wordpress\/ -->\n<title>Plus de 18 individus impliqu\u00e9s dans le d\u00e9part des feux de for\u00eats arr\u00eat\u00e9s\u00a0 - info algerie<\/title>\n<meta name=\"robots\" content=\"index, follow, max-snippet:-1, max-image-preview:large, max-video-preview:-1\" \/>\n<link rel=\"canonical\" href=\"https:\/\/www.info-algerie.com\/actualites\/plus-de-18-individus-impliques-dans-le-depart-des-feux-de-forets-arretes\/\" \/>\n<meta property=\"og:locale\" content=\"fr_FR\" \/>\n<meta property=\"og:type\" content=\"article\" \/>\n<meta property=\"og:title\" content=\"Plus de 18 individus impliqu\u00e9s dans le d\u00e9part des feux de for\u00eats arr\u00eat\u00e9s\u00a0 - info algerie\" \/>\n<meta property=\"og:description\" content=\"TAMANRASSET &#8211; Le ministre de l&rsquo;Int\u00e9rieur, des Collectivit\u00e9s locales et de l&rsquo;Am\u00e9nagement du territoire, Noureddine Bedoui, a indiqu\u00e9 vendredi \u00e0 Tamanrasset que \u00ab\u00a0plus de 18 individus impliqu\u00e9s dans le d\u00e9part des feux de for\u00eats dans les wilayas affect\u00e9es, ont \u00e9t\u00e9 arr\u00eat\u00e9s\u00a0\u00bb. &#013; &#013; \u00ab\u00a0Les services de s\u00fbret\u00e9 et de la Gendarmerie nationale ont arr\u00eat\u00e9 plus\" \/>\n<meta property=\"og:url\" content=\"https:\/\/www.info-algerie.com\/actualites\/plus-de-18-individus-impliques-dans-le-depart-des-feux-de-forets-arretes\/\" \/>\n<meta property=\"og:site_name\" content=\"info algerie\" \/>\n<meta property=\"article:publisher\" content=\"https:\/\/www.facebook.com\/infoalgerieactu\" \/>\n<meta property=\"article:published_time\" content=\"2017-08-11T16:22:10+00:00\" \/>\n<meta property=\"og:image\" content=\"https:\/\/www.info-algerie.com\/actualites\/wp-content\/uploads\/2017\/08\/f45310b870e3309f1ba38938e82d7c5d_S-1.jpg\" \/>\n\t<meta property=\"og:image:width\" content=\"280\" \/>\n\t<meta property=\"og:image:height\" content=\"169\" \/>\n\t<meta property=\"og:image:type\" content=\"image\/jpeg\" \/>\n<meta name=\"author\" content=\"La r\u00e9daction\" \/>\n<meta name=\"twitter:label1\" content=\"\u00c9crit par\" \/>\n\t<meta name=\"twitter:data1\" content=\"La r\u00e9daction\" \/>\n\t<meta name=\"twitter:label2\" content=\"Dur\u00e9e de lecture estim\u00e9e\" \/>\n\t<meta name=\"twitter:data2\" content=\"1 minute\" \/>\n<script type=\"application\/ld+json\" class=\"yoast-schema-graph\">{\"@context\":\"https:\\\/\\\/schema.org\",\"@graph\":[{\"@type\":\"Article\",\"@id\":\"https:\\\/\\\/www.info-algerie.com\\\/actualites\\\/plus-de-18-individus-impliques-dans-le-depart-des-feux-de-forets-arretes\\\/#article\",\"isPartOf\":{\"@id\":\"https:\\\/\\\/www.info-algerie.com\\\/actualites\\\/plus-de-18-individus-impliques-dans-le-depart-des-feux-de-forets-arretes\\\/\"},\"author\":{\"name\":\"La r\u00e9daction\",\"@id\":\"https:\\\/\\\/www.info-algerie.com\\\/actualites\\\/#\\\/schema\\\/person\\\/847aaec44920825b843a08f30ec6aa1e\"},\"headline\":\"Plus de 18 individus impliqu\u00e9s dans le d\u00e9part des feux de for\u00eats arr\u00eat\u00e9s\u00a0\",\"datePublished\":\"2017-08-11T16:22:10+00:00\",\"mainEntityOfPage\":{\"@id\":\"https:\\\/\\\/www.info-algerie.com\\\/actualites\\\/plus-de-18-individus-impliques-dans-le-depart-des-feux-de-forets-arretes\\\/\"},\"wordCount\":299,\"commentCount\":0,\"publisher\":{\"@id\":\"https:\\\/\\\/www.info-algerie.com\\\/actualites\\\/#organization\"},\"image\":{\"@id\":\"https:\\\/\\\/www.info-algerie.com\\\/actualites\\\/plus-de-18-individus-impliques-dans-le-depart-des-feux-de-forets-arretes\\\/#primaryimage\"},\"thumbnailUrl\":\"https:\\\/\\\/www.info-algerie.com\\\/actualites\\\/wp-content\\\/uploads\\\/2017\\\/08\\\/f45310b870e3309f1ba38938e82d7c5d_S-1.jpg\",\"keywords\":[\"ONU\"],\"articleSection\":[\"infos\"],\"inLanguage\":\"fr-FR\",\"potentialAction\":[{\"@type\":\"CommentAction\",\"name\":\"Comment\",\"target\":[\"https:\\\/\\\/www.info-algerie.com\\\/actualites\\\/plus-de-18-individus-impliques-dans-le-depart-des-feux-de-forets-arretes\\\/#respond\"]}]},{\"@type\":\"WebPage\",\"@id\":\"https:\\\/\\\/www.info-algerie.com\\\/actualites\\\/plus-de-18-individus-impliques-dans-le-depart-des-feux-de-forets-arretes\\\/\",\"url\":\"https:\\\/\\\/www.info-algerie.com\\\/actualites\\\/plus-de-18-individus-impliques-dans-le-depart-des-feux-de-forets-arretes\\\/\",\"name\":\"Plus de 18 individus impliqu\u00e9s dans le d\u00e9part des feux de for\u00eats arr\u00eat\u00e9s\u00a0 - info algerie\",\"isPartOf\":{\"@id\":\"https:\\\/\\\/www.info-algerie.com\\\/actualites\\\/#website\"},\"primaryImageOfPage\":{\"@id\":\"https:\\\/\\\/www.info-algerie.com\\\/actualites\\\/plus-de-18-individus-impliques-dans-le-depart-des-feux-de-forets-arretes\\\/#primaryimage\"},\"image\":{\"@id\":\"https:\\\/\\\/www.info-algerie.com\\\/actualites\\\/plus-de-18-individus-impliques-dans-le-depart-des-feux-de-forets-arretes\\\/#primaryimage\"},\"thumbnailUrl\":\"https:\\\/\\\/www.info-algerie.com\\\/actualites\\\/wp-content\\\/uploads\\\/2017\\\/08\\\/f45310b870e3309f1ba38938e82d7c5d_S-1.jpg\",\"datePublished\":\"2017-08-11T16:22:10+00:00\",\"breadcrumb\":{\"@id\":\"https:\\\/\\\/www.info-algerie.com\\\/actualites\\\/plus-de-18-individus-impliques-dans-le-depart-des-feux-de-forets-arretes\\\/#breadcrumb\"},\"inLanguage\":\"fr-FR\",\"potentialAction\":[{\"@type\":\"ReadAction\",\"target\":[\"https:\\\/\\\/www.info-algerie.com\\\/actualites\\\/plus-de-18-individus-impliques-dans-le-depart-des-feux-de-forets-arretes\\\/\"]}]},{\"@type\":\"ImageObject\",\"inLanguage\":\"fr-FR\",\"@id\":\"https:\\\/\\\/www.info-algerie.com\\\/actualites\\\/plus-de-18-individus-impliques-dans-le-depart-des-feux-de-forets-arretes\\\/#primaryimage\",\"url\":\"https:\\\/\\\/www.info-algerie.com\\\/actualites\\\/wp-content\\\/uploads\\\/2017\\\/08\\\/f45310b870e3309f1ba38938e82d7c5d_S-1.jpg\",\"contentUrl\":\"https:\\\/\\\/www.info-algerie.com\\\/actualites\\\/wp-content\\\/uploads\\\/2017\\\/08\\\/f45310b870e3309f1ba38938e82d7c5d_S-1.jpg\",\"width\":280,\"height\":169},{\"@type\":\"BreadcrumbList\",\"@id\":\"https:\\\/\\\/www.info-algerie.com\\\/actualites\\\/plus-de-18-individus-impliques-dans-le-depart-des-feux-de-forets-arretes\\\/#breadcrumb\",\"itemListElement\":[{\"@type\":\"ListItem\",\"position\":1,\"name\":\"Accueil\",\"item\":\"https:\\\/\\\/www.info-algerie.com\\\/actualites\\\/\"},{\"@type\":\"ListItem\",\"position\":2,\"name\":\"Plus de 18 individus impliqu\u00e9s dans le d\u00e9part des feux de for\u00eats arr\u00eat\u00e9s\u00a0\"}]},{\"@type\":\"WebSite\",\"@id\":\"https:\\\/\\\/www.info-algerie.com\\\/actualites\\\/#website\",\"url\":\"https:\\\/\\\/www.info-algerie.com\\\/actualites\\\/\",\"name\":\"info algerie\",\"description\":\"Toutes les actualit\u00e9s\",\"publisher\":{\"@id\":\"https:\\\/\\\/www.info-algerie.com\\\/actualites\\\/#organization\"},\"potentialAction\":[{\"@type\":\"SearchAction\",\"target\":{\"@type\":\"EntryPoint\",\"urlTemplate\":\"https:\\\/\\\/www.info-algerie.com\\\/actualites\\\/?s={search_term_string}\"},\"query-input\":{\"@type\":\"PropertyValueSpecification\",\"valueRequired\":true,\"valueName\":\"search_term_string\"}}],\"inLanguage\":\"fr-FR\"},{\"@type\":\"Organization\",\"@id\":\"https:\\\/\\\/www.info-algerie.com\\\/actualites\\\/#organization\",\"name\":\"info algerie\",\"url\":\"https:\\\/\\\/www.info-algerie.com\\\/actualites\\\/\",\"logo\":{\"@type\":\"ImageObject\",\"inLanguage\":\"fr-FR\",\"@id\":\"https:\\\/\\\/www.info-algerie.com\\\/actualites\\\/#\\\/schema\\\/logo\\\/image\\\/\",\"url\":\"https:\\\/\\\/www.info-algerie.com\\\/actualites\\\/wp-content\\\/uploads\\\/2022\\\/07\\\/logo-ia-120.png\",\"contentUrl\":\"https:\\\/\\\/www.info-algerie.com\\\/actualites\\\/wp-content\\\/uploads\\\/2022\\\/07\\\/logo-ia-120.png\",\"width\":120,\"height\":43,\"caption\":\"info algerie\"},\"image\":{\"@id\":\"https:\\\/\\\/www.info-algerie.com\\\/actualites\\\/#\\\/schema\\\/logo\\\/image\\\/\"},\"sameAs\":[\"https:\\\/\\\/www.facebook.com\\\/infoalgerieactu\",\"https:\\\/\\\/x.com\\\/infoalgerie1\"]},{\"@type\":\"Person\",\"@id\":\"https:\\\/\\\/www.info-algerie.com\\\/actualites\\\/#\\\/schema\\\/person\\\/847aaec44920825b843a08f30ec6aa1e\",\"name\":\"La r\u00e9daction\",\"image\":{\"@type\":\"ImageObject\",\"inLanguage\":\"fr-FR\",\"@id\":\"https:\\\/\\\/secure.gravatar.com\\\/avatar\\\/769db425c6f465158149f1ffd6cf61ce7a8a879d11dfbef8288af36dfddd418c?s=96&d=mm&r=g\",\"url\":\"https:\\\/\\\/secure.gravatar.com\\\/avatar\\\/769db425c6f465158149f1ffd6cf61ce7a8a879d11dfbef8288af36dfddd418c?s=96&d=mm&r=g\",\"contentUrl\":\"https:\\\/\\\/secure.gravatar.com\\\/avatar\\\/769db425c6f465158149f1ffd6cf61ce7a8a879d11dfbef8288af36dfddd418c?s=96&d=mm&r=g\",\"caption\":\"La r\u00e9daction\"},\"sameAs\":[\"http:\\\/\\\/www.lkeria.com\\\/\"],\"url\":\"https:\\\/\\\/www.info-algerie.com\\\/actualites\\\/author\\\/chakib32\\\/\"}]}<\/script>\n<!-- \/ Yoast SEO plugin. -->","yoast_head_json":{"title":"Plus de 18 individus impliqu\u00e9s dans le d\u00e9part des feux de for\u00eats arr\u00eat\u00e9s\u00a0 - info algerie","robots":{"index":"index","follow":"follow","max-snippet":"max-snippet:-1","max-image-preview":"max-image-preview:large","max-video-preview":"max-video-preview:-1"},"canonical":"https:\/\/www.info-algerie.com\/actualites\/plus-de-18-individus-impliques-dans-le-depart-des-feux-de-forets-arretes\/","og_locale":"fr_FR","og_type":"article","og_title":"Plus de 18 individus impliqu\u00e9s dans le d\u00e9part des feux de for\u00eats arr\u00eat\u00e9s\u00a0 - info algerie","og_description":"TAMANRASSET &#8211; Le ministre de l&rsquo;Int\u00e9rieur, des Collectivit\u00e9s locales et de l&rsquo;Am\u00e9nagement du territoire, Noureddine Bedoui, a indiqu\u00e9 vendredi \u00e0 Tamanrasset que \u00ab\u00a0plus de 18 individus impliqu\u00e9s dans le d\u00e9part des feux de for\u00eats dans les wilayas affect\u00e9es, ont \u00e9t\u00e9 arr\u00eat\u00e9s\u00a0\u00bb. &#013; &#013; \u00ab\u00a0Les services de s\u00fbret\u00e9 et de la Gendarmerie nationale ont arr\u00eat\u00e9 plus","og_url":"https:\/\/www.info-algerie.com\/actualites\/plus-de-18-individus-impliques-dans-le-depart-des-feux-de-forets-arretes\/","og_site_name":"info algerie","article_publisher":"https:\/\/www.facebook.com\/infoalgerieactu","article_published_time":"2017-08-11T16:22:10+00:00","og_image":[{"width":280,"height":169,"url":"https:\/\/www.info-algerie.com\/actualites\/wp-content\/uploads\/2017\/08\/f45310b870e3309f1ba38938e82d7c5d_S-1.jpg","type":"image\/jpeg"}],"author":"La r\u00e9daction","twitter_misc":{"\u00c9crit par":"La r\u00e9daction","Dur\u00e9e de lecture estim\u00e9e":"1 minute"},"schema":{"@context":"https:\/\/schema.org","@graph":[{"@type":"Article","@id":"https:\/\/www.info-algerie.com\/actualites\/plus-de-18-individus-impliques-dans-le-depart-des-feux-de-forets-arretes\/#article","isPartOf":{"@id":"https:\/\/www.info-algerie.com\/actualites\/plus-de-18-individus-impliques-dans-le-depart-des-feux-de-forets-arretes\/"},"author":{"name":"La r\u00e9daction","@id":"https:\/\/www.info-algerie.com\/actualites\/#\/schema\/person\/847aaec44920825b843a08f30ec6aa1e"},"headline":"Plus de 18 individus impliqu\u00e9s dans le d\u00e9part des feux de for\u00eats arr\u00eat\u00e9s\u00a0","datePublished":"2017-08-11T16:22:10+00:00","mainEntityOfPage":{"@id":"https:\/\/www.info-algerie.com\/actualites\/plus-de-18-individus-impliques-dans-le-depart-des-feux-de-forets-arretes\/"},"wordCount":299,"commentCount":0,"publisher":{"@id":"https:\/\/www.info-algerie.com\/actualites\/#organization"},"image":{"@id":"https:\/\/www.info-algerie.com\/actualites\/plus-de-18-individus-impliques-dans-le-depart-des-feux-de-forets-arretes\/#primaryimage"},"thumbnailUrl":"https:\/\/www.info-algerie.com\/actualites\/wp-content\/uploads\/2017\/08\/f45310b870e3309f1ba38938e82d7c5d_S-1.jpg","keywords":["ONU"],"articleSection":["infos"],"inLanguage":"fr-FR","potentialAction":[{"@type":"CommentAction","name":"Comment","target":["https:\/\/www.info-algerie.com\/actualites\/plus-de-18-individus-impliques-dans-le-depart-des-feux-de-forets-arretes\/#respond"]}]},{"@type":"WebPage","@id":"https:\/\/www.info-algerie.com\/actualites\/plus-de-18-individus-impliques-dans-le-depart-des-feux-de-forets-arretes\/","url":"https:\/\/www.info-algerie.com\/actualites\/plus-de-18-individus-impliques-dans-le-depart-des-feux-de-forets-arretes\/","name":"Plus de 18 individus impliqu\u00e9s dans le d\u00e9part des feux de for\u00eats arr\u00eat\u00e9s\u00a0 - info algerie","isPartOf":{"@id":"https:\/\/www.info-algerie.com\/actualites\/#website"},"primaryImageOfPage":{"@id":"https:\/\/www.info-algerie.com\/actualites\/plus-de-18-individus-impliques-dans-le-depart-des-feux-de-forets-arretes\/#primaryimage"},"image":{"@id":"https:\/\/www.info-algerie.com\/actualites\/plus-de-18-individus-impliques-dans-le-depart-des-feux-de-forets-arretes\/#primaryimage"},"thumbnailUrl":"https:\/\/www.info-algerie.com\/actualites\/wp-content\/uploads\/2017\/08\/f45310b870e3309f1ba38938e82d7c5d_S-1.jpg","datePublished":"2017-08-11T16:22:10+00:00","breadcrumb":{"@id":"https:\/\/www.info-algerie.com\/actualites\/plus-de-18-individus-impliques-dans-le-depart-des-feux-de-forets-arretes\/#breadcrumb"},"inLanguage":"fr-FR","potentialAction":[{"@type":"ReadAction","target":["https:\/\/www.info-algerie.com\/actualites\/plus-de-18-individus-impliques-dans-le-depart-des-feux-de-forets-arretes\/"]}]},{"@type":"ImageObject","inLanguage":"fr-FR","@id":"https:\/\/www.info-algerie.com\/actualites\/plus-de-18-individus-impliques-dans-le-depart-des-feux-de-forets-arretes\/#primaryimage","url":"https:\/\/www.info-algerie.com\/actualites\/wp-content\/uploads\/2017\/08\/f45310b870e3309f1ba38938e82d7c5d_S-1.jpg","contentUrl":"https:\/\/www.info-algerie.com\/actualites\/wp-content\/uploads\/2017\/08\/f45310b870e3309f1ba38938e82d7c5d_S-1.jpg","width":280,"height":169},{"@type":"BreadcrumbList","@id":"https:\/\/www.info-algerie.com\/actualites\/plus-de-18-individus-impliques-dans-le-depart-des-feux-de-forets-arretes\/#breadcrumb","itemListElement":[{"@type":"ListItem","position":1,"name":"Accueil","item":"https:\/\/www.info-algerie.com\/actualites\/"},{"@type":"ListItem","position":2,"name":"Plus de 18 individus impliqu\u00e9s dans le d\u00e9part des feux de for\u00eats arr\u00eat\u00e9s\u00a0"}]},{"@type":"WebSite","@id":"https:\/\/www.info-algerie.com\/actualites\/#website","url":"https:\/\/www.info-algerie.com\/actualites\/","name":"info algerie","description":"Toutes les actualit\u00e9s","publisher":{"@id":"https:\/\/www.info-algerie.com\/actualites\/#organization"},"potentialAction":[{"@type":"SearchAction","target":{"@type":"EntryPoint","urlTemplate":"https:\/\/www.info-algerie.com\/actualites\/?s={search_term_string}"},"query-input":{"@type":"PropertyValueSpecification","valueRequired":true,"valueName":"search_term_string"}}],"inLanguage":"fr-FR"},{"@type":"Organization","@id":"https:\/\/www.info-algerie.com\/actualites\/#organization","name":"info algerie","url":"https:\/\/www.info-algerie.com\/actualites\/","logo":{"@type":"ImageObject","inLanguage":"fr-FR","@id":"https:\/\/www.info-algerie.com\/actualites\/#\/schema\/logo\/image\/","url":"https:\/\/www.info-algerie.com\/actualites\/wp-content\/uploads\/2022\/07\/logo-ia-120.png","contentUrl":"https:\/\/www.info-algerie.com\/actualites\/wp-content\/uploads\/2022\/07\/logo-ia-120.png","width":120,"height":43,"caption":"info algerie"},"image":{"@id":"https:\/\/www.info-algerie.com\/actualites\/#\/schema\/logo\/image\/"},"sameAs":["https:\/\/www.facebook.com\/infoalgerieactu","https:\/\/x.com\/infoalgerie1"]},{"@type":"Person","@id":"https:\/\/www.info-algerie.com\/actualites\/#\/schema\/person\/847aaec44920825b843a08f30ec6aa1e","name":"La r\u00e9daction","image":{"@type":"ImageObject","inLanguage":"fr-FR","@id":"https:\/\/secure.gravatar.com\/avatar\/769db425c6f465158149f1ffd6cf61ce7a8a879d11dfbef8288af36dfddd418c?s=96&d=mm&r=g","url":"https:\/\/secure.gravatar.com\/avatar\/769db425c6f465158149f1ffd6cf61ce7a8a879d11dfbef8288af36dfddd418c?s=96&d=mm&r=g","contentUrl":"https:\/\/secure.gravatar.com\/avatar\/769db425c6f465158149f1ffd6cf61ce7a8a879d11dfbef8288af36dfddd418c?s=96&d=mm&r=g","caption":"La r\u00e9daction"},"sameAs":["http:\/\/www.lkeria.com\/"],"url":"https:\/\/www.info-algerie.com\/actualites\/author\/chakib32\/"}]}},"_links":{"self":[{"href":"https:\/\/www.info-algerie.com\/actualites\/wp-json\/wp\/v2\/posts\/14952","targetHints":{"allow":["GET"]}}],"collection":[{"href":"https:\/\/www.info-algerie.com\/actualites\/wp-json\/wp\/v2\/posts"}],"about":[{"href":"https:\/\/www.info-algerie.com\/actualites\/wp-json\/wp\/v2\/types\/post"}],"author":[{"embeddable":true,"href":"https:\/\/www.info-algerie.com\/actualites\/wp-json\/wp\/v2\/users\/6"}],"replies":[{"embeddable":true,"href":"https:\/\/www.info-algerie.com\/actualites\/wp-json\/wp\/v2\/comments?post=14952"}],"version-history":[{"count":0,"href":"https:\/\/www.info-algerie.com\/actualites\/wp-json\/wp\/v2\/posts\/14952\/revisions"}],"wp:featuredmedia":[{"embeddable":true,"href":"https:\/\/www.info-algerie.com\/actualites\/wp-json\/wp\/v2\/media\/14953"}],"wp:attachment":[{"href":"https:\/\/www.info-algerie.com\/actualites\/wp-json\/wp\/v2\/media?parent=14952"}],"wp:term":[{"taxonomy":"category","embeddable":true,"href":"https:\/\/www.info-algerie.com\/actualites\/wp-json\/wp\/v2\/categories?post=14952"},{"taxonomy":"post_tag","embeddable":true,"href":"https:\/\/www.info-algerie.com\/actualites\/wp-json\/wp\/v2\/tags?post=14952"}],"curies":[{"name":"wp","href":"https:\/\/api.w.org\/{rel}","templated":true}]}}