{"id":14963,"date":"2017-08-12T13:46:01","date_gmt":"2017-08-12T12:46:01","guid":{"rendered":"http:\/\/www.info-algerie.com\/actualites\/lalgerie-a-place-la-promotion-de-la-jeunesse-au-coeur-de-ses-priorites\/"},"modified":"2017-08-12T13:46:01","modified_gmt":"2017-08-12T12:46:01","slug":"lalgerie-a-place-la-promotion-de-la-jeunesse-au-coeur-de-ses-priorites","status":"publish","type":"post","link":"https:\/\/www.info-algerie.com\/actualites\/lalgerie-a-place-la-promotion-de-la-jeunesse-au-coeur-de-ses-priorites\/","title":{"rendered":"L&#039;Alg\u00e9rie a plac\u00e9 la promotion de la jeunesse &quot;au c\u0153ur de ses priorit\u00e9s&quot;"},"content":{"rendered":"<div class=\"K2FeedImage\"><img decoding=\"async\" src=\"https:\/\/www.info-algerie.com\/actualites\/wp-content\/uploads\/2017\/08\/c53006189f68d1cf2980ca4a83054824_S.jpg\" \/><\/div>\n<div class=\"K2FeedIntroText\">\n<p>ALGER &#8211; L&rsquo;Alg\u00e9rie a plac\u00e9 la promotion de la jeunesse \u00ab\u00a0au c\u0153ur de ses priorit\u00e9s\u00a0\u00bb aux fins de promouvoir le r\u00f4le de cette composante essentielle de la soci\u00e9t\u00e9 dans le processus de d\u00e9veloppement socio-\u00e9conomique national, a indiqu\u00e9 le vice-pr\u00e9sident de l&rsquo;Assembl\u00e9e populaire nationale (APN), Djamel Bouras lors des travaux de la 9\u00e8me conf\u00e9rence annuelle des Parlements africains qui s&rsquo;est tenue les 10 et 11 ao\u00fbt au si\u00e8ge du Parlement panafricain \u00e0 Midrand en Afrique du Sud.<\/p>\n<p>&#013;\n<\/p><\/div>\n<div class=\"K2FeedFullText\">&#013;<\/p>\n<p>M. Bouras qui a conduit la d\u00e9l\u00e9gation parlementaire alg\u00e9rienne \u00e0 cette conf\u00e9rence ayant pour th\u00e8me principal : \u00ab\u00a0Exploiter le dividende d\u00e9mographique gr\u00e2ce \u00e0 l&rsquo;investissement dans la jeunesse\u00a0\u00bb, a mis en avant les diff\u00e9rents programmes et m\u00e9canismes mis en place par le gouvernement alg\u00e9rien en faveur de la jeunesse, indique samedi un communiqu\u00e9 de l&rsquo;APN.\u00a0\u00a0\u00a0<\/p>\n<p>&#013;<\/p>\n<p>A titre d&rsquo;illustration, M. Bouras a fait r\u00e9f\u00e9rence au Conseil sup\u00e9rieur de la jeunesse inscrit dans la Constitution de 2016, pr\u00e9cisant, \u00e0 cet \u00e9gard, que ce Conseil, plac\u00e9 aupr\u00e8s du Pr\u00e9sident de la R\u00e9publique, se veut \u00ab\u00a0une institution consultative ayant pour mandat de formuler des avis et des recommandations sur les besoins de la jeunesse et son \u00e9panouissement dans les domaines \u00e9conomique, social \u00e9ducatif, culturel et sportif\u00a0\u00bb.\u00a0\u00a0\u00a0\u00a0\u00a0\u00a0<\/p>\n<p>&#013;<\/p>\n<p>Il a fait savoir que le Conseil sup\u00e9rieur de la jeunesse a \u00e9galement pour mission de \u00ab\u00a0contribuer \u00e0 la promotion des valeurs nationales, de la conscience patriotique, de l&rsquo;esprit civique et de la solidarit\u00e9 sociale\u00a0\u00bb.<\/p>\n<p>&#013;<\/p>\n<p>M. Bouras a saisi cette occasion pour r\u00e9it\u00e9rer \u00ab\u00a0la disponibilit\u00e9 et l&rsquo;engagement de l&rsquo;Alg\u00e9rie \u00e0 s&rsquo;associer et \u00e0 soutenir toute initiative africaine visant \u00e0 promouvoir le r\u00f4le de la jeunesse en faveur de l&rsquo;\u00e9mancipation et d\u00e9veloppement du continent africain conform\u00e9ment \u00e0 la vision de l&rsquo;Agenda 2063 de l&rsquo;Union africaine\u00a0\u00bb, note la m\u00eame source.\u00a0<\/p>\n<p>&#013;<\/p>\n<p class=\"MsoNormal\">Il a relev\u00e9, dans ce cadre, les efforts consentis par l&rsquo;Alg\u00e9rie depuis son ind\u00e9pendance au profit de la jeunesse africaine, affirmant que 100.000 cadres africains ont \u00e9t\u00e9 form\u00e9s dans les diff\u00e9rentes universit\u00e9s et centres de formation professionnelle alg\u00e9riens.\u00a0<\/p>\n<\/div>\n<p>&#013;<br \/>\nSource: <a href=\"http:\/\/www.aps.dz\/algerie\/61647-l-algerie-a-place-la-promotion-de-la-jeunesse-au-coeur-de-ses-priorites\" target=\"_blank\">L&rsquo;Alg\u00e9rie a plac\u00e9 la promotion de la jeunesse \u00ab\u00a0au c\u0153ur de ses priorit\u00e9s\u00a0\u00bb<\/a><\/p>\n<!--CusAds0-->\n<div style=\"font-size: 0px; height: 0px; line-height: 0px; margin: 0; padding: 0; clear: both;\"><\/div>","protected":false},"excerpt":{"rendered":"<p>ALGER &#8211; L&rsquo;Alg\u00e9rie a plac\u00e9 la promotion de la jeunesse \u00ab\u00a0au c\u0153ur de ses priorit\u00e9s\u00a0\u00bb aux fins de promouvoir le r\u00f4le de cette composante essentielle de la soci\u00e9t\u00e9 dans le processus de d\u00e9veloppement socio-\u00e9conomique national, a indiqu\u00e9 le vice-pr\u00e9sident de l&rsquo;Assembl\u00e9e populaire nationale (APN), Djamel Bouras lors des travaux de la 9\u00e8me conf\u00e9rence annuelle des<\/p>\n","protected":false},"author":6,"featured_media":14964,"comment_status":"open","ping_status":"open","sticky":false,"template":"","format":"standard","meta":{"footnotes":""},"categories":[22],"tags":[93],"class_list":["post-14963","post","type-post","status-publish","format-standard","has-post-thumbnail","hentry","category-infos","tag-onu"],"yoast_head":"<!-- This site is optimized with the Yoast SEO plugin v27.5 - https:\/\/yoast.com\/product\/yoast-seo-wordpress\/ -->\n<title>L&#039;Alg\u00e9rie a plac\u00e9 la promotion de la jeunesse &quot;au c\u0153ur de ses priorit\u00e9s&quot; - info algerie<\/title>\n<meta name=\"robots\" content=\"index, follow, max-snippet:-1, max-image-preview:large, max-video-preview:-1\" \/>\n<link rel=\"canonical\" href=\"https:\/\/www.info-algerie.com\/actualites\/lalgerie-a-place-la-promotion-de-la-jeunesse-au-coeur-de-ses-priorites\/\" \/>\n<meta property=\"og:locale\" content=\"fr_FR\" \/>\n<meta property=\"og:type\" content=\"article\" \/>\n<meta property=\"og:title\" content=\"L&#039;Alg\u00e9rie a plac\u00e9 la promotion de la jeunesse &quot;au c\u0153ur de ses priorit\u00e9s&quot; - info algerie\" \/>\n<meta property=\"og:description\" content=\"ALGER &#8211; L&rsquo;Alg\u00e9rie a plac\u00e9 la promotion de la jeunesse \u00ab\u00a0au c\u0153ur de ses priorit\u00e9s\u00a0\u00bb aux fins de promouvoir le r\u00f4le de cette composante essentielle de la soci\u00e9t\u00e9 dans le processus de d\u00e9veloppement socio-\u00e9conomique national, a indiqu\u00e9 le vice-pr\u00e9sident de l&rsquo;Assembl\u00e9e populaire nationale (APN), Djamel Bouras lors des travaux de la 9\u00e8me conf\u00e9rence annuelle des\" \/>\n<meta property=\"og:url\" content=\"https:\/\/www.info-algerie.com\/actualites\/lalgerie-a-place-la-promotion-de-la-jeunesse-au-coeur-de-ses-priorites\/\" \/>\n<meta property=\"og:site_name\" content=\"info algerie\" \/>\n<meta property=\"article:publisher\" content=\"https:\/\/www.facebook.com\/infoalgerieactu\" \/>\n<meta property=\"article:published_time\" content=\"2017-08-12T12:46:01+00:00\" \/>\n<meta property=\"og:image\" content=\"https:\/\/www.info-algerie.com\/actualites\/wp-content\/uploads\/2017\/08\/c53006189f68d1cf2980ca4a83054824_S-1.jpg\" \/>\n\t<meta property=\"og:image:width\" content=\"280\" \/>\n\t<meta property=\"og:image:height\" content=\"169\" \/>\n\t<meta property=\"og:image:type\" content=\"image\/jpeg\" \/>\n<meta name=\"author\" content=\"La r\u00e9daction\" \/>\n<meta name=\"twitter:label1\" content=\"\u00c9crit par\" \/>\n\t<meta name=\"twitter:data1\" content=\"La r\u00e9daction\" \/>\n\t<meta name=\"twitter:label2\" content=\"Dur\u00e9e de lecture estim\u00e9e\" \/>\n\t<meta name=\"twitter:data2\" content=\"2 minutes\" \/>\n<script type=\"application\/ld+json\" class=\"yoast-schema-graph\">{\"@context\":\"https:\\\/\\\/schema.org\",\"@graph\":[{\"@type\":\"Article\",\"@id\":\"https:\\\/\\\/www.info-algerie.com\\\/actualites\\\/lalgerie-a-place-la-promotion-de-la-jeunesse-au-coeur-de-ses-priorites\\\/#article\",\"isPartOf\":{\"@id\":\"https:\\\/\\\/www.info-algerie.com\\\/actualites\\\/lalgerie-a-place-la-promotion-de-la-jeunesse-au-coeur-de-ses-priorites\\\/\"},\"author\":{\"name\":\"La r\u00e9daction\",\"@id\":\"https:\\\/\\\/www.info-algerie.com\\\/actualites\\\/#\\\/schema\\\/person\\\/847aaec44920825b843a08f30ec6aa1e\"},\"headline\":\"L&#039;Alg\u00e9rie a plac\u00e9 la promotion de la jeunesse &quot;au c\u0153ur de ses priorit\u00e9s&quot;\",\"datePublished\":\"2017-08-12T12:46:01+00:00\",\"mainEntityOfPage\":{\"@id\":\"https:\\\/\\\/www.info-algerie.com\\\/actualites\\\/lalgerie-a-place-la-promotion-de-la-jeunesse-au-coeur-de-ses-priorites\\\/\"},\"wordCount\":402,\"commentCount\":0,\"publisher\":{\"@id\":\"https:\\\/\\\/www.info-algerie.com\\\/actualites\\\/#organization\"},\"image\":{\"@id\":\"https:\\\/\\\/www.info-algerie.com\\\/actualites\\\/lalgerie-a-place-la-promotion-de-la-jeunesse-au-coeur-de-ses-priorites\\\/#primaryimage\"},\"thumbnailUrl\":\"https:\\\/\\\/www.info-algerie.com\\\/actualites\\\/wp-content\\\/uploads\\\/2017\\\/08\\\/c53006189f68d1cf2980ca4a83054824_S-1.jpg\",\"keywords\":[\"ONU\"],\"articleSection\":[\"infos\"],\"inLanguage\":\"fr-FR\",\"potentialAction\":[{\"@type\":\"CommentAction\",\"name\":\"Comment\",\"target\":[\"https:\\\/\\\/www.info-algerie.com\\\/actualites\\\/lalgerie-a-place-la-promotion-de-la-jeunesse-au-coeur-de-ses-priorites\\\/#respond\"]}]},{\"@type\":\"WebPage\",\"@id\":\"https:\\\/\\\/www.info-algerie.com\\\/actualites\\\/lalgerie-a-place-la-promotion-de-la-jeunesse-au-coeur-de-ses-priorites\\\/\",\"url\":\"https:\\\/\\\/www.info-algerie.com\\\/actualites\\\/lalgerie-a-place-la-promotion-de-la-jeunesse-au-coeur-de-ses-priorites\\\/\",\"name\":\"L&#039;Alg\u00e9rie a plac\u00e9 la promotion de la jeunesse &quot;au c\u0153ur de ses priorit\u00e9s&quot; - info algerie\",\"isPartOf\":{\"@id\":\"https:\\\/\\\/www.info-algerie.com\\\/actualites\\\/#website\"},\"primaryImageOfPage\":{\"@id\":\"https:\\\/\\\/www.info-algerie.com\\\/actualites\\\/lalgerie-a-place-la-promotion-de-la-jeunesse-au-coeur-de-ses-priorites\\\/#primaryimage\"},\"image\":{\"@id\":\"https:\\\/\\\/www.info-algerie.com\\\/actualites\\\/lalgerie-a-place-la-promotion-de-la-jeunesse-au-coeur-de-ses-priorites\\\/#primaryimage\"},\"thumbnailUrl\":\"https:\\\/\\\/www.info-algerie.com\\\/actualites\\\/wp-content\\\/uploads\\\/2017\\\/08\\\/c53006189f68d1cf2980ca4a83054824_S-1.jpg\",\"datePublished\":\"2017-08-12T12:46:01+00:00\",\"breadcrumb\":{\"@id\":\"https:\\\/\\\/www.info-algerie.com\\\/actualites\\\/lalgerie-a-place-la-promotion-de-la-jeunesse-au-coeur-de-ses-priorites\\\/#breadcrumb\"},\"inLanguage\":\"fr-FR\",\"potentialAction\":[{\"@type\":\"ReadAction\",\"target\":[\"https:\\\/\\\/www.info-algerie.com\\\/actualites\\\/lalgerie-a-place-la-promotion-de-la-jeunesse-au-coeur-de-ses-priorites\\\/\"]}]},{\"@type\":\"ImageObject\",\"inLanguage\":\"fr-FR\",\"@id\":\"https:\\\/\\\/www.info-algerie.com\\\/actualites\\\/lalgerie-a-place-la-promotion-de-la-jeunesse-au-coeur-de-ses-priorites\\\/#primaryimage\",\"url\":\"https:\\\/\\\/www.info-algerie.com\\\/actualites\\\/wp-content\\\/uploads\\\/2017\\\/08\\\/c53006189f68d1cf2980ca4a83054824_S-1.jpg\",\"contentUrl\":\"https:\\\/\\\/www.info-algerie.com\\\/actualites\\\/wp-content\\\/uploads\\\/2017\\\/08\\\/c53006189f68d1cf2980ca4a83054824_S-1.jpg\",\"width\":280,\"height\":169},{\"@type\":\"BreadcrumbList\",\"@id\":\"https:\\\/\\\/www.info-algerie.com\\\/actualites\\\/lalgerie-a-place-la-promotion-de-la-jeunesse-au-coeur-de-ses-priorites\\\/#breadcrumb\",\"itemListElement\":[{\"@type\":\"ListItem\",\"position\":1,\"name\":\"Accueil\",\"item\":\"https:\\\/\\\/www.info-algerie.com\\\/actualites\\\/\"},{\"@type\":\"ListItem\",\"position\":2,\"name\":\"L&#039;Alg\u00e9rie a plac\u00e9 la promotion de la jeunesse &quot;au c\u0153ur de ses priorit\u00e9s&quot;\"}]},{\"@type\":\"WebSite\",\"@id\":\"https:\\\/\\\/www.info-algerie.com\\\/actualites\\\/#website\",\"url\":\"https:\\\/\\\/www.info-algerie.com\\\/actualites\\\/\",\"name\":\"info algerie\",\"description\":\"Toutes les actualit\u00e9s\",\"publisher\":{\"@id\":\"https:\\\/\\\/www.info-algerie.com\\\/actualites\\\/#organization\"},\"potentialAction\":[{\"@type\":\"SearchAction\",\"target\":{\"@type\":\"EntryPoint\",\"urlTemplate\":\"https:\\\/\\\/www.info-algerie.com\\\/actualites\\\/?s={search_term_string}\"},\"query-input\":{\"@type\":\"PropertyValueSpecification\",\"valueRequired\":true,\"valueName\":\"search_term_string\"}}],\"inLanguage\":\"fr-FR\"},{\"@type\":\"Organization\",\"@id\":\"https:\\\/\\\/www.info-algerie.com\\\/actualites\\\/#organization\",\"name\":\"info algerie\",\"url\":\"https:\\\/\\\/www.info-algerie.com\\\/actualites\\\/\",\"logo\":{\"@type\":\"ImageObject\",\"inLanguage\":\"fr-FR\",\"@id\":\"https:\\\/\\\/www.info-algerie.com\\\/actualites\\\/#\\\/schema\\\/logo\\\/image\\\/\",\"url\":\"https:\\\/\\\/www.info-algerie.com\\\/actualites\\\/wp-content\\\/uploads\\\/2022\\\/07\\\/logo-ia-120.png\",\"contentUrl\":\"https:\\\/\\\/www.info-algerie.com\\\/actualites\\\/wp-content\\\/uploads\\\/2022\\\/07\\\/logo-ia-120.png\",\"width\":120,\"height\":43,\"caption\":\"info algerie\"},\"image\":{\"@id\":\"https:\\\/\\\/www.info-algerie.com\\\/actualites\\\/#\\\/schema\\\/logo\\\/image\\\/\"},\"sameAs\":[\"https:\\\/\\\/www.facebook.com\\\/infoalgerieactu\",\"https:\\\/\\\/x.com\\\/infoalgerie1\"]},{\"@type\":\"Person\",\"@id\":\"https:\\\/\\\/www.info-algerie.com\\\/actualites\\\/#\\\/schema\\\/person\\\/847aaec44920825b843a08f30ec6aa1e\",\"name\":\"La r\u00e9daction\",\"image\":{\"@type\":\"ImageObject\",\"inLanguage\":\"fr-FR\",\"@id\":\"https:\\\/\\\/secure.gravatar.com\\\/avatar\\\/769db425c6f465158149f1ffd6cf61ce7a8a879d11dfbef8288af36dfddd418c?s=96&d=mm&r=g\",\"url\":\"https:\\\/\\\/secure.gravatar.com\\\/avatar\\\/769db425c6f465158149f1ffd6cf61ce7a8a879d11dfbef8288af36dfddd418c?s=96&d=mm&r=g\",\"contentUrl\":\"https:\\\/\\\/secure.gravatar.com\\\/avatar\\\/769db425c6f465158149f1ffd6cf61ce7a8a879d11dfbef8288af36dfddd418c?s=96&d=mm&r=g\",\"caption\":\"La r\u00e9daction\"},\"sameAs\":[\"http:\\\/\\\/www.lkeria.com\\\/\"],\"url\":\"https:\\\/\\\/www.info-algerie.com\\\/actualites\\\/author\\\/chakib32\\\/\"}]}<\/script>\n<!-- \/ Yoast SEO plugin. -->","yoast_head_json":{"title":"L&#039;Alg\u00e9rie a plac\u00e9 la promotion de la jeunesse &quot;au c\u0153ur de ses priorit\u00e9s&quot; - info algerie","robots":{"index":"index","follow":"follow","max-snippet":"max-snippet:-1","max-image-preview":"max-image-preview:large","max-video-preview":"max-video-preview:-1"},"canonical":"https:\/\/www.info-algerie.com\/actualites\/lalgerie-a-place-la-promotion-de-la-jeunesse-au-coeur-de-ses-priorites\/","og_locale":"fr_FR","og_type":"article","og_title":"L&#039;Alg\u00e9rie a plac\u00e9 la promotion de la jeunesse &quot;au c\u0153ur de ses priorit\u00e9s&quot; - info algerie","og_description":"ALGER &#8211; L&rsquo;Alg\u00e9rie a plac\u00e9 la promotion de la jeunesse \u00ab\u00a0au c\u0153ur de ses priorit\u00e9s\u00a0\u00bb aux fins de promouvoir le r\u00f4le de cette composante essentielle de la soci\u00e9t\u00e9 dans le processus de d\u00e9veloppement socio-\u00e9conomique national, a indiqu\u00e9 le vice-pr\u00e9sident de l&rsquo;Assembl\u00e9e populaire nationale (APN), Djamel Bouras lors des travaux de la 9\u00e8me conf\u00e9rence annuelle des","og_url":"https:\/\/www.info-algerie.com\/actualites\/lalgerie-a-place-la-promotion-de-la-jeunesse-au-coeur-de-ses-priorites\/","og_site_name":"info algerie","article_publisher":"https:\/\/www.facebook.com\/infoalgerieactu","article_published_time":"2017-08-12T12:46:01+00:00","og_image":[{"width":280,"height":169,"url":"https:\/\/www.info-algerie.com\/actualites\/wp-content\/uploads\/2017\/08\/c53006189f68d1cf2980ca4a83054824_S-1.jpg","type":"image\/jpeg"}],"author":"La r\u00e9daction","twitter_misc":{"\u00c9crit par":"La r\u00e9daction","Dur\u00e9e de lecture estim\u00e9e":"2 minutes"},"schema":{"@context":"https:\/\/schema.org","@graph":[{"@type":"Article","@id":"https:\/\/www.info-algerie.com\/actualites\/lalgerie-a-place-la-promotion-de-la-jeunesse-au-coeur-de-ses-priorites\/#article","isPartOf":{"@id":"https:\/\/www.info-algerie.com\/actualites\/lalgerie-a-place-la-promotion-de-la-jeunesse-au-coeur-de-ses-priorites\/"},"author":{"name":"La r\u00e9daction","@id":"https:\/\/www.info-algerie.com\/actualites\/#\/schema\/person\/847aaec44920825b843a08f30ec6aa1e"},"headline":"L&#039;Alg\u00e9rie a plac\u00e9 la promotion de la jeunesse &quot;au c\u0153ur de ses priorit\u00e9s&quot;","datePublished":"2017-08-12T12:46:01+00:00","mainEntityOfPage":{"@id":"https:\/\/www.info-algerie.com\/actualites\/lalgerie-a-place-la-promotion-de-la-jeunesse-au-coeur-de-ses-priorites\/"},"wordCount":402,"commentCount":0,"publisher":{"@id":"https:\/\/www.info-algerie.com\/actualites\/#organization"},"image":{"@id":"https:\/\/www.info-algerie.com\/actualites\/lalgerie-a-place-la-promotion-de-la-jeunesse-au-coeur-de-ses-priorites\/#primaryimage"},"thumbnailUrl":"https:\/\/www.info-algerie.com\/actualites\/wp-content\/uploads\/2017\/08\/c53006189f68d1cf2980ca4a83054824_S-1.jpg","keywords":["ONU"],"articleSection":["infos"],"inLanguage":"fr-FR","potentialAction":[{"@type":"CommentAction","name":"Comment","target":["https:\/\/www.info-algerie.com\/actualites\/lalgerie-a-place-la-promotion-de-la-jeunesse-au-coeur-de-ses-priorites\/#respond"]}]},{"@type":"WebPage","@id":"https:\/\/www.info-algerie.com\/actualites\/lalgerie-a-place-la-promotion-de-la-jeunesse-au-coeur-de-ses-priorites\/","url":"https:\/\/www.info-algerie.com\/actualites\/lalgerie-a-place-la-promotion-de-la-jeunesse-au-coeur-de-ses-priorites\/","name":"L&#039;Alg\u00e9rie a plac\u00e9 la promotion de la jeunesse &quot;au c\u0153ur de ses priorit\u00e9s&quot; - info algerie","isPartOf":{"@id":"https:\/\/www.info-algerie.com\/actualites\/#website"},"primaryImageOfPage":{"@id":"https:\/\/www.info-algerie.com\/actualites\/lalgerie-a-place-la-promotion-de-la-jeunesse-au-coeur-de-ses-priorites\/#primaryimage"},"image":{"@id":"https:\/\/www.info-algerie.com\/actualites\/lalgerie-a-place-la-promotion-de-la-jeunesse-au-coeur-de-ses-priorites\/#primaryimage"},"thumbnailUrl":"https:\/\/www.info-algerie.com\/actualites\/wp-content\/uploads\/2017\/08\/c53006189f68d1cf2980ca4a83054824_S-1.jpg","datePublished":"2017-08-12T12:46:01+00:00","breadcrumb":{"@id":"https:\/\/www.info-algerie.com\/actualites\/lalgerie-a-place-la-promotion-de-la-jeunesse-au-coeur-de-ses-priorites\/#breadcrumb"},"inLanguage":"fr-FR","potentialAction":[{"@type":"ReadAction","target":["https:\/\/www.info-algerie.com\/actualites\/lalgerie-a-place-la-promotion-de-la-jeunesse-au-coeur-de-ses-priorites\/"]}]},{"@type":"ImageObject","inLanguage":"fr-FR","@id":"https:\/\/www.info-algerie.com\/actualites\/lalgerie-a-place-la-promotion-de-la-jeunesse-au-coeur-de-ses-priorites\/#primaryimage","url":"https:\/\/www.info-algerie.com\/actualites\/wp-content\/uploads\/2017\/08\/c53006189f68d1cf2980ca4a83054824_S-1.jpg","contentUrl":"https:\/\/www.info-algerie.com\/actualites\/wp-content\/uploads\/2017\/08\/c53006189f68d1cf2980ca4a83054824_S-1.jpg","width":280,"height":169},{"@type":"BreadcrumbList","@id":"https:\/\/www.info-algerie.com\/actualites\/lalgerie-a-place-la-promotion-de-la-jeunesse-au-coeur-de-ses-priorites\/#breadcrumb","itemListElement":[{"@type":"ListItem","position":1,"name":"Accueil","item":"https:\/\/www.info-algerie.com\/actualites\/"},{"@type":"ListItem","position":2,"name":"L&#039;Alg\u00e9rie a plac\u00e9 la promotion de la jeunesse &quot;au c\u0153ur de ses priorit\u00e9s&quot;"}]},{"@type":"WebSite","@id":"https:\/\/www.info-algerie.com\/actualites\/#website","url":"https:\/\/www.info-algerie.com\/actualites\/","name":"info algerie","description":"Toutes les actualit\u00e9s","publisher":{"@id":"https:\/\/www.info-algerie.com\/actualites\/#organization"},"potentialAction":[{"@type":"SearchAction","target":{"@type":"EntryPoint","urlTemplate":"https:\/\/www.info-algerie.com\/actualites\/?s={search_term_string}"},"query-input":{"@type":"PropertyValueSpecification","valueRequired":true,"valueName":"search_term_string"}}],"inLanguage":"fr-FR"},{"@type":"Organization","@id":"https:\/\/www.info-algerie.com\/actualites\/#organization","name":"info algerie","url":"https:\/\/www.info-algerie.com\/actualites\/","logo":{"@type":"ImageObject","inLanguage":"fr-FR","@id":"https:\/\/www.info-algerie.com\/actualites\/#\/schema\/logo\/image\/","url":"https:\/\/www.info-algerie.com\/actualites\/wp-content\/uploads\/2022\/07\/logo-ia-120.png","contentUrl":"https:\/\/www.info-algerie.com\/actualites\/wp-content\/uploads\/2022\/07\/logo-ia-120.png","width":120,"height":43,"caption":"info algerie"},"image":{"@id":"https:\/\/www.info-algerie.com\/actualites\/#\/schema\/logo\/image\/"},"sameAs":["https:\/\/www.facebook.com\/infoalgerieactu","https:\/\/x.com\/infoalgerie1"]},{"@type":"Person","@id":"https:\/\/www.info-algerie.com\/actualites\/#\/schema\/person\/847aaec44920825b843a08f30ec6aa1e","name":"La r\u00e9daction","image":{"@type":"ImageObject","inLanguage":"fr-FR","@id":"https:\/\/secure.gravatar.com\/avatar\/769db425c6f465158149f1ffd6cf61ce7a8a879d11dfbef8288af36dfddd418c?s=96&d=mm&r=g","url":"https:\/\/secure.gravatar.com\/avatar\/769db425c6f465158149f1ffd6cf61ce7a8a879d11dfbef8288af36dfddd418c?s=96&d=mm&r=g","contentUrl":"https:\/\/secure.gravatar.com\/avatar\/769db425c6f465158149f1ffd6cf61ce7a8a879d11dfbef8288af36dfddd418c?s=96&d=mm&r=g","caption":"La r\u00e9daction"},"sameAs":["http:\/\/www.lkeria.com\/"],"url":"https:\/\/www.info-algerie.com\/actualites\/author\/chakib32\/"}]}},"_links":{"self":[{"href":"https:\/\/www.info-algerie.com\/actualites\/wp-json\/wp\/v2\/posts\/14963","targetHints":{"allow":["GET"]}}],"collection":[{"href":"https:\/\/www.info-algerie.com\/actualites\/wp-json\/wp\/v2\/posts"}],"about":[{"href":"https:\/\/www.info-algerie.com\/actualites\/wp-json\/wp\/v2\/types\/post"}],"author":[{"embeddable":true,"href":"https:\/\/www.info-algerie.com\/actualites\/wp-json\/wp\/v2\/users\/6"}],"replies":[{"embeddable":true,"href":"https:\/\/www.info-algerie.com\/actualites\/wp-json\/wp\/v2\/comments?post=14963"}],"version-history":[{"count":0,"href":"https:\/\/www.info-algerie.com\/actualites\/wp-json\/wp\/v2\/posts\/14963\/revisions"}],"wp:featuredmedia":[{"embeddable":true,"href":"https:\/\/www.info-algerie.com\/actualites\/wp-json\/wp\/v2\/media\/14964"}],"wp:attachment":[{"href":"https:\/\/www.info-algerie.com\/actualites\/wp-json\/wp\/v2\/media?parent=14963"}],"wp:term":[{"taxonomy":"category","embeddable":true,"href":"https:\/\/www.info-algerie.com\/actualites\/wp-json\/wp\/v2\/categories?post=14963"},{"taxonomy":"post_tag","embeddable":true,"href":"https:\/\/www.info-algerie.com\/actualites\/wp-json\/wp\/v2\/tags?post=14963"}],"curies":[{"name":"wp","href":"https:\/\/api.w.org\/{rel}","templated":true}]}}