{"id":14983,"date":"2017-08-13T12:36:04","date_gmt":"2017-08-13T11:36:04","guid":{"rendered":"http:\/\/www.info-algerie.com\/actualites\/les-plages-polluees-un-phenomene-recurrent-en-depit-des-mesures-prises\/"},"modified":"2017-08-13T12:36:04","modified_gmt":"2017-08-13T11:36:04","slug":"les-plages-polluees-un-phenomene-recurrent-en-depit-des-mesures-prises","status":"publish","type":"post","link":"https:\/\/www.info-algerie.com\/actualites\/les-plages-polluees-un-phenomene-recurrent-en-depit-des-mesures-prises\/","title":{"rendered":"Les plages pollu\u00e9es, un ph\u00e9nom\u00e8ne r\u00e9current en d\u00e9pit des mesures prises"},"content":{"rendered":"<div class=\"K2FeedImage\"><img decoding=\"async\" src=\"https:\/\/www.info-algerie.com\/actualites\/wp-content\/uploads\/2017\/08\/13c893f934222609bd5ef2cef8d52667_S.jpg\" alt=\"Les plages pollu&#xE9;es, un ph&#xE9;nom&#xE8;ne r&#xE9;current en d&#xE9;pit des mesures prises\" \/><\/div>\n<div class=\"K2FeedIntroText\">\n<p>ALGER-\u00a0 La pollution des plages est devenue un ph\u00e9nom\u00e8ne r\u00e9current. En d\u00e9pit des mesures prises par les pouvoirs publics visant la protection de l&rsquo;environnement y compris les plages, le ph\u00e9nom\u00e8ne de pollution persiste et certaines plages deviennent un v\u00e9ritable d\u00e9potoir pour les d\u00e9chets, ordures et eaux us\u00e9es qui d\u00e9figurent l&rsquo;image des plages autoris\u00e9es \u00e0 la baignade, accueillant chaque ann\u00e9e un grand nombre d&rsquo;estivants.<\/p>\n<p>&#013;\n<\/p><\/div>\n<div class=\"K2FeedFullText\">&#013;<\/p>\n<p>Le directeur du Tourisme et de l&rsquo;Artisanat de la wilaya d&rsquo;Alger, Noureddine Mansour, consid\u00e8re \u00ab\u00a0qu&rsquo;il est temps de passer \u00e0 la r\u00e9pression \u00e0 l&rsquo;encontre des pollueurs des plages, notamment les industriels en leur imposant des amendes\u00a0\u00bb.\u00a0<\/p>\n<p>&#013;<\/p>\n<p>\u00ab\u00a0Il faut durcir les sanctions. C&rsquo;est la meilleure solution pour garantir l&rsquo;application de la loi et pr\u00e9server les plages\u00a0\u00bb a-t-il estim\u00e9.<\/p>\n<p>&#013;<\/p>\n<p>Evoquant la gestion des plages au niveau de la wilaya d&rsquo;Alger, M. Mansour a fait savoir qu&rsquo;il existe un total de 87 plages dont 65 sont autoris\u00e9es \u00e0 la baignade. \u00ab\u00a0Pour dire qu&rsquo;une telle plage est autoris\u00e9e \u00e0 la baignade, elle doit\u00a0 r\u00e9pondre d&rsquo;abord aux normes et conditions requises \u00e0 savoir l&rsquo;acc\u00e8s \u00e0 la plage, le parking, les sanitaires, restauration et d&rsquo;autres \u00e9quipements dont les tables, chaises et parasols\u00a0\u00bb, a-t-il\u00a0 indiqu\u00e9. Et d&rsquo;ajouter : \u00ab\u00a0L&rsquo;eau de la plage doit \u00eatre obligatoirement contr\u00f4l\u00e9e par des agents sp\u00e9cialis\u00e9s qui proc\u00e8dent \u00e0 des pr\u00e9l\u00e8vements\u00a0\u00bb.<\/p>\n<p>&#013;<\/p>\n<p>M. Mansour a indiqu\u00e9 par ailleurs qu&rsquo;il y&rsquo;a deux entreprises relevant de la wilaya d&rsquo;Alger s&rsquo;occupant depuis deux ans de la gestion et le suivi des plages en l&rsquo;occurrence\u00a0 l&rsquo;Office des parcs et des loisirs de la wilaya d&rsquo;Alger (OPLA), qui a mobilis\u00e9 800 agents dont 450 permanents et 350 saisonniers et la R\u00e9gie fonci\u00e8re de la ville d&rsquo;Alger (RFVA).<\/p>\n<p>&#013;<\/p>\n<p>\u00ab\u00a0Des efforts sont en train d&rsquo;\u00eatre accomplies pour la bonne gestion de nos plages. Ce qui reste \u00e0 faire c&rsquo;est de changer les comportements et sensibiliser davantage les citoyens sur la n\u00e9cessit\u00e9 de prot\u00e9ger nos plages\u00a0\u00bb a-t-il\u00a0 pr\u00e9conis\u00e9.<\/p>\n<p>&#013;<\/p>\n<p>Il a expliqu\u00e9 en outre, que des avanc\u00e9es ont \u00e9t\u00e9 r\u00e9alis\u00e9es durant les trois derni\u00e8res ann\u00e9es pour la gestion des plages particuli\u00e8rement en mati\u00e8re de lutte contre leur exploitation anarchique et l&rsquo;am\u00e9lioration des prestations de services. \u00ab\u00a0L&rsquo;objectif est d&rsquo;assurer davantage la s\u00e9curit\u00e9 et le confort au niveau des plages. Nous \u0153uvrons \u00e0 l&rsquo;am\u00e9lioration des conditions d&rsquo;accueil et de s\u00e9jour des estivants \u00ab\u00a0a-t-il not\u00e9.\u00a0<\/p>\n<p>&#013;<\/p>\n<p>S&rsquo;agissant de la concession des plages, le minist\u00e8re de l&rsquo;Int\u00e9rieur et des Collectivit\u00e9s locales l&rsquo;interdit strictement. Une instruction stipule clairement que l&rsquo;acc\u00e8s aux plages autoris\u00e9es \u00e0 la baignade est \u00ab\u00a0libre et gratuit\u00a0\u00bb. \u00ab\u00a0Ce principe ne doit en aucun cas \u00eatre remis en cause, sous quelle que forme que ce soit\u00a0\u00bb.<\/p>\n<p>&#013;<\/p>\n<p>Le minist\u00e8re rassure qu&rsquo;aucune mention plage priv\u00e9e ne sera tol\u00e9r\u00e9e, relevant que les panneaux affichant cette restriction seront retir\u00e9s, \u00ab\u00a0nonobstant les poursuites l\u00e9gales pr\u00e9vues par la l\u00e9gislation en vigueur\u00a0\u00bb.<\/p>\n<p>&#013;<\/p>\n<p>De plus, les plages autoris\u00e9es \u00e0 la baignade doivent obligatoirement disposer d&rsquo;une ou de plusieurs aires de stationnement, am\u00e9nag\u00e9es conform\u00e9ment aux normes requises, stipule la circulaire, ajoutant que le parking sera gard\u00e9 et surveill\u00e9 par des jeunes, recrut\u00e9s soit par la commune, ou par la direction de l&rsquo;action sociale, qui doit privil\u00e9gier les handicap\u00e9s de la localit\u00e9 concern\u00e9e.<\/p>\n<p>&#013;<\/p>\n<p>Concernant l&rsquo;entretien des plages, celui-ci doit \u00eatre au quotidien, consistant \u00e0 enlever tout type de d\u00e9chets et autres mati\u00e8res nuisibles au bon usage de la plage, pouvant constituer un danger pour les baigneurs.<\/p>\n<p>&#013;<\/p>\n<p>Pour sa part, le directeur d&rsquo;exploitation et d&rsquo;assainissement de la station d&rsquo;\u00e9puration de Baraki, Redha Boudab a indiqu\u00e9 que la protection des plages contre la pollution est l&rsquo;affaire de tous. \u00ab\u00a0La protection des plages et de l&rsquo;environnement ne se limite pas \u00e0 des secteurs pr\u00e9cis. Nous sommes tous concern\u00e9s par cette probl\u00e9matique.\u00a0\u00bb a-t-il dit.<\/p>\n<p>&#013;<\/p>\n<p>Selon lui, les rejets industriels sont la\u00a0 principale cause de la pollution des plages, d&rsquo;o\u00f9 la n\u00e9cessit\u00e9 de prendre des mesures dissuasives contres les entreprises qui rejettent leurs d\u00e9chets dans les oueds et plages, s&rsquo;av\u00e8re plus que n\u00e9cessaire.<\/p>\n<p>&#013;<\/p>\n<p>M. Boudab a indiqu\u00e9 par ailleurs qu&rsquo;au niveau de la station d&rsquo;\u00e9puration de Beraki un travail d&rsquo;\u00e9quipe se fait quotidiennement afin d&rsquo;assurer un bon traitement des eaux us\u00e9es et pour \u00e9viter ainsi qu&rsquo;elles soient d\u00e9vers\u00e9es dans les oueds et plages. \u00ab\u00a0On veille \u00e0 ce que le traitement des eaux us\u00e9es\u00a0 soit assur\u00e9 de mani\u00e8re r\u00e9guli\u00e8re. Nous consentons beaucoup efforts pour le suivi et le traitement des eaux, mais parfois les choses nous \u00e9chappent car on ne peut pas tout contr\u00f4ler\u00a0\u00bb a t-il dit, pr\u00e9conisant d&rsquo;autre part, d&rsquo;appliquer \u00ab\u00a0la loi sur les pollueurs payeurs\u00a0\u00bb.\u00a0<\/p>\n<p>&#013;<\/p>\n<p>\u00a0<\/p>\n<p>&#013;<\/p>\n<p><strong>Une part de responsabilit\u00e9 incombe aux citoyens<\/strong><\/p>\n<p>&#013;<\/p>\n<p>\u00a0<\/p>\n<p>&#013;<\/p>\n<p>Une grande responsabilit\u00e9 incombe aux citoyens qui sont parfois n\u00e9gligents envers la protection des plages. Certains estivants rencontr\u00e9s au niveau de la plage Djemila de Ba\u00eenem ont exprim\u00e9 leur grand m\u00e9contentement de constater la d\u00e9gradation du volet propret\u00e9 au niveau de certaines plages de la capitale.<\/p>\n<p>&#013;<\/p>\n<p>\u00a0\u00bb Le d\u00e9veloppement social est tributaire d\u2019une prise de conscience g\u00e9n\u00e9rale, mais aussi du comportement et de la bonne conduite de tout un chacun. Je suis d\u00e9\u00e7u de constater la d\u00e9gradation de nos belles plages. Il faut changer les comportements et durcir les sanctions contre les pollueurs. Il est temps d&rsquo;imposer la loi\u00a0\u00bb, a estim\u00e9\u00a0 Lydia une m\u00e8re de famille.<\/p>\n<p>&#013;<\/p>\n<p>\u00ab\u00a0Samedi dernier j&rsquo;ai emmen\u00e9 ma femme et mes enfants \u00e0 la plage. Un p\u00e8re de famille accompagn\u00e9 de ses enfants \u00e9taient assis pr\u00e9s de nous. Croyez moi qu&rsquo;il a jet\u00e9 les r\u00e9sidus du past\u00e8que dans la mer et quand je lui ai\u00a0 fait la remarque il m&rsquo;a r\u00e9pondu qu&rsquo;il est libre de faire ce qu&rsquo;il veut. Il a m\u00eame cri\u00e9 sur moi \u00a0\u00bb nous confie Ahmed.<\/p>\n<p>&#013;<\/p>\n<p>Un autre estivant a exprim\u00e9 \u00e0 l&rsquo;APS sa grande d\u00e9ception vis a vis de la d\u00e9gradation de la propret\u00e9\u00a0 des plages et notamment le comportement de certains qui contribue amplement \u00e0 la pollution de ces derni\u00e8res. \u00ab\u00a0Les campagnes de sensibilisation sur la protection des plages n&rsquo;ont pas apport\u00e9 leur fruits. Il est donc primordial de passer \u00e0 la r\u00e9pression pour sauver nos belles plages\u00a0\u00bb a t-il pr\u00e9conis\u00e9.<\/p>\n<p>&#013;<\/p>\n<p><strong>\u00a0 <\/strong><\/p>\n<p>&#013;<\/p>\n<p><strong>Le risque des plages pollu\u00e9es sur la sant\u00e9 publique <\/strong><\/p>\n<p>&#013;<\/p>\n<p>\u00a0<\/p>\n<p>&#013;<\/p>\n<p>Pr, Ammar Khoudja , dermatologue et chef de service dermatologie au CHU Mustapha Pacha affirme que les eaux de mer pollu\u00e9es peuvent \u00eatre \u00e0 l&rsquo;origine d&rsquo;irruptions allergiques qui se manifestent sous forme de rougeurs sur le corps. Elles peuvent provoquer \u00e9galement\u00a0 des maladies infectieuses et cutan\u00e9es qui n\u00e9cessitent une prise en charge m\u00e9dicale urgente. Selon M. Khouja l&rsquo;eau de la mer pollu\u00e9e est \u00e9galement vecteur de maladies virales.<\/p>\n<p>&#013;<\/p>\n<p>M. Khouja pointe du doigt le manque des stations d&rsquo;\u00e9purations pour le traitement\u00a0 des eaux us\u00e9es. Il\u00a0 recommande aussi aux baigneurs de prendre certaines pr\u00e9cautions d&rsquo;hygi\u00e8ne notamment en ce qui concerne la nourriture qui repr\u00e9sente parfois une menace pour la sant\u00e9 en cas de non respect des r\u00e8gles de conditionnement et d&rsquo;\u00e9viter surtout de fr\u00e9quenter les plages qui ne sont pas autoris\u00e9es \u00e0 la baignade.<\/p>\n<p>&#013;<\/p>\n<p>A rappeler que la direction g\u00e9n\u00e9rale de la S\u00fbret\u00e9 nationale (DGSN) a install\u00e9 dix postes de police \u00e0 travers diff\u00e9rentes plages de la capitale pour veiller \u00e0 la s\u00e9curit\u00e9 des estivants.<\/p>\n<p>&#013;<\/p>\n<p>Quelque 5.000 gendarmes ont \u00e9t\u00e9 mobilis\u00e9s pour s\u00e9curiser 33 plages de la wilaya d&rsquo;Alger dans le cadre du plan sp\u00e9cial trac\u00e9 par le groupement territorial de la Gendarmerie nationale \u00e0 l&rsquo;occasion de la saison estivale 2017.<\/p>\n<p>&#013;<\/p>\n<p>Ainsi des brigades fixes et mobiles de la gendarmerie nationale confort\u00e9es par des brigades cynotechniques ont \u00e9t\u00e9 mises en place au niveau de ces lieux et des espaces qui connaissent une grande affluence des citoyens.\u00a0<\/p>\n<p>&#013;<\/p>\n<p>Elles veillent \u00e9galement \u00e0 l&rsquo;application rigoureuse de la r\u00e8glementation concernant l&rsquo;utilisation des bateaux voiliers ou \u00e0 moteur, interdits d\u00e9sormais de s&rsquo;approcher des lieux de baignade.<\/p>\n<p>&#013;<\/p>\n<p>\u00a0<\/p>\n<\/div>\n<p>&#013;<br \/>\nSource: <a href=\"http:\/\/www.aps.dz\/algerie\/61673-les-plages-polluees-un-phenomene-recurrent-en-depit-des-mesures-prises-pour-la-protection-de-l-environnement\" target=\"_blank\">Les plages pollu\u00e9es, un ph\u00e9nom\u00e8ne r\u00e9current en d\u00e9pit des mesures prises<\/a><\/p>\n<!--CusAds0-->\n<div style=\"font-size: 0px; height: 0px; line-height: 0px; margin: 0; padding: 0; clear: both;\"><\/div>","protected":false},"excerpt":{"rendered":"<p>ALGER-\u00a0 La pollution des plages est devenue un ph\u00e9nom\u00e8ne r\u00e9current. En d\u00e9pit des mesures prises par les pouvoirs publics visant la protection de l&rsquo;environnement y compris les plages, le ph\u00e9nom\u00e8ne de pollution persiste et certaines plages deviennent un v\u00e9ritable d\u00e9potoir pour les d\u00e9chets, ordures et eaux us\u00e9es qui d\u00e9figurent l&rsquo;image des plages autoris\u00e9es \u00e0 la<\/p>\n","protected":false},"author":6,"featured_media":14984,"comment_status":"open","ping_status":"open","sticky":false,"template":"","format":"standard","meta":{"footnotes":""},"categories":[22],"tags":[93],"class_list":["post-14983","post","type-post","status-publish","format-standard","has-post-thumbnail","hentry","category-infos","tag-onu"],"yoast_head":"<!-- This site is optimized with the Yoast SEO plugin v27.5 - https:\/\/yoast.com\/product\/yoast-seo-wordpress\/ -->\n<title>Les plages pollu\u00e9es, un ph\u00e9nom\u00e8ne r\u00e9current en d\u00e9pit des mesures prises - info algerie<\/title>\n<meta name=\"robots\" content=\"index, follow, max-snippet:-1, max-image-preview:large, max-video-preview:-1\" \/>\n<link rel=\"canonical\" href=\"https:\/\/www.info-algerie.com\/actualites\/les-plages-polluees-un-phenomene-recurrent-en-depit-des-mesures-prises\/\" \/>\n<meta property=\"og:locale\" content=\"fr_FR\" \/>\n<meta property=\"og:type\" content=\"article\" \/>\n<meta property=\"og:title\" content=\"Les plages pollu\u00e9es, un ph\u00e9nom\u00e8ne r\u00e9current en d\u00e9pit des mesures prises - info algerie\" \/>\n<meta property=\"og:description\" content=\"ALGER-\u00a0 La pollution des plages est devenue un ph\u00e9nom\u00e8ne r\u00e9current. En d\u00e9pit des mesures prises par les pouvoirs publics visant la protection de l&rsquo;environnement y compris les plages, le ph\u00e9nom\u00e8ne de pollution persiste et certaines plages deviennent un v\u00e9ritable d\u00e9potoir pour les d\u00e9chets, ordures et eaux us\u00e9es qui d\u00e9figurent l&rsquo;image des plages autoris\u00e9es \u00e0 la\" \/>\n<meta property=\"og:url\" content=\"https:\/\/www.info-algerie.com\/actualites\/les-plages-polluees-un-phenomene-recurrent-en-depit-des-mesures-prises\/\" \/>\n<meta property=\"og:site_name\" content=\"info algerie\" \/>\n<meta property=\"article:publisher\" content=\"https:\/\/www.facebook.com\/infoalgerieactu\" \/>\n<meta property=\"article:published_time\" content=\"2017-08-13T11:36:04+00:00\" \/>\n<meta property=\"og:image\" content=\"https:\/\/www.info-algerie.com\/actualites\/wp-content\/uploads\/2017\/08\/13c893f934222609bd5ef2cef8d52667_S-1.jpg\" \/>\n\t<meta property=\"og:image:width\" content=\"280\" \/>\n\t<meta property=\"og:image:height\" content=\"169\" \/>\n\t<meta property=\"og:image:type\" content=\"image\/jpeg\" \/>\n<meta name=\"author\" content=\"La r\u00e9daction\" \/>\n<meta name=\"twitter:label1\" content=\"\u00c9crit par\" \/>\n\t<meta name=\"twitter:data1\" content=\"La r\u00e9daction\" \/>\n\t<meta name=\"twitter:label2\" content=\"Dur\u00e9e de lecture estim\u00e9e\" \/>\n\t<meta name=\"twitter:data2\" content=\"7 minutes\" \/>\n<script type=\"application\/ld+json\" class=\"yoast-schema-graph\">{\"@context\":\"https:\\\/\\\/schema.org\",\"@graph\":[{\"@type\":\"Article\",\"@id\":\"https:\\\/\\\/www.info-algerie.com\\\/actualites\\\/les-plages-polluees-un-phenomene-recurrent-en-depit-des-mesures-prises\\\/#article\",\"isPartOf\":{\"@id\":\"https:\\\/\\\/www.info-algerie.com\\\/actualites\\\/les-plages-polluees-un-phenomene-recurrent-en-depit-des-mesures-prises\\\/\"},\"author\":{\"name\":\"La r\u00e9daction\",\"@id\":\"https:\\\/\\\/www.info-algerie.com\\\/actualites\\\/#\\\/schema\\\/person\\\/847aaec44920825b843a08f30ec6aa1e\"},\"headline\":\"Les plages pollu\u00e9es, un ph\u00e9nom\u00e8ne r\u00e9current en d\u00e9pit des mesures prises\",\"datePublished\":\"2017-08-13T11:36:04+00:00\",\"mainEntityOfPage\":{\"@id\":\"https:\\\/\\\/www.info-algerie.com\\\/actualites\\\/les-plages-polluees-un-phenomene-recurrent-en-depit-des-mesures-prises\\\/\"},\"wordCount\":1439,\"commentCount\":0,\"publisher\":{\"@id\":\"https:\\\/\\\/www.info-algerie.com\\\/actualites\\\/#organization\"},\"image\":{\"@id\":\"https:\\\/\\\/www.info-algerie.com\\\/actualites\\\/les-plages-polluees-un-phenomene-recurrent-en-depit-des-mesures-prises\\\/#primaryimage\"},\"thumbnailUrl\":\"https:\\\/\\\/www.info-algerie.com\\\/actualites\\\/wp-content\\\/uploads\\\/2017\\\/08\\\/13c893f934222609bd5ef2cef8d52667_S-1.jpg\",\"keywords\":[\"ONU\"],\"articleSection\":[\"infos\"],\"inLanguage\":\"fr-FR\",\"potentialAction\":[{\"@type\":\"CommentAction\",\"name\":\"Comment\",\"target\":[\"https:\\\/\\\/www.info-algerie.com\\\/actualites\\\/les-plages-polluees-un-phenomene-recurrent-en-depit-des-mesures-prises\\\/#respond\"]}]},{\"@type\":\"WebPage\",\"@id\":\"https:\\\/\\\/www.info-algerie.com\\\/actualites\\\/les-plages-polluees-un-phenomene-recurrent-en-depit-des-mesures-prises\\\/\",\"url\":\"https:\\\/\\\/www.info-algerie.com\\\/actualites\\\/les-plages-polluees-un-phenomene-recurrent-en-depit-des-mesures-prises\\\/\",\"name\":\"Les plages pollu\u00e9es, un ph\u00e9nom\u00e8ne r\u00e9current en d\u00e9pit des mesures prises - info algerie\",\"isPartOf\":{\"@id\":\"https:\\\/\\\/www.info-algerie.com\\\/actualites\\\/#website\"},\"primaryImageOfPage\":{\"@id\":\"https:\\\/\\\/www.info-algerie.com\\\/actualites\\\/les-plages-polluees-un-phenomene-recurrent-en-depit-des-mesures-prises\\\/#primaryimage\"},\"image\":{\"@id\":\"https:\\\/\\\/www.info-algerie.com\\\/actualites\\\/les-plages-polluees-un-phenomene-recurrent-en-depit-des-mesures-prises\\\/#primaryimage\"},\"thumbnailUrl\":\"https:\\\/\\\/www.info-algerie.com\\\/actualites\\\/wp-content\\\/uploads\\\/2017\\\/08\\\/13c893f934222609bd5ef2cef8d52667_S-1.jpg\",\"datePublished\":\"2017-08-13T11:36:04+00:00\",\"breadcrumb\":{\"@id\":\"https:\\\/\\\/www.info-algerie.com\\\/actualites\\\/les-plages-polluees-un-phenomene-recurrent-en-depit-des-mesures-prises\\\/#breadcrumb\"},\"inLanguage\":\"fr-FR\",\"potentialAction\":[{\"@type\":\"ReadAction\",\"target\":[\"https:\\\/\\\/www.info-algerie.com\\\/actualites\\\/les-plages-polluees-un-phenomene-recurrent-en-depit-des-mesures-prises\\\/\"]}]},{\"@type\":\"ImageObject\",\"inLanguage\":\"fr-FR\",\"@id\":\"https:\\\/\\\/www.info-algerie.com\\\/actualites\\\/les-plages-polluees-un-phenomene-recurrent-en-depit-des-mesures-prises\\\/#primaryimage\",\"url\":\"https:\\\/\\\/www.info-algerie.com\\\/actualites\\\/wp-content\\\/uploads\\\/2017\\\/08\\\/13c893f934222609bd5ef2cef8d52667_S-1.jpg\",\"contentUrl\":\"https:\\\/\\\/www.info-algerie.com\\\/actualites\\\/wp-content\\\/uploads\\\/2017\\\/08\\\/13c893f934222609bd5ef2cef8d52667_S-1.jpg\",\"width\":280,\"height\":169},{\"@type\":\"BreadcrumbList\",\"@id\":\"https:\\\/\\\/www.info-algerie.com\\\/actualites\\\/les-plages-polluees-un-phenomene-recurrent-en-depit-des-mesures-prises\\\/#breadcrumb\",\"itemListElement\":[{\"@type\":\"ListItem\",\"position\":1,\"name\":\"Accueil\",\"item\":\"https:\\\/\\\/www.info-algerie.com\\\/actualites\\\/\"},{\"@type\":\"ListItem\",\"position\":2,\"name\":\"Les plages pollu\u00e9es, un ph\u00e9nom\u00e8ne r\u00e9current en d\u00e9pit des mesures prises\"}]},{\"@type\":\"WebSite\",\"@id\":\"https:\\\/\\\/www.info-algerie.com\\\/actualites\\\/#website\",\"url\":\"https:\\\/\\\/www.info-algerie.com\\\/actualites\\\/\",\"name\":\"info algerie\",\"description\":\"Toutes les actualit\u00e9s\",\"publisher\":{\"@id\":\"https:\\\/\\\/www.info-algerie.com\\\/actualites\\\/#organization\"},\"potentialAction\":[{\"@type\":\"SearchAction\",\"target\":{\"@type\":\"EntryPoint\",\"urlTemplate\":\"https:\\\/\\\/www.info-algerie.com\\\/actualites\\\/?s={search_term_string}\"},\"query-input\":{\"@type\":\"PropertyValueSpecification\",\"valueRequired\":true,\"valueName\":\"search_term_string\"}}],\"inLanguage\":\"fr-FR\"},{\"@type\":\"Organization\",\"@id\":\"https:\\\/\\\/www.info-algerie.com\\\/actualites\\\/#organization\",\"name\":\"info algerie\",\"url\":\"https:\\\/\\\/www.info-algerie.com\\\/actualites\\\/\",\"logo\":{\"@type\":\"ImageObject\",\"inLanguage\":\"fr-FR\",\"@id\":\"https:\\\/\\\/www.info-algerie.com\\\/actualites\\\/#\\\/schema\\\/logo\\\/image\\\/\",\"url\":\"https:\\\/\\\/www.info-algerie.com\\\/actualites\\\/wp-content\\\/uploads\\\/2022\\\/07\\\/logo-ia-120.png\",\"contentUrl\":\"https:\\\/\\\/www.info-algerie.com\\\/actualites\\\/wp-content\\\/uploads\\\/2022\\\/07\\\/logo-ia-120.png\",\"width\":120,\"height\":43,\"caption\":\"info algerie\"},\"image\":{\"@id\":\"https:\\\/\\\/www.info-algerie.com\\\/actualites\\\/#\\\/schema\\\/logo\\\/image\\\/\"},\"sameAs\":[\"https:\\\/\\\/www.facebook.com\\\/infoalgerieactu\",\"https:\\\/\\\/x.com\\\/infoalgerie1\"]},{\"@type\":\"Person\",\"@id\":\"https:\\\/\\\/www.info-algerie.com\\\/actualites\\\/#\\\/schema\\\/person\\\/847aaec44920825b843a08f30ec6aa1e\",\"name\":\"La r\u00e9daction\",\"image\":{\"@type\":\"ImageObject\",\"inLanguage\":\"fr-FR\",\"@id\":\"https:\\\/\\\/secure.gravatar.com\\\/avatar\\\/769db425c6f465158149f1ffd6cf61ce7a8a879d11dfbef8288af36dfddd418c?s=96&d=mm&r=g\",\"url\":\"https:\\\/\\\/secure.gravatar.com\\\/avatar\\\/769db425c6f465158149f1ffd6cf61ce7a8a879d11dfbef8288af36dfddd418c?s=96&d=mm&r=g\",\"contentUrl\":\"https:\\\/\\\/secure.gravatar.com\\\/avatar\\\/769db425c6f465158149f1ffd6cf61ce7a8a879d11dfbef8288af36dfddd418c?s=96&d=mm&r=g\",\"caption\":\"La r\u00e9daction\"},\"sameAs\":[\"http:\\\/\\\/www.lkeria.com\\\/\"],\"url\":\"https:\\\/\\\/www.info-algerie.com\\\/actualites\\\/author\\\/chakib32\\\/\"}]}<\/script>\n<!-- \/ Yoast SEO plugin. -->","yoast_head_json":{"title":"Les plages pollu\u00e9es, un ph\u00e9nom\u00e8ne r\u00e9current en d\u00e9pit des mesures prises - info algerie","robots":{"index":"index","follow":"follow","max-snippet":"max-snippet:-1","max-image-preview":"max-image-preview:large","max-video-preview":"max-video-preview:-1"},"canonical":"https:\/\/www.info-algerie.com\/actualites\/les-plages-polluees-un-phenomene-recurrent-en-depit-des-mesures-prises\/","og_locale":"fr_FR","og_type":"article","og_title":"Les plages pollu\u00e9es, un ph\u00e9nom\u00e8ne r\u00e9current en d\u00e9pit des mesures prises - info algerie","og_description":"ALGER-\u00a0 La pollution des plages est devenue un ph\u00e9nom\u00e8ne r\u00e9current. En d\u00e9pit des mesures prises par les pouvoirs publics visant la protection de l&rsquo;environnement y compris les plages, le ph\u00e9nom\u00e8ne de pollution persiste et certaines plages deviennent un v\u00e9ritable d\u00e9potoir pour les d\u00e9chets, ordures et eaux us\u00e9es qui d\u00e9figurent l&rsquo;image des plages autoris\u00e9es \u00e0 la","og_url":"https:\/\/www.info-algerie.com\/actualites\/les-plages-polluees-un-phenomene-recurrent-en-depit-des-mesures-prises\/","og_site_name":"info algerie","article_publisher":"https:\/\/www.facebook.com\/infoalgerieactu","article_published_time":"2017-08-13T11:36:04+00:00","og_image":[{"width":280,"height":169,"url":"https:\/\/www.info-algerie.com\/actualites\/wp-content\/uploads\/2017\/08\/13c893f934222609bd5ef2cef8d52667_S-1.jpg","type":"image\/jpeg"}],"author":"La r\u00e9daction","twitter_misc":{"\u00c9crit par":"La r\u00e9daction","Dur\u00e9e de lecture estim\u00e9e":"7 minutes"},"schema":{"@context":"https:\/\/schema.org","@graph":[{"@type":"Article","@id":"https:\/\/www.info-algerie.com\/actualites\/les-plages-polluees-un-phenomene-recurrent-en-depit-des-mesures-prises\/#article","isPartOf":{"@id":"https:\/\/www.info-algerie.com\/actualites\/les-plages-polluees-un-phenomene-recurrent-en-depit-des-mesures-prises\/"},"author":{"name":"La r\u00e9daction","@id":"https:\/\/www.info-algerie.com\/actualites\/#\/schema\/person\/847aaec44920825b843a08f30ec6aa1e"},"headline":"Les plages pollu\u00e9es, un ph\u00e9nom\u00e8ne r\u00e9current en d\u00e9pit des mesures prises","datePublished":"2017-08-13T11:36:04+00:00","mainEntityOfPage":{"@id":"https:\/\/www.info-algerie.com\/actualites\/les-plages-polluees-un-phenomene-recurrent-en-depit-des-mesures-prises\/"},"wordCount":1439,"commentCount":0,"publisher":{"@id":"https:\/\/www.info-algerie.com\/actualites\/#organization"},"image":{"@id":"https:\/\/www.info-algerie.com\/actualites\/les-plages-polluees-un-phenomene-recurrent-en-depit-des-mesures-prises\/#primaryimage"},"thumbnailUrl":"https:\/\/www.info-algerie.com\/actualites\/wp-content\/uploads\/2017\/08\/13c893f934222609bd5ef2cef8d52667_S-1.jpg","keywords":["ONU"],"articleSection":["infos"],"inLanguage":"fr-FR","potentialAction":[{"@type":"CommentAction","name":"Comment","target":["https:\/\/www.info-algerie.com\/actualites\/les-plages-polluees-un-phenomene-recurrent-en-depit-des-mesures-prises\/#respond"]}]},{"@type":"WebPage","@id":"https:\/\/www.info-algerie.com\/actualites\/les-plages-polluees-un-phenomene-recurrent-en-depit-des-mesures-prises\/","url":"https:\/\/www.info-algerie.com\/actualites\/les-plages-polluees-un-phenomene-recurrent-en-depit-des-mesures-prises\/","name":"Les plages pollu\u00e9es, un ph\u00e9nom\u00e8ne r\u00e9current en d\u00e9pit des mesures prises - info algerie","isPartOf":{"@id":"https:\/\/www.info-algerie.com\/actualites\/#website"},"primaryImageOfPage":{"@id":"https:\/\/www.info-algerie.com\/actualites\/les-plages-polluees-un-phenomene-recurrent-en-depit-des-mesures-prises\/#primaryimage"},"image":{"@id":"https:\/\/www.info-algerie.com\/actualites\/les-plages-polluees-un-phenomene-recurrent-en-depit-des-mesures-prises\/#primaryimage"},"thumbnailUrl":"https:\/\/www.info-algerie.com\/actualites\/wp-content\/uploads\/2017\/08\/13c893f934222609bd5ef2cef8d52667_S-1.jpg","datePublished":"2017-08-13T11:36:04+00:00","breadcrumb":{"@id":"https:\/\/www.info-algerie.com\/actualites\/les-plages-polluees-un-phenomene-recurrent-en-depit-des-mesures-prises\/#breadcrumb"},"inLanguage":"fr-FR","potentialAction":[{"@type":"ReadAction","target":["https:\/\/www.info-algerie.com\/actualites\/les-plages-polluees-un-phenomene-recurrent-en-depit-des-mesures-prises\/"]}]},{"@type":"ImageObject","inLanguage":"fr-FR","@id":"https:\/\/www.info-algerie.com\/actualites\/les-plages-polluees-un-phenomene-recurrent-en-depit-des-mesures-prises\/#primaryimage","url":"https:\/\/www.info-algerie.com\/actualites\/wp-content\/uploads\/2017\/08\/13c893f934222609bd5ef2cef8d52667_S-1.jpg","contentUrl":"https:\/\/www.info-algerie.com\/actualites\/wp-content\/uploads\/2017\/08\/13c893f934222609bd5ef2cef8d52667_S-1.jpg","width":280,"height":169},{"@type":"BreadcrumbList","@id":"https:\/\/www.info-algerie.com\/actualites\/les-plages-polluees-un-phenomene-recurrent-en-depit-des-mesures-prises\/#breadcrumb","itemListElement":[{"@type":"ListItem","position":1,"name":"Accueil","item":"https:\/\/www.info-algerie.com\/actualites\/"},{"@type":"ListItem","position":2,"name":"Les plages pollu\u00e9es, un ph\u00e9nom\u00e8ne r\u00e9current en d\u00e9pit des mesures prises"}]},{"@type":"WebSite","@id":"https:\/\/www.info-algerie.com\/actualites\/#website","url":"https:\/\/www.info-algerie.com\/actualites\/","name":"info algerie","description":"Toutes les actualit\u00e9s","publisher":{"@id":"https:\/\/www.info-algerie.com\/actualites\/#organization"},"potentialAction":[{"@type":"SearchAction","target":{"@type":"EntryPoint","urlTemplate":"https:\/\/www.info-algerie.com\/actualites\/?s={search_term_string}"},"query-input":{"@type":"PropertyValueSpecification","valueRequired":true,"valueName":"search_term_string"}}],"inLanguage":"fr-FR"},{"@type":"Organization","@id":"https:\/\/www.info-algerie.com\/actualites\/#organization","name":"info algerie","url":"https:\/\/www.info-algerie.com\/actualites\/","logo":{"@type":"ImageObject","inLanguage":"fr-FR","@id":"https:\/\/www.info-algerie.com\/actualites\/#\/schema\/logo\/image\/","url":"https:\/\/www.info-algerie.com\/actualites\/wp-content\/uploads\/2022\/07\/logo-ia-120.png","contentUrl":"https:\/\/www.info-algerie.com\/actualites\/wp-content\/uploads\/2022\/07\/logo-ia-120.png","width":120,"height":43,"caption":"info algerie"},"image":{"@id":"https:\/\/www.info-algerie.com\/actualites\/#\/schema\/logo\/image\/"},"sameAs":["https:\/\/www.facebook.com\/infoalgerieactu","https:\/\/x.com\/infoalgerie1"]},{"@type":"Person","@id":"https:\/\/www.info-algerie.com\/actualites\/#\/schema\/person\/847aaec44920825b843a08f30ec6aa1e","name":"La r\u00e9daction","image":{"@type":"ImageObject","inLanguage":"fr-FR","@id":"https:\/\/secure.gravatar.com\/avatar\/769db425c6f465158149f1ffd6cf61ce7a8a879d11dfbef8288af36dfddd418c?s=96&d=mm&r=g","url":"https:\/\/secure.gravatar.com\/avatar\/769db425c6f465158149f1ffd6cf61ce7a8a879d11dfbef8288af36dfddd418c?s=96&d=mm&r=g","contentUrl":"https:\/\/secure.gravatar.com\/avatar\/769db425c6f465158149f1ffd6cf61ce7a8a879d11dfbef8288af36dfddd418c?s=96&d=mm&r=g","caption":"La r\u00e9daction"},"sameAs":["http:\/\/www.lkeria.com\/"],"url":"https:\/\/www.info-algerie.com\/actualites\/author\/chakib32\/"}]}},"_links":{"self":[{"href":"https:\/\/www.info-algerie.com\/actualites\/wp-json\/wp\/v2\/posts\/14983","targetHints":{"allow":["GET"]}}],"collection":[{"href":"https:\/\/www.info-algerie.com\/actualites\/wp-json\/wp\/v2\/posts"}],"about":[{"href":"https:\/\/www.info-algerie.com\/actualites\/wp-json\/wp\/v2\/types\/post"}],"author":[{"embeddable":true,"href":"https:\/\/www.info-algerie.com\/actualites\/wp-json\/wp\/v2\/users\/6"}],"replies":[{"embeddable":true,"href":"https:\/\/www.info-algerie.com\/actualites\/wp-json\/wp\/v2\/comments?post=14983"}],"version-history":[{"count":0,"href":"https:\/\/www.info-algerie.com\/actualites\/wp-json\/wp\/v2\/posts\/14983\/revisions"}],"wp:featuredmedia":[{"embeddable":true,"href":"https:\/\/www.info-algerie.com\/actualites\/wp-json\/wp\/v2\/media\/14984"}],"wp:attachment":[{"href":"https:\/\/www.info-algerie.com\/actualites\/wp-json\/wp\/v2\/media?parent=14983"}],"wp:term":[{"taxonomy":"category","embeddable":true,"href":"https:\/\/www.info-algerie.com\/actualites\/wp-json\/wp\/v2\/categories?post=14983"},{"taxonomy":"post_tag","embeddable":true,"href":"https:\/\/www.info-algerie.com\/actualites\/wp-json\/wp\/v2\/tags?post=14983"}],"curies":[{"name":"wp","href":"https:\/\/api.w.org\/{rel}","templated":true}]}}