{"id":14997,"date":"2017-08-13T18:32:46","date_gmt":"2017-08-13T17:32:46","guid":{"rendered":"http:\/\/www.info-algerie.com\/actualites\/les-deux-ressortissants-algeriens-liberes-dimanche-en-irak-regagneront-alger-cette-semaine-mae\/"},"modified":"2017-08-13T18:32:46","modified_gmt":"2017-08-13T17:32:46","slug":"les-deux-ressortissants-algeriens-liberes-dimanche-en-irak-regagneront-alger-cette-semaine-mae","status":"publish","type":"post","link":"https:\/\/www.info-algerie.com\/actualites\/les-deux-ressortissants-algeriens-liberes-dimanche-en-irak-regagneront-alger-cette-semaine-mae\/","title":{"rendered":"Les deux ressortissants alg\u00e9riens lib\u00e9r\u00e9s dimanche en Irak regagneront Alger cette semaine (MAE)"},"content":{"rendered":"<div class=\"K2FeedImage\"><img decoding=\"async\" src=\"https:\/\/www.info-algerie.com\/actualites\/wp-content\/uploads\/2017\/08\/7b6f4903aa75d1f80e12a60a395f46d1_S.jpg\" alt=\"Les deux ressortissants alg&#xE9;riens lib&#xE9;r&#xE9;s dimanche en Irak regagneront Alger cette semaine (MAE)\" \/><\/div>\n<div class=\"K2FeedIntroText\">\n<p>ALGER &#8211; L&rsquo;arriv\u00e9e \u00e0 Alger des <strong><a href=\"http:\/\/www.aps.dz\/algerie\/61693-liberation-de-deux-algeriens-detenus-en-irak-mae\">deux ressortissants alg\u00e9riens, d\u00e9tenus en Irak depuis plusieurs ann\u00e9es pour \u00ab\u00a0franchissement ill\u00e9gal des fronti\u00e8res\u00a0\u00bb et lib\u00e9r\u00e9s dimanche par les autorit\u00e9s de ce pays<\/a><\/strong>, est pr\u00e9vue dans le courant de cette semaine, a indiqu\u00e9 le porte-parole du minist\u00e8re des Affaires \u00e9trang\u00e8res, Abdelaziz Benali-Cherif.<\/p>\n<p>&#013;\n<\/p><\/div>\n<div class=\"K2FeedFullText\">&#013;<\/p>\n<p>Les deux ressortissants alg\u00e9riens regagneront Alger \u00ab\u00a0apr\u00e8s l&rsquo;accomplissement des formalit\u00e9s administratives et de voyage par les services de notre ambassade \u00e0 Baghdad\u00a0\u00bb, a pr\u00e9cis\u00e9 M. Benali-Cherif dans une d\u00e9claration \u00e0 l&rsquo;APS, soulignant que \u00ab\u00a0le dossier des prisonniers d\u00e9tenus en Irak pour franchissement ill\u00e9gal des fronti\u00e8res est ainsi d\u00e9finitivement clos\u00a0\u00bb.<\/p>\n<p>&#013;<\/p>\n<p>Il a relev\u00e9 que cette lib\u00e9ration \u00ab\u00a0intervient suite \u00e0 la r\u00e9cente visite \u00e0 Baghdad du ministre des Affaires \u00e9trang\u00e8res, M. Abdelkader Messahel, qui a soulev\u00e9 leur cas aupr\u00e8s des plus hautes autorit\u00e9s irakiennes, mettant notamment en exergue la sensibilit\u00e9 de ce dossier et les attentes de leurs familles et de leurs proches, comme de l&rsquo;opinion publique nationale qui suit de pr\u00e8s le d\u00e9veloppement de cette question\u00a0\u00bb.<\/p>\n<p>&#013;<\/p>\n<p class=\"MsoNormal\">\u00ab\u00a0Nous saisissons cette occasion pour remercier les autorit\u00e9s irakiennes pour leur assistance et leur coop\u00e9ration dans le r\u00e8glement de cette question\u00a0\u00bb, a ajout\u00e9 le porte-parole du minist\u00e8re des Affaires \u00e9trang\u00e8res.<\/p>\n<\/div>\n<p>&#013;<br \/>\nSource: <a href=\"http:\/\/www.aps.dz\/algerie\/61697-les-deux-ressortissants-algeriens-liberes-dimanche-en-irak-regagneront-alger-cette-semaine-mae\" target=\"_blank\">Les deux ressortissants alg\u00e9riens lib\u00e9r\u00e9s dimanche en Irak regagneront Alger cette semaine (MAE)<\/a><\/p>\n<!--CusAds0-->\n<div style=\"font-size: 0px; height: 0px; line-height: 0px; margin: 0; padding: 0; clear: both;\"><\/div>","protected":false},"excerpt":{"rendered":"<p>ALGER &#8211; L&rsquo;arriv\u00e9e \u00e0 Alger des deux ressortissants alg\u00e9riens, d\u00e9tenus en Irak depuis plusieurs ann\u00e9es pour \u00ab\u00a0franchissement ill\u00e9gal des fronti\u00e8res\u00a0\u00bb et lib\u00e9r\u00e9s dimanche par les autorit\u00e9s de ce pays, est pr\u00e9vue dans le courant de cette semaine, a indiqu\u00e9 le porte-parole du minist\u00e8re des Affaires \u00e9trang\u00e8res, Abdelaziz Benali-Cherif. &#013; &#013; Les deux ressortissants alg\u00e9riens regagneront<\/p>\n","protected":false},"author":6,"featured_media":14998,"comment_status":"open","ping_status":"open","sticky":false,"template":"","format":"standard","meta":{"footnotes":""},"categories":[22],"tags":[93],"class_list":["post-14997","post","type-post","status-publish","format-standard","has-post-thumbnail","hentry","category-infos","tag-onu"],"yoast_head":"<!-- This site is optimized with the Yoast SEO plugin v27.5 - https:\/\/yoast.com\/product\/yoast-seo-wordpress\/ -->\n<title>Les deux ressortissants alg\u00e9riens lib\u00e9r\u00e9s dimanche en Irak regagneront Alger cette semaine (MAE) - info algerie<\/title>\n<meta name=\"robots\" content=\"index, follow, max-snippet:-1, max-image-preview:large, max-video-preview:-1\" \/>\n<link rel=\"canonical\" href=\"https:\/\/www.info-algerie.com\/actualites\/les-deux-ressortissants-algeriens-liberes-dimanche-en-irak-regagneront-alger-cette-semaine-mae\/\" \/>\n<meta property=\"og:locale\" content=\"fr_FR\" \/>\n<meta property=\"og:type\" content=\"article\" \/>\n<meta property=\"og:title\" content=\"Les deux ressortissants alg\u00e9riens lib\u00e9r\u00e9s dimanche en Irak regagneront Alger cette semaine (MAE) - info algerie\" \/>\n<meta property=\"og:description\" content=\"ALGER &#8211; L&rsquo;arriv\u00e9e \u00e0 Alger des deux ressortissants alg\u00e9riens, d\u00e9tenus en Irak depuis plusieurs ann\u00e9es pour \u00ab\u00a0franchissement ill\u00e9gal des fronti\u00e8res\u00a0\u00bb et lib\u00e9r\u00e9s dimanche par les autorit\u00e9s de ce pays, est pr\u00e9vue dans le courant de cette semaine, a indiqu\u00e9 le porte-parole du minist\u00e8re des Affaires \u00e9trang\u00e8res, Abdelaziz Benali-Cherif. &#013; &#013; Les deux ressortissants alg\u00e9riens regagneront\" \/>\n<meta property=\"og:url\" content=\"https:\/\/www.info-algerie.com\/actualites\/les-deux-ressortissants-algeriens-liberes-dimanche-en-irak-regagneront-alger-cette-semaine-mae\/\" \/>\n<meta property=\"og:site_name\" content=\"info algerie\" \/>\n<meta property=\"article:publisher\" content=\"https:\/\/www.facebook.com\/infoalgerieactu\" \/>\n<meta property=\"article:published_time\" content=\"2017-08-13T17:32:46+00:00\" \/>\n<meta property=\"og:image\" content=\"https:\/\/www.info-algerie.com\/actualites\/wp-content\/uploads\/2017\/08\/7b6f4903aa75d1f80e12a60a395f46d1_S-1.jpg\" \/>\n\t<meta property=\"og:image:width\" content=\"280\" \/>\n\t<meta property=\"og:image:height\" content=\"169\" \/>\n\t<meta property=\"og:image:type\" content=\"image\/jpeg\" \/>\n<meta name=\"author\" content=\"La r\u00e9daction\" \/>\n<meta name=\"twitter:label1\" content=\"\u00c9crit par\" \/>\n\t<meta name=\"twitter:data1\" content=\"La r\u00e9daction\" \/>\n\t<meta name=\"twitter:label2\" content=\"Dur\u00e9e de lecture estim\u00e9e\" \/>\n\t<meta name=\"twitter:data2\" content=\"1 minute\" \/>\n<script type=\"application\/ld+json\" class=\"yoast-schema-graph\">{\"@context\":\"https:\\\/\\\/schema.org\",\"@graph\":[{\"@type\":\"Article\",\"@id\":\"https:\\\/\\\/www.info-algerie.com\\\/actualites\\\/les-deux-ressortissants-algeriens-liberes-dimanche-en-irak-regagneront-alger-cette-semaine-mae\\\/#article\",\"isPartOf\":{\"@id\":\"https:\\\/\\\/www.info-algerie.com\\\/actualites\\\/les-deux-ressortissants-algeriens-liberes-dimanche-en-irak-regagneront-alger-cette-semaine-mae\\\/\"},\"author\":{\"name\":\"La r\u00e9daction\",\"@id\":\"https:\\\/\\\/www.info-algerie.com\\\/actualites\\\/#\\\/schema\\\/person\\\/847aaec44920825b843a08f30ec6aa1e\"},\"headline\":\"Les deux ressortissants alg\u00e9riens lib\u00e9r\u00e9s dimanche en Irak regagneront Alger cette semaine (MAE)\",\"datePublished\":\"2017-08-13T17:32:46+00:00\",\"mainEntityOfPage\":{\"@id\":\"https:\\\/\\\/www.info-algerie.com\\\/actualites\\\/les-deux-ressortissants-algeriens-liberes-dimanche-en-irak-regagneront-alger-cette-semaine-mae\\\/\"},\"wordCount\":258,\"commentCount\":0,\"publisher\":{\"@id\":\"https:\\\/\\\/www.info-algerie.com\\\/actualites\\\/#organization\"},\"image\":{\"@id\":\"https:\\\/\\\/www.info-algerie.com\\\/actualites\\\/les-deux-ressortissants-algeriens-liberes-dimanche-en-irak-regagneront-alger-cette-semaine-mae\\\/#primaryimage\"},\"thumbnailUrl\":\"https:\\\/\\\/www.info-algerie.com\\\/actualites\\\/wp-content\\\/uploads\\\/2017\\\/08\\\/7b6f4903aa75d1f80e12a60a395f46d1_S-1.jpg\",\"keywords\":[\"ONU\"],\"articleSection\":[\"infos\"],\"inLanguage\":\"fr-FR\",\"potentialAction\":[{\"@type\":\"CommentAction\",\"name\":\"Comment\",\"target\":[\"https:\\\/\\\/www.info-algerie.com\\\/actualites\\\/les-deux-ressortissants-algeriens-liberes-dimanche-en-irak-regagneront-alger-cette-semaine-mae\\\/#respond\"]}]},{\"@type\":\"WebPage\",\"@id\":\"https:\\\/\\\/www.info-algerie.com\\\/actualites\\\/les-deux-ressortissants-algeriens-liberes-dimanche-en-irak-regagneront-alger-cette-semaine-mae\\\/\",\"url\":\"https:\\\/\\\/www.info-algerie.com\\\/actualites\\\/les-deux-ressortissants-algeriens-liberes-dimanche-en-irak-regagneront-alger-cette-semaine-mae\\\/\",\"name\":\"Les deux ressortissants alg\u00e9riens lib\u00e9r\u00e9s dimanche en Irak regagneront Alger cette semaine (MAE) - info algerie\",\"isPartOf\":{\"@id\":\"https:\\\/\\\/www.info-algerie.com\\\/actualites\\\/#website\"},\"primaryImageOfPage\":{\"@id\":\"https:\\\/\\\/www.info-algerie.com\\\/actualites\\\/les-deux-ressortissants-algeriens-liberes-dimanche-en-irak-regagneront-alger-cette-semaine-mae\\\/#primaryimage\"},\"image\":{\"@id\":\"https:\\\/\\\/www.info-algerie.com\\\/actualites\\\/les-deux-ressortissants-algeriens-liberes-dimanche-en-irak-regagneront-alger-cette-semaine-mae\\\/#primaryimage\"},\"thumbnailUrl\":\"https:\\\/\\\/www.info-algerie.com\\\/actualites\\\/wp-content\\\/uploads\\\/2017\\\/08\\\/7b6f4903aa75d1f80e12a60a395f46d1_S-1.jpg\",\"datePublished\":\"2017-08-13T17:32:46+00:00\",\"breadcrumb\":{\"@id\":\"https:\\\/\\\/www.info-algerie.com\\\/actualites\\\/les-deux-ressortissants-algeriens-liberes-dimanche-en-irak-regagneront-alger-cette-semaine-mae\\\/#breadcrumb\"},\"inLanguage\":\"fr-FR\",\"potentialAction\":[{\"@type\":\"ReadAction\",\"target\":[\"https:\\\/\\\/www.info-algerie.com\\\/actualites\\\/les-deux-ressortissants-algeriens-liberes-dimanche-en-irak-regagneront-alger-cette-semaine-mae\\\/\"]}]},{\"@type\":\"ImageObject\",\"inLanguage\":\"fr-FR\",\"@id\":\"https:\\\/\\\/www.info-algerie.com\\\/actualites\\\/les-deux-ressortissants-algeriens-liberes-dimanche-en-irak-regagneront-alger-cette-semaine-mae\\\/#primaryimage\",\"url\":\"https:\\\/\\\/www.info-algerie.com\\\/actualites\\\/wp-content\\\/uploads\\\/2017\\\/08\\\/7b6f4903aa75d1f80e12a60a395f46d1_S-1.jpg\",\"contentUrl\":\"https:\\\/\\\/www.info-algerie.com\\\/actualites\\\/wp-content\\\/uploads\\\/2017\\\/08\\\/7b6f4903aa75d1f80e12a60a395f46d1_S-1.jpg\",\"width\":280,\"height\":169},{\"@type\":\"BreadcrumbList\",\"@id\":\"https:\\\/\\\/www.info-algerie.com\\\/actualites\\\/les-deux-ressortissants-algeriens-liberes-dimanche-en-irak-regagneront-alger-cette-semaine-mae\\\/#breadcrumb\",\"itemListElement\":[{\"@type\":\"ListItem\",\"position\":1,\"name\":\"Accueil\",\"item\":\"https:\\\/\\\/www.info-algerie.com\\\/actualites\\\/\"},{\"@type\":\"ListItem\",\"position\":2,\"name\":\"Les deux ressortissants alg\u00e9riens lib\u00e9r\u00e9s dimanche en Irak regagneront Alger cette semaine (MAE)\"}]},{\"@type\":\"WebSite\",\"@id\":\"https:\\\/\\\/www.info-algerie.com\\\/actualites\\\/#website\",\"url\":\"https:\\\/\\\/www.info-algerie.com\\\/actualites\\\/\",\"name\":\"info algerie\",\"description\":\"Toutes les actualit\u00e9s\",\"publisher\":{\"@id\":\"https:\\\/\\\/www.info-algerie.com\\\/actualites\\\/#organization\"},\"potentialAction\":[{\"@type\":\"SearchAction\",\"target\":{\"@type\":\"EntryPoint\",\"urlTemplate\":\"https:\\\/\\\/www.info-algerie.com\\\/actualites\\\/?s={search_term_string}\"},\"query-input\":{\"@type\":\"PropertyValueSpecification\",\"valueRequired\":true,\"valueName\":\"search_term_string\"}}],\"inLanguage\":\"fr-FR\"},{\"@type\":\"Organization\",\"@id\":\"https:\\\/\\\/www.info-algerie.com\\\/actualites\\\/#organization\",\"name\":\"info algerie\",\"url\":\"https:\\\/\\\/www.info-algerie.com\\\/actualites\\\/\",\"logo\":{\"@type\":\"ImageObject\",\"inLanguage\":\"fr-FR\",\"@id\":\"https:\\\/\\\/www.info-algerie.com\\\/actualites\\\/#\\\/schema\\\/logo\\\/image\\\/\",\"url\":\"https:\\\/\\\/www.info-algerie.com\\\/actualites\\\/wp-content\\\/uploads\\\/2022\\\/07\\\/logo-ia-120.png\",\"contentUrl\":\"https:\\\/\\\/www.info-algerie.com\\\/actualites\\\/wp-content\\\/uploads\\\/2022\\\/07\\\/logo-ia-120.png\",\"width\":120,\"height\":43,\"caption\":\"info algerie\"},\"image\":{\"@id\":\"https:\\\/\\\/www.info-algerie.com\\\/actualites\\\/#\\\/schema\\\/logo\\\/image\\\/\"},\"sameAs\":[\"https:\\\/\\\/www.facebook.com\\\/infoalgerieactu\",\"https:\\\/\\\/x.com\\\/infoalgerie1\"]},{\"@type\":\"Person\",\"@id\":\"https:\\\/\\\/www.info-algerie.com\\\/actualites\\\/#\\\/schema\\\/person\\\/847aaec44920825b843a08f30ec6aa1e\",\"name\":\"La r\u00e9daction\",\"image\":{\"@type\":\"ImageObject\",\"inLanguage\":\"fr-FR\",\"@id\":\"https:\\\/\\\/secure.gravatar.com\\\/avatar\\\/769db425c6f465158149f1ffd6cf61ce7a8a879d11dfbef8288af36dfddd418c?s=96&d=mm&r=g\",\"url\":\"https:\\\/\\\/secure.gravatar.com\\\/avatar\\\/769db425c6f465158149f1ffd6cf61ce7a8a879d11dfbef8288af36dfddd418c?s=96&d=mm&r=g\",\"contentUrl\":\"https:\\\/\\\/secure.gravatar.com\\\/avatar\\\/769db425c6f465158149f1ffd6cf61ce7a8a879d11dfbef8288af36dfddd418c?s=96&d=mm&r=g\",\"caption\":\"La r\u00e9daction\"},\"sameAs\":[\"http:\\\/\\\/www.lkeria.com\\\/\"],\"url\":\"https:\\\/\\\/www.info-algerie.com\\\/actualites\\\/author\\\/chakib32\\\/\"}]}<\/script>\n<!-- \/ Yoast SEO plugin. -->","yoast_head_json":{"title":"Les deux ressortissants alg\u00e9riens lib\u00e9r\u00e9s dimanche en Irak regagneront Alger cette semaine (MAE) - info algerie","robots":{"index":"index","follow":"follow","max-snippet":"max-snippet:-1","max-image-preview":"max-image-preview:large","max-video-preview":"max-video-preview:-1"},"canonical":"https:\/\/www.info-algerie.com\/actualites\/les-deux-ressortissants-algeriens-liberes-dimanche-en-irak-regagneront-alger-cette-semaine-mae\/","og_locale":"fr_FR","og_type":"article","og_title":"Les deux ressortissants alg\u00e9riens lib\u00e9r\u00e9s dimanche en Irak regagneront Alger cette semaine (MAE) - info algerie","og_description":"ALGER &#8211; L&rsquo;arriv\u00e9e \u00e0 Alger des deux ressortissants alg\u00e9riens, d\u00e9tenus en Irak depuis plusieurs ann\u00e9es pour \u00ab\u00a0franchissement ill\u00e9gal des fronti\u00e8res\u00a0\u00bb et lib\u00e9r\u00e9s dimanche par les autorit\u00e9s de ce pays, est pr\u00e9vue dans le courant de cette semaine, a indiqu\u00e9 le porte-parole du minist\u00e8re des Affaires \u00e9trang\u00e8res, Abdelaziz Benali-Cherif. &#013; &#013; Les deux ressortissants alg\u00e9riens regagneront","og_url":"https:\/\/www.info-algerie.com\/actualites\/les-deux-ressortissants-algeriens-liberes-dimanche-en-irak-regagneront-alger-cette-semaine-mae\/","og_site_name":"info algerie","article_publisher":"https:\/\/www.facebook.com\/infoalgerieactu","article_published_time":"2017-08-13T17:32:46+00:00","og_image":[{"width":280,"height":169,"url":"https:\/\/www.info-algerie.com\/actualites\/wp-content\/uploads\/2017\/08\/7b6f4903aa75d1f80e12a60a395f46d1_S-1.jpg","type":"image\/jpeg"}],"author":"La r\u00e9daction","twitter_misc":{"\u00c9crit par":"La r\u00e9daction","Dur\u00e9e de lecture estim\u00e9e":"1 minute"},"schema":{"@context":"https:\/\/schema.org","@graph":[{"@type":"Article","@id":"https:\/\/www.info-algerie.com\/actualites\/les-deux-ressortissants-algeriens-liberes-dimanche-en-irak-regagneront-alger-cette-semaine-mae\/#article","isPartOf":{"@id":"https:\/\/www.info-algerie.com\/actualites\/les-deux-ressortissants-algeriens-liberes-dimanche-en-irak-regagneront-alger-cette-semaine-mae\/"},"author":{"name":"La r\u00e9daction","@id":"https:\/\/www.info-algerie.com\/actualites\/#\/schema\/person\/847aaec44920825b843a08f30ec6aa1e"},"headline":"Les deux ressortissants alg\u00e9riens lib\u00e9r\u00e9s dimanche en Irak regagneront Alger cette semaine (MAE)","datePublished":"2017-08-13T17:32:46+00:00","mainEntityOfPage":{"@id":"https:\/\/www.info-algerie.com\/actualites\/les-deux-ressortissants-algeriens-liberes-dimanche-en-irak-regagneront-alger-cette-semaine-mae\/"},"wordCount":258,"commentCount":0,"publisher":{"@id":"https:\/\/www.info-algerie.com\/actualites\/#organization"},"image":{"@id":"https:\/\/www.info-algerie.com\/actualites\/les-deux-ressortissants-algeriens-liberes-dimanche-en-irak-regagneront-alger-cette-semaine-mae\/#primaryimage"},"thumbnailUrl":"https:\/\/www.info-algerie.com\/actualites\/wp-content\/uploads\/2017\/08\/7b6f4903aa75d1f80e12a60a395f46d1_S-1.jpg","keywords":["ONU"],"articleSection":["infos"],"inLanguage":"fr-FR","potentialAction":[{"@type":"CommentAction","name":"Comment","target":["https:\/\/www.info-algerie.com\/actualites\/les-deux-ressortissants-algeriens-liberes-dimanche-en-irak-regagneront-alger-cette-semaine-mae\/#respond"]}]},{"@type":"WebPage","@id":"https:\/\/www.info-algerie.com\/actualites\/les-deux-ressortissants-algeriens-liberes-dimanche-en-irak-regagneront-alger-cette-semaine-mae\/","url":"https:\/\/www.info-algerie.com\/actualites\/les-deux-ressortissants-algeriens-liberes-dimanche-en-irak-regagneront-alger-cette-semaine-mae\/","name":"Les deux ressortissants alg\u00e9riens lib\u00e9r\u00e9s dimanche en Irak regagneront Alger cette semaine (MAE) - info algerie","isPartOf":{"@id":"https:\/\/www.info-algerie.com\/actualites\/#website"},"primaryImageOfPage":{"@id":"https:\/\/www.info-algerie.com\/actualites\/les-deux-ressortissants-algeriens-liberes-dimanche-en-irak-regagneront-alger-cette-semaine-mae\/#primaryimage"},"image":{"@id":"https:\/\/www.info-algerie.com\/actualites\/les-deux-ressortissants-algeriens-liberes-dimanche-en-irak-regagneront-alger-cette-semaine-mae\/#primaryimage"},"thumbnailUrl":"https:\/\/www.info-algerie.com\/actualites\/wp-content\/uploads\/2017\/08\/7b6f4903aa75d1f80e12a60a395f46d1_S-1.jpg","datePublished":"2017-08-13T17:32:46+00:00","breadcrumb":{"@id":"https:\/\/www.info-algerie.com\/actualites\/les-deux-ressortissants-algeriens-liberes-dimanche-en-irak-regagneront-alger-cette-semaine-mae\/#breadcrumb"},"inLanguage":"fr-FR","potentialAction":[{"@type":"ReadAction","target":["https:\/\/www.info-algerie.com\/actualites\/les-deux-ressortissants-algeriens-liberes-dimanche-en-irak-regagneront-alger-cette-semaine-mae\/"]}]},{"@type":"ImageObject","inLanguage":"fr-FR","@id":"https:\/\/www.info-algerie.com\/actualites\/les-deux-ressortissants-algeriens-liberes-dimanche-en-irak-regagneront-alger-cette-semaine-mae\/#primaryimage","url":"https:\/\/www.info-algerie.com\/actualites\/wp-content\/uploads\/2017\/08\/7b6f4903aa75d1f80e12a60a395f46d1_S-1.jpg","contentUrl":"https:\/\/www.info-algerie.com\/actualites\/wp-content\/uploads\/2017\/08\/7b6f4903aa75d1f80e12a60a395f46d1_S-1.jpg","width":280,"height":169},{"@type":"BreadcrumbList","@id":"https:\/\/www.info-algerie.com\/actualites\/les-deux-ressortissants-algeriens-liberes-dimanche-en-irak-regagneront-alger-cette-semaine-mae\/#breadcrumb","itemListElement":[{"@type":"ListItem","position":1,"name":"Accueil","item":"https:\/\/www.info-algerie.com\/actualites\/"},{"@type":"ListItem","position":2,"name":"Les deux ressortissants alg\u00e9riens lib\u00e9r\u00e9s dimanche en Irak regagneront Alger cette semaine (MAE)"}]},{"@type":"WebSite","@id":"https:\/\/www.info-algerie.com\/actualites\/#website","url":"https:\/\/www.info-algerie.com\/actualites\/","name":"info algerie","description":"Toutes les actualit\u00e9s","publisher":{"@id":"https:\/\/www.info-algerie.com\/actualites\/#organization"},"potentialAction":[{"@type":"SearchAction","target":{"@type":"EntryPoint","urlTemplate":"https:\/\/www.info-algerie.com\/actualites\/?s={search_term_string}"},"query-input":{"@type":"PropertyValueSpecification","valueRequired":true,"valueName":"search_term_string"}}],"inLanguage":"fr-FR"},{"@type":"Organization","@id":"https:\/\/www.info-algerie.com\/actualites\/#organization","name":"info algerie","url":"https:\/\/www.info-algerie.com\/actualites\/","logo":{"@type":"ImageObject","inLanguage":"fr-FR","@id":"https:\/\/www.info-algerie.com\/actualites\/#\/schema\/logo\/image\/","url":"https:\/\/www.info-algerie.com\/actualites\/wp-content\/uploads\/2022\/07\/logo-ia-120.png","contentUrl":"https:\/\/www.info-algerie.com\/actualites\/wp-content\/uploads\/2022\/07\/logo-ia-120.png","width":120,"height":43,"caption":"info algerie"},"image":{"@id":"https:\/\/www.info-algerie.com\/actualites\/#\/schema\/logo\/image\/"},"sameAs":["https:\/\/www.facebook.com\/infoalgerieactu","https:\/\/x.com\/infoalgerie1"]},{"@type":"Person","@id":"https:\/\/www.info-algerie.com\/actualites\/#\/schema\/person\/847aaec44920825b843a08f30ec6aa1e","name":"La r\u00e9daction","image":{"@type":"ImageObject","inLanguage":"fr-FR","@id":"https:\/\/secure.gravatar.com\/avatar\/769db425c6f465158149f1ffd6cf61ce7a8a879d11dfbef8288af36dfddd418c?s=96&d=mm&r=g","url":"https:\/\/secure.gravatar.com\/avatar\/769db425c6f465158149f1ffd6cf61ce7a8a879d11dfbef8288af36dfddd418c?s=96&d=mm&r=g","contentUrl":"https:\/\/secure.gravatar.com\/avatar\/769db425c6f465158149f1ffd6cf61ce7a8a879d11dfbef8288af36dfddd418c?s=96&d=mm&r=g","caption":"La r\u00e9daction"},"sameAs":["http:\/\/www.lkeria.com\/"],"url":"https:\/\/www.info-algerie.com\/actualites\/author\/chakib32\/"}]}},"_links":{"self":[{"href":"https:\/\/www.info-algerie.com\/actualites\/wp-json\/wp\/v2\/posts\/14997","targetHints":{"allow":["GET"]}}],"collection":[{"href":"https:\/\/www.info-algerie.com\/actualites\/wp-json\/wp\/v2\/posts"}],"about":[{"href":"https:\/\/www.info-algerie.com\/actualites\/wp-json\/wp\/v2\/types\/post"}],"author":[{"embeddable":true,"href":"https:\/\/www.info-algerie.com\/actualites\/wp-json\/wp\/v2\/users\/6"}],"replies":[{"embeddable":true,"href":"https:\/\/www.info-algerie.com\/actualites\/wp-json\/wp\/v2\/comments?post=14997"}],"version-history":[{"count":0,"href":"https:\/\/www.info-algerie.com\/actualites\/wp-json\/wp\/v2\/posts\/14997\/revisions"}],"wp:featuredmedia":[{"embeddable":true,"href":"https:\/\/www.info-algerie.com\/actualites\/wp-json\/wp\/v2\/media\/14998"}],"wp:attachment":[{"href":"https:\/\/www.info-algerie.com\/actualites\/wp-json\/wp\/v2\/media?parent=14997"}],"wp:term":[{"taxonomy":"category","embeddable":true,"href":"https:\/\/www.info-algerie.com\/actualites\/wp-json\/wp\/v2\/categories?post=14997"},{"taxonomy":"post_tag","embeddable":true,"href":"https:\/\/www.info-algerie.com\/actualites\/wp-json\/wp\/v2\/tags?post=14997"}],"curies":[{"name":"wp","href":"https:\/\/api.w.org\/{rel}","templated":true}]}}