{"id":15000,"date":"2017-08-13T18:07:42","date_gmt":"2017-08-13T17:07:42","guid":{"rendered":"http:\/\/www.info-algerie.com\/actualites\/messahel-affirme-que-sa-recente-tournee-dans-le-monde-arabe-etait-tres-utile\/"},"modified":"2017-08-13T18:07:42","modified_gmt":"2017-08-13T17:07:42","slug":"messahel-affirme-que-sa-recente-tournee-dans-le-monde-arabe-etait-tres-utile","status":"publish","type":"post","link":"https:\/\/www.info-algerie.com\/actualites\/messahel-affirme-que-sa-recente-tournee-dans-le-monde-arabe-etait-tres-utile\/","title":{"rendered":"Messahel affirme que sa r\u00e9cente tourn\u00e9e dans le monde arabe \u00e9tait tr\u00e8s utile"},"content":{"rendered":"<div class=\"K2FeedImage\"><img decoding=\"async\" src=\"https:\/\/www.info-algerie.com\/actualites\/wp-content\/uploads\/2017\/08\/489e11f14a6630a8a51750f6305b9b21_S.jpg\" alt=\"Messahel affirme que sa r&#xE9;cente tourn&#xE9;e dans le monde arabe &#xE9;tait tr&#xE8;s utile\" \/><\/div>\n<div class=\"K2FeedIntroText\">\n<p>ALGER &#8211; Le ministre des Affaires \u00e9trang\u00e8res, Abdelkader Messahel, a affirm\u00e9 dimanche \u00e0 Alger, que sa r\u00e9cente tourn\u00e9e dans plusieurs pays arabes, sur instruction du pr\u00e9sident de la R\u00e9publique, a \u00e9t\u00e9 \u00ab\u00a0tr\u00e8s utile\u00a0\u00bb et qu&rsquo;elle avait permis de conclure des accords pour le lancement de commissions mixtes d\u00e9di\u00e9es \u00ab\u00a0exclusivement aux questions \u00e9conomiques\u00a0\u00bb.<\/p>\n<p>&#013;\n<\/p><\/div>\n<div class=\"K2FeedFullText\">&#013;<\/p>\n<p>\u00ab\u00a0Ma tourn\u00e9e a \u00e9t\u00e9 tr\u00e8s utile au cours de laquelle notre message a \u00e9t\u00e9 bien compris\u00a0\u00bb, a d\u00e9clar\u00e9 M. Messahel, lors d&rsquo;une rencontre avec la presse consacr\u00e9e \u00e0 cette tourn\u00e9e, ajoutant avoir d\u00e9cel\u00e9 aupr\u00e8s des dirigeants de pays arabes, une \u00ab\u00a0volont\u00e9\u00a0\u00bb de renforcer les liens \u00e0 travers la concertation et le dialogue pour faire face aux d\u00e9fis auxquels est confront\u00e9e la r\u00e9gion.<\/p>\n<p>&#013;<\/p>\n<p>\u00ab\u00a0Nous avons exprim\u00e9 notre vision sur la Ligue des Etats arabes et nous avons insist\u00e9 sur le n\u00e9cessit\u00e9 pour qu&rsquo;elle soit plus efficace face aux diff\u00e9rentes crises que connait le monde arabe\u00a0\u00bb, a-t-il soulign\u00e9, plaidant pour que l&rsquo;organisation panarabe puisse \u00ab\u00a0s&rsquo;adapter aux changements politiques et g\u00e9ostrat\u00e9giques dans la r\u00e9gion\u00a0\u00bb.<\/p>\n<p>&#013;<\/p>\n<p>M. Messahel a not\u00e9, par la m\u00eame occasion, que les dirigeants des pays arabes qu&rsquo;il a rencontr\u00e9s lors de sa tourn\u00e9e, \u00ab\u00a0ont exprim\u00e9 leur int\u00e9r\u00eat \u00e0 b\u00e9n\u00e9ficier de l&rsquo;exp\u00e9rience alg\u00e9rienne dans la lutte contre le terrorisme\u00a0\u00bb, affirmant que l\u2019Alg\u00e9rie \u00ab\u00a0est per\u00e7ue comme une \u00e9cole en mati\u00e8re de lutte antiterroriste et l&rsquo;extr\u00e9misme violent\u00a0\u00bb.<\/p>\n<p>&#013;<\/p>\n<p>Il a ajout\u00e9, d&rsquo;autre part, avoir convenu, \u00e0 l&rsquo;occasion de cette tourn\u00e9e, de la mise en place de commissions mixtes d\u00e9di\u00e9es exclusivement \u00e0 la coop\u00e9ration \u00e9conomique avec l&rsquo;Arabie Saoudite, les Emirats Arabes Unis, la Jordanie, le Bahre\u00efn et l&rsquo;Egypte.<\/p>\n<p>&#013;<\/p>\n<p>R\u00e9pondant aux questions de journalistes sur la crise du Golfe, le ministre a rappel\u00e9 que la diplomatie alg\u00e9rienne \u00ab\u00a0se place \u00e0 \u00e9quidistance entre toutes les parties en conflit et qu&rsquo;elle privil\u00e9gie le principe de la non-ing\u00e9rence\u00a0\u00bb, pr\u00e9cisant que sa tourn\u00e9e dans les pays arabes \u00ab\u00a0ne s&rsquo;inscrit pas dans le cadre d&rsquo;une initiative alg\u00e9rienne visant la r\u00e9solution de cette crise\u00a0\u00bb.<\/p>\n<p>&#013;<\/p>\n<p>Il a r\u00e9affirm\u00e9, \u00e0 ce propos, que l&rsquo;Alg\u00e9rie \u00e9tait \u00ab\u00a0le premier pays \u00e0 plaider pour une solution bas\u00e9e sur le dialogue\u00a0\u00bb.<\/p>\n<p>&#013;<\/p>\n<p>Evoquant la crise libyenne, le chef de la diplomatie alg\u00e9rienne a soulign\u00e9 que l&rsquo;Alg\u00e9rie a d\u00e9ploy\u00e9 de grands efforts diplomatiques pour la r\u00e9solution de cette crise \u00ab\u00a0loin de la diplomatie spectaculaire\u00a0\u00bb, rappelant que ces efforts ont \u00e9t\u00e9 salu\u00e9s par toutes les parties en conflit et la communaut\u00e9 internationale.<\/p>\n<p>&#013;<\/p>\n<p>Interrog\u00e9 sur la question palestinienne, notamment apr\u00e8s les r\u00e9cents d\u00e9veloppements survenus \u00e0 El Qods occup\u00e9e, M. Messahel a indiqu\u00e9 que l&rsquo;Alg\u00e9rie, qui a pr\u00e9sid\u00e9 les travaux de la 147e session du Conseil de la Ligue arabe, a plaid\u00e9 pour l&rsquo;unification de la position des pays arabes et la n\u00e9cessit\u00e9 de placer la cause palestinienne au centre des pr\u00e9occupations de la nation arabe.<\/p>\n<p>&#013;<\/p>\n<p class=\"MsoNormal\">Par ailleurs, le ministre a indiqu\u00e9 que la d\u00e9signation d&rsquo;un nouvel ambassadeur d&rsquo;Alg\u00e9rie en France (dont le poste est rest\u00e9 vacant depuis plusieurs mois) \u00ab\u00a0interviendra dans le cadre d&rsquo;un mouvement du corps diplomatique qui aura lieu au moment opportun\u00a0\u00bb, rappelant que cette d\u00e9signation \u00ab\u00a0rel\u00e8ve des pr\u00e9rogatives du pr\u00e9sident de la R\u00e9publique\u00a0\u00bb.<\/p>\n<\/div>\n<p>&#013;<br \/>\nSource: <a href=\"http:\/\/www.aps.dz\/algerie\/61696-messahel-affirme-que-sa-recente-tournee-dans-le-monde-arabe-etait-tres-utile\" target=\"_blank\">Messahel affirme que sa r\u00e9cente tourn\u00e9e dans le monde arabe \u00e9tait tr\u00e8s utile<\/a><\/p>\n<!--CusAds0-->\n<div style=\"font-size: 0px; height: 0px; line-height: 0px; margin: 0; padding: 0; clear: both;\"><\/div>","protected":false},"excerpt":{"rendered":"<p>ALGER &#8211; Le ministre des Affaires \u00e9trang\u00e8res, Abdelkader Messahel, a affirm\u00e9 dimanche \u00e0 Alger, que sa r\u00e9cente tourn\u00e9e dans plusieurs pays arabes, sur instruction du pr\u00e9sident de la R\u00e9publique, a \u00e9t\u00e9 \u00ab\u00a0tr\u00e8s utile\u00a0\u00bb et qu&rsquo;elle avait permis de conclure des accords pour le lancement de commissions mixtes d\u00e9di\u00e9es \u00ab\u00a0exclusivement aux questions \u00e9conomiques\u00a0\u00bb. &#013; &#013; \u00ab\u00a0Ma<\/p>\n","protected":false},"author":6,"featured_media":15001,"comment_status":"open","ping_status":"open","sticky":false,"template":"","format":"standard","meta":{"footnotes":""},"categories":[22],"tags":[93],"class_list":["post-15000","post","type-post","status-publish","format-standard","has-post-thumbnail","hentry","category-infos","tag-onu"],"yoast_head":"<!-- This site is optimized with the Yoast SEO plugin v27.5 - https:\/\/yoast.com\/product\/yoast-seo-wordpress\/ -->\n<title>Messahel affirme que sa r\u00e9cente tourn\u00e9e dans le monde arabe \u00e9tait tr\u00e8s utile - info algerie<\/title>\n<meta name=\"robots\" content=\"index, follow, max-snippet:-1, max-image-preview:large, max-video-preview:-1\" \/>\n<link rel=\"canonical\" href=\"https:\/\/www.info-algerie.com\/actualites\/messahel-affirme-que-sa-recente-tournee-dans-le-monde-arabe-etait-tres-utile\/\" \/>\n<meta property=\"og:locale\" content=\"fr_FR\" \/>\n<meta property=\"og:type\" content=\"article\" \/>\n<meta property=\"og:title\" content=\"Messahel affirme que sa r\u00e9cente tourn\u00e9e dans le monde arabe \u00e9tait tr\u00e8s utile - info algerie\" \/>\n<meta property=\"og:description\" content=\"ALGER &#8211; Le ministre des Affaires \u00e9trang\u00e8res, Abdelkader Messahel, a affirm\u00e9 dimanche \u00e0 Alger, que sa r\u00e9cente tourn\u00e9e dans plusieurs pays arabes, sur instruction du pr\u00e9sident de la R\u00e9publique, a \u00e9t\u00e9 \u00ab\u00a0tr\u00e8s utile\u00a0\u00bb et qu&rsquo;elle avait permis de conclure des accords pour le lancement de commissions mixtes d\u00e9di\u00e9es \u00ab\u00a0exclusivement aux questions \u00e9conomiques\u00a0\u00bb. &#013; &#013; \u00ab\u00a0Ma\" \/>\n<meta property=\"og:url\" content=\"https:\/\/www.info-algerie.com\/actualites\/messahel-affirme-que-sa-recente-tournee-dans-le-monde-arabe-etait-tres-utile\/\" \/>\n<meta property=\"og:site_name\" content=\"info algerie\" \/>\n<meta property=\"article:publisher\" content=\"https:\/\/www.facebook.com\/infoalgerieactu\" \/>\n<meta property=\"article:published_time\" content=\"2017-08-13T17:07:42+00:00\" \/>\n<meta property=\"og:image\" content=\"https:\/\/www.info-algerie.com\/actualites\/wp-content\/uploads\/2017\/08\/489e11f14a6630a8a51750f6305b9b21_S-1.jpg\" \/>\n\t<meta property=\"og:image:width\" content=\"280\" \/>\n\t<meta property=\"og:image:height\" content=\"169\" \/>\n\t<meta property=\"og:image:type\" content=\"image\/jpeg\" \/>\n<meta name=\"author\" content=\"La r\u00e9daction\" \/>\n<meta name=\"twitter:label1\" content=\"\u00c9crit par\" \/>\n\t<meta name=\"twitter:data1\" content=\"La r\u00e9daction\" \/>\n\t<meta name=\"twitter:label2\" content=\"Dur\u00e9e de lecture estim\u00e9e\" \/>\n\t<meta name=\"twitter:data2\" content=\"3 minutes\" \/>\n<script type=\"application\/ld+json\" class=\"yoast-schema-graph\">{\"@context\":\"https:\\\/\\\/schema.org\",\"@graph\":[{\"@type\":\"Article\",\"@id\":\"https:\\\/\\\/www.info-algerie.com\\\/actualites\\\/messahel-affirme-que-sa-recente-tournee-dans-le-monde-arabe-etait-tres-utile\\\/#article\",\"isPartOf\":{\"@id\":\"https:\\\/\\\/www.info-algerie.com\\\/actualites\\\/messahel-affirme-que-sa-recente-tournee-dans-le-monde-arabe-etait-tres-utile\\\/\"},\"author\":{\"name\":\"La r\u00e9daction\",\"@id\":\"https:\\\/\\\/www.info-algerie.com\\\/actualites\\\/#\\\/schema\\\/person\\\/847aaec44920825b843a08f30ec6aa1e\"},\"headline\":\"Messahel affirme que sa r\u00e9cente tourn\u00e9e dans le monde arabe \u00e9tait tr\u00e8s utile\",\"datePublished\":\"2017-08-13T17:07:42+00:00\",\"mainEntityOfPage\":{\"@id\":\"https:\\\/\\\/www.info-algerie.com\\\/actualites\\\/messahel-affirme-que-sa-recente-tournee-dans-le-monde-arabe-etait-tres-utile\\\/\"},\"wordCount\":613,\"commentCount\":0,\"publisher\":{\"@id\":\"https:\\\/\\\/www.info-algerie.com\\\/actualites\\\/#organization\"},\"image\":{\"@id\":\"https:\\\/\\\/www.info-algerie.com\\\/actualites\\\/messahel-affirme-que-sa-recente-tournee-dans-le-monde-arabe-etait-tres-utile\\\/#primaryimage\"},\"thumbnailUrl\":\"https:\\\/\\\/www.info-algerie.com\\\/actualites\\\/wp-content\\\/uploads\\\/2017\\\/08\\\/489e11f14a6630a8a51750f6305b9b21_S-1.jpg\",\"keywords\":[\"ONU\"],\"articleSection\":[\"infos\"],\"inLanguage\":\"fr-FR\",\"potentialAction\":[{\"@type\":\"CommentAction\",\"name\":\"Comment\",\"target\":[\"https:\\\/\\\/www.info-algerie.com\\\/actualites\\\/messahel-affirme-que-sa-recente-tournee-dans-le-monde-arabe-etait-tres-utile\\\/#respond\"]}]},{\"@type\":\"WebPage\",\"@id\":\"https:\\\/\\\/www.info-algerie.com\\\/actualites\\\/messahel-affirme-que-sa-recente-tournee-dans-le-monde-arabe-etait-tres-utile\\\/\",\"url\":\"https:\\\/\\\/www.info-algerie.com\\\/actualites\\\/messahel-affirme-que-sa-recente-tournee-dans-le-monde-arabe-etait-tres-utile\\\/\",\"name\":\"Messahel affirme que sa r\u00e9cente tourn\u00e9e dans le monde arabe \u00e9tait tr\u00e8s utile - info algerie\",\"isPartOf\":{\"@id\":\"https:\\\/\\\/www.info-algerie.com\\\/actualites\\\/#website\"},\"primaryImageOfPage\":{\"@id\":\"https:\\\/\\\/www.info-algerie.com\\\/actualites\\\/messahel-affirme-que-sa-recente-tournee-dans-le-monde-arabe-etait-tres-utile\\\/#primaryimage\"},\"image\":{\"@id\":\"https:\\\/\\\/www.info-algerie.com\\\/actualites\\\/messahel-affirme-que-sa-recente-tournee-dans-le-monde-arabe-etait-tres-utile\\\/#primaryimage\"},\"thumbnailUrl\":\"https:\\\/\\\/www.info-algerie.com\\\/actualites\\\/wp-content\\\/uploads\\\/2017\\\/08\\\/489e11f14a6630a8a51750f6305b9b21_S-1.jpg\",\"datePublished\":\"2017-08-13T17:07:42+00:00\",\"breadcrumb\":{\"@id\":\"https:\\\/\\\/www.info-algerie.com\\\/actualites\\\/messahel-affirme-que-sa-recente-tournee-dans-le-monde-arabe-etait-tres-utile\\\/#breadcrumb\"},\"inLanguage\":\"fr-FR\",\"potentialAction\":[{\"@type\":\"ReadAction\",\"target\":[\"https:\\\/\\\/www.info-algerie.com\\\/actualites\\\/messahel-affirme-que-sa-recente-tournee-dans-le-monde-arabe-etait-tres-utile\\\/\"]}]},{\"@type\":\"ImageObject\",\"inLanguage\":\"fr-FR\",\"@id\":\"https:\\\/\\\/www.info-algerie.com\\\/actualites\\\/messahel-affirme-que-sa-recente-tournee-dans-le-monde-arabe-etait-tres-utile\\\/#primaryimage\",\"url\":\"https:\\\/\\\/www.info-algerie.com\\\/actualites\\\/wp-content\\\/uploads\\\/2017\\\/08\\\/489e11f14a6630a8a51750f6305b9b21_S-1.jpg\",\"contentUrl\":\"https:\\\/\\\/www.info-algerie.com\\\/actualites\\\/wp-content\\\/uploads\\\/2017\\\/08\\\/489e11f14a6630a8a51750f6305b9b21_S-1.jpg\",\"width\":280,\"height\":169},{\"@type\":\"BreadcrumbList\",\"@id\":\"https:\\\/\\\/www.info-algerie.com\\\/actualites\\\/messahel-affirme-que-sa-recente-tournee-dans-le-monde-arabe-etait-tres-utile\\\/#breadcrumb\",\"itemListElement\":[{\"@type\":\"ListItem\",\"position\":1,\"name\":\"Accueil\",\"item\":\"https:\\\/\\\/www.info-algerie.com\\\/actualites\\\/\"},{\"@type\":\"ListItem\",\"position\":2,\"name\":\"Messahel affirme que sa r\u00e9cente tourn\u00e9e dans le monde arabe \u00e9tait tr\u00e8s utile\"}]},{\"@type\":\"WebSite\",\"@id\":\"https:\\\/\\\/www.info-algerie.com\\\/actualites\\\/#website\",\"url\":\"https:\\\/\\\/www.info-algerie.com\\\/actualites\\\/\",\"name\":\"info algerie\",\"description\":\"Toutes les actualit\u00e9s\",\"publisher\":{\"@id\":\"https:\\\/\\\/www.info-algerie.com\\\/actualites\\\/#organization\"},\"potentialAction\":[{\"@type\":\"SearchAction\",\"target\":{\"@type\":\"EntryPoint\",\"urlTemplate\":\"https:\\\/\\\/www.info-algerie.com\\\/actualites\\\/?s={search_term_string}\"},\"query-input\":{\"@type\":\"PropertyValueSpecification\",\"valueRequired\":true,\"valueName\":\"search_term_string\"}}],\"inLanguage\":\"fr-FR\"},{\"@type\":\"Organization\",\"@id\":\"https:\\\/\\\/www.info-algerie.com\\\/actualites\\\/#organization\",\"name\":\"info algerie\",\"url\":\"https:\\\/\\\/www.info-algerie.com\\\/actualites\\\/\",\"logo\":{\"@type\":\"ImageObject\",\"inLanguage\":\"fr-FR\",\"@id\":\"https:\\\/\\\/www.info-algerie.com\\\/actualites\\\/#\\\/schema\\\/logo\\\/image\\\/\",\"url\":\"https:\\\/\\\/www.info-algerie.com\\\/actualites\\\/wp-content\\\/uploads\\\/2022\\\/07\\\/logo-ia-120.png\",\"contentUrl\":\"https:\\\/\\\/www.info-algerie.com\\\/actualites\\\/wp-content\\\/uploads\\\/2022\\\/07\\\/logo-ia-120.png\",\"width\":120,\"height\":43,\"caption\":\"info algerie\"},\"image\":{\"@id\":\"https:\\\/\\\/www.info-algerie.com\\\/actualites\\\/#\\\/schema\\\/logo\\\/image\\\/\"},\"sameAs\":[\"https:\\\/\\\/www.facebook.com\\\/infoalgerieactu\",\"https:\\\/\\\/x.com\\\/infoalgerie1\"]},{\"@type\":\"Person\",\"@id\":\"https:\\\/\\\/www.info-algerie.com\\\/actualites\\\/#\\\/schema\\\/person\\\/847aaec44920825b843a08f30ec6aa1e\",\"name\":\"La r\u00e9daction\",\"image\":{\"@type\":\"ImageObject\",\"inLanguage\":\"fr-FR\",\"@id\":\"https:\\\/\\\/secure.gravatar.com\\\/avatar\\\/769db425c6f465158149f1ffd6cf61ce7a8a879d11dfbef8288af36dfddd418c?s=96&d=mm&r=g\",\"url\":\"https:\\\/\\\/secure.gravatar.com\\\/avatar\\\/769db425c6f465158149f1ffd6cf61ce7a8a879d11dfbef8288af36dfddd418c?s=96&d=mm&r=g\",\"contentUrl\":\"https:\\\/\\\/secure.gravatar.com\\\/avatar\\\/769db425c6f465158149f1ffd6cf61ce7a8a879d11dfbef8288af36dfddd418c?s=96&d=mm&r=g\",\"caption\":\"La r\u00e9daction\"},\"sameAs\":[\"http:\\\/\\\/www.lkeria.com\\\/\"],\"url\":\"https:\\\/\\\/www.info-algerie.com\\\/actualites\\\/author\\\/chakib32\\\/\"}]}<\/script>\n<!-- \/ Yoast SEO plugin. -->","yoast_head_json":{"title":"Messahel affirme que sa r\u00e9cente tourn\u00e9e dans le monde arabe \u00e9tait tr\u00e8s utile - info algerie","robots":{"index":"index","follow":"follow","max-snippet":"max-snippet:-1","max-image-preview":"max-image-preview:large","max-video-preview":"max-video-preview:-1"},"canonical":"https:\/\/www.info-algerie.com\/actualites\/messahel-affirme-que-sa-recente-tournee-dans-le-monde-arabe-etait-tres-utile\/","og_locale":"fr_FR","og_type":"article","og_title":"Messahel affirme que sa r\u00e9cente tourn\u00e9e dans le monde arabe \u00e9tait tr\u00e8s utile - info algerie","og_description":"ALGER &#8211; Le ministre des Affaires \u00e9trang\u00e8res, Abdelkader Messahel, a affirm\u00e9 dimanche \u00e0 Alger, que sa r\u00e9cente tourn\u00e9e dans plusieurs pays arabes, sur instruction du pr\u00e9sident de la R\u00e9publique, a \u00e9t\u00e9 \u00ab\u00a0tr\u00e8s utile\u00a0\u00bb et qu&rsquo;elle avait permis de conclure des accords pour le lancement de commissions mixtes d\u00e9di\u00e9es \u00ab\u00a0exclusivement aux questions \u00e9conomiques\u00a0\u00bb. &#013; &#013; \u00ab\u00a0Ma","og_url":"https:\/\/www.info-algerie.com\/actualites\/messahel-affirme-que-sa-recente-tournee-dans-le-monde-arabe-etait-tres-utile\/","og_site_name":"info algerie","article_publisher":"https:\/\/www.facebook.com\/infoalgerieactu","article_published_time":"2017-08-13T17:07:42+00:00","og_image":[{"width":280,"height":169,"url":"https:\/\/www.info-algerie.com\/actualites\/wp-content\/uploads\/2017\/08\/489e11f14a6630a8a51750f6305b9b21_S-1.jpg","type":"image\/jpeg"}],"author":"La r\u00e9daction","twitter_misc":{"\u00c9crit par":"La r\u00e9daction","Dur\u00e9e de lecture estim\u00e9e":"3 minutes"},"schema":{"@context":"https:\/\/schema.org","@graph":[{"@type":"Article","@id":"https:\/\/www.info-algerie.com\/actualites\/messahel-affirme-que-sa-recente-tournee-dans-le-monde-arabe-etait-tres-utile\/#article","isPartOf":{"@id":"https:\/\/www.info-algerie.com\/actualites\/messahel-affirme-que-sa-recente-tournee-dans-le-monde-arabe-etait-tres-utile\/"},"author":{"name":"La r\u00e9daction","@id":"https:\/\/www.info-algerie.com\/actualites\/#\/schema\/person\/847aaec44920825b843a08f30ec6aa1e"},"headline":"Messahel affirme que sa r\u00e9cente tourn\u00e9e dans le monde arabe \u00e9tait tr\u00e8s utile","datePublished":"2017-08-13T17:07:42+00:00","mainEntityOfPage":{"@id":"https:\/\/www.info-algerie.com\/actualites\/messahel-affirme-que-sa-recente-tournee-dans-le-monde-arabe-etait-tres-utile\/"},"wordCount":613,"commentCount":0,"publisher":{"@id":"https:\/\/www.info-algerie.com\/actualites\/#organization"},"image":{"@id":"https:\/\/www.info-algerie.com\/actualites\/messahel-affirme-que-sa-recente-tournee-dans-le-monde-arabe-etait-tres-utile\/#primaryimage"},"thumbnailUrl":"https:\/\/www.info-algerie.com\/actualites\/wp-content\/uploads\/2017\/08\/489e11f14a6630a8a51750f6305b9b21_S-1.jpg","keywords":["ONU"],"articleSection":["infos"],"inLanguage":"fr-FR","potentialAction":[{"@type":"CommentAction","name":"Comment","target":["https:\/\/www.info-algerie.com\/actualites\/messahel-affirme-que-sa-recente-tournee-dans-le-monde-arabe-etait-tres-utile\/#respond"]}]},{"@type":"WebPage","@id":"https:\/\/www.info-algerie.com\/actualites\/messahel-affirme-que-sa-recente-tournee-dans-le-monde-arabe-etait-tres-utile\/","url":"https:\/\/www.info-algerie.com\/actualites\/messahel-affirme-que-sa-recente-tournee-dans-le-monde-arabe-etait-tres-utile\/","name":"Messahel affirme que sa r\u00e9cente tourn\u00e9e dans le monde arabe \u00e9tait tr\u00e8s utile - info algerie","isPartOf":{"@id":"https:\/\/www.info-algerie.com\/actualites\/#website"},"primaryImageOfPage":{"@id":"https:\/\/www.info-algerie.com\/actualites\/messahel-affirme-que-sa-recente-tournee-dans-le-monde-arabe-etait-tres-utile\/#primaryimage"},"image":{"@id":"https:\/\/www.info-algerie.com\/actualites\/messahel-affirme-que-sa-recente-tournee-dans-le-monde-arabe-etait-tres-utile\/#primaryimage"},"thumbnailUrl":"https:\/\/www.info-algerie.com\/actualites\/wp-content\/uploads\/2017\/08\/489e11f14a6630a8a51750f6305b9b21_S-1.jpg","datePublished":"2017-08-13T17:07:42+00:00","breadcrumb":{"@id":"https:\/\/www.info-algerie.com\/actualites\/messahel-affirme-que-sa-recente-tournee-dans-le-monde-arabe-etait-tres-utile\/#breadcrumb"},"inLanguage":"fr-FR","potentialAction":[{"@type":"ReadAction","target":["https:\/\/www.info-algerie.com\/actualites\/messahel-affirme-que-sa-recente-tournee-dans-le-monde-arabe-etait-tres-utile\/"]}]},{"@type":"ImageObject","inLanguage":"fr-FR","@id":"https:\/\/www.info-algerie.com\/actualites\/messahel-affirme-que-sa-recente-tournee-dans-le-monde-arabe-etait-tres-utile\/#primaryimage","url":"https:\/\/www.info-algerie.com\/actualites\/wp-content\/uploads\/2017\/08\/489e11f14a6630a8a51750f6305b9b21_S-1.jpg","contentUrl":"https:\/\/www.info-algerie.com\/actualites\/wp-content\/uploads\/2017\/08\/489e11f14a6630a8a51750f6305b9b21_S-1.jpg","width":280,"height":169},{"@type":"BreadcrumbList","@id":"https:\/\/www.info-algerie.com\/actualites\/messahel-affirme-que-sa-recente-tournee-dans-le-monde-arabe-etait-tres-utile\/#breadcrumb","itemListElement":[{"@type":"ListItem","position":1,"name":"Accueil","item":"https:\/\/www.info-algerie.com\/actualites\/"},{"@type":"ListItem","position":2,"name":"Messahel affirme que sa r\u00e9cente tourn\u00e9e dans le monde arabe \u00e9tait tr\u00e8s utile"}]},{"@type":"WebSite","@id":"https:\/\/www.info-algerie.com\/actualites\/#website","url":"https:\/\/www.info-algerie.com\/actualites\/","name":"info algerie","description":"Toutes les actualit\u00e9s","publisher":{"@id":"https:\/\/www.info-algerie.com\/actualites\/#organization"},"potentialAction":[{"@type":"SearchAction","target":{"@type":"EntryPoint","urlTemplate":"https:\/\/www.info-algerie.com\/actualites\/?s={search_term_string}"},"query-input":{"@type":"PropertyValueSpecification","valueRequired":true,"valueName":"search_term_string"}}],"inLanguage":"fr-FR"},{"@type":"Organization","@id":"https:\/\/www.info-algerie.com\/actualites\/#organization","name":"info algerie","url":"https:\/\/www.info-algerie.com\/actualites\/","logo":{"@type":"ImageObject","inLanguage":"fr-FR","@id":"https:\/\/www.info-algerie.com\/actualites\/#\/schema\/logo\/image\/","url":"https:\/\/www.info-algerie.com\/actualites\/wp-content\/uploads\/2022\/07\/logo-ia-120.png","contentUrl":"https:\/\/www.info-algerie.com\/actualites\/wp-content\/uploads\/2022\/07\/logo-ia-120.png","width":120,"height":43,"caption":"info algerie"},"image":{"@id":"https:\/\/www.info-algerie.com\/actualites\/#\/schema\/logo\/image\/"},"sameAs":["https:\/\/www.facebook.com\/infoalgerieactu","https:\/\/x.com\/infoalgerie1"]},{"@type":"Person","@id":"https:\/\/www.info-algerie.com\/actualites\/#\/schema\/person\/847aaec44920825b843a08f30ec6aa1e","name":"La r\u00e9daction","image":{"@type":"ImageObject","inLanguage":"fr-FR","@id":"https:\/\/secure.gravatar.com\/avatar\/769db425c6f465158149f1ffd6cf61ce7a8a879d11dfbef8288af36dfddd418c?s=96&d=mm&r=g","url":"https:\/\/secure.gravatar.com\/avatar\/769db425c6f465158149f1ffd6cf61ce7a8a879d11dfbef8288af36dfddd418c?s=96&d=mm&r=g","contentUrl":"https:\/\/secure.gravatar.com\/avatar\/769db425c6f465158149f1ffd6cf61ce7a8a879d11dfbef8288af36dfddd418c?s=96&d=mm&r=g","caption":"La r\u00e9daction"},"sameAs":["http:\/\/www.lkeria.com\/"],"url":"https:\/\/www.info-algerie.com\/actualites\/author\/chakib32\/"}]}},"_links":{"self":[{"href":"https:\/\/www.info-algerie.com\/actualites\/wp-json\/wp\/v2\/posts\/15000","targetHints":{"allow":["GET"]}}],"collection":[{"href":"https:\/\/www.info-algerie.com\/actualites\/wp-json\/wp\/v2\/posts"}],"about":[{"href":"https:\/\/www.info-algerie.com\/actualites\/wp-json\/wp\/v2\/types\/post"}],"author":[{"embeddable":true,"href":"https:\/\/www.info-algerie.com\/actualites\/wp-json\/wp\/v2\/users\/6"}],"replies":[{"embeddable":true,"href":"https:\/\/www.info-algerie.com\/actualites\/wp-json\/wp\/v2\/comments?post=15000"}],"version-history":[{"count":0,"href":"https:\/\/www.info-algerie.com\/actualites\/wp-json\/wp\/v2\/posts\/15000\/revisions"}],"wp:featuredmedia":[{"embeddable":true,"href":"https:\/\/www.info-algerie.com\/actualites\/wp-json\/wp\/v2\/media\/15001"}],"wp:attachment":[{"href":"https:\/\/www.info-algerie.com\/actualites\/wp-json\/wp\/v2\/media?parent=15000"}],"wp:term":[{"taxonomy":"category","embeddable":true,"href":"https:\/\/www.info-algerie.com\/actualites\/wp-json\/wp\/v2\/categories?post=15000"},{"taxonomy":"post_tag","embeddable":true,"href":"https:\/\/www.info-algerie.com\/actualites\/wp-json\/wp\/v2\/tags?post=15000"}],"curies":[{"name":"wp","href":"https:\/\/api.w.org\/{rel}","templated":true}]}}