{"id":15007,"date":"2017-08-14T12:07:33","date_gmt":"2017-08-14T11:07:33","guid":{"rendered":"http:\/\/www.info-algerie.com\/actualites\/le-president-bouteflika-felicite-son-homologue-pakistanais-a-loccasion-du-70e-anniversaire-de-lindependance-de-son-pays\/"},"modified":"2017-08-14T12:07:33","modified_gmt":"2017-08-14T11:07:33","slug":"le-president-bouteflika-felicite-son-homologue-pakistanais-a-loccasion-du-70e-anniversaire-de-lindependance-de-son-pays","status":"publish","type":"post","link":"https:\/\/www.info-algerie.com\/actualites\/le-president-bouteflika-felicite-son-homologue-pakistanais-a-loccasion-du-70e-anniversaire-de-lindependance-de-son-pays\/","title":{"rendered":"Le Pr\u00e9sident Bouteflika f\u00e9licite son homologue pakistanais \u00e0 l&#039;occasion du\u00a070e anniversaire de l&#039;ind\u00e9pendance de son pays"},"content":{"rendered":"<div class=\"K2FeedIntroText\">\n<p>ALGER- Le pr\u00e9sident de la R\u00e9publique, Abdelaziz\u00a0 Bouteflika, a adress\u00e9 un message de f\u00e9licitations \u00e0 son homologue\u00a0 pakistanais, Mamnoon Hussain \u00e0 l`occasion du 70e anniversaire de\u00a0 l`ind\u00e9pendance de son pays, dans lequel il lui a r\u00e9affirm\u00e9 sa volont\u00e9 de\u00a0 continuer \u00e0 \u0153uvrer au raffermissement des relations bilat\u00e9rales.\u00a0<\/p>\n<p>&#013;\n<\/p><\/div>\n<div class=\"K2FeedFullText\">&#013;<\/p>\n<p>\u00ab\u00a0Il m&rsquo;est agr\u00e9able au moment o\u00f9 la R\u00e9publique islamique du Pakistan c\u00e9l\u00e8bre le 70e anniversaire de son ind\u00e9pendance, de vous adresser, au nom du peuple et du gouvernement alg\u00e9riens et en mon nom personnel, mes\u00a0 chaleureuses f\u00e9licitations et mes v\u0153ux les meilleurs de sant\u00e9 et de bien\u00a0\u00eatre, et au peuple pakistanais fr\u00e8re davantage de progr\u00e8s et de\u00a0 prosp\u00e9rit\u00e9\u00a0\u00bb, a \u00e9crit le Pr\u00e9sident Bouteflika dans son message.<\/p>\n<p>&#013;<\/p>\n<p>\u00a0<\/p>\n<p>&#013;<\/p>\n<p>\u00a0<\/p>\n<p>&#013;<\/p>\n<p class=\"MsoNormal\">\u00ab\u00a0Je tiens, \u00e9galement, \u00e0 saluer les relations traditionnelles d`amiti\u00e9\u00a0 unissant l`Alg\u00e9rie et le Pakistan et \u00e0 vous renouveler mon enti\u00e8re\u00a0 disposition \u00e0 \u0153uvrer de concert avec vous au renforcement des relations\u00a0 bilat\u00e9rales au mieux des int\u00e9r\u00eats de nos peuples fr\u00e8res\u00a0\u00bb, a conclu le chef de l`Etat.\u00a0 \u00a0 \u00a0 \u00a0 \u00a0 \u00a0 \u00a0 \u00a0 \u00a0 \u00a0 \u00a0 \u00a0 \u00a0\u00a0<\/p>\n<\/div>\n<p>&#013;<br \/>\nSource: <a href=\"http:\/\/www.aps.dz\/algerie\/61706-le-president-bouteflika-felicite-son-homologue-pakistanais-a-l-occasion-du-70e-anniversaire-de-l-independance-de-son-pays\" target=\"_blank\">Le Pr\u00e9sident Bouteflika f\u00e9licite son homologue pakistanais \u00e0 l&rsquo;occasion du\u00a070e anniversaire de l&rsquo;ind\u00e9pendance de son pays<\/a><\/p>\n<!--CusAds0-->\n<div style=\"font-size: 0px; height: 0px; line-height: 0px; margin: 0; padding: 0; clear: both;\"><\/div>","protected":false},"excerpt":{"rendered":"<p>ALGER- Le pr\u00e9sident de la R\u00e9publique, Abdelaziz\u00a0 Bouteflika, a adress\u00e9 un message de f\u00e9licitations \u00e0 son homologue\u00a0 pakistanais, Mamnoon Hussain \u00e0 l`occasion du 70e anniversaire de\u00a0 l`ind\u00e9pendance de son pays, dans lequel il lui a r\u00e9affirm\u00e9 sa volont\u00e9 de\u00a0 continuer \u00e0 \u0153uvrer au raffermissement des relations bilat\u00e9rales.\u00a0 &#013; &#013; \u00ab\u00a0Il m&rsquo;est agr\u00e9able au moment o\u00f9<\/p>\n","protected":false},"author":6,"featured_media":0,"comment_status":"open","ping_status":"open","sticky":false,"template":"","format":"standard","meta":{"footnotes":""},"categories":[22],"tags":[93],"class_list":["post-15007","post","type-post","status-publish","format-standard","hentry","category-infos","tag-onu"],"yoast_head":"<!-- This site is optimized with the Yoast SEO plugin v27.5 - https:\/\/yoast.com\/product\/yoast-seo-wordpress\/ -->\n<title>Le Pr\u00e9sident Bouteflika f\u00e9licite son homologue pakistanais \u00e0 l&#039;occasion du\u00a070e anniversaire de l&#039;ind\u00e9pendance de son pays - info algerie<\/title>\n<meta name=\"robots\" content=\"index, follow, max-snippet:-1, max-image-preview:large, max-video-preview:-1\" \/>\n<link rel=\"canonical\" href=\"https:\/\/www.info-algerie.com\/actualites\/le-president-bouteflika-felicite-son-homologue-pakistanais-a-loccasion-du-70e-anniversaire-de-lindependance-de-son-pays\/\" \/>\n<meta property=\"og:locale\" content=\"fr_FR\" \/>\n<meta property=\"og:type\" content=\"article\" \/>\n<meta property=\"og:title\" content=\"Le Pr\u00e9sident Bouteflika f\u00e9licite son homologue pakistanais \u00e0 l&#039;occasion du\u00a070e anniversaire de l&#039;ind\u00e9pendance de son pays - info algerie\" \/>\n<meta property=\"og:description\" content=\"ALGER- Le pr\u00e9sident de la R\u00e9publique, Abdelaziz\u00a0 Bouteflika, a adress\u00e9 un message de f\u00e9licitations \u00e0 son homologue\u00a0 pakistanais, Mamnoon Hussain \u00e0 l`occasion du 70e anniversaire de\u00a0 l`ind\u00e9pendance de son pays, dans lequel il lui a r\u00e9affirm\u00e9 sa volont\u00e9 de\u00a0 continuer \u00e0 \u0153uvrer au raffermissement des relations bilat\u00e9rales.\u00a0 &#013; &#013; \u00ab\u00a0Il m&rsquo;est agr\u00e9able au moment o\u00f9\" \/>\n<meta property=\"og:url\" content=\"https:\/\/www.info-algerie.com\/actualites\/le-president-bouteflika-felicite-son-homologue-pakistanais-a-loccasion-du-70e-anniversaire-de-lindependance-de-son-pays\/\" \/>\n<meta property=\"og:site_name\" content=\"info algerie\" \/>\n<meta property=\"article:publisher\" content=\"https:\/\/www.facebook.com\/infoalgerieactu\" \/>\n<meta property=\"article:published_time\" content=\"2017-08-14T11:07:33+00:00\" \/>\n<meta name=\"author\" content=\"La r\u00e9daction\" \/>\n<meta name=\"twitter:label1\" content=\"\u00c9crit par\" \/>\n\t<meta name=\"twitter:data1\" content=\"La r\u00e9daction\" \/>\n\t<meta name=\"twitter:label2\" content=\"Dur\u00e9e de lecture estim\u00e9e\" \/>\n\t<meta name=\"twitter:data2\" content=\"1 minute\" \/>\n<script type=\"application\/ld+json\" class=\"yoast-schema-graph\">{\"@context\":\"https:\\\/\\\/schema.org\",\"@graph\":[{\"@type\":\"Article\",\"@id\":\"https:\\\/\\\/www.info-algerie.com\\\/actualites\\\/le-president-bouteflika-felicite-son-homologue-pakistanais-a-loccasion-du-70e-anniversaire-de-lindependance-de-son-pays\\\/#article\",\"isPartOf\":{\"@id\":\"https:\\\/\\\/www.info-algerie.com\\\/actualites\\\/le-president-bouteflika-felicite-son-homologue-pakistanais-a-loccasion-du-70e-anniversaire-de-lindependance-de-son-pays\\\/\"},\"author\":{\"name\":\"La r\u00e9daction\",\"@id\":\"https:\\\/\\\/www.info-algerie.com\\\/actualites\\\/#\\\/schema\\\/person\\\/847aaec44920825b843a08f30ec6aa1e\"},\"headline\":\"Le Pr\u00e9sident Bouteflika f\u00e9licite son homologue pakistanais \u00e0 l&#039;occasion du\u00a070e anniversaire de l&#039;ind\u00e9pendance de son pays\",\"datePublished\":\"2017-08-14T11:07:33+00:00\",\"mainEntityOfPage\":{\"@id\":\"https:\\\/\\\/www.info-algerie.com\\\/actualites\\\/le-president-bouteflika-felicite-son-homologue-pakistanais-a-loccasion-du-70e-anniversaire-de-lindependance-de-son-pays\\\/\"},\"wordCount\":227,\"commentCount\":0,\"publisher\":{\"@id\":\"https:\\\/\\\/www.info-algerie.com\\\/actualites\\\/#organization\"},\"keywords\":[\"ONU\"],\"articleSection\":[\"infos\"],\"inLanguage\":\"fr-FR\",\"potentialAction\":[{\"@type\":\"CommentAction\",\"name\":\"Comment\",\"target\":[\"https:\\\/\\\/www.info-algerie.com\\\/actualites\\\/le-president-bouteflika-felicite-son-homologue-pakistanais-a-loccasion-du-70e-anniversaire-de-lindependance-de-son-pays\\\/#respond\"]}]},{\"@type\":\"WebPage\",\"@id\":\"https:\\\/\\\/www.info-algerie.com\\\/actualites\\\/le-president-bouteflika-felicite-son-homologue-pakistanais-a-loccasion-du-70e-anniversaire-de-lindependance-de-son-pays\\\/\",\"url\":\"https:\\\/\\\/www.info-algerie.com\\\/actualites\\\/le-president-bouteflika-felicite-son-homologue-pakistanais-a-loccasion-du-70e-anniversaire-de-lindependance-de-son-pays\\\/\",\"name\":\"Le Pr\u00e9sident Bouteflika f\u00e9licite son homologue pakistanais \u00e0 l&#039;occasion du\u00a070e anniversaire de l&#039;ind\u00e9pendance de son pays - info algerie\",\"isPartOf\":{\"@id\":\"https:\\\/\\\/www.info-algerie.com\\\/actualites\\\/#website\"},\"datePublished\":\"2017-08-14T11:07:33+00:00\",\"breadcrumb\":{\"@id\":\"https:\\\/\\\/www.info-algerie.com\\\/actualites\\\/le-president-bouteflika-felicite-son-homologue-pakistanais-a-loccasion-du-70e-anniversaire-de-lindependance-de-son-pays\\\/#breadcrumb\"},\"inLanguage\":\"fr-FR\",\"potentialAction\":[{\"@type\":\"ReadAction\",\"target\":[\"https:\\\/\\\/www.info-algerie.com\\\/actualites\\\/le-president-bouteflika-felicite-son-homologue-pakistanais-a-loccasion-du-70e-anniversaire-de-lindependance-de-son-pays\\\/\"]}]},{\"@type\":\"BreadcrumbList\",\"@id\":\"https:\\\/\\\/www.info-algerie.com\\\/actualites\\\/le-president-bouteflika-felicite-son-homologue-pakistanais-a-loccasion-du-70e-anniversaire-de-lindependance-de-son-pays\\\/#breadcrumb\",\"itemListElement\":[{\"@type\":\"ListItem\",\"position\":1,\"name\":\"Accueil\",\"item\":\"https:\\\/\\\/www.info-algerie.com\\\/actualites\\\/\"},{\"@type\":\"ListItem\",\"position\":2,\"name\":\"Le Pr\u00e9sident Bouteflika f\u00e9licite son homologue pakistanais \u00e0 l&#039;occasion du\u00a070e anniversaire de l&#039;ind\u00e9pendance de son pays\"}]},{\"@type\":\"WebSite\",\"@id\":\"https:\\\/\\\/www.info-algerie.com\\\/actualites\\\/#website\",\"url\":\"https:\\\/\\\/www.info-algerie.com\\\/actualites\\\/\",\"name\":\"info algerie\",\"description\":\"Toutes les actualit\u00e9s\",\"publisher\":{\"@id\":\"https:\\\/\\\/www.info-algerie.com\\\/actualites\\\/#organization\"},\"potentialAction\":[{\"@type\":\"SearchAction\",\"target\":{\"@type\":\"EntryPoint\",\"urlTemplate\":\"https:\\\/\\\/www.info-algerie.com\\\/actualites\\\/?s={search_term_string}\"},\"query-input\":{\"@type\":\"PropertyValueSpecification\",\"valueRequired\":true,\"valueName\":\"search_term_string\"}}],\"inLanguage\":\"fr-FR\"},{\"@type\":\"Organization\",\"@id\":\"https:\\\/\\\/www.info-algerie.com\\\/actualites\\\/#organization\",\"name\":\"info algerie\",\"url\":\"https:\\\/\\\/www.info-algerie.com\\\/actualites\\\/\",\"logo\":{\"@type\":\"ImageObject\",\"inLanguage\":\"fr-FR\",\"@id\":\"https:\\\/\\\/www.info-algerie.com\\\/actualites\\\/#\\\/schema\\\/logo\\\/image\\\/\",\"url\":\"https:\\\/\\\/www.info-algerie.com\\\/actualites\\\/wp-content\\\/uploads\\\/2022\\\/07\\\/logo-ia-120.png\",\"contentUrl\":\"https:\\\/\\\/www.info-algerie.com\\\/actualites\\\/wp-content\\\/uploads\\\/2022\\\/07\\\/logo-ia-120.png\",\"width\":120,\"height\":43,\"caption\":\"info algerie\"},\"image\":{\"@id\":\"https:\\\/\\\/www.info-algerie.com\\\/actualites\\\/#\\\/schema\\\/logo\\\/image\\\/\"},\"sameAs\":[\"https:\\\/\\\/www.facebook.com\\\/infoalgerieactu\",\"https:\\\/\\\/x.com\\\/infoalgerie1\"]},{\"@type\":\"Person\",\"@id\":\"https:\\\/\\\/www.info-algerie.com\\\/actualites\\\/#\\\/schema\\\/person\\\/847aaec44920825b843a08f30ec6aa1e\",\"name\":\"La r\u00e9daction\",\"image\":{\"@type\":\"ImageObject\",\"inLanguage\":\"fr-FR\",\"@id\":\"https:\\\/\\\/secure.gravatar.com\\\/avatar\\\/769db425c6f465158149f1ffd6cf61ce7a8a879d11dfbef8288af36dfddd418c?s=96&d=mm&r=g\",\"url\":\"https:\\\/\\\/secure.gravatar.com\\\/avatar\\\/769db425c6f465158149f1ffd6cf61ce7a8a879d11dfbef8288af36dfddd418c?s=96&d=mm&r=g\",\"contentUrl\":\"https:\\\/\\\/secure.gravatar.com\\\/avatar\\\/769db425c6f465158149f1ffd6cf61ce7a8a879d11dfbef8288af36dfddd418c?s=96&d=mm&r=g\",\"caption\":\"La r\u00e9daction\"},\"sameAs\":[\"http:\\\/\\\/www.lkeria.com\\\/\"],\"url\":\"https:\\\/\\\/www.info-algerie.com\\\/actualites\\\/author\\\/chakib32\\\/\"}]}<\/script>\n<!-- \/ Yoast SEO plugin. -->","yoast_head_json":{"title":"Le Pr\u00e9sident Bouteflika f\u00e9licite son homologue pakistanais \u00e0 l&#039;occasion du\u00a070e anniversaire de l&#039;ind\u00e9pendance de son pays - info algerie","robots":{"index":"index","follow":"follow","max-snippet":"max-snippet:-1","max-image-preview":"max-image-preview:large","max-video-preview":"max-video-preview:-1"},"canonical":"https:\/\/www.info-algerie.com\/actualites\/le-president-bouteflika-felicite-son-homologue-pakistanais-a-loccasion-du-70e-anniversaire-de-lindependance-de-son-pays\/","og_locale":"fr_FR","og_type":"article","og_title":"Le Pr\u00e9sident Bouteflika f\u00e9licite son homologue pakistanais \u00e0 l&#039;occasion du\u00a070e anniversaire de l&#039;ind\u00e9pendance de son pays - info algerie","og_description":"ALGER- Le pr\u00e9sident de la R\u00e9publique, Abdelaziz\u00a0 Bouteflika, a adress\u00e9 un message de f\u00e9licitations \u00e0 son homologue\u00a0 pakistanais, Mamnoon Hussain \u00e0 l`occasion du 70e anniversaire de\u00a0 l`ind\u00e9pendance de son pays, dans lequel il lui a r\u00e9affirm\u00e9 sa volont\u00e9 de\u00a0 continuer \u00e0 \u0153uvrer au raffermissement des relations bilat\u00e9rales.\u00a0 &#013; &#013; \u00ab\u00a0Il m&rsquo;est agr\u00e9able au moment o\u00f9","og_url":"https:\/\/www.info-algerie.com\/actualites\/le-president-bouteflika-felicite-son-homologue-pakistanais-a-loccasion-du-70e-anniversaire-de-lindependance-de-son-pays\/","og_site_name":"info algerie","article_publisher":"https:\/\/www.facebook.com\/infoalgerieactu","article_published_time":"2017-08-14T11:07:33+00:00","author":"La r\u00e9daction","twitter_misc":{"\u00c9crit par":"La r\u00e9daction","Dur\u00e9e de lecture estim\u00e9e":"1 minute"},"schema":{"@context":"https:\/\/schema.org","@graph":[{"@type":"Article","@id":"https:\/\/www.info-algerie.com\/actualites\/le-president-bouteflika-felicite-son-homologue-pakistanais-a-loccasion-du-70e-anniversaire-de-lindependance-de-son-pays\/#article","isPartOf":{"@id":"https:\/\/www.info-algerie.com\/actualites\/le-president-bouteflika-felicite-son-homologue-pakistanais-a-loccasion-du-70e-anniversaire-de-lindependance-de-son-pays\/"},"author":{"name":"La r\u00e9daction","@id":"https:\/\/www.info-algerie.com\/actualites\/#\/schema\/person\/847aaec44920825b843a08f30ec6aa1e"},"headline":"Le Pr\u00e9sident Bouteflika f\u00e9licite son homologue pakistanais \u00e0 l&#039;occasion du\u00a070e anniversaire de l&#039;ind\u00e9pendance de son pays","datePublished":"2017-08-14T11:07:33+00:00","mainEntityOfPage":{"@id":"https:\/\/www.info-algerie.com\/actualites\/le-president-bouteflika-felicite-son-homologue-pakistanais-a-loccasion-du-70e-anniversaire-de-lindependance-de-son-pays\/"},"wordCount":227,"commentCount":0,"publisher":{"@id":"https:\/\/www.info-algerie.com\/actualites\/#organization"},"keywords":["ONU"],"articleSection":["infos"],"inLanguage":"fr-FR","potentialAction":[{"@type":"CommentAction","name":"Comment","target":["https:\/\/www.info-algerie.com\/actualites\/le-president-bouteflika-felicite-son-homologue-pakistanais-a-loccasion-du-70e-anniversaire-de-lindependance-de-son-pays\/#respond"]}]},{"@type":"WebPage","@id":"https:\/\/www.info-algerie.com\/actualites\/le-president-bouteflika-felicite-son-homologue-pakistanais-a-loccasion-du-70e-anniversaire-de-lindependance-de-son-pays\/","url":"https:\/\/www.info-algerie.com\/actualites\/le-president-bouteflika-felicite-son-homologue-pakistanais-a-loccasion-du-70e-anniversaire-de-lindependance-de-son-pays\/","name":"Le Pr\u00e9sident Bouteflika f\u00e9licite son homologue pakistanais \u00e0 l&#039;occasion du\u00a070e anniversaire de l&#039;ind\u00e9pendance de son pays - info algerie","isPartOf":{"@id":"https:\/\/www.info-algerie.com\/actualites\/#website"},"datePublished":"2017-08-14T11:07:33+00:00","breadcrumb":{"@id":"https:\/\/www.info-algerie.com\/actualites\/le-president-bouteflika-felicite-son-homologue-pakistanais-a-loccasion-du-70e-anniversaire-de-lindependance-de-son-pays\/#breadcrumb"},"inLanguage":"fr-FR","potentialAction":[{"@type":"ReadAction","target":["https:\/\/www.info-algerie.com\/actualites\/le-president-bouteflika-felicite-son-homologue-pakistanais-a-loccasion-du-70e-anniversaire-de-lindependance-de-son-pays\/"]}]},{"@type":"BreadcrumbList","@id":"https:\/\/www.info-algerie.com\/actualites\/le-president-bouteflika-felicite-son-homologue-pakistanais-a-loccasion-du-70e-anniversaire-de-lindependance-de-son-pays\/#breadcrumb","itemListElement":[{"@type":"ListItem","position":1,"name":"Accueil","item":"https:\/\/www.info-algerie.com\/actualites\/"},{"@type":"ListItem","position":2,"name":"Le Pr\u00e9sident Bouteflika f\u00e9licite son homologue pakistanais \u00e0 l&#039;occasion du\u00a070e anniversaire de l&#039;ind\u00e9pendance de son pays"}]},{"@type":"WebSite","@id":"https:\/\/www.info-algerie.com\/actualites\/#website","url":"https:\/\/www.info-algerie.com\/actualites\/","name":"info algerie","description":"Toutes les actualit\u00e9s","publisher":{"@id":"https:\/\/www.info-algerie.com\/actualites\/#organization"},"potentialAction":[{"@type":"SearchAction","target":{"@type":"EntryPoint","urlTemplate":"https:\/\/www.info-algerie.com\/actualites\/?s={search_term_string}"},"query-input":{"@type":"PropertyValueSpecification","valueRequired":true,"valueName":"search_term_string"}}],"inLanguage":"fr-FR"},{"@type":"Organization","@id":"https:\/\/www.info-algerie.com\/actualites\/#organization","name":"info algerie","url":"https:\/\/www.info-algerie.com\/actualites\/","logo":{"@type":"ImageObject","inLanguage":"fr-FR","@id":"https:\/\/www.info-algerie.com\/actualites\/#\/schema\/logo\/image\/","url":"https:\/\/www.info-algerie.com\/actualites\/wp-content\/uploads\/2022\/07\/logo-ia-120.png","contentUrl":"https:\/\/www.info-algerie.com\/actualites\/wp-content\/uploads\/2022\/07\/logo-ia-120.png","width":120,"height":43,"caption":"info algerie"},"image":{"@id":"https:\/\/www.info-algerie.com\/actualites\/#\/schema\/logo\/image\/"},"sameAs":["https:\/\/www.facebook.com\/infoalgerieactu","https:\/\/x.com\/infoalgerie1"]},{"@type":"Person","@id":"https:\/\/www.info-algerie.com\/actualites\/#\/schema\/person\/847aaec44920825b843a08f30ec6aa1e","name":"La r\u00e9daction","image":{"@type":"ImageObject","inLanguage":"fr-FR","@id":"https:\/\/secure.gravatar.com\/avatar\/769db425c6f465158149f1ffd6cf61ce7a8a879d11dfbef8288af36dfddd418c?s=96&d=mm&r=g","url":"https:\/\/secure.gravatar.com\/avatar\/769db425c6f465158149f1ffd6cf61ce7a8a879d11dfbef8288af36dfddd418c?s=96&d=mm&r=g","contentUrl":"https:\/\/secure.gravatar.com\/avatar\/769db425c6f465158149f1ffd6cf61ce7a8a879d11dfbef8288af36dfddd418c?s=96&d=mm&r=g","caption":"La r\u00e9daction"},"sameAs":["http:\/\/www.lkeria.com\/"],"url":"https:\/\/www.info-algerie.com\/actualites\/author\/chakib32\/"}]}},"_links":{"self":[{"href":"https:\/\/www.info-algerie.com\/actualites\/wp-json\/wp\/v2\/posts\/15007","targetHints":{"allow":["GET"]}}],"collection":[{"href":"https:\/\/www.info-algerie.com\/actualites\/wp-json\/wp\/v2\/posts"}],"about":[{"href":"https:\/\/www.info-algerie.com\/actualites\/wp-json\/wp\/v2\/types\/post"}],"author":[{"embeddable":true,"href":"https:\/\/www.info-algerie.com\/actualites\/wp-json\/wp\/v2\/users\/6"}],"replies":[{"embeddable":true,"href":"https:\/\/www.info-algerie.com\/actualites\/wp-json\/wp\/v2\/comments?post=15007"}],"version-history":[{"count":0,"href":"https:\/\/www.info-algerie.com\/actualites\/wp-json\/wp\/v2\/posts\/15007\/revisions"}],"wp:attachment":[{"href":"https:\/\/www.info-algerie.com\/actualites\/wp-json\/wp\/v2\/media?parent=15007"}],"wp:term":[{"taxonomy":"category","embeddable":true,"href":"https:\/\/www.info-algerie.com\/actualites\/wp-json\/wp\/v2\/categories?post=15007"},{"taxonomy":"post_tag","embeddable":true,"href":"https:\/\/www.info-algerie.com\/actualites\/wp-json\/wp\/v2\/tags?post=15007"}],"curies":[{"name":"wp","href":"https:\/\/api.w.org\/{rel}","templated":true}]}}