{"id":15010,"date":"2017-08-14T13:13:39","date_gmt":"2017-08-14T12:13:39","guid":{"rendered":"http:\/\/www.info-algerie.com\/actualites\/lalgerie-exprime-sa-solidarite-avec-le-burkina-faso-suite-a-lattaque-terroriste-de-ouagadougou\/"},"modified":"2017-08-14T13:13:39","modified_gmt":"2017-08-14T12:13:39","slug":"lalgerie-exprime-sa-solidarite-avec-le-burkina-faso-suite-a-lattaque-terroriste-de-ouagadougou","status":"publish","type":"post","link":"https:\/\/www.info-algerie.com\/actualites\/lalgerie-exprime-sa-solidarite-avec-le-burkina-faso-suite-a-lattaque-terroriste-de-ouagadougou\/","title":{"rendered":"L&#039;Alg\u00e9rie exprime sa solidarit\u00e9 avec le Burkina-Faso suite \u00e0 l&#039;attaque\u00a0terroriste de Ouagadougou \u00a0"},"content":{"rendered":"<div class=\"K2FeedImage\"><img decoding=\"async\" src=\"https:\/\/www.info-algerie.com\/actualites\/wp-content\/uploads\/2017\/08\/b6fcaeb557b4720ec3a642794823e1e4_S.jpg\" alt=\"L'Alg&#xE9;rie exprime sa solidarit&#xE9; avec le Burkina-Faso suite &#xE0; l'attaque&#xA0;terroriste de Ouagadougou &#xA0;\" \/><\/div>\n<div class=\"K2FeedIntroText\">\n<p>ALGER- L&rsquo;Alg\u00e9rie a exprim\u00e9 lundi sa solidarit\u00e9 avec le\u00a0 Burkina-Faso suite \u00e0 l&rsquo;attaque terroriste perp\u00e9tr\u00e9e dimanche \u00e0 Ouagadougou,\u00a0 appelant la\u00a0communaut\u00e9 internationale \u00e0 \u00ab\u00a0redoubler\u00a0\u00bb d&rsquo;efforts pour endiguer le ph\u00e9nom\u00e8ne du terrorisme.<\/p>\n<p>&#013;\n<\/p><\/div>\n<div class=\"K2FeedFullText\">&#013;<\/p>\n<p>\u00a0<\/p>\n<p>&#013;<\/p>\n<p>\u00ab\u00a0Nous condamnons avec la plus grande force l&rsquo;attaque terroriste sanglante\u00a0 perp\u00e9tr\u00e9e dimanche soir contre des innocents dans un restaurant \u00e0\u00a0 Ouagadougou. Nous exprimons notre solidarit\u00e9 avec le Burkina-Faso, son\u00a0 peuple et son gouvernement, ainsi qu&rsquo;avec les familles des victimes de ce\u00a0 crime odieux\u00a0\u00bb, a indiqu\u00e9 le porte-parole du minist\u00e8re des Affaires\u00a0 \u00e9trang\u00e8res, Abdelaziz Benali Cherif, dans une d\u00e9claration l\u2019APS.<\/p>\n<p>&#013;<\/p>\n<p>Il a affirm\u00e9 que \u00ab\u00a0cet acte abominable commis de sang froid est une\u00a0 transgression du droit \u00e0 la vie et une atteinte aux valeurs de g\u00e9n\u00e9rosit\u00e9\u00a0et d&rsquo;hospitalit\u00e9 du peuple burkinab\u00e9 fr\u00e8re\u00a0\u00bb.\u00a0<\/p>\n<p>&#013;<\/p>\n<p>\u00a0<\/p>\n<p>&#013;<\/p>\n<p>\u00ab\u00a0Face \u00e0 cette nouvelle manifestation de terreur dans ce pays ami,\u00a0 l&rsquo;Afrique comme le reste de la communaut\u00e9 internationale se doivent de\u00a0 redoubler d&rsquo;efforts pour endiguer le terrorisme et r\u00e9duire \u00e0 n\u00e9ant ses\u00a0 plans nocifs et destructeurs\u00a0\u00bb, a ajout\u00e9 le porte-parole du MAE.<\/p>\n<\/div>\n<p>&#013;<br \/>\nSource: <a href=\"http:\/\/www.aps.dz\/algerie\/61710-l-algerie-exprime-sa-solidarite-avec-le-burkina-faso-suite-a-l-attaque-terroriste-de-ouagadougou\" target=\"_blank\">L&rsquo;Alg\u00e9rie exprime sa solidarit\u00e9 avec le Burkina-Faso suite \u00e0 l&rsquo;attaque\u00a0terroriste de Ouagadougou \u00a0<\/a><\/p>\n<!--CusAds0-->\n<div style=\"font-size: 0px; height: 0px; line-height: 0px; margin: 0; padding: 0; clear: both;\"><\/div>","protected":false},"excerpt":{"rendered":"<p>ALGER- L&rsquo;Alg\u00e9rie a exprim\u00e9 lundi sa solidarit\u00e9 avec le\u00a0 Burkina-Faso suite \u00e0 l&rsquo;attaque terroriste perp\u00e9tr\u00e9e dimanche \u00e0 Ouagadougou,\u00a0 appelant la\u00a0communaut\u00e9 internationale \u00e0 \u00ab\u00a0redoubler\u00a0\u00bb d&rsquo;efforts pour endiguer le ph\u00e9nom\u00e8ne du terrorisme. &#013; &#013; \u00a0 &#013; \u00ab\u00a0Nous condamnons avec la plus grande force l&rsquo;attaque terroriste sanglante\u00a0 perp\u00e9tr\u00e9e dimanche soir contre des innocents dans un restaurant \u00e0\u00a0 Ouagadougou.<\/p>\n","protected":false},"author":6,"featured_media":15011,"comment_status":"open","ping_status":"open","sticky":false,"template":"","format":"standard","meta":{"footnotes":""},"categories":[22],"tags":[93],"class_list":["post-15010","post","type-post","status-publish","format-standard","has-post-thumbnail","hentry","category-infos","tag-onu"],"yoast_head":"<!-- This site is optimized with the Yoast SEO plugin v27.5 - https:\/\/yoast.com\/product\/yoast-seo-wordpress\/ -->\n<title>L&#039;Alg\u00e9rie exprime sa solidarit\u00e9 avec le Burkina-Faso suite \u00e0 l&#039;attaque\u00a0terroriste de Ouagadougou \u00a0 - info algerie<\/title>\n<meta name=\"robots\" content=\"index, follow, max-snippet:-1, max-image-preview:large, max-video-preview:-1\" \/>\n<link rel=\"canonical\" href=\"https:\/\/www.info-algerie.com\/actualites\/lalgerie-exprime-sa-solidarite-avec-le-burkina-faso-suite-a-lattaque-terroriste-de-ouagadougou\/\" \/>\n<meta property=\"og:locale\" content=\"fr_FR\" \/>\n<meta property=\"og:type\" content=\"article\" \/>\n<meta property=\"og:title\" content=\"L&#039;Alg\u00e9rie exprime sa solidarit\u00e9 avec le Burkina-Faso suite \u00e0 l&#039;attaque\u00a0terroriste de Ouagadougou \u00a0 - info algerie\" \/>\n<meta property=\"og:description\" content=\"ALGER- L&rsquo;Alg\u00e9rie a exprim\u00e9 lundi sa solidarit\u00e9 avec le\u00a0 Burkina-Faso suite \u00e0 l&rsquo;attaque terroriste perp\u00e9tr\u00e9e dimanche \u00e0 Ouagadougou,\u00a0 appelant la\u00a0communaut\u00e9 internationale \u00e0 \u00ab\u00a0redoubler\u00a0\u00bb d&rsquo;efforts pour endiguer le ph\u00e9nom\u00e8ne du terrorisme. &#013; &#013; \u00a0 &#013; \u00ab\u00a0Nous condamnons avec la plus grande force l&rsquo;attaque terroriste sanglante\u00a0 perp\u00e9tr\u00e9e dimanche soir contre des innocents dans un restaurant \u00e0\u00a0 Ouagadougou.\" \/>\n<meta property=\"og:url\" content=\"https:\/\/www.info-algerie.com\/actualites\/lalgerie-exprime-sa-solidarite-avec-le-burkina-faso-suite-a-lattaque-terroriste-de-ouagadougou\/\" \/>\n<meta property=\"og:site_name\" content=\"info algerie\" \/>\n<meta property=\"article:publisher\" content=\"https:\/\/www.facebook.com\/infoalgerieactu\" \/>\n<meta property=\"article:published_time\" content=\"2017-08-14T12:13:39+00:00\" \/>\n<meta property=\"og:image\" content=\"https:\/\/www.info-algerie.com\/actualites\/wp-content\/uploads\/2017\/08\/b6fcaeb557b4720ec3a642794823e1e4_S-1.jpg\" \/>\n\t<meta property=\"og:image:width\" content=\"280\" \/>\n\t<meta property=\"og:image:height\" content=\"169\" \/>\n\t<meta property=\"og:image:type\" content=\"image\/jpeg\" \/>\n<meta name=\"author\" content=\"La r\u00e9daction\" \/>\n<meta name=\"twitter:label1\" content=\"\u00c9crit par\" \/>\n\t<meta name=\"twitter:data1\" content=\"La r\u00e9daction\" \/>\n\t<meta name=\"twitter:label2\" content=\"Dur\u00e9e de lecture estim\u00e9e\" \/>\n\t<meta name=\"twitter:data2\" content=\"1 minute\" \/>\n<script type=\"application\/ld+json\" class=\"yoast-schema-graph\">{\"@context\":\"https:\\\/\\\/schema.org\",\"@graph\":[{\"@type\":\"Article\",\"@id\":\"https:\\\/\\\/www.info-algerie.com\\\/actualites\\\/lalgerie-exprime-sa-solidarite-avec-le-burkina-faso-suite-a-lattaque-terroriste-de-ouagadougou\\\/#article\",\"isPartOf\":{\"@id\":\"https:\\\/\\\/www.info-algerie.com\\\/actualites\\\/lalgerie-exprime-sa-solidarite-avec-le-burkina-faso-suite-a-lattaque-terroriste-de-ouagadougou\\\/\"},\"author\":{\"name\":\"La r\u00e9daction\",\"@id\":\"https:\\\/\\\/www.info-algerie.com\\\/actualites\\\/#\\\/schema\\\/person\\\/847aaec44920825b843a08f30ec6aa1e\"},\"headline\":\"L&#039;Alg\u00e9rie exprime sa solidarit\u00e9 avec le Burkina-Faso suite \u00e0 l&#039;attaque\u00a0terroriste de Ouagadougou \u00a0\",\"datePublished\":\"2017-08-14T12:13:39+00:00\",\"mainEntityOfPage\":{\"@id\":\"https:\\\/\\\/www.info-algerie.com\\\/actualites\\\/lalgerie-exprime-sa-solidarite-avec-le-burkina-faso-suite-a-lattaque-terroriste-de-ouagadougou\\\/\"},\"wordCount\":213,\"commentCount\":0,\"publisher\":{\"@id\":\"https:\\\/\\\/www.info-algerie.com\\\/actualites\\\/#organization\"},\"image\":{\"@id\":\"https:\\\/\\\/www.info-algerie.com\\\/actualites\\\/lalgerie-exprime-sa-solidarite-avec-le-burkina-faso-suite-a-lattaque-terroriste-de-ouagadougou\\\/#primaryimage\"},\"thumbnailUrl\":\"https:\\\/\\\/www.info-algerie.com\\\/actualites\\\/wp-content\\\/uploads\\\/2017\\\/08\\\/b6fcaeb557b4720ec3a642794823e1e4_S-1.jpg\",\"keywords\":[\"ONU\"],\"articleSection\":[\"infos\"],\"inLanguage\":\"fr-FR\",\"potentialAction\":[{\"@type\":\"CommentAction\",\"name\":\"Comment\",\"target\":[\"https:\\\/\\\/www.info-algerie.com\\\/actualites\\\/lalgerie-exprime-sa-solidarite-avec-le-burkina-faso-suite-a-lattaque-terroriste-de-ouagadougou\\\/#respond\"]}]},{\"@type\":\"WebPage\",\"@id\":\"https:\\\/\\\/www.info-algerie.com\\\/actualites\\\/lalgerie-exprime-sa-solidarite-avec-le-burkina-faso-suite-a-lattaque-terroriste-de-ouagadougou\\\/\",\"url\":\"https:\\\/\\\/www.info-algerie.com\\\/actualites\\\/lalgerie-exprime-sa-solidarite-avec-le-burkina-faso-suite-a-lattaque-terroriste-de-ouagadougou\\\/\",\"name\":\"L&#039;Alg\u00e9rie exprime sa solidarit\u00e9 avec le Burkina-Faso suite \u00e0 l&#039;attaque\u00a0terroriste de Ouagadougou \u00a0 - info algerie\",\"isPartOf\":{\"@id\":\"https:\\\/\\\/www.info-algerie.com\\\/actualites\\\/#website\"},\"primaryImageOfPage\":{\"@id\":\"https:\\\/\\\/www.info-algerie.com\\\/actualites\\\/lalgerie-exprime-sa-solidarite-avec-le-burkina-faso-suite-a-lattaque-terroriste-de-ouagadougou\\\/#primaryimage\"},\"image\":{\"@id\":\"https:\\\/\\\/www.info-algerie.com\\\/actualites\\\/lalgerie-exprime-sa-solidarite-avec-le-burkina-faso-suite-a-lattaque-terroriste-de-ouagadougou\\\/#primaryimage\"},\"thumbnailUrl\":\"https:\\\/\\\/www.info-algerie.com\\\/actualites\\\/wp-content\\\/uploads\\\/2017\\\/08\\\/b6fcaeb557b4720ec3a642794823e1e4_S-1.jpg\",\"datePublished\":\"2017-08-14T12:13:39+00:00\",\"breadcrumb\":{\"@id\":\"https:\\\/\\\/www.info-algerie.com\\\/actualites\\\/lalgerie-exprime-sa-solidarite-avec-le-burkina-faso-suite-a-lattaque-terroriste-de-ouagadougou\\\/#breadcrumb\"},\"inLanguage\":\"fr-FR\",\"potentialAction\":[{\"@type\":\"ReadAction\",\"target\":[\"https:\\\/\\\/www.info-algerie.com\\\/actualites\\\/lalgerie-exprime-sa-solidarite-avec-le-burkina-faso-suite-a-lattaque-terroriste-de-ouagadougou\\\/\"]}]},{\"@type\":\"ImageObject\",\"inLanguage\":\"fr-FR\",\"@id\":\"https:\\\/\\\/www.info-algerie.com\\\/actualites\\\/lalgerie-exprime-sa-solidarite-avec-le-burkina-faso-suite-a-lattaque-terroriste-de-ouagadougou\\\/#primaryimage\",\"url\":\"https:\\\/\\\/www.info-algerie.com\\\/actualites\\\/wp-content\\\/uploads\\\/2017\\\/08\\\/b6fcaeb557b4720ec3a642794823e1e4_S-1.jpg\",\"contentUrl\":\"https:\\\/\\\/www.info-algerie.com\\\/actualites\\\/wp-content\\\/uploads\\\/2017\\\/08\\\/b6fcaeb557b4720ec3a642794823e1e4_S-1.jpg\",\"width\":280,\"height\":169},{\"@type\":\"BreadcrumbList\",\"@id\":\"https:\\\/\\\/www.info-algerie.com\\\/actualites\\\/lalgerie-exprime-sa-solidarite-avec-le-burkina-faso-suite-a-lattaque-terroriste-de-ouagadougou\\\/#breadcrumb\",\"itemListElement\":[{\"@type\":\"ListItem\",\"position\":1,\"name\":\"Accueil\",\"item\":\"https:\\\/\\\/www.info-algerie.com\\\/actualites\\\/\"},{\"@type\":\"ListItem\",\"position\":2,\"name\":\"L&#039;Alg\u00e9rie exprime sa solidarit\u00e9 avec le Burkina-Faso suite \u00e0 l&#039;attaque\u00a0terroriste de Ouagadougou \u00a0\"}]},{\"@type\":\"WebSite\",\"@id\":\"https:\\\/\\\/www.info-algerie.com\\\/actualites\\\/#website\",\"url\":\"https:\\\/\\\/www.info-algerie.com\\\/actualites\\\/\",\"name\":\"info algerie\",\"description\":\"Toutes les actualit\u00e9s\",\"publisher\":{\"@id\":\"https:\\\/\\\/www.info-algerie.com\\\/actualites\\\/#organization\"},\"potentialAction\":[{\"@type\":\"SearchAction\",\"target\":{\"@type\":\"EntryPoint\",\"urlTemplate\":\"https:\\\/\\\/www.info-algerie.com\\\/actualites\\\/?s={search_term_string}\"},\"query-input\":{\"@type\":\"PropertyValueSpecification\",\"valueRequired\":true,\"valueName\":\"search_term_string\"}}],\"inLanguage\":\"fr-FR\"},{\"@type\":\"Organization\",\"@id\":\"https:\\\/\\\/www.info-algerie.com\\\/actualites\\\/#organization\",\"name\":\"info algerie\",\"url\":\"https:\\\/\\\/www.info-algerie.com\\\/actualites\\\/\",\"logo\":{\"@type\":\"ImageObject\",\"inLanguage\":\"fr-FR\",\"@id\":\"https:\\\/\\\/www.info-algerie.com\\\/actualites\\\/#\\\/schema\\\/logo\\\/image\\\/\",\"url\":\"https:\\\/\\\/www.info-algerie.com\\\/actualites\\\/wp-content\\\/uploads\\\/2022\\\/07\\\/logo-ia-120.png\",\"contentUrl\":\"https:\\\/\\\/www.info-algerie.com\\\/actualites\\\/wp-content\\\/uploads\\\/2022\\\/07\\\/logo-ia-120.png\",\"width\":120,\"height\":43,\"caption\":\"info algerie\"},\"image\":{\"@id\":\"https:\\\/\\\/www.info-algerie.com\\\/actualites\\\/#\\\/schema\\\/logo\\\/image\\\/\"},\"sameAs\":[\"https:\\\/\\\/www.facebook.com\\\/infoalgerieactu\",\"https:\\\/\\\/x.com\\\/infoalgerie1\"]},{\"@type\":\"Person\",\"@id\":\"https:\\\/\\\/www.info-algerie.com\\\/actualites\\\/#\\\/schema\\\/person\\\/847aaec44920825b843a08f30ec6aa1e\",\"name\":\"La r\u00e9daction\",\"image\":{\"@type\":\"ImageObject\",\"inLanguage\":\"fr-FR\",\"@id\":\"https:\\\/\\\/secure.gravatar.com\\\/avatar\\\/769db425c6f465158149f1ffd6cf61ce7a8a879d11dfbef8288af36dfddd418c?s=96&d=mm&r=g\",\"url\":\"https:\\\/\\\/secure.gravatar.com\\\/avatar\\\/769db425c6f465158149f1ffd6cf61ce7a8a879d11dfbef8288af36dfddd418c?s=96&d=mm&r=g\",\"contentUrl\":\"https:\\\/\\\/secure.gravatar.com\\\/avatar\\\/769db425c6f465158149f1ffd6cf61ce7a8a879d11dfbef8288af36dfddd418c?s=96&d=mm&r=g\",\"caption\":\"La r\u00e9daction\"},\"sameAs\":[\"http:\\\/\\\/www.lkeria.com\\\/\"],\"url\":\"https:\\\/\\\/www.info-algerie.com\\\/actualites\\\/author\\\/chakib32\\\/\"}]}<\/script>\n<!-- \/ Yoast SEO plugin. -->","yoast_head_json":{"title":"L&#039;Alg\u00e9rie exprime sa solidarit\u00e9 avec le Burkina-Faso suite \u00e0 l&#039;attaque\u00a0terroriste de Ouagadougou \u00a0 - info algerie","robots":{"index":"index","follow":"follow","max-snippet":"max-snippet:-1","max-image-preview":"max-image-preview:large","max-video-preview":"max-video-preview:-1"},"canonical":"https:\/\/www.info-algerie.com\/actualites\/lalgerie-exprime-sa-solidarite-avec-le-burkina-faso-suite-a-lattaque-terroriste-de-ouagadougou\/","og_locale":"fr_FR","og_type":"article","og_title":"L&#039;Alg\u00e9rie exprime sa solidarit\u00e9 avec le Burkina-Faso suite \u00e0 l&#039;attaque\u00a0terroriste de Ouagadougou \u00a0 - info algerie","og_description":"ALGER- L&rsquo;Alg\u00e9rie a exprim\u00e9 lundi sa solidarit\u00e9 avec le\u00a0 Burkina-Faso suite \u00e0 l&rsquo;attaque terroriste perp\u00e9tr\u00e9e dimanche \u00e0 Ouagadougou,\u00a0 appelant la\u00a0communaut\u00e9 internationale \u00e0 \u00ab\u00a0redoubler\u00a0\u00bb d&rsquo;efforts pour endiguer le ph\u00e9nom\u00e8ne du terrorisme. &#013; &#013; \u00a0 &#013; \u00ab\u00a0Nous condamnons avec la plus grande force l&rsquo;attaque terroriste sanglante\u00a0 perp\u00e9tr\u00e9e dimanche soir contre des innocents dans un restaurant \u00e0\u00a0 Ouagadougou.","og_url":"https:\/\/www.info-algerie.com\/actualites\/lalgerie-exprime-sa-solidarite-avec-le-burkina-faso-suite-a-lattaque-terroriste-de-ouagadougou\/","og_site_name":"info algerie","article_publisher":"https:\/\/www.facebook.com\/infoalgerieactu","article_published_time":"2017-08-14T12:13:39+00:00","og_image":[{"width":280,"height":169,"url":"https:\/\/www.info-algerie.com\/actualites\/wp-content\/uploads\/2017\/08\/b6fcaeb557b4720ec3a642794823e1e4_S-1.jpg","type":"image\/jpeg"}],"author":"La r\u00e9daction","twitter_misc":{"\u00c9crit par":"La r\u00e9daction","Dur\u00e9e de lecture estim\u00e9e":"1 minute"},"schema":{"@context":"https:\/\/schema.org","@graph":[{"@type":"Article","@id":"https:\/\/www.info-algerie.com\/actualites\/lalgerie-exprime-sa-solidarite-avec-le-burkina-faso-suite-a-lattaque-terroriste-de-ouagadougou\/#article","isPartOf":{"@id":"https:\/\/www.info-algerie.com\/actualites\/lalgerie-exprime-sa-solidarite-avec-le-burkina-faso-suite-a-lattaque-terroriste-de-ouagadougou\/"},"author":{"name":"La r\u00e9daction","@id":"https:\/\/www.info-algerie.com\/actualites\/#\/schema\/person\/847aaec44920825b843a08f30ec6aa1e"},"headline":"L&#039;Alg\u00e9rie exprime sa solidarit\u00e9 avec le Burkina-Faso suite \u00e0 l&#039;attaque\u00a0terroriste de Ouagadougou \u00a0","datePublished":"2017-08-14T12:13:39+00:00","mainEntityOfPage":{"@id":"https:\/\/www.info-algerie.com\/actualites\/lalgerie-exprime-sa-solidarite-avec-le-burkina-faso-suite-a-lattaque-terroriste-de-ouagadougou\/"},"wordCount":213,"commentCount":0,"publisher":{"@id":"https:\/\/www.info-algerie.com\/actualites\/#organization"},"image":{"@id":"https:\/\/www.info-algerie.com\/actualites\/lalgerie-exprime-sa-solidarite-avec-le-burkina-faso-suite-a-lattaque-terroriste-de-ouagadougou\/#primaryimage"},"thumbnailUrl":"https:\/\/www.info-algerie.com\/actualites\/wp-content\/uploads\/2017\/08\/b6fcaeb557b4720ec3a642794823e1e4_S-1.jpg","keywords":["ONU"],"articleSection":["infos"],"inLanguage":"fr-FR","potentialAction":[{"@type":"CommentAction","name":"Comment","target":["https:\/\/www.info-algerie.com\/actualites\/lalgerie-exprime-sa-solidarite-avec-le-burkina-faso-suite-a-lattaque-terroriste-de-ouagadougou\/#respond"]}]},{"@type":"WebPage","@id":"https:\/\/www.info-algerie.com\/actualites\/lalgerie-exprime-sa-solidarite-avec-le-burkina-faso-suite-a-lattaque-terroriste-de-ouagadougou\/","url":"https:\/\/www.info-algerie.com\/actualites\/lalgerie-exprime-sa-solidarite-avec-le-burkina-faso-suite-a-lattaque-terroriste-de-ouagadougou\/","name":"L&#039;Alg\u00e9rie exprime sa solidarit\u00e9 avec le Burkina-Faso suite \u00e0 l&#039;attaque\u00a0terroriste de Ouagadougou \u00a0 - info algerie","isPartOf":{"@id":"https:\/\/www.info-algerie.com\/actualites\/#website"},"primaryImageOfPage":{"@id":"https:\/\/www.info-algerie.com\/actualites\/lalgerie-exprime-sa-solidarite-avec-le-burkina-faso-suite-a-lattaque-terroriste-de-ouagadougou\/#primaryimage"},"image":{"@id":"https:\/\/www.info-algerie.com\/actualites\/lalgerie-exprime-sa-solidarite-avec-le-burkina-faso-suite-a-lattaque-terroriste-de-ouagadougou\/#primaryimage"},"thumbnailUrl":"https:\/\/www.info-algerie.com\/actualites\/wp-content\/uploads\/2017\/08\/b6fcaeb557b4720ec3a642794823e1e4_S-1.jpg","datePublished":"2017-08-14T12:13:39+00:00","breadcrumb":{"@id":"https:\/\/www.info-algerie.com\/actualites\/lalgerie-exprime-sa-solidarite-avec-le-burkina-faso-suite-a-lattaque-terroriste-de-ouagadougou\/#breadcrumb"},"inLanguage":"fr-FR","potentialAction":[{"@type":"ReadAction","target":["https:\/\/www.info-algerie.com\/actualites\/lalgerie-exprime-sa-solidarite-avec-le-burkina-faso-suite-a-lattaque-terroriste-de-ouagadougou\/"]}]},{"@type":"ImageObject","inLanguage":"fr-FR","@id":"https:\/\/www.info-algerie.com\/actualites\/lalgerie-exprime-sa-solidarite-avec-le-burkina-faso-suite-a-lattaque-terroriste-de-ouagadougou\/#primaryimage","url":"https:\/\/www.info-algerie.com\/actualites\/wp-content\/uploads\/2017\/08\/b6fcaeb557b4720ec3a642794823e1e4_S-1.jpg","contentUrl":"https:\/\/www.info-algerie.com\/actualites\/wp-content\/uploads\/2017\/08\/b6fcaeb557b4720ec3a642794823e1e4_S-1.jpg","width":280,"height":169},{"@type":"BreadcrumbList","@id":"https:\/\/www.info-algerie.com\/actualites\/lalgerie-exprime-sa-solidarite-avec-le-burkina-faso-suite-a-lattaque-terroriste-de-ouagadougou\/#breadcrumb","itemListElement":[{"@type":"ListItem","position":1,"name":"Accueil","item":"https:\/\/www.info-algerie.com\/actualites\/"},{"@type":"ListItem","position":2,"name":"L&#039;Alg\u00e9rie exprime sa solidarit\u00e9 avec le Burkina-Faso suite \u00e0 l&#039;attaque\u00a0terroriste de Ouagadougou \u00a0"}]},{"@type":"WebSite","@id":"https:\/\/www.info-algerie.com\/actualites\/#website","url":"https:\/\/www.info-algerie.com\/actualites\/","name":"info algerie","description":"Toutes les actualit\u00e9s","publisher":{"@id":"https:\/\/www.info-algerie.com\/actualites\/#organization"},"potentialAction":[{"@type":"SearchAction","target":{"@type":"EntryPoint","urlTemplate":"https:\/\/www.info-algerie.com\/actualites\/?s={search_term_string}"},"query-input":{"@type":"PropertyValueSpecification","valueRequired":true,"valueName":"search_term_string"}}],"inLanguage":"fr-FR"},{"@type":"Organization","@id":"https:\/\/www.info-algerie.com\/actualites\/#organization","name":"info algerie","url":"https:\/\/www.info-algerie.com\/actualites\/","logo":{"@type":"ImageObject","inLanguage":"fr-FR","@id":"https:\/\/www.info-algerie.com\/actualites\/#\/schema\/logo\/image\/","url":"https:\/\/www.info-algerie.com\/actualites\/wp-content\/uploads\/2022\/07\/logo-ia-120.png","contentUrl":"https:\/\/www.info-algerie.com\/actualites\/wp-content\/uploads\/2022\/07\/logo-ia-120.png","width":120,"height":43,"caption":"info algerie"},"image":{"@id":"https:\/\/www.info-algerie.com\/actualites\/#\/schema\/logo\/image\/"},"sameAs":["https:\/\/www.facebook.com\/infoalgerieactu","https:\/\/x.com\/infoalgerie1"]},{"@type":"Person","@id":"https:\/\/www.info-algerie.com\/actualites\/#\/schema\/person\/847aaec44920825b843a08f30ec6aa1e","name":"La r\u00e9daction","image":{"@type":"ImageObject","inLanguage":"fr-FR","@id":"https:\/\/secure.gravatar.com\/avatar\/769db425c6f465158149f1ffd6cf61ce7a8a879d11dfbef8288af36dfddd418c?s=96&d=mm&r=g","url":"https:\/\/secure.gravatar.com\/avatar\/769db425c6f465158149f1ffd6cf61ce7a8a879d11dfbef8288af36dfddd418c?s=96&d=mm&r=g","contentUrl":"https:\/\/secure.gravatar.com\/avatar\/769db425c6f465158149f1ffd6cf61ce7a8a879d11dfbef8288af36dfddd418c?s=96&d=mm&r=g","caption":"La r\u00e9daction"},"sameAs":["http:\/\/www.lkeria.com\/"],"url":"https:\/\/www.info-algerie.com\/actualites\/author\/chakib32\/"}]}},"_links":{"self":[{"href":"https:\/\/www.info-algerie.com\/actualites\/wp-json\/wp\/v2\/posts\/15010","targetHints":{"allow":["GET"]}}],"collection":[{"href":"https:\/\/www.info-algerie.com\/actualites\/wp-json\/wp\/v2\/posts"}],"about":[{"href":"https:\/\/www.info-algerie.com\/actualites\/wp-json\/wp\/v2\/types\/post"}],"author":[{"embeddable":true,"href":"https:\/\/www.info-algerie.com\/actualites\/wp-json\/wp\/v2\/users\/6"}],"replies":[{"embeddable":true,"href":"https:\/\/www.info-algerie.com\/actualites\/wp-json\/wp\/v2\/comments?post=15010"}],"version-history":[{"count":0,"href":"https:\/\/www.info-algerie.com\/actualites\/wp-json\/wp\/v2\/posts\/15010\/revisions"}],"wp:featuredmedia":[{"embeddable":true,"href":"https:\/\/www.info-algerie.com\/actualites\/wp-json\/wp\/v2\/media\/15011"}],"wp:attachment":[{"href":"https:\/\/www.info-algerie.com\/actualites\/wp-json\/wp\/v2\/media?parent=15010"}],"wp:term":[{"taxonomy":"category","embeddable":true,"href":"https:\/\/www.info-algerie.com\/actualites\/wp-json\/wp\/v2\/categories?post=15010"},{"taxonomy":"post_tag","embeddable":true,"href":"https:\/\/www.info-algerie.com\/actualites\/wp-json\/wp\/v2\/tags?post=15010"}],"curies":[{"name":"wp","href":"https:\/\/api.w.org\/{rel}","templated":true}]}}