{"id":15016,"date":"2017-08-14T15:26:10","date_gmt":"2017-08-14T14:26:10","guid":{"rendered":"http:\/\/www.info-algerie.com\/actualites\/une-delegation-de-lanp-prend-part-a-nouakchott-a-la-reunion-du-conseil-des-chefs-detat-major-des-pays-membres-du-cemoc\/"},"modified":"2017-08-14T15:26:10","modified_gmt":"2017-08-14T14:26:10","slug":"une-delegation-de-lanp-prend-part-a-nouakchott-a-la-reunion-du-conseil-des-chefs-detat-major-des-pays-membres-du-cemoc","status":"publish","type":"post","link":"https:\/\/www.info-algerie.com\/actualites\/une-delegation-de-lanp-prend-part-a-nouakchott-a-la-reunion-du-conseil-des-chefs-detat-major-des-pays-membres-du-cemoc\/","title":{"rendered":"Une d\u00e9l\u00e9gation de l\u2019ANP prend part \u00e0 Nouakchott \u00e0 la r\u00e9union du conseil des chefs d\u2019Etat-Major des pays membres du CEMOC"},"content":{"rendered":"<div class=\"K2FeedIntroText\">\n<p>ALGER &#8211; Une d\u00e9l\u00e9gation de l\u2019Etat-Major de l\u2019Arm\u00e9e nationale populaire (ANP), conduite par le G\u00e9n\u00e9ral-Major Zerrad Cherif, Chef du D\u00e9partement Emplois-Pr\u00e9paration de l\u2019Etat-Major de l\u2019ANP, prendra part, en sa qualit\u00e9 de repr\u00e9sentant du G\u00e9n\u00e9ral de Corps d\u2019Arm\u00e9e, Ahmed Ga\u00efd Salah, Vice-ministre de la D\u00e9fense nationale, Chef d\u2019Etat-Major de l\u2019ANP, \u00e0 la r\u00e9union du conseil des Chefs d\u2019Etat-Major des pays membres du Comit\u00e9 d\u2019Etat-Major Op\u00e9rationnel Conjoint (CEMOC) qui se tiendra mardi dans la capitale mauritanienne, Nouakchott, indique lundi un communiqu\u00e9 du minist\u00e8re de la D\u00e9fense nationale.<\/p>\n<p>&#013;\n<\/p><\/div>\n<div class=\"K2FeedFullText\">&#013;<\/p>\n<p>\u00ab\u00a0A l\u2019invitation du G\u00e9n\u00e9ral de Division Mohamed Ould Cheikh Mohamed Ahmed, Chef d\u2019Etat-Major des Arm\u00e9es de la R\u00e9publique Islamique de Mauritanie, Pr\u00e9sident en exercice du conseil des Chefs d\u2019Etat-Major des pays membres du\u00a0 Comit\u00e9 d\u2019Etat-Major Op\u00e9rationnel Conjoint (CEMOC), une d\u00e9l\u00e9gation de l\u2019Etat-Major de l\u2019Arm\u00e9e nationale populaire, conduite par le G\u00e9n\u00e9ral-Major Zerrad Cherif, Chef du D\u00e9partement Emplois-Pr\u00e9paration de l\u2019Etat-Major de l\u2019Arm\u00e9e nationale populaire, en sa qualit\u00e9 de repr\u00e9sentant de Monsieur le G\u00e9n\u00e9ral de Corps d\u2019Arm\u00e9e, Ahmed Ga\u00efd Salah, Vice-ministre de la D\u00e9fense nationale, Chef d\u2019Etat-Major de l\u2019Arm\u00e9e nationale populaire, prendra part \u00e0 la r\u00e9union dudit conseil, qui se tiendra le 15 ao\u00fbt 2017 \u00e0 Nouakchott\/Mauritanie\u00a0\u00bb, note la m\u00eame source.<\/p>\n<p>&#013;<\/p>\n<p class=\"MsoNormal\">Cette r\u00e9union sera \u00ab\u00a0une opportunit\u00e9 pour les responsables militaires de ces pays afin d\u2019\u00e9tudier et \u00e9valuer la situation s\u00e9curitaire dans la r\u00e9gion du Sahel, l\u2019\u00e9change d\u2019analyses et des enseignements tir\u00e9s depuis la tenue de la derni\u00e8re r\u00e9union du Conseil des Chefs d\u2019Etat-Major, le 28 octobre 2016 \u00e0 Bamako\/Mali\u00a0\u00bb, pr\u00e9cise le communiqu\u00e9.<\/p>\n<\/div>\n<p>&#013;<br \/>\nSource: <a href=\"http:\/\/www.aps.dz\/algerie\/61717-une-delegation-de-l-anp-prend-part-a-nouakchott-a-la-reunion-du-conseil-des-chefs-d-etat-major-des-pays-membres-du-cemoc\" target=\"_blank\">Une d\u00e9l\u00e9gation de l\u2019ANP prend part \u00e0 Nouakchott \u00e0 la r\u00e9union du conseil des chefs d\u2019Etat-Major des pays membres du CEMOC<\/a><\/p>\n<!--CusAds0-->\n<div style=\"font-size: 0px; height: 0px; line-height: 0px; margin: 0; padding: 0; clear: both;\"><\/div>","protected":false},"excerpt":{"rendered":"<p>ALGER &#8211; Une d\u00e9l\u00e9gation de l\u2019Etat-Major de l\u2019Arm\u00e9e nationale populaire (ANP), conduite par le G\u00e9n\u00e9ral-Major Zerrad Cherif, Chef du D\u00e9partement Emplois-Pr\u00e9paration de l\u2019Etat-Major de l\u2019ANP, prendra part, en sa qualit\u00e9 de repr\u00e9sentant du G\u00e9n\u00e9ral de Corps d\u2019Arm\u00e9e, Ahmed Ga\u00efd Salah, Vice-ministre de la D\u00e9fense nationale, Chef d\u2019Etat-Major de l\u2019ANP, \u00e0 la r\u00e9union du conseil des<\/p>\n","protected":false},"author":6,"featured_media":0,"comment_status":"open","ping_status":"open","sticky":false,"template":"","format":"standard","meta":{"footnotes":""},"categories":[22],"tags":[93],"class_list":["post-15016","post","type-post","status-publish","format-standard","hentry","category-infos","tag-onu"],"yoast_head":"<!-- This site is optimized with the Yoast SEO plugin v27.5 - https:\/\/yoast.com\/product\/yoast-seo-wordpress\/ -->\n<title>Une d\u00e9l\u00e9gation de l\u2019ANP prend part \u00e0 Nouakchott \u00e0 la r\u00e9union du conseil des chefs d\u2019Etat-Major des pays membres du CEMOC - info algerie<\/title>\n<meta name=\"robots\" content=\"index, follow, max-snippet:-1, max-image-preview:large, max-video-preview:-1\" \/>\n<link rel=\"canonical\" href=\"https:\/\/www.info-algerie.com\/actualites\/une-delegation-de-lanp-prend-part-a-nouakchott-a-la-reunion-du-conseil-des-chefs-detat-major-des-pays-membres-du-cemoc\/\" \/>\n<meta property=\"og:locale\" content=\"fr_FR\" \/>\n<meta property=\"og:type\" content=\"article\" \/>\n<meta property=\"og:title\" content=\"Une d\u00e9l\u00e9gation de l\u2019ANP prend part \u00e0 Nouakchott \u00e0 la r\u00e9union du conseil des chefs d\u2019Etat-Major des pays membres du CEMOC - info algerie\" \/>\n<meta property=\"og:description\" content=\"ALGER &#8211; Une d\u00e9l\u00e9gation de l\u2019Etat-Major de l\u2019Arm\u00e9e nationale populaire (ANP), conduite par le G\u00e9n\u00e9ral-Major Zerrad Cherif, Chef du D\u00e9partement Emplois-Pr\u00e9paration de l\u2019Etat-Major de l\u2019ANP, prendra part, en sa qualit\u00e9 de repr\u00e9sentant du G\u00e9n\u00e9ral de Corps d\u2019Arm\u00e9e, Ahmed Ga\u00efd Salah, Vice-ministre de la D\u00e9fense nationale, Chef d\u2019Etat-Major de l\u2019ANP, \u00e0 la r\u00e9union du conseil des\" \/>\n<meta property=\"og:url\" content=\"https:\/\/www.info-algerie.com\/actualites\/une-delegation-de-lanp-prend-part-a-nouakchott-a-la-reunion-du-conseil-des-chefs-detat-major-des-pays-membres-du-cemoc\/\" \/>\n<meta property=\"og:site_name\" content=\"info algerie\" \/>\n<meta property=\"article:publisher\" content=\"https:\/\/www.facebook.com\/infoalgerieactu\" \/>\n<meta property=\"article:published_time\" content=\"2017-08-14T14:26:10+00:00\" \/>\n<meta name=\"author\" content=\"La r\u00e9daction\" \/>\n<meta name=\"twitter:label1\" content=\"\u00c9crit par\" \/>\n\t<meta name=\"twitter:data1\" content=\"La r\u00e9daction\" \/>\n\t<meta name=\"twitter:label2\" content=\"Dur\u00e9e de lecture estim\u00e9e\" \/>\n\t<meta name=\"twitter:data2\" content=\"2 minutes\" \/>\n<script type=\"application\/ld+json\" class=\"yoast-schema-graph\">{\"@context\":\"https:\\\/\\\/schema.org\",\"@graph\":[{\"@type\":\"Article\",\"@id\":\"https:\\\/\\\/www.info-algerie.com\\\/actualites\\\/une-delegation-de-lanp-prend-part-a-nouakchott-a-la-reunion-du-conseil-des-chefs-detat-major-des-pays-membres-du-cemoc\\\/#article\",\"isPartOf\":{\"@id\":\"https:\\\/\\\/www.info-algerie.com\\\/actualites\\\/une-delegation-de-lanp-prend-part-a-nouakchott-a-la-reunion-du-conseil-des-chefs-detat-major-des-pays-membres-du-cemoc\\\/\"},\"author\":{\"name\":\"La r\u00e9daction\",\"@id\":\"https:\\\/\\\/www.info-algerie.com\\\/actualites\\\/#\\\/schema\\\/person\\\/847aaec44920825b843a08f30ec6aa1e\"},\"headline\":\"Une d\u00e9l\u00e9gation de l\u2019ANP prend part \u00e0 Nouakchott \u00e0 la r\u00e9union du conseil des chefs d\u2019Etat-Major des pays membres du CEMOC\",\"datePublished\":\"2017-08-14T14:26:10+00:00\",\"mainEntityOfPage\":{\"@id\":\"https:\\\/\\\/www.info-algerie.com\\\/actualites\\\/une-delegation-de-lanp-prend-part-a-nouakchott-a-la-reunion-du-conseil-des-chefs-detat-major-des-pays-membres-du-cemoc\\\/\"},\"wordCount\":359,\"commentCount\":0,\"publisher\":{\"@id\":\"https:\\\/\\\/www.info-algerie.com\\\/actualites\\\/#organization\"},\"keywords\":[\"ONU\"],\"articleSection\":[\"infos\"],\"inLanguage\":\"fr-FR\",\"potentialAction\":[{\"@type\":\"CommentAction\",\"name\":\"Comment\",\"target\":[\"https:\\\/\\\/www.info-algerie.com\\\/actualites\\\/une-delegation-de-lanp-prend-part-a-nouakchott-a-la-reunion-du-conseil-des-chefs-detat-major-des-pays-membres-du-cemoc\\\/#respond\"]}]},{\"@type\":\"WebPage\",\"@id\":\"https:\\\/\\\/www.info-algerie.com\\\/actualites\\\/une-delegation-de-lanp-prend-part-a-nouakchott-a-la-reunion-du-conseil-des-chefs-detat-major-des-pays-membres-du-cemoc\\\/\",\"url\":\"https:\\\/\\\/www.info-algerie.com\\\/actualites\\\/une-delegation-de-lanp-prend-part-a-nouakchott-a-la-reunion-du-conseil-des-chefs-detat-major-des-pays-membres-du-cemoc\\\/\",\"name\":\"Une d\u00e9l\u00e9gation de l\u2019ANP prend part \u00e0 Nouakchott \u00e0 la r\u00e9union du conseil des chefs d\u2019Etat-Major des pays membres du CEMOC - info algerie\",\"isPartOf\":{\"@id\":\"https:\\\/\\\/www.info-algerie.com\\\/actualites\\\/#website\"},\"datePublished\":\"2017-08-14T14:26:10+00:00\",\"breadcrumb\":{\"@id\":\"https:\\\/\\\/www.info-algerie.com\\\/actualites\\\/une-delegation-de-lanp-prend-part-a-nouakchott-a-la-reunion-du-conseil-des-chefs-detat-major-des-pays-membres-du-cemoc\\\/#breadcrumb\"},\"inLanguage\":\"fr-FR\",\"potentialAction\":[{\"@type\":\"ReadAction\",\"target\":[\"https:\\\/\\\/www.info-algerie.com\\\/actualites\\\/une-delegation-de-lanp-prend-part-a-nouakchott-a-la-reunion-du-conseil-des-chefs-detat-major-des-pays-membres-du-cemoc\\\/\"]}]},{\"@type\":\"BreadcrumbList\",\"@id\":\"https:\\\/\\\/www.info-algerie.com\\\/actualites\\\/une-delegation-de-lanp-prend-part-a-nouakchott-a-la-reunion-du-conseil-des-chefs-detat-major-des-pays-membres-du-cemoc\\\/#breadcrumb\",\"itemListElement\":[{\"@type\":\"ListItem\",\"position\":1,\"name\":\"Accueil\",\"item\":\"https:\\\/\\\/www.info-algerie.com\\\/actualites\\\/\"},{\"@type\":\"ListItem\",\"position\":2,\"name\":\"Une d\u00e9l\u00e9gation de l\u2019ANP prend part \u00e0 Nouakchott \u00e0 la r\u00e9union du conseil des chefs d\u2019Etat-Major des pays membres du CEMOC\"}]},{\"@type\":\"WebSite\",\"@id\":\"https:\\\/\\\/www.info-algerie.com\\\/actualites\\\/#website\",\"url\":\"https:\\\/\\\/www.info-algerie.com\\\/actualites\\\/\",\"name\":\"info algerie\",\"description\":\"Toutes les actualit\u00e9s\",\"publisher\":{\"@id\":\"https:\\\/\\\/www.info-algerie.com\\\/actualites\\\/#organization\"},\"potentialAction\":[{\"@type\":\"SearchAction\",\"target\":{\"@type\":\"EntryPoint\",\"urlTemplate\":\"https:\\\/\\\/www.info-algerie.com\\\/actualites\\\/?s={search_term_string}\"},\"query-input\":{\"@type\":\"PropertyValueSpecification\",\"valueRequired\":true,\"valueName\":\"search_term_string\"}}],\"inLanguage\":\"fr-FR\"},{\"@type\":\"Organization\",\"@id\":\"https:\\\/\\\/www.info-algerie.com\\\/actualites\\\/#organization\",\"name\":\"info algerie\",\"url\":\"https:\\\/\\\/www.info-algerie.com\\\/actualites\\\/\",\"logo\":{\"@type\":\"ImageObject\",\"inLanguage\":\"fr-FR\",\"@id\":\"https:\\\/\\\/www.info-algerie.com\\\/actualites\\\/#\\\/schema\\\/logo\\\/image\\\/\",\"url\":\"https:\\\/\\\/www.info-algerie.com\\\/actualites\\\/wp-content\\\/uploads\\\/2022\\\/07\\\/logo-ia-120.png\",\"contentUrl\":\"https:\\\/\\\/www.info-algerie.com\\\/actualites\\\/wp-content\\\/uploads\\\/2022\\\/07\\\/logo-ia-120.png\",\"width\":120,\"height\":43,\"caption\":\"info algerie\"},\"image\":{\"@id\":\"https:\\\/\\\/www.info-algerie.com\\\/actualites\\\/#\\\/schema\\\/logo\\\/image\\\/\"},\"sameAs\":[\"https:\\\/\\\/www.facebook.com\\\/infoalgerieactu\",\"https:\\\/\\\/x.com\\\/infoalgerie1\"]},{\"@type\":\"Person\",\"@id\":\"https:\\\/\\\/www.info-algerie.com\\\/actualites\\\/#\\\/schema\\\/person\\\/847aaec44920825b843a08f30ec6aa1e\",\"name\":\"La r\u00e9daction\",\"image\":{\"@type\":\"ImageObject\",\"inLanguage\":\"fr-FR\",\"@id\":\"https:\\\/\\\/secure.gravatar.com\\\/avatar\\\/769db425c6f465158149f1ffd6cf61ce7a8a879d11dfbef8288af36dfddd418c?s=96&d=mm&r=g\",\"url\":\"https:\\\/\\\/secure.gravatar.com\\\/avatar\\\/769db425c6f465158149f1ffd6cf61ce7a8a879d11dfbef8288af36dfddd418c?s=96&d=mm&r=g\",\"contentUrl\":\"https:\\\/\\\/secure.gravatar.com\\\/avatar\\\/769db425c6f465158149f1ffd6cf61ce7a8a879d11dfbef8288af36dfddd418c?s=96&d=mm&r=g\",\"caption\":\"La r\u00e9daction\"},\"sameAs\":[\"http:\\\/\\\/www.lkeria.com\\\/\"],\"url\":\"https:\\\/\\\/www.info-algerie.com\\\/actualites\\\/author\\\/chakib32\\\/\"}]}<\/script>\n<!-- \/ Yoast SEO plugin. -->","yoast_head_json":{"title":"Une d\u00e9l\u00e9gation de l\u2019ANP prend part \u00e0 Nouakchott \u00e0 la r\u00e9union du conseil des chefs d\u2019Etat-Major des pays membres du CEMOC - info algerie","robots":{"index":"index","follow":"follow","max-snippet":"max-snippet:-1","max-image-preview":"max-image-preview:large","max-video-preview":"max-video-preview:-1"},"canonical":"https:\/\/www.info-algerie.com\/actualites\/une-delegation-de-lanp-prend-part-a-nouakchott-a-la-reunion-du-conseil-des-chefs-detat-major-des-pays-membres-du-cemoc\/","og_locale":"fr_FR","og_type":"article","og_title":"Une d\u00e9l\u00e9gation de l\u2019ANP prend part \u00e0 Nouakchott \u00e0 la r\u00e9union du conseil des chefs d\u2019Etat-Major des pays membres du CEMOC - info algerie","og_description":"ALGER &#8211; Une d\u00e9l\u00e9gation de l\u2019Etat-Major de l\u2019Arm\u00e9e nationale populaire (ANP), conduite par le G\u00e9n\u00e9ral-Major Zerrad Cherif, Chef du D\u00e9partement Emplois-Pr\u00e9paration de l\u2019Etat-Major de l\u2019ANP, prendra part, en sa qualit\u00e9 de repr\u00e9sentant du G\u00e9n\u00e9ral de Corps d\u2019Arm\u00e9e, Ahmed Ga\u00efd Salah, Vice-ministre de la D\u00e9fense nationale, Chef d\u2019Etat-Major de l\u2019ANP, \u00e0 la r\u00e9union du conseil des","og_url":"https:\/\/www.info-algerie.com\/actualites\/une-delegation-de-lanp-prend-part-a-nouakchott-a-la-reunion-du-conseil-des-chefs-detat-major-des-pays-membres-du-cemoc\/","og_site_name":"info algerie","article_publisher":"https:\/\/www.facebook.com\/infoalgerieactu","article_published_time":"2017-08-14T14:26:10+00:00","author":"La r\u00e9daction","twitter_misc":{"\u00c9crit par":"La r\u00e9daction","Dur\u00e9e de lecture estim\u00e9e":"2 minutes"},"schema":{"@context":"https:\/\/schema.org","@graph":[{"@type":"Article","@id":"https:\/\/www.info-algerie.com\/actualites\/une-delegation-de-lanp-prend-part-a-nouakchott-a-la-reunion-du-conseil-des-chefs-detat-major-des-pays-membres-du-cemoc\/#article","isPartOf":{"@id":"https:\/\/www.info-algerie.com\/actualites\/une-delegation-de-lanp-prend-part-a-nouakchott-a-la-reunion-du-conseil-des-chefs-detat-major-des-pays-membres-du-cemoc\/"},"author":{"name":"La r\u00e9daction","@id":"https:\/\/www.info-algerie.com\/actualites\/#\/schema\/person\/847aaec44920825b843a08f30ec6aa1e"},"headline":"Une d\u00e9l\u00e9gation de l\u2019ANP prend part \u00e0 Nouakchott \u00e0 la r\u00e9union du conseil des chefs d\u2019Etat-Major des pays membres du CEMOC","datePublished":"2017-08-14T14:26:10+00:00","mainEntityOfPage":{"@id":"https:\/\/www.info-algerie.com\/actualites\/une-delegation-de-lanp-prend-part-a-nouakchott-a-la-reunion-du-conseil-des-chefs-detat-major-des-pays-membres-du-cemoc\/"},"wordCount":359,"commentCount":0,"publisher":{"@id":"https:\/\/www.info-algerie.com\/actualites\/#organization"},"keywords":["ONU"],"articleSection":["infos"],"inLanguage":"fr-FR","potentialAction":[{"@type":"CommentAction","name":"Comment","target":["https:\/\/www.info-algerie.com\/actualites\/une-delegation-de-lanp-prend-part-a-nouakchott-a-la-reunion-du-conseil-des-chefs-detat-major-des-pays-membres-du-cemoc\/#respond"]}]},{"@type":"WebPage","@id":"https:\/\/www.info-algerie.com\/actualites\/une-delegation-de-lanp-prend-part-a-nouakchott-a-la-reunion-du-conseil-des-chefs-detat-major-des-pays-membres-du-cemoc\/","url":"https:\/\/www.info-algerie.com\/actualites\/une-delegation-de-lanp-prend-part-a-nouakchott-a-la-reunion-du-conseil-des-chefs-detat-major-des-pays-membres-du-cemoc\/","name":"Une d\u00e9l\u00e9gation de l\u2019ANP prend part \u00e0 Nouakchott \u00e0 la r\u00e9union du conseil des chefs d\u2019Etat-Major des pays membres du CEMOC - info algerie","isPartOf":{"@id":"https:\/\/www.info-algerie.com\/actualites\/#website"},"datePublished":"2017-08-14T14:26:10+00:00","breadcrumb":{"@id":"https:\/\/www.info-algerie.com\/actualites\/une-delegation-de-lanp-prend-part-a-nouakchott-a-la-reunion-du-conseil-des-chefs-detat-major-des-pays-membres-du-cemoc\/#breadcrumb"},"inLanguage":"fr-FR","potentialAction":[{"@type":"ReadAction","target":["https:\/\/www.info-algerie.com\/actualites\/une-delegation-de-lanp-prend-part-a-nouakchott-a-la-reunion-du-conseil-des-chefs-detat-major-des-pays-membres-du-cemoc\/"]}]},{"@type":"BreadcrumbList","@id":"https:\/\/www.info-algerie.com\/actualites\/une-delegation-de-lanp-prend-part-a-nouakchott-a-la-reunion-du-conseil-des-chefs-detat-major-des-pays-membres-du-cemoc\/#breadcrumb","itemListElement":[{"@type":"ListItem","position":1,"name":"Accueil","item":"https:\/\/www.info-algerie.com\/actualites\/"},{"@type":"ListItem","position":2,"name":"Une d\u00e9l\u00e9gation de l\u2019ANP prend part \u00e0 Nouakchott \u00e0 la r\u00e9union du conseil des chefs d\u2019Etat-Major des pays membres du CEMOC"}]},{"@type":"WebSite","@id":"https:\/\/www.info-algerie.com\/actualites\/#website","url":"https:\/\/www.info-algerie.com\/actualites\/","name":"info algerie","description":"Toutes les actualit\u00e9s","publisher":{"@id":"https:\/\/www.info-algerie.com\/actualites\/#organization"},"potentialAction":[{"@type":"SearchAction","target":{"@type":"EntryPoint","urlTemplate":"https:\/\/www.info-algerie.com\/actualites\/?s={search_term_string}"},"query-input":{"@type":"PropertyValueSpecification","valueRequired":true,"valueName":"search_term_string"}}],"inLanguage":"fr-FR"},{"@type":"Organization","@id":"https:\/\/www.info-algerie.com\/actualites\/#organization","name":"info algerie","url":"https:\/\/www.info-algerie.com\/actualites\/","logo":{"@type":"ImageObject","inLanguage":"fr-FR","@id":"https:\/\/www.info-algerie.com\/actualites\/#\/schema\/logo\/image\/","url":"https:\/\/www.info-algerie.com\/actualites\/wp-content\/uploads\/2022\/07\/logo-ia-120.png","contentUrl":"https:\/\/www.info-algerie.com\/actualites\/wp-content\/uploads\/2022\/07\/logo-ia-120.png","width":120,"height":43,"caption":"info algerie"},"image":{"@id":"https:\/\/www.info-algerie.com\/actualites\/#\/schema\/logo\/image\/"},"sameAs":["https:\/\/www.facebook.com\/infoalgerieactu","https:\/\/x.com\/infoalgerie1"]},{"@type":"Person","@id":"https:\/\/www.info-algerie.com\/actualites\/#\/schema\/person\/847aaec44920825b843a08f30ec6aa1e","name":"La r\u00e9daction","image":{"@type":"ImageObject","inLanguage":"fr-FR","@id":"https:\/\/secure.gravatar.com\/avatar\/769db425c6f465158149f1ffd6cf61ce7a8a879d11dfbef8288af36dfddd418c?s=96&d=mm&r=g","url":"https:\/\/secure.gravatar.com\/avatar\/769db425c6f465158149f1ffd6cf61ce7a8a879d11dfbef8288af36dfddd418c?s=96&d=mm&r=g","contentUrl":"https:\/\/secure.gravatar.com\/avatar\/769db425c6f465158149f1ffd6cf61ce7a8a879d11dfbef8288af36dfddd418c?s=96&d=mm&r=g","caption":"La r\u00e9daction"},"sameAs":["http:\/\/www.lkeria.com\/"],"url":"https:\/\/www.info-algerie.com\/actualites\/author\/chakib32\/"}]}},"_links":{"self":[{"href":"https:\/\/www.info-algerie.com\/actualites\/wp-json\/wp\/v2\/posts\/15016","targetHints":{"allow":["GET"]}}],"collection":[{"href":"https:\/\/www.info-algerie.com\/actualites\/wp-json\/wp\/v2\/posts"}],"about":[{"href":"https:\/\/www.info-algerie.com\/actualites\/wp-json\/wp\/v2\/types\/post"}],"author":[{"embeddable":true,"href":"https:\/\/www.info-algerie.com\/actualites\/wp-json\/wp\/v2\/users\/6"}],"replies":[{"embeddable":true,"href":"https:\/\/www.info-algerie.com\/actualites\/wp-json\/wp\/v2\/comments?post=15016"}],"version-history":[{"count":0,"href":"https:\/\/www.info-algerie.com\/actualites\/wp-json\/wp\/v2\/posts\/15016\/revisions"}],"wp:attachment":[{"href":"https:\/\/www.info-algerie.com\/actualites\/wp-json\/wp\/v2\/media?parent=15016"}],"wp:term":[{"taxonomy":"category","embeddable":true,"href":"https:\/\/www.info-algerie.com\/actualites\/wp-json\/wp\/v2\/categories?post=15016"},{"taxonomy":"post_tag","embeddable":true,"href":"https:\/\/www.info-algerie.com\/actualites\/wp-json\/wp\/v2\/tags?post=15016"}],"curies":[{"name":"wp","href":"https:\/\/api.w.org\/{rel}","templated":true}]}}