{"id":15024,"date":"2017-08-14T17:14:36","date_gmt":"2017-08-14T16:14:36","guid":{"rendered":"http:\/\/www.info-algerie.com\/actualites\/ain-temouchent-forum-prochain-sur-lusage-de-tamazight-dans-les-medias-electroniques-et-institutionnels\/"},"modified":"2017-08-14T17:14:36","modified_gmt":"2017-08-14T16:14:36","slug":"ain-temouchent-forum-prochain-sur-lusage-de-tamazight-dans-les-medias-electroniques-et-institutionnels","status":"publish","type":"post","link":"https:\/\/www.info-algerie.com\/actualites\/ain-temouchent-forum-prochain-sur-lusage-de-tamazight-dans-les-medias-electroniques-et-institutionnels\/","title":{"rendered":"Ain Temouchent: forum prochain sur l&#039;usage de Tamazight dans les m\u00e9dias \u00e9lectroniques et institutionnels"},"content":{"rendered":"<div class=\"K2FeedImage\"><img decoding=\"async\" src=\"https:\/\/www.info-algerie.com\/actualites\/wp-content\/uploads\/2017\/08\/32e5a44773814a549b29e0ec07882f44_S.jpg\" alt=\"Ain Temouchent: forum prochain sur l'usage de Tamazight dans les m&#xE9;dias &#xE9;lectroniques et institutionnels\" \/><\/div>\n<div class=\"K2FeedIntroText\">\n<p>AIN TEMOUCHENT &#8211; La wilaya d&rsquo;Ain Temouchent abritera, mercredi prochain, un forum national sur \u00ab\u00a0l&rsquo;usage de Tamazight dans les m\u00e9dias \u00e9lectroniques et institutionnels\u00a0\u00bb, a-t-on appris aupr\u00e8s du Haut-commissariat \u00e0 l&rsquo;Amazighit\u00e9 (HCA).<\/p>\n<p>&#013;\n<\/p><\/div>\n<div class=\"K2FeedFullText\">&#013;<\/p>\n<p>Cette rencontre, inscrite dans le cadre de la deuxi\u00e8me phase de la caravane litt\u00e9raire comm\u00e9morant le centenaire de la naissance de l&rsquo;\u00e9crivain et chercheur Mouloud Mammeri (1917-2017), a pour objectif de d\u00e9finir un cadre de travail permettant d&rsquo;accompagner les institutions, d\u00e9partements minist\u00e9riels et \u00e9tablissements \u00e9conomiques dans l&rsquo;usage de Tamazight dans les multim\u00e9dias, a indiqu\u00e9, \u00e0 l&rsquo;APS, le secr\u00e9taire g\u00e9n\u00e9ral du HCA, Assad Si El Hachemi.<\/p>\n<p>&#013;<\/p>\n<p>Ce forum qui sera encadr\u00e9 par des experts et des professionnels constitue, dans le domaine de l&rsquo;information, un des exigences de la nouvelle \u00e9tape de la nouvelle Constitution qui stipule, dans son article 4, que Tamazight est une langue nationale et officielle et que l&rsquo;Etat \u0153uvre \u00e0 sa promotion et \u00e0 son d\u00e9veloppement sur l&rsquo;ensemble du territoire national, a-t-il ajout\u00e9.<\/p>\n<p>&#013;<\/p>\n<p>L&rsquo;action de terrain men\u00e9e par le HCA s&rsquo;inscrit dans le cadre des d\u00e9marches de l&rsquo;Etat et du plan du Gouvernement visant \u00e0 la promotion de la langue amazighe \u00e0 travers la concr\u00e9tisation de la nouvelle feuille de route en coordination entre le HCA et diff\u00e9rents secteurs, a-t-on soulign\u00e9.<\/p>\n<p>&#013;<\/p>\n<p>Cette nouvelle tendance adopt\u00e9e par le HCA a permis de r\u00e9unir les conditions objectives pour consolider la place de l&rsquo;Amazighit\u00e9 dans l&rsquo;environnement institutionnel \u00e0 pas mesur\u00e9, avec m\u00e9thodologie et sans pr\u00e9cipitation comme convenu dans la feuille de route, a affirm\u00e9 M. Assad.<\/p>\n<p>&#013;<\/p>\n<p>Les festivit\u00e9s de la caravane litt\u00e9raire comm\u00e9morant le centenaire de la naissance de Mouloud Mammeri, qui ont d\u00e9but\u00e9 au mois de f\u00e9vrier dernier sous le haut patronage du pr\u00e9sident de la R\u00e9publique, Abdelaziz Bouteflika,\u00a0 s&rsquo;\u00e9talent \u00e0 longueur d&rsquo;ann\u00e9e et comportent 13 manifestations culturelles dans le cadre d&rsquo;un programme national visant \u00e0 r\u00e9habiliter l&rsquo;\u00e9crivain\u00a0 Mammeri, d\u00e9cor\u00e9 par la m\u00e9daille du m\u00e9rite par le pr\u00e9sident de la R\u00e9publique.<\/p>\n<p>&#013;<\/p>\n<p class=\"MsoNormal\">Dans ce sens, un site Web en arabe, tamazight et fran\u00e7ais consacr\u00e9 \u00e0 cet homme de lettres a \u00e9t\u00e9 mis en \u0153uvre et des d\u00e9marches sont en cours pour reproduire le film \u00ab\u00a0L&rsquo;Opium et le b\u00e2ton\u00a0\u00bb en langue amazighe avec un financement du fonds de soutien du minist\u00e8re de la Culture, en plus de la r\u00e9\u00e9dition d&rsquo;ouvrages de l&rsquo;\u00e9crivain d\u00e9funt et leur traduction en tamazight dans le cadre de trois importants projets trac\u00e9s par le HCA, a fait encore savoir M. Assad.<\/p>\n<\/div>\n<p>&#013;<br \/>\nSource: <a href=\"http:\/\/www.aps.dz\/algerie\/61727-ain-temouchent-forum-prochain-sur-l-usage-de-tamazight-dans-les-medias-electroniques-et-institutionnels\" target=\"_blank\">Ain Temouchent: forum prochain sur l&rsquo;usage de Tamazight dans les m\u00e9dias \u00e9lectroniques et institutionnels<\/a><\/p>\n<!--CusAds0-->\n<div style=\"font-size: 0px; height: 0px; line-height: 0px; margin: 0; padding: 0; clear: both;\"><\/div>","protected":false},"excerpt":{"rendered":"<p>AIN TEMOUCHENT &#8211; La wilaya d&rsquo;Ain Temouchent abritera, mercredi prochain, un forum national sur \u00ab\u00a0l&rsquo;usage de Tamazight dans les m\u00e9dias \u00e9lectroniques et institutionnels\u00a0\u00bb, a-t-on appris aupr\u00e8s du Haut-commissariat \u00e0 l&rsquo;Amazighit\u00e9 (HCA). &#013; &#013; Cette rencontre, inscrite dans le cadre de la deuxi\u00e8me phase de la caravane litt\u00e9raire comm\u00e9morant le centenaire de la naissance de l&rsquo;\u00e9crivain<\/p>\n","protected":false},"author":6,"featured_media":15025,"comment_status":"open","ping_status":"open","sticky":false,"template":"","format":"standard","meta":{"footnotes":""},"categories":[22],"tags":[93],"class_list":["post-15024","post","type-post","status-publish","format-standard","has-post-thumbnail","hentry","category-infos","tag-onu"],"yoast_head":"<!-- This site is optimized with the Yoast SEO plugin v27.5 - https:\/\/yoast.com\/product\/yoast-seo-wordpress\/ -->\n<title>Ain Temouchent: forum prochain sur l&#039;usage de Tamazight dans les m\u00e9dias \u00e9lectroniques et institutionnels - info algerie<\/title>\n<meta name=\"robots\" content=\"index, follow, max-snippet:-1, max-image-preview:large, max-video-preview:-1\" \/>\n<link rel=\"canonical\" href=\"https:\/\/www.info-algerie.com\/actualites\/ain-temouchent-forum-prochain-sur-lusage-de-tamazight-dans-les-medias-electroniques-et-institutionnels\/\" \/>\n<meta property=\"og:locale\" content=\"fr_FR\" \/>\n<meta property=\"og:type\" content=\"article\" \/>\n<meta property=\"og:title\" content=\"Ain Temouchent: forum prochain sur l&#039;usage de Tamazight dans les m\u00e9dias \u00e9lectroniques et institutionnels - info algerie\" \/>\n<meta property=\"og:description\" content=\"AIN TEMOUCHENT &#8211; La wilaya d&rsquo;Ain Temouchent abritera, mercredi prochain, un forum national sur \u00ab\u00a0l&rsquo;usage de Tamazight dans les m\u00e9dias \u00e9lectroniques et institutionnels\u00a0\u00bb, a-t-on appris aupr\u00e8s du Haut-commissariat \u00e0 l&rsquo;Amazighit\u00e9 (HCA). &#013; &#013; Cette rencontre, inscrite dans le cadre de la deuxi\u00e8me phase de la caravane litt\u00e9raire comm\u00e9morant le centenaire de la naissance de l&rsquo;\u00e9crivain\" \/>\n<meta property=\"og:url\" content=\"https:\/\/www.info-algerie.com\/actualites\/ain-temouchent-forum-prochain-sur-lusage-de-tamazight-dans-les-medias-electroniques-et-institutionnels\/\" \/>\n<meta property=\"og:site_name\" content=\"info algerie\" \/>\n<meta property=\"article:publisher\" content=\"https:\/\/www.facebook.com\/infoalgerieactu\" \/>\n<meta property=\"article:published_time\" content=\"2017-08-14T16:14:36+00:00\" \/>\n<meta property=\"og:image\" content=\"https:\/\/www.info-algerie.com\/actualites\/wp-content\/uploads\/2017\/08\/32e5a44773814a549b29e0ec07882f44_S-1.jpg\" \/>\n\t<meta property=\"og:image:width\" content=\"280\" \/>\n\t<meta property=\"og:image:height\" content=\"169\" \/>\n\t<meta property=\"og:image:type\" content=\"image\/jpeg\" \/>\n<meta name=\"author\" content=\"La r\u00e9daction\" \/>\n<meta name=\"twitter:label1\" content=\"\u00c9crit par\" \/>\n\t<meta name=\"twitter:data1\" content=\"La r\u00e9daction\" \/>\n\t<meta name=\"twitter:label2\" content=\"Dur\u00e9e de lecture estim\u00e9e\" \/>\n\t<meta name=\"twitter:data2\" content=\"2 minutes\" \/>\n<script type=\"application\/ld+json\" class=\"yoast-schema-graph\">{\"@context\":\"https:\\\/\\\/schema.org\",\"@graph\":[{\"@type\":\"Article\",\"@id\":\"https:\\\/\\\/www.info-algerie.com\\\/actualites\\\/ain-temouchent-forum-prochain-sur-lusage-de-tamazight-dans-les-medias-electroniques-et-institutionnels\\\/#article\",\"isPartOf\":{\"@id\":\"https:\\\/\\\/www.info-algerie.com\\\/actualites\\\/ain-temouchent-forum-prochain-sur-lusage-de-tamazight-dans-les-medias-electroniques-et-institutionnels\\\/\"},\"author\":{\"name\":\"La r\u00e9daction\",\"@id\":\"https:\\\/\\\/www.info-algerie.com\\\/actualites\\\/#\\\/schema\\\/person\\\/847aaec44920825b843a08f30ec6aa1e\"},\"headline\":\"Ain Temouchent: forum prochain sur l&#039;usage de Tamazight dans les m\u00e9dias \u00e9lectroniques et institutionnels\",\"datePublished\":\"2017-08-14T16:14:36+00:00\",\"mainEntityOfPage\":{\"@id\":\"https:\\\/\\\/www.info-algerie.com\\\/actualites\\\/ain-temouchent-forum-prochain-sur-lusage-de-tamazight-dans-les-medias-electroniques-et-institutionnels\\\/\"},\"wordCount\":479,\"commentCount\":0,\"publisher\":{\"@id\":\"https:\\\/\\\/www.info-algerie.com\\\/actualites\\\/#organization\"},\"image\":{\"@id\":\"https:\\\/\\\/www.info-algerie.com\\\/actualites\\\/ain-temouchent-forum-prochain-sur-lusage-de-tamazight-dans-les-medias-electroniques-et-institutionnels\\\/#primaryimage\"},\"thumbnailUrl\":\"https:\\\/\\\/www.info-algerie.com\\\/actualites\\\/wp-content\\\/uploads\\\/2017\\\/08\\\/32e5a44773814a549b29e0ec07882f44_S-1.jpg\",\"keywords\":[\"ONU\"],\"articleSection\":[\"infos\"],\"inLanguage\":\"fr-FR\",\"potentialAction\":[{\"@type\":\"CommentAction\",\"name\":\"Comment\",\"target\":[\"https:\\\/\\\/www.info-algerie.com\\\/actualites\\\/ain-temouchent-forum-prochain-sur-lusage-de-tamazight-dans-les-medias-electroniques-et-institutionnels\\\/#respond\"]}]},{\"@type\":\"WebPage\",\"@id\":\"https:\\\/\\\/www.info-algerie.com\\\/actualites\\\/ain-temouchent-forum-prochain-sur-lusage-de-tamazight-dans-les-medias-electroniques-et-institutionnels\\\/\",\"url\":\"https:\\\/\\\/www.info-algerie.com\\\/actualites\\\/ain-temouchent-forum-prochain-sur-lusage-de-tamazight-dans-les-medias-electroniques-et-institutionnels\\\/\",\"name\":\"Ain Temouchent: forum prochain sur l&#039;usage de Tamazight dans les m\u00e9dias \u00e9lectroniques et institutionnels - info algerie\",\"isPartOf\":{\"@id\":\"https:\\\/\\\/www.info-algerie.com\\\/actualites\\\/#website\"},\"primaryImageOfPage\":{\"@id\":\"https:\\\/\\\/www.info-algerie.com\\\/actualites\\\/ain-temouchent-forum-prochain-sur-lusage-de-tamazight-dans-les-medias-electroniques-et-institutionnels\\\/#primaryimage\"},\"image\":{\"@id\":\"https:\\\/\\\/www.info-algerie.com\\\/actualites\\\/ain-temouchent-forum-prochain-sur-lusage-de-tamazight-dans-les-medias-electroniques-et-institutionnels\\\/#primaryimage\"},\"thumbnailUrl\":\"https:\\\/\\\/www.info-algerie.com\\\/actualites\\\/wp-content\\\/uploads\\\/2017\\\/08\\\/32e5a44773814a549b29e0ec07882f44_S-1.jpg\",\"datePublished\":\"2017-08-14T16:14:36+00:00\",\"breadcrumb\":{\"@id\":\"https:\\\/\\\/www.info-algerie.com\\\/actualites\\\/ain-temouchent-forum-prochain-sur-lusage-de-tamazight-dans-les-medias-electroniques-et-institutionnels\\\/#breadcrumb\"},\"inLanguage\":\"fr-FR\",\"potentialAction\":[{\"@type\":\"ReadAction\",\"target\":[\"https:\\\/\\\/www.info-algerie.com\\\/actualites\\\/ain-temouchent-forum-prochain-sur-lusage-de-tamazight-dans-les-medias-electroniques-et-institutionnels\\\/\"]}]},{\"@type\":\"ImageObject\",\"inLanguage\":\"fr-FR\",\"@id\":\"https:\\\/\\\/www.info-algerie.com\\\/actualites\\\/ain-temouchent-forum-prochain-sur-lusage-de-tamazight-dans-les-medias-electroniques-et-institutionnels\\\/#primaryimage\",\"url\":\"https:\\\/\\\/www.info-algerie.com\\\/actualites\\\/wp-content\\\/uploads\\\/2017\\\/08\\\/32e5a44773814a549b29e0ec07882f44_S-1.jpg\",\"contentUrl\":\"https:\\\/\\\/www.info-algerie.com\\\/actualites\\\/wp-content\\\/uploads\\\/2017\\\/08\\\/32e5a44773814a549b29e0ec07882f44_S-1.jpg\",\"width\":280,\"height\":169},{\"@type\":\"BreadcrumbList\",\"@id\":\"https:\\\/\\\/www.info-algerie.com\\\/actualites\\\/ain-temouchent-forum-prochain-sur-lusage-de-tamazight-dans-les-medias-electroniques-et-institutionnels\\\/#breadcrumb\",\"itemListElement\":[{\"@type\":\"ListItem\",\"position\":1,\"name\":\"Accueil\",\"item\":\"https:\\\/\\\/www.info-algerie.com\\\/actualites\\\/\"},{\"@type\":\"ListItem\",\"position\":2,\"name\":\"Ain Temouchent: forum prochain sur l&#039;usage de Tamazight dans les m\u00e9dias \u00e9lectroniques et institutionnels\"}]},{\"@type\":\"WebSite\",\"@id\":\"https:\\\/\\\/www.info-algerie.com\\\/actualites\\\/#website\",\"url\":\"https:\\\/\\\/www.info-algerie.com\\\/actualites\\\/\",\"name\":\"info algerie\",\"description\":\"Toutes les actualit\u00e9s\",\"publisher\":{\"@id\":\"https:\\\/\\\/www.info-algerie.com\\\/actualites\\\/#organization\"},\"potentialAction\":[{\"@type\":\"SearchAction\",\"target\":{\"@type\":\"EntryPoint\",\"urlTemplate\":\"https:\\\/\\\/www.info-algerie.com\\\/actualites\\\/?s={search_term_string}\"},\"query-input\":{\"@type\":\"PropertyValueSpecification\",\"valueRequired\":true,\"valueName\":\"search_term_string\"}}],\"inLanguage\":\"fr-FR\"},{\"@type\":\"Organization\",\"@id\":\"https:\\\/\\\/www.info-algerie.com\\\/actualites\\\/#organization\",\"name\":\"info algerie\",\"url\":\"https:\\\/\\\/www.info-algerie.com\\\/actualites\\\/\",\"logo\":{\"@type\":\"ImageObject\",\"inLanguage\":\"fr-FR\",\"@id\":\"https:\\\/\\\/www.info-algerie.com\\\/actualites\\\/#\\\/schema\\\/logo\\\/image\\\/\",\"url\":\"https:\\\/\\\/www.info-algerie.com\\\/actualites\\\/wp-content\\\/uploads\\\/2022\\\/07\\\/logo-ia-120.png\",\"contentUrl\":\"https:\\\/\\\/www.info-algerie.com\\\/actualites\\\/wp-content\\\/uploads\\\/2022\\\/07\\\/logo-ia-120.png\",\"width\":120,\"height\":43,\"caption\":\"info algerie\"},\"image\":{\"@id\":\"https:\\\/\\\/www.info-algerie.com\\\/actualites\\\/#\\\/schema\\\/logo\\\/image\\\/\"},\"sameAs\":[\"https:\\\/\\\/www.facebook.com\\\/infoalgerieactu\",\"https:\\\/\\\/x.com\\\/infoalgerie1\"]},{\"@type\":\"Person\",\"@id\":\"https:\\\/\\\/www.info-algerie.com\\\/actualites\\\/#\\\/schema\\\/person\\\/847aaec44920825b843a08f30ec6aa1e\",\"name\":\"La r\u00e9daction\",\"image\":{\"@type\":\"ImageObject\",\"inLanguage\":\"fr-FR\",\"@id\":\"https:\\\/\\\/secure.gravatar.com\\\/avatar\\\/769db425c6f465158149f1ffd6cf61ce7a8a879d11dfbef8288af36dfddd418c?s=96&d=mm&r=g\",\"url\":\"https:\\\/\\\/secure.gravatar.com\\\/avatar\\\/769db425c6f465158149f1ffd6cf61ce7a8a879d11dfbef8288af36dfddd418c?s=96&d=mm&r=g\",\"contentUrl\":\"https:\\\/\\\/secure.gravatar.com\\\/avatar\\\/769db425c6f465158149f1ffd6cf61ce7a8a879d11dfbef8288af36dfddd418c?s=96&d=mm&r=g\",\"caption\":\"La r\u00e9daction\"},\"sameAs\":[\"http:\\\/\\\/www.lkeria.com\\\/\"],\"url\":\"https:\\\/\\\/www.info-algerie.com\\\/actualites\\\/author\\\/chakib32\\\/\"}]}<\/script>\n<!-- \/ Yoast SEO plugin. -->","yoast_head_json":{"title":"Ain Temouchent: forum prochain sur l&#039;usage de Tamazight dans les m\u00e9dias \u00e9lectroniques et institutionnels - info algerie","robots":{"index":"index","follow":"follow","max-snippet":"max-snippet:-1","max-image-preview":"max-image-preview:large","max-video-preview":"max-video-preview:-1"},"canonical":"https:\/\/www.info-algerie.com\/actualites\/ain-temouchent-forum-prochain-sur-lusage-de-tamazight-dans-les-medias-electroniques-et-institutionnels\/","og_locale":"fr_FR","og_type":"article","og_title":"Ain Temouchent: forum prochain sur l&#039;usage de Tamazight dans les m\u00e9dias \u00e9lectroniques et institutionnels - info algerie","og_description":"AIN TEMOUCHENT &#8211; La wilaya d&rsquo;Ain Temouchent abritera, mercredi prochain, un forum national sur \u00ab\u00a0l&rsquo;usage de Tamazight dans les m\u00e9dias \u00e9lectroniques et institutionnels\u00a0\u00bb, a-t-on appris aupr\u00e8s du Haut-commissariat \u00e0 l&rsquo;Amazighit\u00e9 (HCA). &#013; &#013; Cette rencontre, inscrite dans le cadre de la deuxi\u00e8me phase de la caravane litt\u00e9raire comm\u00e9morant le centenaire de la naissance de l&rsquo;\u00e9crivain","og_url":"https:\/\/www.info-algerie.com\/actualites\/ain-temouchent-forum-prochain-sur-lusage-de-tamazight-dans-les-medias-electroniques-et-institutionnels\/","og_site_name":"info algerie","article_publisher":"https:\/\/www.facebook.com\/infoalgerieactu","article_published_time":"2017-08-14T16:14:36+00:00","og_image":[{"width":280,"height":169,"url":"https:\/\/www.info-algerie.com\/actualites\/wp-content\/uploads\/2017\/08\/32e5a44773814a549b29e0ec07882f44_S-1.jpg","type":"image\/jpeg"}],"author":"La r\u00e9daction","twitter_misc":{"\u00c9crit par":"La r\u00e9daction","Dur\u00e9e de lecture estim\u00e9e":"2 minutes"},"schema":{"@context":"https:\/\/schema.org","@graph":[{"@type":"Article","@id":"https:\/\/www.info-algerie.com\/actualites\/ain-temouchent-forum-prochain-sur-lusage-de-tamazight-dans-les-medias-electroniques-et-institutionnels\/#article","isPartOf":{"@id":"https:\/\/www.info-algerie.com\/actualites\/ain-temouchent-forum-prochain-sur-lusage-de-tamazight-dans-les-medias-electroniques-et-institutionnels\/"},"author":{"name":"La r\u00e9daction","@id":"https:\/\/www.info-algerie.com\/actualites\/#\/schema\/person\/847aaec44920825b843a08f30ec6aa1e"},"headline":"Ain Temouchent: forum prochain sur l&#039;usage de Tamazight dans les m\u00e9dias \u00e9lectroniques et institutionnels","datePublished":"2017-08-14T16:14:36+00:00","mainEntityOfPage":{"@id":"https:\/\/www.info-algerie.com\/actualites\/ain-temouchent-forum-prochain-sur-lusage-de-tamazight-dans-les-medias-electroniques-et-institutionnels\/"},"wordCount":479,"commentCount":0,"publisher":{"@id":"https:\/\/www.info-algerie.com\/actualites\/#organization"},"image":{"@id":"https:\/\/www.info-algerie.com\/actualites\/ain-temouchent-forum-prochain-sur-lusage-de-tamazight-dans-les-medias-electroniques-et-institutionnels\/#primaryimage"},"thumbnailUrl":"https:\/\/www.info-algerie.com\/actualites\/wp-content\/uploads\/2017\/08\/32e5a44773814a549b29e0ec07882f44_S-1.jpg","keywords":["ONU"],"articleSection":["infos"],"inLanguage":"fr-FR","potentialAction":[{"@type":"CommentAction","name":"Comment","target":["https:\/\/www.info-algerie.com\/actualites\/ain-temouchent-forum-prochain-sur-lusage-de-tamazight-dans-les-medias-electroniques-et-institutionnels\/#respond"]}]},{"@type":"WebPage","@id":"https:\/\/www.info-algerie.com\/actualites\/ain-temouchent-forum-prochain-sur-lusage-de-tamazight-dans-les-medias-electroniques-et-institutionnels\/","url":"https:\/\/www.info-algerie.com\/actualites\/ain-temouchent-forum-prochain-sur-lusage-de-tamazight-dans-les-medias-electroniques-et-institutionnels\/","name":"Ain Temouchent: forum prochain sur l&#039;usage de Tamazight dans les m\u00e9dias \u00e9lectroniques et institutionnels - info algerie","isPartOf":{"@id":"https:\/\/www.info-algerie.com\/actualites\/#website"},"primaryImageOfPage":{"@id":"https:\/\/www.info-algerie.com\/actualites\/ain-temouchent-forum-prochain-sur-lusage-de-tamazight-dans-les-medias-electroniques-et-institutionnels\/#primaryimage"},"image":{"@id":"https:\/\/www.info-algerie.com\/actualites\/ain-temouchent-forum-prochain-sur-lusage-de-tamazight-dans-les-medias-electroniques-et-institutionnels\/#primaryimage"},"thumbnailUrl":"https:\/\/www.info-algerie.com\/actualites\/wp-content\/uploads\/2017\/08\/32e5a44773814a549b29e0ec07882f44_S-1.jpg","datePublished":"2017-08-14T16:14:36+00:00","breadcrumb":{"@id":"https:\/\/www.info-algerie.com\/actualites\/ain-temouchent-forum-prochain-sur-lusage-de-tamazight-dans-les-medias-electroniques-et-institutionnels\/#breadcrumb"},"inLanguage":"fr-FR","potentialAction":[{"@type":"ReadAction","target":["https:\/\/www.info-algerie.com\/actualites\/ain-temouchent-forum-prochain-sur-lusage-de-tamazight-dans-les-medias-electroniques-et-institutionnels\/"]}]},{"@type":"ImageObject","inLanguage":"fr-FR","@id":"https:\/\/www.info-algerie.com\/actualites\/ain-temouchent-forum-prochain-sur-lusage-de-tamazight-dans-les-medias-electroniques-et-institutionnels\/#primaryimage","url":"https:\/\/www.info-algerie.com\/actualites\/wp-content\/uploads\/2017\/08\/32e5a44773814a549b29e0ec07882f44_S-1.jpg","contentUrl":"https:\/\/www.info-algerie.com\/actualites\/wp-content\/uploads\/2017\/08\/32e5a44773814a549b29e0ec07882f44_S-1.jpg","width":280,"height":169},{"@type":"BreadcrumbList","@id":"https:\/\/www.info-algerie.com\/actualites\/ain-temouchent-forum-prochain-sur-lusage-de-tamazight-dans-les-medias-electroniques-et-institutionnels\/#breadcrumb","itemListElement":[{"@type":"ListItem","position":1,"name":"Accueil","item":"https:\/\/www.info-algerie.com\/actualites\/"},{"@type":"ListItem","position":2,"name":"Ain Temouchent: forum prochain sur l&#039;usage de Tamazight dans les m\u00e9dias \u00e9lectroniques et institutionnels"}]},{"@type":"WebSite","@id":"https:\/\/www.info-algerie.com\/actualites\/#website","url":"https:\/\/www.info-algerie.com\/actualites\/","name":"info algerie","description":"Toutes les actualit\u00e9s","publisher":{"@id":"https:\/\/www.info-algerie.com\/actualites\/#organization"},"potentialAction":[{"@type":"SearchAction","target":{"@type":"EntryPoint","urlTemplate":"https:\/\/www.info-algerie.com\/actualites\/?s={search_term_string}"},"query-input":{"@type":"PropertyValueSpecification","valueRequired":true,"valueName":"search_term_string"}}],"inLanguage":"fr-FR"},{"@type":"Organization","@id":"https:\/\/www.info-algerie.com\/actualites\/#organization","name":"info algerie","url":"https:\/\/www.info-algerie.com\/actualites\/","logo":{"@type":"ImageObject","inLanguage":"fr-FR","@id":"https:\/\/www.info-algerie.com\/actualites\/#\/schema\/logo\/image\/","url":"https:\/\/www.info-algerie.com\/actualites\/wp-content\/uploads\/2022\/07\/logo-ia-120.png","contentUrl":"https:\/\/www.info-algerie.com\/actualites\/wp-content\/uploads\/2022\/07\/logo-ia-120.png","width":120,"height":43,"caption":"info algerie"},"image":{"@id":"https:\/\/www.info-algerie.com\/actualites\/#\/schema\/logo\/image\/"},"sameAs":["https:\/\/www.facebook.com\/infoalgerieactu","https:\/\/x.com\/infoalgerie1"]},{"@type":"Person","@id":"https:\/\/www.info-algerie.com\/actualites\/#\/schema\/person\/847aaec44920825b843a08f30ec6aa1e","name":"La r\u00e9daction","image":{"@type":"ImageObject","inLanguage":"fr-FR","@id":"https:\/\/secure.gravatar.com\/avatar\/769db425c6f465158149f1ffd6cf61ce7a8a879d11dfbef8288af36dfddd418c?s=96&d=mm&r=g","url":"https:\/\/secure.gravatar.com\/avatar\/769db425c6f465158149f1ffd6cf61ce7a8a879d11dfbef8288af36dfddd418c?s=96&d=mm&r=g","contentUrl":"https:\/\/secure.gravatar.com\/avatar\/769db425c6f465158149f1ffd6cf61ce7a8a879d11dfbef8288af36dfddd418c?s=96&d=mm&r=g","caption":"La r\u00e9daction"},"sameAs":["http:\/\/www.lkeria.com\/"],"url":"https:\/\/www.info-algerie.com\/actualites\/author\/chakib32\/"}]}},"_links":{"self":[{"href":"https:\/\/www.info-algerie.com\/actualites\/wp-json\/wp\/v2\/posts\/15024","targetHints":{"allow":["GET"]}}],"collection":[{"href":"https:\/\/www.info-algerie.com\/actualites\/wp-json\/wp\/v2\/posts"}],"about":[{"href":"https:\/\/www.info-algerie.com\/actualites\/wp-json\/wp\/v2\/types\/post"}],"author":[{"embeddable":true,"href":"https:\/\/www.info-algerie.com\/actualites\/wp-json\/wp\/v2\/users\/6"}],"replies":[{"embeddable":true,"href":"https:\/\/www.info-algerie.com\/actualites\/wp-json\/wp\/v2\/comments?post=15024"}],"version-history":[{"count":0,"href":"https:\/\/www.info-algerie.com\/actualites\/wp-json\/wp\/v2\/posts\/15024\/revisions"}],"wp:featuredmedia":[{"embeddable":true,"href":"https:\/\/www.info-algerie.com\/actualites\/wp-json\/wp\/v2\/media\/15025"}],"wp:attachment":[{"href":"https:\/\/www.info-algerie.com\/actualites\/wp-json\/wp\/v2\/media?parent=15024"}],"wp:term":[{"taxonomy":"category","embeddable":true,"href":"https:\/\/www.info-algerie.com\/actualites\/wp-json\/wp\/v2\/categories?post=15024"},{"taxonomy":"post_tag","embeddable":true,"href":"https:\/\/www.info-algerie.com\/actualites\/wp-json\/wp\/v2\/tags?post=15024"}],"curies":[{"name":"wp","href":"https:\/\/api.w.org\/{rel}","templated":true}]}}