{"id":15035,"date":"2017-08-15T13:10:12","date_gmt":"2017-08-15T12:10:12","guid":{"rendered":"http:\/\/www.info-algerie.com\/actualites\/la-ministre-de-la-solidarite-evoque-avec-lambassadeur-qatari-les-moyens-de-consolider-la-cooperation-en-matiere-de-solidarite-et-de-developpement-social\/"},"modified":"2017-08-15T13:10:12","modified_gmt":"2017-08-15T12:10:12","slug":"la-ministre-de-la-solidarite-evoque-avec-lambassadeur-qatari-les-moyens-de-consolider-la-cooperation-en-matiere-de-solidarite-et-de-developpement-social","status":"publish","type":"post","link":"https:\/\/www.info-algerie.com\/actualites\/la-ministre-de-la-solidarite-evoque-avec-lambassadeur-qatari-les-moyens-de-consolider-la-cooperation-en-matiere-de-solidarite-et-de-developpement-social\/","title":{"rendered":"La ministre de la Solidarit\u00e9 \u00e9voque avec l&#039;ambassadeur qatari les moyens de consolider la coop\u00e9ration en mati\u00e8re de solidarit\u00e9 et de d\u00e9veloppement social"},"content":{"rendered":"<div class=\"K2FeedIntroText\">\n<p class=\"MsoNoSpacing\">ALGER- La ministre de la Solidarit\u00e9 nationale, de la famille et de la condition f\u00e9minine, Ghania Eddalia, a \u00e9voqu\u00e9 lundi avec l&rsquo;ambassadeur du Qatar \u00e0 Alger, Ibrahim Mohamed ben Abdelaziz Es-sahlaoui, les moyens de consolider la coop\u00e9ration entre les deux pays dans les domaines de la solidarit\u00e9 et du d\u00e9veloppement social, a indiqu\u00e9 un communiqu\u00e9 du minist\u00e8re.<\/p>\n<p>&#013;\n<\/p><\/div>\n<div class=\"K2FeedFullText\">&#013;<\/p>\n<p>Lors de cette rencontre, Mme Eddalia a pr\u00e9sent\u00e9 un expos\u00e9 d\u00e9taill\u00e9 sur les politiques sociales adopt\u00e9es par les deux pays, notamment dans le secteur de la prise en charge des personnes d\u00e9munies, pr\u00e9cise la m\u00eame source.<\/p>\n<p>&#013;<\/p>\n<p>La ministre a aussi soulign\u00e9 \u00ab\u00a0la n\u00e9cessit\u00e9 de consolider la coop\u00e9ration en mati\u00e8re de solidarit\u00e9 et de d\u00e9veloppement social en acc\u00e9l\u00e9rant la mise en oeuvre du protocole de coop\u00e9ration conclu entre les deux pays dans ce domaine\u00a0\u00bb.<\/p>\n<p>&#013;<\/p>\n<p>Les deux parties ont exprim\u00e9 \u00e0 cette occasion \u00ab\u00a0leur volont\u00e9 de d\u00e9velopper la coop\u00e9ration et l&rsquo;\u00e9change d&rsquo;exp\u00e9riences dans le domaine social\u00a0\u00bb, a ajout\u00e9 le communiqu\u00e9.<\/p>\n<p>&#013;<\/p>\n<p>\u00ab\u00a0Les membres des familles des deux victimes re\u00e7us, ce jour, par le Secr\u00e9taire g\u00e9n\u00e9ral du minist\u00e8re des Affaires \u00e9trang\u00e8res ayant \u00e9mis le souhait de se rendre au Burkina Faso, le minist\u00e8re des Affaires \u00e9trang\u00e8res a pris toutes les dispositions n\u00e9cessaires pour faciliter leur d\u00e9placement, les accompagner et les assister dans leurs d\u00e9marches aupr\u00e8s des autorit\u00e9s burkinab\u00e8\u00a0\u00bb, conclut le communiqu\u00e9.<\/p>\n<\/div>\n<p>&#013;<br \/>\nSource: <a href=\"http:\/\/www.aps.dz\/algerie\/61749-la-ministre-de-la-solidarite-evoque-avec-l-ambassadeur-qatari-les-moyens-de-consolider-la-cooperation-en-matiere-de-solidarite-et-de-developpement-social\" target=\"_blank\">La ministre de la Solidarit\u00e9 \u00e9voque avec l&rsquo;ambassadeur qatari les moyens de consolider la coop\u00e9ration en mati\u00e8re de solidarit\u00e9 et de d\u00e9veloppement social<\/a><\/p>\n<!--CusAds0-->\n<div style=\"font-size: 0px; height: 0px; line-height: 0px; margin: 0; padding: 0; clear: both;\"><\/div>","protected":false},"excerpt":{"rendered":"<p>ALGER- La ministre de la Solidarit\u00e9 nationale, de la famille et de la condition f\u00e9minine, Ghania Eddalia, a \u00e9voqu\u00e9 lundi avec l&rsquo;ambassadeur du Qatar \u00e0 Alger, Ibrahim Mohamed ben Abdelaziz Es-sahlaoui, les moyens de consolider la coop\u00e9ration entre les deux pays dans les domaines de la solidarit\u00e9 et du d\u00e9veloppement social, a indiqu\u00e9 un communiqu\u00e9<\/p>\n","protected":false},"author":6,"featured_media":0,"comment_status":"open","ping_status":"open","sticky":false,"template":"","format":"standard","meta":{"footnotes":""},"categories":[22],"tags":[93],"class_list":["post-15035","post","type-post","status-publish","format-standard","hentry","category-infos","tag-onu"],"yoast_head":"<!-- This site is optimized with the Yoast SEO plugin v27.5 - https:\/\/yoast.com\/product\/yoast-seo-wordpress\/ -->\n<title>La ministre de la Solidarit\u00e9 \u00e9voque avec l&#039;ambassadeur qatari les moyens de consolider la coop\u00e9ration en mati\u00e8re de solidarit\u00e9 et de d\u00e9veloppement social - info algerie<\/title>\n<meta name=\"robots\" content=\"index, follow, max-snippet:-1, max-image-preview:large, max-video-preview:-1\" \/>\n<link rel=\"canonical\" href=\"https:\/\/www.info-algerie.com\/actualites\/la-ministre-de-la-solidarite-evoque-avec-lambassadeur-qatari-les-moyens-de-consolider-la-cooperation-en-matiere-de-solidarite-et-de-developpement-social\/\" \/>\n<meta property=\"og:locale\" content=\"fr_FR\" \/>\n<meta property=\"og:type\" content=\"article\" \/>\n<meta property=\"og:title\" content=\"La ministre de la Solidarit\u00e9 \u00e9voque avec l&#039;ambassadeur qatari les moyens de consolider la coop\u00e9ration en mati\u00e8re de solidarit\u00e9 et de d\u00e9veloppement social - info algerie\" \/>\n<meta property=\"og:description\" content=\"ALGER- La ministre de la Solidarit\u00e9 nationale, de la famille et de la condition f\u00e9minine, Ghania Eddalia, a \u00e9voqu\u00e9 lundi avec l&rsquo;ambassadeur du Qatar \u00e0 Alger, Ibrahim Mohamed ben Abdelaziz Es-sahlaoui, les moyens de consolider la coop\u00e9ration entre les deux pays dans les domaines de la solidarit\u00e9 et du d\u00e9veloppement social, a indiqu\u00e9 un communiqu\u00e9\" \/>\n<meta property=\"og:url\" content=\"https:\/\/www.info-algerie.com\/actualites\/la-ministre-de-la-solidarite-evoque-avec-lambassadeur-qatari-les-moyens-de-consolider-la-cooperation-en-matiere-de-solidarite-et-de-developpement-social\/\" \/>\n<meta property=\"og:site_name\" content=\"info algerie\" \/>\n<meta property=\"article:publisher\" content=\"https:\/\/www.facebook.com\/infoalgerieactu\" \/>\n<meta property=\"article:published_time\" content=\"2017-08-15T12:10:12+00:00\" \/>\n<meta name=\"author\" content=\"La r\u00e9daction\" \/>\n<meta name=\"twitter:label1\" content=\"\u00c9crit par\" \/>\n\t<meta name=\"twitter:data1\" content=\"La r\u00e9daction\" \/>\n\t<meta name=\"twitter:label2\" content=\"Dur\u00e9e de lecture estim\u00e9e\" \/>\n\t<meta name=\"twitter:data2\" content=\"1 minute\" \/>\n<script type=\"application\/ld+json\" class=\"yoast-schema-graph\">{\"@context\":\"https:\\\/\\\/schema.org\",\"@graph\":[{\"@type\":\"Article\",\"@id\":\"https:\\\/\\\/www.info-algerie.com\\\/actualites\\\/la-ministre-de-la-solidarite-evoque-avec-lambassadeur-qatari-les-moyens-de-consolider-la-cooperation-en-matiere-de-solidarite-et-de-developpement-social\\\/#article\",\"isPartOf\":{\"@id\":\"https:\\\/\\\/www.info-algerie.com\\\/actualites\\\/la-ministre-de-la-solidarite-evoque-avec-lambassadeur-qatari-les-moyens-de-consolider-la-cooperation-en-matiere-de-solidarite-et-de-developpement-social\\\/\"},\"author\":{\"name\":\"La r\u00e9daction\",\"@id\":\"https:\\\/\\\/www.info-algerie.com\\\/actualites\\\/#\\\/schema\\\/person\\\/847aaec44920825b843a08f30ec6aa1e\"},\"headline\":\"La ministre de la Solidarit\u00e9 \u00e9voque avec l&#039;ambassadeur qatari les moyens de consolider la coop\u00e9ration en mati\u00e8re de solidarit\u00e9 et de d\u00e9veloppement social\",\"datePublished\":\"2017-08-15T12:10:12+00:00\",\"mainEntityOfPage\":{\"@id\":\"https:\\\/\\\/www.info-algerie.com\\\/actualites\\\/la-ministre-de-la-solidarite-evoque-avec-lambassadeur-qatari-les-moyens-de-consolider-la-cooperation-en-matiere-de-solidarite-et-de-developpement-social\\\/\"},\"wordCount\":303,\"commentCount\":0,\"publisher\":{\"@id\":\"https:\\\/\\\/www.info-algerie.com\\\/actualites\\\/#organization\"},\"keywords\":[\"ONU\"],\"articleSection\":[\"infos\"],\"inLanguage\":\"fr-FR\",\"potentialAction\":[{\"@type\":\"CommentAction\",\"name\":\"Comment\",\"target\":[\"https:\\\/\\\/www.info-algerie.com\\\/actualites\\\/la-ministre-de-la-solidarite-evoque-avec-lambassadeur-qatari-les-moyens-de-consolider-la-cooperation-en-matiere-de-solidarite-et-de-developpement-social\\\/#respond\"]}]},{\"@type\":\"WebPage\",\"@id\":\"https:\\\/\\\/www.info-algerie.com\\\/actualites\\\/la-ministre-de-la-solidarite-evoque-avec-lambassadeur-qatari-les-moyens-de-consolider-la-cooperation-en-matiere-de-solidarite-et-de-developpement-social\\\/\",\"url\":\"https:\\\/\\\/www.info-algerie.com\\\/actualites\\\/la-ministre-de-la-solidarite-evoque-avec-lambassadeur-qatari-les-moyens-de-consolider-la-cooperation-en-matiere-de-solidarite-et-de-developpement-social\\\/\",\"name\":\"La ministre de la Solidarit\u00e9 \u00e9voque avec l&#039;ambassadeur qatari les moyens de consolider la coop\u00e9ration en mati\u00e8re de solidarit\u00e9 et de d\u00e9veloppement social - info algerie\",\"isPartOf\":{\"@id\":\"https:\\\/\\\/www.info-algerie.com\\\/actualites\\\/#website\"},\"datePublished\":\"2017-08-15T12:10:12+00:00\",\"breadcrumb\":{\"@id\":\"https:\\\/\\\/www.info-algerie.com\\\/actualites\\\/la-ministre-de-la-solidarite-evoque-avec-lambassadeur-qatari-les-moyens-de-consolider-la-cooperation-en-matiere-de-solidarite-et-de-developpement-social\\\/#breadcrumb\"},\"inLanguage\":\"fr-FR\",\"potentialAction\":[{\"@type\":\"ReadAction\",\"target\":[\"https:\\\/\\\/www.info-algerie.com\\\/actualites\\\/la-ministre-de-la-solidarite-evoque-avec-lambassadeur-qatari-les-moyens-de-consolider-la-cooperation-en-matiere-de-solidarite-et-de-developpement-social\\\/\"]}]},{\"@type\":\"BreadcrumbList\",\"@id\":\"https:\\\/\\\/www.info-algerie.com\\\/actualites\\\/la-ministre-de-la-solidarite-evoque-avec-lambassadeur-qatari-les-moyens-de-consolider-la-cooperation-en-matiere-de-solidarite-et-de-developpement-social\\\/#breadcrumb\",\"itemListElement\":[{\"@type\":\"ListItem\",\"position\":1,\"name\":\"Accueil\",\"item\":\"https:\\\/\\\/www.info-algerie.com\\\/actualites\\\/\"},{\"@type\":\"ListItem\",\"position\":2,\"name\":\"La ministre de la Solidarit\u00e9 \u00e9voque avec l&#039;ambassadeur qatari les moyens de consolider la coop\u00e9ration en mati\u00e8re de solidarit\u00e9 et de d\u00e9veloppement social\"}]},{\"@type\":\"WebSite\",\"@id\":\"https:\\\/\\\/www.info-algerie.com\\\/actualites\\\/#website\",\"url\":\"https:\\\/\\\/www.info-algerie.com\\\/actualites\\\/\",\"name\":\"info algerie\",\"description\":\"Toutes les actualit\u00e9s\",\"publisher\":{\"@id\":\"https:\\\/\\\/www.info-algerie.com\\\/actualites\\\/#organization\"},\"potentialAction\":[{\"@type\":\"SearchAction\",\"target\":{\"@type\":\"EntryPoint\",\"urlTemplate\":\"https:\\\/\\\/www.info-algerie.com\\\/actualites\\\/?s={search_term_string}\"},\"query-input\":{\"@type\":\"PropertyValueSpecification\",\"valueRequired\":true,\"valueName\":\"search_term_string\"}}],\"inLanguage\":\"fr-FR\"},{\"@type\":\"Organization\",\"@id\":\"https:\\\/\\\/www.info-algerie.com\\\/actualites\\\/#organization\",\"name\":\"info algerie\",\"url\":\"https:\\\/\\\/www.info-algerie.com\\\/actualites\\\/\",\"logo\":{\"@type\":\"ImageObject\",\"inLanguage\":\"fr-FR\",\"@id\":\"https:\\\/\\\/www.info-algerie.com\\\/actualites\\\/#\\\/schema\\\/logo\\\/image\\\/\",\"url\":\"https:\\\/\\\/www.info-algerie.com\\\/actualites\\\/wp-content\\\/uploads\\\/2022\\\/07\\\/logo-ia-120.png\",\"contentUrl\":\"https:\\\/\\\/www.info-algerie.com\\\/actualites\\\/wp-content\\\/uploads\\\/2022\\\/07\\\/logo-ia-120.png\",\"width\":120,\"height\":43,\"caption\":\"info algerie\"},\"image\":{\"@id\":\"https:\\\/\\\/www.info-algerie.com\\\/actualites\\\/#\\\/schema\\\/logo\\\/image\\\/\"},\"sameAs\":[\"https:\\\/\\\/www.facebook.com\\\/infoalgerieactu\",\"https:\\\/\\\/x.com\\\/infoalgerie1\"]},{\"@type\":\"Person\",\"@id\":\"https:\\\/\\\/www.info-algerie.com\\\/actualites\\\/#\\\/schema\\\/person\\\/847aaec44920825b843a08f30ec6aa1e\",\"name\":\"La r\u00e9daction\",\"image\":{\"@type\":\"ImageObject\",\"inLanguage\":\"fr-FR\",\"@id\":\"https:\\\/\\\/secure.gravatar.com\\\/avatar\\\/769db425c6f465158149f1ffd6cf61ce7a8a879d11dfbef8288af36dfddd418c?s=96&d=mm&r=g\",\"url\":\"https:\\\/\\\/secure.gravatar.com\\\/avatar\\\/769db425c6f465158149f1ffd6cf61ce7a8a879d11dfbef8288af36dfddd418c?s=96&d=mm&r=g\",\"contentUrl\":\"https:\\\/\\\/secure.gravatar.com\\\/avatar\\\/769db425c6f465158149f1ffd6cf61ce7a8a879d11dfbef8288af36dfddd418c?s=96&d=mm&r=g\",\"caption\":\"La r\u00e9daction\"},\"sameAs\":[\"http:\\\/\\\/www.lkeria.com\\\/\"],\"url\":\"https:\\\/\\\/www.info-algerie.com\\\/actualites\\\/author\\\/chakib32\\\/\"}]}<\/script>\n<!-- \/ Yoast SEO plugin. -->","yoast_head_json":{"title":"La ministre de la Solidarit\u00e9 \u00e9voque avec l&#039;ambassadeur qatari les moyens de consolider la coop\u00e9ration en mati\u00e8re de solidarit\u00e9 et de d\u00e9veloppement social - info algerie","robots":{"index":"index","follow":"follow","max-snippet":"max-snippet:-1","max-image-preview":"max-image-preview:large","max-video-preview":"max-video-preview:-1"},"canonical":"https:\/\/www.info-algerie.com\/actualites\/la-ministre-de-la-solidarite-evoque-avec-lambassadeur-qatari-les-moyens-de-consolider-la-cooperation-en-matiere-de-solidarite-et-de-developpement-social\/","og_locale":"fr_FR","og_type":"article","og_title":"La ministre de la Solidarit\u00e9 \u00e9voque avec l&#039;ambassadeur qatari les moyens de consolider la coop\u00e9ration en mati\u00e8re de solidarit\u00e9 et de d\u00e9veloppement social - info algerie","og_description":"ALGER- La ministre de la Solidarit\u00e9 nationale, de la famille et de la condition f\u00e9minine, Ghania Eddalia, a \u00e9voqu\u00e9 lundi avec l&rsquo;ambassadeur du Qatar \u00e0 Alger, Ibrahim Mohamed ben Abdelaziz Es-sahlaoui, les moyens de consolider la coop\u00e9ration entre les deux pays dans les domaines de la solidarit\u00e9 et du d\u00e9veloppement social, a indiqu\u00e9 un communiqu\u00e9","og_url":"https:\/\/www.info-algerie.com\/actualites\/la-ministre-de-la-solidarite-evoque-avec-lambassadeur-qatari-les-moyens-de-consolider-la-cooperation-en-matiere-de-solidarite-et-de-developpement-social\/","og_site_name":"info algerie","article_publisher":"https:\/\/www.facebook.com\/infoalgerieactu","article_published_time":"2017-08-15T12:10:12+00:00","author":"La r\u00e9daction","twitter_misc":{"\u00c9crit par":"La r\u00e9daction","Dur\u00e9e de lecture estim\u00e9e":"1 minute"},"schema":{"@context":"https:\/\/schema.org","@graph":[{"@type":"Article","@id":"https:\/\/www.info-algerie.com\/actualites\/la-ministre-de-la-solidarite-evoque-avec-lambassadeur-qatari-les-moyens-de-consolider-la-cooperation-en-matiere-de-solidarite-et-de-developpement-social\/#article","isPartOf":{"@id":"https:\/\/www.info-algerie.com\/actualites\/la-ministre-de-la-solidarite-evoque-avec-lambassadeur-qatari-les-moyens-de-consolider-la-cooperation-en-matiere-de-solidarite-et-de-developpement-social\/"},"author":{"name":"La r\u00e9daction","@id":"https:\/\/www.info-algerie.com\/actualites\/#\/schema\/person\/847aaec44920825b843a08f30ec6aa1e"},"headline":"La ministre de la Solidarit\u00e9 \u00e9voque avec l&#039;ambassadeur qatari les moyens de consolider la coop\u00e9ration en mati\u00e8re de solidarit\u00e9 et de d\u00e9veloppement social","datePublished":"2017-08-15T12:10:12+00:00","mainEntityOfPage":{"@id":"https:\/\/www.info-algerie.com\/actualites\/la-ministre-de-la-solidarite-evoque-avec-lambassadeur-qatari-les-moyens-de-consolider-la-cooperation-en-matiere-de-solidarite-et-de-developpement-social\/"},"wordCount":303,"commentCount":0,"publisher":{"@id":"https:\/\/www.info-algerie.com\/actualites\/#organization"},"keywords":["ONU"],"articleSection":["infos"],"inLanguage":"fr-FR","potentialAction":[{"@type":"CommentAction","name":"Comment","target":["https:\/\/www.info-algerie.com\/actualites\/la-ministre-de-la-solidarite-evoque-avec-lambassadeur-qatari-les-moyens-de-consolider-la-cooperation-en-matiere-de-solidarite-et-de-developpement-social\/#respond"]}]},{"@type":"WebPage","@id":"https:\/\/www.info-algerie.com\/actualites\/la-ministre-de-la-solidarite-evoque-avec-lambassadeur-qatari-les-moyens-de-consolider-la-cooperation-en-matiere-de-solidarite-et-de-developpement-social\/","url":"https:\/\/www.info-algerie.com\/actualites\/la-ministre-de-la-solidarite-evoque-avec-lambassadeur-qatari-les-moyens-de-consolider-la-cooperation-en-matiere-de-solidarite-et-de-developpement-social\/","name":"La ministre de la Solidarit\u00e9 \u00e9voque avec l&#039;ambassadeur qatari les moyens de consolider la coop\u00e9ration en mati\u00e8re de solidarit\u00e9 et de d\u00e9veloppement social - info algerie","isPartOf":{"@id":"https:\/\/www.info-algerie.com\/actualites\/#website"},"datePublished":"2017-08-15T12:10:12+00:00","breadcrumb":{"@id":"https:\/\/www.info-algerie.com\/actualites\/la-ministre-de-la-solidarite-evoque-avec-lambassadeur-qatari-les-moyens-de-consolider-la-cooperation-en-matiere-de-solidarite-et-de-developpement-social\/#breadcrumb"},"inLanguage":"fr-FR","potentialAction":[{"@type":"ReadAction","target":["https:\/\/www.info-algerie.com\/actualites\/la-ministre-de-la-solidarite-evoque-avec-lambassadeur-qatari-les-moyens-de-consolider-la-cooperation-en-matiere-de-solidarite-et-de-developpement-social\/"]}]},{"@type":"BreadcrumbList","@id":"https:\/\/www.info-algerie.com\/actualites\/la-ministre-de-la-solidarite-evoque-avec-lambassadeur-qatari-les-moyens-de-consolider-la-cooperation-en-matiere-de-solidarite-et-de-developpement-social\/#breadcrumb","itemListElement":[{"@type":"ListItem","position":1,"name":"Accueil","item":"https:\/\/www.info-algerie.com\/actualites\/"},{"@type":"ListItem","position":2,"name":"La ministre de la Solidarit\u00e9 \u00e9voque avec l&#039;ambassadeur qatari les moyens de consolider la coop\u00e9ration en mati\u00e8re de solidarit\u00e9 et de d\u00e9veloppement social"}]},{"@type":"WebSite","@id":"https:\/\/www.info-algerie.com\/actualites\/#website","url":"https:\/\/www.info-algerie.com\/actualites\/","name":"info algerie","description":"Toutes les actualit\u00e9s","publisher":{"@id":"https:\/\/www.info-algerie.com\/actualites\/#organization"},"potentialAction":[{"@type":"SearchAction","target":{"@type":"EntryPoint","urlTemplate":"https:\/\/www.info-algerie.com\/actualites\/?s={search_term_string}"},"query-input":{"@type":"PropertyValueSpecification","valueRequired":true,"valueName":"search_term_string"}}],"inLanguage":"fr-FR"},{"@type":"Organization","@id":"https:\/\/www.info-algerie.com\/actualites\/#organization","name":"info algerie","url":"https:\/\/www.info-algerie.com\/actualites\/","logo":{"@type":"ImageObject","inLanguage":"fr-FR","@id":"https:\/\/www.info-algerie.com\/actualites\/#\/schema\/logo\/image\/","url":"https:\/\/www.info-algerie.com\/actualites\/wp-content\/uploads\/2022\/07\/logo-ia-120.png","contentUrl":"https:\/\/www.info-algerie.com\/actualites\/wp-content\/uploads\/2022\/07\/logo-ia-120.png","width":120,"height":43,"caption":"info algerie"},"image":{"@id":"https:\/\/www.info-algerie.com\/actualites\/#\/schema\/logo\/image\/"},"sameAs":["https:\/\/www.facebook.com\/infoalgerieactu","https:\/\/x.com\/infoalgerie1"]},{"@type":"Person","@id":"https:\/\/www.info-algerie.com\/actualites\/#\/schema\/person\/847aaec44920825b843a08f30ec6aa1e","name":"La r\u00e9daction","image":{"@type":"ImageObject","inLanguage":"fr-FR","@id":"https:\/\/secure.gravatar.com\/avatar\/769db425c6f465158149f1ffd6cf61ce7a8a879d11dfbef8288af36dfddd418c?s=96&d=mm&r=g","url":"https:\/\/secure.gravatar.com\/avatar\/769db425c6f465158149f1ffd6cf61ce7a8a879d11dfbef8288af36dfddd418c?s=96&d=mm&r=g","contentUrl":"https:\/\/secure.gravatar.com\/avatar\/769db425c6f465158149f1ffd6cf61ce7a8a879d11dfbef8288af36dfddd418c?s=96&d=mm&r=g","caption":"La r\u00e9daction"},"sameAs":["http:\/\/www.lkeria.com\/"],"url":"https:\/\/www.info-algerie.com\/actualites\/author\/chakib32\/"}]}},"_links":{"self":[{"href":"https:\/\/www.info-algerie.com\/actualites\/wp-json\/wp\/v2\/posts\/15035","targetHints":{"allow":["GET"]}}],"collection":[{"href":"https:\/\/www.info-algerie.com\/actualites\/wp-json\/wp\/v2\/posts"}],"about":[{"href":"https:\/\/www.info-algerie.com\/actualites\/wp-json\/wp\/v2\/types\/post"}],"author":[{"embeddable":true,"href":"https:\/\/www.info-algerie.com\/actualites\/wp-json\/wp\/v2\/users\/6"}],"replies":[{"embeddable":true,"href":"https:\/\/www.info-algerie.com\/actualites\/wp-json\/wp\/v2\/comments?post=15035"}],"version-history":[{"count":0,"href":"https:\/\/www.info-algerie.com\/actualites\/wp-json\/wp\/v2\/posts\/15035\/revisions"}],"wp:attachment":[{"href":"https:\/\/www.info-algerie.com\/actualites\/wp-json\/wp\/v2\/media?parent=15035"}],"wp:term":[{"taxonomy":"category","embeddable":true,"href":"https:\/\/www.info-algerie.com\/actualites\/wp-json\/wp\/v2\/categories?post=15035"},{"taxonomy":"post_tag","embeddable":true,"href":"https:\/\/www.info-algerie.com\/actualites\/wp-json\/wp\/v2\/tags?post=15035"}],"curies":[{"name":"wp","href":"https:\/\/api.w.org\/{rel}","templated":true}]}}