{"id":15037,"date":"2017-08-15T13:05:15","date_gmt":"2017-08-15T12:05:15","guid":{"rendered":"http:\/\/www.info-algerie.com\/actualites\/attaque-terroriste-a-ouagadougou-un-ressortissant-algerien-decede-et-un-autre-blesse\/"},"modified":"2017-08-15T13:05:15","modified_gmt":"2017-08-15T12:05:15","slug":"attaque-terroriste-a-ouagadougou-un-ressortissant-algerien-decede-et-un-autre-blesse","status":"publish","type":"post","link":"https:\/\/www.info-algerie.com\/actualites\/attaque-terroriste-a-ouagadougou-un-ressortissant-algerien-decede-et-un-autre-blesse\/","title":{"rendered":"Attaque terroriste \u00e0 Ouagadougou: Un ressortissant alg\u00e9rien d\u00e9c\u00e9d\u00e9 et un autre bless\u00e9"},"content":{"rendered":"<div class=\"K2FeedImage\"><img decoding=\"async\" src=\"https:\/\/www.info-algerie.com\/actualites\/wp-content\/uploads\/2017\/08\/f3e8fd17e99c4b7e2781fd08110e4cd2_S.jpg\" alt=\"Attaque terroriste &#xE0; Ouagadougou: Un ressortissant alg&#xE9;rien d&#xE9;c&#xE9;d&#xE9; et un autre bless&#xE9;\" \/><\/div>\n<div class=\"K2FeedIntroText\">\n<p>ALGER- Un ressortissant alg\u00e9rien est d\u00e9c\u00e9d\u00e9 et un autre a \u00e9t\u00e9 bless\u00e9 dans l&rsquo;attaque terroriste perp\u00e9tr\u00e9e dans la soir\u00e9e de dimanche \u00e0 lundi contre un restaurant dans la capitale burkinab\u00e8, Ouagadougou, indique mardi un communiqu\u00e9 du minist\u00e8re des Affaires \u00e9trang\u00e8res.<\/p>\n<p>&#013;\n<\/p><\/div>\n<div class=\"K2FeedFullText\">&#013;<\/p>\n<p>\u00ab\u00a0Un ressortissant alg\u00e9rien, Bilel Diffallah, immatricul\u00e9 aupr\u00e8s du Consulat g\u00e9n\u00e9ral d&rsquo;Alg\u00e9rie \u00e0 Montr\u00e9al, qui se trouvait au Burkina-Faso depuis pr\u00e8s d&rsquo;une ann\u00e9e o\u00f9 il travaillait pour le compte d&rsquo;une ONG canadienne, a \u00e9t\u00e9 tu\u00e9 dans l&rsquo;attaque terroriste qui a cibl\u00e9 le 13 ao\u00fbt courant un restaurant \u00e0 Ouagadougou\u00a0\u00bb, pr\u00e9cise la m\u00eame source.<\/p>\n<p>&#013;<\/p>\n<p>\u00ab\u00a0Un autre ressortissant, Amine Merzoug, immatricul\u00e9 aupr\u00e8s de l&rsquo;Ambassade d&rsquo;Alg\u00e9rie \u00e0 Ouagadougou, employ\u00e9 d&rsquo;une ONG koweitienne, a \u00e9t\u00e9 bless\u00e9 \u00e0 la jambe\u00a0\u00bb, note le communiqu\u00e9, ajoutant que \u00ab\u00a0le ministre des Affaires \u00e9trang\u00e8res, Abdelkader Messahel, a pr\u00e9sent\u00e9, au nom du pr\u00e9sident de la R\u00e9publique, les condol\u00e9ances et fait part de l&rsquo;expression de sympathie et de compassion avec la famille du d\u00e9funt, ainsi que des voeux d&rsquo;un prompt r\u00e9tablissement au bless\u00e9 et le t\u00e9moignage de solidarit\u00e9 avec sa famille\u00a0\u00bb.<\/p>\n<\/div>\n<p>&#013;<br \/>\nSource: <a href=\"http:\/\/www.aps.dz\/algerie\/61748-attaque-terroriste-contre-un-restaurant-a-ouagadougou-un-ressortissant-algerien-decede-et-un-autre-blesse-mae\" target=\"_blank\">Attaque terroriste \u00e0 Ouagadougou: Un ressortissant alg\u00e9rien d\u00e9c\u00e9d\u00e9 et un autre bless\u00e9<\/a><\/p>\n<!--CusAds0-->\n<div style=\"font-size: 0px; height: 0px; line-height: 0px; margin: 0; padding: 0; clear: both;\"><\/div>","protected":false},"excerpt":{"rendered":"<p>ALGER- Un ressortissant alg\u00e9rien est d\u00e9c\u00e9d\u00e9 et un autre a \u00e9t\u00e9 bless\u00e9 dans l&rsquo;attaque terroriste perp\u00e9tr\u00e9e dans la soir\u00e9e de dimanche \u00e0 lundi contre un restaurant dans la capitale burkinab\u00e8, Ouagadougou, indique mardi un communiqu\u00e9 du minist\u00e8re des Affaires \u00e9trang\u00e8res. &#013; &#013; \u00ab\u00a0Un ressortissant alg\u00e9rien, Bilel Diffallah, immatricul\u00e9 aupr\u00e8s du Consulat g\u00e9n\u00e9ral d&rsquo;Alg\u00e9rie \u00e0 Montr\u00e9al,<\/p>\n","protected":false},"author":6,"featured_media":15038,"comment_status":"open","ping_status":"open","sticky":false,"template":"","format":"standard","meta":{"footnotes":""},"categories":[22],"tags":[93],"class_list":["post-15037","post","type-post","status-publish","format-standard","has-post-thumbnail","hentry","category-infos","tag-onu"],"yoast_head":"<!-- This site is optimized with the Yoast SEO plugin v27.5 - https:\/\/yoast.com\/product\/yoast-seo-wordpress\/ -->\n<title>Attaque terroriste \u00e0 Ouagadougou: Un ressortissant alg\u00e9rien d\u00e9c\u00e9d\u00e9 et un autre bless\u00e9 - info algerie<\/title>\n<meta name=\"robots\" content=\"index, follow, max-snippet:-1, max-image-preview:large, max-video-preview:-1\" \/>\n<link rel=\"canonical\" href=\"https:\/\/www.info-algerie.com\/actualites\/attaque-terroriste-a-ouagadougou-un-ressortissant-algerien-decede-et-un-autre-blesse\/\" \/>\n<meta property=\"og:locale\" content=\"fr_FR\" \/>\n<meta property=\"og:type\" content=\"article\" \/>\n<meta property=\"og:title\" content=\"Attaque terroriste \u00e0 Ouagadougou: Un ressortissant alg\u00e9rien d\u00e9c\u00e9d\u00e9 et un autre bless\u00e9 - info algerie\" \/>\n<meta property=\"og:description\" content=\"ALGER- Un ressortissant alg\u00e9rien est d\u00e9c\u00e9d\u00e9 et un autre a \u00e9t\u00e9 bless\u00e9 dans l&rsquo;attaque terroriste perp\u00e9tr\u00e9e dans la soir\u00e9e de dimanche \u00e0 lundi contre un restaurant dans la capitale burkinab\u00e8, Ouagadougou, indique mardi un communiqu\u00e9 du minist\u00e8re des Affaires \u00e9trang\u00e8res. &#013; &#013; \u00ab\u00a0Un ressortissant alg\u00e9rien, Bilel Diffallah, immatricul\u00e9 aupr\u00e8s du Consulat g\u00e9n\u00e9ral d&rsquo;Alg\u00e9rie \u00e0 Montr\u00e9al,\" \/>\n<meta property=\"og:url\" content=\"https:\/\/www.info-algerie.com\/actualites\/attaque-terroriste-a-ouagadougou-un-ressortissant-algerien-decede-et-un-autre-blesse\/\" \/>\n<meta property=\"og:site_name\" content=\"info algerie\" \/>\n<meta property=\"article:publisher\" content=\"https:\/\/www.facebook.com\/infoalgerieactu\" \/>\n<meta property=\"article:published_time\" content=\"2017-08-15T12:05:15+00:00\" \/>\n<meta property=\"og:image\" content=\"https:\/\/www.info-algerie.com\/actualites\/wp-content\/uploads\/2017\/08\/f3e8fd17e99c4b7e2781fd08110e4cd2_S-1.jpg\" \/>\n\t<meta property=\"og:image:width\" content=\"280\" \/>\n\t<meta property=\"og:image:height\" content=\"174\" \/>\n\t<meta property=\"og:image:type\" content=\"image\/jpeg\" \/>\n<meta name=\"author\" content=\"La r\u00e9daction\" \/>\n<meta name=\"twitter:label1\" content=\"\u00c9crit par\" \/>\n\t<meta name=\"twitter:data1\" content=\"La r\u00e9daction\" \/>\n\t<meta name=\"twitter:label2\" content=\"Dur\u00e9e de lecture estim\u00e9e\" \/>\n\t<meta name=\"twitter:data2\" content=\"1 minute\" \/>\n<script type=\"application\/ld+json\" class=\"yoast-schema-graph\">{\"@context\":\"https:\\\/\\\/schema.org\",\"@graph\":[{\"@type\":\"Article\",\"@id\":\"https:\\\/\\\/www.info-algerie.com\\\/actualites\\\/attaque-terroriste-a-ouagadougou-un-ressortissant-algerien-decede-et-un-autre-blesse\\\/#article\",\"isPartOf\":{\"@id\":\"https:\\\/\\\/www.info-algerie.com\\\/actualites\\\/attaque-terroriste-a-ouagadougou-un-ressortissant-algerien-decede-et-un-autre-blesse\\\/\"},\"author\":{\"name\":\"La r\u00e9daction\",\"@id\":\"https:\\\/\\\/www.info-algerie.com\\\/actualites\\\/#\\\/schema\\\/person\\\/847aaec44920825b843a08f30ec6aa1e\"},\"headline\":\"Attaque terroriste \u00e0 Ouagadougou: Un ressortissant alg\u00e9rien d\u00e9c\u00e9d\u00e9 et un autre bless\u00e9\",\"datePublished\":\"2017-08-15T12:05:15+00:00\",\"mainEntityOfPage\":{\"@id\":\"https:\\\/\\\/www.info-algerie.com\\\/actualites\\\/attaque-terroriste-a-ouagadougou-un-ressortissant-algerien-decede-et-un-autre-blesse\\\/\"},\"wordCount\":231,\"commentCount\":0,\"publisher\":{\"@id\":\"https:\\\/\\\/www.info-algerie.com\\\/actualites\\\/#organization\"},\"image\":{\"@id\":\"https:\\\/\\\/www.info-algerie.com\\\/actualites\\\/attaque-terroriste-a-ouagadougou-un-ressortissant-algerien-decede-et-un-autre-blesse\\\/#primaryimage\"},\"thumbnailUrl\":\"https:\\\/\\\/www.info-algerie.com\\\/actualites\\\/wp-content\\\/uploads\\\/2017\\\/08\\\/f3e8fd17e99c4b7e2781fd08110e4cd2_S-1.jpg\",\"keywords\":[\"ONU\"],\"articleSection\":[\"infos\"],\"inLanguage\":\"fr-FR\",\"potentialAction\":[{\"@type\":\"CommentAction\",\"name\":\"Comment\",\"target\":[\"https:\\\/\\\/www.info-algerie.com\\\/actualites\\\/attaque-terroriste-a-ouagadougou-un-ressortissant-algerien-decede-et-un-autre-blesse\\\/#respond\"]}]},{\"@type\":\"WebPage\",\"@id\":\"https:\\\/\\\/www.info-algerie.com\\\/actualites\\\/attaque-terroriste-a-ouagadougou-un-ressortissant-algerien-decede-et-un-autre-blesse\\\/\",\"url\":\"https:\\\/\\\/www.info-algerie.com\\\/actualites\\\/attaque-terroriste-a-ouagadougou-un-ressortissant-algerien-decede-et-un-autre-blesse\\\/\",\"name\":\"Attaque terroriste \u00e0 Ouagadougou: Un ressortissant alg\u00e9rien d\u00e9c\u00e9d\u00e9 et un autre bless\u00e9 - info algerie\",\"isPartOf\":{\"@id\":\"https:\\\/\\\/www.info-algerie.com\\\/actualites\\\/#website\"},\"primaryImageOfPage\":{\"@id\":\"https:\\\/\\\/www.info-algerie.com\\\/actualites\\\/attaque-terroriste-a-ouagadougou-un-ressortissant-algerien-decede-et-un-autre-blesse\\\/#primaryimage\"},\"image\":{\"@id\":\"https:\\\/\\\/www.info-algerie.com\\\/actualites\\\/attaque-terroriste-a-ouagadougou-un-ressortissant-algerien-decede-et-un-autre-blesse\\\/#primaryimage\"},\"thumbnailUrl\":\"https:\\\/\\\/www.info-algerie.com\\\/actualites\\\/wp-content\\\/uploads\\\/2017\\\/08\\\/f3e8fd17e99c4b7e2781fd08110e4cd2_S-1.jpg\",\"datePublished\":\"2017-08-15T12:05:15+00:00\",\"breadcrumb\":{\"@id\":\"https:\\\/\\\/www.info-algerie.com\\\/actualites\\\/attaque-terroriste-a-ouagadougou-un-ressortissant-algerien-decede-et-un-autre-blesse\\\/#breadcrumb\"},\"inLanguage\":\"fr-FR\",\"potentialAction\":[{\"@type\":\"ReadAction\",\"target\":[\"https:\\\/\\\/www.info-algerie.com\\\/actualites\\\/attaque-terroriste-a-ouagadougou-un-ressortissant-algerien-decede-et-un-autre-blesse\\\/\"]}]},{\"@type\":\"ImageObject\",\"inLanguage\":\"fr-FR\",\"@id\":\"https:\\\/\\\/www.info-algerie.com\\\/actualites\\\/attaque-terroriste-a-ouagadougou-un-ressortissant-algerien-decede-et-un-autre-blesse\\\/#primaryimage\",\"url\":\"https:\\\/\\\/www.info-algerie.com\\\/actualites\\\/wp-content\\\/uploads\\\/2017\\\/08\\\/f3e8fd17e99c4b7e2781fd08110e4cd2_S-1.jpg\",\"contentUrl\":\"https:\\\/\\\/www.info-algerie.com\\\/actualites\\\/wp-content\\\/uploads\\\/2017\\\/08\\\/f3e8fd17e99c4b7e2781fd08110e4cd2_S-1.jpg\",\"width\":280,\"height\":174},{\"@type\":\"BreadcrumbList\",\"@id\":\"https:\\\/\\\/www.info-algerie.com\\\/actualites\\\/attaque-terroriste-a-ouagadougou-un-ressortissant-algerien-decede-et-un-autre-blesse\\\/#breadcrumb\",\"itemListElement\":[{\"@type\":\"ListItem\",\"position\":1,\"name\":\"Accueil\",\"item\":\"https:\\\/\\\/www.info-algerie.com\\\/actualites\\\/\"},{\"@type\":\"ListItem\",\"position\":2,\"name\":\"Attaque terroriste \u00e0 Ouagadougou: Un ressortissant alg\u00e9rien d\u00e9c\u00e9d\u00e9 et un autre bless\u00e9\"}]},{\"@type\":\"WebSite\",\"@id\":\"https:\\\/\\\/www.info-algerie.com\\\/actualites\\\/#website\",\"url\":\"https:\\\/\\\/www.info-algerie.com\\\/actualites\\\/\",\"name\":\"info algerie\",\"description\":\"Toutes les actualit\u00e9s\",\"publisher\":{\"@id\":\"https:\\\/\\\/www.info-algerie.com\\\/actualites\\\/#organization\"},\"potentialAction\":[{\"@type\":\"SearchAction\",\"target\":{\"@type\":\"EntryPoint\",\"urlTemplate\":\"https:\\\/\\\/www.info-algerie.com\\\/actualites\\\/?s={search_term_string}\"},\"query-input\":{\"@type\":\"PropertyValueSpecification\",\"valueRequired\":true,\"valueName\":\"search_term_string\"}}],\"inLanguage\":\"fr-FR\"},{\"@type\":\"Organization\",\"@id\":\"https:\\\/\\\/www.info-algerie.com\\\/actualites\\\/#organization\",\"name\":\"info algerie\",\"url\":\"https:\\\/\\\/www.info-algerie.com\\\/actualites\\\/\",\"logo\":{\"@type\":\"ImageObject\",\"inLanguage\":\"fr-FR\",\"@id\":\"https:\\\/\\\/www.info-algerie.com\\\/actualites\\\/#\\\/schema\\\/logo\\\/image\\\/\",\"url\":\"https:\\\/\\\/www.info-algerie.com\\\/actualites\\\/wp-content\\\/uploads\\\/2022\\\/07\\\/logo-ia-120.png\",\"contentUrl\":\"https:\\\/\\\/www.info-algerie.com\\\/actualites\\\/wp-content\\\/uploads\\\/2022\\\/07\\\/logo-ia-120.png\",\"width\":120,\"height\":43,\"caption\":\"info algerie\"},\"image\":{\"@id\":\"https:\\\/\\\/www.info-algerie.com\\\/actualites\\\/#\\\/schema\\\/logo\\\/image\\\/\"},\"sameAs\":[\"https:\\\/\\\/www.facebook.com\\\/infoalgerieactu\",\"https:\\\/\\\/x.com\\\/infoalgerie1\"]},{\"@type\":\"Person\",\"@id\":\"https:\\\/\\\/www.info-algerie.com\\\/actualites\\\/#\\\/schema\\\/person\\\/847aaec44920825b843a08f30ec6aa1e\",\"name\":\"La r\u00e9daction\",\"image\":{\"@type\":\"ImageObject\",\"inLanguage\":\"fr-FR\",\"@id\":\"https:\\\/\\\/secure.gravatar.com\\\/avatar\\\/769db425c6f465158149f1ffd6cf61ce7a8a879d11dfbef8288af36dfddd418c?s=96&d=mm&r=g\",\"url\":\"https:\\\/\\\/secure.gravatar.com\\\/avatar\\\/769db425c6f465158149f1ffd6cf61ce7a8a879d11dfbef8288af36dfddd418c?s=96&d=mm&r=g\",\"contentUrl\":\"https:\\\/\\\/secure.gravatar.com\\\/avatar\\\/769db425c6f465158149f1ffd6cf61ce7a8a879d11dfbef8288af36dfddd418c?s=96&d=mm&r=g\",\"caption\":\"La r\u00e9daction\"},\"sameAs\":[\"http:\\\/\\\/www.lkeria.com\\\/\"],\"url\":\"https:\\\/\\\/www.info-algerie.com\\\/actualites\\\/author\\\/chakib32\\\/\"}]}<\/script>\n<!-- \/ Yoast SEO plugin. -->","yoast_head_json":{"title":"Attaque terroriste \u00e0 Ouagadougou: Un ressortissant alg\u00e9rien d\u00e9c\u00e9d\u00e9 et un autre bless\u00e9 - info algerie","robots":{"index":"index","follow":"follow","max-snippet":"max-snippet:-1","max-image-preview":"max-image-preview:large","max-video-preview":"max-video-preview:-1"},"canonical":"https:\/\/www.info-algerie.com\/actualites\/attaque-terroriste-a-ouagadougou-un-ressortissant-algerien-decede-et-un-autre-blesse\/","og_locale":"fr_FR","og_type":"article","og_title":"Attaque terroriste \u00e0 Ouagadougou: Un ressortissant alg\u00e9rien d\u00e9c\u00e9d\u00e9 et un autre bless\u00e9 - info algerie","og_description":"ALGER- Un ressortissant alg\u00e9rien est d\u00e9c\u00e9d\u00e9 et un autre a \u00e9t\u00e9 bless\u00e9 dans l&rsquo;attaque terroriste perp\u00e9tr\u00e9e dans la soir\u00e9e de dimanche \u00e0 lundi contre un restaurant dans la capitale burkinab\u00e8, Ouagadougou, indique mardi un communiqu\u00e9 du minist\u00e8re des Affaires \u00e9trang\u00e8res. &#013; &#013; \u00ab\u00a0Un ressortissant alg\u00e9rien, Bilel Diffallah, immatricul\u00e9 aupr\u00e8s du Consulat g\u00e9n\u00e9ral d&rsquo;Alg\u00e9rie \u00e0 Montr\u00e9al,","og_url":"https:\/\/www.info-algerie.com\/actualites\/attaque-terroriste-a-ouagadougou-un-ressortissant-algerien-decede-et-un-autre-blesse\/","og_site_name":"info algerie","article_publisher":"https:\/\/www.facebook.com\/infoalgerieactu","article_published_time":"2017-08-15T12:05:15+00:00","og_image":[{"width":280,"height":174,"url":"https:\/\/www.info-algerie.com\/actualites\/wp-content\/uploads\/2017\/08\/f3e8fd17e99c4b7e2781fd08110e4cd2_S-1.jpg","type":"image\/jpeg"}],"author":"La r\u00e9daction","twitter_misc":{"\u00c9crit par":"La r\u00e9daction","Dur\u00e9e de lecture estim\u00e9e":"1 minute"},"schema":{"@context":"https:\/\/schema.org","@graph":[{"@type":"Article","@id":"https:\/\/www.info-algerie.com\/actualites\/attaque-terroriste-a-ouagadougou-un-ressortissant-algerien-decede-et-un-autre-blesse\/#article","isPartOf":{"@id":"https:\/\/www.info-algerie.com\/actualites\/attaque-terroriste-a-ouagadougou-un-ressortissant-algerien-decede-et-un-autre-blesse\/"},"author":{"name":"La r\u00e9daction","@id":"https:\/\/www.info-algerie.com\/actualites\/#\/schema\/person\/847aaec44920825b843a08f30ec6aa1e"},"headline":"Attaque terroriste \u00e0 Ouagadougou: Un ressortissant alg\u00e9rien d\u00e9c\u00e9d\u00e9 et un autre bless\u00e9","datePublished":"2017-08-15T12:05:15+00:00","mainEntityOfPage":{"@id":"https:\/\/www.info-algerie.com\/actualites\/attaque-terroriste-a-ouagadougou-un-ressortissant-algerien-decede-et-un-autre-blesse\/"},"wordCount":231,"commentCount":0,"publisher":{"@id":"https:\/\/www.info-algerie.com\/actualites\/#organization"},"image":{"@id":"https:\/\/www.info-algerie.com\/actualites\/attaque-terroriste-a-ouagadougou-un-ressortissant-algerien-decede-et-un-autre-blesse\/#primaryimage"},"thumbnailUrl":"https:\/\/www.info-algerie.com\/actualites\/wp-content\/uploads\/2017\/08\/f3e8fd17e99c4b7e2781fd08110e4cd2_S-1.jpg","keywords":["ONU"],"articleSection":["infos"],"inLanguage":"fr-FR","potentialAction":[{"@type":"CommentAction","name":"Comment","target":["https:\/\/www.info-algerie.com\/actualites\/attaque-terroriste-a-ouagadougou-un-ressortissant-algerien-decede-et-un-autre-blesse\/#respond"]}]},{"@type":"WebPage","@id":"https:\/\/www.info-algerie.com\/actualites\/attaque-terroriste-a-ouagadougou-un-ressortissant-algerien-decede-et-un-autre-blesse\/","url":"https:\/\/www.info-algerie.com\/actualites\/attaque-terroriste-a-ouagadougou-un-ressortissant-algerien-decede-et-un-autre-blesse\/","name":"Attaque terroriste \u00e0 Ouagadougou: Un ressortissant alg\u00e9rien d\u00e9c\u00e9d\u00e9 et un autre bless\u00e9 - info algerie","isPartOf":{"@id":"https:\/\/www.info-algerie.com\/actualites\/#website"},"primaryImageOfPage":{"@id":"https:\/\/www.info-algerie.com\/actualites\/attaque-terroriste-a-ouagadougou-un-ressortissant-algerien-decede-et-un-autre-blesse\/#primaryimage"},"image":{"@id":"https:\/\/www.info-algerie.com\/actualites\/attaque-terroriste-a-ouagadougou-un-ressortissant-algerien-decede-et-un-autre-blesse\/#primaryimage"},"thumbnailUrl":"https:\/\/www.info-algerie.com\/actualites\/wp-content\/uploads\/2017\/08\/f3e8fd17e99c4b7e2781fd08110e4cd2_S-1.jpg","datePublished":"2017-08-15T12:05:15+00:00","breadcrumb":{"@id":"https:\/\/www.info-algerie.com\/actualites\/attaque-terroriste-a-ouagadougou-un-ressortissant-algerien-decede-et-un-autre-blesse\/#breadcrumb"},"inLanguage":"fr-FR","potentialAction":[{"@type":"ReadAction","target":["https:\/\/www.info-algerie.com\/actualites\/attaque-terroriste-a-ouagadougou-un-ressortissant-algerien-decede-et-un-autre-blesse\/"]}]},{"@type":"ImageObject","inLanguage":"fr-FR","@id":"https:\/\/www.info-algerie.com\/actualites\/attaque-terroriste-a-ouagadougou-un-ressortissant-algerien-decede-et-un-autre-blesse\/#primaryimage","url":"https:\/\/www.info-algerie.com\/actualites\/wp-content\/uploads\/2017\/08\/f3e8fd17e99c4b7e2781fd08110e4cd2_S-1.jpg","contentUrl":"https:\/\/www.info-algerie.com\/actualites\/wp-content\/uploads\/2017\/08\/f3e8fd17e99c4b7e2781fd08110e4cd2_S-1.jpg","width":280,"height":174},{"@type":"BreadcrumbList","@id":"https:\/\/www.info-algerie.com\/actualites\/attaque-terroriste-a-ouagadougou-un-ressortissant-algerien-decede-et-un-autre-blesse\/#breadcrumb","itemListElement":[{"@type":"ListItem","position":1,"name":"Accueil","item":"https:\/\/www.info-algerie.com\/actualites\/"},{"@type":"ListItem","position":2,"name":"Attaque terroriste \u00e0 Ouagadougou: Un ressortissant alg\u00e9rien d\u00e9c\u00e9d\u00e9 et un autre bless\u00e9"}]},{"@type":"WebSite","@id":"https:\/\/www.info-algerie.com\/actualites\/#website","url":"https:\/\/www.info-algerie.com\/actualites\/","name":"info algerie","description":"Toutes les actualit\u00e9s","publisher":{"@id":"https:\/\/www.info-algerie.com\/actualites\/#organization"},"potentialAction":[{"@type":"SearchAction","target":{"@type":"EntryPoint","urlTemplate":"https:\/\/www.info-algerie.com\/actualites\/?s={search_term_string}"},"query-input":{"@type":"PropertyValueSpecification","valueRequired":true,"valueName":"search_term_string"}}],"inLanguage":"fr-FR"},{"@type":"Organization","@id":"https:\/\/www.info-algerie.com\/actualites\/#organization","name":"info algerie","url":"https:\/\/www.info-algerie.com\/actualites\/","logo":{"@type":"ImageObject","inLanguage":"fr-FR","@id":"https:\/\/www.info-algerie.com\/actualites\/#\/schema\/logo\/image\/","url":"https:\/\/www.info-algerie.com\/actualites\/wp-content\/uploads\/2022\/07\/logo-ia-120.png","contentUrl":"https:\/\/www.info-algerie.com\/actualites\/wp-content\/uploads\/2022\/07\/logo-ia-120.png","width":120,"height":43,"caption":"info algerie"},"image":{"@id":"https:\/\/www.info-algerie.com\/actualites\/#\/schema\/logo\/image\/"},"sameAs":["https:\/\/www.facebook.com\/infoalgerieactu","https:\/\/x.com\/infoalgerie1"]},{"@type":"Person","@id":"https:\/\/www.info-algerie.com\/actualites\/#\/schema\/person\/847aaec44920825b843a08f30ec6aa1e","name":"La r\u00e9daction","image":{"@type":"ImageObject","inLanguage":"fr-FR","@id":"https:\/\/secure.gravatar.com\/avatar\/769db425c6f465158149f1ffd6cf61ce7a8a879d11dfbef8288af36dfddd418c?s=96&d=mm&r=g","url":"https:\/\/secure.gravatar.com\/avatar\/769db425c6f465158149f1ffd6cf61ce7a8a879d11dfbef8288af36dfddd418c?s=96&d=mm&r=g","contentUrl":"https:\/\/secure.gravatar.com\/avatar\/769db425c6f465158149f1ffd6cf61ce7a8a879d11dfbef8288af36dfddd418c?s=96&d=mm&r=g","caption":"La r\u00e9daction"},"sameAs":["http:\/\/www.lkeria.com\/"],"url":"https:\/\/www.info-algerie.com\/actualites\/author\/chakib32\/"}]}},"_links":{"self":[{"href":"https:\/\/www.info-algerie.com\/actualites\/wp-json\/wp\/v2\/posts\/15037","targetHints":{"allow":["GET"]}}],"collection":[{"href":"https:\/\/www.info-algerie.com\/actualites\/wp-json\/wp\/v2\/posts"}],"about":[{"href":"https:\/\/www.info-algerie.com\/actualites\/wp-json\/wp\/v2\/types\/post"}],"author":[{"embeddable":true,"href":"https:\/\/www.info-algerie.com\/actualites\/wp-json\/wp\/v2\/users\/6"}],"replies":[{"embeddable":true,"href":"https:\/\/www.info-algerie.com\/actualites\/wp-json\/wp\/v2\/comments?post=15037"}],"version-history":[{"count":0,"href":"https:\/\/www.info-algerie.com\/actualites\/wp-json\/wp\/v2\/posts\/15037\/revisions"}],"wp:featuredmedia":[{"embeddable":true,"href":"https:\/\/www.info-algerie.com\/actualites\/wp-json\/wp\/v2\/media\/15038"}],"wp:attachment":[{"href":"https:\/\/www.info-algerie.com\/actualites\/wp-json\/wp\/v2\/media?parent=15037"}],"wp:term":[{"taxonomy":"category","embeddable":true,"href":"https:\/\/www.info-algerie.com\/actualites\/wp-json\/wp\/v2\/categories?post=15037"},{"taxonomy":"post_tag","embeddable":true,"href":"https:\/\/www.info-algerie.com\/actualites\/wp-json\/wp\/v2\/tags?post=15037"}],"curies":[{"name":"wp","href":"https:\/\/api.w.org\/{rel}","templated":true}]}}