{"id":15054,"date":"2017-08-15T19:01:18","date_gmt":"2017-08-15T18:01:18","guid":{"rendered":"http:\/\/www.info-algerie.com\/actualites\/risques-lies-aux-intemperies-toutes-les-mesures-prises-pour-la-securite-des-personnes-et-des-biens\/"},"modified":"2017-08-15T19:01:18","modified_gmt":"2017-08-15T18:01:18","slug":"risques-lies-aux-intemperies-toutes-les-mesures-prises-pour-la-securite-des-personnes-et-des-biens","status":"publish","type":"post","link":"https:\/\/www.info-algerie.com\/actualites\/risques-lies-aux-intemperies-toutes-les-mesures-prises-pour-la-securite-des-personnes-et-des-biens\/","title":{"rendered":"Risques li\u00e9s aux intemp\u00e9ries: toutes les mesures prises pour la s\u00e9curit\u00e9 des personnes et des biens"},"content":{"rendered":"<div class=\"K2FeedImage\"><img decoding=\"async\" src=\"https:\/\/www.info-algerie.com\/actualites\/wp-content\/uploads\/2017\/08\/36ead790b13a77e190d41f3094cfc696_S.jpg\" alt=\"Risques li&#xE9;s aux intemp&#xE9;ries: toutes les mesures prises pour la s&#xE9;curit&#xE9; des personnes et des biens\" \/><\/div>\n<div class=\"K2FeedIntroText\">\n<p>ALGER &#8211; Le minist\u00e8re de l&rsquo;Int\u00e9rieur, des Collectivit\u00e9s locales et de l&rsquo;Am\u00e9nagement du territoire a indiqu\u00e9 mardi avoir pris \u00ab\u00a0toutes les mesures et dispositions n\u00e9cessaires pour pr\u00e9server la s\u00e9curit\u00e9 des personnes, des biens et des \u00e9quipements publics\u00a0\u00bb en pr\u00e9vision des risques potentiels li\u00e9s aux intemp\u00e9ries lors des saisons d&rsquo;automne et d&rsquo;hiver.<\/p>\n<p>&#013;\n<\/p><\/div>\n<div class=\"K2FeedFullText\">&#013;<\/p>\n<p>Ces mesures ont \u00e9t\u00e9 prises \u00ab\u00a0dans le cadre de la mise en \u0153uvre de la politique nationale de pr\u00e9vention des risques majeurs et de gestion des catastrophes et en pr\u00e9paration de la prise en charge permanente et organis\u00e9e des risques et cons\u00e9quences d&rsquo;intemp\u00e9ries lors des saisons automnale et hivernale ainsi que la bonne gestion des \u00e9v\u00e9nements y\u00a0 aff\u00e9rents\u00a0\u00bb, a pr\u00e9cis\u00e9 le minist\u00e8re de l&rsquo;Int\u00e9rieur.<\/p>\n<p>&#013;<\/p>\n<p>\u00ab\u00a0Soucieux de la s\u00e9curit\u00e9 des citoyens et de leurs pr\u00e9occupations et conscient des cons\u00e9quences potentielles des intemp\u00e9ries, le minist\u00e8re de l&rsquo;Int\u00e9rieur a fait \u00e9tat de la mobilisation de \u00ab\u00a0tous les moyens mat\u00e9riels et humains permettant une ex\u00e9cution imm\u00e9diate et organis\u00e9e des op\u00e9rations d&rsquo;intervention et de secours de toutes natures lors et apr\u00e8s les\u00a0 intemp\u00e9ries, et ce, en coordination permanente avec l&rsquo;ensemble des cellules de veille et d\u00e9partements minist\u00e9riels concern\u00e9s\u00a0\u00bb.<\/p>\n<p>&#013;<\/p>\n<p class=\"MsoNormal\">Le minist\u00e8re de l&rsquo;Int\u00e9rieur a soulign\u00e9 que \u00ab\u00a0le plan op\u00e9rationnel adopt\u00e9 assure la stricte ex\u00e9cution des travaux de r\u00e9habilitation et d&rsquo;entretien des \u00e9quipements publics et prend en charge toutes les zones \u00e0 haut risque pr\u00e9alablement d\u00e9finies et dot\u00e9es d&rsquo;un dispositif d&rsquo;alerte pr\u00e9coce\u00a0\u00bb.<\/p>\n<\/div>\n<p>&#013;<br \/>\nSource: <a href=\"http:\/\/www.aps.dz\/algerie\/61765-risques-lies-aux-intemperies-toutes-les-mesures-prises-pour-la-securite-des-personnes-et-des-biens\" target=\"_blank\">Risques li\u00e9s aux intemp\u00e9ries: toutes les mesures prises pour la s\u00e9curit\u00e9 des personnes et des biens<\/a><\/p>\n<!--CusAds0-->\n<div style=\"font-size: 0px; height: 0px; line-height: 0px; margin: 0; padding: 0; clear: both;\"><\/div>","protected":false},"excerpt":{"rendered":"<p>ALGER &#8211; Le minist\u00e8re de l&rsquo;Int\u00e9rieur, des Collectivit\u00e9s locales et de l&rsquo;Am\u00e9nagement du territoire a indiqu\u00e9 mardi avoir pris \u00ab\u00a0toutes les mesures et dispositions n\u00e9cessaires pour pr\u00e9server la s\u00e9curit\u00e9 des personnes, des biens et des \u00e9quipements publics\u00a0\u00bb en pr\u00e9vision des risques potentiels li\u00e9s aux intemp\u00e9ries lors des saisons d&rsquo;automne et d&rsquo;hiver. &#013; &#013; Ces mesures<\/p>\n","protected":false},"author":6,"featured_media":15055,"comment_status":"open","ping_status":"open","sticky":false,"template":"","format":"standard","meta":{"footnotes":""},"categories":[22],"tags":[93],"class_list":["post-15054","post","type-post","status-publish","format-standard","has-post-thumbnail","hentry","category-infos","tag-onu"],"yoast_head":"<!-- This site is optimized with the Yoast SEO plugin v27.5 - https:\/\/yoast.com\/product\/yoast-seo-wordpress\/ -->\n<title>Risques li\u00e9s aux intemp\u00e9ries: toutes les mesures prises pour la s\u00e9curit\u00e9 des personnes et des biens - info algerie<\/title>\n<meta name=\"robots\" content=\"index, follow, max-snippet:-1, max-image-preview:large, max-video-preview:-1\" \/>\n<link rel=\"canonical\" href=\"https:\/\/www.info-algerie.com\/actualites\/risques-lies-aux-intemperies-toutes-les-mesures-prises-pour-la-securite-des-personnes-et-des-biens\/\" \/>\n<meta property=\"og:locale\" content=\"fr_FR\" \/>\n<meta property=\"og:type\" content=\"article\" \/>\n<meta property=\"og:title\" content=\"Risques li\u00e9s aux intemp\u00e9ries: toutes les mesures prises pour la s\u00e9curit\u00e9 des personnes et des biens - info algerie\" \/>\n<meta property=\"og:description\" content=\"ALGER &#8211; Le minist\u00e8re de l&rsquo;Int\u00e9rieur, des Collectivit\u00e9s locales et de l&rsquo;Am\u00e9nagement du territoire a indiqu\u00e9 mardi avoir pris \u00ab\u00a0toutes les mesures et dispositions n\u00e9cessaires pour pr\u00e9server la s\u00e9curit\u00e9 des personnes, des biens et des \u00e9quipements publics\u00a0\u00bb en pr\u00e9vision des risques potentiels li\u00e9s aux intemp\u00e9ries lors des saisons d&rsquo;automne et d&rsquo;hiver. &#013; &#013; Ces mesures\" \/>\n<meta property=\"og:url\" content=\"https:\/\/www.info-algerie.com\/actualites\/risques-lies-aux-intemperies-toutes-les-mesures-prises-pour-la-securite-des-personnes-et-des-biens\/\" \/>\n<meta property=\"og:site_name\" content=\"info algerie\" \/>\n<meta property=\"article:publisher\" content=\"https:\/\/www.facebook.com\/infoalgerieactu\" \/>\n<meta property=\"article:published_time\" content=\"2017-08-15T18:01:18+00:00\" \/>\n<meta property=\"og:image\" content=\"https:\/\/www.info-algerie.com\/actualites\/wp-content\/uploads\/2017\/08\/36ead790b13a77e190d41f3094cfc696_S-1.jpg\" \/>\n\t<meta property=\"og:image:width\" content=\"280\" \/>\n\t<meta property=\"og:image:height\" content=\"169\" \/>\n\t<meta property=\"og:image:type\" content=\"image\/jpeg\" \/>\n<meta name=\"author\" content=\"La r\u00e9daction\" \/>\n<meta name=\"twitter:label1\" content=\"\u00c9crit par\" \/>\n\t<meta name=\"twitter:data1\" content=\"La r\u00e9daction\" \/>\n\t<meta name=\"twitter:label2\" content=\"Dur\u00e9e de lecture estim\u00e9e\" \/>\n\t<meta name=\"twitter:data2\" content=\"1 minute\" \/>\n<script type=\"application\/ld+json\" class=\"yoast-schema-graph\">{\"@context\":\"https:\\\/\\\/schema.org\",\"@graph\":[{\"@type\":\"Article\",\"@id\":\"https:\\\/\\\/www.info-algerie.com\\\/actualites\\\/risques-lies-aux-intemperies-toutes-les-mesures-prises-pour-la-securite-des-personnes-et-des-biens\\\/#article\",\"isPartOf\":{\"@id\":\"https:\\\/\\\/www.info-algerie.com\\\/actualites\\\/risques-lies-aux-intemperies-toutes-les-mesures-prises-pour-la-securite-des-personnes-et-des-biens\\\/\"},\"author\":{\"name\":\"La r\u00e9daction\",\"@id\":\"https:\\\/\\\/www.info-algerie.com\\\/actualites\\\/#\\\/schema\\\/person\\\/847aaec44920825b843a08f30ec6aa1e\"},\"headline\":\"Risques li\u00e9s aux intemp\u00e9ries: toutes les mesures prises pour la s\u00e9curit\u00e9 des personnes et des biens\",\"datePublished\":\"2017-08-15T18:01:18+00:00\",\"mainEntityOfPage\":{\"@id\":\"https:\\\/\\\/www.info-algerie.com\\\/actualites\\\/risques-lies-aux-intemperies-toutes-les-mesures-prises-pour-la-securite-des-personnes-et-des-biens\\\/\"},\"wordCount\":322,\"commentCount\":0,\"publisher\":{\"@id\":\"https:\\\/\\\/www.info-algerie.com\\\/actualites\\\/#organization\"},\"image\":{\"@id\":\"https:\\\/\\\/www.info-algerie.com\\\/actualites\\\/risques-lies-aux-intemperies-toutes-les-mesures-prises-pour-la-securite-des-personnes-et-des-biens\\\/#primaryimage\"},\"thumbnailUrl\":\"https:\\\/\\\/www.info-algerie.com\\\/actualites\\\/wp-content\\\/uploads\\\/2017\\\/08\\\/36ead790b13a77e190d41f3094cfc696_S-1.jpg\",\"keywords\":[\"ONU\"],\"articleSection\":[\"infos\"],\"inLanguage\":\"fr-FR\",\"potentialAction\":[{\"@type\":\"CommentAction\",\"name\":\"Comment\",\"target\":[\"https:\\\/\\\/www.info-algerie.com\\\/actualites\\\/risques-lies-aux-intemperies-toutes-les-mesures-prises-pour-la-securite-des-personnes-et-des-biens\\\/#respond\"]}]},{\"@type\":\"WebPage\",\"@id\":\"https:\\\/\\\/www.info-algerie.com\\\/actualites\\\/risques-lies-aux-intemperies-toutes-les-mesures-prises-pour-la-securite-des-personnes-et-des-biens\\\/\",\"url\":\"https:\\\/\\\/www.info-algerie.com\\\/actualites\\\/risques-lies-aux-intemperies-toutes-les-mesures-prises-pour-la-securite-des-personnes-et-des-biens\\\/\",\"name\":\"Risques li\u00e9s aux intemp\u00e9ries: toutes les mesures prises pour la s\u00e9curit\u00e9 des personnes et des biens - info algerie\",\"isPartOf\":{\"@id\":\"https:\\\/\\\/www.info-algerie.com\\\/actualites\\\/#website\"},\"primaryImageOfPage\":{\"@id\":\"https:\\\/\\\/www.info-algerie.com\\\/actualites\\\/risques-lies-aux-intemperies-toutes-les-mesures-prises-pour-la-securite-des-personnes-et-des-biens\\\/#primaryimage\"},\"image\":{\"@id\":\"https:\\\/\\\/www.info-algerie.com\\\/actualites\\\/risques-lies-aux-intemperies-toutes-les-mesures-prises-pour-la-securite-des-personnes-et-des-biens\\\/#primaryimage\"},\"thumbnailUrl\":\"https:\\\/\\\/www.info-algerie.com\\\/actualites\\\/wp-content\\\/uploads\\\/2017\\\/08\\\/36ead790b13a77e190d41f3094cfc696_S-1.jpg\",\"datePublished\":\"2017-08-15T18:01:18+00:00\",\"breadcrumb\":{\"@id\":\"https:\\\/\\\/www.info-algerie.com\\\/actualites\\\/risques-lies-aux-intemperies-toutes-les-mesures-prises-pour-la-securite-des-personnes-et-des-biens\\\/#breadcrumb\"},\"inLanguage\":\"fr-FR\",\"potentialAction\":[{\"@type\":\"ReadAction\",\"target\":[\"https:\\\/\\\/www.info-algerie.com\\\/actualites\\\/risques-lies-aux-intemperies-toutes-les-mesures-prises-pour-la-securite-des-personnes-et-des-biens\\\/\"]}]},{\"@type\":\"ImageObject\",\"inLanguage\":\"fr-FR\",\"@id\":\"https:\\\/\\\/www.info-algerie.com\\\/actualites\\\/risques-lies-aux-intemperies-toutes-les-mesures-prises-pour-la-securite-des-personnes-et-des-biens\\\/#primaryimage\",\"url\":\"https:\\\/\\\/www.info-algerie.com\\\/actualites\\\/wp-content\\\/uploads\\\/2017\\\/08\\\/36ead790b13a77e190d41f3094cfc696_S-1.jpg\",\"contentUrl\":\"https:\\\/\\\/www.info-algerie.com\\\/actualites\\\/wp-content\\\/uploads\\\/2017\\\/08\\\/36ead790b13a77e190d41f3094cfc696_S-1.jpg\",\"width\":280,\"height\":169},{\"@type\":\"BreadcrumbList\",\"@id\":\"https:\\\/\\\/www.info-algerie.com\\\/actualites\\\/risques-lies-aux-intemperies-toutes-les-mesures-prises-pour-la-securite-des-personnes-et-des-biens\\\/#breadcrumb\",\"itemListElement\":[{\"@type\":\"ListItem\",\"position\":1,\"name\":\"Accueil\",\"item\":\"https:\\\/\\\/www.info-algerie.com\\\/actualites\\\/\"},{\"@type\":\"ListItem\",\"position\":2,\"name\":\"Risques li\u00e9s aux intemp\u00e9ries: toutes les mesures prises pour la s\u00e9curit\u00e9 des personnes et des biens\"}]},{\"@type\":\"WebSite\",\"@id\":\"https:\\\/\\\/www.info-algerie.com\\\/actualites\\\/#website\",\"url\":\"https:\\\/\\\/www.info-algerie.com\\\/actualites\\\/\",\"name\":\"info algerie\",\"description\":\"Toutes les actualit\u00e9s\",\"publisher\":{\"@id\":\"https:\\\/\\\/www.info-algerie.com\\\/actualites\\\/#organization\"},\"potentialAction\":[{\"@type\":\"SearchAction\",\"target\":{\"@type\":\"EntryPoint\",\"urlTemplate\":\"https:\\\/\\\/www.info-algerie.com\\\/actualites\\\/?s={search_term_string}\"},\"query-input\":{\"@type\":\"PropertyValueSpecification\",\"valueRequired\":true,\"valueName\":\"search_term_string\"}}],\"inLanguage\":\"fr-FR\"},{\"@type\":\"Organization\",\"@id\":\"https:\\\/\\\/www.info-algerie.com\\\/actualites\\\/#organization\",\"name\":\"info algerie\",\"url\":\"https:\\\/\\\/www.info-algerie.com\\\/actualites\\\/\",\"logo\":{\"@type\":\"ImageObject\",\"inLanguage\":\"fr-FR\",\"@id\":\"https:\\\/\\\/www.info-algerie.com\\\/actualites\\\/#\\\/schema\\\/logo\\\/image\\\/\",\"url\":\"https:\\\/\\\/www.info-algerie.com\\\/actualites\\\/wp-content\\\/uploads\\\/2022\\\/07\\\/logo-ia-120.png\",\"contentUrl\":\"https:\\\/\\\/www.info-algerie.com\\\/actualites\\\/wp-content\\\/uploads\\\/2022\\\/07\\\/logo-ia-120.png\",\"width\":120,\"height\":43,\"caption\":\"info algerie\"},\"image\":{\"@id\":\"https:\\\/\\\/www.info-algerie.com\\\/actualites\\\/#\\\/schema\\\/logo\\\/image\\\/\"},\"sameAs\":[\"https:\\\/\\\/www.facebook.com\\\/infoalgerieactu\",\"https:\\\/\\\/x.com\\\/infoalgerie1\"]},{\"@type\":\"Person\",\"@id\":\"https:\\\/\\\/www.info-algerie.com\\\/actualites\\\/#\\\/schema\\\/person\\\/847aaec44920825b843a08f30ec6aa1e\",\"name\":\"La r\u00e9daction\",\"image\":{\"@type\":\"ImageObject\",\"inLanguage\":\"fr-FR\",\"@id\":\"https:\\\/\\\/secure.gravatar.com\\\/avatar\\\/769db425c6f465158149f1ffd6cf61ce7a8a879d11dfbef8288af36dfddd418c?s=96&d=mm&r=g\",\"url\":\"https:\\\/\\\/secure.gravatar.com\\\/avatar\\\/769db425c6f465158149f1ffd6cf61ce7a8a879d11dfbef8288af36dfddd418c?s=96&d=mm&r=g\",\"contentUrl\":\"https:\\\/\\\/secure.gravatar.com\\\/avatar\\\/769db425c6f465158149f1ffd6cf61ce7a8a879d11dfbef8288af36dfddd418c?s=96&d=mm&r=g\",\"caption\":\"La r\u00e9daction\"},\"sameAs\":[\"http:\\\/\\\/www.lkeria.com\\\/\"],\"url\":\"https:\\\/\\\/www.info-algerie.com\\\/actualites\\\/author\\\/chakib32\\\/\"}]}<\/script>\n<!-- \/ Yoast SEO plugin. -->","yoast_head_json":{"title":"Risques li\u00e9s aux intemp\u00e9ries: toutes les mesures prises pour la s\u00e9curit\u00e9 des personnes et des biens - info algerie","robots":{"index":"index","follow":"follow","max-snippet":"max-snippet:-1","max-image-preview":"max-image-preview:large","max-video-preview":"max-video-preview:-1"},"canonical":"https:\/\/www.info-algerie.com\/actualites\/risques-lies-aux-intemperies-toutes-les-mesures-prises-pour-la-securite-des-personnes-et-des-biens\/","og_locale":"fr_FR","og_type":"article","og_title":"Risques li\u00e9s aux intemp\u00e9ries: toutes les mesures prises pour la s\u00e9curit\u00e9 des personnes et des biens - info algerie","og_description":"ALGER &#8211; Le minist\u00e8re de l&rsquo;Int\u00e9rieur, des Collectivit\u00e9s locales et de l&rsquo;Am\u00e9nagement du territoire a indiqu\u00e9 mardi avoir pris \u00ab\u00a0toutes les mesures et dispositions n\u00e9cessaires pour pr\u00e9server la s\u00e9curit\u00e9 des personnes, des biens et des \u00e9quipements publics\u00a0\u00bb en pr\u00e9vision des risques potentiels li\u00e9s aux intemp\u00e9ries lors des saisons d&rsquo;automne et d&rsquo;hiver. &#013; &#013; Ces mesures","og_url":"https:\/\/www.info-algerie.com\/actualites\/risques-lies-aux-intemperies-toutes-les-mesures-prises-pour-la-securite-des-personnes-et-des-biens\/","og_site_name":"info algerie","article_publisher":"https:\/\/www.facebook.com\/infoalgerieactu","article_published_time":"2017-08-15T18:01:18+00:00","og_image":[{"width":280,"height":169,"url":"https:\/\/www.info-algerie.com\/actualites\/wp-content\/uploads\/2017\/08\/36ead790b13a77e190d41f3094cfc696_S-1.jpg","type":"image\/jpeg"}],"author":"La r\u00e9daction","twitter_misc":{"\u00c9crit par":"La r\u00e9daction","Dur\u00e9e de lecture estim\u00e9e":"1 minute"},"schema":{"@context":"https:\/\/schema.org","@graph":[{"@type":"Article","@id":"https:\/\/www.info-algerie.com\/actualites\/risques-lies-aux-intemperies-toutes-les-mesures-prises-pour-la-securite-des-personnes-et-des-biens\/#article","isPartOf":{"@id":"https:\/\/www.info-algerie.com\/actualites\/risques-lies-aux-intemperies-toutes-les-mesures-prises-pour-la-securite-des-personnes-et-des-biens\/"},"author":{"name":"La r\u00e9daction","@id":"https:\/\/www.info-algerie.com\/actualites\/#\/schema\/person\/847aaec44920825b843a08f30ec6aa1e"},"headline":"Risques li\u00e9s aux intemp\u00e9ries: toutes les mesures prises pour la s\u00e9curit\u00e9 des personnes et des biens","datePublished":"2017-08-15T18:01:18+00:00","mainEntityOfPage":{"@id":"https:\/\/www.info-algerie.com\/actualites\/risques-lies-aux-intemperies-toutes-les-mesures-prises-pour-la-securite-des-personnes-et-des-biens\/"},"wordCount":322,"commentCount":0,"publisher":{"@id":"https:\/\/www.info-algerie.com\/actualites\/#organization"},"image":{"@id":"https:\/\/www.info-algerie.com\/actualites\/risques-lies-aux-intemperies-toutes-les-mesures-prises-pour-la-securite-des-personnes-et-des-biens\/#primaryimage"},"thumbnailUrl":"https:\/\/www.info-algerie.com\/actualites\/wp-content\/uploads\/2017\/08\/36ead790b13a77e190d41f3094cfc696_S-1.jpg","keywords":["ONU"],"articleSection":["infos"],"inLanguage":"fr-FR","potentialAction":[{"@type":"CommentAction","name":"Comment","target":["https:\/\/www.info-algerie.com\/actualites\/risques-lies-aux-intemperies-toutes-les-mesures-prises-pour-la-securite-des-personnes-et-des-biens\/#respond"]}]},{"@type":"WebPage","@id":"https:\/\/www.info-algerie.com\/actualites\/risques-lies-aux-intemperies-toutes-les-mesures-prises-pour-la-securite-des-personnes-et-des-biens\/","url":"https:\/\/www.info-algerie.com\/actualites\/risques-lies-aux-intemperies-toutes-les-mesures-prises-pour-la-securite-des-personnes-et-des-biens\/","name":"Risques li\u00e9s aux intemp\u00e9ries: toutes les mesures prises pour la s\u00e9curit\u00e9 des personnes et des biens - info algerie","isPartOf":{"@id":"https:\/\/www.info-algerie.com\/actualites\/#website"},"primaryImageOfPage":{"@id":"https:\/\/www.info-algerie.com\/actualites\/risques-lies-aux-intemperies-toutes-les-mesures-prises-pour-la-securite-des-personnes-et-des-biens\/#primaryimage"},"image":{"@id":"https:\/\/www.info-algerie.com\/actualites\/risques-lies-aux-intemperies-toutes-les-mesures-prises-pour-la-securite-des-personnes-et-des-biens\/#primaryimage"},"thumbnailUrl":"https:\/\/www.info-algerie.com\/actualites\/wp-content\/uploads\/2017\/08\/36ead790b13a77e190d41f3094cfc696_S-1.jpg","datePublished":"2017-08-15T18:01:18+00:00","breadcrumb":{"@id":"https:\/\/www.info-algerie.com\/actualites\/risques-lies-aux-intemperies-toutes-les-mesures-prises-pour-la-securite-des-personnes-et-des-biens\/#breadcrumb"},"inLanguage":"fr-FR","potentialAction":[{"@type":"ReadAction","target":["https:\/\/www.info-algerie.com\/actualites\/risques-lies-aux-intemperies-toutes-les-mesures-prises-pour-la-securite-des-personnes-et-des-biens\/"]}]},{"@type":"ImageObject","inLanguage":"fr-FR","@id":"https:\/\/www.info-algerie.com\/actualites\/risques-lies-aux-intemperies-toutes-les-mesures-prises-pour-la-securite-des-personnes-et-des-biens\/#primaryimage","url":"https:\/\/www.info-algerie.com\/actualites\/wp-content\/uploads\/2017\/08\/36ead790b13a77e190d41f3094cfc696_S-1.jpg","contentUrl":"https:\/\/www.info-algerie.com\/actualites\/wp-content\/uploads\/2017\/08\/36ead790b13a77e190d41f3094cfc696_S-1.jpg","width":280,"height":169},{"@type":"BreadcrumbList","@id":"https:\/\/www.info-algerie.com\/actualites\/risques-lies-aux-intemperies-toutes-les-mesures-prises-pour-la-securite-des-personnes-et-des-biens\/#breadcrumb","itemListElement":[{"@type":"ListItem","position":1,"name":"Accueil","item":"https:\/\/www.info-algerie.com\/actualites\/"},{"@type":"ListItem","position":2,"name":"Risques li\u00e9s aux intemp\u00e9ries: toutes les mesures prises pour la s\u00e9curit\u00e9 des personnes et des biens"}]},{"@type":"WebSite","@id":"https:\/\/www.info-algerie.com\/actualites\/#website","url":"https:\/\/www.info-algerie.com\/actualites\/","name":"info algerie","description":"Toutes les actualit\u00e9s","publisher":{"@id":"https:\/\/www.info-algerie.com\/actualites\/#organization"},"potentialAction":[{"@type":"SearchAction","target":{"@type":"EntryPoint","urlTemplate":"https:\/\/www.info-algerie.com\/actualites\/?s={search_term_string}"},"query-input":{"@type":"PropertyValueSpecification","valueRequired":true,"valueName":"search_term_string"}}],"inLanguage":"fr-FR"},{"@type":"Organization","@id":"https:\/\/www.info-algerie.com\/actualites\/#organization","name":"info algerie","url":"https:\/\/www.info-algerie.com\/actualites\/","logo":{"@type":"ImageObject","inLanguage":"fr-FR","@id":"https:\/\/www.info-algerie.com\/actualites\/#\/schema\/logo\/image\/","url":"https:\/\/www.info-algerie.com\/actualites\/wp-content\/uploads\/2022\/07\/logo-ia-120.png","contentUrl":"https:\/\/www.info-algerie.com\/actualites\/wp-content\/uploads\/2022\/07\/logo-ia-120.png","width":120,"height":43,"caption":"info algerie"},"image":{"@id":"https:\/\/www.info-algerie.com\/actualites\/#\/schema\/logo\/image\/"},"sameAs":["https:\/\/www.facebook.com\/infoalgerieactu","https:\/\/x.com\/infoalgerie1"]},{"@type":"Person","@id":"https:\/\/www.info-algerie.com\/actualites\/#\/schema\/person\/847aaec44920825b843a08f30ec6aa1e","name":"La r\u00e9daction","image":{"@type":"ImageObject","inLanguage":"fr-FR","@id":"https:\/\/secure.gravatar.com\/avatar\/769db425c6f465158149f1ffd6cf61ce7a8a879d11dfbef8288af36dfddd418c?s=96&d=mm&r=g","url":"https:\/\/secure.gravatar.com\/avatar\/769db425c6f465158149f1ffd6cf61ce7a8a879d11dfbef8288af36dfddd418c?s=96&d=mm&r=g","contentUrl":"https:\/\/secure.gravatar.com\/avatar\/769db425c6f465158149f1ffd6cf61ce7a8a879d11dfbef8288af36dfddd418c?s=96&d=mm&r=g","caption":"La r\u00e9daction"},"sameAs":["http:\/\/www.lkeria.com\/"],"url":"https:\/\/www.info-algerie.com\/actualites\/author\/chakib32\/"}]}},"_links":{"self":[{"href":"https:\/\/www.info-algerie.com\/actualites\/wp-json\/wp\/v2\/posts\/15054","targetHints":{"allow":["GET"]}}],"collection":[{"href":"https:\/\/www.info-algerie.com\/actualites\/wp-json\/wp\/v2\/posts"}],"about":[{"href":"https:\/\/www.info-algerie.com\/actualites\/wp-json\/wp\/v2\/types\/post"}],"author":[{"embeddable":true,"href":"https:\/\/www.info-algerie.com\/actualites\/wp-json\/wp\/v2\/users\/6"}],"replies":[{"embeddable":true,"href":"https:\/\/www.info-algerie.com\/actualites\/wp-json\/wp\/v2\/comments?post=15054"}],"version-history":[{"count":0,"href":"https:\/\/www.info-algerie.com\/actualites\/wp-json\/wp\/v2\/posts\/15054\/revisions"}],"wp:featuredmedia":[{"embeddable":true,"href":"https:\/\/www.info-algerie.com\/actualites\/wp-json\/wp\/v2\/media\/15055"}],"wp:attachment":[{"href":"https:\/\/www.info-algerie.com\/actualites\/wp-json\/wp\/v2\/media?parent=15054"}],"wp:term":[{"taxonomy":"category","embeddable":true,"href":"https:\/\/www.info-algerie.com\/actualites\/wp-json\/wp\/v2\/categories?post=15054"},{"taxonomy":"post_tag","embeddable":true,"href":"https:\/\/www.info-algerie.com\/actualites\/wp-json\/wp\/v2\/tags?post=15054"}],"curies":[{"name":"wp","href":"https:\/\/api.w.org\/{rel}","templated":true}]}}