{"id":15061,"date":"2017-08-16T09:59:05","date_gmt":"2017-08-16T08:59:05","guid":{"rendered":"http:\/\/www.info-algerie.com\/actualites\/la-nomination-de-m-ouyahia-a-la-place-de-m-tebboune-largement-traitee-par-la-presse-nationale\/"},"modified":"2017-08-16T09:59:05","modified_gmt":"2017-08-16T08:59:05","slug":"la-nomination-de-m-ouyahia-a-la-place-de-m-tebboune-largement-traitee-par-la-presse-nationale","status":"publish","type":"post","link":"https:\/\/www.info-algerie.com\/actualites\/la-nomination-de-m-ouyahia-a-la-place-de-m-tebboune-largement-traitee-par-la-presse-nationale\/","title":{"rendered":"La nomination de M.Ouyahia \u00e0 la place de M.Tebboune largement trait\u00e9e par la presse nationale"},"content":{"rendered":"<div class=\"K2FeedImage\"><img decoding=\"async\" src=\"https:\/\/www.info-algerie.com\/actualites\/wp-content\/uploads\/2017\/08\/727177eb3d806f2096658547f7199f2f_S.jpg\" alt=\"La nomination de M.Ouyahia &#xE0; la place de M.Tebboune largement trait&#xE9;e par la presse nationale\" \/><\/div>\n<div class=\"K2FeedIntroText\">\n<p>ALGER- La nomination mardi de M. Ahmed Ouyahia au poste de Premier ministre \u00e0 la place de M. Abdelmadjid Tebboune a \u00e9t\u00e9 largement \u00e9voqu\u00e9e par les titres de la presse nationale parus mercredi.<\/p>\n<p>&#013;\n<\/p><\/div>\n<div class=\"K2FeedFullText\">&#013;<\/p>\n<p>L\u2019Expression\u00a0 \u00e9crit sur sa Une que\u00a0\u00a0 si la nomination de Ahmed Ouyahia \u00e0 la t\u00eate du gouvernement peut para\u00eetre surprenante pour certains, elle n\u2019en est pas moins m\u00e9rit\u00e9e aux dires de tous les observateurs qui attestent de la grande comp\u00e9tence de l\u2019homme\u00a0 .<\/p>\n<p>&#013;<\/p>\n<p>Le m\u00eame titre qui a consacr\u00e9 quatre pages \u00e0 cette nomination propose un portrait du nouveau premier ministre qualifi\u00e9 de\u00a0\u00a0 l\u2019homme des situations difficiles.<\/p>\n<p>&#013;<\/p>\n<p>El Moudjahid\u00a0 est revenu, pour sa part, sur\u00a0 le riche parcours de plus de vingt ans de M. Ouyahia\u00a0 \u00e0 la faveur des fonctions et de hautes responsabilit\u00e9s\u00a0 qu\u2019il a occup\u00e9es au sein de l\u2019Etat depuis 1993 en qualit\u00e9 de sous-secr\u00e9taire d\u2019Etat aux affaires arabes et africaine, puis de chef de cabinet de Zeroual en 1995, avant d\u2019\u00eatre nomm\u00e9 plusieurs fois chef de gouvernement Pour Libert\u00e9 qui annonce le limogeage de M. Tebboune trois mois apr\u00e8s d\u00e9signation et son remplacement par M. Ouyahia s\u2019interroge sur le sort du dialogue politique dont l\u2019ancien Premier ministre en a fait un projet phare.<\/p>\n<p>&#013;<\/p>\n<p>Libert\u00e9 s\u2019interroge \u00e9galement sur les r\u00e9ajustements \u00e0 apporter dans la politique \u00e9conomique et la gestion du commerce ext\u00e9rieur.<\/p>\n<p>&#013;<\/p>\n<p>Le m\u00eame titre souligne que le limogeage de M.Tebboune et la nomination de M. Ouyahia partagent les partagent les partis politiques\u00a0\u00a0\u00a0 entre surprise et mutisme\u00a0 .<\/p>\n<p>&#013;<\/p>\n<p>Sur un titre informatif,\u00a0 le Quotidien d\u2019Oran annonce le changement en \u00e9crivant\u00a0\u00a0 Ouyahia remplace Tebboune\u00a0\u00a0 alors que\u00a0 l\u2019\u00e9ditorial de la parution titr\u00e9\u00a0\u00a0 un limogeage et des interrogations\u00a0 , estime que\u00a0\u00a0 les cercles d\u2019int\u00e9r\u00eats, la proximit\u00e9 coupable de l\u2019argent des affaires avec le pouvoir et ses relais, l\u2019app\u00e9tit de requin des oligarques alg\u00e9riens et la pression constante de chancelleries \u00e9trang\u00e8res sur les d\u00e9cisions souveraines de l\u2019Alg\u00e9rie ont eu finalement la peau de Tebboune\u00a0 .<\/p>\n<p>&#013;<\/p>\n<p>Pour le Jeune Ind\u00e9pendant, la nomination de M. Ouyahia\u00a0 vise \u00e0\u00a0\u00a0 r\u00e9tablir un climat de confiance\u00a0 et de dialogue\u00a0 , relevant dans son \u00e9ditorial que Ouyahia constitue\u00a0\u00a0 une option salutaire\u00a0\u00a0 dans le sens o\u00f9\u00a0\u00a0 c\u2019est un homme rompu aux \u00e9tourdissants rouages du pouvoir qui revient \u00e0 la t\u00eate de l\u2019ex\u00e9cutif\u00a0 .<\/p>\n<p>&#013;<\/p>\n<p>De son c\u00f4t\u00e9 El Watan \u00e9crit que moins de trois mois apr\u00e8s sa nomination \u00e0 la t\u00eate du gouvernement, Abdelmadjid Tebboune a \u00e9t\u00e9 cong\u00e9di\u00e9 pour \u00eatre remplac\u00e9 par Ahmed Ouyahia rappel\u00e9 pour la quatri\u00e8me fois en 22 ans.Le Soir d\u2019Alg\u00e9rie titre\u00a0\u00a0 limogeage rapide de Tebboune, retour inattendu de Ouyahia\u00a0 , estimant que\u00a0\u00a0 la chute du gouvernement Tebboune a finalement eu lieu\u00a0 plus t\u00f4t que pr\u00e9vu\u00a0 .<\/p>\n<p>&#013;<\/p>\n<p>Le journal El Khabar qui a consacr\u00e9 un large espace \u00e0 cette nomination rel\u00e8ve\u00a0 qu\u2019il s\u2019agit du changement\u00a0\u00a0 le plus rapide\u00a0\u00a0 op\u00e9r\u00e9 \u00e0 la t\u00eate de l\u2019Ex\u00e9cutif, proposant par ailleurs un portrait de M. Ouyahia.<\/p>\n<p>&#013;<\/p>\n<p>Ennahar a rapport\u00e9, de son c\u00f4t\u00e9, que M. Ouyahia reconduirait le m\u00eame staff gouvernemental\u00a0 au moment o\u00f9 le quotidien El Fadjr pr\u00e9dit\u00a0\u00a0 un remaniement partiel dans la composante de l\u2019Ex\u00e9cutif.<\/p>\n<p>&#013;<\/p>\n<p>Sawt El Ahrar qui a retrac\u00e9 le parcours politique et diplomatique de M. Ouyahia, rapporte reprend \u00e9galement les r\u00e9actions ayant suivi le changement \u00e0 la t\u00eate du gouvernement notamment celle du parti du Front de lib\u00e9ration national (FLN) qui\u00a0\u00a0 approuve les d\u00e9cisions du pr\u00e9sident de la R\u00e9publique.<\/p>\n<p>&#013;<\/p>\n<p>Echourouk a \u00e9num\u00e9r\u00e9, quant \u00e0 lui, les sept dossiers \u00e9conomiques qui attendent le Premier ministre, Ahmed Ouyahia, tout en \u00e9voquant le contexte dans lequel est survenus la fin de mission de M. Abdelmadji Tebboune.<\/p>\n<\/div>\n<p>&#013;<br \/>\nSource: <a href=\"http:\/\/www.aps.dz\/algerie\/61773-la-nomination-de-m-ouyahia-a-la-place-de-m-tebboune-largement-traitee-par-la-presse-nationale\" target=\"_blank\">La nomination de M.Ouyahia \u00e0 la place de M.Tebboune largement trait\u00e9e par la presse nationale<\/a><\/p>\n<!--CusAds0-->\n<div style=\"font-size: 0px; height: 0px; line-height: 0px; margin: 0; padding: 0; clear: both;\"><\/div>","protected":false},"excerpt":{"rendered":"<p>ALGER- La nomination mardi de M. Ahmed Ouyahia au poste de Premier ministre \u00e0 la place de M. Abdelmadjid Tebboune a \u00e9t\u00e9 largement \u00e9voqu\u00e9e par les titres de la presse nationale parus mercredi. &#013; &#013; L\u2019Expression\u00a0 \u00e9crit sur sa Une que\u00a0\u00a0 si la nomination de Ahmed Ouyahia \u00e0 la t\u00eate du gouvernement peut para\u00eetre surprenante<\/p>\n","protected":false},"author":6,"featured_media":15062,"comment_status":"open","ping_status":"open","sticky":false,"template":"","format":"standard","meta":{"footnotes":""},"categories":[22],"tags":[93],"class_list":["post-15061","post","type-post","status-publish","format-standard","has-post-thumbnail","hentry","category-infos","tag-onu"],"yoast_head":"<!-- This site is optimized with the Yoast SEO plugin v27.5 - https:\/\/yoast.com\/product\/yoast-seo-wordpress\/ -->\n<title>La nomination de M.Ouyahia \u00e0 la place de M.Tebboune largement trait\u00e9e par la presse nationale - info algerie<\/title>\n<meta name=\"robots\" content=\"index, follow, max-snippet:-1, max-image-preview:large, max-video-preview:-1\" \/>\n<link rel=\"canonical\" href=\"https:\/\/www.info-algerie.com\/actualites\/la-nomination-de-m-ouyahia-a-la-place-de-m-tebboune-largement-traitee-par-la-presse-nationale\/\" \/>\n<meta property=\"og:locale\" content=\"fr_FR\" \/>\n<meta property=\"og:type\" content=\"article\" \/>\n<meta property=\"og:title\" content=\"La nomination de M.Ouyahia \u00e0 la place de M.Tebboune largement trait\u00e9e par la presse nationale - info algerie\" \/>\n<meta property=\"og:description\" content=\"ALGER- La nomination mardi de M. Ahmed Ouyahia au poste de Premier ministre \u00e0 la place de M. Abdelmadjid Tebboune a \u00e9t\u00e9 largement \u00e9voqu\u00e9e par les titres de la presse nationale parus mercredi. &#013; &#013; L\u2019Expression\u00a0 \u00e9crit sur sa Une que\u00a0\u00a0 si la nomination de Ahmed Ouyahia \u00e0 la t\u00eate du gouvernement peut para\u00eetre surprenante\" \/>\n<meta property=\"og:url\" content=\"https:\/\/www.info-algerie.com\/actualites\/la-nomination-de-m-ouyahia-a-la-place-de-m-tebboune-largement-traitee-par-la-presse-nationale\/\" \/>\n<meta property=\"og:site_name\" content=\"info algerie\" \/>\n<meta property=\"article:publisher\" content=\"https:\/\/www.facebook.com\/infoalgerieactu\" \/>\n<meta property=\"article:published_time\" content=\"2017-08-16T08:59:05+00:00\" \/>\n<meta property=\"og:image\" content=\"https:\/\/www.info-algerie.com\/actualites\/wp-content\/uploads\/2017\/08\/727177eb3d806f2096658547f7199f2f_S-1.jpg\" \/>\n\t<meta property=\"og:image:width\" content=\"280\" \/>\n\t<meta property=\"og:image:height\" content=\"163\" \/>\n\t<meta property=\"og:image:type\" content=\"image\/jpeg\" \/>\n<meta name=\"author\" content=\"La r\u00e9daction\" \/>\n<meta name=\"twitter:label1\" content=\"\u00c9crit par\" \/>\n\t<meta name=\"twitter:data1\" content=\"La r\u00e9daction\" \/>\n\t<meta name=\"twitter:label2\" content=\"Dur\u00e9e de lecture estim\u00e9e\" \/>\n\t<meta name=\"twitter:data2\" content=\"3 minutes\" \/>\n<script type=\"application\/ld+json\" class=\"yoast-schema-graph\">{\"@context\":\"https:\\\/\\\/schema.org\",\"@graph\":[{\"@type\":\"Article\",\"@id\":\"https:\\\/\\\/www.info-algerie.com\\\/actualites\\\/la-nomination-de-m-ouyahia-a-la-place-de-m-tebboune-largement-traitee-par-la-presse-nationale\\\/#article\",\"isPartOf\":{\"@id\":\"https:\\\/\\\/www.info-algerie.com\\\/actualites\\\/la-nomination-de-m-ouyahia-a-la-place-de-m-tebboune-largement-traitee-par-la-presse-nationale\\\/\"},\"author\":{\"name\":\"La r\u00e9daction\",\"@id\":\"https:\\\/\\\/www.info-algerie.com\\\/actualites\\\/#\\\/schema\\\/person\\\/847aaec44920825b843a08f30ec6aa1e\"},\"headline\":\"La nomination de M.Ouyahia \u00e0 la place de M.Tebboune largement trait\u00e9e par la presse nationale\",\"datePublished\":\"2017-08-16T08:59:05+00:00\",\"mainEntityOfPage\":{\"@id\":\"https:\\\/\\\/www.info-algerie.com\\\/actualites\\\/la-nomination-de-m-ouyahia-a-la-place-de-m-tebboune-largement-traitee-par-la-presse-nationale\\\/\"},\"wordCount\":667,\"commentCount\":0,\"publisher\":{\"@id\":\"https:\\\/\\\/www.info-algerie.com\\\/actualites\\\/#organization\"},\"image\":{\"@id\":\"https:\\\/\\\/www.info-algerie.com\\\/actualites\\\/la-nomination-de-m-ouyahia-a-la-place-de-m-tebboune-largement-traitee-par-la-presse-nationale\\\/#primaryimage\"},\"thumbnailUrl\":\"https:\\\/\\\/www.info-algerie.com\\\/actualites\\\/wp-content\\\/uploads\\\/2017\\\/08\\\/727177eb3d806f2096658547f7199f2f_S-1.jpg\",\"keywords\":[\"ONU\"],\"articleSection\":[\"infos\"],\"inLanguage\":\"fr-FR\",\"potentialAction\":[{\"@type\":\"CommentAction\",\"name\":\"Comment\",\"target\":[\"https:\\\/\\\/www.info-algerie.com\\\/actualites\\\/la-nomination-de-m-ouyahia-a-la-place-de-m-tebboune-largement-traitee-par-la-presse-nationale\\\/#respond\"]}]},{\"@type\":\"WebPage\",\"@id\":\"https:\\\/\\\/www.info-algerie.com\\\/actualites\\\/la-nomination-de-m-ouyahia-a-la-place-de-m-tebboune-largement-traitee-par-la-presse-nationale\\\/\",\"url\":\"https:\\\/\\\/www.info-algerie.com\\\/actualites\\\/la-nomination-de-m-ouyahia-a-la-place-de-m-tebboune-largement-traitee-par-la-presse-nationale\\\/\",\"name\":\"La nomination de M.Ouyahia \u00e0 la place de M.Tebboune largement trait\u00e9e par la presse nationale - info algerie\",\"isPartOf\":{\"@id\":\"https:\\\/\\\/www.info-algerie.com\\\/actualites\\\/#website\"},\"primaryImageOfPage\":{\"@id\":\"https:\\\/\\\/www.info-algerie.com\\\/actualites\\\/la-nomination-de-m-ouyahia-a-la-place-de-m-tebboune-largement-traitee-par-la-presse-nationale\\\/#primaryimage\"},\"image\":{\"@id\":\"https:\\\/\\\/www.info-algerie.com\\\/actualites\\\/la-nomination-de-m-ouyahia-a-la-place-de-m-tebboune-largement-traitee-par-la-presse-nationale\\\/#primaryimage\"},\"thumbnailUrl\":\"https:\\\/\\\/www.info-algerie.com\\\/actualites\\\/wp-content\\\/uploads\\\/2017\\\/08\\\/727177eb3d806f2096658547f7199f2f_S-1.jpg\",\"datePublished\":\"2017-08-16T08:59:05+00:00\",\"breadcrumb\":{\"@id\":\"https:\\\/\\\/www.info-algerie.com\\\/actualites\\\/la-nomination-de-m-ouyahia-a-la-place-de-m-tebboune-largement-traitee-par-la-presse-nationale\\\/#breadcrumb\"},\"inLanguage\":\"fr-FR\",\"potentialAction\":[{\"@type\":\"ReadAction\",\"target\":[\"https:\\\/\\\/www.info-algerie.com\\\/actualites\\\/la-nomination-de-m-ouyahia-a-la-place-de-m-tebboune-largement-traitee-par-la-presse-nationale\\\/\"]}]},{\"@type\":\"ImageObject\",\"inLanguage\":\"fr-FR\",\"@id\":\"https:\\\/\\\/www.info-algerie.com\\\/actualites\\\/la-nomination-de-m-ouyahia-a-la-place-de-m-tebboune-largement-traitee-par-la-presse-nationale\\\/#primaryimage\",\"url\":\"https:\\\/\\\/www.info-algerie.com\\\/actualites\\\/wp-content\\\/uploads\\\/2017\\\/08\\\/727177eb3d806f2096658547f7199f2f_S-1.jpg\",\"contentUrl\":\"https:\\\/\\\/www.info-algerie.com\\\/actualites\\\/wp-content\\\/uploads\\\/2017\\\/08\\\/727177eb3d806f2096658547f7199f2f_S-1.jpg\",\"width\":280,\"height\":163},{\"@type\":\"BreadcrumbList\",\"@id\":\"https:\\\/\\\/www.info-algerie.com\\\/actualites\\\/la-nomination-de-m-ouyahia-a-la-place-de-m-tebboune-largement-traitee-par-la-presse-nationale\\\/#breadcrumb\",\"itemListElement\":[{\"@type\":\"ListItem\",\"position\":1,\"name\":\"Accueil\",\"item\":\"https:\\\/\\\/www.info-algerie.com\\\/actualites\\\/\"},{\"@type\":\"ListItem\",\"position\":2,\"name\":\"La nomination de M.Ouyahia \u00e0 la place de M.Tebboune largement trait\u00e9e par la presse nationale\"}]},{\"@type\":\"WebSite\",\"@id\":\"https:\\\/\\\/www.info-algerie.com\\\/actualites\\\/#website\",\"url\":\"https:\\\/\\\/www.info-algerie.com\\\/actualites\\\/\",\"name\":\"info algerie\",\"description\":\"Toutes les actualit\u00e9s\",\"publisher\":{\"@id\":\"https:\\\/\\\/www.info-algerie.com\\\/actualites\\\/#organization\"},\"potentialAction\":[{\"@type\":\"SearchAction\",\"target\":{\"@type\":\"EntryPoint\",\"urlTemplate\":\"https:\\\/\\\/www.info-algerie.com\\\/actualites\\\/?s={search_term_string}\"},\"query-input\":{\"@type\":\"PropertyValueSpecification\",\"valueRequired\":true,\"valueName\":\"search_term_string\"}}],\"inLanguage\":\"fr-FR\"},{\"@type\":\"Organization\",\"@id\":\"https:\\\/\\\/www.info-algerie.com\\\/actualites\\\/#organization\",\"name\":\"info algerie\",\"url\":\"https:\\\/\\\/www.info-algerie.com\\\/actualites\\\/\",\"logo\":{\"@type\":\"ImageObject\",\"inLanguage\":\"fr-FR\",\"@id\":\"https:\\\/\\\/www.info-algerie.com\\\/actualites\\\/#\\\/schema\\\/logo\\\/image\\\/\",\"url\":\"https:\\\/\\\/www.info-algerie.com\\\/actualites\\\/wp-content\\\/uploads\\\/2022\\\/07\\\/logo-ia-120.png\",\"contentUrl\":\"https:\\\/\\\/www.info-algerie.com\\\/actualites\\\/wp-content\\\/uploads\\\/2022\\\/07\\\/logo-ia-120.png\",\"width\":120,\"height\":43,\"caption\":\"info algerie\"},\"image\":{\"@id\":\"https:\\\/\\\/www.info-algerie.com\\\/actualites\\\/#\\\/schema\\\/logo\\\/image\\\/\"},\"sameAs\":[\"https:\\\/\\\/www.facebook.com\\\/infoalgerieactu\",\"https:\\\/\\\/x.com\\\/infoalgerie1\"]},{\"@type\":\"Person\",\"@id\":\"https:\\\/\\\/www.info-algerie.com\\\/actualites\\\/#\\\/schema\\\/person\\\/847aaec44920825b843a08f30ec6aa1e\",\"name\":\"La r\u00e9daction\",\"image\":{\"@type\":\"ImageObject\",\"inLanguage\":\"fr-FR\",\"@id\":\"https:\\\/\\\/secure.gravatar.com\\\/avatar\\\/769db425c6f465158149f1ffd6cf61ce7a8a879d11dfbef8288af36dfddd418c?s=96&d=mm&r=g\",\"url\":\"https:\\\/\\\/secure.gravatar.com\\\/avatar\\\/769db425c6f465158149f1ffd6cf61ce7a8a879d11dfbef8288af36dfddd418c?s=96&d=mm&r=g\",\"contentUrl\":\"https:\\\/\\\/secure.gravatar.com\\\/avatar\\\/769db425c6f465158149f1ffd6cf61ce7a8a879d11dfbef8288af36dfddd418c?s=96&d=mm&r=g\",\"caption\":\"La r\u00e9daction\"},\"sameAs\":[\"http:\\\/\\\/www.lkeria.com\\\/\"],\"url\":\"https:\\\/\\\/www.info-algerie.com\\\/actualites\\\/author\\\/chakib32\\\/\"}]}<\/script>\n<!-- \/ Yoast SEO plugin. -->","yoast_head_json":{"title":"La nomination de M.Ouyahia \u00e0 la place de M.Tebboune largement trait\u00e9e par la presse nationale - info algerie","robots":{"index":"index","follow":"follow","max-snippet":"max-snippet:-1","max-image-preview":"max-image-preview:large","max-video-preview":"max-video-preview:-1"},"canonical":"https:\/\/www.info-algerie.com\/actualites\/la-nomination-de-m-ouyahia-a-la-place-de-m-tebboune-largement-traitee-par-la-presse-nationale\/","og_locale":"fr_FR","og_type":"article","og_title":"La nomination de M.Ouyahia \u00e0 la place de M.Tebboune largement trait\u00e9e par la presse nationale - info algerie","og_description":"ALGER- La nomination mardi de M. Ahmed Ouyahia au poste de Premier ministre \u00e0 la place de M. Abdelmadjid Tebboune a \u00e9t\u00e9 largement \u00e9voqu\u00e9e par les titres de la presse nationale parus mercredi. &#013; &#013; L\u2019Expression\u00a0 \u00e9crit sur sa Une que\u00a0\u00a0 si la nomination de Ahmed Ouyahia \u00e0 la t\u00eate du gouvernement peut para\u00eetre surprenante","og_url":"https:\/\/www.info-algerie.com\/actualites\/la-nomination-de-m-ouyahia-a-la-place-de-m-tebboune-largement-traitee-par-la-presse-nationale\/","og_site_name":"info algerie","article_publisher":"https:\/\/www.facebook.com\/infoalgerieactu","article_published_time":"2017-08-16T08:59:05+00:00","og_image":[{"width":280,"height":163,"url":"https:\/\/www.info-algerie.com\/actualites\/wp-content\/uploads\/2017\/08\/727177eb3d806f2096658547f7199f2f_S-1.jpg","type":"image\/jpeg"}],"author":"La r\u00e9daction","twitter_misc":{"\u00c9crit par":"La r\u00e9daction","Dur\u00e9e de lecture estim\u00e9e":"3 minutes"},"schema":{"@context":"https:\/\/schema.org","@graph":[{"@type":"Article","@id":"https:\/\/www.info-algerie.com\/actualites\/la-nomination-de-m-ouyahia-a-la-place-de-m-tebboune-largement-traitee-par-la-presse-nationale\/#article","isPartOf":{"@id":"https:\/\/www.info-algerie.com\/actualites\/la-nomination-de-m-ouyahia-a-la-place-de-m-tebboune-largement-traitee-par-la-presse-nationale\/"},"author":{"name":"La r\u00e9daction","@id":"https:\/\/www.info-algerie.com\/actualites\/#\/schema\/person\/847aaec44920825b843a08f30ec6aa1e"},"headline":"La nomination de M.Ouyahia \u00e0 la place de M.Tebboune largement trait\u00e9e par la presse nationale","datePublished":"2017-08-16T08:59:05+00:00","mainEntityOfPage":{"@id":"https:\/\/www.info-algerie.com\/actualites\/la-nomination-de-m-ouyahia-a-la-place-de-m-tebboune-largement-traitee-par-la-presse-nationale\/"},"wordCount":667,"commentCount":0,"publisher":{"@id":"https:\/\/www.info-algerie.com\/actualites\/#organization"},"image":{"@id":"https:\/\/www.info-algerie.com\/actualites\/la-nomination-de-m-ouyahia-a-la-place-de-m-tebboune-largement-traitee-par-la-presse-nationale\/#primaryimage"},"thumbnailUrl":"https:\/\/www.info-algerie.com\/actualites\/wp-content\/uploads\/2017\/08\/727177eb3d806f2096658547f7199f2f_S-1.jpg","keywords":["ONU"],"articleSection":["infos"],"inLanguage":"fr-FR","potentialAction":[{"@type":"CommentAction","name":"Comment","target":["https:\/\/www.info-algerie.com\/actualites\/la-nomination-de-m-ouyahia-a-la-place-de-m-tebboune-largement-traitee-par-la-presse-nationale\/#respond"]}]},{"@type":"WebPage","@id":"https:\/\/www.info-algerie.com\/actualites\/la-nomination-de-m-ouyahia-a-la-place-de-m-tebboune-largement-traitee-par-la-presse-nationale\/","url":"https:\/\/www.info-algerie.com\/actualites\/la-nomination-de-m-ouyahia-a-la-place-de-m-tebboune-largement-traitee-par-la-presse-nationale\/","name":"La nomination de M.Ouyahia \u00e0 la place de M.Tebboune largement trait\u00e9e par la presse nationale - info algerie","isPartOf":{"@id":"https:\/\/www.info-algerie.com\/actualites\/#website"},"primaryImageOfPage":{"@id":"https:\/\/www.info-algerie.com\/actualites\/la-nomination-de-m-ouyahia-a-la-place-de-m-tebboune-largement-traitee-par-la-presse-nationale\/#primaryimage"},"image":{"@id":"https:\/\/www.info-algerie.com\/actualites\/la-nomination-de-m-ouyahia-a-la-place-de-m-tebboune-largement-traitee-par-la-presse-nationale\/#primaryimage"},"thumbnailUrl":"https:\/\/www.info-algerie.com\/actualites\/wp-content\/uploads\/2017\/08\/727177eb3d806f2096658547f7199f2f_S-1.jpg","datePublished":"2017-08-16T08:59:05+00:00","breadcrumb":{"@id":"https:\/\/www.info-algerie.com\/actualites\/la-nomination-de-m-ouyahia-a-la-place-de-m-tebboune-largement-traitee-par-la-presse-nationale\/#breadcrumb"},"inLanguage":"fr-FR","potentialAction":[{"@type":"ReadAction","target":["https:\/\/www.info-algerie.com\/actualites\/la-nomination-de-m-ouyahia-a-la-place-de-m-tebboune-largement-traitee-par-la-presse-nationale\/"]}]},{"@type":"ImageObject","inLanguage":"fr-FR","@id":"https:\/\/www.info-algerie.com\/actualites\/la-nomination-de-m-ouyahia-a-la-place-de-m-tebboune-largement-traitee-par-la-presse-nationale\/#primaryimage","url":"https:\/\/www.info-algerie.com\/actualites\/wp-content\/uploads\/2017\/08\/727177eb3d806f2096658547f7199f2f_S-1.jpg","contentUrl":"https:\/\/www.info-algerie.com\/actualites\/wp-content\/uploads\/2017\/08\/727177eb3d806f2096658547f7199f2f_S-1.jpg","width":280,"height":163},{"@type":"BreadcrumbList","@id":"https:\/\/www.info-algerie.com\/actualites\/la-nomination-de-m-ouyahia-a-la-place-de-m-tebboune-largement-traitee-par-la-presse-nationale\/#breadcrumb","itemListElement":[{"@type":"ListItem","position":1,"name":"Accueil","item":"https:\/\/www.info-algerie.com\/actualites\/"},{"@type":"ListItem","position":2,"name":"La nomination de M.Ouyahia \u00e0 la place de M.Tebboune largement trait\u00e9e par la presse nationale"}]},{"@type":"WebSite","@id":"https:\/\/www.info-algerie.com\/actualites\/#website","url":"https:\/\/www.info-algerie.com\/actualites\/","name":"info algerie","description":"Toutes les actualit\u00e9s","publisher":{"@id":"https:\/\/www.info-algerie.com\/actualites\/#organization"},"potentialAction":[{"@type":"SearchAction","target":{"@type":"EntryPoint","urlTemplate":"https:\/\/www.info-algerie.com\/actualites\/?s={search_term_string}"},"query-input":{"@type":"PropertyValueSpecification","valueRequired":true,"valueName":"search_term_string"}}],"inLanguage":"fr-FR"},{"@type":"Organization","@id":"https:\/\/www.info-algerie.com\/actualites\/#organization","name":"info algerie","url":"https:\/\/www.info-algerie.com\/actualites\/","logo":{"@type":"ImageObject","inLanguage":"fr-FR","@id":"https:\/\/www.info-algerie.com\/actualites\/#\/schema\/logo\/image\/","url":"https:\/\/www.info-algerie.com\/actualites\/wp-content\/uploads\/2022\/07\/logo-ia-120.png","contentUrl":"https:\/\/www.info-algerie.com\/actualites\/wp-content\/uploads\/2022\/07\/logo-ia-120.png","width":120,"height":43,"caption":"info algerie"},"image":{"@id":"https:\/\/www.info-algerie.com\/actualites\/#\/schema\/logo\/image\/"},"sameAs":["https:\/\/www.facebook.com\/infoalgerieactu","https:\/\/x.com\/infoalgerie1"]},{"@type":"Person","@id":"https:\/\/www.info-algerie.com\/actualites\/#\/schema\/person\/847aaec44920825b843a08f30ec6aa1e","name":"La r\u00e9daction","image":{"@type":"ImageObject","inLanguage":"fr-FR","@id":"https:\/\/secure.gravatar.com\/avatar\/769db425c6f465158149f1ffd6cf61ce7a8a879d11dfbef8288af36dfddd418c?s=96&d=mm&r=g","url":"https:\/\/secure.gravatar.com\/avatar\/769db425c6f465158149f1ffd6cf61ce7a8a879d11dfbef8288af36dfddd418c?s=96&d=mm&r=g","contentUrl":"https:\/\/secure.gravatar.com\/avatar\/769db425c6f465158149f1ffd6cf61ce7a8a879d11dfbef8288af36dfddd418c?s=96&d=mm&r=g","caption":"La r\u00e9daction"},"sameAs":["http:\/\/www.lkeria.com\/"],"url":"https:\/\/www.info-algerie.com\/actualites\/author\/chakib32\/"}]}},"_links":{"self":[{"href":"https:\/\/www.info-algerie.com\/actualites\/wp-json\/wp\/v2\/posts\/15061","targetHints":{"allow":["GET"]}}],"collection":[{"href":"https:\/\/www.info-algerie.com\/actualites\/wp-json\/wp\/v2\/posts"}],"about":[{"href":"https:\/\/www.info-algerie.com\/actualites\/wp-json\/wp\/v2\/types\/post"}],"author":[{"embeddable":true,"href":"https:\/\/www.info-algerie.com\/actualites\/wp-json\/wp\/v2\/users\/6"}],"replies":[{"embeddable":true,"href":"https:\/\/www.info-algerie.com\/actualites\/wp-json\/wp\/v2\/comments?post=15061"}],"version-history":[{"count":0,"href":"https:\/\/www.info-algerie.com\/actualites\/wp-json\/wp\/v2\/posts\/15061\/revisions"}],"wp:featuredmedia":[{"embeddable":true,"href":"https:\/\/www.info-algerie.com\/actualites\/wp-json\/wp\/v2\/media\/15062"}],"wp:attachment":[{"href":"https:\/\/www.info-algerie.com\/actualites\/wp-json\/wp\/v2\/media?parent=15061"}],"wp:term":[{"taxonomy":"category","embeddable":true,"href":"https:\/\/www.info-algerie.com\/actualites\/wp-json\/wp\/v2\/categories?post=15061"},{"taxonomy":"post_tag","embeddable":true,"href":"https:\/\/www.info-algerie.com\/actualites\/wp-json\/wp\/v2\/tags?post=15061"}],"curies":[{"name":"wp","href":"https:\/\/api.w.org\/{rel}","templated":true}]}}