{"id":15064,"date":"2017-08-16T09:23:00","date_gmt":"2017-08-16T08:23:00","guid":{"rendered":"http:\/\/www.info-algerie.com\/actualites\/le-conseil-du-cemoc-tient-une-reunion-a-nouakchott-mdn\/"},"modified":"2017-08-16T09:23:00","modified_gmt":"2017-08-16T08:23:00","slug":"le-conseil-du-cemoc-tient-une-reunion-a-nouakchott-mdn","status":"publish","type":"post","link":"https:\/\/www.info-algerie.com\/actualites\/le-conseil-du-cemoc-tient-une-reunion-a-nouakchott-mdn\/","title":{"rendered":"Le Conseil du CEMOC tient une r\u00e9union \u00e0 Nouakchott (MDN)\u00a0"},"content":{"rendered":"<div class=\"K2FeedImage\"><img decoding=\"async\" src=\"https:\/\/www.info-algerie.com\/actualites\/wp-content\/uploads\/2017\/08\/cfd057c6832556b0895753d4614bc673_S.jpg\" alt=\"Le Conseil du CEMOC tient une r&#xE9;union &#xE0; Nouakchott (MDN)&#xA0;\" \/><\/div>\n<div class=\"K2FeedIntroText\">\n<p>ALGER- Une d\u00e9l\u00e9gation de l&rsquo;Etat-major de l&rsquo;Arm\u00e9e nationale populaire (ANP), conduite par le g\u00e9n\u00e9ral-major Zerrad Ch\u00e9rif, chef du D\u00e9partement Emploi-Pr\u00e9paration de l&rsquo;Etat-major de l&rsquo;ANP, en sa qualit\u00e9 de repr\u00e9sentant du g\u00e9n\u00e9ral de Corps d&rsquo;Arm\u00e9e, Ahmed Ga\u00efd Salah, vice-ministre de la D\u00e9fense nationale, chef d&rsquo;Etat-major de l&rsquo;ANP, a pris part mardi \u00e0 Nouakchott, \u00e0 une r\u00e9union du Conseil du Comit\u00e9 d&rsquo;Etat-major op\u00e9rationnel conjoint (CEMOC), indique un communiqu\u00e9 du minist\u00e8re de la\u00a0 D\u00e9fense nationale (MDN).\u00a0\u00a0\u00a0<\/p>\n<p>&#013;\n<\/p><\/div>\n<div class=\"K2FeedFullText\">&#013;<\/p>\n<p>\u00ab\u00a0A l&rsquo;invitation du g\u00e9n\u00e9ral de Division, Mohamed Ould Cheikh Mohamed Ahmed, chef d&rsquo;Etat-major des Arm\u00e9es de la R\u00e9publique Islamique de Mauritanie, pr\u00e9sident en exercice du Conseil des Chefs d&rsquo;Etat-major des pays membres du Comit\u00e9 d&rsquo;Etat-Major Op\u00e9rationnel Conjoint (CEMOC), une r\u00e9union dudit Conseil s&rsquo;est tenue aujourd&rsquo;hui le 15 ao\u00fbt 2017, \u00e0 Nouakchott (Mauritanie) et \u00e0 laquelle a pris part une d\u00e9l\u00e9gation de l&rsquo;Etat-Major de l&rsquo;Arm\u00e9e nationale populaire, conduite par le G\u00e9n\u00e9ral-Major Zerrad Ch\u00e9rif, Chef du D\u00e9partement Emploi-Pr\u00e9paration de l&rsquo;Etat-Major de l&rsquo;Arm\u00e9e nationale populaire, en sa qualit\u00e9 de repr\u00e9sentant de Monsieur le G\u00e9n\u00e9ral de Corps d&rsquo;Arm\u00e9e, Ahmed Ga\u00efd Salah, vice-ministre de la D\u00e9fense nationale, chef\u00a0 d&rsquo;Etat-major de l&rsquo;Arm\u00e9e nationale populaire\u00a0\u00bb, pr\u00e9cise le communiqu\u00e9.<\/p>\n<p>&#013;<\/p>\n<p>Cette r\u00e9union \u00ab\u00a0a \u00e9t\u00e9 mise \u00e0 profit par les responsables militaires de ces pays afin d&rsquo;\u00e9tudier et d&rsquo;\u00e9valuer la situation s\u00e9curitaire dans la sous r\u00e9gion sah\u00e9lo-saharienne, l&rsquo;\u00e9change d&rsquo;analyses et le retour d&rsquo;exp\u00e9riences depuis la derni\u00e8re r\u00e9union du Conseil des Chefs d&rsquo;Etat-major, tenue le 28\u00a0 octobre 2016 \u00e0 Bamako (Mali)\u00a0\u00bb, ajoute la m\u00eame source.\u00a0<\/p>\n<p>&#013;<\/p>\n<p>Dans son intervention, le G\u00e9n\u00e9ral-Major Zerrad Ch\u00e9rif \u00ab\u00a0a insist\u00e9 sur l&rsquo;attachement du Haut Commandement de l&rsquo;Arm\u00e9e nationale populaire \u00e0 pr\u00e9server ce cadre de coop\u00e9ration, le Comit\u00e9 d&rsquo;Etat-Major Op\u00e9rationnel Conjoint, au sein duquel les Chefs d&rsquo;Etat-Major des Arm\u00e9es des pays du\u00a0champ, \u00e9changent librement les analyses et les points de vue sur des sujets touchant au domaine s\u00e9curitaire de notre sous-r\u00e9gion\u00a0\u00bb.<\/p>\n<p>&#013;<\/p>\n<p>Il a conclu en affirmant que \u00ab\u00a0compte tenu du caract\u00e8re transfrontalier du terrorisme, la lutte contre ce fl\u00e9au doit \u00eatre appr\u00e9hend\u00e9e dans le cadre d&rsquo;une coop\u00e9ration franche et sinc\u00e8re entre les pays du champ, bas\u00e9e sur des actions compl\u00e9mentaires visant \u00e0 priver les terroristes de la libert\u00e9 de\u00a0 mouvement, de leurs relais et de leurs r\u00e9seaux de soutien, en comptant en priorit\u00e9 sur les capacit\u00e9s intrins\u00e8ques de r\u00e9silience de chaque Etat avec une entraide mutuelle, car l&rsquo;action d&rsquo;un pays, \u00e0 lui seul, ne peut atteindre l&rsquo;objectif final\u00a0\u00bb, note la m\u00eame source.<\/p>\n<p>&#013;<\/p>\n<p>A l&rsquo;issue des travaux, les Chefs d&rsquo;Etat-Major des pays membres du Comit\u00e9 d&rsquo;Etat-Major Op\u00e9rationnel Conjoint, \u00ab\u00a0ont \u00e9t\u00e9 re\u00e7u en audience par son Excellence Monsieur Mohamed Ould Abdelaziz, Pr\u00e9sident de la R\u00e9publique Islamique de Mauritanie\u00a0\u00bb, conclut le communiqu\u00e9.<\/p>\n<p>&#013;<\/p>\n<p>\u00a0<\/p>\n<p>&#013;<\/p>\n<p>\u00a0<\/p>\n<\/div>\n<p>&#013;<br \/>\nSource: <a href=\"http:\/\/www.aps.dz\/algerie\/61771-le-conseil-du-cemoc-tient-une-reunion-a-nouakchott-mdn\" target=\"_blank\">Le Conseil du CEMOC tient une r\u00e9union \u00e0 Nouakchott (MDN)\u00a0<\/a><\/p>\n<!--CusAds0-->\n<div style=\"font-size: 0px; height: 0px; line-height: 0px; margin: 0; padding: 0; clear: both;\"><\/div>","protected":false},"excerpt":{"rendered":"<p>ALGER- Une d\u00e9l\u00e9gation de l&rsquo;Etat-major de l&rsquo;Arm\u00e9e nationale populaire (ANP), conduite par le g\u00e9n\u00e9ral-major Zerrad Ch\u00e9rif, chef du D\u00e9partement Emploi-Pr\u00e9paration de l&rsquo;Etat-major de l&rsquo;ANP, en sa qualit\u00e9 de repr\u00e9sentant du g\u00e9n\u00e9ral de Corps d&rsquo;Arm\u00e9e, Ahmed Ga\u00efd Salah, vice-ministre de la D\u00e9fense nationale, chef d&rsquo;Etat-major de l&rsquo;ANP, a pris part mardi \u00e0 Nouakchott, \u00e0 une r\u00e9union<\/p>\n","protected":false},"author":6,"featured_media":15065,"comment_status":"open","ping_status":"open","sticky":false,"template":"","format":"standard","meta":{"footnotes":""},"categories":[22],"tags":[93],"class_list":["post-15064","post","type-post","status-publish","format-standard","has-post-thumbnail","hentry","category-infos","tag-onu"],"yoast_head":"<!-- This site is optimized with the Yoast SEO plugin v27.5 - https:\/\/yoast.com\/product\/yoast-seo-wordpress\/ -->\n<title>Le Conseil du CEMOC tient une r\u00e9union \u00e0 Nouakchott (MDN)\u00a0 - info algerie<\/title>\n<meta name=\"robots\" content=\"index, follow, max-snippet:-1, max-image-preview:large, max-video-preview:-1\" \/>\n<link rel=\"canonical\" href=\"https:\/\/www.info-algerie.com\/actualites\/le-conseil-du-cemoc-tient-une-reunion-a-nouakchott-mdn\/\" \/>\n<meta property=\"og:locale\" content=\"fr_FR\" \/>\n<meta property=\"og:type\" content=\"article\" \/>\n<meta property=\"og:title\" content=\"Le Conseil du CEMOC tient une r\u00e9union \u00e0 Nouakchott (MDN)\u00a0 - info algerie\" \/>\n<meta property=\"og:description\" content=\"ALGER- Une d\u00e9l\u00e9gation de l&rsquo;Etat-major de l&rsquo;Arm\u00e9e nationale populaire (ANP), conduite par le g\u00e9n\u00e9ral-major Zerrad Ch\u00e9rif, chef du D\u00e9partement Emploi-Pr\u00e9paration de l&rsquo;Etat-major de l&rsquo;ANP, en sa qualit\u00e9 de repr\u00e9sentant du g\u00e9n\u00e9ral de Corps d&rsquo;Arm\u00e9e, Ahmed Ga\u00efd Salah, vice-ministre de la D\u00e9fense nationale, chef d&rsquo;Etat-major de l&rsquo;ANP, a pris part mardi \u00e0 Nouakchott, \u00e0 une r\u00e9union\" \/>\n<meta property=\"og:url\" content=\"https:\/\/www.info-algerie.com\/actualites\/le-conseil-du-cemoc-tient-une-reunion-a-nouakchott-mdn\/\" \/>\n<meta property=\"og:site_name\" content=\"info algerie\" \/>\n<meta property=\"article:publisher\" content=\"https:\/\/www.facebook.com\/infoalgerieactu\" \/>\n<meta property=\"article:published_time\" content=\"2017-08-16T08:23:00+00:00\" \/>\n<meta property=\"og:image\" content=\"https:\/\/www.info-algerie.com\/actualites\/wp-content\/uploads\/2017\/08\/cfd057c6832556b0895753d4614bc673_S-1.jpg\" \/>\n\t<meta property=\"og:image:width\" content=\"280\" \/>\n\t<meta property=\"og:image:height\" content=\"158\" \/>\n\t<meta property=\"og:image:type\" content=\"image\/jpeg\" \/>\n<meta name=\"author\" content=\"La r\u00e9daction\" \/>\n<meta name=\"twitter:label1\" content=\"\u00c9crit par\" \/>\n\t<meta name=\"twitter:data1\" content=\"La r\u00e9daction\" \/>\n\t<meta name=\"twitter:label2\" content=\"Dur\u00e9e de lecture estim\u00e9e\" \/>\n\t<meta name=\"twitter:data2\" content=\"3 minutes\" \/>\n<script type=\"application\/ld+json\" class=\"yoast-schema-graph\">{\"@context\":\"https:\\\/\\\/schema.org\",\"@graph\":[{\"@type\":\"Article\",\"@id\":\"https:\\\/\\\/www.info-algerie.com\\\/actualites\\\/le-conseil-du-cemoc-tient-une-reunion-a-nouakchott-mdn\\\/#article\",\"isPartOf\":{\"@id\":\"https:\\\/\\\/www.info-algerie.com\\\/actualites\\\/le-conseil-du-cemoc-tient-une-reunion-a-nouakchott-mdn\\\/\"},\"author\":{\"name\":\"La r\u00e9daction\",\"@id\":\"https:\\\/\\\/www.info-algerie.com\\\/actualites\\\/#\\\/schema\\\/person\\\/847aaec44920825b843a08f30ec6aa1e\"},\"headline\":\"Le Conseil du CEMOC tient une r\u00e9union \u00e0 Nouakchott (MDN)\u00a0\",\"datePublished\":\"2017-08-16T08:23:00+00:00\",\"mainEntityOfPage\":{\"@id\":\"https:\\\/\\\/www.info-algerie.com\\\/actualites\\\/le-conseil-du-cemoc-tient-une-reunion-a-nouakchott-mdn\\\/\"},\"wordCount\":549,\"commentCount\":0,\"publisher\":{\"@id\":\"https:\\\/\\\/www.info-algerie.com\\\/actualites\\\/#organization\"},\"image\":{\"@id\":\"https:\\\/\\\/www.info-algerie.com\\\/actualites\\\/le-conseil-du-cemoc-tient-une-reunion-a-nouakchott-mdn\\\/#primaryimage\"},\"thumbnailUrl\":\"https:\\\/\\\/www.info-algerie.com\\\/actualites\\\/wp-content\\\/uploads\\\/2017\\\/08\\\/cfd057c6832556b0895753d4614bc673_S-1.jpg\",\"keywords\":[\"ONU\"],\"articleSection\":[\"infos\"],\"inLanguage\":\"fr-FR\",\"potentialAction\":[{\"@type\":\"CommentAction\",\"name\":\"Comment\",\"target\":[\"https:\\\/\\\/www.info-algerie.com\\\/actualites\\\/le-conseil-du-cemoc-tient-une-reunion-a-nouakchott-mdn\\\/#respond\"]}]},{\"@type\":\"WebPage\",\"@id\":\"https:\\\/\\\/www.info-algerie.com\\\/actualites\\\/le-conseil-du-cemoc-tient-une-reunion-a-nouakchott-mdn\\\/\",\"url\":\"https:\\\/\\\/www.info-algerie.com\\\/actualites\\\/le-conseil-du-cemoc-tient-une-reunion-a-nouakchott-mdn\\\/\",\"name\":\"Le Conseil du CEMOC tient une r\u00e9union \u00e0 Nouakchott (MDN)\u00a0 - info algerie\",\"isPartOf\":{\"@id\":\"https:\\\/\\\/www.info-algerie.com\\\/actualites\\\/#website\"},\"primaryImageOfPage\":{\"@id\":\"https:\\\/\\\/www.info-algerie.com\\\/actualites\\\/le-conseil-du-cemoc-tient-une-reunion-a-nouakchott-mdn\\\/#primaryimage\"},\"image\":{\"@id\":\"https:\\\/\\\/www.info-algerie.com\\\/actualites\\\/le-conseil-du-cemoc-tient-une-reunion-a-nouakchott-mdn\\\/#primaryimage\"},\"thumbnailUrl\":\"https:\\\/\\\/www.info-algerie.com\\\/actualites\\\/wp-content\\\/uploads\\\/2017\\\/08\\\/cfd057c6832556b0895753d4614bc673_S-1.jpg\",\"datePublished\":\"2017-08-16T08:23:00+00:00\",\"breadcrumb\":{\"@id\":\"https:\\\/\\\/www.info-algerie.com\\\/actualites\\\/le-conseil-du-cemoc-tient-une-reunion-a-nouakchott-mdn\\\/#breadcrumb\"},\"inLanguage\":\"fr-FR\",\"potentialAction\":[{\"@type\":\"ReadAction\",\"target\":[\"https:\\\/\\\/www.info-algerie.com\\\/actualites\\\/le-conseil-du-cemoc-tient-une-reunion-a-nouakchott-mdn\\\/\"]}]},{\"@type\":\"ImageObject\",\"inLanguage\":\"fr-FR\",\"@id\":\"https:\\\/\\\/www.info-algerie.com\\\/actualites\\\/le-conseil-du-cemoc-tient-une-reunion-a-nouakchott-mdn\\\/#primaryimage\",\"url\":\"https:\\\/\\\/www.info-algerie.com\\\/actualites\\\/wp-content\\\/uploads\\\/2017\\\/08\\\/cfd057c6832556b0895753d4614bc673_S-1.jpg\",\"contentUrl\":\"https:\\\/\\\/www.info-algerie.com\\\/actualites\\\/wp-content\\\/uploads\\\/2017\\\/08\\\/cfd057c6832556b0895753d4614bc673_S-1.jpg\",\"width\":280,\"height\":158},{\"@type\":\"BreadcrumbList\",\"@id\":\"https:\\\/\\\/www.info-algerie.com\\\/actualites\\\/le-conseil-du-cemoc-tient-une-reunion-a-nouakchott-mdn\\\/#breadcrumb\",\"itemListElement\":[{\"@type\":\"ListItem\",\"position\":1,\"name\":\"Accueil\",\"item\":\"https:\\\/\\\/www.info-algerie.com\\\/actualites\\\/\"},{\"@type\":\"ListItem\",\"position\":2,\"name\":\"Le Conseil du CEMOC tient une r\u00e9union \u00e0 Nouakchott (MDN)\u00a0\"}]},{\"@type\":\"WebSite\",\"@id\":\"https:\\\/\\\/www.info-algerie.com\\\/actualites\\\/#website\",\"url\":\"https:\\\/\\\/www.info-algerie.com\\\/actualites\\\/\",\"name\":\"info algerie\",\"description\":\"Toutes les actualit\u00e9s\",\"publisher\":{\"@id\":\"https:\\\/\\\/www.info-algerie.com\\\/actualites\\\/#organization\"},\"potentialAction\":[{\"@type\":\"SearchAction\",\"target\":{\"@type\":\"EntryPoint\",\"urlTemplate\":\"https:\\\/\\\/www.info-algerie.com\\\/actualites\\\/?s={search_term_string}\"},\"query-input\":{\"@type\":\"PropertyValueSpecification\",\"valueRequired\":true,\"valueName\":\"search_term_string\"}}],\"inLanguage\":\"fr-FR\"},{\"@type\":\"Organization\",\"@id\":\"https:\\\/\\\/www.info-algerie.com\\\/actualites\\\/#organization\",\"name\":\"info algerie\",\"url\":\"https:\\\/\\\/www.info-algerie.com\\\/actualites\\\/\",\"logo\":{\"@type\":\"ImageObject\",\"inLanguage\":\"fr-FR\",\"@id\":\"https:\\\/\\\/www.info-algerie.com\\\/actualites\\\/#\\\/schema\\\/logo\\\/image\\\/\",\"url\":\"https:\\\/\\\/www.info-algerie.com\\\/actualites\\\/wp-content\\\/uploads\\\/2022\\\/07\\\/logo-ia-120.png\",\"contentUrl\":\"https:\\\/\\\/www.info-algerie.com\\\/actualites\\\/wp-content\\\/uploads\\\/2022\\\/07\\\/logo-ia-120.png\",\"width\":120,\"height\":43,\"caption\":\"info algerie\"},\"image\":{\"@id\":\"https:\\\/\\\/www.info-algerie.com\\\/actualites\\\/#\\\/schema\\\/logo\\\/image\\\/\"},\"sameAs\":[\"https:\\\/\\\/www.facebook.com\\\/infoalgerieactu\",\"https:\\\/\\\/x.com\\\/infoalgerie1\"]},{\"@type\":\"Person\",\"@id\":\"https:\\\/\\\/www.info-algerie.com\\\/actualites\\\/#\\\/schema\\\/person\\\/847aaec44920825b843a08f30ec6aa1e\",\"name\":\"La r\u00e9daction\",\"image\":{\"@type\":\"ImageObject\",\"inLanguage\":\"fr-FR\",\"@id\":\"https:\\\/\\\/secure.gravatar.com\\\/avatar\\\/769db425c6f465158149f1ffd6cf61ce7a8a879d11dfbef8288af36dfddd418c?s=96&d=mm&r=g\",\"url\":\"https:\\\/\\\/secure.gravatar.com\\\/avatar\\\/769db425c6f465158149f1ffd6cf61ce7a8a879d11dfbef8288af36dfddd418c?s=96&d=mm&r=g\",\"contentUrl\":\"https:\\\/\\\/secure.gravatar.com\\\/avatar\\\/769db425c6f465158149f1ffd6cf61ce7a8a879d11dfbef8288af36dfddd418c?s=96&d=mm&r=g\",\"caption\":\"La r\u00e9daction\"},\"sameAs\":[\"http:\\\/\\\/www.lkeria.com\\\/\"],\"url\":\"https:\\\/\\\/www.info-algerie.com\\\/actualites\\\/author\\\/chakib32\\\/\"}]}<\/script>\n<!-- \/ Yoast SEO plugin. -->","yoast_head_json":{"title":"Le Conseil du CEMOC tient une r\u00e9union \u00e0 Nouakchott (MDN)\u00a0 - info algerie","robots":{"index":"index","follow":"follow","max-snippet":"max-snippet:-1","max-image-preview":"max-image-preview:large","max-video-preview":"max-video-preview:-1"},"canonical":"https:\/\/www.info-algerie.com\/actualites\/le-conseil-du-cemoc-tient-une-reunion-a-nouakchott-mdn\/","og_locale":"fr_FR","og_type":"article","og_title":"Le Conseil du CEMOC tient une r\u00e9union \u00e0 Nouakchott (MDN)\u00a0 - info algerie","og_description":"ALGER- Une d\u00e9l\u00e9gation de l&rsquo;Etat-major de l&rsquo;Arm\u00e9e nationale populaire (ANP), conduite par le g\u00e9n\u00e9ral-major Zerrad Ch\u00e9rif, chef du D\u00e9partement Emploi-Pr\u00e9paration de l&rsquo;Etat-major de l&rsquo;ANP, en sa qualit\u00e9 de repr\u00e9sentant du g\u00e9n\u00e9ral de Corps d&rsquo;Arm\u00e9e, Ahmed Ga\u00efd Salah, vice-ministre de la D\u00e9fense nationale, chef d&rsquo;Etat-major de l&rsquo;ANP, a pris part mardi \u00e0 Nouakchott, \u00e0 une r\u00e9union","og_url":"https:\/\/www.info-algerie.com\/actualites\/le-conseil-du-cemoc-tient-une-reunion-a-nouakchott-mdn\/","og_site_name":"info algerie","article_publisher":"https:\/\/www.facebook.com\/infoalgerieactu","article_published_time":"2017-08-16T08:23:00+00:00","og_image":[{"width":280,"height":158,"url":"https:\/\/www.info-algerie.com\/actualites\/wp-content\/uploads\/2017\/08\/cfd057c6832556b0895753d4614bc673_S-1.jpg","type":"image\/jpeg"}],"author":"La r\u00e9daction","twitter_misc":{"\u00c9crit par":"La r\u00e9daction","Dur\u00e9e de lecture estim\u00e9e":"3 minutes"},"schema":{"@context":"https:\/\/schema.org","@graph":[{"@type":"Article","@id":"https:\/\/www.info-algerie.com\/actualites\/le-conseil-du-cemoc-tient-une-reunion-a-nouakchott-mdn\/#article","isPartOf":{"@id":"https:\/\/www.info-algerie.com\/actualites\/le-conseil-du-cemoc-tient-une-reunion-a-nouakchott-mdn\/"},"author":{"name":"La r\u00e9daction","@id":"https:\/\/www.info-algerie.com\/actualites\/#\/schema\/person\/847aaec44920825b843a08f30ec6aa1e"},"headline":"Le Conseil du CEMOC tient une r\u00e9union \u00e0 Nouakchott (MDN)\u00a0","datePublished":"2017-08-16T08:23:00+00:00","mainEntityOfPage":{"@id":"https:\/\/www.info-algerie.com\/actualites\/le-conseil-du-cemoc-tient-une-reunion-a-nouakchott-mdn\/"},"wordCount":549,"commentCount":0,"publisher":{"@id":"https:\/\/www.info-algerie.com\/actualites\/#organization"},"image":{"@id":"https:\/\/www.info-algerie.com\/actualites\/le-conseil-du-cemoc-tient-une-reunion-a-nouakchott-mdn\/#primaryimage"},"thumbnailUrl":"https:\/\/www.info-algerie.com\/actualites\/wp-content\/uploads\/2017\/08\/cfd057c6832556b0895753d4614bc673_S-1.jpg","keywords":["ONU"],"articleSection":["infos"],"inLanguage":"fr-FR","potentialAction":[{"@type":"CommentAction","name":"Comment","target":["https:\/\/www.info-algerie.com\/actualites\/le-conseil-du-cemoc-tient-une-reunion-a-nouakchott-mdn\/#respond"]}]},{"@type":"WebPage","@id":"https:\/\/www.info-algerie.com\/actualites\/le-conseil-du-cemoc-tient-une-reunion-a-nouakchott-mdn\/","url":"https:\/\/www.info-algerie.com\/actualites\/le-conseil-du-cemoc-tient-une-reunion-a-nouakchott-mdn\/","name":"Le Conseil du CEMOC tient une r\u00e9union \u00e0 Nouakchott (MDN)\u00a0 - info algerie","isPartOf":{"@id":"https:\/\/www.info-algerie.com\/actualites\/#website"},"primaryImageOfPage":{"@id":"https:\/\/www.info-algerie.com\/actualites\/le-conseil-du-cemoc-tient-une-reunion-a-nouakchott-mdn\/#primaryimage"},"image":{"@id":"https:\/\/www.info-algerie.com\/actualites\/le-conseil-du-cemoc-tient-une-reunion-a-nouakchott-mdn\/#primaryimage"},"thumbnailUrl":"https:\/\/www.info-algerie.com\/actualites\/wp-content\/uploads\/2017\/08\/cfd057c6832556b0895753d4614bc673_S-1.jpg","datePublished":"2017-08-16T08:23:00+00:00","breadcrumb":{"@id":"https:\/\/www.info-algerie.com\/actualites\/le-conseil-du-cemoc-tient-une-reunion-a-nouakchott-mdn\/#breadcrumb"},"inLanguage":"fr-FR","potentialAction":[{"@type":"ReadAction","target":["https:\/\/www.info-algerie.com\/actualites\/le-conseil-du-cemoc-tient-une-reunion-a-nouakchott-mdn\/"]}]},{"@type":"ImageObject","inLanguage":"fr-FR","@id":"https:\/\/www.info-algerie.com\/actualites\/le-conseil-du-cemoc-tient-une-reunion-a-nouakchott-mdn\/#primaryimage","url":"https:\/\/www.info-algerie.com\/actualites\/wp-content\/uploads\/2017\/08\/cfd057c6832556b0895753d4614bc673_S-1.jpg","contentUrl":"https:\/\/www.info-algerie.com\/actualites\/wp-content\/uploads\/2017\/08\/cfd057c6832556b0895753d4614bc673_S-1.jpg","width":280,"height":158},{"@type":"BreadcrumbList","@id":"https:\/\/www.info-algerie.com\/actualites\/le-conseil-du-cemoc-tient-une-reunion-a-nouakchott-mdn\/#breadcrumb","itemListElement":[{"@type":"ListItem","position":1,"name":"Accueil","item":"https:\/\/www.info-algerie.com\/actualites\/"},{"@type":"ListItem","position":2,"name":"Le Conseil du CEMOC tient une r\u00e9union \u00e0 Nouakchott (MDN)\u00a0"}]},{"@type":"WebSite","@id":"https:\/\/www.info-algerie.com\/actualites\/#website","url":"https:\/\/www.info-algerie.com\/actualites\/","name":"info algerie","description":"Toutes les actualit\u00e9s","publisher":{"@id":"https:\/\/www.info-algerie.com\/actualites\/#organization"},"potentialAction":[{"@type":"SearchAction","target":{"@type":"EntryPoint","urlTemplate":"https:\/\/www.info-algerie.com\/actualites\/?s={search_term_string}"},"query-input":{"@type":"PropertyValueSpecification","valueRequired":true,"valueName":"search_term_string"}}],"inLanguage":"fr-FR"},{"@type":"Organization","@id":"https:\/\/www.info-algerie.com\/actualites\/#organization","name":"info algerie","url":"https:\/\/www.info-algerie.com\/actualites\/","logo":{"@type":"ImageObject","inLanguage":"fr-FR","@id":"https:\/\/www.info-algerie.com\/actualites\/#\/schema\/logo\/image\/","url":"https:\/\/www.info-algerie.com\/actualites\/wp-content\/uploads\/2022\/07\/logo-ia-120.png","contentUrl":"https:\/\/www.info-algerie.com\/actualites\/wp-content\/uploads\/2022\/07\/logo-ia-120.png","width":120,"height":43,"caption":"info algerie"},"image":{"@id":"https:\/\/www.info-algerie.com\/actualites\/#\/schema\/logo\/image\/"},"sameAs":["https:\/\/www.facebook.com\/infoalgerieactu","https:\/\/x.com\/infoalgerie1"]},{"@type":"Person","@id":"https:\/\/www.info-algerie.com\/actualites\/#\/schema\/person\/847aaec44920825b843a08f30ec6aa1e","name":"La r\u00e9daction","image":{"@type":"ImageObject","inLanguage":"fr-FR","@id":"https:\/\/secure.gravatar.com\/avatar\/769db425c6f465158149f1ffd6cf61ce7a8a879d11dfbef8288af36dfddd418c?s=96&d=mm&r=g","url":"https:\/\/secure.gravatar.com\/avatar\/769db425c6f465158149f1ffd6cf61ce7a8a879d11dfbef8288af36dfddd418c?s=96&d=mm&r=g","contentUrl":"https:\/\/secure.gravatar.com\/avatar\/769db425c6f465158149f1ffd6cf61ce7a8a879d11dfbef8288af36dfddd418c?s=96&d=mm&r=g","caption":"La r\u00e9daction"},"sameAs":["http:\/\/www.lkeria.com\/"],"url":"https:\/\/www.info-algerie.com\/actualites\/author\/chakib32\/"}]}},"_links":{"self":[{"href":"https:\/\/www.info-algerie.com\/actualites\/wp-json\/wp\/v2\/posts\/15064","targetHints":{"allow":["GET"]}}],"collection":[{"href":"https:\/\/www.info-algerie.com\/actualites\/wp-json\/wp\/v2\/posts"}],"about":[{"href":"https:\/\/www.info-algerie.com\/actualites\/wp-json\/wp\/v2\/types\/post"}],"author":[{"embeddable":true,"href":"https:\/\/www.info-algerie.com\/actualites\/wp-json\/wp\/v2\/users\/6"}],"replies":[{"embeddable":true,"href":"https:\/\/www.info-algerie.com\/actualites\/wp-json\/wp\/v2\/comments?post=15064"}],"version-history":[{"count":0,"href":"https:\/\/www.info-algerie.com\/actualites\/wp-json\/wp\/v2\/posts\/15064\/revisions"}],"wp:featuredmedia":[{"embeddable":true,"href":"https:\/\/www.info-algerie.com\/actualites\/wp-json\/wp\/v2\/media\/15065"}],"wp:attachment":[{"href":"https:\/\/www.info-algerie.com\/actualites\/wp-json\/wp\/v2\/media?parent=15064"}],"wp:term":[{"taxonomy":"category","embeddable":true,"href":"https:\/\/www.info-algerie.com\/actualites\/wp-json\/wp\/v2\/categories?post=15064"},{"taxonomy":"post_tag","embeddable":true,"href":"https:\/\/www.info-algerie.com\/actualites\/wp-json\/wp\/v2\/tags?post=15064"}],"curies":[{"name":"wp","href":"https:\/\/api.w.org\/{rel}","templated":true}]}}