{"id":15075,"date":"2017-08-16T14:16:44","date_gmt":"2017-08-16T13:16:44","guid":{"rendered":"http:\/\/www.info-algerie.com\/actualites\/jespere-etre-a-la-hauteur-de-la-confiance-accordee-par-le-president-bouteflika-pour-lapplication-de-son-programme\/"},"modified":"2017-08-16T14:16:44","modified_gmt":"2017-08-16T13:16:44","slug":"jespere-etre-a-la-hauteur-de-la-confiance-accordee-par-le-president-bouteflika-pour-lapplication-de-son-programme","status":"publish","type":"post","link":"https:\/\/www.info-algerie.com\/actualites\/jespere-etre-a-la-hauteur-de-la-confiance-accordee-par-le-president-bouteflika-pour-lapplication-de-son-programme\/","title":{"rendered":"J&#039;esp\u00e8re \u00eatre \u00e0 la hauteur de la confiance accord\u00e9e par le pr\u00e9sident Bouteflika pour l&#039;application de son programme"},"content":{"rendered":"<div class=\"K2FeedImage\"><img decoding=\"async\" src=\"https:\/\/www.info-algerie.com\/actualites\/wp-content\/uploads\/2017\/08\/cb682cc86b431bbf5216e579410be55b_S.jpg\" alt=\"J'esp&#xE8;re &#xEA;tre &#xE0; la hauteur de la confiance accord&#xE9;e par le pr&#xE9;sident Bouteflika pour l'application de son programme\" \/><\/div>\n<div class=\"K2FeedIntroText\">\n<p>ALGER &#8211; Le Premier ministre, <strong><a href=\"http:\/\/www.aps.dz\/algerie\/61760-ahmed-ouyahia-un-riche-parcours-au-service-de-l-etat\">Ahmed Ouyahia<\/a><\/strong>, a affirm\u00e9 mercredi \u00e0 Alger qu&rsquo;il esp\u00e9rait \u00eatre \u00e0 la hauteur de la confiance plac\u00e9e en lui par le pr\u00e9sident de la R\u00e9publique, Abdelaziz Bouteflika qui l&rsquo;a nomm\u00e9 au poste de Premier ministre en remplacement de Abdelmadjid Tebboune, et poursuivre ainsi l&rsquo;application de son programme.<\/p>\n<p>&#013;\n<\/p><\/div>\n<div class=\"K2FeedFullText\">&#013;<\/p>\n<p>\u00ab\u00a0Je remercie le pr\u00e9sident de la R\u00e9publique, Abdelaziz Bouteflika, pour la confiance qu&rsquo;il a plac\u00e9e en ma personne et lui r\u00e9affirme mon soutien et ma volont\u00e9 de poursuivre la mise en \u0153uvre du programme qu&rsquo;il a lanc\u00e9 en 2014\u00a0\u00bb, a d\u00e9clar\u00e9 M. Ouyahia \u00e0 l&rsquo;issue de la <strong><a href=\"http:\/\/www.aps.dz\/algerie\/61781-ouyahia-prend-ses-nouvelles-fonctions-de-premier-ministre\">c\u00e9r\u00e9monie de passation de pouvoirs avec son pr\u00e9d\u00e9cesseur Abdelmadjid Tebboune<\/a><\/strong>.<\/p>\n<p>&#013;<\/p>\n<blockquote>\n<hr \/>\n<p>\u00ab\u00a0J&rsquo;esp\u00e8re \u00eatre \u00e0 la hauteur de cette mission et de la confiance que m&rsquo;a accord\u00e9e le pr\u00e9sident de la R\u00e9publique, pour servir le peuple alg\u00e9rien\u00a0\u00bb, a soulign\u00e9 M. Ouyahia qui a remerci\u00e9 M. Tebboune pour \u00ab\u00a0les efforts consentis dans le cadre de sa mission\u00a0\u00bb.<\/p>\n<p>&#013;<\/p>\n<hr \/>\n<\/blockquote>\n<p>&#013;<\/p>\n<p>De son c\u00f4t\u00e9, M. Tebboune s&rsquo;est f\u00e9licit\u00e9 de la d\u00e9signation de M. Ouyahia par le pr\u00e9sident de la R\u00e9publique pour occuper le poste de Premier ministre, estimant que \u00ab\u00a0cette confiance est m\u00e9rit\u00e9e vu l&rsquo;exp\u00e9rience de Ouyahia en mati\u00e8re de gouvernance dans les conjonctures les plus difficiles\u00a0\u00bb.<\/p>\n<p>&#013;<\/p>\n<p>Tout en remerciant le pr\u00e9sident de la R\u00e9publique pour la confiance plac\u00e9e en lui et qui l&rsquo;avait conduit \u00ab\u00a0\u00e0 la t\u00eate du gouvernement\u00a0\u00bb, M. Tebboune a r\u00e9it\u00e9r\u00e9 \u00ab\u00a0son soutien ind\u00e9fectible\u00a0\u00bb au Pr\u00e9sident Bouteflika et l&rsquo;a assur\u00e9 de toute son estime et sa consid\u00e9ration.<\/p>\n<p>&#013;<\/p>\n<p class=\"MsoNormal\"><strong><a href=\"http:\/\/www.aps.dz\/algerie\/61750-le-president-bouteflika-met-fin-aux-fonctions-du-premier-ministre-abdelmadjid-tebboune-et-nomme-ahmed-ouyahia-a-sa-place\">Le Pr\u00e9sident de la R\u00e9publique, rappelle-t-on, a mis fin mardi aux fonctions du Premier ministre Abdelmadjid Tebboune et a nomm\u00e9 Ahmed Ouyahia \u00e0 ce poste<\/a><\/strong>, en application de l&rsquo;article 91, alin\u00e9a 5 de la constitution et apr\u00e8s consultation de la majorit\u00e9 parlementaire.<\/p>\n<\/div>\n<p>&#013;<br \/>\nSource: <a href=\"http:\/\/www.aps.dz\/algerie\/61784-j-espere-etre-a-la-hauteur-de-la-confiance-accordee-par-le-president-bouteflika-pour-l-application-de-son-programme\" target=\"_blank\">J&rsquo;esp\u00e8re \u00eatre \u00e0 la hauteur de la confiance accord\u00e9e par le pr\u00e9sident Bouteflika pour l&rsquo;application de son programme<\/a><\/p>\n<!--CusAds0-->\n<div style=\"font-size: 0px; height: 0px; line-height: 0px; margin: 0; padding: 0; clear: both;\"><\/div>","protected":false},"excerpt":{"rendered":"<p>ALGER &#8211; Le Premier ministre, Ahmed Ouyahia, a affirm\u00e9 mercredi \u00e0 Alger qu&rsquo;il esp\u00e9rait \u00eatre \u00e0 la hauteur de la confiance plac\u00e9e en lui par le pr\u00e9sident de la R\u00e9publique, Abdelaziz Bouteflika qui l&rsquo;a nomm\u00e9 au poste de Premier ministre en remplacement de Abdelmadjid Tebboune, et poursuivre ainsi l&rsquo;application de son programme. &#013; &#013; \u00ab\u00a0Je<\/p>\n","protected":false},"author":6,"featured_media":15076,"comment_status":"open","ping_status":"open","sticky":false,"template":"","format":"standard","meta":{"footnotes":""},"categories":[22],"tags":[93],"class_list":["post-15075","post","type-post","status-publish","format-standard","has-post-thumbnail","hentry","category-infos","tag-onu"],"yoast_head":"<!-- This site is optimized with the Yoast SEO plugin v27.5 - https:\/\/yoast.com\/product\/yoast-seo-wordpress\/ -->\n<title>J&#039;esp\u00e8re \u00eatre \u00e0 la hauteur de la confiance accord\u00e9e par le pr\u00e9sident Bouteflika pour l&#039;application de son programme - info algerie<\/title>\n<meta name=\"robots\" content=\"index, follow, max-snippet:-1, max-image-preview:large, max-video-preview:-1\" \/>\n<link rel=\"canonical\" href=\"https:\/\/www.info-algerie.com\/actualites\/jespere-etre-a-la-hauteur-de-la-confiance-accordee-par-le-president-bouteflika-pour-lapplication-de-son-programme\/\" \/>\n<meta property=\"og:locale\" content=\"fr_FR\" \/>\n<meta property=\"og:type\" content=\"article\" \/>\n<meta property=\"og:title\" content=\"J&#039;esp\u00e8re \u00eatre \u00e0 la hauteur de la confiance accord\u00e9e par le pr\u00e9sident Bouteflika pour l&#039;application de son programme - info algerie\" \/>\n<meta property=\"og:description\" content=\"ALGER &#8211; Le Premier ministre, Ahmed Ouyahia, a affirm\u00e9 mercredi \u00e0 Alger qu&rsquo;il esp\u00e9rait \u00eatre \u00e0 la hauteur de la confiance plac\u00e9e en lui par le pr\u00e9sident de la R\u00e9publique, Abdelaziz Bouteflika qui l&rsquo;a nomm\u00e9 au poste de Premier ministre en remplacement de Abdelmadjid Tebboune, et poursuivre ainsi l&rsquo;application de son programme. &#013; &#013; \u00ab\u00a0Je\" \/>\n<meta property=\"og:url\" content=\"https:\/\/www.info-algerie.com\/actualites\/jespere-etre-a-la-hauteur-de-la-confiance-accordee-par-le-president-bouteflika-pour-lapplication-de-son-programme\/\" \/>\n<meta property=\"og:site_name\" content=\"info algerie\" \/>\n<meta property=\"article:publisher\" content=\"https:\/\/www.facebook.com\/infoalgerieactu\" \/>\n<meta property=\"article:published_time\" content=\"2017-08-16T13:16:44+00:00\" \/>\n<meta property=\"og:image\" content=\"https:\/\/www.info-algerie.com\/actualites\/wp-content\/uploads\/2017\/08\/cb682cc86b431bbf5216e579410be55b_S-1.jpg\" \/>\n\t<meta property=\"og:image:width\" content=\"280\" \/>\n\t<meta property=\"og:image:height\" content=\"169\" \/>\n\t<meta property=\"og:image:type\" content=\"image\/jpeg\" \/>\n<meta name=\"author\" content=\"La r\u00e9daction\" \/>\n<meta name=\"twitter:label1\" content=\"\u00c9crit par\" \/>\n\t<meta name=\"twitter:data1\" content=\"La r\u00e9daction\" \/>\n\t<meta name=\"twitter:label2\" content=\"Dur\u00e9e de lecture estim\u00e9e\" \/>\n\t<meta name=\"twitter:data2\" content=\"2 minutes\" \/>\n<script type=\"application\/ld+json\" class=\"yoast-schema-graph\">{\"@context\":\"https:\\\/\\\/schema.org\",\"@graph\":[{\"@type\":\"Article\",\"@id\":\"https:\\\/\\\/www.info-algerie.com\\\/actualites\\\/jespere-etre-a-la-hauteur-de-la-confiance-accordee-par-le-president-bouteflika-pour-lapplication-de-son-programme\\\/#article\",\"isPartOf\":{\"@id\":\"https:\\\/\\\/www.info-algerie.com\\\/actualites\\\/jespere-etre-a-la-hauteur-de-la-confiance-accordee-par-le-president-bouteflika-pour-lapplication-de-son-programme\\\/\"},\"author\":{\"name\":\"La r\u00e9daction\",\"@id\":\"https:\\\/\\\/www.info-algerie.com\\\/actualites\\\/#\\\/schema\\\/person\\\/847aaec44920825b843a08f30ec6aa1e\"},\"headline\":\"J&#039;esp\u00e8re \u00eatre \u00e0 la hauteur de la confiance accord\u00e9e par le pr\u00e9sident Bouteflika pour l&#039;application de son programme\",\"datePublished\":\"2017-08-16T13:16:44+00:00\",\"mainEntityOfPage\":{\"@id\":\"https:\\\/\\\/www.info-algerie.com\\\/actualites\\\/jespere-etre-a-la-hauteur-de-la-confiance-accordee-par-le-president-bouteflika-pour-lapplication-de-son-programme\\\/\"},\"wordCount\":373,\"commentCount\":0,\"publisher\":{\"@id\":\"https:\\\/\\\/www.info-algerie.com\\\/actualites\\\/#organization\"},\"image\":{\"@id\":\"https:\\\/\\\/www.info-algerie.com\\\/actualites\\\/jespere-etre-a-la-hauteur-de-la-confiance-accordee-par-le-president-bouteflika-pour-lapplication-de-son-programme\\\/#primaryimage\"},\"thumbnailUrl\":\"https:\\\/\\\/www.info-algerie.com\\\/actualites\\\/wp-content\\\/uploads\\\/2017\\\/08\\\/cb682cc86b431bbf5216e579410be55b_S-1.jpg\",\"keywords\":[\"ONU\"],\"articleSection\":[\"infos\"],\"inLanguage\":\"fr-FR\",\"potentialAction\":[{\"@type\":\"CommentAction\",\"name\":\"Comment\",\"target\":[\"https:\\\/\\\/www.info-algerie.com\\\/actualites\\\/jespere-etre-a-la-hauteur-de-la-confiance-accordee-par-le-president-bouteflika-pour-lapplication-de-son-programme\\\/#respond\"]}]},{\"@type\":\"WebPage\",\"@id\":\"https:\\\/\\\/www.info-algerie.com\\\/actualites\\\/jespere-etre-a-la-hauteur-de-la-confiance-accordee-par-le-president-bouteflika-pour-lapplication-de-son-programme\\\/\",\"url\":\"https:\\\/\\\/www.info-algerie.com\\\/actualites\\\/jespere-etre-a-la-hauteur-de-la-confiance-accordee-par-le-president-bouteflika-pour-lapplication-de-son-programme\\\/\",\"name\":\"J&#039;esp\u00e8re \u00eatre \u00e0 la hauteur de la confiance accord\u00e9e par le pr\u00e9sident Bouteflika pour l&#039;application de son programme - info algerie\",\"isPartOf\":{\"@id\":\"https:\\\/\\\/www.info-algerie.com\\\/actualites\\\/#website\"},\"primaryImageOfPage\":{\"@id\":\"https:\\\/\\\/www.info-algerie.com\\\/actualites\\\/jespere-etre-a-la-hauteur-de-la-confiance-accordee-par-le-president-bouteflika-pour-lapplication-de-son-programme\\\/#primaryimage\"},\"image\":{\"@id\":\"https:\\\/\\\/www.info-algerie.com\\\/actualites\\\/jespere-etre-a-la-hauteur-de-la-confiance-accordee-par-le-president-bouteflika-pour-lapplication-de-son-programme\\\/#primaryimage\"},\"thumbnailUrl\":\"https:\\\/\\\/www.info-algerie.com\\\/actualites\\\/wp-content\\\/uploads\\\/2017\\\/08\\\/cb682cc86b431bbf5216e579410be55b_S-1.jpg\",\"datePublished\":\"2017-08-16T13:16:44+00:00\",\"breadcrumb\":{\"@id\":\"https:\\\/\\\/www.info-algerie.com\\\/actualites\\\/jespere-etre-a-la-hauteur-de-la-confiance-accordee-par-le-president-bouteflika-pour-lapplication-de-son-programme\\\/#breadcrumb\"},\"inLanguage\":\"fr-FR\",\"potentialAction\":[{\"@type\":\"ReadAction\",\"target\":[\"https:\\\/\\\/www.info-algerie.com\\\/actualites\\\/jespere-etre-a-la-hauteur-de-la-confiance-accordee-par-le-president-bouteflika-pour-lapplication-de-son-programme\\\/\"]}]},{\"@type\":\"ImageObject\",\"inLanguage\":\"fr-FR\",\"@id\":\"https:\\\/\\\/www.info-algerie.com\\\/actualites\\\/jespere-etre-a-la-hauteur-de-la-confiance-accordee-par-le-president-bouteflika-pour-lapplication-de-son-programme\\\/#primaryimage\",\"url\":\"https:\\\/\\\/www.info-algerie.com\\\/actualites\\\/wp-content\\\/uploads\\\/2017\\\/08\\\/cb682cc86b431bbf5216e579410be55b_S-1.jpg\",\"contentUrl\":\"https:\\\/\\\/www.info-algerie.com\\\/actualites\\\/wp-content\\\/uploads\\\/2017\\\/08\\\/cb682cc86b431bbf5216e579410be55b_S-1.jpg\",\"width\":280,\"height\":169},{\"@type\":\"BreadcrumbList\",\"@id\":\"https:\\\/\\\/www.info-algerie.com\\\/actualites\\\/jespere-etre-a-la-hauteur-de-la-confiance-accordee-par-le-president-bouteflika-pour-lapplication-de-son-programme\\\/#breadcrumb\",\"itemListElement\":[{\"@type\":\"ListItem\",\"position\":1,\"name\":\"Accueil\",\"item\":\"https:\\\/\\\/www.info-algerie.com\\\/actualites\\\/\"},{\"@type\":\"ListItem\",\"position\":2,\"name\":\"J&#039;esp\u00e8re \u00eatre \u00e0 la hauteur de la confiance accord\u00e9e par le pr\u00e9sident Bouteflika pour l&#039;application de son programme\"}]},{\"@type\":\"WebSite\",\"@id\":\"https:\\\/\\\/www.info-algerie.com\\\/actualites\\\/#website\",\"url\":\"https:\\\/\\\/www.info-algerie.com\\\/actualites\\\/\",\"name\":\"info algerie\",\"description\":\"Toutes les actualit\u00e9s\",\"publisher\":{\"@id\":\"https:\\\/\\\/www.info-algerie.com\\\/actualites\\\/#organization\"},\"potentialAction\":[{\"@type\":\"SearchAction\",\"target\":{\"@type\":\"EntryPoint\",\"urlTemplate\":\"https:\\\/\\\/www.info-algerie.com\\\/actualites\\\/?s={search_term_string}\"},\"query-input\":{\"@type\":\"PropertyValueSpecification\",\"valueRequired\":true,\"valueName\":\"search_term_string\"}}],\"inLanguage\":\"fr-FR\"},{\"@type\":\"Organization\",\"@id\":\"https:\\\/\\\/www.info-algerie.com\\\/actualites\\\/#organization\",\"name\":\"info algerie\",\"url\":\"https:\\\/\\\/www.info-algerie.com\\\/actualites\\\/\",\"logo\":{\"@type\":\"ImageObject\",\"inLanguage\":\"fr-FR\",\"@id\":\"https:\\\/\\\/www.info-algerie.com\\\/actualites\\\/#\\\/schema\\\/logo\\\/image\\\/\",\"url\":\"https:\\\/\\\/www.info-algerie.com\\\/actualites\\\/wp-content\\\/uploads\\\/2022\\\/07\\\/logo-ia-120.png\",\"contentUrl\":\"https:\\\/\\\/www.info-algerie.com\\\/actualites\\\/wp-content\\\/uploads\\\/2022\\\/07\\\/logo-ia-120.png\",\"width\":120,\"height\":43,\"caption\":\"info algerie\"},\"image\":{\"@id\":\"https:\\\/\\\/www.info-algerie.com\\\/actualites\\\/#\\\/schema\\\/logo\\\/image\\\/\"},\"sameAs\":[\"https:\\\/\\\/www.facebook.com\\\/infoalgerieactu\",\"https:\\\/\\\/x.com\\\/infoalgerie1\"]},{\"@type\":\"Person\",\"@id\":\"https:\\\/\\\/www.info-algerie.com\\\/actualites\\\/#\\\/schema\\\/person\\\/847aaec44920825b843a08f30ec6aa1e\",\"name\":\"La r\u00e9daction\",\"image\":{\"@type\":\"ImageObject\",\"inLanguage\":\"fr-FR\",\"@id\":\"https:\\\/\\\/secure.gravatar.com\\\/avatar\\\/769db425c6f465158149f1ffd6cf61ce7a8a879d11dfbef8288af36dfddd418c?s=96&d=mm&r=g\",\"url\":\"https:\\\/\\\/secure.gravatar.com\\\/avatar\\\/769db425c6f465158149f1ffd6cf61ce7a8a879d11dfbef8288af36dfddd418c?s=96&d=mm&r=g\",\"contentUrl\":\"https:\\\/\\\/secure.gravatar.com\\\/avatar\\\/769db425c6f465158149f1ffd6cf61ce7a8a879d11dfbef8288af36dfddd418c?s=96&d=mm&r=g\",\"caption\":\"La r\u00e9daction\"},\"sameAs\":[\"http:\\\/\\\/www.lkeria.com\\\/\"],\"url\":\"https:\\\/\\\/www.info-algerie.com\\\/actualites\\\/author\\\/chakib32\\\/\"}]}<\/script>\n<!-- \/ Yoast SEO plugin. -->","yoast_head_json":{"title":"J&#039;esp\u00e8re \u00eatre \u00e0 la hauteur de la confiance accord\u00e9e par le pr\u00e9sident Bouteflika pour l&#039;application de son programme - info algerie","robots":{"index":"index","follow":"follow","max-snippet":"max-snippet:-1","max-image-preview":"max-image-preview:large","max-video-preview":"max-video-preview:-1"},"canonical":"https:\/\/www.info-algerie.com\/actualites\/jespere-etre-a-la-hauteur-de-la-confiance-accordee-par-le-president-bouteflika-pour-lapplication-de-son-programme\/","og_locale":"fr_FR","og_type":"article","og_title":"J&#039;esp\u00e8re \u00eatre \u00e0 la hauteur de la confiance accord\u00e9e par le pr\u00e9sident Bouteflika pour l&#039;application de son programme - info algerie","og_description":"ALGER &#8211; Le Premier ministre, Ahmed Ouyahia, a affirm\u00e9 mercredi \u00e0 Alger qu&rsquo;il esp\u00e9rait \u00eatre \u00e0 la hauteur de la confiance plac\u00e9e en lui par le pr\u00e9sident de la R\u00e9publique, Abdelaziz Bouteflika qui l&rsquo;a nomm\u00e9 au poste de Premier ministre en remplacement de Abdelmadjid Tebboune, et poursuivre ainsi l&rsquo;application de son programme. &#013; &#013; \u00ab\u00a0Je","og_url":"https:\/\/www.info-algerie.com\/actualites\/jespere-etre-a-la-hauteur-de-la-confiance-accordee-par-le-president-bouteflika-pour-lapplication-de-son-programme\/","og_site_name":"info algerie","article_publisher":"https:\/\/www.facebook.com\/infoalgerieactu","article_published_time":"2017-08-16T13:16:44+00:00","og_image":[{"width":280,"height":169,"url":"https:\/\/www.info-algerie.com\/actualites\/wp-content\/uploads\/2017\/08\/cb682cc86b431bbf5216e579410be55b_S-1.jpg","type":"image\/jpeg"}],"author":"La r\u00e9daction","twitter_misc":{"\u00c9crit par":"La r\u00e9daction","Dur\u00e9e de lecture estim\u00e9e":"2 minutes"},"schema":{"@context":"https:\/\/schema.org","@graph":[{"@type":"Article","@id":"https:\/\/www.info-algerie.com\/actualites\/jespere-etre-a-la-hauteur-de-la-confiance-accordee-par-le-president-bouteflika-pour-lapplication-de-son-programme\/#article","isPartOf":{"@id":"https:\/\/www.info-algerie.com\/actualites\/jespere-etre-a-la-hauteur-de-la-confiance-accordee-par-le-president-bouteflika-pour-lapplication-de-son-programme\/"},"author":{"name":"La r\u00e9daction","@id":"https:\/\/www.info-algerie.com\/actualites\/#\/schema\/person\/847aaec44920825b843a08f30ec6aa1e"},"headline":"J&#039;esp\u00e8re \u00eatre \u00e0 la hauteur de la confiance accord\u00e9e par le pr\u00e9sident Bouteflika pour l&#039;application de son programme","datePublished":"2017-08-16T13:16:44+00:00","mainEntityOfPage":{"@id":"https:\/\/www.info-algerie.com\/actualites\/jespere-etre-a-la-hauteur-de-la-confiance-accordee-par-le-president-bouteflika-pour-lapplication-de-son-programme\/"},"wordCount":373,"commentCount":0,"publisher":{"@id":"https:\/\/www.info-algerie.com\/actualites\/#organization"},"image":{"@id":"https:\/\/www.info-algerie.com\/actualites\/jespere-etre-a-la-hauteur-de-la-confiance-accordee-par-le-president-bouteflika-pour-lapplication-de-son-programme\/#primaryimage"},"thumbnailUrl":"https:\/\/www.info-algerie.com\/actualites\/wp-content\/uploads\/2017\/08\/cb682cc86b431bbf5216e579410be55b_S-1.jpg","keywords":["ONU"],"articleSection":["infos"],"inLanguage":"fr-FR","potentialAction":[{"@type":"CommentAction","name":"Comment","target":["https:\/\/www.info-algerie.com\/actualites\/jespere-etre-a-la-hauteur-de-la-confiance-accordee-par-le-president-bouteflika-pour-lapplication-de-son-programme\/#respond"]}]},{"@type":"WebPage","@id":"https:\/\/www.info-algerie.com\/actualites\/jespere-etre-a-la-hauteur-de-la-confiance-accordee-par-le-president-bouteflika-pour-lapplication-de-son-programme\/","url":"https:\/\/www.info-algerie.com\/actualites\/jespere-etre-a-la-hauteur-de-la-confiance-accordee-par-le-president-bouteflika-pour-lapplication-de-son-programme\/","name":"J&#039;esp\u00e8re \u00eatre \u00e0 la hauteur de la confiance accord\u00e9e par le pr\u00e9sident Bouteflika pour l&#039;application de son programme - info algerie","isPartOf":{"@id":"https:\/\/www.info-algerie.com\/actualites\/#website"},"primaryImageOfPage":{"@id":"https:\/\/www.info-algerie.com\/actualites\/jespere-etre-a-la-hauteur-de-la-confiance-accordee-par-le-president-bouteflika-pour-lapplication-de-son-programme\/#primaryimage"},"image":{"@id":"https:\/\/www.info-algerie.com\/actualites\/jespere-etre-a-la-hauteur-de-la-confiance-accordee-par-le-president-bouteflika-pour-lapplication-de-son-programme\/#primaryimage"},"thumbnailUrl":"https:\/\/www.info-algerie.com\/actualites\/wp-content\/uploads\/2017\/08\/cb682cc86b431bbf5216e579410be55b_S-1.jpg","datePublished":"2017-08-16T13:16:44+00:00","breadcrumb":{"@id":"https:\/\/www.info-algerie.com\/actualites\/jespere-etre-a-la-hauteur-de-la-confiance-accordee-par-le-president-bouteflika-pour-lapplication-de-son-programme\/#breadcrumb"},"inLanguage":"fr-FR","potentialAction":[{"@type":"ReadAction","target":["https:\/\/www.info-algerie.com\/actualites\/jespere-etre-a-la-hauteur-de-la-confiance-accordee-par-le-president-bouteflika-pour-lapplication-de-son-programme\/"]}]},{"@type":"ImageObject","inLanguage":"fr-FR","@id":"https:\/\/www.info-algerie.com\/actualites\/jespere-etre-a-la-hauteur-de-la-confiance-accordee-par-le-president-bouteflika-pour-lapplication-de-son-programme\/#primaryimage","url":"https:\/\/www.info-algerie.com\/actualites\/wp-content\/uploads\/2017\/08\/cb682cc86b431bbf5216e579410be55b_S-1.jpg","contentUrl":"https:\/\/www.info-algerie.com\/actualites\/wp-content\/uploads\/2017\/08\/cb682cc86b431bbf5216e579410be55b_S-1.jpg","width":280,"height":169},{"@type":"BreadcrumbList","@id":"https:\/\/www.info-algerie.com\/actualites\/jespere-etre-a-la-hauteur-de-la-confiance-accordee-par-le-president-bouteflika-pour-lapplication-de-son-programme\/#breadcrumb","itemListElement":[{"@type":"ListItem","position":1,"name":"Accueil","item":"https:\/\/www.info-algerie.com\/actualites\/"},{"@type":"ListItem","position":2,"name":"J&#039;esp\u00e8re \u00eatre \u00e0 la hauteur de la confiance accord\u00e9e par le pr\u00e9sident Bouteflika pour l&#039;application de son programme"}]},{"@type":"WebSite","@id":"https:\/\/www.info-algerie.com\/actualites\/#website","url":"https:\/\/www.info-algerie.com\/actualites\/","name":"info algerie","description":"Toutes les actualit\u00e9s","publisher":{"@id":"https:\/\/www.info-algerie.com\/actualites\/#organization"},"potentialAction":[{"@type":"SearchAction","target":{"@type":"EntryPoint","urlTemplate":"https:\/\/www.info-algerie.com\/actualites\/?s={search_term_string}"},"query-input":{"@type":"PropertyValueSpecification","valueRequired":true,"valueName":"search_term_string"}}],"inLanguage":"fr-FR"},{"@type":"Organization","@id":"https:\/\/www.info-algerie.com\/actualites\/#organization","name":"info algerie","url":"https:\/\/www.info-algerie.com\/actualites\/","logo":{"@type":"ImageObject","inLanguage":"fr-FR","@id":"https:\/\/www.info-algerie.com\/actualites\/#\/schema\/logo\/image\/","url":"https:\/\/www.info-algerie.com\/actualites\/wp-content\/uploads\/2022\/07\/logo-ia-120.png","contentUrl":"https:\/\/www.info-algerie.com\/actualites\/wp-content\/uploads\/2022\/07\/logo-ia-120.png","width":120,"height":43,"caption":"info algerie"},"image":{"@id":"https:\/\/www.info-algerie.com\/actualites\/#\/schema\/logo\/image\/"},"sameAs":["https:\/\/www.facebook.com\/infoalgerieactu","https:\/\/x.com\/infoalgerie1"]},{"@type":"Person","@id":"https:\/\/www.info-algerie.com\/actualites\/#\/schema\/person\/847aaec44920825b843a08f30ec6aa1e","name":"La r\u00e9daction","image":{"@type":"ImageObject","inLanguage":"fr-FR","@id":"https:\/\/secure.gravatar.com\/avatar\/769db425c6f465158149f1ffd6cf61ce7a8a879d11dfbef8288af36dfddd418c?s=96&d=mm&r=g","url":"https:\/\/secure.gravatar.com\/avatar\/769db425c6f465158149f1ffd6cf61ce7a8a879d11dfbef8288af36dfddd418c?s=96&d=mm&r=g","contentUrl":"https:\/\/secure.gravatar.com\/avatar\/769db425c6f465158149f1ffd6cf61ce7a8a879d11dfbef8288af36dfddd418c?s=96&d=mm&r=g","caption":"La r\u00e9daction"},"sameAs":["http:\/\/www.lkeria.com\/"],"url":"https:\/\/www.info-algerie.com\/actualites\/author\/chakib32\/"}]}},"_links":{"self":[{"href":"https:\/\/www.info-algerie.com\/actualites\/wp-json\/wp\/v2\/posts\/15075","targetHints":{"allow":["GET"]}}],"collection":[{"href":"https:\/\/www.info-algerie.com\/actualites\/wp-json\/wp\/v2\/posts"}],"about":[{"href":"https:\/\/www.info-algerie.com\/actualites\/wp-json\/wp\/v2\/types\/post"}],"author":[{"embeddable":true,"href":"https:\/\/www.info-algerie.com\/actualites\/wp-json\/wp\/v2\/users\/6"}],"replies":[{"embeddable":true,"href":"https:\/\/www.info-algerie.com\/actualites\/wp-json\/wp\/v2\/comments?post=15075"}],"version-history":[{"count":0,"href":"https:\/\/www.info-algerie.com\/actualites\/wp-json\/wp\/v2\/posts\/15075\/revisions"}],"wp:featuredmedia":[{"embeddable":true,"href":"https:\/\/www.info-algerie.com\/actualites\/wp-json\/wp\/v2\/media\/15076"}],"wp:attachment":[{"href":"https:\/\/www.info-algerie.com\/actualites\/wp-json\/wp\/v2\/media?parent=15075"}],"wp:term":[{"taxonomy":"category","embeddable":true,"href":"https:\/\/www.info-algerie.com\/actualites\/wp-json\/wp\/v2\/categories?post=15075"},{"taxonomy":"post_tag","embeddable":true,"href":"https:\/\/www.info-algerie.com\/actualites\/wp-json\/wp\/v2\/tags?post=15075"}],"curies":[{"name":"wp","href":"https:\/\/api.w.org\/{rel}","templated":true}]}}