{"id":15083,"date":"2017-08-16T17:58:37","date_gmt":"2017-08-16T16:58:37","guid":{"rendered":"http:\/\/www.info-algerie.com\/actualites\/lalgerie-condamne-les-deux-attaques-terroristes-contre-la-minusma-au-mali-mae\/"},"modified":"2017-08-16T17:58:37","modified_gmt":"2017-08-16T16:58:37","slug":"lalgerie-condamne-les-deux-attaques-terroristes-contre-la-minusma-au-mali-mae","status":"publish","type":"post","link":"https:\/\/www.info-algerie.com\/actualites\/lalgerie-condamne-les-deux-attaques-terroristes-contre-la-minusma-au-mali-mae\/","title":{"rendered":"L&#039;Alg\u00e9rie condamne les deux attaques terroristes contre la Minusma au Mali (MAE)"},"content":{"rendered":"<div class=\"K2FeedImage\"><img decoding=\"async\" src=\"https:\/\/www.info-algerie.com\/actualites\/wp-content\/uploads\/2017\/08\/6673c8cf7493c205a1092611bc38ed9a_S.jpg\" alt=\"L'Alg&#xE9;rie condamne les deux attaques terroristes contre la Minusma au Mali (MAE)\" \/><\/div>\n<div class=\"K2FeedIntroText\">\n<p>ALGER &#8211; L&rsquo;Alg\u00e9rie a condamn\u00e9 mercredi \u00ab\u00a0avec force\u00a0\u00bb les deux attaques terroristes distinctes qui ont cibl\u00e9 la Mission multidimensionnelle int\u00e9gr\u00e9e des Nations unies pour la stabilisation au Mali (MINUSMA) \u00e0 Douentza et \u00e0 Tombouctou, a indiqu\u00e9 mercredi le porte-parole du minist\u00e8re des Affaires \u00e9trang\u00e8res (MAE), Abdelaziz Benali-Cherif.<\/p>\n<p>&#013;\n<\/p><\/div>\n<div class=\"K2FeedFullText\">&#013;<\/p>\n<p>\u00ab\u00a0Nous condamnons avec force les deux attaques terroristes perp\u00e9tr\u00e9es contre la Mission multidimensionnelle int\u00e9gr\u00e9e des Nations unies pour la stabilisation au Mali (MINUSMA) \u00e0 Douentza et \u00e0 Tombouctou (Mali), dans lesquelles l&rsquo;on a d\u00e9plor\u00e9 plusieurs morts et de nombreux bless\u00e9s\u00a0\u00bb, a-t-il affirm\u00e9 dans une d\u00e9claration \u00e0 l&rsquo;APS.<\/p>\n<p>&#013;<\/p>\n<p>Le porte-parole du MAE a pr\u00e9sent\u00e9 les condol\u00e9ances de l&rsquo;Alg\u00e9rie aux familles des victimes et au personnel de la MINUSMA \u00ab\u00a0dont nous saluons la contribution au processus de paix au Mali, et assurons de notre solidarit\u00e9 le gouvernement et le peuple du Mali fr\u00e8re\u00a0\u00bb.<\/p>\n<p>&#013;<\/p>\n<p class=\"MsoNormal\">\u00ab\u00a0Nous r\u00e9it\u00e9rons notre disponibilit\u00e9 \u00e0 accompagner le Mali et son peuple dans leurs efforts visant \u00e0 assurer les conditions d&rsquo;un retour \u00e0 la stabilit\u00e9 et \u00e0 s&rsquo;engager sur la voie du d\u00e9veloppement, de la prosp\u00e9rit\u00e9 et de la paix, dans le cadre de la mise en \u0153uvre de l&rsquo;Accord pour la paix et la r\u00e9conciliation issu du processus d&rsquo;Alger\u00a0\u00bb, a conclu M. Benali-Cherif.<\/p>\n<\/div>\n<p>&#013;<br \/>\nSource: <a href=\"http:\/\/www.aps.dz\/algerie\/61802-l-algerie-condamne-les-deux-attaques-terroristes-contre-la-minusma-au-mali-mae\" target=\"_blank\">L&rsquo;Alg\u00e9rie condamne les deux attaques terroristes contre la Minusma au Mali (MAE)<\/a><\/p>\n<!--CusAds0-->\n<div style=\"font-size: 0px; height: 0px; line-height: 0px; margin: 0; padding: 0; clear: both;\"><\/div>","protected":false},"excerpt":{"rendered":"<p>ALGER &#8211; L&rsquo;Alg\u00e9rie a condamn\u00e9 mercredi \u00ab\u00a0avec force\u00a0\u00bb les deux attaques terroristes distinctes qui ont cibl\u00e9 la Mission multidimensionnelle int\u00e9gr\u00e9e des Nations unies pour la stabilisation au Mali (MINUSMA) \u00e0 Douentza et \u00e0 Tombouctou, a indiqu\u00e9 mercredi le porte-parole du minist\u00e8re des Affaires \u00e9trang\u00e8res (MAE), Abdelaziz Benali-Cherif. &#013; &#013; \u00ab\u00a0Nous condamnons avec force les deux<\/p>\n","protected":false},"author":6,"featured_media":15084,"comment_status":"open","ping_status":"open","sticky":false,"template":"","format":"standard","meta":{"footnotes":""},"categories":[22],"tags":[93],"class_list":["post-15083","post","type-post","status-publish","format-standard","has-post-thumbnail","hentry","category-infos","tag-onu"],"yoast_head":"<!-- This site is optimized with the Yoast SEO plugin v27.5 - https:\/\/yoast.com\/product\/yoast-seo-wordpress\/ -->\n<title>L&#039;Alg\u00e9rie condamne les deux attaques terroristes contre la Minusma au Mali (MAE) - info algerie<\/title>\n<meta name=\"robots\" content=\"index, follow, max-snippet:-1, max-image-preview:large, max-video-preview:-1\" \/>\n<link rel=\"canonical\" href=\"https:\/\/www.info-algerie.com\/actualites\/lalgerie-condamne-les-deux-attaques-terroristes-contre-la-minusma-au-mali-mae\/\" \/>\n<meta property=\"og:locale\" content=\"fr_FR\" \/>\n<meta property=\"og:type\" content=\"article\" \/>\n<meta property=\"og:title\" content=\"L&#039;Alg\u00e9rie condamne les deux attaques terroristes contre la Minusma au Mali (MAE) - info algerie\" \/>\n<meta property=\"og:description\" content=\"ALGER &#8211; L&rsquo;Alg\u00e9rie a condamn\u00e9 mercredi \u00ab\u00a0avec force\u00a0\u00bb les deux attaques terroristes distinctes qui ont cibl\u00e9 la Mission multidimensionnelle int\u00e9gr\u00e9e des Nations unies pour la stabilisation au Mali (MINUSMA) \u00e0 Douentza et \u00e0 Tombouctou, a indiqu\u00e9 mercredi le porte-parole du minist\u00e8re des Affaires \u00e9trang\u00e8res (MAE), Abdelaziz Benali-Cherif. &#013; &#013; \u00ab\u00a0Nous condamnons avec force les deux\" \/>\n<meta property=\"og:url\" content=\"https:\/\/www.info-algerie.com\/actualites\/lalgerie-condamne-les-deux-attaques-terroristes-contre-la-minusma-au-mali-mae\/\" \/>\n<meta property=\"og:site_name\" content=\"info algerie\" \/>\n<meta property=\"article:publisher\" content=\"https:\/\/www.facebook.com\/infoalgerieactu\" \/>\n<meta property=\"article:published_time\" content=\"2017-08-16T16:58:37+00:00\" \/>\n<meta property=\"og:image\" content=\"https:\/\/www.info-algerie.com\/actualites\/wp-content\/uploads\/2017\/08\/6673c8cf7493c205a1092611bc38ed9a_S-1.jpg\" \/>\n\t<meta property=\"og:image:width\" content=\"280\" \/>\n\t<meta property=\"og:image:height\" content=\"169\" \/>\n\t<meta property=\"og:image:type\" content=\"image\/jpeg\" \/>\n<meta name=\"author\" content=\"La r\u00e9daction\" \/>\n<meta name=\"twitter:label1\" content=\"\u00c9crit par\" \/>\n\t<meta name=\"twitter:data1\" content=\"La r\u00e9daction\" \/>\n\t<meta name=\"twitter:label2\" content=\"Dur\u00e9e de lecture estim\u00e9e\" \/>\n\t<meta name=\"twitter:data2\" content=\"1 minute\" \/>\n<script type=\"application\/ld+json\" class=\"yoast-schema-graph\">{\"@context\":\"https:\\\/\\\/schema.org\",\"@graph\":[{\"@type\":\"Article\",\"@id\":\"https:\\\/\\\/www.info-algerie.com\\\/actualites\\\/lalgerie-condamne-les-deux-attaques-terroristes-contre-la-minusma-au-mali-mae\\\/#article\",\"isPartOf\":{\"@id\":\"https:\\\/\\\/www.info-algerie.com\\\/actualites\\\/lalgerie-condamne-les-deux-attaques-terroristes-contre-la-minusma-au-mali-mae\\\/\"},\"author\":{\"name\":\"La r\u00e9daction\",\"@id\":\"https:\\\/\\\/www.info-algerie.com\\\/actualites\\\/#\\\/schema\\\/person\\\/847aaec44920825b843a08f30ec6aa1e\"},\"headline\":\"L&#039;Alg\u00e9rie condamne les deux attaques terroristes contre la Minusma au Mali (MAE)\",\"datePublished\":\"2017-08-16T16:58:37+00:00\",\"mainEntityOfPage\":{\"@id\":\"https:\\\/\\\/www.info-algerie.com\\\/actualites\\\/lalgerie-condamne-les-deux-attaques-terroristes-contre-la-minusma-au-mali-mae\\\/\"},\"wordCount\":250,\"commentCount\":0,\"publisher\":{\"@id\":\"https:\\\/\\\/www.info-algerie.com\\\/actualites\\\/#organization\"},\"image\":{\"@id\":\"https:\\\/\\\/www.info-algerie.com\\\/actualites\\\/lalgerie-condamne-les-deux-attaques-terroristes-contre-la-minusma-au-mali-mae\\\/#primaryimage\"},\"thumbnailUrl\":\"https:\\\/\\\/www.info-algerie.com\\\/actualites\\\/wp-content\\\/uploads\\\/2017\\\/08\\\/6673c8cf7493c205a1092611bc38ed9a_S-1.jpg\",\"keywords\":[\"ONU\"],\"articleSection\":[\"infos\"],\"inLanguage\":\"fr-FR\",\"potentialAction\":[{\"@type\":\"CommentAction\",\"name\":\"Comment\",\"target\":[\"https:\\\/\\\/www.info-algerie.com\\\/actualites\\\/lalgerie-condamne-les-deux-attaques-terroristes-contre-la-minusma-au-mali-mae\\\/#respond\"]}]},{\"@type\":\"WebPage\",\"@id\":\"https:\\\/\\\/www.info-algerie.com\\\/actualites\\\/lalgerie-condamne-les-deux-attaques-terroristes-contre-la-minusma-au-mali-mae\\\/\",\"url\":\"https:\\\/\\\/www.info-algerie.com\\\/actualites\\\/lalgerie-condamne-les-deux-attaques-terroristes-contre-la-minusma-au-mali-mae\\\/\",\"name\":\"L&#039;Alg\u00e9rie condamne les deux attaques terroristes contre la Minusma au Mali (MAE) - info algerie\",\"isPartOf\":{\"@id\":\"https:\\\/\\\/www.info-algerie.com\\\/actualites\\\/#website\"},\"primaryImageOfPage\":{\"@id\":\"https:\\\/\\\/www.info-algerie.com\\\/actualites\\\/lalgerie-condamne-les-deux-attaques-terroristes-contre-la-minusma-au-mali-mae\\\/#primaryimage\"},\"image\":{\"@id\":\"https:\\\/\\\/www.info-algerie.com\\\/actualites\\\/lalgerie-condamne-les-deux-attaques-terroristes-contre-la-minusma-au-mali-mae\\\/#primaryimage\"},\"thumbnailUrl\":\"https:\\\/\\\/www.info-algerie.com\\\/actualites\\\/wp-content\\\/uploads\\\/2017\\\/08\\\/6673c8cf7493c205a1092611bc38ed9a_S-1.jpg\",\"datePublished\":\"2017-08-16T16:58:37+00:00\",\"breadcrumb\":{\"@id\":\"https:\\\/\\\/www.info-algerie.com\\\/actualites\\\/lalgerie-condamne-les-deux-attaques-terroristes-contre-la-minusma-au-mali-mae\\\/#breadcrumb\"},\"inLanguage\":\"fr-FR\",\"potentialAction\":[{\"@type\":\"ReadAction\",\"target\":[\"https:\\\/\\\/www.info-algerie.com\\\/actualites\\\/lalgerie-condamne-les-deux-attaques-terroristes-contre-la-minusma-au-mali-mae\\\/\"]}]},{\"@type\":\"ImageObject\",\"inLanguage\":\"fr-FR\",\"@id\":\"https:\\\/\\\/www.info-algerie.com\\\/actualites\\\/lalgerie-condamne-les-deux-attaques-terroristes-contre-la-minusma-au-mali-mae\\\/#primaryimage\",\"url\":\"https:\\\/\\\/www.info-algerie.com\\\/actualites\\\/wp-content\\\/uploads\\\/2017\\\/08\\\/6673c8cf7493c205a1092611bc38ed9a_S-1.jpg\",\"contentUrl\":\"https:\\\/\\\/www.info-algerie.com\\\/actualites\\\/wp-content\\\/uploads\\\/2017\\\/08\\\/6673c8cf7493c205a1092611bc38ed9a_S-1.jpg\",\"width\":280,\"height\":169},{\"@type\":\"BreadcrumbList\",\"@id\":\"https:\\\/\\\/www.info-algerie.com\\\/actualites\\\/lalgerie-condamne-les-deux-attaques-terroristes-contre-la-minusma-au-mali-mae\\\/#breadcrumb\",\"itemListElement\":[{\"@type\":\"ListItem\",\"position\":1,\"name\":\"Accueil\",\"item\":\"https:\\\/\\\/www.info-algerie.com\\\/actualites\\\/\"},{\"@type\":\"ListItem\",\"position\":2,\"name\":\"L&#039;Alg\u00e9rie condamne les deux attaques terroristes contre la Minusma au Mali (MAE)\"}]},{\"@type\":\"WebSite\",\"@id\":\"https:\\\/\\\/www.info-algerie.com\\\/actualites\\\/#website\",\"url\":\"https:\\\/\\\/www.info-algerie.com\\\/actualites\\\/\",\"name\":\"info algerie\",\"description\":\"Toutes les actualit\u00e9s\",\"publisher\":{\"@id\":\"https:\\\/\\\/www.info-algerie.com\\\/actualites\\\/#organization\"},\"potentialAction\":[{\"@type\":\"SearchAction\",\"target\":{\"@type\":\"EntryPoint\",\"urlTemplate\":\"https:\\\/\\\/www.info-algerie.com\\\/actualites\\\/?s={search_term_string}\"},\"query-input\":{\"@type\":\"PropertyValueSpecification\",\"valueRequired\":true,\"valueName\":\"search_term_string\"}}],\"inLanguage\":\"fr-FR\"},{\"@type\":\"Organization\",\"@id\":\"https:\\\/\\\/www.info-algerie.com\\\/actualites\\\/#organization\",\"name\":\"info algerie\",\"url\":\"https:\\\/\\\/www.info-algerie.com\\\/actualites\\\/\",\"logo\":{\"@type\":\"ImageObject\",\"inLanguage\":\"fr-FR\",\"@id\":\"https:\\\/\\\/www.info-algerie.com\\\/actualites\\\/#\\\/schema\\\/logo\\\/image\\\/\",\"url\":\"https:\\\/\\\/www.info-algerie.com\\\/actualites\\\/wp-content\\\/uploads\\\/2022\\\/07\\\/logo-ia-120.png\",\"contentUrl\":\"https:\\\/\\\/www.info-algerie.com\\\/actualites\\\/wp-content\\\/uploads\\\/2022\\\/07\\\/logo-ia-120.png\",\"width\":120,\"height\":43,\"caption\":\"info algerie\"},\"image\":{\"@id\":\"https:\\\/\\\/www.info-algerie.com\\\/actualites\\\/#\\\/schema\\\/logo\\\/image\\\/\"},\"sameAs\":[\"https:\\\/\\\/www.facebook.com\\\/infoalgerieactu\",\"https:\\\/\\\/x.com\\\/infoalgerie1\"]},{\"@type\":\"Person\",\"@id\":\"https:\\\/\\\/www.info-algerie.com\\\/actualites\\\/#\\\/schema\\\/person\\\/847aaec44920825b843a08f30ec6aa1e\",\"name\":\"La r\u00e9daction\",\"image\":{\"@type\":\"ImageObject\",\"inLanguage\":\"fr-FR\",\"@id\":\"https:\\\/\\\/secure.gravatar.com\\\/avatar\\\/769db425c6f465158149f1ffd6cf61ce7a8a879d11dfbef8288af36dfddd418c?s=96&d=mm&r=g\",\"url\":\"https:\\\/\\\/secure.gravatar.com\\\/avatar\\\/769db425c6f465158149f1ffd6cf61ce7a8a879d11dfbef8288af36dfddd418c?s=96&d=mm&r=g\",\"contentUrl\":\"https:\\\/\\\/secure.gravatar.com\\\/avatar\\\/769db425c6f465158149f1ffd6cf61ce7a8a879d11dfbef8288af36dfddd418c?s=96&d=mm&r=g\",\"caption\":\"La r\u00e9daction\"},\"sameAs\":[\"http:\\\/\\\/www.lkeria.com\\\/\"],\"url\":\"https:\\\/\\\/www.info-algerie.com\\\/actualites\\\/author\\\/chakib32\\\/\"}]}<\/script>\n<!-- \/ Yoast SEO plugin. -->","yoast_head_json":{"title":"L&#039;Alg\u00e9rie condamne les deux attaques terroristes contre la Minusma au Mali (MAE) - info algerie","robots":{"index":"index","follow":"follow","max-snippet":"max-snippet:-1","max-image-preview":"max-image-preview:large","max-video-preview":"max-video-preview:-1"},"canonical":"https:\/\/www.info-algerie.com\/actualites\/lalgerie-condamne-les-deux-attaques-terroristes-contre-la-minusma-au-mali-mae\/","og_locale":"fr_FR","og_type":"article","og_title":"L&#039;Alg\u00e9rie condamne les deux attaques terroristes contre la Minusma au Mali (MAE) - info algerie","og_description":"ALGER &#8211; L&rsquo;Alg\u00e9rie a condamn\u00e9 mercredi \u00ab\u00a0avec force\u00a0\u00bb les deux attaques terroristes distinctes qui ont cibl\u00e9 la Mission multidimensionnelle int\u00e9gr\u00e9e des Nations unies pour la stabilisation au Mali (MINUSMA) \u00e0 Douentza et \u00e0 Tombouctou, a indiqu\u00e9 mercredi le porte-parole du minist\u00e8re des Affaires \u00e9trang\u00e8res (MAE), Abdelaziz Benali-Cherif. &#013; &#013; \u00ab\u00a0Nous condamnons avec force les deux","og_url":"https:\/\/www.info-algerie.com\/actualites\/lalgerie-condamne-les-deux-attaques-terroristes-contre-la-minusma-au-mali-mae\/","og_site_name":"info algerie","article_publisher":"https:\/\/www.facebook.com\/infoalgerieactu","article_published_time":"2017-08-16T16:58:37+00:00","og_image":[{"width":280,"height":169,"url":"https:\/\/www.info-algerie.com\/actualites\/wp-content\/uploads\/2017\/08\/6673c8cf7493c205a1092611bc38ed9a_S-1.jpg","type":"image\/jpeg"}],"author":"La r\u00e9daction","twitter_misc":{"\u00c9crit par":"La r\u00e9daction","Dur\u00e9e de lecture estim\u00e9e":"1 minute"},"schema":{"@context":"https:\/\/schema.org","@graph":[{"@type":"Article","@id":"https:\/\/www.info-algerie.com\/actualites\/lalgerie-condamne-les-deux-attaques-terroristes-contre-la-minusma-au-mali-mae\/#article","isPartOf":{"@id":"https:\/\/www.info-algerie.com\/actualites\/lalgerie-condamne-les-deux-attaques-terroristes-contre-la-minusma-au-mali-mae\/"},"author":{"name":"La r\u00e9daction","@id":"https:\/\/www.info-algerie.com\/actualites\/#\/schema\/person\/847aaec44920825b843a08f30ec6aa1e"},"headline":"L&#039;Alg\u00e9rie condamne les deux attaques terroristes contre la Minusma au Mali (MAE)","datePublished":"2017-08-16T16:58:37+00:00","mainEntityOfPage":{"@id":"https:\/\/www.info-algerie.com\/actualites\/lalgerie-condamne-les-deux-attaques-terroristes-contre-la-minusma-au-mali-mae\/"},"wordCount":250,"commentCount":0,"publisher":{"@id":"https:\/\/www.info-algerie.com\/actualites\/#organization"},"image":{"@id":"https:\/\/www.info-algerie.com\/actualites\/lalgerie-condamne-les-deux-attaques-terroristes-contre-la-minusma-au-mali-mae\/#primaryimage"},"thumbnailUrl":"https:\/\/www.info-algerie.com\/actualites\/wp-content\/uploads\/2017\/08\/6673c8cf7493c205a1092611bc38ed9a_S-1.jpg","keywords":["ONU"],"articleSection":["infos"],"inLanguage":"fr-FR","potentialAction":[{"@type":"CommentAction","name":"Comment","target":["https:\/\/www.info-algerie.com\/actualites\/lalgerie-condamne-les-deux-attaques-terroristes-contre-la-minusma-au-mali-mae\/#respond"]}]},{"@type":"WebPage","@id":"https:\/\/www.info-algerie.com\/actualites\/lalgerie-condamne-les-deux-attaques-terroristes-contre-la-minusma-au-mali-mae\/","url":"https:\/\/www.info-algerie.com\/actualites\/lalgerie-condamne-les-deux-attaques-terroristes-contre-la-minusma-au-mali-mae\/","name":"L&#039;Alg\u00e9rie condamne les deux attaques terroristes contre la Minusma au Mali (MAE) - info algerie","isPartOf":{"@id":"https:\/\/www.info-algerie.com\/actualites\/#website"},"primaryImageOfPage":{"@id":"https:\/\/www.info-algerie.com\/actualites\/lalgerie-condamne-les-deux-attaques-terroristes-contre-la-minusma-au-mali-mae\/#primaryimage"},"image":{"@id":"https:\/\/www.info-algerie.com\/actualites\/lalgerie-condamne-les-deux-attaques-terroristes-contre-la-minusma-au-mali-mae\/#primaryimage"},"thumbnailUrl":"https:\/\/www.info-algerie.com\/actualites\/wp-content\/uploads\/2017\/08\/6673c8cf7493c205a1092611bc38ed9a_S-1.jpg","datePublished":"2017-08-16T16:58:37+00:00","breadcrumb":{"@id":"https:\/\/www.info-algerie.com\/actualites\/lalgerie-condamne-les-deux-attaques-terroristes-contre-la-minusma-au-mali-mae\/#breadcrumb"},"inLanguage":"fr-FR","potentialAction":[{"@type":"ReadAction","target":["https:\/\/www.info-algerie.com\/actualites\/lalgerie-condamne-les-deux-attaques-terroristes-contre-la-minusma-au-mali-mae\/"]}]},{"@type":"ImageObject","inLanguage":"fr-FR","@id":"https:\/\/www.info-algerie.com\/actualites\/lalgerie-condamne-les-deux-attaques-terroristes-contre-la-minusma-au-mali-mae\/#primaryimage","url":"https:\/\/www.info-algerie.com\/actualites\/wp-content\/uploads\/2017\/08\/6673c8cf7493c205a1092611bc38ed9a_S-1.jpg","contentUrl":"https:\/\/www.info-algerie.com\/actualites\/wp-content\/uploads\/2017\/08\/6673c8cf7493c205a1092611bc38ed9a_S-1.jpg","width":280,"height":169},{"@type":"BreadcrumbList","@id":"https:\/\/www.info-algerie.com\/actualites\/lalgerie-condamne-les-deux-attaques-terroristes-contre-la-minusma-au-mali-mae\/#breadcrumb","itemListElement":[{"@type":"ListItem","position":1,"name":"Accueil","item":"https:\/\/www.info-algerie.com\/actualites\/"},{"@type":"ListItem","position":2,"name":"L&#039;Alg\u00e9rie condamne les deux attaques terroristes contre la Minusma au Mali (MAE)"}]},{"@type":"WebSite","@id":"https:\/\/www.info-algerie.com\/actualites\/#website","url":"https:\/\/www.info-algerie.com\/actualites\/","name":"info algerie","description":"Toutes les actualit\u00e9s","publisher":{"@id":"https:\/\/www.info-algerie.com\/actualites\/#organization"},"potentialAction":[{"@type":"SearchAction","target":{"@type":"EntryPoint","urlTemplate":"https:\/\/www.info-algerie.com\/actualites\/?s={search_term_string}"},"query-input":{"@type":"PropertyValueSpecification","valueRequired":true,"valueName":"search_term_string"}}],"inLanguage":"fr-FR"},{"@type":"Organization","@id":"https:\/\/www.info-algerie.com\/actualites\/#organization","name":"info algerie","url":"https:\/\/www.info-algerie.com\/actualites\/","logo":{"@type":"ImageObject","inLanguage":"fr-FR","@id":"https:\/\/www.info-algerie.com\/actualites\/#\/schema\/logo\/image\/","url":"https:\/\/www.info-algerie.com\/actualites\/wp-content\/uploads\/2022\/07\/logo-ia-120.png","contentUrl":"https:\/\/www.info-algerie.com\/actualites\/wp-content\/uploads\/2022\/07\/logo-ia-120.png","width":120,"height":43,"caption":"info algerie"},"image":{"@id":"https:\/\/www.info-algerie.com\/actualites\/#\/schema\/logo\/image\/"},"sameAs":["https:\/\/www.facebook.com\/infoalgerieactu","https:\/\/x.com\/infoalgerie1"]},{"@type":"Person","@id":"https:\/\/www.info-algerie.com\/actualites\/#\/schema\/person\/847aaec44920825b843a08f30ec6aa1e","name":"La r\u00e9daction","image":{"@type":"ImageObject","inLanguage":"fr-FR","@id":"https:\/\/secure.gravatar.com\/avatar\/769db425c6f465158149f1ffd6cf61ce7a8a879d11dfbef8288af36dfddd418c?s=96&d=mm&r=g","url":"https:\/\/secure.gravatar.com\/avatar\/769db425c6f465158149f1ffd6cf61ce7a8a879d11dfbef8288af36dfddd418c?s=96&d=mm&r=g","contentUrl":"https:\/\/secure.gravatar.com\/avatar\/769db425c6f465158149f1ffd6cf61ce7a8a879d11dfbef8288af36dfddd418c?s=96&d=mm&r=g","caption":"La r\u00e9daction"},"sameAs":["http:\/\/www.lkeria.com\/"],"url":"https:\/\/www.info-algerie.com\/actualites\/author\/chakib32\/"}]}},"_links":{"self":[{"href":"https:\/\/www.info-algerie.com\/actualites\/wp-json\/wp\/v2\/posts\/15083","targetHints":{"allow":["GET"]}}],"collection":[{"href":"https:\/\/www.info-algerie.com\/actualites\/wp-json\/wp\/v2\/posts"}],"about":[{"href":"https:\/\/www.info-algerie.com\/actualites\/wp-json\/wp\/v2\/types\/post"}],"author":[{"embeddable":true,"href":"https:\/\/www.info-algerie.com\/actualites\/wp-json\/wp\/v2\/users\/6"}],"replies":[{"embeddable":true,"href":"https:\/\/www.info-algerie.com\/actualites\/wp-json\/wp\/v2\/comments?post=15083"}],"version-history":[{"count":0,"href":"https:\/\/www.info-algerie.com\/actualites\/wp-json\/wp\/v2\/posts\/15083\/revisions"}],"wp:featuredmedia":[{"embeddable":true,"href":"https:\/\/www.info-algerie.com\/actualites\/wp-json\/wp\/v2\/media\/15084"}],"wp:attachment":[{"href":"https:\/\/www.info-algerie.com\/actualites\/wp-json\/wp\/v2\/media?parent=15083"}],"wp:term":[{"taxonomy":"category","embeddable":true,"href":"https:\/\/www.info-algerie.com\/actualites\/wp-json\/wp\/v2\/categories?post=15083"},{"taxonomy":"post_tag","embeddable":true,"href":"https:\/\/www.info-algerie.com\/actualites\/wp-json\/wp\/v2\/tags?post=15083"}],"curies":[{"name":"wp","href":"https:\/\/api.w.org\/{rel}","templated":true}]}}