{"id":15086,"date":"2017-08-16T17:49:00","date_gmt":"2017-08-16T16:49:00","guid":{"rendered":"http:\/\/www.info-algerie.com\/actualites\/cessation-de-parution-de-la-tribune-les-associes-ameyar-introduisent-une-intervention-aupres-du-juge-des-referes\/"},"modified":"2017-08-16T17:49:00","modified_gmt":"2017-08-16T16:49:00","slug":"cessation-de-parution-de-la-tribune-les-associes-ameyar-introduisent-une-intervention-aupres-du-juge-des-referes","status":"publish","type":"post","link":"https:\/\/www.info-algerie.com\/actualites\/cessation-de-parution-de-la-tribune-les-associes-ameyar-introduisent-une-intervention-aupres-du-juge-des-referes\/","title":{"rendered":"Cessation de parution de La Tribune: les associ\u00e9s Ameyar introduisent une intervention aupr\u00e8s du juge des r\u00e9f\u00e9r\u00e9s"},"content":{"rendered":"<div class=\"K2FeedImage\"><img decoding=\"async\" src=\"https:\/\/www.info-algerie.com\/actualites\/wp-content\/uploads\/2017\/08\/99ccad4c0dd3cca567198fd35439f2af_S.jpg\" alt=\"Cessation de parution de La Tribune: les associ&#xE9;s Ameyar introduisent une intervention aupr&#xE8;s du juge des r&#xE9;f&#xE9;r&#xE9;s\" \/><\/div>\n<div class=\"K2FeedIntroText\">\n<p>ALGER &#8211; Les associ\u00e9s Ameyar, dans la SARL Omnium Maghreb Presse, \u00e9ditrice du journal <strong><a href=\"http:\/\/www.aps.dz\/algerie\/61581-le-quotidien-la-tribune-cesse-de-paraitre\">La Tribune<\/a><\/strong>, qui a cess\u00e9 de paraitre depuis jeudi dernier, ont introduit une \u00ab\u00a0intervention volontaire aupr\u00e8s du juge des r\u00e9f\u00e9r\u00e9s\u00a0\u00bb pour s&rsquo;opposer \u00e0 la liquidation de l&rsquo;entreprise, a d\u00e9clar\u00e9 mercredi \u00e0 Alger la veuve de Kheireddine Ameyar, lors d&rsquo;une conf\u00e9rence de\u00a0 presse anim\u00e9e au si\u00e8ge du Syndicat national des journalistes (SNJ) pour faire le point sur la situation de l&rsquo;entreprise.<\/p>\n<p>&#013;\n<\/p><\/div>\n<div class=\"K2FeedFullText\">&#013;<\/p>\n<p>\u00ab\u00a0Nous avons introduit ce mercredi une intervention volontaire aupr\u00e8s du juge des r\u00e9f\u00e9r\u00e9s (&#8230;) pour dire que notre avis est primordial et s&rsquo;opposer \u00e0 la liquidation de l&rsquo;entreprise\u00a0\u00bb, a-t-elle expliqu\u00e9, d\u00e9non\u00e7ant \u00ab\u00a0la facilit\u00e9\u00a0\u00bb et \u00ab\u00a0la brutalit\u00e9\u00a0\u00bb avec lesquelles a \u00e9t\u00e9 d\u00e9cid\u00e9e la fermeture du journal et la mise en ch\u00f4mage de son personnel.<\/p>\n<p>&#013;<\/p>\n<p>Accompagn\u00e9e de l&rsquo;avocat des associ\u00e9s, Taous Ameyar a estim\u00e9 \u00ab\u00a0qu&rsquo;on ne demande jamais la dissolution d&rsquo;une entreprise devant un juge de r\u00e9f\u00e9r\u00e9s et que les associ\u00e9s minoritaires n&rsquo;ont pas le droit de liquider l&rsquo;entreprise puisqu&rsquo;il n&rsquo;y a pas eu une d\u00e9cision de la justice\u00a0\u00bb, s&rsquo;interrogeant sur les motivations de <strong><a href=\"http:\/\/www.aps.dz\/algerie\/61599-les-actionnaires-ameyar-contestent-la-cessation-de-parution-du-quotidien-la-tribune\">la cessation de parution du titre<\/a><\/strong>, qui \u00ab\u00a0n&rsquo;a pas \u00e9t\u00e9 prise ni par l&rsquo;Assembl\u00e9e g\u00e9n\u00e9rale de la SARL ni par son g\u00e9rant\u00a0\u00bb.<\/p>\n<p>&#013;<\/p>\n<p>S&rsquo;adressant au personnel du journal pr\u00e9sent sur les lieux, la conf\u00e9renci\u00e8re a assur\u00e9 que \u00ab\u00a0des solutions peuvent \u00eatre envisag\u00e9es\u00a0\u00bb pour faire face notamment \u00e0 la situation de surendettement dans laquelle s&rsquo;est retrouv\u00e9e l&rsquo;entreprise.<\/p>\n<p>&#013;<\/p>\n<p>De son c\u00f4t\u00e9, le SNJ\u00a0 \u00ab\u00a0va engager une action en r\u00e9f\u00e9r\u00e9, \u00e0 travers son avocat, pour d\u00e9fendre les droits sociaux des salari\u00e9s\u00a0\u00bb, a indiqu\u00e9 son secr\u00e9taire g\u00e9n\u00e9ral, Kamel Amarni.<\/p>\n<p>&#013;<\/p>\n<p>La Tribune a cess\u00e9 de para\u00eetre depuis\u00a0 jeudi dernier suite \u00e0 la d\u00e9cision de deux actionnaires, Djamel Djerad et Cherif Tifaoui, d\u2019introduire en r\u00e9f\u00e9r\u00e9 une demande aupr\u00e8s de la justice pour la cessation des\u00a0 activit\u00e9s de la SARL.<\/p>\n<p>&#013;<\/p>\n<p class=\"MsoNormal\">M. Tifaoui avait estim\u00e9 qu&rsquo;il \u00e9tait \u00ab\u00a0impossible\u00a0\u00bb pour le journal de continuer \u00e0 paraitre, au vu de la situation financi\u00e8re de la SARL, qui est, selon lui, d\u00e9ficitaire depuis 2002, ainsi que des probl\u00e8mes d&rsquo;ordre statutaire.<\/p>\n<\/div>\n<p>&#013;<br \/>\nSource: <a href=\"http:\/\/www.aps.dz\/algerie\/61801-cessation-de-parution-de-la-tribune-les-associes-ameyar-introduisent-une-intervention-aupres-du-juge-des-referes\" target=\"_blank\">Cessation de parution de La Tribune: les associ\u00e9s Ameyar introduisent une intervention aupr\u00e8s du juge des r\u00e9f\u00e9r\u00e9s<\/a><\/p>\n<!--CusAds0-->\n<div style=\"font-size: 0px; height: 0px; line-height: 0px; margin: 0; padding: 0; clear: both;\"><\/div>","protected":false},"excerpt":{"rendered":"<p>ALGER &#8211; Les associ\u00e9s Ameyar, dans la SARL Omnium Maghreb Presse, \u00e9ditrice du journal La Tribune, qui a cess\u00e9 de paraitre depuis jeudi dernier, ont introduit une \u00ab\u00a0intervention volontaire aupr\u00e8s du juge des r\u00e9f\u00e9r\u00e9s\u00a0\u00bb pour s&rsquo;opposer \u00e0 la liquidation de l&rsquo;entreprise, a d\u00e9clar\u00e9 mercredi \u00e0 Alger la veuve de Kheireddine Ameyar, lors d&rsquo;une conf\u00e9rence de\u00a0<\/p>\n","protected":false},"author":6,"featured_media":15087,"comment_status":"open","ping_status":"open","sticky":false,"template":"","format":"standard","meta":{"footnotes":""},"categories":[22],"tags":[93],"class_list":["post-15086","post","type-post","status-publish","format-standard","has-post-thumbnail","hentry","category-infos","tag-onu"],"yoast_head":"<!-- This site is optimized with the Yoast SEO plugin v27.5 - https:\/\/yoast.com\/product\/yoast-seo-wordpress\/ -->\n<title>Cessation de parution de La Tribune: les associ\u00e9s Ameyar introduisent une intervention aupr\u00e8s du juge des r\u00e9f\u00e9r\u00e9s - info algerie<\/title>\n<meta name=\"robots\" content=\"index, follow, max-snippet:-1, max-image-preview:large, max-video-preview:-1\" \/>\n<link rel=\"canonical\" href=\"https:\/\/www.info-algerie.com\/actualites\/cessation-de-parution-de-la-tribune-les-associes-ameyar-introduisent-une-intervention-aupres-du-juge-des-referes\/\" \/>\n<meta property=\"og:locale\" content=\"fr_FR\" \/>\n<meta property=\"og:type\" content=\"article\" \/>\n<meta property=\"og:title\" content=\"Cessation de parution de La Tribune: les associ\u00e9s Ameyar introduisent une intervention aupr\u00e8s du juge des r\u00e9f\u00e9r\u00e9s - info algerie\" \/>\n<meta property=\"og:description\" content=\"ALGER &#8211; Les associ\u00e9s Ameyar, dans la SARL Omnium Maghreb Presse, \u00e9ditrice du journal La Tribune, qui a cess\u00e9 de paraitre depuis jeudi dernier, ont introduit une \u00ab\u00a0intervention volontaire aupr\u00e8s du juge des r\u00e9f\u00e9r\u00e9s\u00a0\u00bb pour s&rsquo;opposer \u00e0 la liquidation de l&rsquo;entreprise, a d\u00e9clar\u00e9 mercredi \u00e0 Alger la veuve de Kheireddine Ameyar, lors d&rsquo;une conf\u00e9rence de\u00a0\" \/>\n<meta property=\"og:url\" content=\"https:\/\/www.info-algerie.com\/actualites\/cessation-de-parution-de-la-tribune-les-associes-ameyar-introduisent-une-intervention-aupres-du-juge-des-referes\/\" \/>\n<meta property=\"og:site_name\" content=\"info algerie\" \/>\n<meta property=\"article:publisher\" content=\"https:\/\/www.facebook.com\/infoalgerieactu\" \/>\n<meta property=\"article:published_time\" content=\"2017-08-16T16:49:00+00:00\" \/>\n<meta property=\"og:image\" content=\"https:\/\/www.info-algerie.com\/actualites\/wp-content\/uploads\/2017\/08\/99ccad4c0dd3cca567198fd35439f2af_S-1.jpg\" \/>\n\t<meta property=\"og:image:width\" content=\"280\" \/>\n\t<meta property=\"og:image:height\" content=\"169\" \/>\n\t<meta property=\"og:image:type\" content=\"image\/jpeg\" \/>\n<meta name=\"author\" content=\"La r\u00e9daction\" \/>\n<meta name=\"twitter:label1\" content=\"\u00c9crit par\" \/>\n\t<meta name=\"twitter:data1\" content=\"La r\u00e9daction\" \/>\n\t<meta name=\"twitter:label2\" content=\"Dur\u00e9e de lecture estim\u00e9e\" \/>\n\t<meta name=\"twitter:data2\" content=\"2 minutes\" \/>\n<script type=\"application\/ld+json\" class=\"yoast-schema-graph\">{\"@context\":\"https:\\\/\\\/schema.org\",\"@graph\":[{\"@type\":\"Article\",\"@id\":\"https:\\\/\\\/www.info-algerie.com\\\/actualites\\\/cessation-de-parution-de-la-tribune-les-associes-ameyar-introduisent-une-intervention-aupres-du-juge-des-referes\\\/#article\",\"isPartOf\":{\"@id\":\"https:\\\/\\\/www.info-algerie.com\\\/actualites\\\/cessation-de-parution-de-la-tribune-les-associes-ameyar-introduisent-une-intervention-aupres-du-juge-des-referes\\\/\"},\"author\":{\"name\":\"La r\u00e9daction\",\"@id\":\"https:\\\/\\\/www.info-algerie.com\\\/actualites\\\/#\\\/schema\\\/person\\\/847aaec44920825b843a08f30ec6aa1e\"},\"headline\":\"Cessation de parution de La Tribune: les associ\u00e9s Ameyar introduisent une intervention aupr\u00e8s du juge des r\u00e9f\u00e9r\u00e9s\",\"datePublished\":\"2017-08-16T16:49:00+00:00\",\"mainEntityOfPage\":{\"@id\":\"https:\\\/\\\/www.info-algerie.com\\\/actualites\\\/cessation-de-parution-de-la-tribune-les-associes-ameyar-introduisent-une-intervention-aupres-du-juge-des-referes\\\/\"},\"wordCount\":443,\"commentCount\":0,\"publisher\":{\"@id\":\"https:\\\/\\\/www.info-algerie.com\\\/actualites\\\/#organization\"},\"image\":{\"@id\":\"https:\\\/\\\/www.info-algerie.com\\\/actualites\\\/cessation-de-parution-de-la-tribune-les-associes-ameyar-introduisent-une-intervention-aupres-du-juge-des-referes\\\/#primaryimage\"},\"thumbnailUrl\":\"https:\\\/\\\/www.info-algerie.com\\\/actualites\\\/wp-content\\\/uploads\\\/2017\\\/08\\\/99ccad4c0dd3cca567198fd35439f2af_S-1.jpg\",\"keywords\":[\"ONU\"],\"articleSection\":[\"infos\"],\"inLanguage\":\"fr-FR\",\"potentialAction\":[{\"@type\":\"CommentAction\",\"name\":\"Comment\",\"target\":[\"https:\\\/\\\/www.info-algerie.com\\\/actualites\\\/cessation-de-parution-de-la-tribune-les-associes-ameyar-introduisent-une-intervention-aupres-du-juge-des-referes\\\/#respond\"]}]},{\"@type\":\"WebPage\",\"@id\":\"https:\\\/\\\/www.info-algerie.com\\\/actualites\\\/cessation-de-parution-de-la-tribune-les-associes-ameyar-introduisent-une-intervention-aupres-du-juge-des-referes\\\/\",\"url\":\"https:\\\/\\\/www.info-algerie.com\\\/actualites\\\/cessation-de-parution-de-la-tribune-les-associes-ameyar-introduisent-une-intervention-aupres-du-juge-des-referes\\\/\",\"name\":\"Cessation de parution de La Tribune: les associ\u00e9s Ameyar introduisent une intervention aupr\u00e8s du juge des r\u00e9f\u00e9r\u00e9s - info algerie\",\"isPartOf\":{\"@id\":\"https:\\\/\\\/www.info-algerie.com\\\/actualites\\\/#website\"},\"primaryImageOfPage\":{\"@id\":\"https:\\\/\\\/www.info-algerie.com\\\/actualites\\\/cessation-de-parution-de-la-tribune-les-associes-ameyar-introduisent-une-intervention-aupres-du-juge-des-referes\\\/#primaryimage\"},\"image\":{\"@id\":\"https:\\\/\\\/www.info-algerie.com\\\/actualites\\\/cessation-de-parution-de-la-tribune-les-associes-ameyar-introduisent-une-intervention-aupres-du-juge-des-referes\\\/#primaryimage\"},\"thumbnailUrl\":\"https:\\\/\\\/www.info-algerie.com\\\/actualites\\\/wp-content\\\/uploads\\\/2017\\\/08\\\/99ccad4c0dd3cca567198fd35439f2af_S-1.jpg\",\"datePublished\":\"2017-08-16T16:49:00+00:00\",\"breadcrumb\":{\"@id\":\"https:\\\/\\\/www.info-algerie.com\\\/actualites\\\/cessation-de-parution-de-la-tribune-les-associes-ameyar-introduisent-une-intervention-aupres-du-juge-des-referes\\\/#breadcrumb\"},\"inLanguage\":\"fr-FR\",\"potentialAction\":[{\"@type\":\"ReadAction\",\"target\":[\"https:\\\/\\\/www.info-algerie.com\\\/actualites\\\/cessation-de-parution-de-la-tribune-les-associes-ameyar-introduisent-une-intervention-aupres-du-juge-des-referes\\\/\"]}]},{\"@type\":\"ImageObject\",\"inLanguage\":\"fr-FR\",\"@id\":\"https:\\\/\\\/www.info-algerie.com\\\/actualites\\\/cessation-de-parution-de-la-tribune-les-associes-ameyar-introduisent-une-intervention-aupres-du-juge-des-referes\\\/#primaryimage\",\"url\":\"https:\\\/\\\/www.info-algerie.com\\\/actualites\\\/wp-content\\\/uploads\\\/2017\\\/08\\\/99ccad4c0dd3cca567198fd35439f2af_S-1.jpg\",\"contentUrl\":\"https:\\\/\\\/www.info-algerie.com\\\/actualites\\\/wp-content\\\/uploads\\\/2017\\\/08\\\/99ccad4c0dd3cca567198fd35439f2af_S-1.jpg\",\"width\":280,\"height\":169},{\"@type\":\"BreadcrumbList\",\"@id\":\"https:\\\/\\\/www.info-algerie.com\\\/actualites\\\/cessation-de-parution-de-la-tribune-les-associes-ameyar-introduisent-une-intervention-aupres-du-juge-des-referes\\\/#breadcrumb\",\"itemListElement\":[{\"@type\":\"ListItem\",\"position\":1,\"name\":\"Accueil\",\"item\":\"https:\\\/\\\/www.info-algerie.com\\\/actualites\\\/\"},{\"@type\":\"ListItem\",\"position\":2,\"name\":\"Cessation de parution de La Tribune: les associ\u00e9s Ameyar introduisent une intervention aupr\u00e8s du juge des r\u00e9f\u00e9r\u00e9s\"}]},{\"@type\":\"WebSite\",\"@id\":\"https:\\\/\\\/www.info-algerie.com\\\/actualites\\\/#website\",\"url\":\"https:\\\/\\\/www.info-algerie.com\\\/actualites\\\/\",\"name\":\"info algerie\",\"description\":\"Toutes les actualit\u00e9s\",\"publisher\":{\"@id\":\"https:\\\/\\\/www.info-algerie.com\\\/actualites\\\/#organization\"},\"potentialAction\":[{\"@type\":\"SearchAction\",\"target\":{\"@type\":\"EntryPoint\",\"urlTemplate\":\"https:\\\/\\\/www.info-algerie.com\\\/actualites\\\/?s={search_term_string}\"},\"query-input\":{\"@type\":\"PropertyValueSpecification\",\"valueRequired\":true,\"valueName\":\"search_term_string\"}}],\"inLanguage\":\"fr-FR\"},{\"@type\":\"Organization\",\"@id\":\"https:\\\/\\\/www.info-algerie.com\\\/actualites\\\/#organization\",\"name\":\"info algerie\",\"url\":\"https:\\\/\\\/www.info-algerie.com\\\/actualites\\\/\",\"logo\":{\"@type\":\"ImageObject\",\"inLanguage\":\"fr-FR\",\"@id\":\"https:\\\/\\\/www.info-algerie.com\\\/actualites\\\/#\\\/schema\\\/logo\\\/image\\\/\",\"url\":\"https:\\\/\\\/www.info-algerie.com\\\/actualites\\\/wp-content\\\/uploads\\\/2022\\\/07\\\/logo-ia-120.png\",\"contentUrl\":\"https:\\\/\\\/www.info-algerie.com\\\/actualites\\\/wp-content\\\/uploads\\\/2022\\\/07\\\/logo-ia-120.png\",\"width\":120,\"height\":43,\"caption\":\"info algerie\"},\"image\":{\"@id\":\"https:\\\/\\\/www.info-algerie.com\\\/actualites\\\/#\\\/schema\\\/logo\\\/image\\\/\"},\"sameAs\":[\"https:\\\/\\\/www.facebook.com\\\/infoalgerieactu\",\"https:\\\/\\\/x.com\\\/infoalgerie1\"]},{\"@type\":\"Person\",\"@id\":\"https:\\\/\\\/www.info-algerie.com\\\/actualites\\\/#\\\/schema\\\/person\\\/847aaec44920825b843a08f30ec6aa1e\",\"name\":\"La r\u00e9daction\",\"image\":{\"@type\":\"ImageObject\",\"inLanguage\":\"fr-FR\",\"@id\":\"https:\\\/\\\/secure.gravatar.com\\\/avatar\\\/769db425c6f465158149f1ffd6cf61ce7a8a879d11dfbef8288af36dfddd418c?s=96&d=mm&r=g\",\"url\":\"https:\\\/\\\/secure.gravatar.com\\\/avatar\\\/769db425c6f465158149f1ffd6cf61ce7a8a879d11dfbef8288af36dfddd418c?s=96&d=mm&r=g\",\"contentUrl\":\"https:\\\/\\\/secure.gravatar.com\\\/avatar\\\/769db425c6f465158149f1ffd6cf61ce7a8a879d11dfbef8288af36dfddd418c?s=96&d=mm&r=g\",\"caption\":\"La r\u00e9daction\"},\"sameAs\":[\"http:\\\/\\\/www.lkeria.com\\\/\"],\"url\":\"https:\\\/\\\/www.info-algerie.com\\\/actualites\\\/author\\\/chakib32\\\/\"}]}<\/script>\n<!-- \/ Yoast SEO plugin. -->","yoast_head_json":{"title":"Cessation de parution de La Tribune: les associ\u00e9s Ameyar introduisent une intervention aupr\u00e8s du juge des r\u00e9f\u00e9r\u00e9s - info algerie","robots":{"index":"index","follow":"follow","max-snippet":"max-snippet:-1","max-image-preview":"max-image-preview:large","max-video-preview":"max-video-preview:-1"},"canonical":"https:\/\/www.info-algerie.com\/actualites\/cessation-de-parution-de-la-tribune-les-associes-ameyar-introduisent-une-intervention-aupres-du-juge-des-referes\/","og_locale":"fr_FR","og_type":"article","og_title":"Cessation de parution de La Tribune: les associ\u00e9s Ameyar introduisent une intervention aupr\u00e8s du juge des r\u00e9f\u00e9r\u00e9s - info algerie","og_description":"ALGER &#8211; Les associ\u00e9s Ameyar, dans la SARL Omnium Maghreb Presse, \u00e9ditrice du journal La Tribune, qui a cess\u00e9 de paraitre depuis jeudi dernier, ont introduit une \u00ab\u00a0intervention volontaire aupr\u00e8s du juge des r\u00e9f\u00e9r\u00e9s\u00a0\u00bb pour s&rsquo;opposer \u00e0 la liquidation de l&rsquo;entreprise, a d\u00e9clar\u00e9 mercredi \u00e0 Alger la veuve de Kheireddine Ameyar, lors d&rsquo;une conf\u00e9rence de\u00a0","og_url":"https:\/\/www.info-algerie.com\/actualites\/cessation-de-parution-de-la-tribune-les-associes-ameyar-introduisent-une-intervention-aupres-du-juge-des-referes\/","og_site_name":"info algerie","article_publisher":"https:\/\/www.facebook.com\/infoalgerieactu","article_published_time":"2017-08-16T16:49:00+00:00","og_image":[{"width":280,"height":169,"url":"https:\/\/www.info-algerie.com\/actualites\/wp-content\/uploads\/2017\/08\/99ccad4c0dd3cca567198fd35439f2af_S-1.jpg","type":"image\/jpeg"}],"author":"La r\u00e9daction","twitter_misc":{"\u00c9crit par":"La r\u00e9daction","Dur\u00e9e de lecture estim\u00e9e":"2 minutes"},"schema":{"@context":"https:\/\/schema.org","@graph":[{"@type":"Article","@id":"https:\/\/www.info-algerie.com\/actualites\/cessation-de-parution-de-la-tribune-les-associes-ameyar-introduisent-une-intervention-aupres-du-juge-des-referes\/#article","isPartOf":{"@id":"https:\/\/www.info-algerie.com\/actualites\/cessation-de-parution-de-la-tribune-les-associes-ameyar-introduisent-une-intervention-aupres-du-juge-des-referes\/"},"author":{"name":"La r\u00e9daction","@id":"https:\/\/www.info-algerie.com\/actualites\/#\/schema\/person\/847aaec44920825b843a08f30ec6aa1e"},"headline":"Cessation de parution de La Tribune: les associ\u00e9s Ameyar introduisent une intervention aupr\u00e8s du juge des r\u00e9f\u00e9r\u00e9s","datePublished":"2017-08-16T16:49:00+00:00","mainEntityOfPage":{"@id":"https:\/\/www.info-algerie.com\/actualites\/cessation-de-parution-de-la-tribune-les-associes-ameyar-introduisent-une-intervention-aupres-du-juge-des-referes\/"},"wordCount":443,"commentCount":0,"publisher":{"@id":"https:\/\/www.info-algerie.com\/actualites\/#organization"},"image":{"@id":"https:\/\/www.info-algerie.com\/actualites\/cessation-de-parution-de-la-tribune-les-associes-ameyar-introduisent-une-intervention-aupres-du-juge-des-referes\/#primaryimage"},"thumbnailUrl":"https:\/\/www.info-algerie.com\/actualites\/wp-content\/uploads\/2017\/08\/99ccad4c0dd3cca567198fd35439f2af_S-1.jpg","keywords":["ONU"],"articleSection":["infos"],"inLanguage":"fr-FR","potentialAction":[{"@type":"CommentAction","name":"Comment","target":["https:\/\/www.info-algerie.com\/actualites\/cessation-de-parution-de-la-tribune-les-associes-ameyar-introduisent-une-intervention-aupres-du-juge-des-referes\/#respond"]}]},{"@type":"WebPage","@id":"https:\/\/www.info-algerie.com\/actualites\/cessation-de-parution-de-la-tribune-les-associes-ameyar-introduisent-une-intervention-aupres-du-juge-des-referes\/","url":"https:\/\/www.info-algerie.com\/actualites\/cessation-de-parution-de-la-tribune-les-associes-ameyar-introduisent-une-intervention-aupres-du-juge-des-referes\/","name":"Cessation de parution de La Tribune: les associ\u00e9s Ameyar introduisent une intervention aupr\u00e8s du juge des r\u00e9f\u00e9r\u00e9s - info algerie","isPartOf":{"@id":"https:\/\/www.info-algerie.com\/actualites\/#website"},"primaryImageOfPage":{"@id":"https:\/\/www.info-algerie.com\/actualites\/cessation-de-parution-de-la-tribune-les-associes-ameyar-introduisent-une-intervention-aupres-du-juge-des-referes\/#primaryimage"},"image":{"@id":"https:\/\/www.info-algerie.com\/actualites\/cessation-de-parution-de-la-tribune-les-associes-ameyar-introduisent-une-intervention-aupres-du-juge-des-referes\/#primaryimage"},"thumbnailUrl":"https:\/\/www.info-algerie.com\/actualites\/wp-content\/uploads\/2017\/08\/99ccad4c0dd3cca567198fd35439f2af_S-1.jpg","datePublished":"2017-08-16T16:49:00+00:00","breadcrumb":{"@id":"https:\/\/www.info-algerie.com\/actualites\/cessation-de-parution-de-la-tribune-les-associes-ameyar-introduisent-une-intervention-aupres-du-juge-des-referes\/#breadcrumb"},"inLanguage":"fr-FR","potentialAction":[{"@type":"ReadAction","target":["https:\/\/www.info-algerie.com\/actualites\/cessation-de-parution-de-la-tribune-les-associes-ameyar-introduisent-une-intervention-aupres-du-juge-des-referes\/"]}]},{"@type":"ImageObject","inLanguage":"fr-FR","@id":"https:\/\/www.info-algerie.com\/actualites\/cessation-de-parution-de-la-tribune-les-associes-ameyar-introduisent-une-intervention-aupres-du-juge-des-referes\/#primaryimage","url":"https:\/\/www.info-algerie.com\/actualites\/wp-content\/uploads\/2017\/08\/99ccad4c0dd3cca567198fd35439f2af_S-1.jpg","contentUrl":"https:\/\/www.info-algerie.com\/actualites\/wp-content\/uploads\/2017\/08\/99ccad4c0dd3cca567198fd35439f2af_S-1.jpg","width":280,"height":169},{"@type":"BreadcrumbList","@id":"https:\/\/www.info-algerie.com\/actualites\/cessation-de-parution-de-la-tribune-les-associes-ameyar-introduisent-une-intervention-aupres-du-juge-des-referes\/#breadcrumb","itemListElement":[{"@type":"ListItem","position":1,"name":"Accueil","item":"https:\/\/www.info-algerie.com\/actualites\/"},{"@type":"ListItem","position":2,"name":"Cessation de parution de La Tribune: les associ\u00e9s Ameyar introduisent une intervention aupr\u00e8s du juge des r\u00e9f\u00e9r\u00e9s"}]},{"@type":"WebSite","@id":"https:\/\/www.info-algerie.com\/actualites\/#website","url":"https:\/\/www.info-algerie.com\/actualites\/","name":"info algerie","description":"Toutes les actualit\u00e9s","publisher":{"@id":"https:\/\/www.info-algerie.com\/actualites\/#organization"},"potentialAction":[{"@type":"SearchAction","target":{"@type":"EntryPoint","urlTemplate":"https:\/\/www.info-algerie.com\/actualites\/?s={search_term_string}"},"query-input":{"@type":"PropertyValueSpecification","valueRequired":true,"valueName":"search_term_string"}}],"inLanguage":"fr-FR"},{"@type":"Organization","@id":"https:\/\/www.info-algerie.com\/actualites\/#organization","name":"info algerie","url":"https:\/\/www.info-algerie.com\/actualites\/","logo":{"@type":"ImageObject","inLanguage":"fr-FR","@id":"https:\/\/www.info-algerie.com\/actualites\/#\/schema\/logo\/image\/","url":"https:\/\/www.info-algerie.com\/actualites\/wp-content\/uploads\/2022\/07\/logo-ia-120.png","contentUrl":"https:\/\/www.info-algerie.com\/actualites\/wp-content\/uploads\/2022\/07\/logo-ia-120.png","width":120,"height":43,"caption":"info algerie"},"image":{"@id":"https:\/\/www.info-algerie.com\/actualites\/#\/schema\/logo\/image\/"},"sameAs":["https:\/\/www.facebook.com\/infoalgerieactu","https:\/\/x.com\/infoalgerie1"]},{"@type":"Person","@id":"https:\/\/www.info-algerie.com\/actualites\/#\/schema\/person\/847aaec44920825b843a08f30ec6aa1e","name":"La r\u00e9daction","image":{"@type":"ImageObject","inLanguage":"fr-FR","@id":"https:\/\/secure.gravatar.com\/avatar\/769db425c6f465158149f1ffd6cf61ce7a8a879d11dfbef8288af36dfddd418c?s=96&d=mm&r=g","url":"https:\/\/secure.gravatar.com\/avatar\/769db425c6f465158149f1ffd6cf61ce7a8a879d11dfbef8288af36dfddd418c?s=96&d=mm&r=g","contentUrl":"https:\/\/secure.gravatar.com\/avatar\/769db425c6f465158149f1ffd6cf61ce7a8a879d11dfbef8288af36dfddd418c?s=96&d=mm&r=g","caption":"La r\u00e9daction"},"sameAs":["http:\/\/www.lkeria.com\/"],"url":"https:\/\/www.info-algerie.com\/actualites\/author\/chakib32\/"}]}},"_links":{"self":[{"href":"https:\/\/www.info-algerie.com\/actualites\/wp-json\/wp\/v2\/posts\/15086","targetHints":{"allow":["GET"]}}],"collection":[{"href":"https:\/\/www.info-algerie.com\/actualites\/wp-json\/wp\/v2\/posts"}],"about":[{"href":"https:\/\/www.info-algerie.com\/actualites\/wp-json\/wp\/v2\/types\/post"}],"author":[{"embeddable":true,"href":"https:\/\/www.info-algerie.com\/actualites\/wp-json\/wp\/v2\/users\/6"}],"replies":[{"embeddable":true,"href":"https:\/\/www.info-algerie.com\/actualites\/wp-json\/wp\/v2\/comments?post=15086"}],"version-history":[{"count":0,"href":"https:\/\/www.info-algerie.com\/actualites\/wp-json\/wp\/v2\/posts\/15086\/revisions"}],"wp:featuredmedia":[{"embeddable":true,"href":"https:\/\/www.info-algerie.com\/actualites\/wp-json\/wp\/v2\/media\/15087"}],"wp:attachment":[{"href":"https:\/\/www.info-algerie.com\/actualites\/wp-json\/wp\/v2\/media?parent=15086"}],"wp:term":[{"taxonomy":"category","embeddable":true,"href":"https:\/\/www.info-algerie.com\/actualites\/wp-json\/wp\/v2\/categories?post=15086"},{"taxonomy":"post_tag","embeddable":true,"href":"https:\/\/www.info-algerie.com\/actualites\/wp-json\/wp\/v2\/tags?post=15086"}],"curies":[{"name":"wp","href":"https:\/\/api.w.org\/{rel}","templated":true}]}}