{"id":15096,"date":"2017-08-17T08:58:34","date_gmt":"2017-08-17T07:58:34","guid":{"rendered":"http:\/\/www.info-algerie.com\/actualites\/bensalah-evoque-avec-le-president-du-parlement-sahraoui-les-derniers-developpements-de-la-question-sahraouie\/"},"modified":"2017-08-17T08:58:34","modified_gmt":"2017-08-17T07:58:34","slug":"bensalah-evoque-avec-le-president-du-parlement-sahraoui-les-derniers-developpements-de-la-question-sahraouie","status":"publish","type":"post","link":"https:\/\/www.info-algerie.com\/actualites\/bensalah-evoque-avec-le-president-du-parlement-sahraoui-les-derniers-developpements-de-la-question-sahraouie\/","title":{"rendered":"Bensalah \u00e9voque avec le pr\u00e9sident du parlement sahraoui les derniers d\u00e9veloppements de la question sahraouie  \u00a0"},"content":{"rendered":"<div class=\"K2FeedImage\"><img decoding=\"async\" src=\"https:\/\/www.info-algerie.com\/actualites\/wp-content\/uploads\/2017\/08\/6820d22f39554aa00bb269d0ea666ac4_S.jpg\" alt=\"Bensalah &#xE9;voque avec le pr&#xE9;sident du parlement sahraoui les derniers d&#xE9;veloppements de la question sahraouie  &#xA0;\" \/><\/div>\n<div class=\"K2FeedIntroText\">\n<p class=\"MsoNoSpacing\">ALGER- Le pr\u00e9sident du Conseil de la nation Abdelkader Bensalah a re\u00e7u mercredi, au si\u00e8ge du conseil, le pr\u00e9sident du parlement sahraoui M. Khatri Addouh avec lequel il a \u00e9voqu\u00e9 les derniers\u00a0 d\u00e9veloppements de la question sahraouie, ainsi que les voies et moyens de renforcer les relations bilat\u00e9rales, sur les plans parlementaire et l\u00e9gislatif, a indiqu\u00e9 un communiqu\u00e9 du Conseil.<\/p>\n<p>&#013;\n<\/p><\/div>\n<div class=\"K2FeedFullText\">&#013;<\/p>\n<p>La rencontre qui s&rsquo;est d\u00e9roul\u00e9e en pr\u00e9sence de l&rsquo;ambassadeur de la RASD \u00e0 Alger, Becheraya Hamoudi Bayoune, a permis d&rsquo;aborder les voies et moyens \u00e0 m\u00eame de consolider les relations bilat\u00e9rales, notamment sur les plans parlementaire et l\u00e9gislatif.<\/p>\n<p>&#013;<\/p>\n<p>La rencontre a permis de passer en revue les derniers d\u00e9veloppements de la question sahraouie au niveau de l&rsquo;Union africaine (UA) et de l&rsquo;Organisation des nations unies (ONU) apr\u00e8s la nomination du nouvel envoy\u00e9 sp\u00e9cial au Sahara Occidental.<\/p>\n<p>&#013;<\/p>\n<p>M. Bensalah a r\u00e9affirm\u00e9 la position ferme de l&rsquo;Alg\u00e9rie en faveur du droit du peuple sahraoui \u00e0 l&rsquo;autod\u00e9termination, conform\u00e9ment \u00e0 la l\u00e9galit\u00e9 internationale et aux r\u00e9solutions onusiennes.<\/p>\n<p>&#013;<\/p>\n<p>A son tour, M.Khatri Addouh a salu\u00e9 la position de l&rsquo;Alg\u00e9rie \u00e0 l&rsquo;\u00e9gard de la cause sahraouie, exprimant ses remerciements au peuple et aux dirigeants alg\u00e9riens, sous la conduite de son excellence, le pr\u00e9sident de la R\u00e9publique, Abdelaziz Bouteflika, conclut le communiqu\u00e9.<\/p>\n<\/div>\n<p>&#013;<br \/>\nSource: <a href=\"http:\/\/www.aps.dz\/algerie\/61808-bensalah-evoque-avec-le-president-du-parlement-sahraoui-les-derniers-developpements-de-la-question-sahraouie\" target=\"_blank\">Bensalah \u00e9voque avec le pr\u00e9sident du parlement sahraoui les derniers d\u00e9veloppements de la question sahraouie  \u00a0<\/a><\/p>\n<!--CusAds0-->\n<div style=\"font-size: 0px; height: 0px; line-height: 0px; margin: 0; padding: 0; clear: both;\"><\/div>","protected":false},"excerpt":{"rendered":"<p>ALGER- Le pr\u00e9sident du Conseil de la nation Abdelkader Bensalah a re\u00e7u mercredi, au si\u00e8ge du conseil, le pr\u00e9sident du parlement sahraoui M. Khatri Addouh avec lequel il a \u00e9voqu\u00e9 les derniers\u00a0 d\u00e9veloppements de la question sahraouie, ainsi que les voies et moyens de renforcer les relations bilat\u00e9rales, sur les plans parlementaire et l\u00e9gislatif, a<\/p>\n","protected":false},"author":6,"featured_media":15097,"comment_status":"open","ping_status":"open","sticky":false,"template":"","format":"standard","meta":{"footnotes":""},"categories":[22],"tags":[93],"class_list":["post-15096","post","type-post","status-publish","format-standard","has-post-thumbnail","hentry","category-infos","tag-onu"],"yoast_head":"<!-- This site is optimized with the Yoast SEO plugin v27.5 - https:\/\/yoast.com\/product\/yoast-seo-wordpress\/ -->\n<title>Bensalah \u00e9voque avec le pr\u00e9sident du parlement sahraoui les derniers d\u00e9veloppements de la question sahraouie \u00a0 - info algerie<\/title>\n<meta name=\"robots\" content=\"index, follow, max-snippet:-1, max-image-preview:large, max-video-preview:-1\" \/>\n<link rel=\"canonical\" href=\"https:\/\/www.info-algerie.com\/actualites\/bensalah-evoque-avec-le-president-du-parlement-sahraoui-les-derniers-developpements-de-la-question-sahraouie\/\" \/>\n<meta property=\"og:locale\" content=\"fr_FR\" \/>\n<meta property=\"og:type\" content=\"article\" \/>\n<meta property=\"og:title\" content=\"Bensalah \u00e9voque avec le pr\u00e9sident du parlement sahraoui les derniers d\u00e9veloppements de la question sahraouie \u00a0 - info algerie\" \/>\n<meta property=\"og:description\" content=\"ALGER- Le pr\u00e9sident du Conseil de la nation Abdelkader Bensalah a re\u00e7u mercredi, au si\u00e8ge du conseil, le pr\u00e9sident du parlement sahraoui M. Khatri Addouh avec lequel il a \u00e9voqu\u00e9 les derniers\u00a0 d\u00e9veloppements de la question sahraouie, ainsi que les voies et moyens de renforcer les relations bilat\u00e9rales, sur les plans parlementaire et l\u00e9gislatif, a\" \/>\n<meta property=\"og:url\" content=\"https:\/\/www.info-algerie.com\/actualites\/bensalah-evoque-avec-le-president-du-parlement-sahraoui-les-derniers-developpements-de-la-question-sahraouie\/\" \/>\n<meta property=\"og:site_name\" content=\"info algerie\" \/>\n<meta property=\"article:publisher\" content=\"https:\/\/www.facebook.com\/infoalgerieactu\" \/>\n<meta property=\"article:published_time\" content=\"2017-08-17T07:58:34+00:00\" \/>\n<meta property=\"og:image\" content=\"https:\/\/www.info-algerie.com\/actualites\/wp-content\/uploads\/2017\/08\/6820d22f39554aa00bb269d0ea666ac4_S-1.jpg\" \/>\n\t<meta property=\"og:image:width\" content=\"280\" \/>\n\t<meta property=\"og:image:height\" content=\"183\" \/>\n\t<meta property=\"og:image:type\" content=\"image\/jpeg\" \/>\n<meta name=\"author\" content=\"La r\u00e9daction\" \/>\n<meta name=\"twitter:label1\" content=\"\u00c9crit par\" \/>\n\t<meta name=\"twitter:data1\" content=\"La r\u00e9daction\" \/>\n\t<meta name=\"twitter:label2\" content=\"Dur\u00e9e de lecture estim\u00e9e\" \/>\n\t<meta name=\"twitter:data2\" content=\"1 minute\" \/>\n<script type=\"application\/ld+json\" class=\"yoast-schema-graph\">{\"@context\":\"https:\\\/\\\/schema.org\",\"@graph\":[{\"@type\":\"Article\",\"@id\":\"https:\\\/\\\/www.info-algerie.com\\\/actualites\\\/bensalah-evoque-avec-le-president-du-parlement-sahraoui-les-derniers-developpements-de-la-question-sahraouie\\\/#article\",\"isPartOf\":{\"@id\":\"https:\\\/\\\/www.info-algerie.com\\\/actualites\\\/bensalah-evoque-avec-le-president-du-parlement-sahraoui-les-derniers-developpements-de-la-question-sahraouie\\\/\"},\"author\":{\"name\":\"La r\u00e9daction\",\"@id\":\"https:\\\/\\\/www.info-algerie.com\\\/actualites\\\/#\\\/schema\\\/person\\\/847aaec44920825b843a08f30ec6aa1e\"},\"headline\":\"Bensalah \u00e9voque avec le pr\u00e9sident du parlement sahraoui les derniers d\u00e9veloppements de la question sahraouie \u00a0\",\"datePublished\":\"2017-08-17T07:58:34+00:00\",\"mainEntityOfPage\":{\"@id\":\"https:\\\/\\\/www.info-algerie.com\\\/actualites\\\/bensalah-evoque-avec-le-president-du-parlement-sahraoui-les-derniers-developpements-de-la-question-sahraouie\\\/\"},\"wordCount\":271,\"commentCount\":0,\"publisher\":{\"@id\":\"https:\\\/\\\/www.info-algerie.com\\\/actualites\\\/#organization\"},\"image\":{\"@id\":\"https:\\\/\\\/www.info-algerie.com\\\/actualites\\\/bensalah-evoque-avec-le-president-du-parlement-sahraoui-les-derniers-developpements-de-la-question-sahraouie\\\/#primaryimage\"},\"thumbnailUrl\":\"https:\\\/\\\/www.info-algerie.com\\\/actualites\\\/wp-content\\\/uploads\\\/2017\\\/08\\\/6820d22f39554aa00bb269d0ea666ac4_S-1.jpg\",\"keywords\":[\"ONU\"],\"articleSection\":[\"infos\"],\"inLanguage\":\"fr-FR\",\"potentialAction\":[{\"@type\":\"CommentAction\",\"name\":\"Comment\",\"target\":[\"https:\\\/\\\/www.info-algerie.com\\\/actualites\\\/bensalah-evoque-avec-le-president-du-parlement-sahraoui-les-derniers-developpements-de-la-question-sahraouie\\\/#respond\"]}]},{\"@type\":\"WebPage\",\"@id\":\"https:\\\/\\\/www.info-algerie.com\\\/actualites\\\/bensalah-evoque-avec-le-president-du-parlement-sahraoui-les-derniers-developpements-de-la-question-sahraouie\\\/\",\"url\":\"https:\\\/\\\/www.info-algerie.com\\\/actualites\\\/bensalah-evoque-avec-le-president-du-parlement-sahraoui-les-derniers-developpements-de-la-question-sahraouie\\\/\",\"name\":\"Bensalah \u00e9voque avec le pr\u00e9sident du parlement sahraoui les derniers d\u00e9veloppements de la question sahraouie \u00a0 - info algerie\",\"isPartOf\":{\"@id\":\"https:\\\/\\\/www.info-algerie.com\\\/actualites\\\/#website\"},\"primaryImageOfPage\":{\"@id\":\"https:\\\/\\\/www.info-algerie.com\\\/actualites\\\/bensalah-evoque-avec-le-president-du-parlement-sahraoui-les-derniers-developpements-de-la-question-sahraouie\\\/#primaryimage\"},\"image\":{\"@id\":\"https:\\\/\\\/www.info-algerie.com\\\/actualites\\\/bensalah-evoque-avec-le-president-du-parlement-sahraoui-les-derniers-developpements-de-la-question-sahraouie\\\/#primaryimage\"},\"thumbnailUrl\":\"https:\\\/\\\/www.info-algerie.com\\\/actualites\\\/wp-content\\\/uploads\\\/2017\\\/08\\\/6820d22f39554aa00bb269d0ea666ac4_S-1.jpg\",\"datePublished\":\"2017-08-17T07:58:34+00:00\",\"breadcrumb\":{\"@id\":\"https:\\\/\\\/www.info-algerie.com\\\/actualites\\\/bensalah-evoque-avec-le-president-du-parlement-sahraoui-les-derniers-developpements-de-la-question-sahraouie\\\/#breadcrumb\"},\"inLanguage\":\"fr-FR\",\"potentialAction\":[{\"@type\":\"ReadAction\",\"target\":[\"https:\\\/\\\/www.info-algerie.com\\\/actualites\\\/bensalah-evoque-avec-le-president-du-parlement-sahraoui-les-derniers-developpements-de-la-question-sahraouie\\\/\"]}]},{\"@type\":\"ImageObject\",\"inLanguage\":\"fr-FR\",\"@id\":\"https:\\\/\\\/www.info-algerie.com\\\/actualites\\\/bensalah-evoque-avec-le-president-du-parlement-sahraoui-les-derniers-developpements-de-la-question-sahraouie\\\/#primaryimage\",\"url\":\"https:\\\/\\\/www.info-algerie.com\\\/actualites\\\/wp-content\\\/uploads\\\/2017\\\/08\\\/6820d22f39554aa00bb269d0ea666ac4_S-1.jpg\",\"contentUrl\":\"https:\\\/\\\/www.info-algerie.com\\\/actualites\\\/wp-content\\\/uploads\\\/2017\\\/08\\\/6820d22f39554aa00bb269d0ea666ac4_S-1.jpg\",\"width\":280,\"height\":183},{\"@type\":\"BreadcrumbList\",\"@id\":\"https:\\\/\\\/www.info-algerie.com\\\/actualites\\\/bensalah-evoque-avec-le-president-du-parlement-sahraoui-les-derniers-developpements-de-la-question-sahraouie\\\/#breadcrumb\",\"itemListElement\":[{\"@type\":\"ListItem\",\"position\":1,\"name\":\"Accueil\",\"item\":\"https:\\\/\\\/www.info-algerie.com\\\/actualites\\\/\"},{\"@type\":\"ListItem\",\"position\":2,\"name\":\"Bensalah \u00e9voque avec le pr\u00e9sident du parlement sahraoui les derniers d\u00e9veloppements de la question sahraouie \u00a0\"}]},{\"@type\":\"WebSite\",\"@id\":\"https:\\\/\\\/www.info-algerie.com\\\/actualites\\\/#website\",\"url\":\"https:\\\/\\\/www.info-algerie.com\\\/actualites\\\/\",\"name\":\"info algerie\",\"description\":\"Toutes les actualit\u00e9s\",\"publisher\":{\"@id\":\"https:\\\/\\\/www.info-algerie.com\\\/actualites\\\/#organization\"},\"potentialAction\":[{\"@type\":\"SearchAction\",\"target\":{\"@type\":\"EntryPoint\",\"urlTemplate\":\"https:\\\/\\\/www.info-algerie.com\\\/actualites\\\/?s={search_term_string}\"},\"query-input\":{\"@type\":\"PropertyValueSpecification\",\"valueRequired\":true,\"valueName\":\"search_term_string\"}}],\"inLanguage\":\"fr-FR\"},{\"@type\":\"Organization\",\"@id\":\"https:\\\/\\\/www.info-algerie.com\\\/actualites\\\/#organization\",\"name\":\"info algerie\",\"url\":\"https:\\\/\\\/www.info-algerie.com\\\/actualites\\\/\",\"logo\":{\"@type\":\"ImageObject\",\"inLanguage\":\"fr-FR\",\"@id\":\"https:\\\/\\\/www.info-algerie.com\\\/actualites\\\/#\\\/schema\\\/logo\\\/image\\\/\",\"url\":\"https:\\\/\\\/www.info-algerie.com\\\/actualites\\\/wp-content\\\/uploads\\\/2022\\\/07\\\/logo-ia-120.png\",\"contentUrl\":\"https:\\\/\\\/www.info-algerie.com\\\/actualites\\\/wp-content\\\/uploads\\\/2022\\\/07\\\/logo-ia-120.png\",\"width\":120,\"height\":43,\"caption\":\"info algerie\"},\"image\":{\"@id\":\"https:\\\/\\\/www.info-algerie.com\\\/actualites\\\/#\\\/schema\\\/logo\\\/image\\\/\"},\"sameAs\":[\"https:\\\/\\\/www.facebook.com\\\/infoalgerieactu\",\"https:\\\/\\\/x.com\\\/infoalgerie1\"]},{\"@type\":\"Person\",\"@id\":\"https:\\\/\\\/www.info-algerie.com\\\/actualites\\\/#\\\/schema\\\/person\\\/847aaec44920825b843a08f30ec6aa1e\",\"name\":\"La r\u00e9daction\",\"image\":{\"@type\":\"ImageObject\",\"inLanguage\":\"fr-FR\",\"@id\":\"https:\\\/\\\/secure.gravatar.com\\\/avatar\\\/769db425c6f465158149f1ffd6cf61ce7a8a879d11dfbef8288af36dfddd418c?s=96&d=mm&r=g\",\"url\":\"https:\\\/\\\/secure.gravatar.com\\\/avatar\\\/769db425c6f465158149f1ffd6cf61ce7a8a879d11dfbef8288af36dfddd418c?s=96&d=mm&r=g\",\"contentUrl\":\"https:\\\/\\\/secure.gravatar.com\\\/avatar\\\/769db425c6f465158149f1ffd6cf61ce7a8a879d11dfbef8288af36dfddd418c?s=96&d=mm&r=g\",\"caption\":\"La r\u00e9daction\"},\"sameAs\":[\"http:\\\/\\\/www.lkeria.com\\\/\"],\"url\":\"https:\\\/\\\/www.info-algerie.com\\\/actualites\\\/author\\\/chakib32\\\/\"}]}<\/script>\n<!-- \/ Yoast SEO plugin. -->","yoast_head_json":{"title":"Bensalah \u00e9voque avec le pr\u00e9sident du parlement sahraoui les derniers d\u00e9veloppements de la question sahraouie \u00a0 - info algerie","robots":{"index":"index","follow":"follow","max-snippet":"max-snippet:-1","max-image-preview":"max-image-preview:large","max-video-preview":"max-video-preview:-1"},"canonical":"https:\/\/www.info-algerie.com\/actualites\/bensalah-evoque-avec-le-president-du-parlement-sahraoui-les-derniers-developpements-de-la-question-sahraouie\/","og_locale":"fr_FR","og_type":"article","og_title":"Bensalah \u00e9voque avec le pr\u00e9sident du parlement sahraoui les derniers d\u00e9veloppements de la question sahraouie \u00a0 - info algerie","og_description":"ALGER- Le pr\u00e9sident du Conseil de la nation Abdelkader Bensalah a re\u00e7u mercredi, au si\u00e8ge du conseil, le pr\u00e9sident du parlement sahraoui M. Khatri Addouh avec lequel il a \u00e9voqu\u00e9 les derniers\u00a0 d\u00e9veloppements de la question sahraouie, ainsi que les voies et moyens de renforcer les relations bilat\u00e9rales, sur les plans parlementaire et l\u00e9gislatif, a","og_url":"https:\/\/www.info-algerie.com\/actualites\/bensalah-evoque-avec-le-president-du-parlement-sahraoui-les-derniers-developpements-de-la-question-sahraouie\/","og_site_name":"info algerie","article_publisher":"https:\/\/www.facebook.com\/infoalgerieactu","article_published_time":"2017-08-17T07:58:34+00:00","og_image":[{"width":280,"height":183,"url":"https:\/\/www.info-algerie.com\/actualites\/wp-content\/uploads\/2017\/08\/6820d22f39554aa00bb269d0ea666ac4_S-1.jpg","type":"image\/jpeg"}],"author":"La r\u00e9daction","twitter_misc":{"\u00c9crit par":"La r\u00e9daction","Dur\u00e9e de lecture estim\u00e9e":"1 minute"},"schema":{"@context":"https:\/\/schema.org","@graph":[{"@type":"Article","@id":"https:\/\/www.info-algerie.com\/actualites\/bensalah-evoque-avec-le-president-du-parlement-sahraoui-les-derniers-developpements-de-la-question-sahraouie\/#article","isPartOf":{"@id":"https:\/\/www.info-algerie.com\/actualites\/bensalah-evoque-avec-le-president-du-parlement-sahraoui-les-derniers-developpements-de-la-question-sahraouie\/"},"author":{"name":"La r\u00e9daction","@id":"https:\/\/www.info-algerie.com\/actualites\/#\/schema\/person\/847aaec44920825b843a08f30ec6aa1e"},"headline":"Bensalah \u00e9voque avec le pr\u00e9sident du parlement sahraoui les derniers d\u00e9veloppements de la question sahraouie \u00a0","datePublished":"2017-08-17T07:58:34+00:00","mainEntityOfPage":{"@id":"https:\/\/www.info-algerie.com\/actualites\/bensalah-evoque-avec-le-president-du-parlement-sahraoui-les-derniers-developpements-de-la-question-sahraouie\/"},"wordCount":271,"commentCount":0,"publisher":{"@id":"https:\/\/www.info-algerie.com\/actualites\/#organization"},"image":{"@id":"https:\/\/www.info-algerie.com\/actualites\/bensalah-evoque-avec-le-president-du-parlement-sahraoui-les-derniers-developpements-de-la-question-sahraouie\/#primaryimage"},"thumbnailUrl":"https:\/\/www.info-algerie.com\/actualites\/wp-content\/uploads\/2017\/08\/6820d22f39554aa00bb269d0ea666ac4_S-1.jpg","keywords":["ONU"],"articleSection":["infos"],"inLanguage":"fr-FR","potentialAction":[{"@type":"CommentAction","name":"Comment","target":["https:\/\/www.info-algerie.com\/actualites\/bensalah-evoque-avec-le-president-du-parlement-sahraoui-les-derniers-developpements-de-la-question-sahraouie\/#respond"]}]},{"@type":"WebPage","@id":"https:\/\/www.info-algerie.com\/actualites\/bensalah-evoque-avec-le-president-du-parlement-sahraoui-les-derniers-developpements-de-la-question-sahraouie\/","url":"https:\/\/www.info-algerie.com\/actualites\/bensalah-evoque-avec-le-president-du-parlement-sahraoui-les-derniers-developpements-de-la-question-sahraouie\/","name":"Bensalah \u00e9voque avec le pr\u00e9sident du parlement sahraoui les derniers d\u00e9veloppements de la question sahraouie \u00a0 - info algerie","isPartOf":{"@id":"https:\/\/www.info-algerie.com\/actualites\/#website"},"primaryImageOfPage":{"@id":"https:\/\/www.info-algerie.com\/actualites\/bensalah-evoque-avec-le-president-du-parlement-sahraoui-les-derniers-developpements-de-la-question-sahraouie\/#primaryimage"},"image":{"@id":"https:\/\/www.info-algerie.com\/actualites\/bensalah-evoque-avec-le-president-du-parlement-sahraoui-les-derniers-developpements-de-la-question-sahraouie\/#primaryimage"},"thumbnailUrl":"https:\/\/www.info-algerie.com\/actualites\/wp-content\/uploads\/2017\/08\/6820d22f39554aa00bb269d0ea666ac4_S-1.jpg","datePublished":"2017-08-17T07:58:34+00:00","breadcrumb":{"@id":"https:\/\/www.info-algerie.com\/actualites\/bensalah-evoque-avec-le-president-du-parlement-sahraoui-les-derniers-developpements-de-la-question-sahraouie\/#breadcrumb"},"inLanguage":"fr-FR","potentialAction":[{"@type":"ReadAction","target":["https:\/\/www.info-algerie.com\/actualites\/bensalah-evoque-avec-le-president-du-parlement-sahraoui-les-derniers-developpements-de-la-question-sahraouie\/"]}]},{"@type":"ImageObject","inLanguage":"fr-FR","@id":"https:\/\/www.info-algerie.com\/actualites\/bensalah-evoque-avec-le-president-du-parlement-sahraoui-les-derniers-developpements-de-la-question-sahraouie\/#primaryimage","url":"https:\/\/www.info-algerie.com\/actualites\/wp-content\/uploads\/2017\/08\/6820d22f39554aa00bb269d0ea666ac4_S-1.jpg","contentUrl":"https:\/\/www.info-algerie.com\/actualites\/wp-content\/uploads\/2017\/08\/6820d22f39554aa00bb269d0ea666ac4_S-1.jpg","width":280,"height":183},{"@type":"BreadcrumbList","@id":"https:\/\/www.info-algerie.com\/actualites\/bensalah-evoque-avec-le-president-du-parlement-sahraoui-les-derniers-developpements-de-la-question-sahraouie\/#breadcrumb","itemListElement":[{"@type":"ListItem","position":1,"name":"Accueil","item":"https:\/\/www.info-algerie.com\/actualites\/"},{"@type":"ListItem","position":2,"name":"Bensalah \u00e9voque avec le pr\u00e9sident du parlement sahraoui les derniers d\u00e9veloppements de la question sahraouie \u00a0"}]},{"@type":"WebSite","@id":"https:\/\/www.info-algerie.com\/actualites\/#website","url":"https:\/\/www.info-algerie.com\/actualites\/","name":"info algerie","description":"Toutes les actualit\u00e9s","publisher":{"@id":"https:\/\/www.info-algerie.com\/actualites\/#organization"},"potentialAction":[{"@type":"SearchAction","target":{"@type":"EntryPoint","urlTemplate":"https:\/\/www.info-algerie.com\/actualites\/?s={search_term_string}"},"query-input":{"@type":"PropertyValueSpecification","valueRequired":true,"valueName":"search_term_string"}}],"inLanguage":"fr-FR"},{"@type":"Organization","@id":"https:\/\/www.info-algerie.com\/actualites\/#organization","name":"info algerie","url":"https:\/\/www.info-algerie.com\/actualites\/","logo":{"@type":"ImageObject","inLanguage":"fr-FR","@id":"https:\/\/www.info-algerie.com\/actualites\/#\/schema\/logo\/image\/","url":"https:\/\/www.info-algerie.com\/actualites\/wp-content\/uploads\/2022\/07\/logo-ia-120.png","contentUrl":"https:\/\/www.info-algerie.com\/actualites\/wp-content\/uploads\/2022\/07\/logo-ia-120.png","width":120,"height":43,"caption":"info algerie"},"image":{"@id":"https:\/\/www.info-algerie.com\/actualites\/#\/schema\/logo\/image\/"},"sameAs":["https:\/\/www.facebook.com\/infoalgerieactu","https:\/\/x.com\/infoalgerie1"]},{"@type":"Person","@id":"https:\/\/www.info-algerie.com\/actualites\/#\/schema\/person\/847aaec44920825b843a08f30ec6aa1e","name":"La r\u00e9daction","image":{"@type":"ImageObject","inLanguage":"fr-FR","@id":"https:\/\/secure.gravatar.com\/avatar\/769db425c6f465158149f1ffd6cf61ce7a8a879d11dfbef8288af36dfddd418c?s=96&d=mm&r=g","url":"https:\/\/secure.gravatar.com\/avatar\/769db425c6f465158149f1ffd6cf61ce7a8a879d11dfbef8288af36dfddd418c?s=96&d=mm&r=g","contentUrl":"https:\/\/secure.gravatar.com\/avatar\/769db425c6f465158149f1ffd6cf61ce7a8a879d11dfbef8288af36dfddd418c?s=96&d=mm&r=g","caption":"La r\u00e9daction"},"sameAs":["http:\/\/www.lkeria.com\/"],"url":"https:\/\/www.info-algerie.com\/actualites\/author\/chakib32\/"}]}},"_links":{"self":[{"href":"https:\/\/www.info-algerie.com\/actualites\/wp-json\/wp\/v2\/posts\/15096","targetHints":{"allow":["GET"]}}],"collection":[{"href":"https:\/\/www.info-algerie.com\/actualites\/wp-json\/wp\/v2\/posts"}],"about":[{"href":"https:\/\/www.info-algerie.com\/actualites\/wp-json\/wp\/v2\/types\/post"}],"author":[{"embeddable":true,"href":"https:\/\/www.info-algerie.com\/actualites\/wp-json\/wp\/v2\/users\/6"}],"replies":[{"embeddable":true,"href":"https:\/\/www.info-algerie.com\/actualites\/wp-json\/wp\/v2\/comments?post=15096"}],"version-history":[{"count":0,"href":"https:\/\/www.info-algerie.com\/actualites\/wp-json\/wp\/v2\/posts\/15096\/revisions"}],"wp:featuredmedia":[{"embeddable":true,"href":"https:\/\/www.info-algerie.com\/actualites\/wp-json\/wp\/v2\/media\/15097"}],"wp:attachment":[{"href":"https:\/\/www.info-algerie.com\/actualites\/wp-json\/wp\/v2\/media?parent=15096"}],"wp:term":[{"taxonomy":"category","embeddable":true,"href":"https:\/\/www.info-algerie.com\/actualites\/wp-json\/wp\/v2\/categories?post=15096"},{"taxonomy":"post_tag","embeddable":true,"href":"https:\/\/www.info-algerie.com\/actualites\/wp-json\/wp\/v2\/tags?post=15096"}],"curies":[{"name":"wp","href":"https:\/\/api.w.org\/{rel}","templated":true}]}}