{"id":15099,"date":"2017-08-17T09:58:19","date_gmt":"2017-08-17T08:58:19","guid":{"rendered":"http:\/\/www.info-algerie.com\/actualites\/le-president-de-la-republique-nomme-les-membres-du-gouvernement\/"},"modified":"2017-08-17T09:58:19","modified_gmt":"2017-08-17T08:58:19","slug":"le-president-de-la-republique-nomme-les-membres-du-gouvernement","status":"publish","type":"post","link":"https:\/\/www.info-algerie.com\/actualites\/le-president-de-la-republique-nomme-les-membres-du-gouvernement\/","title":{"rendered":"Le Pr\u00e9sident de la r\u00e9publique nomme les membres du gouvernement  \u00a0"},"content":{"rendered":"<div class=\"K2FeedImage\"><img decoding=\"async\" src=\"https:\/\/www.info-algerie.com\/actualites\/wp-content\/uploads\/2017\/08\/d2b5d99a6cba252f1ab00841c1766b08_S.jpg\" alt=\"Le Pr&#xE9;sident de la r&#xE9;publique nomme les membres du gouvernement  &#xA0;\" \/><\/div>\n<div class=\"K2FeedIntroText\">\n<p class=\"MsoNoSpacing\">ALGER- Le pr\u00e9sident de la r\u00e9publique a nomm\u00e9 jeudi, conform\u00e9ment \u00e0 l&rsquo;article 93 de la Constitution, et apr\u00e8s consultation du Premier ministre, les membres du gouvernement dont la liste se pr\u00e9sente comme suit:<\/p>\n<p>&#013;\n<\/p><\/div>\n<div class=\"K2FeedFullText\">&#013;<\/p>\n<p class=\"MsoNoSpacing\">\u00a0-Premier ministre: Ahmed OUYAHIA<\/p>\n<p>&#013;<\/p>\n<p class=\"MsoNoSpacing\">-Vice ministre de la D\u00e9fense, Chef d&rsquo;Etat Major de l&rsquo;ANP, Ahmed GAID SALAH<\/p>\n<p>&#013;<\/p>\n<p class=\"MsoNoSpacing\">-Ministre des Affaires Etrang\u00e8res: Abdelkader MESSAHEL<\/p>\n<p>&#013;<\/p>\n<p class=\"MsoNoSpacing\">-Ministre de l&rsquo;Int\u00e9rieur et des Collectivit\u00e9 locales et de l&rsquo;Am\u00e9nagement du<\/p>\n<p>&#013;<\/p>\n<p class=\"MsoNoSpacing\">-Territoire: Noureddine BEDOUI<\/p>\n<p>&#013;<\/p>\n<p class=\"MsoNoSpacing\">-Ministre de la Justice, Garde des Sceaux: Tayeb LOUH<\/p>\n<p>&#013;<\/p>\n<p class=\"MsoNoSpacing\">-Ministre des Finances: Abderrahamane ROUIA<\/p>\n<p>&#013;<\/p>\n<p class=\"MsoNoSpacing\">-Ministre de l&rsquo;Energie: Mustapha GUITOUNI<\/p>\n<p>&#013;<\/p>\n<p class=\"MsoNoSpacing\">-Ministre des Moujahidine: Tayeb ZITOUNI<\/p>\n<p>&#013;<\/p>\n<p class=\"MsoNoSpacing\">-Ministre des Affaires religieuses et des Wakfs: Mohamed AISSA<\/p>\n<p>&#013;<\/p>\n<p class=\"MsoNoSpacing\">-Ministre de l&rsquo;Education Nationale: Nouria BENGHABRIT<\/p>\n<p>&#013;<\/p>\n<p class=\"MsoNoSpacing\">-Ministre l&rsquo;Enseignement sup\u00e9rieur et de la Recherche scientifique: Tahar HADJAR<\/p>\n<p>&#013;<\/p>\n<p class=\"MsoNoSpacing\">-Ministre de la Formation et de l&rsquo;Enseignement Professionnels: Mohamed\u00a0 MEBARKI<\/p>\n<p>&#013;<\/p>\n<p class=\"MsoNoSpacing\">-Ministre de la Culture: Azzedine MIHOUBI<\/p>\n<p>&#013;<\/p>\n<p class=\"MsoNoSpacing\">-Ministre de la Poste et des T\u00e9l\u00e9communications, des Technologies et du num\u00e9rique:\u00a0 Houda Imane\u00a0 FERAOUN<\/p>\n<p>&#013;<\/p>\n<p class=\"MsoNoSpacing\">-Ministre de la Jeunesse et des Sports: El Hadi OULD ALI<\/p>\n<p>&#013;<\/p>\n<p class=\"MsoNoSpacing\">-Ministre de la Solidarit\u00e9 Nationale et de la Famille et de la Condition\u00a0 f\u00e9minine: Ghania EDDALIA<\/p>\n<p>&#013;<\/p>\n<p class=\"MsoNoSpacing\">-Ministre de l&rsquo;Industrie et des Mines: Youcef YOUSFI<\/p>\n<p>&#013;<\/p>\n<p class=\"MsoNoSpacing\">&#8211; Ministre de l&rsquo;Agriculture, du D\u00e9veloppement rural et de la P\u00eache,\u00a0 Abdelkader Bouazgui<\/p>\n<p>&#013;<\/p>\n<p class=\"MsoNoSpacing\">&#8211; Ministre de l&rsquo;Habitat, de l&rsquo;Urbanisme et de la Ville, Abdelwahid Temmar<\/p>\n<p>&#013;<\/p>\n<p class=\"MsoNoSpacing\">&#8211; Ministre du Commerce, Mohamed Benmeradi<\/p>\n<p>&#013;<\/p>\n<p class=\"MsoNoSpacing\">-Ministre de la Communication, Djamel Kaouane<\/p>\n<p>&#013;<\/p>\n<p class=\"MsoNoSpacing\">-Ministre des Travaux Public et des Transports, Abdelghani Za\u00e2lane<\/p>\n<p>&#013;<\/p>\n<p class=\"MsoNoSpacing\">-Ministre des Ressources en Eaux, Hocine Nacib<\/p>\n<p>&#013;<\/p>\n<p class=\"MsoNoSpacing\">-Ministre du Tourisme et de l&rsquo;Artisanat, Messouad Benagoun<\/p>\n<p>&#013;<\/p>\n<p class=\"MsoNoSpacing\">-Ministre de la Sant\u00e9, de la Population et de la R\u00e9forme hospitali\u00e8re,\u00a0 Professeur Mokhtar Hasbellaoui<\/p>\n<p>&#013;<\/p>\n<p class=\"MsoNoSpacing\">-Ministre du Travail, de l&rsquo;Emploi et de la S\u00e9curit\u00e9 sociale, Mourad Zemali<\/p>\n<p>&#013;<\/p>\n<p class=\"MsoNoSpacing\">-Ministre des Relations avec le Parlement, Tahar Khaoua<\/p>\n<p>&#013;<\/p>\n<p class=\"MsoNoSpacing\">-Ministre de l&rsquo;Environnement et des Energies renouvelables, Fatma Zohra Zerouati<\/p>\n<p>&#013;<\/p>\n<p>Par ailleurs, et conform\u00e9ment \u00e0 l&rsquo;article 92 alin\u00e9a 6 de la Constitution,\u00a0 M. le pr\u00e9sident de la R\u00e9publique a \u00e9galement nomm\u00e9 \u00e0 ce jour, M. Ahmed\u00a0 Noui, Ministre, Secr\u00e9taire g\u00e9n\u00e9ral du gouvernement<\/p>\n<\/div>\n<p>&#013;<br \/>\nSource: <a href=\"http:\/\/www.aps.dz\/algerie\/61815-le-president-de-la-republique-nomme-le-membres-du-gouvernement\" target=\"_blank\">Le Pr\u00e9sident de la r\u00e9publique nomme les membres du gouvernement  \u00a0<\/a><\/p>\n<!--CusAds0-->\n<div style=\"font-size: 0px; height: 0px; line-height: 0px; margin: 0; padding: 0; clear: both;\"><\/div>","protected":false},"excerpt":{"rendered":"<p>ALGER- Le pr\u00e9sident de la r\u00e9publique a nomm\u00e9 jeudi, conform\u00e9ment \u00e0 l&rsquo;article 93 de la Constitution, et apr\u00e8s consultation du Premier ministre, les membres du gouvernement dont la liste se pr\u00e9sente comme suit: &#013; &#013; \u00a0-Premier ministre: Ahmed OUYAHIA &#013; -Vice ministre de la D\u00e9fense, Chef d&rsquo;Etat Major de l&rsquo;ANP, Ahmed GAID SALAH &#013; -Ministre<\/p>\n","protected":false},"author":6,"featured_media":15100,"comment_status":"open","ping_status":"open","sticky":false,"template":"","format":"standard","meta":{"footnotes":""},"categories":[22],"tags":[93],"class_list":["post-15099","post","type-post","status-publish","format-standard","has-post-thumbnail","hentry","category-infos","tag-onu"],"yoast_head":"<!-- This site is optimized with the Yoast SEO plugin v27.5 - https:\/\/yoast.com\/product\/yoast-seo-wordpress\/ -->\n<title>Le Pr\u00e9sident de la r\u00e9publique nomme les membres du gouvernement \u00a0 - info algerie<\/title>\n<meta name=\"robots\" content=\"index, follow, max-snippet:-1, max-image-preview:large, max-video-preview:-1\" \/>\n<link rel=\"canonical\" href=\"https:\/\/www.info-algerie.com\/actualites\/le-president-de-la-republique-nomme-les-membres-du-gouvernement\/\" \/>\n<meta property=\"og:locale\" content=\"fr_FR\" \/>\n<meta property=\"og:type\" content=\"article\" \/>\n<meta property=\"og:title\" content=\"Le Pr\u00e9sident de la r\u00e9publique nomme les membres du gouvernement \u00a0 - info algerie\" \/>\n<meta property=\"og:description\" content=\"ALGER- Le pr\u00e9sident de la r\u00e9publique a nomm\u00e9 jeudi, conform\u00e9ment \u00e0 l&rsquo;article 93 de la Constitution, et apr\u00e8s consultation du Premier ministre, les membres du gouvernement dont la liste se pr\u00e9sente comme suit: &#013; &#013; \u00a0-Premier ministre: Ahmed OUYAHIA &#013; -Vice ministre de la D\u00e9fense, Chef d&rsquo;Etat Major de l&rsquo;ANP, Ahmed GAID SALAH &#013; -Ministre\" \/>\n<meta property=\"og:url\" content=\"https:\/\/www.info-algerie.com\/actualites\/le-president-de-la-republique-nomme-les-membres-du-gouvernement\/\" \/>\n<meta property=\"og:site_name\" content=\"info algerie\" \/>\n<meta property=\"article:publisher\" content=\"https:\/\/www.facebook.com\/infoalgerieactu\" \/>\n<meta property=\"article:published_time\" content=\"2017-08-17T08:58:19+00:00\" \/>\n<meta property=\"og:image\" content=\"https:\/\/www.info-algerie.com\/actualites\/wp-content\/uploads\/2017\/08\/d2b5d99a6cba252f1ab00841c1766b08_S-1.jpg\" \/>\n\t<meta property=\"og:image:width\" content=\"280\" \/>\n\t<meta property=\"og:image:height\" content=\"208\" \/>\n\t<meta property=\"og:image:type\" content=\"image\/jpeg\" \/>\n<meta name=\"author\" content=\"La r\u00e9daction\" \/>\n<meta name=\"twitter:label1\" content=\"\u00c9crit par\" \/>\n\t<meta name=\"twitter:data1\" content=\"La r\u00e9daction\" \/>\n\t<meta name=\"twitter:label2\" content=\"Dur\u00e9e de lecture estim\u00e9e\" \/>\n\t<meta name=\"twitter:data2\" content=\"2 minutes\" \/>\n<script type=\"application\/ld+json\" class=\"yoast-schema-graph\">{\"@context\":\"https:\\\/\\\/schema.org\",\"@graph\":[{\"@type\":\"Article\",\"@id\":\"https:\\\/\\\/www.info-algerie.com\\\/actualites\\\/le-president-de-la-republique-nomme-les-membres-du-gouvernement\\\/#article\",\"isPartOf\":{\"@id\":\"https:\\\/\\\/www.info-algerie.com\\\/actualites\\\/le-president-de-la-republique-nomme-les-membres-du-gouvernement\\\/\"},\"author\":{\"name\":\"La r\u00e9daction\",\"@id\":\"https:\\\/\\\/www.info-algerie.com\\\/actualites\\\/#\\\/schema\\\/person\\\/847aaec44920825b843a08f30ec6aa1e\"},\"headline\":\"Le Pr\u00e9sident de la r\u00e9publique nomme les membres du gouvernement \u00a0\",\"datePublished\":\"2017-08-17T08:58:19+00:00\",\"mainEntityOfPage\":{\"@id\":\"https:\\\/\\\/www.info-algerie.com\\\/actualites\\\/le-president-de-la-republique-nomme-les-membres-du-gouvernement\\\/\"},\"wordCount\":386,\"commentCount\":0,\"publisher\":{\"@id\":\"https:\\\/\\\/www.info-algerie.com\\\/actualites\\\/#organization\"},\"image\":{\"@id\":\"https:\\\/\\\/www.info-algerie.com\\\/actualites\\\/le-president-de-la-republique-nomme-les-membres-du-gouvernement\\\/#primaryimage\"},\"thumbnailUrl\":\"https:\\\/\\\/www.info-algerie.com\\\/actualites\\\/wp-content\\\/uploads\\\/2017\\\/08\\\/d2b5d99a6cba252f1ab00841c1766b08_S-1.jpg\",\"keywords\":[\"ONU\"],\"articleSection\":[\"infos\"],\"inLanguage\":\"fr-FR\",\"potentialAction\":[{\"@type\":\"CommentAction\",\"name\":\"Comment\",\"target\":[\"https:\\\/\\\/www.info-algerie.com\\\/actualites\\\/le-president-de-la-republique-nomme-les-membres-du-gouvernement\\\/#respond\"]}]},{\"@type\":\"WebPage\",\"@id\":\"https:\\\/\\\/www.info-algerie.com\\\/actualites\\\/le-president-de-la-republique-nomme-les-membres-du-gouvernement\\\/\",\"url\":\"https:\\\/\\\/www.info-algerie.com\\\/actualites\\\/le-president-de-la-republique-nomme-les-membres-du-gouvernement\\\/\",\"name\":\"Le Pr\u00e9sident de la r\u00e9publique nomme les membres du gouvernement \u00a0 - info algerie\",\"isPartOf\":{\"@id\":\"https:\\\/\\\/www.info-algerie.com\\\/actualites\\\/#website\"},\"primaryImageOfPage\":{\"@id\":\"https:\\\/\\\/www.info-algerie.com\\\/actualites\\\/le-president-de-la-republique-nomme-les-membres-du-gouvernement\\\/#primaryimage\"},\"image\":{\"@id\":\"https:\\\/\\\/www.info-algerie.com\\\/actualites\\\/le-president-de-la-republique-nomme-les-membres-du-gouvernement\\\/#primaryimage\"},\"thumbnailUrl\":\"https:\\\/\\\/www.info-algerie.com\\\/actualites\\\/wp-content\\\/uploads\\\/2017\\\/08\\\/d2b5d99a6cba252f1ab00841c1766b08_S-1.jpg\",\"datePublished\":\"2017-08-17T08:58:19+00:00\",\"breadcrumb\":{\"@id\":\"https:\\\/\\\/www.info-algerie.com\\\/actualites\\\/le-president-de-la-republique-nomme-les-membres-du-gouvernement\\\/#breadcrumb\"},\"inLanguage\":\"fr-FR\",\"potentialAction\":[{\"@type\":\"ReadAction\",\"target\":[\"https:\\\/\\\/www.info-algerie.com\\\/actualites\\\/le-president-de-la-republique-nomme-les-membres-du-gouvernement\\\/\"]}]},{\"@type\":\"ImageObject\",\"inLanguage\":\"fr-FR\",\"@id\":\"https:\\\/\\\/www.info-algerie.com\\\/actualites\\\/le-president-de-la-republique-nomme-les-membres-du-gouvernement\\\/#primaryimage\",\"url\":\"https:\\\/\\\/www.info-algerie.com\\\/actualites\\\/wp-content\\\/uploads\\\/2017\\\/08\\\/d2b5d99a6cba252f1ab00841c1766b08_S-1.jpg\",\"contentUrl\":\"https:\\\/\\\/www.info-algerie.com\\\/actualites\\\/wp-content\\\/uploads\\\/2017\\\/08\\\/d2b5d99a6cba252f1ab00841c1766b08_S-1.jpg\",\"width\":280,\"height\":208},{\"@type\":\"BreadcrumbList\",\"@id\":\"https:\\\/\\\/www.info-algerie.com\\\/actualites\\\/le-president-de-la-republique-nomme-les-membres-du-gouvernement\\\/#breadcrumb\",\"itemListElement\":[{\"@type\":\"ListItem\",\"position\":1,\"name\":\"Accueil\",\"item\":\"https:\\\/\\\/www.info-algerie.com\\\/actualites\\\/\"},{\"@type\":\"ListItem\",\"position\":2,\"name\":\"Le Pr\u00e9sident de la r\u00e9publique nomme les membres du gouvernement \u00a0\"}]},{\"@type\":\"WebSite\",\"@id\":\"https:\\\/\\\/www.info-algerie.com\\\/actualites\\\/#website\",\"url\":\"https:\\\/\\\/www.info-algerie.com\\\/actualites\\\/\",\"name\":\"info algerie\",\"description\":\"Toutes les actualit\u00e9s\",\"publisher\":{\"@id\":\"https:\\\/\\\/www.info-algerie.com\\\/actualites\\\/#organization\"},\"potentialAction\":[{\"@type\":\"SearchAction\",\"target\":{\"@type\":\"EntryPoint\",\"urlTemplate\":\"https:\\\/\\\/www.info-algerie.com\\\/actualites\\\/?s={search_term_string}\"},\"query-input\":{\"@type\":\"PropertyValueSpecification\",\"valueRequired\":true,\"valueName\":\"search_term_string\"}}],\"inLanguage\":\"fr-FR\"},{\"@type\":\"Organization\",\"@id\":\"https:\\\/\\\/www.info-algerie.com\\\/actualites\\\/#organization\",\"name\":\"info algerie\",\"url\":\"https:\\\/\\\/www.info-algerie.com\\\/actualites\\\/\",\"logo\":{\"@type\":\"ImageObject\",\"inLanguage\":\"fr-FR\",\"@id\":\"https:\\\/\\\/www.info-algerie.com\\\/actualites\\\/#\\\/schema\\\/logo\\\/image\\\/\",\"url\":\"https:\\\/\\\/www.info-algerie.com\\\/actualites\\\/wp-content\\\/uploads\\\/2022\\\/07\\\/logo-ia-120.png\",\"contentUrl\":\"https:\\\/\\\/www.info-algerie.com\\\/actualites\\\/wp-content\\\/uploads\\\/2022\\\/07\\\/logo-ia-120.png\",\"width\":120,\"height\":43,\"caption\":\"info algerie\"},\"image\":{\"@id\":\"https:\\\/\\\/www.info-algerie.com\\\/actualites\\\/#\\\/schema\\\/logo\\\/image\\\/\"},\"sameAs\":[\"https:\\\/\\\/www.facebook.com\\\/infoalgerieactu\",\"https:\\\/\\\/x.com\\\/infoalgerie1\"]},{\"@type\":\"Person\",\"@id\":\"https:\\\/\\\/www.info-algerie.com\\\/actualites\\\/#\\\/schema\\\/person\\\/847aaec44920825b843a08f30ec6aa1e\",\"name\":\"La r\u00e9daction\",\"image\":{\"@type\":\"ImageObject\",\"inLanguage\":\"fr-FR\",\"@id\":\"https:\\\/\\\/secure.gravatar.com\\\/avatar\\\/769db425c6f465158149f1ffd6cf61ce7a8a879d11dfbef8288af36dfddd418c?s=96&d=mm&r=g\",\"url\":\"https:\\\/\\\/secure.gravatar.com\\\/avatar\\\/769db425c6f465158149f1ffd6cf61ce7a8a879d11dfbef8288af36dfddd418c?s=96&d=mm&r=g\",\"contentUrl\":\"https:\\\/\\\/secure.gravatar.com\\\/avatar\\\/769db425c6f465158149f1ffd6cf61ce7a8a879d11dfbef8288af36dfddd418c?s=96&d=mm&r=g\",\"caption\":\"La r\u00e9daction\"},\"sameAs\":[\"http:\\\/\\\/www.lkeria.com\\\/\"],\"url\":\"https:\\\/\\\/www.info-algerie.com\\\/actualites\\\/author\\\/chakib32\\\/\"}]}<\/script>\n<!-- \/ Yoast SEO plugin. -->","yoast_head_json":{"title":"Le Pr\u00e9sident de la r\u00e9publique nomme les membres du gouvernement \u00a0 - info algerie","robots":{"index":"index","follow":"follow","max-snippet":"max-snippet:-1","max-image-preview":"max-image-preview:large","max-video-preview":"max-video-preview:-1"},"canonical":"https:\/\/www.info-algerie.com\/actualites\/le-president-de-la-republique-nomme-les-membres-du-gouvernement\/","og_locale":"fr_FR","og_type":"article","og_title":"Le Pr\u00e9sident de la r\u00e9publique nomme les membres du gouvernement \u00a0 - info algerie","og_description":"ALGER- Le pr\u00e9sident de la r\u00e9publique a nomm\u00e9 jeudi, conform\u00e9ment \u00e0 l&rsquo;article 93 de la Constitution, et apr\u00e8s consultation du Premier ministre, les membres du gouvernement dont la liste se pr\u00e9sente comme suit: &#013; &#013; \u00a0-Premier ministre: Ahmed OUYAHIA &#013; -Vice ministre de la D\u00e9fense, Chef d&rsquo;Etat Major de l&rsquo;ANP, Ahmed GAID SALAH &#013; -Ministre","og_url":"https:\/\/www.info-algerie.com\/actualites\/le-president-de-la-republique-nomme-les-membres-du-gouvernement\/","og_site_name":"info algerie","article_publisher":"https:\/\/www.facebook.com\/infoalgerieactu","article_published_time":"2017-08-17T08:58:19+00:00","og_image":[{"width":280,"height":208,"url":"https:\/\/www.info-algerie.com\/actualites\/wp-content\/uploads\/2017\/08\/d2b5d99a6cba252f1ab00841c1766b08_S-1.jpg","type":"image\/jpeg"}],"author":"La r\u00e9daction","twitter_misc":{"\u00c9crit par":"La r\u00e9daction","Dur\u00e9e de lecture estim\u00e9e":"2 minutes"},"schema":{"@context":"https:\/\/schema.org","@graph":[{"@type":"Article","@id":"https:\/\/www.info-algerie.com\/actualites\/le-president-de-la-republique-nomme-les-membres-du-gouvernement\/#article","isPartOf":{"@id":"https:\/\/www.info-algerie.com\/actualites\/le-president-de-la-republique-nomme-les-membres-du-gouvernement\/"},"author":{"name":"La r\u00e9daction","@id":"https:\/\/www.info-algerie.com\/actualites\/#\/schema\/person\/847aaec44920825b843a08f30ec6aa1e"},"headline":"Le Pr\u00e9sident de la r\u00e9publique nomme les membres du gouvernement \u00a0","datePublished":"2017-08-17T08:58:19+00:00","mainEntityOfPage":{"@id":"https:\/\/www.info-algerie.com\/actualites\/le-president-de-la-republique-nomme-les-membres-du-gouvernement\/"},"wordCount":386,"commentCount":0,"publisher":{"@id":"https:\/\/www.info-algerie.com\/actualites\/#organization"},"image":{"@id":"https:\/\/www.info-algerie.com\/actualites\/le-president-de-la-republique-nomme-les-membres-du-gouvernement\/#primaryimage"},"thumbnailUrl":"https:\/\/www.info-algerie.com\/actualites\/wp-content\/uploads\/2017\/08\/d2b5d99a6cba252f1ab00841c1766b08_S-1.jpg","keywords":["ONU"],"articleSection":["infos"],"inLanguage":"fr-FR","potentialAction":[{"@type":"CommentAction","name":"Comment","target":["https:\/\/www.info-algerie.com\/actualites\/le-president-de-la-republique-nomme-les-membres-du-gouvernement\/#respond"]}]},{"@type":"WebPage","@id":"https:\/\/www.info-algerie.com\/actualites\/le-president-de-la-republique-nomme-les-membres-du-gouvernement\/","url":"https:\/\/www.info-algerie.com\/actualites\/le-president-de-la-republique-nomme-les-membres-du-gouvernement\/","name":"Le Pr\u00e9sident de la r\u00e9publique nomme les membres du gouvernement \u00a0 - info algerie","isPartOf":{"@id":"https:\/\/www.info-algerie.com\/actualites\/#website"},"primaryImageOfPage":{"@id":"https:\/\/www.info-algerie.com\/actualites\/le-president-de-la-republique-nomme-les-membres-du-gouvernement\/#primaryimage"},"image":{"@id":"https:\/\/www.info-algerie.com\/actualites\/le-president-de-la-republique-nomme-les-membres-du-gouvernement\/#primaryimage"},"thumbnailUrl":"https:\/\/www.info-algerie.com\/actualites\/wp-content\/uploads\/2017\/08\/d2b5d99a6cba252f1ab00841c1766b08_S-1.jpg","datePublished":"2017-08-17T08:58:19+00:00","breadcrumb":{"@id":"https:\/\/www.info-algerie.com\/actualites\/le-president-de-la-republique-nomme-les-membres-du-gouvernement\/#breadcrumb"},"inLanguage":"fr-FR","potentialAction":[{"@type":"ReadAction","target":["https:\/\/www.info-algerie.com\/actualites\/le-president-de-la-republique-nomme-les-membres-du-gouvernement\/"]}]},{"@type":"ImageObject","inLanguage":"fr-FR","@id":"https:\/\/www.info-algerie.com\/actualites\/le-president-de-la-republique-nomme-les-membres-du-gouvernement\/#primaryimage","url":"https:\/\/www.info-algerie.com\/actualites\/wp-content\/uploads\/2017\/08\/d2b5d99a6cba252f1ab00841c1766b08_S-1.jpg","contentUrl":"https:\/\/www.info-algerie.com\/actualites\/wp-content\/uploads\/2017\/08\/d2b5d99a6cba252f1ab00841c1766b08_S-1.jpg","width":280,"height":208},{"@type":"BreadcrumbList","@id":"https:\/\/www.info-algerie.com\/actualites\/le-president-de-la-republique-nomme-les-membres-du-gouvernement\/#breadcrumb","itemListElement":[{"@type":"ListItem","position":1,"name":"Accueil","item":"https:\/\/www.info-algerie.com\/actualites\/"},{"@type":"ListItem","position":2,"name":"Le Pr\u00e9sident de la r\u00e9publique nomme les membres du gouvernement \u00a0"}]},{"@type":"WebSite","@id":"https:\/\/www.info-algerie.com\/actualites\/#website","url":"https:\/\/www.info-algerie.com\/actualites\/","name":"info algerie","description":"Toutes les actualit\u00e9s","publisher":{"@id":"https:\/\/www.info-algerie.com\/actualites\/#organization"},"potentialAction":[{"@type":"SearchAction","target":{"@type":"EntryPoint","urlTemplate":"https:\/\/www.info-algerie.com\/actualites\/?s={search_term_string}"},"query-input":{"@type":"PropertyValueSpecification","valueRequired":true,"valueName":"search_term_string"}}],"inLanguage":"fr-FR"},{"@type":"Organization","@id":"https:\/\/www.info-algerie.com\/actualites\/#organization","name":"info algerie","url":"https:\/\/www.info-algerie.com\/actualites\/","logo":{"@type":"ImageObject","inLanguage":"fr-FR","@id":"https:\/\/www.info-algerie.com\/actualites\/#\/schema\/logo\/image\/","url":"https:\/\/www.info-algerie.com\/actualites\/wp-content\/uploads\/2022\/07\/logo-ia-120.png","contentUrl":"https:\/\/www.info-algerie.com\/actualites\/wp-content\/uploads\/2022\/07\/logo-ia-120.png","width":120,"height":43,"caption":"info algerie"},"image":{"@id":"https:\/\/www.info-algerie.com\/actualites\/#\/schema\/logo\/image\/"},"sameAs":["https:\/\/www.facebook.com\/infoalgerieactu","https:\/\/x.com\/infoalgerie1"]},{"@type":"Person","@id":"https:\/\/www.info-algerie.com\/actualites\/#\/schema\/person\/847aaec44920825b843a08f30ec6aa1e","name":"La r\u00e9daction","image":{"@type":"ImageObject","inLanguage":"fr-FR","@id":"https:\/\/secure.gravatar.com\/avatar\/769db425c6f465158149f1ffd6cf61ce7a8a879d11dfbef8288af36dfddd418c?s=96&d=mm&r=g","url":"https:\/\/secure.gravatar.com\/avatar\/769db425c6f465158149f1ffd6cf61ce7a8a879d11dfbef8288af36dfddd418c?s=96&d=mm&r=g","contentUrl":"https:\/\/secure.gravatar.com\/avatar\/769db425c6f465158149f1ffd6cf61ce7a8a879d11dfbef8288af36dfddd418c?s=96&d=mm&r=g","caption":"La r\u00e9daction"},"sameAs":["http:\/\/www.lkeria.com\/"],"url":"https:\/\/www.info-algerie.com\/actualites\/author\/chakib32\/"}]}},"_links":{"self":[{"href":"https:\/\/www.info-algerie.com\/actualites\/wp-json\/wp\/v2\/posts\/15099","targetHints":{"allow":["GET"]}}],"collection":[{"href":"https:\/\/www.info-algerie.com\/actualites\/wp-json\/wp\/v2\/posts"}],"about":[{"href":"https:\/\/www.info-algerie.com\/actualites\/wp-json\/wp\/v2\/types\/post"}],"author":[{"embeddable":true,"href":"https:\/\/www.info-algerie.com\/actualites\/wp-json\/wp\/v2\/users\/6"}],"replies":[{"embeddable":true,"href":"https:\/\/www.info-algerie.com\/actualites\/wp-json\/wp\/v2\/comments?post=15099"}],"version-history":[{"count":0,"href":"https:\/\/www.info-algerie.com\/actualites\/wp-json\/wp\/v2\/posts\/15099\/revisions"}],"wp:featuredmedia":[{"embeddable":true,"href":"https:\/\/www.info-algerie.com\/actualites\/wp-json\/wp\/v2\/media\/15100"}],"wp:attachment":[{"href":"https:\/\/www.info-algerie.com\/actualites\/wp-json\/wp\/v2\/media?parent=15099"}],"wp:term":[{"taxonomy":"category","embeddable":true,"href":"https:\/\/www.info-algerie.com\/actualites\/wp-json\/wp\/v2\/categories?post=15099"},{"taxonomy":"post_tag","embeddable":true,"href":"https:\/\/www.info-algerie.com\/actualites\/wp-json\/wp\/v2\/tags?post=15099"}],"curies":[{"name":"wp","href":"https:\/\/api.w.org\/{rel}","templated":true}]}}