{"id":15102,"date":"2017-08-17T09:31:06","date_gmt":"2017-08-17T08:31:06","guid":{"rendered":"http:\/\/www.info-algerie.com\/actualites\/la-position-de-lalgerie-a-legard-de-la-cause-sahraouie-est-ferme-et-constante\/"},"modified":"2017-08-17T09:31:06","modified_gmt":"2017-08-17T08:31:06","slug":"la-position-de-lalgerie-a-legard-de-la-cause-sahraouie-est-ferme-et-constante","status":"publish","type":"post","link":"https:\/\/www.info-algerie.com\/actualites\/la-position-de-lalgerie-a-legard-de-la-cause-sahraouie-est-ferme-et-constante\/","title":{"rendered":"La position de l&#039;Alg\u00e9rie \u00e0 l&#039;\u00e9gard de la cause sahraouie est ferme et constante"},"content":{"rendered":"<div class=\"K2FeedImage\"><img decoding=\"async\" src=\"https:\/\/www.info-algerie.com\/actualites\/wp-content\/uploads\/2017\/08\/e2bbc5e4246472400e635b172da54425_S.jpg\" alt=\"La position de l'Alg&#xE9;rie &#xE0; l'&#xE9;gard de la cause sahraouie est ferme et constante\" \/><\/div>\n<div class=\"K2FeedIntroText\">\n<p class=\"MsoNoSpacing\">ALGER- Le pr\u00e9sident du conseil national de la R\u00e9publique arabe sahraouie d\u00e9mocratique (RASD), Khatri Addouh, a affirm\u00e9e mercredi \u00e0 Alger que la position de l&rsquo;Alg\u00e9rie \u00e0 l&rsquo;\u00e9gard de la cause\u00a0 sahraouie \u00e9tait \u00ab\u00a0ferme et constante\u00a0\u00bb, mettant l&rsquo;accent sur l&rsquo;importance de l&rsquo;action commune entre les deux pays et la consolidation des relations bilat\u00e9rales dans tous les domaines.<\/p>\n<p>&#013;\n<\/p><\/div>\n<div class=\"K2FeedFullText\">&#013;<\/p>\n<p>A l&rsquo;issue de l&rsquo;audience qu&rsquo;il lui a \u00e9t\u00e9 accord\u00e9e par le pr\u00e9sident du conseil de la nation, Abdelkader Bensalah au si\u00e8ge du conseil, le pr\u00e9sident du parlement sahraoui a d\u00e9clar\u00e9 que \u00ab\u00a0la rencontre avec M. Abdelkader Bensalah est une opportunit\u00e9 pour examiner les questions bilat\u00e9rales et d&rsquo;int\u00e9r\u00eat commun\u00a0\u00bb. Il a indiqu\u00e9 que \u00ab\u00a0les derniers d\u00e9veloppements de la question sahraouie ont \u00e9t\u00e9 au centre des discussions\u00a0\u00bb.<\/p>\n<p>&#013;<\/p>\n<p>La position de l&rsquo;Alg\u00e9rie concernant la cause sahraouie est \u00ab\u00a0ferme et constante en toutes circonstances\u00a0\u00bb, a-t-il dit, soulignant l&rsquo;importance de l&rsquo;action commune entre l&rsquo;Alg\u00e9rie et le Sahara occidental et la consolidation des relations bilat\u00e9rales entre les deux pays dans tous les domaines.<\/p>\n<p>&#013;<\/p>\n<p>Il a en outre pr\u00e9cis\u00e9 avoir examin\u00e9 avec le pr\u00e9sident du conseil de la nation, les relations bilat\u00e9rales historiques et les moyens de les raffermir et de les consolider, ainsi que les prochains plans d&rsquo;action des deux institutions alg\u00e9rienne et sahraouie. \u00ab\u00a0Nos deux pays sont li\u00e9s par des actions communes au service des peuples de la r\u00e9gion et en faveur de la paix \u00ab\u00a0.<\/p>\n<\/div>\n<p>&#013;<br \/>\nSource: <a href=\"http:\/\/www.aps.dz\/algerie\/61813-la-position-de-l-algerie-a-l-egard-de-la-cause-sahraouie-est-ferme-et-constante\" target=\"_blank\">La position de l&rsquo;Alg\u00e9rie \u00e0 l&rsquo;\u00e9gard de la cause sahraouie est ferme et constante<\/a><\/p>\n<!--CusAds0-->\n<div style=\"font-size: 0px; height: 0px; line-height: 0px; margin: 0; padding: 0; clear: both;\"><\/div>","protected":false},"excerpt":{"rendered":"<p>ALGER- Le pr\u00e9sident du conseil national de la R\u00e9publique arabe sahraouie d\u00e9mocratique (RASD), Khatri Addouh, a affirm\u00e9e mercredi \u00e0 Alger que la position de l&rsquo;Alg\u00e9rie \u00e0 l&rsquo;\u00e9gard de la cause\u00a0 sahraouie \u00e9tait \u00ab\u00a0ferme et constante\u00a0\u00bb, mettant l&rsquo;accent sur l&rsquo;importance de l&rsquo;action commune entre les deux pays et la consolidation des relations bilat\u00e9rales dans tous les<\/p>\n","protected":false},"author":6,"featured_media":15103,"comment_status":"open","ping_status":"open","sticky":false,"template":"","format":"standard","meta":{"footnotes":""},"categories":[22],"tags":[93],"class_list":["post-15102","post","type-post","status-publish","format-standard","has-post-thumbnail","hentry","category-infos","tag-onu"],"yoast_head":"<!-- This site is optimized with the Yoast SEO plugin v27.5 - https:\/\/yoast.com\/product\/yoast-seo-wordpress\/ -->\n<title>La position de l&#039;Alg\u00e9rie \u00e0 l&#039;\u00e9gard de la cause sahraouie est ferme et constante - info algerie<\/title>\n<meta name=\"robots\" content=\"index, follow, max-snippet:-1, max-image-preview:large, max-video-preview:-1\" \/>\n<link rel=\"canonical\" href=\"https:\/\/www.info-algerie.com\/actualites\/la-position-de-lalgerie-a-legard-de-la-cause-sahraouie-est-ferme-et-constante\/\" \/>\n<meta property=\"og:locale\" content=\"fr_FR\" \/>\n<meta property=\"og:type\" content=\"article\" \/>\n<meta property=\"og:title\" content=\"La position de l&#039;Alg\u00e9rie \u00e0 l&#039;\u00e9gard de la cause sahraouie est ferme et constante - info algerie\" \/>\n<meta property=\"og:description\" content=\"ALGER- Le pr\u00e9sident du conseil national de la R\u00e9publique arabe sahraouie d\u00e9mocratique (RASD), Khatri Addouh, a affirm\u00e9e mercredi \u00e0 Alger que la position de l&rsquo;Alg\u00e9rie \u00e0 l&rsquo;\u00e9gard de la cause\u00a0 sahraouie \u00e9tait \u00ab\u00a0ferme et constante\u00a0\u00bb, mettant l&rsquo;accent sur l&rsquo;importance de l&rsquo;action commune entre les deux pays et la consolidation des relations bilat\u00e9rales dans tous les\" \/>\n<meta property=\"og:url\" content=\"https:\/\/www.info-algerie.com\/actualites\/la-position-de-lalgerie-a-legard-de-la-cause-sahraouie-est-ferme-et-constante\/\" \/>\n<meta property=\"og:site_name\" content=\"info algerie\" \/>\n<meta property=\"article:publisher\" content=\"https:\/\/www.facebook.com\/infoalgerieactu\" \/>\n<meta property=\"article:published_time\" content=\"2017-08-17T08:31:06+00:00\" \/>\n<meta property=\"og:image\" content=\"https:\/\/www.info-algerie.com\/actualites\/wp-content\/uploads\/2017\/08\/e2bbc5e4246472400e635b172da54425_S-1.jpg\" \/>\n\t<meta property=\"og:image:width\" content=\"280\" \/>\n\t<meta property=\"og:image:height\" content=\"186\" \/>\n\t<meta property=\"og:image:type\" content=\"image\/jpeg\" \/>\n<meta name=\"author\" content=\"La r\u00e9daction\" \/>\n<meta name=\"twitter:label1\" content=\"\u00c9crit par\" \/>\n\t<meta name=\"twitter:data1\" content=\"La r\u00e9daction\" \/>\n\t<meta name=\"twitter:label2\" content=\"Dur\u00e9e de lecture estim\u00e9e\" \/>\n\t<meta name=\"twitter:data2\" content=\"1 minute\" \/>\n<script type=\"application\/ld+json\" class=\"yoast-schema-graph\">{\"@context\":\"https:\\\/\\\/schema.org\",\"@graph\":[{\"@type\":\"Article\",\"@id\":\"https:\\\/\\\/www.info-algerie.com\\\/actualites\\\/la-position-de-lalgerie-a-legard-de-la-cause-sahraouie-est-ferme-et-constante\\\/#article\",\"isPartOf\":{\"@id\":\"https:\\\/\\\/www.info-algerie.com\\\/actualites\\\/la-position-de-lalgerie-a-legard-de-la-cause-sahraouie-est-ferme-et-constante\\\/\"},\"author\":{\"name\":\"La r\u00e9daction\",\"@id\":\"https:\\\/\\\/www.info-algerie.com\\\/actualites\\\/#\\\/schema\\\/person\\\/847aaec44920825b843a08f30ec6aa1e\"},\"headline\":\"La position de l&#039;Alg\u00e9rie \u00e0 l&#039;\u00e9gard de la cause sahraouie est ferme et constante\",\"datePublished\":\"2017-08-17T08:31:06+00:00\",\"mainEntityOfPage\":{\"@id\":\"https:\\\/\\\/www.info-algerie.com\\\/actualites\\\/la-position-de-lalgerie-a-legard-de-la-cause-sahraouie-est-ferme-et-constante\\\/\"},\"wordCount\":295,\"commentCount\":0,\"publisher\":{\"@id\":\"https:\\\/\\\/www.info-algerie.com\\\/actualites\\\/#organization\"},\"image\":{\"@id\":\"https:\\\/\\\/www.info-algerie.com\\\/actualites\\\/la-position-de-lalgerie-a-legard-de-la-cause-sahraouie-est-ferme-et-constante\\\/#primaryimage\"},\"thumbnailUrl\":\"https:\\\/\\\/www.info-algerie.com\\\/actualites\\\/wp-content\\\/uploads\\\/2017\\\/08\\\/e2bbc5e4246472400e635b172da54425_S-1.jpg\",\"keywords\":[\"ONU\"],\"articleSection\":[\"infos\"],\"inLanguage\":\"fr-FR\",\"potentialAction\":[{\"@type\":\"CommentAction\",\"name\":\"Comment\",\"target\":[\"https:\\\/\\\/www.info-algerie.com\\\/actualites\\\/la-position-de-lalgerie-a-legard-de-la-cause-sahraouie-est-ferme-et-constante\\\/#respond\"]}]},{\"@type\":\"WebPage\",\"@id\":\"https:\\\/\\\/www.info-algerie.com\\\/actualites\\\/la-position-de-lalgerie-a-legard-de-la-cause-sahraouie-est-ferme-et-constante\\\/\",\"url\":\"https:\\\/\\\/www.info-algerie.com\\\/actualites\\\/la-position-de-lalgerie-a-legard-de-la-cause-sahraouie-est-ferme-et-constante\\\/\",\"name\":\"La position de l&#039;Alg\u00e9rie \u00e0 l&#039;\u00e9gard de la cause sahraouie est ferme et constante - info algerie\",\"isPartOf\":{\"@id\":\"https:\\\/\\\/www.info-algerie.com\\\/actualites\\\/#website\"},\"primaryImageOfPage\":{\"@id\":\"https:\\\/\\\/www.info-algerie.com\\\/actualites\\\/la-position-de-lalgerie-a-legard-de-la-cause-sahraouie-est-ferme-et-constante\\\/#primaryimage\"},\"image\":{\"@id\":\"https:\\\/\\\/www.info-algerie.com\\\/actualites\\\/la-position-de-lalgerie-a-legard-de-la-cause-sahraouie-est-ferme-et-constante\\\/#primaryimage\"},\"thumbnailUrl\":\"https:\\\/\\\/www.info-algerie.com\\\/actualites\\\/wp-content\\\/uploads\\\/2017\\\/08\\\/e2bbc5e4246472400e635b172da54425_S-1.jpg\",\"datePublished\":\"2017-08-17T08:31:06+00:00\",\"breadcrumb\":{\"@id\":\"https:\\\/\\\/www.info-algerie.com\\\/actualites\\\/la-position-de-lalgerie-a-legard-de-la-cause-sahraouie-est-ferme-et-constante\\\/#breadcrumb\"},\"inLanguage\":\"fr-FR\",\"potentialAction\":[{\"@type\":\"ReadAction\",\"target\":[\"https:\\\/\\\/www.info-algerie.com\\\/actualites\\\/la-position-de-lalgerie-a-legard-de-la-cause-sahraouie-est-ferme-et-constante\\\/\"]}]},{\"@type\":\"ImageObject\",\"inLanguage\":\"fr-FR\",\"@id\":\"https:\\\/\\\/www.info-algerie.com\\\/actualites\\\/la-position-de-lalgerie-a-legard-de-la-cause-sahraouie-est-ferme-et-constante\\\/#primaryimage\",\"url\":\"https:\\\/\\\/www.info-algerie.com\\\/actualites\\\/wp-content\\\/uploads\\\/2017\\\/08\\\/e2bbc5e4246472400e635b172da54425_S-1.jpg\",\"contentUrl\":\"https:\\\/\\\/www.info-algerie.com\\\/actualites\\\/wp-content\\\/uploads\\\/2017\\\/08\\\/e2bbc5e4246472400e635b172da54425_S-1.jpg\",\"width\":280,\"height\":186},{\"@type\":\"BreadcrumbList\",\"@id\":\"https:\\\/\\\/www.info-algerie.com\\\/actualites\\\/la-position-de-lalgerie-a-legard-de-la-cause-sahraouie-est-ferme-et-constante\\\/#breadcrumb\",\"itemListElement\":[{\"@type\":\"ListItem\",\"position\":1,\"name\":\"Accueil\",\"item\":\"https:\\\/\\\/www.info-algerie.com\\\/actualites\\\/\"},{\"@type\":\"ListItem\",\"position\":2,\"name\":\"La position de l&#039;Alg\u00e9rie \u00e0 l&#039;\u00e9gard de la cause sahraouie est ferme et constante\"}]},{\"@type\":\"WebSite\",\"@id\":\"https:\\\/\\\/www.info-algerie.com\\\/actualites\\\/#website\",\"url\":\"https:\\\/\\\/www.info-algerie.com\\\/actualites\\\/\",\"name\":\"info algerie\",\"description\":\"Toutes les actualit\u00e9s\",\"publisher\":{\"@id\":\"https:\\\/\\\/www.info-algerie.com\\\/actualites\\\/#organization\"},\"potentialAction\":[{\"@type\":\"SearchAction\",\"target\":{\"@type\":\"EntryPoint\",\"urlTemplate\":\"https:\\\/\\\/www.info-algerie.com\\\/actualites\\\/?s={search_term_string}\"},\"query-input\":{\"@type\":\"PropertyValueSpecification\",\"valueRequired\":true,\"valueName\":\"search_term_string\"}}],\"inLanguage\":\"fr-FR\"},{\"@type\":\"Organization\",\"@id\":\"https:\\\/\\\/www.info-algerie.com\\\/actualites\\\/#organization\",\"name\":\"info algerie\",\"url\":\"https:\\\/\\\/www.info-algerie.com\\\/actualites\\\/\",\"logo\":{\"@type\":\"ImageObject\",\"inLanguage\":\"fr-FR\",\"@id\":\"https:\\\/\\\/www.info-algerie.com\\\/actualites\\\/#\\\/schema\\\/logo\\\/image\\\/\",\"url\":\"https:\\\/\\\/www.info-algerie.com\\\/actualites\\\/wp-content\\\/uploads\\\/2022\\\/07\\\/logo-ia-120.png\",\"contentUrl\":\"https:\\\/\\\/www.info-algerie.com\\\/actualites\\\/wp-content\\\/uploads\\\/2022\\\/07\\\/logo-ia-120.png\",\"width\":120,\"height\":43,\"caption\":\"info algerie\"},\"image\":{\"@id\":\"https:\\\/\\\/www.info-algerie.com\\\/actualites\\\/#\\\/schema\\\/logo\\\/image\\\/\"},\"sameAs\":[\"https:\\\/\\\/www.facebook.com\\\/infoalgerieactu\",\"https:\\\/\\\/x.com\\\/infoalgerie1\"]},{\"@type\":\"Person\",\"@id\":\"https:\\\/\\\/www.info-algerie.com\\\/actualites\\\/#\\\/schema\\\/person\\\/847aaec44920825b843a08f30ec6aa1e\",\"name\":\"La r\u00e9daction\",\"image\":{\"@type\":\"ImageObject\",\"inLanguage\":\"fr-FR\",\"@id\":\"https:\\\/\\\/secure.gravatar.com\\\/avatar\\\/769db425c6f465158149f1ffd6cf61ce7a8a879d11dfbef8288af36dfddd418c?s=96&d=mm&r=g\",\"url\":\"https:\\\/\\\/secure.gravatar.com\\\/avatar\\\/769db425c6f465158149f1ffd6cf61ce7a8a879d11dfbef8288af36dfddd418c?s=96&d=mm&r=g\",\"contentUrl\":\"https:\\\/\\\/secure.gravatar.com\\\/avatar\\\/769db425c6f465158149f1ffd6cf61ce7a8a879d11dfbef8288af36dfddd418c?s=96&d=mm&r=g\",\"caption\":\"La r\u00e9daction\"},\"sameAs\":[\"http:\\\/\\\/www.lkeria.com\\\/\"],\"url\":\"https:\\\/\\\/www.info-algerie.com\\\/actualites\\\/author\\\/chakib32\\\/\"}]}<\/script>\n<!-- \/ Yoast SEO plugin. -->","yoast_head_json":{"title":"La position de l&#039;Alg\u00e9rie \u00e0 l&#039;\u00e9gard de la cause sahraouie est ferme et constante - info algerie","robots":{"index":"index","follow":"follow","max-snippet":"max-snippet:-1","max-image-preview":"max-image-preview:large","max-video-preview":"max-video-preview:-1"},"canonical":"https:\/\/www.info-algerie.com\/actualites\/la-position-de-lalgerie-a-legard-de-la-cause-sahraouie-est-ferme-et-constante\/","og_locale":"fr_FR","og_type":"article","og_title":"La position de l&#039;Alg\u00e9rie \u00e0 l&#039;\u00e9gard de la cause sahraouie est ferme et constante - info algerie","og_description":"ALGER- Le pr\u00e9sident du conseil national de la R\u00e9publique arabe sahraouie d\u00e9mocratique (RASD), Khatri Addouh, a affirm\u00e9e mercredi \u00e0 Alger que la position de l&rsquo;Alg\u00e9rie \u00e0 l&rsquo;\u00e9gard de la cause\u00a0 sahraouie \u00e9tait \u00ab\u00a0ferme et constante\u00a0\u00bb, mettant l&rsquo;accent sur l&rsquo;importance de l&rsquo;action commune entre les deux pays et la consolidation des relations bilat\u00e9rales dans tous les","og_url":"https:\/\/www.info-algerie.com\/actualites\/la-position-de-lalgerie-a-legard-de-la-cause-sahraouie-est-ferme-et-constante\/","og_site_name":"info algerie","article_publisher":"https:\/\/www.facebook.com\/infoalgerieactu","article_published_time":"2017-08-17T08:31:06+00:00","og_image":[{"width":280,"height":186,"url":"https:\/\/www.info-algerie.com\/actualites\/wp-content\/uploads\/2017\/08\/e2bbc5e4246472400e635b172da54425_S-1.jpg","type":"image\/jpeg"}],"author":"La r\u00e9daction","twitter_misc":{"\u00c9crit par":"La r\u00e9daction","Dur\u00e9e de lecture estim\u00e9e":"1 minute"},"schema":{"@context":"https:\/\/schema.org","@graph":[{"@type":"Article","@id":"https:\/\/www.info-algerie.com\/actualites\/la-position-de-lalgerie-a-legard-de-la-cause-sahraouie-est-ferme-et-constante\/#article","isPartOf":{"@id":"https:\/\/www.info-algerie.com\/actualites\/la-position-de-lalgerie-a-legard-de-la-cause-sahraouie-est-ferme-et-constante\/"},"author":{"name":"La r\u00e9daction","@id":"https:\/\/www.info-algerie.com\/actualites\/#\/schema\/person\/847aaec44920825b843a08f30ec6aa1e"},"headline":"La position de l&#039;Alg\u00e9rie \u00e0 l&#039;\u00e9gard de la cause sahraouie est ferme et constante","datePublished":"2017-08-17T08:31:06+00:00","mainEntityOfPage":{"@id":"https:\/\/www.info-algerie.com\/actualites\/la-position-de-lalgerie-a-legard-de-la-cause-sahraouie-est-ferme-et-constante\/"},"wordCount":295,"commentCount":0,"publisher":{"@id":"https:\/\/www.info-algerie.com\/actualites\/#organization"},"image":{"@id":"https:\/\/www.info-algerie.com\/actualites\/la-position-de-lalgerie-a-legard-de-la-cause-sahraouie-est-ferme-et-constante\/#primaryimage"},"thumbnailUrl":"https:\/\/www.info-algerie.com\/actualites\/wp-content\/uploads\/2017\/08\/e2bbc5e4246472400e635b172da54425_S-1.jpg","keywords":["ONU"],"articleSection":["infos"],"inLanguage":"fr-FR","potentialAction":[{"@type":"CommentAction","name":"Comment","target":["https:\/\/www.info-algerie.com\/actualites\/la-position-de-lalgerie-a-legard-de-la-cause-sahraouie-est-ferme-et-constante\/#respond"]}]},{"@type":"WebPage","@id":"https:\/\/www.info-algerie.com\/actualites\/la-position-de-lalgerie-a-legard-de-la-cause-sahraouie-est-ferme-et-constante\/","url":"https:\/\/www.info-algerie.com\/actualites\/la-position-de-lalgerie-a-legard-de-la-cause-sahraouie-est-ferme-et-constante\/","name":"La position de l&#039;Alg\u00e9rie \u00e0 l&#039;\u00e9gard de la cause sahraouie est ferme et constante - info algerie","isPartOf":{"@id":"https:\/\/www.info-algerie.com\/actualites\/#website"},"primaryImageOfPage":{"@id":"https:\/\/www.info-algerie.com\/actualites\/la-position-de-lalgerie-a-legard-de-la-cause-sahraouie-est-ferme-et-constante\/#primaryimage"},"image":{"@id":"https:\/\/www.info-algerie.com\/actualites\/la-position-de-lalgerie-a-legard-de-la-cause-sahraouie-est-ferme-et-constante\/#primaryimage"},"thumbnailUrl":"https:\/\/www.info-algerie.com\/actualites\/wp-content\/uploads\/2017\/08\/e2bbc5e4246472400e635b172da54425_S-1.jpg","datePublished":"2017-08-17T08:31:06+00:00","breadcrumb":{"@id":"https:\/\/www.info-algerie.com\/actualites\/la-position-de-lalgerie-a-legard-de-la-cause-sahraouie-est-ferme-et-constante\/#breadcrumb"},"inLanguage":"fr-FR","potentialAction":[{"@type":"ReadAction","target":["https:\/\/www.info-algerie.com\/actualites\/la-position-de-lalgerie-a-legard-de-la-cause-sahraouie-est-ferme-et-constante\/"]}]},{"@type":"ImageObject","inLanguage":"fr-FR","@id":"https:\/\/www.info-algerie.com\/actualites\/la-position-de-lalgerie-a-legard-de-la-cause-sahraouie-est-ferme-et-constante\/#primaryimage","url":"https:\/\/www.info-algerie.com\/actualites\/wp-content\/uploads\/2017\/08\/e2bbc5e4246472400e635b172da54425_S-1.jpg","contentUrl":"https:\/\/www.info-algerie.com\/actualites\/wp-content\/uploads\/2017\/08\/e2bbc5e4246472400e635b172da54425_S-1.jpg","width":280,"height":186},{"@type":"BreadcrumbList","@id":"https:\/\/www.info-algerie.com\/actualites\/la-position-de-lalgerie-a-legard-de-la-cause-sahraouie-est-ferme-et-constante\/#breadcrumb","itemListElement":[{"@type":"ListItem","position":1,"name":"Accueil","item":"https:\/\/www.info-algerie.com\/actualites\/"},{"@type":"ListItem","position":2,"name":"La position de l&#039;Alg\u00e9rie \u00e0 l&#039;\u00e9gard de la cause sahraouie est ferme et constante"}]},{"@type":"WebSite","@id":"https:\/\/www.info-algerie.com\/actualites\/#website","url":"https:\/\/www.info-algerie.com\/actualites\/","name":"info algerie","description":"Toutes les actualit\u00e9s","publisher":{"@id":"https:\/\/www.info-algerie.com\/actualites\/#organization"},"potentialAction":[{"@type":"SearchAction","target":{"@type":"EntryPoint","urlTemplate":"https:\/\/www.info-algerie.com\/actualites\/?s={search_term_string}"},"query-input":{"@type":"PropertyValueSpecification","valueRequired":true,"valueName":"search_term_string"}}],"inLanguage":"fr-FR"},{"@type":"Organization","@id":"https:\/\/www.info-algerie.com\/actualites\/#organization","name":"info algerie","url":"https:\/\/www.info-algerie.com\/actualites\/","logo":{"@type":"ImageObject","inLanguage":"fr-FR","@id":"https:\/\/www.info-algerie.com\/actualites\/#\/schema\/logo\/image\/","url":"https:\/\/www.info-algerie.com\/actualites\/wp-content\/uploads\/2022\/07\/logo-ia-120.png","contentUrl":"https:\/\/www.info-algerie.com\/actualites\/wp-content\/uploads\/2022\/07\/logo-ia-120.png","width":120,"height":43,"caption":"info algerie"},"image":{"@id":"https:\/\/www.info-algerie.com\/actualites\/#\/schema\/logo\/image\/"},"sameAs":["https:\/\/www.facebook.com\/infoalgerieactu","https:\/\/x.com\/infoalgerie1"]},{"@type":"Person","@id":"https:\/\/www.info-algerie.com\/actualites\/#\/schema\/person\/847aaec44920825b843a08f30ec6aa1e","name":"La r\u00e9daction","image":{"@type":"ImageObject","inLanguage":"fr-FR","@id":"https:\/\/secure.gravatar.com\/avatar\/769db425c6f465158149f1ffd6cf61ce7a8a879d11dfbef8288af36dfddd418c?s=96&d=mm&r=g","url":"https:\/\/secure.gravatar.com\/avatar\/769db425c6f465158149f1ffd6cf61ce7a8a879d11dfbef8288af36dfddd418c?s=96&d=mm&r=g","contentUrl":"https:\/\/secure.gravatar.com\/avatar\/769db425c6f465158149f1ffd6cf61ce7a8a879d11dfbef8288af36dfddd418c?s=96&d=mm&r=g","caption":"La r\u00e9daction"},"sameAs":["http:\/\/www.lkeria.com\/"],"url":"https:\/\/www.info-algerie.com\/actualites\/author\/chakib32\/"}]}},"_links":{"self":[{"href":"https:\/\/www.info-algerie.com\/actualites\/wp-json\/wp\/v2\/posts\/15102","targetHints":{"allow":["GET"]}}],"collection":[{"href":"https:\/\/www.info-algerie.com\/actualites\/wp-json\/wp\/v2\/posts"}],"about":[{"href":"https:\/\/www.info-algerie.com\/actualites\/wp-json\/wp\/v2\/types\/post"}],"author":[{"embeddable":true,"href":"https:\/\/www.info-algerie.com\/actualites\/wp-json\/wp\/v2\/users\/6"}],"replies":[{"embeddable":true,"href":"https:\/\/www.info-algerie.com\/actualites\/wp-json\/wp\/v2\/comments?post=15102"}],"version-history":[{"count":0,"href":"https:\/\/www.info-algerie.com\/actualites\/wp-json\/wp\/v2\/posts\/15102\/revisions"}],"wp:featuredmedia":[{"embeddable":true,"href":"https:\/\/www.info-algerie.com\/actualites\/wp-json\/wp\/v2\/media\/15103"}],"wp:attachment":[{"href":"https:\/\/www.info-algerie.com\/actualites\/wp-json\/wp\/v2\/media?parent=15102"}],"wp:term":[{"taxonomy":"category","embeddable":true,"href":"https:\/\/www.info-algerie.com\/actualites\/wp-json\/wp\/v2\/categories?post=15102"},{"taxonomy":"post_tag","embeddable":true,"href":"https:\/\/www.info-algerie.com\/actualites\/wp-json\/wp\/v2\/tags?post=15102"}],"curies":[{"name":"wp","href":"https:\/\/api.w.org\/{rel}","templated":true}]}}